{"id":56985,"date":"2024-05-03T07:01:56","date_gmt":"2024-05-03T05:01:56","guid":{"rendered":"https:\/\/www.immobilienbusiness.ch\/?p=56985"},"modified":"2024-08-21T07:01:16","modified_gmt":"2024-08-21T05:01:16","slug":"fondation-equitim-neue-anlagegruppe-fuer-transitionsimmobilien-bis-ende-jahr-sollen-100-millionen-franken-eingesammelt-werden","status":"publish","type":"post","link":"https:\/\/www.immobilienbusiness.ch\/fr\/unternehmen\/2024-05-03\/fondation-equitim-neue-anlagegruppe-fuer-transitionsimmobilien-bis-ende-jahr-sollen-100-millionen-franken-eingesammelt-werden\/","title":{"rendered":"Fondation Equitim : nouveau groupe de placement pour l'immobilier de transition"},"content":{"rendered":"<figure id=\"attachment_13435\" aria-describedby=\"caption-attachment-13435\" style=\"width: 1000px\" class=\"wp-caption alignnone\"><a href=\"https:\/\/www.immobilienbusiness.ch\/wp-content\/uploads\/2018\/07\/Depositphotos_43336157_m-2015.jpg\"><img loading=\"lazy\" decoding=\"async\" class=\"wp-image-13435 size-full\" src=\"https:\/\/www.immobilienbusiness.ch\/wp-content\/uploads\/2018\/07\/Depositphotos_43336157_m-2015.jpg\" alt=\"Fondation Equitim Transition\" width=\"1000\" height=\"667\" srcset=\"https:\/\/www.immobilienbusiness.ch\/wp-content\/uploads\/2018\/07\/Depositphotos_43336157_m-2015.jpg 1000w, https:\/\/www.immobilienbusiness.ch\/wp-content\/uploads\/2018\/07\/Depositphotos_43336157_m-2015-300x200.jpg 300w, https:\/\/www.immobilienbusiness.ch\/wp-content\/uploads\/2018\/07\/Depositphotos_43336157_m-2015-768x512.jpg 768w, https:\/\/www.immobilienbusiness.ch\/wp-content\/uploads\/2018\/07\/Depositphotos_43336157_m-2015-16x12.jpg 16w, https:\/\/www.immobilienbusiness.ch\/wp-content\/uploads\/2018\/07\/Depositphotos_43336157_m-2015-262x175.jpg 262w, https:\/\/www.immobilienbusiness.ch\/wp-content\/uploads\/2018\/07\/Depositphotos_43336157_m-2015-525x350.jpg 525w, https:\/\/www.immobilienbusiness.ch\/wp-content\/uploads\/2018\/07\/Depositphotos_43336157_m-2015-920x614.jpg 920w\" sizes=\"auto, (max-width: 1000px) 100vw, 1000px\" \/><\/a><figcaption id=\"caption-attachment-13435\" class=\"wp-caption-text\">Un nouveau groupe d'investissement veut rendre l'immobilier plus vert (Image : Depositphotos)<\/figcaption><\/figure>\n<p>Un nouveau groupe de placement pour les immeubles \u00e0 r\u00e9nover est lanc\u00e9. Sous le nom de \"Transition\", 100 millions de francs suisses de capitaux propres doivent \u00eatre collect\u00e9s pour la Fondation Equitim. La p\u00e9riode de souscription initiale se termine le 31 d\u00e9cembre. Un premier closing est pr\u00e9vu pour cet \u00e9t\u00e9. Ce groupe de placement est g\u00e9r\u00e9 par la soci\u00e9t\u00e9 Fundim SA, qui a d\u00e9velopp\u00e9 \u00e0 ce jour plus de 40 projets d'une valeur de plus d'un milliard de CHF. Le capital lev\u00e9 servira \u00e0 acqu\u00e9rir un portefeuille d'immeubles d'habitation en Suisse romande d'une valeur d'environ 90 millions de CHF, qui seront ensuite r\u00e9nov\u00e9s et assainis sur le plan \u00e9nerg\u00e9tique. Les ann\u00e9es de construction se situent principalement dans les ann\u00e9es 1950 et 1960, le b\u00e2timent le plus r\u00e9cent date de 1989.<\/p>\n<p>L'objectif est d'atteindre un volume de 300 millions de CHF d'ici fin 2029. \"La Fondation Equitim b\u00e9n\u00e9ficie de relations \u00e9troites avec toutes les collectivit\u00e9s publiques ainsi que d'un r\u00e9seau de particuliers int\u00e9ress\u00e9s \u00e0 r\u00e9aliser des acquisitions en pleine propri\u00e9t\u00e9 ou en droit de superficie\", indique un communiqu\u00e9. En outre, le march\u00e9 offre actuellement de nombreuses opportunit\u00e9s, la pression politique en faveur de la r\u00e9novation \u00e9nerg\u00e9tique obligeant les bailleurs qui ne disposent pas des comp\u00e9tences n\u00e9cessaires \u00e0 vendre leurs biens. Pour l'allocation d'actifs, Fundim SA est conseill\u00e9e par Imvestir Partners SA, sp\u00e9cialis\u00e9e dans l'analyse des placements immobiliers indirects suisses et notamment des produits non cot\u00e9s.<\/p>\n<h3>R\u00e9novation jusqu'\u00e0 25% de la valeur d'achat<\/h3>\n<p>Au cours des dix premi\u00e8res ann\u00e9es d'existence, le groupe de placement doit \u00eatre guid\u00e9 par une strat\u00e9gie de plus-value ; une fois les immeubles stabilis\u00e9s, une strat\u00e9gie \"core\" est pr\u00e9vue. Le profil d'achat mise sur des immeubles d'habitation de 5 millions \u00e0 20 millions de CHF avec un rendement brut compris entre 4,5% et 5%. Les immeubles doivent se situer \u00e0 70% dans les cantons de Vaud, Gen\u00e8ve, Fribourg et Neuch\u00e2tel et pr\u00e9senter un fort potentiel de r\u00e9duction des \u00e9missions de CO2. En outre, les travaux effectu\u00e9s dans les b\u00e2timents doivent soutenir l'\u00e9conomie locale. Il est \u00e9galement souhaitable que les loyers soient inf\u00e9rieurs au niveau du march\u00e9 et pr\u00e9sentent donc un potentiel \u00e9lev\u00e9. Dans un d\u00e9lai de 10 \u00e0 15 ans, 20 \u00e0 25% de la valeur d'achat doivent \u00eatre investis dans la transition \u00e9nerg\u00e9tique et \u00e9conomique du b\u00e2timent. <em>(aw)<\/em><\/p>\n<p>&nbsp;<\/p>","protected":false},"excerpt":{"rendered":"<p>Les biens immobiliers plus anciens pr\u00e9sentant un potentiel \u00e9lev\u00e9 de r\u00e9novation et de plus-value doivent \u00eatre am\u00e9lior\u00e9s sur le plan \u00e9nerg\u00e9tique.<\/p>","protected":false},"author":102,"featured_media":13435,"comment_status":"closed","ping_status":"closed","sticky":false,"template":"","format":"standard","meta":{"_acf_changed":false,"_yoast_wpseo_focuskw":"Fondation Equitim Transition","_yoast_wpseo_title":"","_yoast_wpseo_metadesc":"Neue Anlagegruppe \u00abTransition\u00bb sammelt 100 Mio. CHF f\u00fcr sanierungsbed\u00fcrftige Immobilien, Ziel: 300 Mio. CHF bis 2029, energetische Sanierungen geplant.","_yoast_wpseo_linkdex":63,"pgc_sgb_lightbox_settings":"","footnotes":""},"categories":[988],"tags":[3622],"class_list":["post-56985","post","type-post","status-publish","format-standard","has-post-thumbnail","hentry","category-unternehmen","tag-fundim-sa"],"acf":[],"yoast_head":"<!-- This site is optimized with the Yoast SEO plugin v27.5 - https:\/\/yoast.com\/product\/yoast-seo-wordpress\/ -->\n<title>Fondation Equitim: Neue Anlagegruppe f\u00fcr Transitionsimmobilien - IMMOBILIEN Business<\/title>\n<meta name=\"description\" content=\"Neue Anlagegruppe \u00abTransition\u00bb sammelt 100 Mio. CHF f\u00fcr sanierungsbed\u00fcrftige Immobilien, Ziel: 300 Mio. CHF bis 2029, energetische Sanierungen geplant.\" \/>\n<meta name=\"robots\" content=\"index, follow, max-snippet:-1, max-image-preview:large, max-video-preview:-1\" \/>\n<link rel=\"canonical\" href=\"https:\/\/www.immobilienbusiness.ch\/fr\/unternehmen\/2024-05-03\/fondation-equitim-neue-anlagegruppe-fuer-transitionsimmobilien-bis-ende-jahr-sollen-100-millionen-franken-eingesammelt-werden\/\" \/>\n<meta property=\"og:locale\" content=\"fr_FR\" \/>\n<meta property=\"og:type\" content=\"article\" \/>\n<meta property=\"og:title\" content=\"Fondation Equitim: Neue Anlagegruppe f\u00fcr Transitionsimmobilien - IMMOBILIEN Business\" \/>\n<meta property=\"og:description\" content=\"Neue Anlagegruppe \u00abTransition\u00bb sammelt 100 Mio. CHF f\u00fcr sanierungsbed\u00fcrftige Immobilien, Ziel: 300 Mio. CHF bis 2029, energetische Sanierungen geplant.\" \/>\n<meta property=\"og:url\" content=\"https:\/\/www.immobilienbusiness.ch\/fr\/unternehmen\/2024-05-03\/fondation-equitim-neue-anlagegruppe-fuer-transitionsimmobilien-bis-ende-jahr-sollen-100-millionen-franken-eingesammelt-werden\/\" \/>\n<meta property=\"og:site_name\" content=\"IMMOBILIEN Business\" \/>\n<meta property=\"article:publisher\" content=\"https:\/\/www.facebook.com\/immobilienbusiness\/\" \/>\n<meta property=\"article:published_time\" content=\"2024-05-03T05:01:56+00:00\" \/>\n<meta property=\"article:modified_time\" content=\"2024-08-21T05:01:16+00:00\" \/>\n<meta property=\"og:image\" content=\"https:\/\/www.immobilienbusiness.ch\/wp-content\/uploads\/2018\/07\/Depositphotos_43336157_m-2015.jpg\" \/>\n\t<meta property=\"og:image:width\" content=\"1000\" \/>\n\t<meta property=\"og:image:height\" content=\"667\" \/>\n\t<meta property=\"og:image:type\" content=\"image\/jpeg\" \/>\n<meta name=\"author\" content=\"Alexander Wachter\" \/>\n<meta name=\"twitter:card\" content=\"summary_large_image\" \/>\n<script type=\"application\/ld+json\" class=\"yoast-schema-graph\">{\"@context\":\"https:\\\/\\\/schema.org\",\"@graph\":[{\"@type\":\"Article\",\"@id\":\"https:\\\/\\\/www.immobilienbusiness.ch\\\/fr\\\/unternehmen\\\/2024-05-03\\\/fondation-equitim-neue-anlagegruppe-fuer-transitionsimmobilien-bis-ende-jahr-sollen-100-millionen-franken-eingesammelt-werden\\\/#article\",\"isPartOf\":{\"@id\":\"https:\\\/\\\/www.immobilienbusiness.ch\\\/fr\\\/unternehmen\\\/2024-05-03\\\/fondation-equitim-neue-anlagegruppe-fuer-transitionsimmobilien-bis-ende-jahr-sollen-100-millionen-franken-eingesammelt-werden\\\/\"},\"author\":{\"name\":\"Alexander Wachter\",\"@id\":\"https:\\\/\\\/www.immobilienbusiness.ch\\\/#\\\/schema\\\/person\\\/aba8bea2db926aa0c24c08c43fe1fcd5\"},\"headline\":\"Fondation Equitim: Neue Anlagegruppe f\u00fcr Transitionsimmobilien\",\"datePublished\":\"2024-05-03T05:01:56+00:00\",\"dateModified\":\"2024-08-21T05:01:16+00:00\",\"mainEntityOfPage\":{\"@id\":\"https:\\\/\\\/www.immobilienbusiness.ch\\\/fr\\\/unternehmen\\\/2024-05-03\\\/fondation-equitim-neue-anlagegruppe-fuer-transitionsimmobilien-bis-ende-jahr-sollen-100-millionen-franken-eingesammelt-werden\\\/\"},\"wordCount\":364,\"publisher\":{\"@id\":\"https:\\\/\\\/www.immobilienbusiness.ch\\\/#organization\"},\"image\":{\"@id\":\"https:\\\/\\\/www.immobilienbusiness.ch\\\/fr\\\/unternehmen\\\/2024-05-03\\\/fondation-equitim-neue-anlagegruppe-fuer-transitionsimmobilien-bis-ende-jahr-sollen-100-millionen-franken-eingesammelt-werden\\\/#primaryimage\"},\"thumbnailUrl\":\"https:\\\/\\\/www.immobilienbusiness.ch\\\/wp-content\\\/uploads\\\/2018\\\/07\\\/Depositphotos_43336157_m-2015.jpg\",\"keywords\":[\"Fundim SA\"],\"articleSection\":[\"UNTERNEHMEN\"],\"inLanguage\":\"fr-FR\"},{\"@type\":\"WebPage\",\"@id\":\"https:\\\/\\\/www.immobilienbusiness.ch\\\/fr\\\/unternehmen\\\/2024-05-03\\\/fondation-equitim-neue-anlagegruppe-fuer-transitionsimmobilien-bis-ende-jahr-sollen-100-millionen-franken-eingesammelt-werden\\\/\",\"url\":\"https:\\\/\\\/www.immobilienbusiness.ch\\\/fr\\\/unternehmen\\\/2024-05-03\\\/fondation-equitim-neue-anlagegruppe-fuer-transitionsimmobilien-bis-ende-jahr-sollen-100-millionen-franken-eingesammelt-werden\\\/\",\"name\":\"Fondation Equitim: Neue Anlagegruppe f\u00fcr Transitionsimmobilien - IMMOBILIEN Business\",\"isPartOf\":{\"@id\":\"https:\\\/\\\/www.immobilienbusiness.ch\\\/#website\"},\"primaryImageOfPage\":{\"@id\":\"https:\\\/\\\/www.immobilienbusiness.ch\\\/fr\\\/unternehmen\\\/2024-05-03\\\/fondation-equitim-neue-anlagegruppe-fuer-transitionsimmobilien-bis-ende-jahr-sollen-100-millionen-franken-eingesammelt-werden\\\/#primaryimage\"},\"image\":{\"@id\":\"https:\\\/\\\/www.immobilienbusiness.ch\\\/fr\\\/unternehmen\\\/2024-05-03\\\/fondation-equitim-neue-anlagegruppe-fuer-transitionsimmobilien-bis-ende-jahr-sollen-100-millionen-franken-eingesammelt-werden\\\/#primaryimage\"},\"thumbnailUrl\":\"https:\\\/\\\/www.immobilienbusiness.ch\\\/wp-content\\\/uploads\\\/2018\\\/07\\\/Depositphotos_43336157_m-2015.jpg\",\"datePublished\":\"2024-05-03T05:01:56+00:00\",\"dateModified\":\"2024-08-21T05:01:16+00:00\",\"description\":\"Neue Anlagegruppe \u00abTransition\u00bb sammelt 100 Mio. CHF f\u00fcr sanierungsbed\u00fcrftige Immobilien, Ziel: 300 Mio. CHF bis 2029, energetische Sanierungen geplant.\",\"breadcrumb\":{\"@id\":\"https:\\\/\\\/www.immobilienbusiness.ch\\\/fr\\\/unternehmen\\\/2024-05-03\\\/fondation-equitim-neue-anlagegruppe-fuer-transitionsimmobilien-bis-ende-jahr-sollen-100-millionen-franken-eingesammelt-werden\\\/#breadcrumb\"},\"inLanguage\":\"fr-FR\",\"potentialAction\":[{\"@type\":\"ReadAction\",\"target\":[\"https:\\\/\\\/www.immobilienbusiness.ch\\\/fr\\\/unternehmen\\\/2024-05-03\\\/fondation-equitim-neue-anlagegruppe-fuer-transitionsimmobilien-bis-ende-jahr-sollen-100-millionen-franken-eingesammelt-werden\\\/\"]}]},{\"@type\":\"ImageObject\",\"inLanguage\":\"fr-FR\",\"@id\":\"https:\\\/\\\/www.immobilienbusiness.ch\\\/fr\\\/unternehmen\\\/2024-05-03\\\/fondation-equitim-neue-anlagegruppe-fuer-transitionsimmobilien-bis-ende-jahr-sollen-100-millionen-franken-eingesammelt-werden\\\/#primaryimage\",\"url\":\"https:\\\/\\\/www.immobilienbusiness.ch\\\/wp-content\\\/uploads\\\/2018\\\/07\\\/Depositphotos_43336157_m-2015.jpg\",\"contentUrl\":\"https:\\\/\\\/www.immobilienbusiness.ch\\\/wp-content\\\/uploads\\\/2018\\\/07\\\/Depositphotos_43336157_m-2015.jpg\",\"width\":1000,\"height\":667,\"caption\":\"Eine neue Anlagegruppe will Immobilien gr\u00fcner machen (Bild: Depositphotos)\"},{\"@type\":\"BreadcrumbList\",\"@id\":\"https:\\\/\\\/www.immobilienbusiness.ch\\\/fr\\\/unternehmen\\\/2024-05-03\\\/fondation-equitim-neue-anlagegruppe-fuer-transitionsimmobilien-bis-ende-jahr-sollen-100-millionen-franken-eingesammelt-werden\\\/#breadcrumb\",\"itemListElement\":[{\"@type\":\"ListItem\",\"position\":1,\"name\":\"Home\",\"item\":\"https:\\\/\\\/www.immobilienbusiness.ch\\\/\"},{\"@type\":\"ListItem\",\"position\":2,\"name\":\"Fondation Equitim: Neue Anlagegruppe f\u00fcr Transitionsimmobilien\"}]},{\"@type\":\"WebSite\",\"@id\":\"https:\\\/\\\/www.immobilienbusiness.ch\\\/#website\",\"url\":\"https:\\\/\\\/www.immobilienbusiness.ch\\\/\",\"name\":\"IMMOBILIEN Business\",\"description\":\"Unabh\u00e4ngiges Schweizer Wirtschaftsmagazin mit Fokus auf Immobilien, Architektur- und Bau sowie Investment- und Finanzierung.\",\"publisher\":{\"@id\":\"https:\\\/\\\/www.immobilienbusiness.ch\\\/#organization\"},\"potentialAction\":[{\"@type\":\"SearchAction\",\"target\":{\"@type\":\"EntryPoint\",\"urlTemplate\":\"https:\\\/\\\/www.immobilienbusiness.ch\\\/?s={search_term_string}\"},\"query-input\":{\"@type\":\"PropertyValueSpecification\",\"valueRequired\":true,\"valueName\":\"search_term_string\"}}],\"inLanguage\":\"fr-FR\"},{\"@type\":\"Organization\",\"@id\":\"https:\\\/\\\/www.immobilienbusiness.ch\\\/#organization\",\"name\":\"IMMOBILIEN Business\",\"url\":\"https:\\\/\\\/www.immobilienbusiness.ch\\\/\",\"logo\":{\"@type\":\"ImageObject\",\"inLanguage\":\"fr-FR\",\"@id\":\"https:\\\/\\\/www.immobilienbusiness.ch\\\/#\\\/schema\\\/logo\\\/image\\\/\",\"url\":\"https:\\\/\\\/www.immobilienbusiness.ch\\\/wp-content\\\/uploads\\\/2021\\\/07\\\/logo_ib.png\",\"contentUrl\":\"https:\\\/\\\/www.immobilienbusiness.ch\\\/wp-content\\\/uploads\\\/2021\\\/07\\\/logo_ib.png\",\"width\":800,\"height\":181,\"caption\":\"IMMOBILIEN Business\"},\"image\":{\"@id\":\"https:\\\/\\\/www.immobilienbusiness.ch\\\/#\\\/schema\\\/logo\\\/image\\\/\"},\"sameAs\":[\"https:\\\/\\\/www.facebook.com\\\/immobilienbusiness\\\/\"]},{\"@type\":\"Person\",\"@id\":\"https:\\\/\\\/www.immobilienbusiness.ch\\\/#\\\/schema\\\/person\\\/aba8bea2db926aa0c24c08c43fe1fcd5\",\"name\":\"Alexander Wachter\",\"image\":{\"@type\":\"ImageObject\",\"inLanguage\":\"fr-FR\",\"@id\":\"https:\\\/\\\/secure.gravatar.com\\\/avatar\\\/1a09e471f5389b0e0a6416eac287e0927c7c97a7b77f9e787eba3af7aee281dd?s=96&d=mm&r=g\",\"url\":\"https:\\\/\\\/secure.gravatar.com\\\/avatar\\\/1a09e471f5389b0e0a6416eac287e0927c7c97a7b77f9e787eba3af7aee281dd?s=96&d=mm&r=g\",\"contentUrl\":\"https:\\\/\\\/secure.gravatar.com\\\/avatar\\\/1a09e471f5389b0e0a6416eac287e0927c7c97a7b77f9e787eba3af7aee281dd?s=96&d=mm&r=g\",\"caption\":\"Alexander Wachter\"},\"url\":\"https:\\\/\\\/www.immobilienbusiness.ch\\\/fr\\\/author\\\/alexander-wachter\\\/\"}]}<\/script>\n<!-- \/ Yoast SEO plugin. -->","yoast_head_json":{"title":"Fondation Equitim : nouveau groupe de placement pour l'immobilier de transition - IMMOBILIER Business","description":"Le nouveau groupe de placement \u00abTransition\u00bb collecte 100 millions de CHF pour des biens immobiliers \u00e0 r\u00e9nover, objectif : 300 millions de CHF d'ici 2029, r\u00e9novations \u00e9nerg\u00e9tiques pr\u00e9vues.","robots":{"index":"index","follow":"follow","max-snippet":"max-snippet:-1","max-image-preview":"max-image-preview:large","max-video-preview":"max-video-preview:-1"},"canonical":"https:\/\/www.immobilienbusiness.ch\/fr\/unternehmen\/2024-05-03\/fondation-equitim-neue-anlagegruppe-fuer-transitionsimmobilien-bis-ende-jahr-sollen-100-millionen-franken-eingesammelt-werden\/","og_locale":"fr_FR","og_type":"article","og_title":"Fondation Equitim: Neue Anlagegruppe f\u00fcr Transitionsimmobilien - IMMOBILIEN Business","og_description":"Neue Anlagegruppe \u00abTransition\u00bb sammelt 100 Mio. CHF f\u00fcr sanierungsbed\u00fcrftige Immobilien, Ziel: 300 Mio. CHF bis 2029, energetische Sanierungen geplant.","og_url":"https:\/\/www.immobilienbusiness.ch\/fr\/unternehmen\/2024-05-03\/fondation-equitim-neue-anlagegruppe-fuer-transitionsimmobilien-bis-ende-jahr-sollen-100-millionen-franken-eingesammelt-werden\/","og_site_name":"IMMOBILIEN Business","article_publisher":"https:\/\/www.facebook.com\/immobilienbusiness\/","article_published_time":"2024-05-03T05:01:56+00:00","article_modified_time":"2024-08-21T05:01:16+00:00","og_image":[{"width":1000,"height":667,"url":"https:\/\/www.immobilienbusiness.ch\/wp-content\/uploads\/2018\/07\/Depositphotos_43336157_m-2015.jpg","type":"image\/jpeg"}],"author":"Alexander Wachter","twitter_card":"summary_large_image","schema":{"@context":"https:\/\/schema.org","@graph":[{"@type":"Article","@id":"https:\/\/www.immobilienbusiness.ch\/fr\/unternehmen\/2024-05-03\/fondation-equitim-neue-anlagegruppe-fuer-transitionsimmobilien-bis-ende-jahr-sollen-100-millionen-franken-eingesammelt-werden\/#article","isPartOf":{"@id":"https:\/\/www.immobilienbusiness.ch\/fr\/unternehmen\/2024-05-03\/fondation-equitim-neue-anlagegruppe-fuer-transitionsimmobilien-bis-ende-jahr-sollen-100-millionen-franken-eingesammelt-werden\/"},"author":{"name":"Alexander Wachter","@id":"https:\/\/www.immobilienbusiness.ch\/#\/schema\/person\/aba8bea2db926aa0c24c08c43fe1fcd5"},"headline":"Fondation Equitim: Neue Anlagegruppe f\u00fcr Transitionsimmobilien","datePublished":"2024-05-03T05:01:56+00:00","dateModified":"2024-08-21T05:01:16+00:00","mainEntityOfPage":{"@id":"https:\/\/www.immobilienbusiness.ch\/fr\/unternehmen\/2024-05-03\/fondation-equitim-neue-anlagegruppe-fuer-transitionsimmobilien-bis-ende-jahr-sollen-100-millionen-franken-eingesammelt-werden\/"},"wordCount":364,"publisher":{"@id":"https:\/\/www.immobilienbusiness.ch\/#organization"},"image":{"@id":"https:\/\/www.immobilienbusiness.ch\/fr\/unternehmen\/2024-05-03\/fondation-equitim-neue-anlagegruppe-fuer-transitionsimmobilien-bis-ende-jahr-sollen-100-millionen-franken-eingesammelt-werden\/#primaryimage"},"thumbnailUrl":"https:\/\/www.immobilienbusiness.ch\/wp-content\/uploads\/2018\/07\/Depositphotos_43336157_m-2015.jpg","keywords":["Fundim SA"],"articleSection":["UNTERNEHMEN"],"inLanguage":"fr-FR"},{"@type":"WebPage","@id":"https:\/\/www.immobilienbusiness.ch\/fr\/unternehmen\/2024-05-03\/fondation-equitim-neue-anlagegruppe-fuer-transitionsimmobilien-bis-ende-jahr-sollen-100-millionen-franken-eingesammelt-werden\/","url":"https:\/\/www.immobilienbusiness.ch\/fr\/unternehmen\/2024-05-03\/fondation-equitim-neue-anlagegruppe-fuer-transitionsimmobilien-bis-ende-jahr-sollen-100-millionen-franken-eingesammelt-werden\/","name":"Fondation Equitim : nouveau groupe de placement pour l'immobilier de transition - IMMOBILIER Business","isPartOf":{"@id":"https:\/\/www.immobilienbusiness.ch\/#website"},"primaryImageOfPage":{"@id":"https:\/\/www.immobilienbusiness.ch\/fr\/unternehmen\/2024-05-03\/fondation-equitim-neue-anlagegruppe-fuer-transitionsimmobilien-bis-ende-jahr-sollen-100-millionen-franken-eingesammelt-werden\/#primaryimage"},"image":{"@id":"https:\/\/www.immobilienbusiness.ch\/fr\/unternehmen\/2024-05-03\/fondation-equitim-neue-anlagegruppe-fuer-transitionsimmobilien-bis-ende-jahr-sollen-100-millionen-franken-eingesammelt-werden\/#primaryimage"},"thumbnailUrl":"https:\/\/www.immobilienbusiness.ch\/wp-content\/uploads\/2018\/07\/Depositphotos_43336157_m-2015.jpg","datePublished":"2024-05-03T05:01:56+00:00","dateModified":"2024-08-21T05:01:16+00:00","description":"Le nouveau groupe de placement \u00abTransition\u00bb collecte 100 millions de CHF pour des biens immobiliers \u00e0 r\u00e9nover, objectif : 300 millions de CHF d'ici 2029, r\u00e9novations \u00e9nerg\u00e9tiques pr\u00e9vues.","breadcrumb":{"@id":"https:\/\/www.immobilienbusiness.ch\/fr\/unternehmen\/2024-05-03\/fondation-equitim-neue-anlagegruppe-fuer-transitionsimmobilien-bis-ende-jahr-sollen-100-millionen-franken-eingesammelt-werden\/#breadcrumb"},"inLanguage":"fr-FR","potentialAction":[{"@type":"ReadAction","target":["https:\/\/www.immobilienbusiness.ch\/fr\/unternehmen\/2024-05-03\/fondation-equitim-neue-anlagegruppe-fuer-transitionsimmobilien-bis-ende-jahr-sollen-100-millionen-franken-eingesammelt-werden\/"]}]},{"@type":"ImageObject","inLanguage":"fr-FR","@id":"https:\/\/www.immobilienbusiness.ch\/fr\/unternehmen\/2024-05-03\/fondation-equitim-neue-anlagegruppe-fuer-transitionsimmobilien-bis-ende-jahr-sollen-100-millionen-franken-eingesammelt-werden\/#primaryimage","url":"https:\/\/www.immobilienbusiness.ch\/wp-content\/uploads\/2018\/07\/Depositphotos_43336157_m-2015.jpg","contentUrl":"https:\/\/www.immobilienbusiness.ch\/wp-content\/uploads\/2018\/07\/Depositphotos_43336157_m-2015.jpg","width":1000,"height":667,"caption":"Eine neue Anlagegruppe will Immobilien gr\u00fcner machen (Bild: Depositphotos)"},{"@type":"BreadcrumbList","@id":"https:\/\/www.immobilienbusiness.ch\/fr\/unternehmen\/2024-05-03\/fondation-equitim-neue-anlagegruppe-fuer-transitionsimmobilien-bis-ende-jahr-sollen-100-millionen-franken-eingesammelt-werden\/#breadcrumb","itemListElement":[{"@type":"ListItem","position":1,"name":"Home","item":"https:\/\/www.immobilienbusiness.ch\/"},{"@type":"ListItem","position":2,"name":"Fondation Equitim: Neue Anlagegruppe f\u00fcr Transitionsimmobilien"}]},{"@type":"WebSite","@id":"https:\/\/www.immobilienbusiness.ch\/#website","url":"https:\/\/www.immobilienbusiness.ch\/","name":"IMMOBILIER Business","description":"Magazine \u00e9conomique suisse ind\u00e9pendant ax\u00e9 sur l'immobilier, l'architecture et la construction ainsi que sur les investissements et le financement.","publisher":{"@id":"https:\/\/www.immobilienbusiness.ch\/#organization"},"potentialAction":[{"@type":"SearchAction","target":{"@type":"EntryPoint","urlTemplate":"https:\/\/www.immobilienbusiness.ch\/?s={search_term_string}"},"query-input":{"@type":"PropertyValueSpecification","valueRequired":true,"valueName":"search_term_string"}}],"inLanguage":"fr-FR"},{"@type":"Organization","@id":"https:\/\/www.immobilienbusiness.ch\/#organization","name":"IMMOBILIER Business","url":"https:\/\/www.immobilienbusiness.ch\/","logo":{"@type":"ImageObject","inLanguage":"fr-FR","@id":"https:\/\/www.immobilienbusiness.ch\/#\/schema\/logo\/image\/","url":"https:\/\/www.immobilienbusiness.ch\/wp-content\/uploads\/2021\/07\/logo_ib.png","contentUrl":"https:\/\/www.immobilienbusiness.ch\/wp-content\/uploads\/2021\/07\/logo_ib.png","width":800,"height":181,"caption":"IMMOBILIEN Business"},"image":{"@id":"https:\/\/www.immobilienbusiness.ch\/#\/schema\/logo\/image\/"},"sameAs":["https:\/\/www.facebook.com\/immobilienbusiness\/"]},{"@type":"Person","@id":"https:\/\/www.immobilienbusiness.ch\/#\/schema\/person\/aba8bea2db926aa0c24c08c43fe1fcd5","name":"Alexander Wachter","image":{"@type":"ImageObject","inLanguage":"fr-FR","@id":"https:\/\/secure.gravatar.com\/avatar\/1a09e471f5389b0e0a6416eac287e0927c7c97a7b77f9e787eba3af7aee281dd?s=96&d=mm&r=g","url":"https:\/\/secure.gravatar.com\/avatar\/1a09e471f5389b0e0a6416eac287e0927c7c97a7b77f9e787eba3af7aee281dd?s=96&d=mm&r=g","contentUrl":"https:\/\/secure.gravatar.com\/avatar\/1a09e471f5389b0e0a6416eac287e0927c7c97a7b77f9e787eba3af7aee281dd?s=96&d=mm&r=g","caption":"Alexander Wachter"},"url":"https:\/\/www.immobilienbusiness.ch\/fr\/author\/alexander-wachter\/"}]}},"_links":{"self":[{"href":"https:\/\/www.immobilienbusiness.ch\/fr\/wp-json\/wp\/v2\/posts\/56985","targetHints":{"allow":["GET"]}}],"collection":[{"href":"https:\/\/www.immobilienbusiness.ch\/fr\/wp-json\/wp\/v2\/posts"}],"about":[{"href":"https:\/\/www.immobilienbusiness.ch\/fr\/wp-json\/wp\/v2\/types\/post"}],"author":[{"embeddable":true,"href":"https:\/\/www.immobilienbusiness.ch\/fr\/wp-json\/wp\/v2\/users\/102"}],"replies":[{"embeddable":true,"href":"https:\/\/www.immobilienbusiness.ch\/fr\/wp-json\/wp\/v2\/comments?post=56985"}],"version-history":[{"count":6,"href":"https:\/\/www.immobilienbusiness.ch\/fr\/wp-json\/wp\/v2\/posts\/56985\/revisions"}],"predecessor-version":[{"id":58888,"href":"https:\/\/www.immobilienbusiness.ch\/fr\/wp-json\/wp\/v2\/posts\/56985\/revisions\/58888"}],"wp:featuredmedia":[{"embeddable":true,"href":"https:\/\/www.immobilienbusiness.ch\/fr\/wp-json\/wp\/v2\/media\/13435"}],"wp:attachment":[{"href":"https:\/\/www.immobilienbusiness.ch\/fr\/wp-json\/wp\/v2\/media?parent=56985"}],"wp:term":[{"taxonomy":"category","embeddable":true,"href":"https:\/\/www.immobilienbusiness.ch\/fr\/wp-json\/wp\/v2\/categories?post=56985"},{"taxonomy":"post_tag","embeddable":true,"href":"https:\/\/www.immobilienbusiness.ch\/fr\/wp-json\/wp\/v2\/tags?post=56985"}],"curies":[{"name":"wp","href":"https:\/\/api.w.org\/{rel}","templated":true}]}}