{"id":56810,"date":"2024-04-22T08:07:08","date_gmt":"2024-04-22T06:07:08","guid":{"rendered":"https:\/\/www.immobilienbusiness.ch\/?p=56810"},"modified":"2024-08-21T07:40:25","modified_gmt":"2024-08-21T05:40:25","slug":"sothebys-international-realty-in-zuerich-mit-neuem-ceo","status":"publish","type":"post","link":"https:\/\/www.immobilienbusiness.ch\/fr\/personalia\/2024-04-22\/sothebys-international-realty-in-zuerich-mit-neuem-ceo\/","title":{"rendered":"Sotheby's International Realty \u00e0 Zurich a un nouveau CEO"},"content":{"rendered":"<figure id=\"attachment_56812\" aria-describedby=\"caption-attachment-56812\" style=\"width: 1400px\" class=\"wp-caption alignnone\"><a href=\"https:\/\/www.immobilienbusiness.ch\/wp-content\/uploads\/2024\/04\/Andreas-Kron-scaled.jpg\"><img loading=\"lazy\" decoding=\"async\" class=\"wp-image-56812 size-full\" src=\"https:\/\/www.immobilienbusiness.ch\/wp-content\/uploads\/2024\/04\/Andreas-Kron-scaled.jpg\" alt=\"Andreas Kron CEO Sotheby\u2019s Z\u00fcrich\" width=\"1400\" height=\"1400\" srcset=\"https:\/\/www.immobilienbusiness.ch\/wp-content\/uploads\/2024\/04\/Andreas-Kron-scaled.jpg 1200w, https:\/\/www.immobilienbusiness.ch\/wp-content\/uploads\/2024\/04\/Andreas-Kron-300x300.jpg 300w, https:\/\/www.immobilienbusiness.ch\/wp-content\/uploads\/2024\/04\/Andreas-Kron-1024x1024.jpg 1024w, https:\/\/www.immobilienbusiness.ch\/wp-content\/uploads\/2024\/04\/Andreas-Kron-150x150.jpg 150w, https:\/\/www.immobilienbusiness.ch\/wp-content\/uploads\/2024\/04\/Andreas-Kron-768x768.jpg 768w, https:\/\/www.immobilienbusiness.ch\/wp-content\/uploads\/2024\/04\/Andreas-Kron-1536x1536.jpg 1536w, https:\/\/www.immobilienbusiness.ch\/wp-content\/uploads\/2024\/04\/Andreas-Kron-2048x2048.jpg 2048w, https:\/\/www.immobilienbusiness.ch\/wp-content\/uploads\/2024\/04\/Andreas-Kron-12x12.jpg 12w, https:\/\/www.immobilienbusiness.ch\/wp-content\/uploads\/2024\/04\/Andreas-Kron-350x350.jpg 350w, https:\/\/www.immobilienbusiness.ch\/wp-content\/uploads\/2024\/04\/Andreas-Kron-800x800.jpg 800w, https:\/\/www.immobilienbusiness.ch\/wp-content\/uploads\/2024\/04\/Andreas-Kron-250x250.jpg 250w\" sizes=\"auto, (max-width: 1400px) 100vw, 1400px\" \/><\/a><figcaption id=\"caption-attachment-56812\" class=\"wp-caption-text\">Andreas Kron (Image : Sotheby's)<\/figcaption><\/figure>\n<p>Sotheby's International Realty \u00e0 Zurich annonce qu'Andreas Kron occupera le poste de CEO \u00e0 partir du 12 avril et qu'il a par ailleurs rejoint le comit\u00e9 consultatif de l'entreprise. Il succ\u00e8de \u00e0 Georges Luks, qui a simultan\u00e9ment quitt\u00e9 l'entreprise. Kron fait partie de l'entreprise depuis plus de trois ans d\u00e9j\u00e0, son dernier poste \u00e9tant celui de COO et CFO et membre du Management Board. Kron a pr\u00e9c\u00e9demment travaill\u00e9, entre autres, chez Oprandi &amp; Partner, conseiller en entreprise et en personnel, ainsi que chez GfK Telecontrol AG.<\/p>\n<p>Sotheby's International Realty, sp\u00e9cialiste de l'immobilier de luxe, a \u00e9t\u00e9 fond\u00e9e en 1976. L'entreprise, qui utilise le lien avec la marque de la maison de vente aux ench\u00e8res Sotheby's, a d\u00e9clar\u00e9 avoir r\u00e9alis\u00e9 depuis lors des transactions pour un montant de 143 milliards de dollars. <em>(aw)<\/em><\/p>","protected":false},"excerpt":{"rendered":"<p>Sotheby's International Realty \u00e0 Zurich a un nouveau CEO <\/p>","protected":false},"author":102,"featured_media":56812,"comment_status":"closed","ping_status":"closed","sticky":false,"template":"","format":"standard","meta":{"_acf_changed":false,"_yoast_wpseo_focuskw":"Andreas Kron CEO Sotheby\u2019s Z\u00fcrich","_yoast_wpseo_title":"","_yoast_wpseo_metadesc":"Andreas Kron ist seit dem 12. April CEO von Sotheby\u2019s International Realty in Z\u00fcrich und Mitglied des Advisory Boards. Er folgt auf Georges Luks.","_yoast_wpseo_linkdex":52,"pgc_sgb_lightbox_settings":"","footnotes":""},"categories":[1912],"tags":[1563,3610,2109],"class_list":["post-56810","post","type-post","status-publish","format-standard","has-post-thumbnail","hentry","category-personalia","tag-personalia","tag-sothebys","tag-wohnungen"],"acf":[],"yoast_head":"<!-- This site is optimized with the Yoast SEO plugin v27.4 - https:\/\/yoast.com\/product\/yoast-seo-wordpress\/ -->\n<title>Sotheby&#039;s International Realty in Z\u00fcrich mit neuem CEO - IMMOBILIEN Business<\/title>\n<meta name=\"description\" content=\"Andreas Kron ist seit dem 12. April CEO von Sotheby\u2019s International Realty in Z\u00fcrich und Mitglied des Advisory Boards. Er folgt auf Georges Luks.\" \/>\n<meta name=\"robots\" content=\"index, follow, max-snippet:-1, max-image-preview:large, max-video-preview:-1\" \/>\n<link rel=\"canonical\" href=\"https:\/\/www.immobilienbusiness.ch\/fr\/personalia\/2024-04-22\/sothebys-international-realty-in-zuerich-mit-neuem-ceo\/\" \/>\n<meta property=\"og:locale\" content=\"fr_FR\" \/>\n<meta property=\"og:type\" content=\"article\" \/>\n<meta property=\"og:title\" content=\"Sotheby&#039;s International Realty in Z\u00fcrich mit neuem CEO - IMMOBILIEN Business\" \/>\n<meta property=\"og:description\" content=\"Andreas Kron ist seit dem 12. April CEO von Sotheby\u2019s International Realty in Z\u00fcrich und Mitglied des Advisory Boards. Er folgt auf Georges Luks.\" \/>\n<meta property=\"og:url\" content=\"https:\/\/www.immobilienbusiness.ch\/fr\/personalia\/2024-04-22\/sothebys-international-realty-in-zuerich-mit-neuem-ceo\/\" \/>\n<meta property=\"og:site_name\" content=\"IMMOBILIEN Business\" \/>\n<meta property=\"article:publisher\" content=\"https:\/\/www.facebook.com\/immobilienbusiness\/\" \/>\n<meta property=\"article:published_time\" content=\"2024-04-22T06:07:08+00:00\" \/>\n<meta property=\"article:modified_time\" content=\"2024-08-21T05:40:25+00:00\" \/>\n<meta property=\"og:image\" content=\"https:\/\/www.immobilienbusiness.ch\/wp-content\/uploads\/2024\/04\/Andreas-Kron-scaled.jpg\" \/>\n\t<meta property=\"og:image:width\" content=\"1200\" \/>\n\t<meta property=\"og:image:height\" content=\"1200\" \/>\n\t<meta property=\"og:image:type\" content=\"image\/jpeg\" \/>\n<meta name=\"author\" content=\"Alexander Wachter\" \/>\n<meta name=\"twitter:card\" content=\"summary_large_image\" \/>\n<script type=\"application\/ld+json\" class=\"yoast-schema-graph\">{\"@context\":\"https:\\\/\\\/schema.org\",\"@graph\":[{\"@type\":\"Article\",\"@id\":\"https:\\\/\\\/www.immobilienbusiness.ch\\\/de\\\/personalia\\\/2024-04-22\\\/sothebys-international-realty-in-zuerich-mit-neuem-ceo\\\/#article\",\"isPartOf\":{\"@id\":\"https:\\\/\\\/www.immobilienbusiness.ch\\\/de\\\/personalia\\\/2024-04-22\\\/sothebys-international-realty-in-zuerich-mit-neuem-ceo\\\/\"},\"author\":{\"name\":\"Alexander Wachter\",\"@id\":\"https:\\\/\\\/www.immobilienbusiness.ch\\\/#\\\/schema\\\/person\\\/aba8bea2db926aa0c24c08c43fe1fcd5\"},\"headline\":\"Sotheby&#8217;s International Realty in Z\u00fcrich mit neuem CEO\",\"datePublished\":\"2024-04-22T06:07:08+00:00\",\"dateModified\":\"2024-08-21T05:40:25+00:00\",\"mainEntityOfPage\":{\"@id\":\"https:\\\/\\\/www.immobilienbusiness.ch\\\/de\\\/personalia\\\/2024-04-22\\\/sothebys-international-realty-in-zuerich-mit-neuem-ceo\\\/\"},\"wordCount\":144,\"publisher\":{\"@id\":\"https:\\\/\\\/www.immobilienbusiness.ch\\\/#organization\"},\"image\":{\"@id\":\"https:\\\/\\\/www.immobilienbusiness.ch\\\/de\\\/personalia\\\/2024-04-22\\\/sothebys-international-realty-in-zuerich-mit-neuem-ceo\\\/#primaryimage\"},\"thumbnailUrl\":\"https:\\\/\\\/www.immobilienbusiness.ch\\\/wp-content\\\/uploads\\\/2024\\\/04\\\/Andreas-Kron-scaled.jpg\",\"keywords\":[\"Personalia\",\"Sotheby's\",\"Wohnungen\"],\"articleSection\":[\"PERSONALIA\"],\"inLanguage\":\"fr-FR\"},{\"@type\":\"WebPage\",\"@id\":\"https:\\\/\\\/www.immobilienbusiness.ch\\\/de\\\/personalia\\\/2024-04-22\\\/sothebys-international-realty-in-zuerich-mit-neuem-ceo\\\/\",\"url\":\"https:\\\/\\\/www.immobilienbusiness.ch\\\/de\\\/personalia\\\/2024-04-22\\\/sothebys-international-realty-in-zuerich-mit-neuem-ceo\\\/\",\"name\":\"Sotheby's International Realty in Z\u00fcrich mit neuem CEO - IMMOBILIEN Business\",\"isPartOf\":{\"@id\":\"https:\\\/\\\/www.immobilienbusiness.ch\\\/#website\"},\"primaryImageOfPage\":{\"@id\":\"https:\\\/\\\/www.immobilienbusiness.ch\\\/de\\\/personalia\\\/2024-04-22\\\/sothebys-international-realty-in-zuerich-mit-neuem-ceo\\\/#primaryimage\"},\"image\":{\"@id\":\"https:\\\/\\\/www.immobilienbusiness.ch\\\/de\\\/personalia\\\/2024-04-22\\\/sothebys-international-realty-in-zuerich-mit-neuem-ceo\\\/#primaryimage\"},\"thumbnailUrl\":\"https:\\\/\\\/www.immobilienbusiness.ch\\\/wp-content\\\/uploads\\\/2024\\\/04\\\/Andreas-Kron-scaled.jpg\",\"datePublished\":\"2024-04-22T06:07:08+00:00\",\"dateModified\":\"2024-08-21T05:40:25+00:00\",\"description\":\"Andreas Kron ist seit dem 12. April CEO von Sotheby\u2019s International Realty in Z\u00fcrich und Mitglied des Advisory Boards. Er folgt auf Georges Luks.\",\"breadcrumb\":{\"@id\":\"https:\\\/\\\/www.immobilienbusiness.ch\\\/de\\\/personalia\\\/2024-04-22\\\/sothebys-international-realty-in-zuerich-mit-neuem-ceo\\\/#breadcrumb\"},\"inLanguage\":\"fr-FR\",\"potentialAction\":[{\"@type\":\"ReadAction\",\"target\":[\"https:\\\/\\\/www.immobilienbusiness.ch\\\/de\\\/personalia\\\/2024-04-22\\\/sothebys-international-realty-in-zuerich-mit-neuem-ceo\\\/\"]}]},{\"@type\":\"ImageObject\",\"inLanguage\":\"fr-FR\",\"@id\":\"https:\\\/\\\/www.immobilienbusiness.ch\\\/de\\\/personalia\\\/2024-04-22\\\/sothebys-international-realty-in-zuerich-mit-neuem-ceo\\\/#primaryimage\",\"url\":\"https:\\\/\\\/www.immobilienbusiness.ch\\\/wp-content\\\/uploads\\\/2024\\\/04\\\/Andreas-Kron-scaled.jpg\",\"contentUrl\":\"https:\\\/\\\/www.immobilienbusiness.ch\\\/wp-content\\\/uploads\\\/2024\\\/04\\\/Andreas-Kron-scaled.jpg\",\"width\":1200,\"height\":1200,\"caption\":\"Andreas Kron (Bild: Sotheby's)\"},{\"@type\":\"BreadcrumbList\",\"@id\":\"https:\\\/\\\/www.immobilienbusiness.ch\\\/de\\\/personalia\\\/2024-04-22\\\/sothebys-international-realty-in-zuerich-mit-neuem-ceo\\\/#breadcrumb\",\"itemListElement\":[{\"@type\":\"ListItem\",\"position\":1,\"name\":\"Home\",\"item\":\"https:\\\/\\\/www.immobilienbusiness.ch\\\/\"},{\"@type\":\"ListItem\",\"position\":2,\"name\":\"Sotheby&#8217;s International Realty in Z\u00fcrich mit neuem CEO\"}]},{\"@type\":\"WebSite\",\"@id\":\"https:\\\/\\\/www.immobilienbusiness.ch\\\/#website\",\"url\":\"https:\\\/\\\/www.immobilienbusiness.ch\\\/\",\"name\":\"IMMOBILIEN Business\",\"description\":\"Unabh\u00e4ngiges Schweizer Wirtschaftsmagazin mit Fokus auf Immobilien, Architektur- und Bau sowie Investment- und Finanzierung.\",\"publisher\":{\"@id\":\"https:\\\/\\\/www.immobilienbusiness.ch\\\/#organization\"},\"potentialAction\":[{\"@type\":\"SearchAction\",\"target\":{\"@type\":\"EntryPoint\",\"urlTemplate\":\"https:\\\/\\\/www.immobilienbusiness.ch\\\/?s={search_term_string}\"},\"query-input\":{\"@type\":\"PropertyValueSpecification\",\"valueRequired\":true,\"valueName\":\"search_term_string\"}}],\"inLanguage\":\"fr-FR\"},{\"@type\":\"Organization\",\"@id\":\"https:\\\/\\\/www.immobilienbusiness.ch\\\/#organization\",\"name\":\"IMMOBILIEN Business\",\"url\":\"https:\\\/\\\/www.immobilienbusiness.ch\\\/\",\"logo\":{\"@type\":\"ImageObject\",\"inLanguage\":\"fr-FR\",\"@id\":\"https:\\\/\\\/www.immobilienbusiness.ch\\\/#\\\/schema\\\/logo\\\/image\\\/\",\"url\":\"https:\\\/\\\/www.immobilienbusiness.ch\\\/wp-content\\\/uploads\\\/2021\\\/07\\\/logo_ib.png\",\"contentUrl\":\"https:\\\/\\\/www.immobilienbusiness.ch\\\/wp-content\\\/uploads\\\/2021\\\/07\\\/logo_ib.png\",\"width\":800,\"height\":181,\"caption\":\"IMMOBILIEN Business\"},\"image\":{\"@id\":\"https:\\\/\\\/www.immobilienbusiness.ch\\\/#\\\/schema\\\/logo\\\/image\\\/\"},\"sameAs\":[\"https:\\\/\\\/www.facebook.com\\\/immobilienbusiness\\\/\"]},{\"@type\":\"Person\",\"@id\":\"https:\\\/\\\/www.immobilienbusiness.ch\\\/#\\\/schema\\\/person\\\/aba8bea2db926aa0c24c08c43fe1fcd5\",\"name\":\"Alexander Wachter\",\"image\":{\"@type\":\"ImageObject\",\"inLanguage\":\"fr-FR\",\"@id\":\"https:\\\/\\\/secure.gravatar.com\\\/avatar\\\/1a09e471f5389b0e0a6416eac287e0927c7c97a7b77f9e787eba3af7aee281dd?s=96&d=mm&r=g\",\"url\":\"https:\\\/\\\/secure.gravatar.com\\\/avatar\\\/1a09e471f5389b0e0a6416eac287e0927c7c97a7b77f9e787eba3af7aee281dd?s=96&d=mm&r=g\",\"contentUrl\":\"https:\\\/\\\/secure.gravatar.com\\\/avatar\\\/1a09e471f5389b0e0a6416eac287e0927c7c97a7b77f9e787eba3af7aee281dd?s=96&d=mm&r=g\",\"caption\":\"Alexander Wachter\"},\"url\":\"https:\\\/\\\/www.immobilienbusiness.ch\\\/fr\\\/author\\\/alexander-wachter\\\/\"}]}<\/script>\n<!-- \/ Yoast SEO plugin. -->","yoast_head_json":{"title":"Sotheby's International Realty in Z\u00fcrich mit neuem CEO - IMMOBILIEN Business","description":"Andreas Kron ist seit dem 12. April CEO von Sotheby\u2019s International Realty in Z\u00fcrich und Mitglied des Advisory Boards. Er folgt auf Georges Luks.","robots":{"index":"index","follow":"follow","max-snippet":"max-snippet:-1","max-image-preview":"max-image-preview:large","max-video-preview":"max-video-preview:-1"},"canonical":"https:\/\/www.immobilienbusiness.ch\/fr\/personalia\/2024-04-22\/sothebys-international-realty-in-zuerich-mit-neuem-ceo\/","og_locale":"fr_FR","og_type":"article","og_title":"Sotheby's International Realty in Z\u00fcrich mit neuem CEO - IMMOBILIEN Business","og_description":"Andreas Kron ist seit dem 12. April CEO von Sotheby\u2019s International Realty in Z\u00fcrich und Mitglied des Advisory Boards. Er folgt auf Georges Luks.","og_url":"https:\/\/www.immobilienbusiness.ch\/fr\/personalia\/2024-04-22\/sothebys-international-realty-in-zuerich-mit-neuem-ceo\/","og_site_name":"IMMOBILIEN Business","article_publisher":"https:\/\/www.facebook.com\/immobilienbusiness\/","article_published_time":"2024-04-22T06:07:08+00:00","article_modified_time":"2024-08-21T05:40:25+00:00","og_image":[{"width":1200,"height":1200,"url":"https:\/\/www.immobilienbusiness.ch\/wp-content\/uploads\/2024\/04\/Andreas-Kron-scaled.jpg","type":"image\/jpeg"}],"author":"Alexander Wachter","twitter_card":"summary_large_image","schema":{"@context":"https:\/\/schema.org","@graph":[{"@type":"Article","@id":"https:\/\/www.immobilienbusiness.ch\/de\/personalia\/2024-04-22\/sothebys-international-realty-in-zuerich-mit-neuem-ceo\/#article","isPartOf":{"@id":"https:\/\/www.immobilienbusiness.ch\/de\/personalia\/2024-04-22\/sothebys-international-realty-in-zuerich-mit-neuem-ceo\/"},"author":{"name":"Alexander Wachter","@id":"https:\/\/www.immobilienbusiness.ch\/#\/schema\/person\/aba8bea2db926aa0c24c08c43fe1fcd5"},"headline":"Sotheby&#8217;s International Realty in Z\u00fcrich mit neuem CEO","datePublished":"2024-04-22T06:07:08+00:00","dateModified":"2024-08-21T05:40:25+00:00","mainEntityOfPage":{"@id":"https:\/\/www.immobilienbusiness.ch\/de\/personalia\/2024-04-22\/sothebys-international-realty-in-zuerich-mit-neuem-ceo\/"},"wordCount":144,"publisher":{"@id":"https:\/\/www.immobilienbusiness.ch\/#organization"},"image":{"@id":"https:\/\/www.immobilienbusiness.ch\/de\/personalia\/2024-04-22\/sothebys-international-realty-in-zuerich-mit-neuem-ceo\/#primaryimage"},"thumbnailUrl":"https:\/\/www.immobilienbusiness.ch\/wp-content\/uploads\/2024\/04\/Andreas-Kron-scaled.jpg","keywords":["Personalia","Sotheby's","Wohnungen"],"articleSection":["PERSONALIA"],"inLanguage":"fr-FR"},{"@type":"WebPage","@id":"https:\/\/www.immobilienbusiness.ch\/de\/personalia\/2024-04-22\/sothebys-international-realty-in-zuerich-mit-neuem-ceo\/","url":"https:\/\/www.immobilienbusiness.ch\/de\/personalia\/2024-04-22\/sothebys-international-realty-in-zuerich-mit-neuem-ceo\/","name":"Sotheby's International Realty in Z\u00fcrich mit neuem CEO - IMMOBILIEN Business","isPartOf":{"@id":"https:\/\/www.immobilienbusiness.ch\/#website"},"primaryImageOfPage":{"@id":"https:\/\/www.immobilienbusiness.ch\/de\/personalia\/2024-04-22\/sothebys-international-realty-in-zuerich-mit-neuem-ceo\/#primaryimage"},"image":{"@id":"https:\/\/www.immobilienbusiness.ch\/de\/personalia\/2024-04-22\/sothebys-international-realty-in-zuerich-mit-neuem-ceo\/#primaryimage"},"thumbnailUrl":"https:\/\/www.immobilienbusiness.ch\/wp-content\/uploads\/2024\/04\/Andreas-Kron-scaled.jpg","datePublished":"2024-04-22T06:07:08+00:00","dateModified":"2024-08-21T05:40:25+00:00","description":"Andreas Kron ist seit dem 12. April CEO von Sotheby\u2019s International Realty in Z\u00fcrich und Mitglied des Advisory Boards. Er folgt auf Georges Luks.","breadcrumb":{"@id":"https:\/\/www.immobilienbusiness.ch\/de\/personalia\/2024-04-22\/sothebys-international-realty-in-zuerich-mit-neuem-ceo\/#breadcrumb"},"inLanguage":"fr-FR","potentialAction":[{"@type":"ReadAction","target":["https:\/\/www.immobilienbusiness.ch\/de\/personalia\/2024-04-22\/sothebys-international-realty-in-zuerich-mit-neuem-ceo\/"]}]},{"@type":"ImageObject","inLanguage":"fr-FR","@id":"https:\/\/www.immobilienbusiness.ch\/de\/personalia\/2024-04-22\/sothebys-international-realty-in-zuerich-mit-neuem-ceo\/#primaryimage","url":"https:\/\/www.immobilienbusiness.ch\/wp-content\/uploads\/2024\/04\/Andreas-Kron-scaled.jpg","contentUrl":"https:\/\/www.immobilienbusiness.ch\/wp-content\/uploads\/2024\/04\/Andreas-Kron-scaled.jpg","width":1200,"height":1200,"caption":"Andreas Kron (Bild: Sotheby's)"},{"@type":"BreadcrumbList","@id":"https:\/\/www.immobilienbusiness.ch\/de\/personalia\/2024-04-22\/sothebys-international-realty-in-zuerich-mit-neuem-ceo\/#breadcrumb","itemListElement":[{"@type":"ListItem","position":1,"name":"Home","item":"https:\/\/www.immobilienbusiness.ch\/"},{"@type":"ListItem","position":2,"name":"Sotheby&#8217;s International Realty in Z\u00fcrich mit neuem CEO"}]},{"@type":"WebSite","@id":"https:\/\/www.immobilienbusiness.ch\/#website","url":"https:\/\/www.immobilienbusiness.ch\/","name":"IMMOBILIER Business","description":"Magazine \u00e9conomique suisse ind\u00e9pendant ax\u00e9 sur l'immobilier, l'architecture et la construction ainsi que sur les investissements et le financement.","publisher":{"@id":"https:\/\/www.immobilienbusiness.ch\/#organization"},"potentialAction":[{"@type":"SearchAction","target":{"@type":"EntryPoint","urlTemplate":"https:\/\/www.immobilienbusiness.ch\/?s={search_term_string}"},"query-input":{"@type":"PropertyValueSpecification","valueRequired":true,"valueName":"search_term_string"}}],"inLanguage":"fr-FR"},{"@type":"Organization","@id":"https:\/\/www.immobilienbusiness.ch\/#organization","name":"IMMOBILIER Business","url":"https:\/\/www.immobilienbusiness.ch\/","logo":{"@type":"ImageObject","inLanguage":"fr-FR","@id":"https:\/\/www.immobilienbusiness.ch\/#\/schema\/logo\/image\/","url":"https:\/\/www.immobilienbusiness.ch\/wp-content\/uploads\/2021\/07\/logo_ib.png","contentUrl":"https:\/\/www.immobilienbusiness.ch\/wp-content\/uploads\/2021\/07\/logo_ib.png","width":800,"height":181,"caption":"IMMOBILIEN Business"},"image":{"@id":"https:\/\/www.immobilienbusiness.ch\/#\/schema\/logo\/image\/"},"sameAs":["https:\/\/www.facebook.com\/immobilienbusiness\/"]},{"@type":"Person","@id":"https:\/\/www.immobilienbusiness.ch\/#\/schema\/person\/aba8bea2db926aa0c24c08c43fe1fcd5","name":"Alexander Wachter","image":{"@type":"ImageObject","inLanguage":"fr-FR","@id":"https:\/\/secure.gravatar.com\/avatar\/1a09e471f5389b0e0a6416eac287e0927c7c97a7b77f9e787eba3af7aee281dd?s=96&d=mm&r=g","url":"https:\/\/secure.gravatar.com\/avatar\/1a09e471f5389b0e0a6416eac287e0927c7c97a7b77f9e787eba3af7aee281dd?s=96&d=mm&r=g","contentUrl":"https:\/\/secure.gravatar.com\/avatar\/1a09e471f5389b0e0a6416eac287e0927c7c97a7b77f9e787eba3af7aee281dd?s=96&d=mm&r=g","caption":"Alexander Wachter"},"url":"https:\/\/www.immobilienbusiness.ch\/fr\/author\/alexander-wachter\/"}]}},"_links":{"self":[{"href":"https:\/\/www.immobilienbusiness.ch\/fr\/wp-json\/wp\/v2\/posts\/56810","targetHints":{"allow":["GET"]}}],"collection":[{"href":"https:\/\/www.immobilienbusiness.ch\/fr\/wp-json\/wp\/v2\/posts"}],"about":[{"href":"https:\/\/www.immobilienbusiness.ch\/fr\/wp-json\/wp\/v2\/types\/post"}],"author":[{"embeddable":true,"href":"https:\/\/www.immobilienbusiness.ch\/fr\/wp-json\/wp\/v2\/users\/102"}],"replies":[{"embeddable":true,"href":"https:\/\/www.immobilienbusiness.ch\/fr\/wp-json\/wp\/v2\/comments?post=56810"}],"version-history":[{"count":3,"href":"https:\/\/www.immobilienbusiness.ch\/fr\/wp-json\/wp\/v2\/posts\/56810\/revisions"}],"predecessor-version":[{"id":58945,"href":"https:\/\/www.immobilienbusiness.ch\/fr\/wp-json\/wp\/v2\/posts\/56810\/revisions\/58945"}],"wp:featuredmedia":[{"embeddable":true,"href":"https:\/\/www.immobilienbusiness.ch\/fr\/wp-json\/wp\/v2\/media\/56812"}],"wp:attachment":[{"href":"https:\/\/www.immobilienbusiness.ch\/fr\/wp-json\/wp\/v2\/media?parent=56810"}],"wp:term":[{"taxonomy":"category","embeddable":true,"href":"https:\/\/www.immobilienbusiness.ch\/fr\/wp-json\/wp\/v2\/categories?post=56810"},{"taxonomy":"post_tag","embeddable":true,"href":"https:\/\/www.immobilienbusiness.ch\/fr\/wp-json\/wp\/v2\/tags?post=56810"}],"curies":[{"name":"wp","href":"https:\/\/api.w.org\/{rel}","templated":true}]}}