{"id":56723,"date":"2024-04-15T08:08:32","date_gmt":"2024-04-15T06:08:32","guid":{"rendered":"https:\/\/www.immobilienbusiness.ch\/?p=56723"},"modified":"2024-08-21T07:57:09","modified_gmt":"2024-08-21T05:57:09","slug":"ubs-fonds-sima-plant-213-millionen-schwere-emission","status":"publish","type":"post","link":"https:\/\/www.immobilienbusiness.ch\/fr\/unternehmen\/2024-04-15\/ubs-fonds-sima-plant-213-millionen-schwere-emission\/","title":{"rendered":"Le fonds UBS \"Sima\" pr\u00e9voit une \u00e9mission de 213 millions de dollars"},"content":{"rendered":"<figure id=\"attachment_10311\" aria-describedby=\"caption-attachment-10311\" style=\"width: 639px\" class=\"wp-caption alignnone\"><a href=\"https:\/\/www.immobilienbusiness.ch\/wp-content\/uploads\/2017\/11\/IB-News-20171128-Anlagefonds-Bonhote-Immobilier-Geschaeftszahlen-2016-2017.png\"><img loading=\"lazy\" decoding=\"async\" class=\"wp-image-10311 size-full\" src=\"https:\/\/www.immobilienbusiness.ch\/wp-content\/uploads\/2017\/11\/IB-News-20171128-Anlagefonds-Bonhote-Immobilier-Geschaeftszahlen-2016-2017.png\" alt=\"Kapitalerh\u00f6hung UBS Sima\" width=\"639\" height=\"426\" srcset=\"https:\/\/www.immobilienbusiness.ch\/wp-content\/uploads\/2017\/11\/IB-News-20171128-Anlagefonds-Bonhote-Immobilier-Geschaeftszahlen-2016-2017.png 639w, https:\/\/www.immobilienbusiness.ch\/wp-content\/uploads\/2017\/11\/IB-News-20171128-Anlagefonds-Bonhote-Immobilier-Geschaeftszahlen-2016-2017-300x200.png 300w, https:\/\/www.immobilienbusiness.ch\/wp-content\/uploads\/2017\/11\/IB-News-20171128-Anlagefonds-Bonhote-Immobilier-Geschaeftszahlen-2016-2017-16x12.png 16w, https:\/\/www.immobilienbusiness.ch\/wp-content\/uploads\/2017\/11\/IB-News-20171128-Anlagefonds-Bonhote-Immobilier-Geschaeftszahlen-2016-2017-263x175.png 263w, https:\/\/www.immobilienbusiness.ch\/wp-content\/uploads\/2017\/11\/IB-News-20171128-Anlagefonds-Bonhote-Immobilier-Geschaeftszahlen-2016-2017-525x350.png 525w\" sizes=\"auto, (max-width: 639px) 100vw, 639px\" \/><\/a><figcaption id=\"caption-attachment-10311\" class=\"wp-caption-text\">Une \u00e9mission du poids lourd des fonds \"Sima\" devrait rapporter plus de 200 millions (Image : Pixabay)<\/figcaption><\/figure>\n<p>Du 2 au 10 mai, UBS Switzerland SA va proc\u00e9der \u00e0 une augmentation de capital avec droit de souscription pour le fonds UBS Sima. \"Des acquisitions et des projets de construction bien situ\u00e9s dans les r\u00e9gions d'Argovie et de Zurich augmentent le volume du portefeuille d'environ 213 millions de CHF au total\", \u00e9crit UBS dans son annonce. Une grande partie du produit de l'\u00e9mission sera utilis\u00e9e pour une nouvelle construction de remplacement de logements \u00e0 la Zelgstrasse \u00e0 Uster (volume de placement d'environ 87 millions), une nouvelle construction de remplacement de logements \u00e0 la Anna-Heer-Strasse \u00e0 Zurich (volume de placement de 41 millions) et l'acquisition d'un immeuble commercial \u00e0 l'Industriestrasse \u00e0 Oftringen (volume de placement de 85 millions de CHF). La lib\u00e9ration et la livraison des nouvelles parts ainsi que la publication du r\u00e9sultat de l'\u00e9mission devraient avoir lieu le 17 mai.<\/p>\n<p>Le fonds mise sur des immeubles d'habitation et des immeubles \u00e0 usage commercial offrant des revenus stables dans toute la Suisse. <em>(aw)<\/em><\/p>","protected":false},"excerpt":{"rendered":"<p>Le portefeuille doit cro\u00eetre gr\u00e2ce \u00e0 des achats suppl\u00e9mentaires dans les cantons d'Argovie et de Zurich.<\/p>","protected":false},"author":102,"featured_media":10311,"comment_status":"closed","ping_status":"closed","sticky":false,"template":"","format":"standard","meta":{"_acf_changed":false,"_yoast_wpseo_focuskw":"Kapitalerh\u00f6hung UBS Sima","_yoast_wpseo_title":"","_yoast_wpseo_metadesc":"UBS Sima f\u00fchrt vom 2. bis 10. Mai eine Kapitalerh\u00f6hung durch, um 213 Mio. CHF f\u00fcr Akquisitionen und Bauprojekte zu sammeln.","_yoast_wpseo_linkdex":58,"pgc_sgb_lightbox_settings":"","footnotes":""},"categories":[988],"tags":[1956,1344,1412,1414,2179,1978],"class_list":["post-56723","post","type-post","status-publish","format-standard","has-post-thumbnail","hentry","category-unternehmen","tag-ag","tag-immobilienfonds","tag-kapitalerhoehung","tag-kauf","tag-ubs-sima","tag-zh"],"acf":[],"yoast_head":"<!-- This site is optimized with the Yoast SEO plugin v27.4 - https:\/\/yoast.com\/product\/yoast-seo-wordpress\/ -->\n<title>UBS-Fonds \u00abSima\u00bb plant 213 Millionen schwere Emission - IMMOBILIEN Business<\/title>\n<meta name=\"description\" content=\"UBS Sima f\u00fchrt vom 2. bis 10. Mai eine Kapitalerh\u00f6hung durch, um 213 Mio. CHF f\u00fcr Akquisitionen und Bauprojekte zu sammeln.\" \/>\n<meta name=\"robots\" content=\"index, follow, max-snippet:-1, max-image-preview:large, max-video-preview:-1\" \/>\n<link rel=\"canonical\" href=\"https:\/\/www.immobilienbusiness.ch\/fr\/unternehmen\/2024-04-15\/ubs-fonds-sima-plant-213-millionen-schwere-emission\/\" \/>\n<meta property=\"og:locale\" content=\"fr_FR\" \/>\n<meta property=\"og:type\" content=\"article\" \/>\n<meta property=\"og:title\" content=\"UBS-Fonds \u00abSima\u00bb plant 213 Millionen schwere Emission - IMMOBILIEN Business\" \/>\n<meta property=\"og:description\" content=\"UBS Sima f\u00fchrt vom 2. bis 10. Mai eine Kapitalerh\u00f6hung durch, um 213 Mio. CHF f\u00fcr Akquisitionen und Bauprojekte zu sammeln.\" \/>\n<meta property=\"og:url\" content=\"https:\/\/www.immobilienbusiness.ch\/fr\/unternehmen\/2024-04-15\/ubs-fonds-sima-plant-213-millionen-schwere-emission\/\" \/>\n<meta property=\"og:site_name\" content=\"IMMOBILIEN Business\" \/>\n<meta property=\"article:publisher\" content=\"https:\/\/www.facebook.com\/immobilienbusiness\/\" \/>\n<meta property=\"article:published_time\" content=\"2024-04-15T06:08:32+00:00\" \/>\n<meta property=\"article:modified_time\" content=\"2024-08-21T05:57:09+00:00\" \/>\n<meta property=\"og:image\" content=\"https:\/\/www.immobilienbusiness.ch\/wp-content\/uploads\/2017\/11\/IB-News-20171128-Anlagefonds-Bonhote-Immobilier-Geschaeftszahlen-2016-2017.png\" \/>\n\t<meta property=\"og:image:width\" content=\"639\" \/>\n\t<meta property=\"og:image:height\" content=\"426\" \/>\n\t<meta property=\"og:image:type\" content=\"image\/png\" \/>\n<meta name=\"author\" content=\"Alexander Wachter\" \/>\n<meta name=\"twitter:card\" content=\"summary_large_image\" \/>\n<script type=\"application\/ld+json\" class=\"yoast-schema-graph\">{\"@context\":\"https:\\\/\\\/schema.org\",\"@graph\":[{\"@type\":\"Article\",\"@id\":\"https:\\\/\\\/www.immobilienbusiness.ch\\\/it\\\/unternehmen\\\/2024-04-15\\\/ubs-fonds-sima-plant-213-millionen-schwere-emission\\\/#article\",\"isPartOf\":{\"@id\":\"https:\\\/\\\/www.immobilienbusiness.ch\\\/it\\\/unternehmen\\\/2024-04-15\\\/ubs-fonds-sima-plant-213-millionen-schwere-emission\\\/\"},\"author\":{\"name\":\"Alexander Wachter\",\"@id\":\"https:\\\/\\\/www.immobilienbusiness.ch\\\/#\\\/schema\\\/person\\\/aba8bea2db926aa0c24c08c43fe1fcd5\"},\"headline\":\"UBS-Fonds \u00abSima\u00bb plant 213 Millionen schwere Emission\",\"datePublished\":\"2024-04-15T06:08:32+00:00\",\"dateModified\":\"2024-08-21T05:57:09+00:00\",\"mainEntityOfPage\":{\"@id\":\"https:\\\/\\\/www.immobilienbusiness.ch\\\/it\\\/unternehmen\\\/2024-04-15\\\/ubs-fonds-sima-plant-213-millionen-schwere-emission\\\/\"},\"wordCount\":152,\"publisher\":{\"@id\":\"https:\\\/\\\/www.immobilienbusiness.ch\\\/#organization\"},\"image\":{\"@id\":\"https:\\\/\\\/www.immobilienbusiness.ch\\\/it\\\/unternehmen\\\/2024-04-15\\\/ubs-fonds-sima-plant-213-millionen-schwere-emission\\\/#primaryimage\"},\"thumbnailUrl\":\"https:\\\/\\\/www.immobilienbusiness.ch\\\/wp-content\\\/uploads\\\/2017\\\/11\\\/IB-News-20171128-Anlagefonds-Bonhote-Immobilier-Geschaeftszahlen-2016-2017.png\",\"keywords\":[\"AG\",\"Immobilienfonds\",\"Kapitalerh\u00f6hung\",\"Kauf\",\"UBS Sima\",\"ZH\"],\"articleSection\":[\"UNTERNEHMEN\"],\"inLanguage\":\"fr-FR\"},{\"@type\":\"WebPage\",\"@id\":\"https:\\\/\\\/www.immobilienbusiness.ch\\\/it\\\/unternehmen\\\/2024-04-15\\\/ubs-fonds-sima-plant-213-millionen-schwere-emission\\\/\",\"url\":\"https:\\\/\\\/www.immobilienbusiness.ch\\\/it\\\/unternehmen\\\/2024-04-15\\\/ubs-fonds-sima-plant-213-millionen-schwere-emission\\\/\",\"name\":\"UBS-Fonds \u00abSima\u00bb plant 213 Millionen schwere Emission - IMMOBILIEN Business\",\"isPartOf\":{\"@id\":\"https:\\\/\\\/www.immobilienbusiness.ch\\\/#website\"},\"primaryImageOfPage\":{\"@id\":\"https:\\\/\\\/www.immobilienbusiness.ch\\\/it\\\/unternehmen\\\/2024-04-15\\\/ubs-fonds-sima-plant-213-millionen-schwere-emission\\\/#primaryimage\"},\"image\":{\"@id\":\"https:\\\/\\\/www.immobilienbusiness.ch\\\/it\\\/unternehmen\\\/2024-04-15\\\/ubs-fonds-sima-plant-213-millionen-schwere-emission\\\/#primaryimage\"},\"thumbnailUrl\":\"https:\\\/\\\/www.immobilienbusiness.ch\\\/wp-content\\\/uploads\\\/2017\\\/11\\\/IB-News-20171128-Anlagefonds-Bonhote-Immobilier-Geschaeftszahlen-2016-2017.png\",\"datePublished\":\"2024-04-15T06:08:32+00:00\",\"dateModified\":\"2024-08-21T05:57:09+00:00\",\"description\":\"UBS Sima f\u00fchrt vom 2. bis 10. Mai eine Kapitalerh\u00f6hung durch, um 213 Mio. CHF f\u00fcr Akquisitionen und Bauprojekte zu sammeln.\",\"breadcrumb\":{\"@id\":\"https:\\\/\\\/www.immobilienbusiness.ch\\\/it\\\/unternehmen\\\/2024-04-15\\\/ubs-fonds-sima-plant-213-millionen-schwere-emission\\\/#breadcrumb\"},\"inLanguage\":\"fr-FR\",\"potentialAction\":[{\"@type\":\"ReadAction\",\"target\":[\"https:\\\/\\\/www.immobilienbusiness.ch\\\/it\\\/unternehmen\\\/2024-04-15\\\/ubs-fonds-sima-plant-213-millionen-schwere-emission\\\/\"]}]},{\"@type\":\"ImageObject\",\"inLanguage\":\"fr-FR\",\"@id\":\"https:\\\/\\\/www.immobilienbusiness.ch\\\/it\\\/unternehmen\\\/2024-04-15\\\/ubs-fonds-sima-plant-213-millionen-schwere-emission\\\/#primaryimage\",\"url\":\"https:\\\/\\\/www.immobilienbusiness.ch\\\/wp-content\\\/uploads\\\/2017\\\/11\\\/IB-News-20171128-Anlagefonds-Bonhote-Immobilier-Geschaeftszahlen-2016-2017.png\",\"contentUrl\":\"https:\\\/\\\/www.immobilienbusiness.ch\\\/wp-content\\\/uploads\\\/2017\\\/11\\\/IB-News-20171128-Anlagefonds-Bonhote-Immobilier-Geschaeftszahlen-2016-2017.png\",\"width\":639,\"height\":426,\"caption\":\"Der Fonds Immobilier Romand hat im letzten Gesch\u00e4ftsjahr die Mieterl\u00f6se und das Portfolio ausgebaut (Bild: Pixabay)\"},{\"@type\":\"BreadcrumbList\",\"@id\":\"https:\\\/\\\/www.immobilienbusiness.ch\\\/it\\\/unternehmen\\\/2024-04-15\\\/ubs-fonds-sima-plant-213-millionen-schwere-emission\\\/#breadcrumb\",\"itemListElement\":[{\"@type\":\"ListItem\",\"position\":1,\"name\":\"Home\",\"item\":\"https:\\\/\\\/www.immobilienbusiness.ch\\\/\"},{\"@type\":\"ListItem\",\"position\":2,\"name\":\"UBS-Fonds \u00abSima\u00bb plant 213 Millionen schwere Emission\"}]},{\"@type\":\"WebSite\",\"@id\":\"https:\\\/\\\/www.immobilienbusiness.ch\\\/#website\",\"url\":\"https:\\\/\\\/www.immobilienbusiness.ch\\\/\",\"name\":\"IMMOBILIEN Business\",\"description\":\"Unabh\u00e4ngiges Schweizer Wirtschaftsmagazin mit Fokus auf Immobilien, Architektur- und Bau sowie Investment- und Finanzierung.\",\"publisher\":{\"@id\":\"https:\\\/\\\/www.immobilienbusiness.ch\\\/#organization\"},\"potentialAction\":[{\"@type\":\"SearchAction\",\"target\":{\"@type\":\"EntryPoint\",\"urlTemplate\":\"https:\\\/\\\/www.immobilienbusiness.ch\\\/?s={search_term_string}\"},\"query-input\":{\"@type\":\"PropertyValueSpecification\",\"valueRequired\":true,\"valueName\":\"search_term_string\"}}],\"inLanguage\":\"fr-FR\"},{\"@type\":\"Organization\",\"@id\":\"https:\\\/\\\/www.immobilienbusiness.ch\\\/#organization\",\"name\":\"IMMOBILIEN Business\",\"url\":\"https:\\\/\\\/www.immobilienbusiness.ch\\\/\",\"logo\":{\"@type\":\"ImageObject\",\"inLanguage\":\"fr-FR\",\"@id\":\"https:\\\/\\\/www.immobilienbusiness.ch\\\/#\\\/schema\\\/logo\\\/image\\\/\",\"url\":\"https:\\\/\\\/www.immobilienbusiness.ch\\\/wp-content\\\/uploads\\\/2021\\\/07\\\/logo_ib.png\",\"contentUrl\":\"https:\\\/\\\/www.immobilienbusiness.ch\\\/wp-content\\\/uploads\\\/2021\\\/07\\\/logo_ib.png\",\"width\":800,\"height\":181,\"caption\":\"IMMOBILIEN Business\"},\"image\":{\"@id\":\"https:\\\/\\\/www.immobilienbusiness.ch\\\/#\\\/schema\\\/logo\\\/image\\\/\"},\"sameAs\":[\"https:\\\/\\\/www.facebook.com\\\/immobilienbusiness\\\/\"]},{\"@type\":\"Person\",\"@id\":\"https:\\\/\\\/www.immobilienbusiness.ch\\\/#\\\/schema\\\/person\\\/aba8bea2db926aa0c24c08c43fe1fcd5\",\"name\":\"Alexander Wachter\",\"image\":{\"@type\":\"ImageObject\",\"inLanguage\":\"fr-FR\",\"@id\":\"https:\\\/\\\/secure.gravatar.com\\\/avatar\\\/1a09e471f5389b0e0a6416eac287e0927c7c97a7b77f9e787eba3af7aee281dd?s=96&d=mm&r=g\",\"url\":\"https:\\\/\\\/secure.gravatar.com\\\/avatar\\\/1a09e471f5389b0e0a6416eac287e0927c7c97a7b77f9e787eba3af7aee281dd?s=96&d=mm&r=g\",\"contentUrl\":\"https:\\\/\\\/secure.gravatar.com\\\/avatar\\\/1a09e471f5389b0e0a6416eac287e0927c7c97a7b77f9e787eba3af7aee281dd?s=96&d=mm&r=g\",\"caption\":\"Alexander Wachter\"},\"url\":\"https:\\\/\\\/www.immobilienbusiness.ch\\\/fr\\\/author\\\/alexander-wachter\\\/\"}]}<\/script>\n<!-- \/ Yoast SEO plugin. -->","yoast_head_json":{"title":"UBS-Fonds \u00abSima\u00bb plant 213 Millionen schwere Emission - IMMOBILIEN Business","description":"UBS Sima f\u00fchrt vom 2. bis 10. Mai eine Kapitalerh\u00f6hung durch, um 213 Mio. CHF f\u00fcr Akquisitionen und Bauprojekte zu sammeln.","robots":{"index":"index","follow":"follow","max-snippet":"max-snippet:-1","max-image-preview":"max-image-preview:large","max-video-preview":"max-video-preview:-1"},"canonical":"https:\/\/www.immobilienbusiness.ch\/fr\/unternehmen\/2024-04-15\/ubs-fonds-sima-plant-213-millionen-schwere-emission\/","og_locale":"fr_FR","og_type":"article","og_title":"UBS-Fonds \u00abSima\u00bb plant 213 Millionen schwere Emission - IMMOBILIEN Business","og_description":"UBS Sima f\u00fchrt vom 2. bis 10. Mai eine Kapitalerh\u00f6hung durch, um 213 Mio. CHF f\u00fcr Akquisitionen und Bauprojekte zu sammeln.","og_url":"https:\/\/www.immobilienbusiness.ch\/fr\/unternehmen\/2024-04-15\/ubs-fonds-sima-plant-213-millionen-schwere-emission\/","og_site_name":"IMMOBILIEN Business","article_publisher":"https:\/\/www.facebook.com\/immobilienbusiness\/","article_published_time":"2024-04-15T06:08:32+00:00","article_modified_time":"2024-08-21T05:57:09+00:00","og_image":[{"width":639,"height":426,"url":"https:\/\/www.immobilienbusiness.ch\/wp-content\/uploads\/2017\/11\/IB-News-20171128-Anlagefonds-Bonhote-Immobilier-Geschaeftszahlen-2016-2017.png","type":"image\/png"}],"author":"Alexander Wachter","twitter_card":"summary_large_image","schema":{"@context":"https:\/\/schema.org","@graph":[{"@type":"Article","@id":"https:\/\/www.immobilienbusiness.ch\/it\/unternehmen\/2024-04-15\/ubs-fonds-sima-plant-213-millionen-schwere-emission\/#article","isPartOf":{"@id":"https:\/\/www.immobilienbusiness.ch\/it\/unternehmen\/2024-04-15\/ubs-fonds-sima-plant-213-millionen-schwere-emission\/"},"author":{"name":"Alexander Wachter","@id":"https:\/\/www.immobilienbusiness.ch\/#\/schema\/person\/aba8bea2db926aa0c24c08c43fe1fcd5"},"headline":"UBS-Fonds \u00abSima\u00bb plant 213 Millionen schwere Emission","datePublished":"2024-04-15T06:08:32+00:00","dateModified":"2024-08-21T05:57:09+00:00","mainEntityOfPage":{"@id":"https:\/\/www.immobilienbusiness.ch\/it\/unternehmen\/2024-04-15\/ubs-fonds-sima-plant-213-millionen-schwere-emission\/"},"wordCount":152,"publisher":{"@id":"https:\/\/www.immobilienbusiness.ch\/#organization"},"image":{"@id":"https:\/\/www.immobilienbusiness.ch\/it\/unternehmen\/2024-04-15\/ubs-fonds-sima-plant-213-millionen-schwere-emission\/#primaryimage"},"thumbnailUrl":"https:\/\/www.immobilienbusiness.ch\/wp-content\/uploads\/2017\/11\/IB-News-20171128-Anlagefonds-Bonhote-Immobilier-Geschaeftszahlen-2016-2017.png","keywords":["AG","Immobilienfonds","Kapitalerh\u00f6hung","Kauf","UBS Sima","ZH"],"articleSection":["UNTERNEHMEN"],"inLanguage":"fr-FR"},{"@type":"WebPage","@id":"https:\/\/www.immobilienbusiness.ch\/it\/unternehmen\/2024-04-15\/ubs-fonds-sima-plant-213-millionen-schwere-emission\/","url":"https:\/\/www.immobilienbusiness.ch\/it\/unternehmen\/2024-04-15\/ubs-fonds-sima-plant-213-millionen-schwere-emission\/","name":"UBS-Fonds \u00abSima\u00bb plant 213 Millionen schwere Emission - IMMOBILIEN Business","isPartOf":{"@id":"https:\/\/www.immobilienbusiness.ch\/#website"},"primaryImageOfPage":{"@id":"https:\/\/www.immobilienbusiness.ch\/it\/unternehmen\/2024-04-15\/ubs-fonds-sima-plant-213-millionen-schwere-emission\/#primaryimage"},"image":{"@id":"https:\/\/www.immobilienbusiness.ch\/it\/unternehmen\/2024-04-15\/ubs-fonds-sima-plant-213-millionen-schwere-emission\/#primaryimage"},"thumbnailUrl":"https:\/\/www.immobilienbusiness.ch\/wp-content\/uploads\/2017\/11\/IB-News-20171128-Anlagefonds-Bonhote-Immobilier-Geschaeftszahlen-2016-2017.png","datePublished":"2024-04-15T06:08:32+00:00","dateModified":"2024-08-21T05:57:09+00:00","description":"UBS Sima f\u00fchrt vom 2. bis 10. Mai eine Kapitalerh\u00f6hung durch, um 213 Mio. CHF f\u00fcr Akquisitionen und Bauprojekte zu sammeln.","breadcrumb":{"@id":"https:\/\/www.immobilienbusiness.ch\/it\/unternehmen\/2024-04-15\/ubs-fonds-sima-plant-213-millionen-schwere-emission\/#breadcrumb"},"inLanguage":"fr-FR","potentialAction":[{"@type":"ReadAction","target":["https:\/\/www.immobilienbusiness.ch\/it\/unternehmen\/2024-04-15\/ubs-fonds-sima-plant-213-millionen-schwere-emission\/"]}]},{"@type":"ImageObject","inLanguage":"fr-FR","@id":"https:\/\/www.immobilienbusiness.ch\/it\/unternehmen\/2024-04-15\/ubs-fonds-sima-plant-213-millionen-schwere-emission\/#primaryimage","url":"https:\/\/www.immobilienbusiness.ch\/wp-content\/uploads\/2017\/11\/IB-News-20171128-Anlagefonds-Bonhote-Immobilier-Geschaeftszahlen-2016-2017.png","contentUrl":"https:\/\/www.immobilienbusiness.ch\/wp-content\/uploads\/2017\/11\/IB-News-20171128-Anlagefonds-Bonhote-Immobilier-Geschaeftszahlen-2016-2017.png","width":639,"height":426,"caption":"Der Fonds Immobilier Romand hat im letzten Gesch\u00e4ftsjahr die Mieterl\u00f6se und das Portfolio ausgebaut (Bild: Pixabay)"},{"@type":"BreadcrumbList","@id":"https:\/\/www.immobilienbusiness.ch\/it\/unternehmen\/2024-04-15\/ubs-fonds-sima-plant-213-millionen-schwere-emission\/#breadcrumb","itemListElement":[{"@type":"ListItem","position":1,"name":"Home","item":"https:\/\/www.immobilienbusiness.ch\/"},{"@type":"ListItem","position":2,"name":"UBS-Fonds \u00abSima\u00bb plant 213 Millionen schwere Emission"}]},{"@type":"WebSite","@id":"https:\/\/www.immobilienbusiness.ch\/#website","url":"https:\/\/www.immobilienbusiness.ch\/","name":"IMMOBILIER Business","description":"Magazine \u00e9conomique suisse ind\u00e9pendant ax\u00e9 sur l'immobilier, l'architecture et la construction ainsi que sur les investissements et le financement.","publisher":{"@id":"https:\/\/www.immobilienbusiness.ch\/#organization"},"potentialAction":[{"@type":"SearchAction","target":{"@type":"EntryPoint","urlTemplate":"https:\/\/www.immobilienbusiness.ch\/?s={search_term_string}"},"query-input":{"@type":"PropertyValueSpecification","valueRequired":true,"valueName":"search_term_string"}}],"inLanguage":"fr-FR"},{"@type":"Organization","@id":"https:\/\/www.immobilienbusiness.ch\/#organization","name":"IMMOBILIER Business","url":"https:\/\/www.immobilienbusiness.ch\/","logo":{"@type":"ImageObject","inLanguage":"fr-FR","@id":"https:\/\/www.immobilienbusiness.ch\/#\/schema\/logo\/image\/","url":"https:\/\/www.immobilienbusiness.ch\/wp-content\/uploads\/2021\/07\/logo_ib.png","contentUrl":"https:\/\/www.immobilienbusiness.ch\/wp-content\/uploads\/2021\/07\/logo_ib.png","width":800,"height":181,"caption":"IMMOBILIEN Business"},"image":{"@id":"https:\/\/www.immobilienbusiness.ch\/#\/schema\/logo\/image\/"},"sameAs":["https:\/\/www.facebook.com\/immobilienbusiness\/"]},{"@type":"Person","@id":"https:\/\/www.immobilienbusiness.ch\/#\/schema\/person\/aba8bea2db926aa0c24c08c43fe1fcd5","name":"Alexander Wachter","image":{"@type":"ImageObject","inLanguage":"fr-FR","@id":"https:\/\/secure.gravatar.com\/avatar\/1a09e471f5389b0e0a6416eac287e0927c7c97a7b77f9e787eba3af7aee281dd?s=96&d=mm&r=g","url":"https:\/\/secure.gravatar.com\/avatar\/1a09e471f5389b0e0a6416eac287e0927c7c97a7b77f9e787eba3af7aee281dd?s=96&d=mm&r=g","contentUrl":"https:\/\/secure.gravatar.com\/avatar\/1a09e471f5389b0e0a6416eac287e0927c7c97a7b77f9e787eba3af7aee281dd?s=96&d=mm&r=g","caption":"Alexander Wachter"},"url":"https:\/\/www.immobilienbusiness.ch\/fr\/author\/alexander-wachter\/"}]}},"_links":{"self":[{"href":"https:\/\/www.immobilienbusiness.ch\/fr\/wp-json\/wp\/v2\/posts\/56723","targetHints":{"allow":["GET"]}}],"collection":[{"href":"https:\/\/www.immobilienbusiness.ch\/fr\/wp-json\/wp\/v2\/posts"}],"about":[{"href":"https:\/\/www.immobilienbusiness.ch\/fr\/wp-json\/wp\/v2\/types\/post"}],"author":[{"embeddable":true,"href":"https:\/\/www.immobilienbusiness.ch\/fr\/wp-json\/wp\/v2\/users\/102"}],"replies":[{"embeddable":true,"href":"https:\/\/www.immobilienbusiness.ch\/fr\/wp-json\/wp\/v2\/comments?post=56723"}],"version-history":[{"count":6,"href":"https:\/\/www.immobilienbusiness.ch\/fr\/wp-json\/wp\/v2\/posts\/56723\/revisions"}],"predecessor-version":[{"id":58972,"href":"https:\/\/www.immobilienbusiness.ch\/fr\/wp-json\/wp\/v2\/posts\/56723\/revisions\/58972"}],"wp:featuredmedia":[{"embeddable":true,"href":"https:\/\/www.immobilienbusiness.ch\/fr\/wp-json\/wp\/v2\/media\/10311"}],"wp:attachment":[{"href":"https:\/\/www.immobilienbusiness.ch\/fr\/wp-json\/wp\/v2\/media?parent=56723"}],"wp:term":[{"taxonomy":"category","embeddable":true,"href":"https:\/\/www.immobilienbusiness.ch\/fr\/wp-json\/wp\/v2\/categories?post=56723"},{"taxonomy":"post_tag","embeddable":true,"href":"https:\/\/www.immobilienbusiness.ch\/fr\/wp-json\/wp\/v2\/tags?post=56723"}],"curies":[{"name":"wp","href":"https:\/\/api.w.org\/{rel}","templated":true}]}}