{"id":56431,"date":"2024-03-15T07:15:49","date_gmt":"2024-03-15T06:15:49","guid":{"rendered":"https:\/\/www.immobilienbusiness.ch\/?p=56431"},"modified":"2024-03-20T20:42:31","modified_gmt":"2024-03-20T19:42:31","slug":"aarau-verzoegert-sich-die-entwicklung-des-kasernenareals","status":"publish","type":"post","link":"https:\/\/www.immobilienbusiness.ch\/fr\/ib\/2024-03-15\/aarau-verzoegert-sich-die-entwicklung-des-kasernenareals\/","title":{"rendered":"Aarau : le d\u00e9veloppement de la zone des casernes est-il retard\u00e9 ?"},"content":{"rendered":"<div class=\"swpm-post-not-logged-in-msg\">Vous devez \u00eatre connect\u00e9 pour voir ce contenu. Veuillez consulter <a class=\"swpm-login-link\" href=\"https:\/\/www.immobilienbusiness.ch\/fr\/login\/?swpm_redirect_to=https%3A%2F%2Fwww.immobilienbusiness.ch%2Ffr%2Fwp-json%2Fwp%2Fv2%2Fposts%2F56431\">Connexion<\/a>. Vous n'\u00eates pas membre ? <a href=\"https:\/\/www.immobilienbusiness.ch\/fr\/registrieren\/\">Nous Rejoindre<\/a><\/div>","protected":false},"excerpt":{"rendered":"<p>Le canton d'Argovie a prolong\u00e9 le contrat de location avec Armasuisse. Le conseil municipal d'Aarau estime que c'est \"incompr\u00e9hensible\", \u00e9tant donn\u00e9 qu'il existe d\u00e9j\u00e0 des plans pour le d\u00e9veloppement de ce grand site proche du centre-ville.<\/p>","protected":false},"author":3,"featured_media":23185,"comment_status":"closed","ping_status":"closed","sticky":false,"template":"","format":"standard","meta":{"_acf_changed":false,"_yoast_wpseo_focuskw":"Kasernenareal","_yoast_wpseo_title":"","_yoast_wpseo_metadesc":"Der Regierungsrat des Kantons Aargau hat den Mietvertrag mit Armasuisse \u00fcber das Kasernenareal \u00fcberraschend verl\u00e4ngert.","_yoast_wpseo_linkdex":59,"pgc_sgb_lightbox_settings":"","footnotes":""},"categories":[1951,985],"tags":[992,1937,1600],"class_list":["post-56431","post","type-post","status-publish","format-standard","has-post-thumbnail","hentry","category-ib","category-regionen","tag-aarau","tag-arealentwicklung","tag-projekt-in-planung"],"acf":[],"yoast_head":"<!-- This site is optimized with the Yoast SEO plugin v27.4 - https:\/\/yoast.com\/product\/yoast-seo-wordpress\/ -->\n<title>Aarau: Verz\u00f6gert sich die Entwicklung des Kasernenareals? - IMMOBILIEN Business<\/title>\n<meta name=\"description\" content=\"Der Regierungsrat des Kantons Aargau hat den Mietvertrag mit Armasuisse \u00fcber das Kasernenareal \u00fcberraschend verl\u00e4ngert.\" \/>\n<meta name=\"robots\" content=\"index, follow, max-snippet:-1, max-image-preview:large, max-video-preview:-1\" \/>\n<link rel=\"canonical\" href=\"https:\/\/www.immobilienbusiness.ch\/fr\/ib\/2024-03-15\/aarau-verzoegert-sich-die-entwicklung-des-kasernenareals\/\" \/>\n<meta property=\"og:locale\" content=\"fr_FR\" \/>\n<meta property=\"og:type\" content=\"article\" \/>\n<meta property=\"og:title\" content=\"Aarau: Verz\u00f6gert sich die Entwicklung des Kasernenareals? - IMMOBILIEN Business\" \/>\n<meta property=\"og:description\" content=\"Der Regierungsrat des Kantons Aargau hat den Mietvertrag mit Armasuisse \u00fcber das Kasernenareal \u00fcberraschend verl\u00e4ngert.\" \/>\n<meta property=\"og:url\" content=\"https:\/\/www.immobilienbusiness.ch\/fr\/ib\/2024-03-15\/aarau-verzoegert-sich-die-entwicklung-des-kasernenareals\/\" \/>\n<meta property=\"og:site_name\" content=\"IMMOBILIEN Business\" \/>\n<meta property=\"article:publisher\" content=\"https:\/\/www.facebook.com\/immobilienbusiness\/\" \/>\n<meta property=\"article:published_time\" content=\"2024-03-15T06:15:49+00:00\" \/>\n<meta property=\"article:modified_time\" content=\"2024-03-20T19:42:31+00:00\" \/>\n<meta property=\"og:image\" content=\"https:\/\/www.immobilienbusiness.ch\/wp-content\/uploads\/2021\/01\/Aarau-1024x682.jpg\" \/>\n\t<meta property=\"og:image:width\" content=\"1024\" \/>\n\t<meta property=\"og:image:height\" content=\"682\" \/>\n\t<meta property=\"og:image:type\" content=\"image\/jpeg\" \/>\n<meta name=\"author\" content=\"anja.hall\" \/>\n<meta name=\"twitter:card\" content=\"summary_large_image\" \/>\n<script type=\"application\/ld+json\" class=\"yoast-schema-graph\">{\"@context\":\"https:\\\/\\\/schema.org\",\"@graph\":[{\"@type\":\"Article\",\"@id\":\"https:\\\/\\\/www.immobilienbusiness.ch\\\/fr\\\/ib\\\/2024-03-15\\\/aarau-verzoegert-sich-die-entwicklung-des-kasernenareals\\\/#article\",\"isPartOf\":{\"@id\":\"https:\\\/\\\/www.immobilienbusiness.ch\\\/fr\\\/ib\\\/2024-03-15\\\/aarau-verzoegert-sich-die-entwicklung-des-kasernenareals\\\/\"},\"author\":{\"name\":\"anja.hall\",\"@id\":\"https:\\\/\\\/www.immobilienbusiness.ch\\\/#\\\/schema\\\/person\\\/3fc036297b10b9f42d6db5ee932af8c8\"},\"headline\":\"Aarau: Verz\u00f6gert sich die Entwicklung des Kasernenareals?\",\"datePublished\":\"2024-03-15T06:15:49+00:00\",\"dateModified\":\"2024-03-20T19:42:31+00:00\",\"mainEntityOfPage\":{\"@id\":\"https:\\\/\\\/www.immobilienbusiness.ch\\\/fr\\\/ib\\\/2024-03-15\\\/aarau-verzoegert-sich-die-entwicklung-des-kasernenareals\\\/\"},\"wordCount\":431,\"publisher\":{\"@id\":\"https:\\\/\\\/www.immobilienbusiness.ch\\\/#organization\"},\"image\":{\"@id\":\"https:\\\/\\\/www.immobilienbusiness.ch\\\/fr\\\/ib\\\/2024-03-15\\\/aarau-verzoegert-sich-die-entwicklung-des-kasernenareals\\\/#primaryimage\"},\"thumbnailUrl\":\"https:\\\/\\\/www.immobilienbusiness.ch\\\/wp-content\\\/uploads\\\/2021\\\/01\\\/Aarau.jpg\",\"keywords\":[\"Aarau\",\"Arealentwicklung\",\"Projekt in Planung\"],\"articleSection\":[\"IB+\",\"REGIONEN\"],\"inLanguage\":\"fr-FR\"},{\"@type\":\"WebPage\",\"@id\":\"https:\\\/\\\/www.immobilienbusiness.ch\\\/fr\\\/ib\\\/2024-03-15\\\/aarau-verzoegert-sich-die-entwicklung-des-kasernenareals\\\/\",\"url\":\"https:\\\/\\\/www.immobilienbusiness.ch\\\/fr\\\/ib\\\/2024-03-15\\\/aarau-verzoegert-sich-die-entwicklung-des-kasernenareals\\\/\",\"name\":\"Aarau: Verz\u00f6gert sich die Entwicklung des Kasernenareals? - IMMOBILIEN Business\",\"isPartOf\":{\"@id\":\"https:\\\/\\\/www.immobilienbusiness.ch\\\/#website\"},\"primaryImageOfPage\":{\"@id\":\"https:\\\/\\\/www.immobilienbusiness.ch\\\/fr\\\/ib\\\/2024-03-15\\\/aarau-verzoegert-sich-die-entwicklung-des-kasernenareals\\\/#primaryimage\"},\"image\":{\"@id\":\"https:\\\/\\\/www.immobilienbusiness.ch\\\/fr\\\/ib\\\/2024-03-15\\\/aarau-verzoegert-sich-die-entwicklung-des-kasernenareals\\\/#primaryimage\"},\"thumbnailUrl\":\"https:\\\/\\\/www.immobilienbusiness.ch\\\/wp-content\\\/uploads\\\/2021\\\/01\\\/Aarau.jpg\",\"datePublished\":\"2024-03-15T06:15:49+00:00\",\"dateModified\":\"2024-03-20T19:42:31+00:00\",\"description\":\"Der Regierungsrat des Kantons Aargau hat den Mietvertrag mit Armasuisse \u00fcber das Kasernenareal \u00fcberraschend verl\u00e4ngert.\",\"breadcrumb\":{\"@id\":\"https:\\\/\\\/www.immobilienbusiness.ch\\\/fr\\\/ib\\\/2024-03-15\\\/aarau-verzoegert-sich-die-entwicklung-des-kasernenareals\\\/#breadcrumb\"},\"inLanguage\":\"fr-FR\",\"potentialAction\":[{\"@type\":\"ReadAction\",\"target\":[\"https:\\\/\\\/www.immobilienbusiness.ch\\\/fr\\\/ib\\\/2024-03-15\\\/aarau-verzoegert-sich-die-entwicklung-des-kasernenareals\\\/\"]}]},{\"@type\":\"ImageObject\",\"inLanguage\":\"fr-FR\",\"@id\":\"https:\\\/\\\/www.immobilienbusiness.ch\\\/fr\\\/ib\\\/2024-03-15\\\/aarau-verzoegert-sich-die-entwicklung-des-kasernenareals\\\/#primaryimage\",\"url\":\"https:\\\/\\\/www.immobilienbusiness.ch\\\/wp-content\\\/uploads\\\/2021\\\/01\\\/Aarau.jpg\",\"contentUrl\":\"https:\\\/\\\/www.immobilienbusiness.ch\\\/wp-content\\\/uploads\\\/2021\\\/01\\\/Aarau.jpg\",\"width\":2560,\"height\":1706,\"caption\":\"Aarau (Bild: Freaktalius, CC BY-SA 4.0, Wikimedia Commons)\"},{\"@type\":\"BreadcrumbList\",\"@id\":\"https:\\\/\\\/www.immobilienbusiness.ch\\\/fr\\\/ib\\\/2024-03-15\\\/aarau-verzoegert-sich-die-entwicklung-des-kasernenareals\\\/#breadcrumb\",\"itemListElement\":[{\"@type\":\"ListItem\",\"position\":1,\"name\":\"Home\",\"item\":\"https:\\\/\\\/www.immobilienbusiness.ch\\\/\"},{\"@type\":\"ListItem\",\"position\":2,\"name\":\"Aarau: Verz\u00f6gert sich die Entwicklung des Kasernenareals?\"}]},{\"@type\":\"WebSite\",\"@id\":\"https:\\\/\\\/www.immobilienbusiness.ch\\\/#website\",\"url\":\"https:\\\/\\\/www.immobilienbusiness.ch\\\/\",\"name\":\"IMMOBILIEN Business\",\"description\":\"Unabh\u00e4ngiges Schweizer Wirtschaftsmagazin mit Fokus auf Immobilien, Architektur- und Bau sowie Investment- und Finanzierung.\",\"publisher\":{\"@id\":\"https:\\\/\\\/www.immobilienbusiness.ch\\\/#organization\"},\"potentialAction\":[{\"@type\":\"SearchAction\",\"target\":{\"@type\":\"EntryPoint\",\"urlTemplate\":\"https:\\\/\\\/www.immobilienbusiness.ch\\\/?s={search_term_string}\"},\"query-input\":{\"@type\":\"PropertyValueSpecification\",\"valueRequired\":true,\"valueName\":\"search_term_string\"}}],\"inLanguage\":\"fr-FR\"},{\"@type\":\"Organization\",\"@id\":\"https:\\\/\\\/www.immobilienbusiness.ch\\\/#organization\",\"name\":\"IMMOBILIEN Business\",\"url\":\"https:\\\/\\\/www.immobilienbusiness.ch\\\/\",\"logo\":{\"@type\":\"ImageObject\",\"inLanguage\":\"fr-FR\",\"@id\":\"https:\\\/\\\/www.immobilienbusiness.ch\\\/#\\\/schema\\\/logo\\\/image\\\/\",\"url\":\"https:\\\/\\\/www.immobilienbusiness.ch\\\/wp-content\\\/uploads\\\/2021\\\/07\\\/logo_ib.png\",\"contentUrl\":\"https:\\\/\\\/www.immobilienbusiness.ch\\\/wp-content\\\/uploads\\\/2021\\\/07\\\/logo_ib.png\",\"width\":800,\"height\":181,\"caption\":\"IMMOBILIEN Business\"},\"image\":{\"@id\":\"https:\\\/\\\/www.immobilienbusiness.ch\\\/#\\\/schema\\\/logo\\\/image\\\/\"},\"sameAs\":[\"https:\\\/\\\/www.facebook.com\\\/immobilienbusiness\\\/\"]},{\"@type\":\"Person\",\"@id\":\"https:\\\/\\\/www.immobilienbusiness.ch\\\/#\\\/schema\\\/person\\\/3fc036297b10b9f42d6db5ee932af8c8\",\"name\":\"anja.hall\",\"image\":{\"@type\":\"ImageObject\",\"inLanguage\":\"fr-FR\",\"@id\":\"https:\\\/\\\/secure.gravatar.com\\\/avatar\\\/066b5a0d447013502c71a5782f4f3469f03cfe595cc2329fb94652fe47511bfb?s=96&d=mm&r=g\",\"url\":\"https:\\\/\\\/secure.gravatar.com\\\/avatar\\\/066b5a0d447013502c71a5782f4f3469f03cfe595cc2329fb94652fe47511bfb?s=96&d=mm&r=g\",\"contentUrl\":\"https:\\\/\\\/secure.gravatar.com\\\/avatar\\\/066b5a0d447013502c71a5782f4f3469f03cfe595cc2329fb94652fe47511bfb?s=96&d=mm&r=g\",\"caption\":\"anja.hall\"},\"url\":\"https:\\\/\\\/www.immobilienbusiness.ch\\\/fr\\\/author\\\/anja-hall\\\/\"}]}<\/script>\n<!-- \/ Yoast SEO plugin. -->","yoast_head_json":{"title":"Aarau: Verz\u00f6gert sich die Entwicklung des Kasernenareals? - IMMOBILIEN Business","description":"Der Regierungsrat des Kantons Aargau hat den Mietvertrag mit Armasuisse \u00fcber das Kasernenareal \u00fcberraschend verl\u00e4ngert.","robots":{"index":"index","follow":"follow","max-snippet":"max-snippet:-1","max-image-preview":"max-image-preview:large","max-video-preview":"max-video-preview:-1"},"canonical":"https:\/\/www.immobilienbusiness.ch\/fr\/ib\/2024-03-15\/aarau-verzoegert-sich-die-entwicklung-des-kasernenareals\/","og_locale":"fr_FR","og_type":"article","og_title":"Aarau: Verz\u00f6gert sich die Entwicklung des Kasernenareals? - IMMOBILIEN Business","og_description":"Der Regierungsrat des Kantons Aargau hat den Mietvertrag mit Armasuisse \u00fcber das Kasernenareal \u00fcberraschend verl\u00e4ngert.","og_url":"https:\/\/www.immobilienbusiness.ch\/fr\/ib\/2024-03-15\/aarau-verzoegert-sich-die-entwicklung-des-kasernenareals\/","og_site_name":"IMMOBILIEN Business","article_publisher":"https:\/\/www.facebook.com\/immobilienbusiness\/","article_published_time":"2024-03-15T06:15:49+00:00","article_modified_time":"2024-03-20T19:42:31+00:00","og_image":[{"width":1024,"height":682,"url":"https:\/\/www.immobilienbusiness.ch\/wp-content\/uploads\/2021\/01\/Aarau-1024x682.jpg","type":"image\/jpeg"}],"author":"anja.hall","twitter_card":"summary_large_image","schema":{"@context":"https:\/\/schema.org","@graph":[{"@type":"Article","@id":"https:\/\/www.immobilienbusiness.ch\/fr\/ib\/2024-03-15\/aarau-verzoegert-sich-die-entwicklung-des-kasernenareals\/#article","isPartOf":{"@id":"https:\/\/www.immobilienbusiness.ch\/fr\/ib\/2024-03-15\/aarau-verzoegert-sich-die-entwicklung-des-kasernenareals\/"},"author":{"name":"anja.hall","@id":"https:\/\/www.immobilienbusiness.ch\/#\/schema\/person\/3fc036297b10b9f42d6db5ee932af8c8"},"headline":"Aarau: Verz\u00f6gert sich die Entwicklung des Kasernenareals?","datePublished":"2024-03-15T06:15:49+00:00","dateModified":"2024-03-20T19:42:31+00:00","mainEntityOfPage":{"@id":"https:\/\/www.immobilienbusiness.ch\/fr\/ib\/2024-03-15\/aarau-verzoegert-sich-die-entwicklung-des-kasernenareals\/"},"wordCount":431,"publisher":{"@id":"https:\/\/www.immobilienbusiness.ch\/#organization"},"image":{"@id":"https:\/\/www.immobilienbusiness.ch\/fr\/ib\/2024-03-15\/aarau-verzoegert-sich-die-entwicklung-des-kasernenareals\/#primaryimage"},"thumbnailUrl":"https:\/\/www.immobilienbusiness.ch\/wp-content\/uploads\/2021\/01\/Aarau.jpg","keywords":["Aarau","Arealentwicklung","Projekt in Planung"],"articleSection":["IB+","REGIONEN"],"inLanguage":"fr-FR"},{"@type":"WebPage","@id":"https:\/\/www.immobilienbusiness.ch\/fr\/ib\/2024-03-15\/aarau-verzoegert-sich-die-entwicklung-des-kasernenareals\/","url":"https:\/\/www.immobilienbusiness.ch\/fr\/ib\/2024-03-15\/aarau-verzoegert-sich-die-entwicklung-des-kasernenareals\/","name":"Aarau: Verz\u00f6gert sich die Entwicklung des Kasernenareals? - IMMOBILIEN Business","isPartOf":{"@id":"https:\/\/www.immobilienbusiness.ch\/#website"},"primaryImageOfPage":{"@id":"https:\/\/www.immobilienbusiness.ch\/fr\/ib\/2024-03-15\/aarau-verzoegert-sich-die-entwicklung-des-kasernenareals\/#primaryimage"},"image":{"@id":"https:\/\/www.immobilienbusiness.ch\/fr\/ib\/2024-03-15\/aarau-verzoegert-sich-die-entwicklung-des-kasernenareals\/#primaryimage"},"thumbnailUrl":"https:\/\/www.immobilienbusiness.ch\/wp-content\/uploads\/2021\/01\/Aarau.jpg","datePublished":"2024-03-15T06:15:49+00:00","dateModified":"2024-03-20T19:42:31+00:00","description":"Der Regierungsrat des Kantons Aargau hat den Mietvertrag mit Armasuisse \u00fcber das Kasernenareal \u00fcberraschend verl\u00e4ngert.","breadcrumb":{"@id":"https:\/\/www.immobilienbusiness.ch\/fr\/ib\/2024-03-15\/aarau-verzoegert-sich-die-entwicklung-des-kasernenareals\/#breadcrumb"},"inLanguage":"fr-FR","potentialAction":[{"@type":"ReadAction","target":["https:\/\/www.immobilienbusiness.ch\/fr\/ib\/2024-03-15\/aarau-verzoegert-sich-die-entwicklung-des-kasernenareals\/"]}]},{"@type":"ImageObject","inLanguage":"fr-FR","@id":"https:\/\/www.immobilienbusiness.ch\/fr\/ib\/2024-03-15\/aarau-verzoegert-sich-die-entwicklung-des-kasernenareals\/#primaryimage","url":"https:\/\/www.immobilienbusiness.ch\/wp-content\/uploads\/2021\/01\/Aarau.jpg","contentUrl":"https:\/\/www.immobilienbusiness.ch\/wp-content\/uploads\/2021\/01\/Aarau.jpg","width":2560,"height":1706,"caption":"Aarau (Bild: Freaktalius, CC BY-SA 4.0, Wikimedia Commons)"},{"@type":"BreadcrumbList","@id":"https:\/\/www.immobilienbusiness.ch\/fr\/ib\/2024-03-15\/aarau-verzoegert-sich-die-entwicklung-des-kasernenareals\/#breadcrumb","itemListElement":[{"@type":"ListItem","position":1,"name":"Home","item":"https:\/\/www.immobilienbusiness.ch\/"},{"@type":"ListItem","position":2,"name":"Aarau: Verz\u00f6gert sich die Entwicklung des Kasernenareals?"}]},{"@type":"WebSite","@id":"https:\/\/www.immobilienbusiness.ch\/#website","url":"https:\/\/www.immobilienbusiness.ch\/","name":"IMMOBILIER Business","description":"Magazine \u00e9conomique suisse ind\u00e9pendant ax\u00e9 sur l'immobilier, l'architecture et la construction ainsi que sur les investissements et le financement.","publisher":{"@id":"https:\/\/www.immobilienbusiness.ch\/#organization"},"potentialAction":[{"@type":"SearchAction","target":{"@type":"EntryPoint","urlTemplate":"https:\/\/www.immobilienbusiness.ch\/?s={search_term_string}"},"query-input":{"@type":"PropertyValueSpecification","valueRequired":true,"valueName":"search_term_string"}}],"inLanguage":"fr-FR"},{"@type":"Organization","@id":"https:\/\/www.immobilienbusiness.ch\/#organization","name":"IMMOBILIER Business","url":"https:\/\/www.immobilienbusiness.ch\/","logo":{"@type":"ImageObject","inLanguage":"fr-FR","@id":"https:\/\/www.immobilienbusiness.ch\/#\/schema\/logo\/image\/","url":"https:\/\/www.immobilienbusiness.ch\/wp-content\/uploads\/2021\/07\/logo_ib.png","contentUrl":"https:\/\/www.immobilienbusiness.ch\/wp-content\/uploads\/2021\/07\/logo_ib.png","width":800,"height":181,"caption":"IMMOBILIEN Business"},"image":{"@id":"https:\/\/www.immobilienbusiness.ch\/#\/schema\/logo\/image\/"},"sameAs":["https:\/\/www.facebook.com\/immobilienbusiness\/"]},{"@type":"Person","@id":"https:\/\/www.immobilienbusiness.ch\/#\/schema\/person\/3fc036297b10b9f42d6db5ee932af8c8","name":"anja.hall","image":{"@type":"ImageObject","inLanguage":"fr-FR","@id":"https:\/\/secure.gravatar.com\/avatar\/066b5a0d447013502c71a5782f4f3469f03cfe595cc2329fb94652fe47511bfb?s=96&d=mm&r=g","url":"https:\/\/secure.gravatar.com\/avatar\/066b5a0d447013502c71a5782f4f3469f03cfe595cc2329fb94652fe47511bfb?s=96&d=mm&r=g","contentUrl":"https:\/\/secure.gravatar.com\/avatar\/066b5a0d447013502c71a5782f4f3469f03cfe595cc2329fb94652fe47511bfb?s=96&d=mm&r=g","caption":"anja.hall"},"url":"https:\/\/www.immobilienbusiness.ch\/fr\/author\/anja-hall\/"}]}},"_links":{"self":[{"href":"https:\/\/www.immobilienbusiness.ch\/fr\/wp-json\/wp\/v2\/posts\/56431","targetHints":{"allow":["GET"]}}],"collection":[{"href":"https:\/\/www.immobilienbusiness.ch\/fr\/wp-json\/wp\/v2\/posts"}],"about":[{"href":"https:\/\/www.immobilienbusiness.ch\/fr\/wp-json\/wp\/v2\/types\/post"}],"author":[{"embeddable":true,"href":"https:\/\/www.immobilienbusiness.ch\/fr\/wp-json\/wp\/v2\/users\/3"}],"replies":[{"embeddable":true,"href":"https:\/\/www.immobilienbusiness.ch\/fr\/wp-json\/wp\/v2\/comments?post=56431"}],"version-history":[{"count":3,"href":"https:\/\/www.immobilienbusiness.ch\/fr\/wp-json\/wp\/v2\/posts\/56431\/revisions"}],"predecessor-version":[{"id":56434,"href":"https:\/\/www.immobilienbusiness.ch\/fr\/wp-json\/wp\/v2\/posts\/56431\/revisions\/56434"}],"wp:featuredmedia":[{"embeddable":true,"href":"https:\/\/www.immobilienbusiness.ch\/fr\/wp-json\/wp\/v2\/media\/23185"}],"wp:attachment":[{"href":"https:\/\/www.immobilienbusiness.ch\/fr\/wp-json\/wp\/v2\/media?parent=56431"}],"wp:term":[{"taxonomy":"category","embeddable":true,"href":"https:\/\/www.immobilienbusiness.ch\/fr\/wp-json\/wp\/v2\/categories?post=56431"},{"taxonomy":"post_tag","embeddable":true,"href":"https:\/\/www.immobilienbusiness.ch\/fr\/wp-json\/wp\/v2\/tags?post=56431"}],"curies":[{"name":"wp","href":"https:\/\/api.w.org\/{rel}","templated":true}]}}