{"id":56400,"date":"2024-03-14T07:48:58","date_gmt":"2024-03-14T06:48:58","guid":{"rendered":"https:\/\/www.immobilienbusiness.ch\/?p=56400"},"modified":"2024-03-14T10:11:58","modified_gmt":"2024-03-14T09:11:58","slug":"immofonds-plant-townhouses-in-gemeinde-am-genfersee","status":"publish","type":"post","link":"https:\/\/www.immobilienbusiness.ch\/fr\/regionen\/2024-03-14\/immofonds-plant-townhouses-in-gemeinde-am-genfersee\/","title":{"rendered":"Immofonds pr\u00e9voit des townhouses dans une commune au bord du lac L\u00e9man"},"content":{"rendered":"<figure id=\"attachment_56401\" aria-describedby=\"caption-attachment-56401\" style=\"width: 1100px\" class=\"wp-caption alignnone\"><a href=\"https:\/\/www.immobilienbusiness.ch\/wp-content\/uploads\/2024\/03\/csm_La_Tour-de-Peilz_Garten_c14b478f1c.jpg\"><img loading=\"lazy\" decoding=\"async\" class=\"wp-image-56401 size-full\" src=\"https:\/\/www.immobilienbusiness.ch\/wp-content\/uploads\/2024\/03\/csm_La_Tour-de-Peilz_Garten_c14b478f1c-e1710406489191.jpg\" alt=\"\" width=\"1100\" height=\"733\" srcset=\"https:\/\/www.immobilienbusiness.ch\/wp-content\/uploads\/2024\/03\/csm_La_Tour-de-Peilz_Garten_c14b478f1c-e1710406489191.jpg 1100w, https:\/\/www.immobilienbusiness.ch\/wp-content\/uploads\/2024\/03\/csm_La_Tour-de-Peilz_Garten_c14b478f1c-e1710406489191-300x200.jpg 300w, https:\/\/www.immobilienbusiness.ch\/wp-content\/uploads\/2024\/03\/csm_La_Tour-de-Peilz_Garten_c14b478f1c-e1710406489191-1024x682.jpg 1024w, https:\/\/www.immobilienbusiness.ch\/wp-content\/uploads\/2024\/03\/csm_La_Tour-de-Peilz_Garten_c14b478f1c-e1710406489191-768x512.jpg 768w, https:\/\/www.immobilienbusiness.ch\/wp-content\/uploads\/2024\/03\/csm_La_Tour-de-Peilz_Garten_c14b478f1c-e1710406489191-18x12.jpg 18w, https:\/\/www.immobilienbusiness.ch\/wp-content\/uploads\/2024\/03\/csm_La_Tour-de-Peilz_Garten_c14b478f1c-e1710406489191-375x250.jpg 375w, https:\/\/www.immobilienbusiness.ch\/wp-content\/uploads\/2024\/03\/csm_La_Tour-de-Peilz_Garten_c14b478f1c-e1710406489191-525x350.jpg 525w, https:\/\/www.immobilienbusiness.ch\/wp-content\/uploads\/2024\/03\/csm_La_Tour-de-Peilz_Garten_c14b478f1c-e1710406489191-1000x666.jpg 1000w\" sizes=\"auto, (max-width: 1100px) 100vw, 1100px\" \/><\/a><figcaption id=\"caption-attachment-56401\" class=\"wp-caption-text\">Immofonds veut agrandir son immeuble \u00e0 La Tour-de-Peilz. (Visualisation OVI Images, source : Immofonds)<\/figcaption><\/figure>\n<p>L'Immofonds d\u00e9tient un immeuble de 40 appartements \u00e0 La Tour-de-Peilz et le terrain dispose, selon la direction du fonds, d'un \"potentiel de densification consid\u00e9rable\".<\/p>\n<p>Comme les b\u00e2timents existants sont en bon \u00e9tat, on a opt\u00e9 pour une densification avec une construction compl\u00e9mentaire, fait savoir le fonds.  Le projet \"Townhouses\" pr\u00e9voit cinq unit\u00e9s comprenant chacune un appartement de 6,5 pi\u00e8ces et un appartement de 2,5 pi\u00e8ces, ainsi que la mise en place d'une installation photovolta\u00efque et la revalorisation \u00e9cologique de l'espace ext\u00e9rieur. Selon la direction du fonds, la demande de permis de construire a \u00e9t\u00e9 d\u00e9pos\u00e9e en mars. Le d\u00e9but des travaux est pr\u00e9vu pour d\u00e9but 2025 et l'emm\u00e9nagement pour mi-2026. (ah)<\/p>","protected":false},"excerpt":{"rendered":"<p>La direction du fonds veut densifier un immeuble d'habitation \u00e0 La Tour-de-Peilz.<\/p>","protected":false},"author":3,"featured_media":56401,"comment_status":"closed","ping_status":"closed","sticky":false,"template":"","format":"standard","meta":{"_acf_changed":false,"_yoast_wpseo_focuskw":"Immofonds","_yoast_wpseo_title":"","_yoast_wpseo_metadesc":"Die Fondsleitung will eine Wohnliegenschaft in La Tour-de-Peilz verdichten.","_yoast_wpseo_linkdex":53,"pgc_sgb_lightbox_settings":"","footnotes":""},"categories":[985],"tags":[1261,1357,1600,1863],"class_list":["post-56400","post","type-post","status-publish","format-standard","has-post-thumbnail","hentry","category-regionen","tag-genferseeregion","tag-immofonds","tag-projekt-in-planung","tag-wohnimmobilien"],"acf":[],"yoast_head":"<!-- This site is optimized with the Yoast SEO plugin v27.4 - https:\/\/yoast.com\/product\/yoast-seo-wordpress\/ -->\n<title>Immofonds plant Townhouses in Gemeinde am Genfersee - IMMOBILIEN Business<\/title>\n<meta name=\"description\" content=\"Die Fondsleitung will eine Wohnliegenschaft in La Tour-de-Peilz verdichten.\" \/>\n<meta name=\"robots\" content=\"index, follow, max-snippet:-1, max-image-preview:large, max-video-preview:-1\" \/>\n<link rel=\"canonical\" href=\"https:\/\/www.immobilienbusiness.ch\/fr\/regionen\/2024-03-14\/immofonds-plant-townhouses-in-gemeinde-am-genfersee\/\" \/>\n<meta property=\"og:locale\" content=\"fr_FR\" \/>\n<meta property=\"og:type\" content=\"article\" \/>\n<meta property=\"og:title\" content=\"Immofonds plant Townhouses in Gemeinde am Genfersee - IMMOBILIEN Business\" \/>\n<meta property=\"og:description\" content=\"Die Fondsleitung will eine Wohnliegenschaft in La Tour-de-Peilz verdichten.\" \/>\n<meta property=\"og:url\" content=\"https:\/\/www.immobilienbusiness.ch\/fr\/regionen\/2024-03-14\/immofonds-plant-townhouses-in-gemeinde-am-genfersee\/\" \/>\n<meta property=\"og:site_name\" content=\"IMMOBILIEN Business\" \/>\n<meta property=\"article:publisher\" content=\"https:\/\/www.facebook.com\/immobilienbusiness\/\" \/>\n<meta property=\"article:published_time\" content=\"2024-03-14T06:48:58+00:00\" \/>\n<meta property=\"article:modified_time\" content=\"2024-03-14T09:11:58+00:00\" \/>\n<meta property=\"og:image\" content=\"https:\/\/www.immobilienbusiness.ch\/wp-content\/uploads\/2024\/03\/csm_La_Tour-de-Peilz_Garten_c14b478f1c-e1710406489191.jpg\" \/>\n\t<meta property=\"og:image:width\" content=\"1100\" \/>\n\t<meta property=\"og:image:height\" content=\"733\" \/>\n\t<meta property=\"og:image:type\" content=\"image\/jpeg\" \/>\n<meta name=\"author\" content=\"anja.hall\" \/>\n<meta name=\"twitter:card\" content=\"summary_large_image\" \/>\n<script type=\"application\/ld+json\" class=\"yoast-schema-graph\">{\"@context\":\"https:\\\/\\\/schema.org\",\"@graph\":[{\"@type\":\"Article\",\"@id\":\"https:\\\/\\\/www.immobilienbusiness.ch\\\/en\\\/regionen\\\/2024-03-14\\\/immofonds-plant-townhouses-in-gemeinde-am-genfersee\\\/#article\",\"isPartOf\":{\"@id\":\"https:\\\/\\\/www.immobilienbusiness.ch\\\/en\\\/regionen\\\/2024-03-14\\\/immofonds-plant-townhouses-in-gemeinde-am-genfersee\\\/\"},\"author\":{\"name\":\"anja.hall\",\"@id\":\"https:\\\/\\\/www.immobilienbusiness.ch\\\/#\\\/schema\\\/person\\\/3fc036297b10b9f42d6db5ee932af8c8\"},\"headline\":\"Immofonds plant Townhouses in Gemeinde am Genfersee\",\"datePublished\":\"2024-03-14T06:48:58+00:00\",\"dateModified\":\"2024-03-14T09:11:58+00:00\",\"mainEntityOfPage\":{\"@id\":\"https:\\\/\\\/www.immobilienbusiness.ch\\\/en\\\/regionen\\\/2024-03-14\\\/immofonds-plant-townhouses-in-gemeinde-am-genfersee\\\/\"},\"wordCount\":131,\"publisher\":{\"@id\":\"https:\\\/\\\/www.immobilienbusiness.ch\\\/#organization\"},\"image\":{\"@id\":\"https:\\\/\\\/www.immobilienbusiness.ch\\\/en\\\/regionen\\\/2024-03-14\\\/immofonds-plant-townhouses-in-gemeinde-am-genfersee\\\/#primaryimage\"},\"thumbnailUrl\":\"https:\\\/\\\/www.immobilienbusiness.ch\\\/wp-content\\\/uploads\\\/2024\\\/03\\\/csm_La_Tour-de-Peilz_Garten_c14b478f1c-e1710406489191.jpg\",\"keywords\":[\"Genferseeregion\",\"Immofonds\",\"Projekt in Planung\",\"Wohnimmobilien\"],\"articleSection\":[\"REGIONEN\"],\"inLanguage\":\"fr-FR\"},{\"@type\":\"WebPage\",\"@id\":\"https:\\\/\\\/www.immobilienbusiness.ch\\\/en\\\/regionen\\\/2024-03-14\\\/immofonds-plant-townhouses-in-gemeinde-am-genfersee\\\/\",\"url\":\"https:\\\/\\\/www.immobilienbusiness.ch\\\/en\\\/regionen\\\/2024-03-14\\\/immofonds-plant-townhouses-in-gemeinde-am-genfersee\\\/\",\"name\":\"Immofonds plant Townhouses in Gemeinde am Genfersee - IMMOBILIEN Business\",\"isPartOf\":{\"@id\":\"https:\\\/\\\/www.immobilienbusiness.ch\\\/#website\"},\"primaryImageOfPage\":{\"@id\":\"https:\\\/\\\/www.immobilienbusiness.ch\\\/en\\\/regionen\\\/2024-03-14\\\/immofonds-plant-townhouses-in-gemeinde-am-genfersee\\\/#primaryimage\"},\"image\":{\"@id\":\"https:\\\/\\\/www.immobilienbusiness.ch\\\/en\\\/regionen\\\/2024-03-14\\\/immofonds-plant-townhouses-in-gemeinde-am-genfersee\\\/#primaryimage\"},\"thumbnailUrl\":\"https:\\\/\\\/www.immobilienbusiness.ch\\\/wp-content\\\/uploads\\\/2024\\\/03\\\/csm_La_Tour-de-Peilz_Garten_c14b478f1c-e1710406489191.jpg\",\"datePublished\":\"2024-03-14T06:48:58+00:00\",\"dateModified\":\"2024-03-14T09:11:58+00:00\",\"description\":\"Die Fondsleitung will eine Wohnliegenschaft in La Tour-de-Peilz verdichten.\",\"breadcrumb\":{\"@id\":\"https:\\\/\\\/www.immobilienbusiness.ch\\\/en\\\/regionen\\\/2024-03-14\\\/immofonds-plant-townhouses-in-gemeinde-am-genfersee\\\/#breadcrumb\"},\"inLanguage\":\"fr-FR\",\"potentialAction\":[{\"@type\":\"ReadAction\",\"target\":[\"https:\\\/\\\/www.immobilienbusiness.ch\\\/en\\\/regionen\\\/2024-03-14\\\/immofonds-plant-townhouses-in-gemeinde-am-genfersee\\\/\"]}]},{\"@type\":\"ImageObject\",\"inLanguage\":\"fr-FR\",\"@id\":\"https:\\\/\\\/www.immobilienbusiness.ch\\\/en\\\/regionen\\\/2024-03-14\\\/immofonds-plant-townhouses-in-gemeinde-am-genfersee\\\/#primaryimage\",\"url\":\"https:\\\/\\\/www.immobilienbusiness.ch\\\/wp-content\\\/uploads\\\/2024\\\/03\\\/csm_La_Tour-de-Peilz_Garten_c14b478f1c-e1710406489191.jpg\",\"contentUrl\":\"https:\\\/\\\/www.immobilienbusiness.ch\\\/wp-content\\\/uploads\\\/2024\\\/03\\\/csm_La_Tour-de-Peilz_Garten_c14b478f1c-e1710406489191.jpg\",\"width\":1100,\"height\":733,\"caption\":\"Der Immofonds will seine Liegenschft in La Tou(Visualisierung OVI Images)\"},{\"@type\":\"BreadcrumbList\",\"@id\":\"https:\\\/\\\/www.immobilienbusiness.ch\\\/en\\\/regionen\\\/2024-03-14\\\/immofonds-plant-townhouses-in-gemeinde-am-genfersee\\\/#breadcrumb\",\"itemListElement\":[{\"@type\":\"ListItem\",\"position\":1,\"name\":\"Home\",\"item\":\"https:\\\/\\\/www.immobilienbusiness.ch\\\/\"},{\"@type\":\"ListItem\",\"position\":2,\"name\":\"Immofonds plant Townhouses in Gemeinde am Genfersee\"}]},{\"@type\":\"WebSite\",\"@id\":\"https:\\\/\\\/www.immobilienbusiness.ch\\\/#website\",\"url\":\"https:\\\/\\\/www.immobilienbusiness.ch\\\/\",\"name\":\"IMMOBILIEN Business\",\"description\":\"Unabh\u00e4ngiges Schweizer Wirtschaftsmagazin mit Fokus auf Immobilien, Architektur- und Bau sowie Investment- und Finanzierung.\",\"publisher\":{\"@id\":\"https:\\\/\\\/www.immobilienbusiness.ch\\\/#organization\"},\"potentialAction\":[{\"@type\":\"SearchAction\",\"target\":{\"@type\":\"EntryPoint\",\"urlTemplate\":\"https:\\\/\\\/www.immobilienbusiness.ch\\\/?s={search_term_string}\"},\"query-input\":{\"@type\":\"PropertyValueSpecification\",\"valueRequired\":true,\"valueName\":\"search_term_string\"}}],\"inLanguage\":\"fr-FR\"},{\"@type\":\"Organization\",\"@id\":\"https:\\\/\\\/www.immobilienbusiness.ch\\\/#organization\",\"name\":\"IMMOBILIEN Business\",\"url\":\"https:\\\/\\\/www.immobilienbusiness.ch\\\/\",\"logo\":{\"@type\":\"ImageObject\",\"inLanguage\":\"fr-FR\",\"@id\":\"https:\\\/\\\/www.immobilienbusiness.ch\\\/#\\\/schema\\\/logo\\\/image\\\/\",\"url\":\"https:\\\/\\\/www.immobilienbusiness.ch\\\/wp-content\\\/uploads\\\/2021\\\/07\\\/logo_ib.png\",\"contentUrl\":\"https:\\\/\\\/www.immobilienbusiness.ch\\\/wp-content\\\/uploads\\\/2021\\\/07\\\/logo_ib.png\",\"width\":800,\"height\":181,\"caption\":\"IMMOBILIEN Business\"},\"image\":{\"@id\":\"https:\\\/\\\/www.immobilienbusiness.ch\\\/#\\\/schema\\\/logo\\\/image\\\/\"},\"sameAs\":[\"https:\\\/\\\/www.facebook.com\\\/immobilienbusiness\\\/\"]},{\"@type\":\"Person\",\"@id\":\"https:\\\/\\\/www.immobilienbusiness.ch\\\/#\\\/schema\\\/person\\\/3fc036297b10b9f42d6db5ee932af8c8\",\"name\":\"anja.hall\",\"image\":{\"@type\":\"ImageObject\",\"inLanguage\":\"fr-FR\",\"@id\":\"https:\\\/\\\/secure.gravatar.com\\\/avatar\\\/066b5a0d447013502c71a5782f4f3469f03cfe595cc2329fb94652fe47511bfb?s=96&d=mm&r=g\",\"url\":\"https:\\\/\\\/secure.gravatar.com\\\/avatar\\\/066b5a0d447013502c71a5782f4f3469f03cfe595cc2329fb94652fe47511bfb?s=96&d=mm&r=g\",\"contentUrl\":\"https:\\\/\\\/secure.gravatar.com\\\/avatar\\\/066b5a0d447013502c71a5782f4f3469f03cfe595cc2329fb94652fe47511bfb?s=96&d=mm&r=g\",\"caption\":\"anja.hall\"},\"url\":\"https:\\\/\\\/www.immobilienbusiness.ch\\\/fr\\\/author\\\/anja-hall\\\/\"}]}<\/script>\n<!-- \/ Yoast SEO plugin. -->","yoast_head_json":{"title":"Immofonds pr\u00e9voit des townhouses dans une commune de l'arc l\u00e9manique - IMMOBILIER Business","description":"La direction du fonds veut densifier un immeuble d'habitation \u00e0 La Tour-de-Peilz.","robots":{"index":"index","follow":"follow","max-snippet":"max-snippet:-1","max-image-preview":"max-image-preview:large","max-video-preview":"max-video-preview:-1"},"canonical":"https:\/\/www.immobilienbusiness.ch\/fr\/regionen\/2024-03-14\/immofonds-plant-townhouses-in-gemeinde-am-genfersee\/","og_locale":"fr_FR","og_type":"article","og_title":"Immofonds plant Townhouses in Gemeinde am Genfersee - IMMOBILIEN Business","og_description":"Die Fondsleitung will eine Wohnliegenschaft in La Tour-de-Peilz verdichten.","og_url":"https:\/\/www.immobilienbusiness.ch\/fr\/regionen\/2024-03-14\/immofonds-plant-townhouses-in-gemeinde-am-genfersee\/","og_site_name":"IMMOBILIEN Business","article_publisher":"https:\/\/www.facebook.com\/immobilienbusiness\/","article_published_time":"2024-03-14T06:48:58+00:00","article_modified_time":"2024-03-14T09:11:58+00:00","og_image":[{"width":1100,"height":733,"url":"https:\/\/www.immobilienbusiness.ch\/wp-content\/uploads\/2024\/03\/csm_La_Tour-de-Peilz_Garten_c14b478f1c-e1710406489191.jpg","type":"image\/jpeg"}],"author":"anja.hall","twitter_card":"summary_large_image","schema":{"@context":"https:\/\/schema.org","@graph":[{"@type":"Article","@id":"https:\/\/www.immobilienbusiness.ch\/en\/regionen\/2024-03-14\/immofonds-plant-townhouses-in-gemeinde-am-genfersee\/#article","isPartOf":{"@id":"https:\/\/www.immobilienbusiness.ch\/en\/regionen\/2024-03-14\/immofonds-plant-townhouses-in-gemeinde-am-genfersee\/"},"author":{"name":"anja.hall","@id":"https:\/\/www.immobilienbusiness.ch\/#\/schema\/person\/3fc036297b10b9f42d6db5ee932af8c8"},"headline":"Immofonds plant Townhouses in Gemeinde am Genfersee","datePublished":"2024-03-14T06:48:58+00:00","dateModified":"2024-03-14T09:11:58+00:00","mainEntityOfPage":{"@id":"https:\/\/www.immobilienbusiness.ch\/en\/regionen\/2024-03-14\/immofonds-plant-townhouses-in-gemeinde-am-genfersee\/"},"wordCount":131,"publisher":{"@id":"https:\/\/www.immobilienbusiness.ch\/#organization"},"image":{"@id":"https:\/\/www.immobilienbusiness.ch\/en\/regionen\/2024-03-14\/immofonds-plant-townhouses-in-gemeinde-am-genfersee\/#primaryimage"},"thumbnailUrl":"https:\/\/www.immobilienbusiness.ch\/wp-content\/uploads\/2024\/03\/csm_La_Tour-de-Peilz_Garten_c14b478f1c-e1710406489191.jpg","keywords":["Genferseeregion","Immofonds","Projekt in Planung","Wohnimmobilien"],"articleSection":["REGIONEN"],"inLanguage":"fr-FR"},{"@type":"WebPage","@id":"https:\/\/www.immobilienbusiness.ch\/en\/regionen\/2024-03-14\/immofonds-plant-townhouses-in-gemeinde-am-genfersee\/","url":"https:\/\/www.immobilienbusiness.ch\/en\/regionen\/2024-03-14\/immofonds-plant-townhouses-in-gemeinde-am-genfersee\/","name":"Immofonds pr\u00e9voit des townhouses dans une commune de l'arc l\u00e9manique - IMMOBILIER Business","isPartOf":{"@id":"https:\/\/www.immobilienbusiness.ch\/#website"},"primaryImageOfPage":{"@id":"https:\/\/www.immobilienbusiness.ch\/en\/regionen\/2024-03-14\/immofonds-plant-townhouses-in-gemeinde-am-genfersee\/#primaryimage"},"image":{"@id":"https:\/\/www.immobilienbusiness.ch\/en\/regionen\/2024-03-14\/immofonds-plant-townhouses-in-gemeinde-am-genfersee\/#primaryimage"},"thumbnailUrl":"https:\/\/www.immobilienbusiness.ch\/wp-content\/uploads\/2024\/03\/csm_La_Tour-de-Peilz_Garten_c14b478f1c-e1710406489191.jpg","datePublished":"2024-03-14T06:48:58+00:00","dateModified":"2024-03-14T09:11:58+00:00","description":"La direction du fonds veut densifier un immeuble d'habitation \u00e0 La Tour-de-Peilz.","breadcrumb":{"@id":"https:\/\/www.immobilienbusiness.ch\/en\/regionen\/2024-03-14\/immofonds-plant-townhouses-in-gemeinde-am-genfersee\/#breadcrumb"},"inLanguage":"fr-FR","potentialAction":[{"@type":"ReadAction","target":["https:\/\/www.immobilienbusiness.ch\/en\/regionen\/2024-03-14\/immofonds-plant-townhouses-in-gemeinde-am-genfersee\/"]}]},{"@type":"ImageObject","inLanguage":"fr-FR","@id":"https:\/\/www.immobilienbusiness.ch\/en\/regionen\/2024-03-14\/immofonds-plant-townhouses-in-gemeinde-am-genfersee\/#primaryimage","url":"https:\/\/www.immobilienbusiness.ch\/wp-content\/uploads\/2024\/03\/csm_La_Tour-de-Peilz_Garten_c14b478f1c-e1710406489191.jpg","contentUrl":"https:\/\/www.immobilienbusiness.ch\/wp-content\/uploads\/2024\/03\/csm_La_Tour-de-Peilz_Garten_c14b478f1c-e1710406489191.jpg","width":1100,"height":733,"caption":"Der Immofonds will seine Liegenschft in La Tou(Visualisierung OVI Images)"},{"@type":"BreadcrumbList","@id":"https:\/\/www.immobilienbusiness.ch\/en\/regionen\/2024-03-14\/immofonds-plant-townhouses-in-gemeinde-am-genfersee\/#breadcrumb","itemListElement":[{"@type":"ListItem","position":1,"name":"Home","item":"https:\/\/www.immobilienbusiness.ch\/"},{"@type":"ListItem","position":2,"name":"Immofonds plant Townhouses in Gemeinde am Genfersee"}]},{"@type":"WebSite","@id":"https:\/\/www.immobilienbusiness.ch\/#website","url":"https:\/\/www.immobilienbusiness.ch\/","name":"IMMOBILIER Business","description":"Magazine \u00e9conomique suisse ind\u00e9pendant ax\u00e9 sur l'immobilier, l'architecture et la construction ainsi que sur les investissements et le financement.","publisher":{"@id":"https:\/\/www.immobilienbusiness.ch\/#organization"},"potentialAction":[{"@type":"SearchAction","target":{"@type":"EntryPoint","urlTemplate":"https:\/\/www.immobilienbusiness.ch\/?s={search_term_string}"},"query-input":{"@type":"PropertyValueSpecification","valueRequired":true,"valueName":"search_term_string"}}],"inLanguage":"fr-FR"},{"@type":"Organization","@id":"https:\/\/www.immobilienbusiness.ch\/#organization","name":"IMMOBILIER Business","url":"https:\/\/www.immobilienbusiness.ch\/","logo":{"@type":"ImageObject","inLanguage":"fr-FR","@id":"https:\/\/www.immobilienbusiness.ch\/#\/schema\/logo\/image\/","url":"https:\/\/www.immobilienbusiness.ch\/wp-content\/uploads\/2021\/07\/logo_ib.png","contentUrl":"https:\/\/www.immobilienbusiness.ch\/wp-content\/uploads\/2021\/07\/logo_ib.png","width":800,"height":181,"caption":"IMMOBILIEN Business"},"image":{"@id":"https:\/\/www.immobilienbusiness.ch\/#\/schema\/logo\/image\/"},"sameAs":["https:\/\/www.facebook.com\/immobilienbusiness\/"]},{"@type":"Person","@id":"https:\/\/www.immobilienbusiness.ch\/#\/schema\/person\/3fc036297b10b9f42d6db5ee932af8c8","name":"anja.hall","image":{"@type":"ImageObject","inLanguage":"fr-FR","@id":"https:\/\/secure.gravatar.com\/avatar\/066b5a0d447013502c71a5782f4f3469f03cfe595cc2329fb94652fe47511bfb?s=96&d=mm&r=g","url":"https:\/\/secure.gravatar.com\/avatar\/066b5a0d447013502c71a5782f4f3469f03cfe595cc2329fb94652fe47511bfb?s=96&d=mm&r=g","contentUrl":"https:\/\/secure.gravatar.com\/avatar\/066b5a0d447013502c71a5782f4f3469f03cfe595cc2329fb94652fe47511bfb?s=96&d=mm&r=g","caption":"anja.hall"},"url":"https:\/\/www.immobilienbusiness.ch\/fr\/author\/anja-hall\/"}]}},"_links":{"self":[{"href":"https:\/\/www.immobilienbusiness.ch\/fr\/wp-json\/wp\/v2\/posts\/56400","targetHints":{"allow":["GET"]}}],"collection":[{"href":"https:\/\/www.immobilienbusiness.ch\/fr\/wp-json\/wp\/v2\/posts"}],"about":[{"href":"https:\/\/www.immobilienbusiness.ch\/fr\/wp-json\/wp\/v2\/types\/post"}],"author":[{"embeddable":true,"href":"https:\/\/www.immobilienbusiness.ch\/fr\/wp-json\/wp\/v2\/users\/3"}],"replies":[{"embeddable":true,"href":"https:\/\/www.immobilienbusiness.ch\/fr\/wp-json\/wp\/v2\/comments?post=56400"}],"version-history":[{"count":2,"href":"https:\/\/www.immobilienbusiness.ch\/fr\/wp-json\/wp\/v2\/posts\/56400\/revisions"}],"predecessor-version":[{"id":56411,"href":"https:\/\/www.immobilienbusiness.ch\/fr\/wp-json\/wp\/v2\/posts\/56400\/revisions\/56411"}],"wp:featuredmedia":[{"embeddable":true,"href":"https:\/\/www.immobilienbusiness.ch\/fr\/wp-json\/wp\/v2\/media\/56401"}],"wp:attachment":[{"href":"https:\/\/www.immobilienbusiness.ch\/fr\/wp-json\/wp\/v2\/media?parent=56400"}],"wp:term":[{"taxonomy":"category","embeddable":true,"href":"https:\/\/www.immobilienbusiness.ch\/fr\/wp-json\/wp\/v2\/categories?post=56400"},{"taxonomy":"post_tag","embeddable":true,"href":"https:\/\/www.immobilienbusiness.ch\/fr\/wp-json\/wp\/v2\/tags?post=56400"}],"curies":[{"name":"wp","href":"https:\/\/api.w.org\/{rel}","templated":true}]}}