{"id":56324,"date":"2024-03-08T06:52:39","date_gmt":"2024-03-08T05:52:39","guid":{"rendered":"https:\/\/www.immobilienbusiness.ch\/?p=56324"},"modified":"2024-03-08T06:53:26","modified_gmt":"2024-03-08T05:53:26","slug":"allreal-holding-ag-neuer-leiter-arealentwicklung","status":"publish","type":"post","link":"https:\/\/www.immobilienbusiness.ch\/fr\/personalia\/2024-03-08\/allreal-holding-ag-neuer-leiter-arealentwicklung\/","title":{"rendered":"Allreal Holding AG : Nouveau responsable du d\u00e9veloppement de sites"},"content":{"rendered":"<figure id=\"attachment_56325\" aria-describedby=\"caption-attachment-56325\" style=\"width: 631px\" class=\"wp-caption alignnone\"><a href=\"https:\/\/www.immobilienbusiness.ch\/wp-content\/uploads\/2024\/03\/Eberle.png\"><img loading=\"lazy\" decoding=\"async\" class=\"size-full wp-image-56325\" src=\"https:\/\/www.immobilienbusiness.ch\/wp-content\/uploads\/2024\/03\/Eberle.png\" alt=\"\" width=\"631\" height=\"450\" srcset=\"https:\/\/www.immobilienbusiness.ch\/wp-content\/uploads\/2024\/03\/Eberle.png 631w, https:\/\/www.immobilienbusiness.ch\/wp-content\/uploads\/2024\/03\/Eberle-300x214.png 300w, https:\/\/www.immobilienbusiness.ch\/wp-content\/uploads\/2024\/03\/Eberle-18x12.png 18w, https:\/\/www.immobilienbusiness.ch\/wp-content\/uploads\/2024\/03\/Eberle-375x267.png 375w, https:\/\/www.immobilienbusiness.ch\/wp-content\/uploads\/2024\/03\/Eberle-491x350.png 491w\" sizes=\"auto, (max-width: 631px) 100vw, 631px\" \/><\/a><figcaption id=\"caption-attachment-56325\" class=\"wp-caption-text\">Thorsten Eberle (photo : zVg)<\/figcaption><\/figure>\n<p>Avec Eberle, \"nous avons gagn\u00e9 un sp\u00e9cialiste tr\u00e8s exp\u00e9riment\u00e9 du d\u00e9veloppement et de l'immobilier\", communique Allreal. Dans le cadre de cette fonction nouvellement cr\u00e9\u00e9e, Eberle est responsable, avec une \u00e9quipe de projet interdisciplinaire, du d\u00e9veloppement et de la commercialisation de l'ancien site Rieter \u00e0 Winterthour (ZH).<\/p>\n<p>Eberle, dipl\u00f4m\u00e9 en \u00e9conomie immobili\u00e8re, a travaill\u00e9 derni\u00e8rement chez Implenia pour le d\u00e9veloppement du site de Bredella \u00e0 Pratteln (BL). Auparavant, il a notamment travaill\u00e9 pendant plus de dix ans dans le d\u00e9veloppement de sites d'Hiag, pour le groupe Steiner ou dans la gestion de portefeuille de la coop\u00e9rative Migros Suisse orientale. L'ann\u00e9e derni\u00e8re, Allreal a acquis un terrain industriel de 75 000 m2 \u00e0 Winterthur T\u00f6ss, juste \u00e0 c\u00f4t\u00e9 du nouveau campus Rieter de la Klosterstrasse, qui doit \u00eatre d\u00e9velopp\u00e9 \u00e0 long terme en un quartier attractif en dialogue avec la ville de Winterthur et d'autres parties prenantes. Outre des emplois, des logements pourraient y \u00eatre construits, \u00e9crit Allreal dans un communiqu\u00e9. En tant qu'entreprise immobili\u00e8re disposant de ses propres comp\u00e9tences en mati\u00e8re de d\u00e9veloppement et de r\u00e9alisation, Allreal estime \u00eatre \"id\u00e9alement positionn\u00e9e pour exploiter pleinement le grand potentiel\".<\/p>\n<p>La valeur du portefeuille immobilier d'Allreal Holding AG, cot\u00e9e \u00e0 la Six Swiss Exchange, s'\u00e9l\u00e8ve \u00e0 environ 5,1 milliards de CHF. Au cours de l'exercice 2023, le volume de projets trait\u00e9s par la r\u00e9alisation s'est \u00e9lev\u00e9 \u00e0 environ 265 millions de CHF. L'entreprise immobili\u00e8re emploie 240 collaborateurs \u00e0 Zurich, B\u00e2le, Berne et Gen\u00e8ve. Allreal, dont le si\u00e8ge op\u00e9rationnel se trouve \u00e0 Glattpark, op\u00e8re exclusivement en Suisse. <em>(M.ARR.)<\/em><\/p>","protected":false},"excerpt":{"rendered":"<p>Depuis f\u00e9vrier, Thorsten Eberle est le nouveau responsable du d\u00e9veloppement de sites et membre de l'\u00e9quipe de direction d'Allreal.<\/p>","protected":false},"author":102,"featured_media":56325,"comment_status":"closed","ping_status":"closed","sticky":false,"template":"","format":"standard","meta":{"_acf_changed":false,"_yoast_wpseo_focuskw":"Allreal","_yoast_wpseo_title":"","_yoast_wpseo_metadesc":"Seit Februar ist Thorsten Eberle neuer Leiter Arealentwicklung und Mitglied des Management-Teams von Allreal.","_yoast_wpseo_linkdex":63,"pgc_sgb_lightbox_settings":"","footnotes":""},"categories":[1912],"tags":[1013,2054,1563],"class_list":["post-56324","post","type-post","status-publish","format-standard","has-post-thumbnail","hentry","category-personalia","tag-allreal","tag-immobilien-ags","tag-personalia"],"acf":[],"yoast_head":"<!-- This site is optimized with the Yoast SEO plugin v27.4 - https:\/\/yoast.com\/product\/yoast-seo-wordpress\/ -->\n<title>Allreal Holding AG: Neuer Leiter \u00adArealentwicklung - IMMOBILIEN Business<\/title>\n<meta name=\"description\" content=\"Seit Februar ist Thorsten Eberle neuer Leiter Arealentwicklung und Mitglied des Management-Teams von Allreal.\" \/>\n<meta name=\"robots\" content=\"index, follow, max-snippet:-1, max-image-preview:large, max-video-preview:-1\" \/>\n<link rel=\"canonical\" href=\"https:\/\/www.immobilienbusiness.ch\/fr\/personalia\/2024-03-08\/allreal-holding-ag-neuer-leiter-arealentwicklung\/\" \/>\n<meta property=\"og:locale\" content=\"fr_FR\" \/>\n<meta property=\"og:type\" content=\"article\" \/>\n<meta property=\"og:title\" content=\"Allreal Holding AG: Neuer Leiter \u00adArealentwicklung - IMMOBILIEN Business\" \/>\n<meta property=\"og:description\" content=\"Seit Februar ist Thorsten Eberle neuer Leiter Arealentwicklung und Mitglied des Management-Teams von Allreal.\" \/>\n<meta property=\"og:url\" content=\"https:\/\/www.immobilienbusiness.ch\/fr\/personalia\/2024-03-08\/allreal-holding-ag-neuer-leiter-arealentwicklung\/\" \/>\n<meta property=\"og:site_name\" content=\"IMMOBILIEN Business\" \/>\n<meta property=\"article:publisher\" content=\"https:\/\/www.facebook.com\/immobilienbusiness\/\" \/>\n<meta property=\"article:published_time\" content=\"2024-03-08T05:52:39+00:00\" \/>\n<meta property=\"article:modified_time\" content=\"2024-03-08T05:53:26+00:00\" \/>\n<meta property=\"og:image\" content=\"https:\/\/www.immobilienbusiness.ch\/wp-content\/uploads\/2024\/03\/Eberle.png\" \/>\n\t<meta property=\"og:image:width\" content=\"631\" \/>\n\t<meta property=\"og:image:height\" content=\"450\" \/>\n\t<meta property=\"og:image:type\" content=\"image\/png\" \/>\n<meta name=\"author\" content=\"Alexander Wachter\" \/>\n<meta name=\"twitter:card\" content=\"summary_large_image\" \/>\n<script type=\"application\/ld+json\" class=\"yoast-schema-graph\">{\"@context\":\"https:\\\/\\\/schema.org\",\"@graph\":[{\"@type\":\"Article\",\"@id\":\"https:\\\/\\\/www.immobilienbusiness.ch\\\/de\\\/personalia\\\/2024-03-08\\\/allreal-holding-ag-neuer-leiter-arealentwicklung\\\/#article\",\"isPartOf\":{\"@id\":\"https:\\\/\\\/www.immobilienbusiness.ch\\\/de\\\/personalia\\\/2024-03-08\\\/allreal-holding-ag-neuer-leiter-arealentwicklung\\\/\"},\"author\":{\"name\":\"Alexander Wachter\",\"@id\":\"https:\\\/\\\/www.immobilienbusiness.ch\\\/#\\\/schema\\\/person\\\/aba8bea2db926aa0c24c08c43fe1fcd5\"},\"headline\":\"Allreal Holding AG: Neuer Leiter \u00adArealentwicklung\",\"datePublished\":\"2024-03-08T05:52:39+00:00\",\"dateModified\":\"2024-03-08T05:53:26+00:00\",\"mainEntityOfPage\":{\"@id\":\"https:\\\/\\\/www.immobilienbusiness.ch\\\/de\\\/personalia\\\/2024-03-08\\\/allreal-holding-ag-neuer-leiter-arealentwicklung\\\/\"},\"wordCount\":232,\"publisher\":{\"@id\":\"https:\\\/\\\/www.immobilienbusiness.ch\\\/#organization\"},\"image\":{\"@id\":\"https:\\\/\\\/www.immobilienbusiness.ch\\\/de\\\/personalia\\\/2024-03-08\\\/allreal-holding-ag-neuer-leiter-arealentwicklung\\\/#primaryimage\"},\"thumbnailUrl\":\"https:\\\/\\\/www.immobilienbusiness.ch\\\/wp-content\\\/uploads\\\/2024\\\/03\\\/Eberle.png\",\"keywords\":[\"Allreal\",\"Immobilien-AGs\",\"Personalia\"],\"articleSection\":[\"PERSONALIA\"],\"inLanguage\":\"fr-FR\"},{\"@type\":\"WebPage\",\"@id\":\"https:\\\/\\\/www.immobilienbusiness.ch\\\/de\\\/personalia\\\/2024-03-08\\\/allreal-holding-ag-neuer-leiter-arealentwicklung\\\/\",\"url\":\"https:\\\/\\\/www.immobilienbusiness.ch\\\/de\\\/personalia\\\/2024-03-08\\\/allreal-holding-ag-neuer-leiter-arealentwicklung\\\/\",\"name\":\"Allreal Holding AG: Neuer Leiter \u00adArealentwicklung - IMMOBILIEN Business\",\"isPartOf\":{\"@id\":\"https:\\\/\\\/www.immobilienbusiness.ch\\\/#website\"},\"primaryImageOfPage\":{\"@id\":\"https:\\\/\\\/www.immobilienbusiness.ch\\\/de\\\/personalia\\\/2024-03-08\\\/allreal-holding-ag-neuer-leiter-arealentwicklung\\\/#primaryimage\"},\"image\":{\"@id\":\"https:\\\/\\\/www.immobilienbusiness.ch\\\/de\\\/personalia\\\/2024-03-08\\\/allreal-holding-ag-neuer-leiter-arealentwicklung\\\/#primaryimage\"},\"thumbnailUrl\":\"https:\\\/\\\/www.immobilienbusiness.ch\\\/wp-content\\\/uploads\\\/2024\\\/03\\\/Eberle.png\",\"datePublished\":\"2024-03-08T05:52:39+00:00\",\"dateModified\":\"2024-03-08T05:53:26+00:00\",\"description\":\"Seit Februar ist Thorsten Eberle neuer Leiter Arealentwicklung und Mitglied des Management-Teams von Allreal.\",\"breadcrumb\":{\"@id\":\"https:\\\/\\\/www.immobilienbusiness.ch\\\/de\\\/personalia\\\/2024-03-08\\\/allreal-holding-ag-neuer-leiter-arealentwicklung\\\/#breadcrumb\"},\"inLanguage\":\"fr-FR\",\"potentialAction\":[{\"@type\":\"ReadAction\",\"target\":[\"https:\\\/\\\/www.immobilienbusiness.ch\\\/de\\\/personalia\\\/2024-03-08\\\/allreal-holding-ag-neuer-leiter-arealentwicklung\\\/\"]}]},{\"@type\":\"ImageObject\",\"inLanguage\":\"fr-FR\",\"@id\":\"https:\\\/\\\/www.immobilienbusiness.ch\\\/de\\\/personalia\\\/2024-03-08\\\/allreal-holding-ag-neuer-leiter-arealentwicklung\\\/#primaryimage\",\"url\":\"https:\\\/\\\/www.immobilienbusiness.ch\\\/wp-content\\\/uploads\\\/2024\\\/03\\\/Eberle.png\",\"contentUrl\":\"https:\\\/\\\/www.immobilienbusiness.ch\\\/wp-content\\\/uploads\\\/2024\\\/03\\\/Eberle.png\",\"width\":631,\"height\":450,\"caption\":\"Thorsten Eberle (Bild: zVg)\"},{\"@type\":\"BreadcrumbList\",\"@id\":\"https:\\\/\\\/www.immobilienbusiness.ch\\\/de\\\/personalia\\\/2024-03-08\\\/allreal-holding-ag-neuer-leiter-arealentwicklung\\\/#breadcrumb\",\"itemListElement\":[{\"@type\":\"ListItem\",\"position\":1,\"name\":\"Home\",\"item\":\"https:\\\/\\\/www.immobilienbusiness.ch\\\/\"},{\"@type\":\"ListItem\",\"position\":2,\"name\":\"Allreal Holding AG: Neuer Leiter \u00adArealentwicklung\"}]},{\"@type\":\"WebSite\",\"@id\":\"https:\\\/\\\/www.immobilienbusiness.ch\\\/#website\",\"url\":\"https:\\\/\\\/www.immobilienbusiness.ch\\\/\",\"name\":\"IMMOBILIEN Business\",\"description\":\"Unabh\u00e4ngiges Schweizer Wirtschaftsmagazin mit Fokus auf Immobilien, Architektur- und Bau sowie Investment- und Finanzierung.\",\"publisher\":{\"@id\":\"https:\\\/\\\/www.immobilienbusiness.ch\\\/#organization\"},\"potentialAction\":[{\"@type\":\"SearchAction\",\"target\":{\"@type\":\"EntryPoint\",\"urlTemplate\":\"https:\\\/\\\/www.immobilienbusiness.ch\\\/?s={search_term_string}\"},\"query-input\":{\"@type\":\"PropertyValueSpecification\",\"valueRequired\":true,\"valueName\":\"search_term_string\"}}],\"inLanguage\":\"fr-FR\"},{\"@type\":\"Organization\",\"@id\":\"https:\\\/\\\/www.immobilienbusiness.ch\\\/#organization\",\"name\":\"IMMOBILIEN Business\",\"url\":\"https:\\\/\\\/www.immobilienbusiness.ch\\\/\",\"logo\":{\"@type\":\"ImageObject\",\"inLanguage\":\"fr-FR\",\"@id\":\"https:\\\/\\\/www.immobilienbusiness.ch\\\/#\\\/schema\\\/logo\\\/image\\\/\",\"url\":\"https:\\\/\\\/www.immobilienbusiness.ch\\\/wp-content\\\/uploads\\\/2021\\\/07\\\/logo_ib.png\",\"contentUrl\":\"https:\\\/\\\/www.immobilienbusiness.ch\\\/wp-content\\\/uploads\\\/2021\\\/07\\\/logo_ib.png\",\"width\":800,\"height\":181,\"caption\":\"IMMOBILIEN Business\"},\"image\":{\"@id\":\"https:\\\/\\\/www.immobilienbusiness.ch\\\/#\\\/schema\\\/logo\\\/image\\\/\"},\"sameAs\":[\"https:\\\/\\\/www.facebook.com\\\/immobilienbusiness\\\/\"]},{\"@type\":\"Person\",\"@id\":\"https:\\\/\\\/www.immobilienbusiness.ch\\\/#\\\/schema\\\/person\\\/aba8bea2db926aa0c24c08c43fe1fcd5\",\"name\":\"Alexander Wachter\",\"image\":{\"@type\":\"ImageObject\",\"inLanguage\":\"fr-FR\",\"@id\":\"https:\\\/\\\/secure.gravatar.com\\\/avatar\\\/1a09e471f5389b0e0a6416eac287e0927c7c97a7b77f9e787eba3af7aee281dd?s=96&d=mm&r=g\",\"url\":\"https:\\\/\\\/secure.gravatar.com\\\/avatar\\\/1a09e471f5389b0e0a6416eac287e0927c7c97a7b77f9e787eba3af7aee281dd?s=96&d=mm&r=g\",\"contentUrl\":\"https:\\\/\\\/secure.gravatar.com\\\/avatar\\\/1a09e471f5389b0e0a6416eac287e0927c7c97a7b77f9e787eba3af7aee281dd?s=96&d=mm&r=g\",\"caption\":\"Alexander Wachter\"},\"url\":\"https:\\\/\\\/www.immobilienbusiness.ch\\\/fr\\\/author\\\/alexander-wachter\\\/\"}]}<\/script>\n<!-- \/ Yoast SEO plugin. -->","yoast_head_json":{"title":"Allreal Holding AG : Nouveau responsable du d\u00e9veloppement de sites - IMMOBILIER Business","description":"Depuis f\u00e9vrier, Thorsten Eberle est le nouveau responsable du d\u00e9veloppement de sites et membre de l'\u00e9quipe de direction d'Allreal.","robots":{"index":"index","follow":"follow","max-snippet":"max-snippet:-1","max-image-preview":"max-image-preview:large","max-video-preview":"max-video-preview:-1"},"canonical":"https:\/\/www.immobilienbusiness.ch\/fr\/personalia\/2024-03-08\/allreal-holding-ag-neuer-leiter-arealentwicklung\/","og_locale":"fr_FR","og_type":"article","og_title":"Allreal Holding AG: Neuer Leiter \u00adArealentwicklung - IMMOBILIEN Business","og_description":"Seit Februar ist Thorsten Eberle neuer Leiter Arealentwicklung und Mitglied des Management-Teams von Allreal.","og_url":"https:\/\/www.immobilienbusiness.ch\/fr\/personalia\/2024-03-08\/allreal-holding-ag-neuer-leiter-arealentwicklung\/","og_site_name":"IMMOBILIEN Business","article_publisher":"https:\/\/www.facebook.com\/immobilienbusiness\/","article_published_time":"2024-03-08T05:52:39+00:00","article_modified_time":"2024-03-08T05:53:26+00:00","og_image":[{"width":631,"height":450,"url":"https:\/\/www.immobilienbusiness.ch\/wp-content\/uploads\/2024\/03\/Eberle.png","type":"image\/png"}],"author":"Alexander Wachter","twitter_card":"summary_large_image","schema":{"@context":"https:\/\/schema.org","@graph":[{"@type":"Article","@id":"https:\/\/www.immobilienbusiness.ch\/de\/personalia\/2024-03-08\/allreal-holding-ag-neuer-leiter-arealentwicklung\/#article","isPartOf":{"@id":"https:\/\/www.immobilienbusiness.ch\/de\/personalia\/2024-03-08\/allreal-holding-ag-neuer-leiter-arealentwicklung\/"},"author":{"name":"Alexander Wachter","@id":"https:\/\/www.immobilienbusiness.ch\/#\/schema\/person\/aba8bea2db926aa0c24c08c43fe1fcd5"},"headline":"Allreal Holding AG: Neuer Leiter \u00adArealentwicklung","datePublished":"2024-03-08T05:52:39+00:00","dateModified":"2024-03-08T05:53:26+00:00","mainEntityOfPage":{"@id":"https:\/\/www.immobilienbusiness.ch\/de\/personalia\/2024-03-08\/allreal-holding-ag-neuer-leiter-arealentwicklung\/"},"wordCount":232,"publisher":{"@id":"https:\/\/www.immobilienbusiness.ch\/#organization"},"image":{"@id":"https:\/\/www.immobilienbusiness.ch\/de\/personalia\/2024-03-08\/allreal-holding-ag-neuer-leiter-arealentwicklung\/#primaryimage"},"thumbnailUrl":"https:\/\/www.immobilienbusiness.ch\/wp-content\/uploads\/2024\/03\/Eberle.png","keywords":["Allreal","Immobilien-AGs","Personalia"],"articleSection":["PERSONALIA"],"inLanguage":"fr-FR"},{"@type":"WebPage","@id":"https:\/\/www.immobilienbusiness.ch\/de\/personalia\/2024-03-08\/allreal-holding-ag-neuer-leiter-arealentwicklung\/","url":"https:\/\/www.immobilienbusiness.ch\/de\/personalia\/2024-03-08\/allreal-holding-ag-neuer-leiter-arealentwicklung\/","name":"Allreal Holding AG : Nouveau responsable du d\u00e9veloppement de sites - IMMOBILIER Business","isPartOf":{"@id":"https:\/\/www.immobilienbusiness.ch\/#website"},"primaryImageOfPage":{"@id":"https:\/\/www.immobilienbusiness.ch\/de\/personalia\/2024-03-08\/allreal-holding-ag-neuer-leiter-arealentwicklung\/#primaryimage"},"image":{"@id":"https:\/\/www.immobilienbusiness.ch\/de\/personalia\/2024-03-08\/allreal-holding-ag-neuer-leiter-arealentwicklung\/#primaryimage"},"thumbnailUrl":"https:\/\/www.immobilienbusiness.ch\/wp-content\/uploads\/2024\/03\/Eberle.png","datePublished":"2024-03-08T05:52:39+00:00","dateModified":"2024-03-08T05:53:26+00:00","description":"Depuis f\u00e9vrier, Thorsten Eberle est le nouveau responsable du d\u00e9veloppement de sites et membre de l'\u00e9quipe de direction d'Allreal.","breadcrumb":{"@id":"https:\/\/www.immobilienbusiness.ch\/de\/personalia\/2024-03-08\/allreal-holding-ag-neuer-leiter-arealentwicklung\/#breadcrumb"},"inLanguage":"fr-FR","potentialAction":[{"@type":"ReadAction","target":["https:\/\/www.immobilienbusiness.ch\/de\/personalia\/2024-03-08\/allreal-holding-ag-neuer-leiter-arealentwicklung\/"]}]},{"@type":"ImageObject","inLanguage":"fr-FR","@id":"https:\/\/www.immobilienbusiness.ch\/de\/personalia\/2024-03-08\/allreal-holding-ag-neuer-leiter-arealentwicklung\/#primaryimage","url":"https:\/\/www.immobilienbusiness.ch\/wp-content\/uploads\/2024\/03\/Eberle.png","contentUrl":"https:\/\/www.immobilienbusiness.ch\/wp-content\/uploads\/2024\/03\/Eberle.png","width":631,"height":450,"caption":"Thorsten Eberle (Bild: zVg)"},{"@type":"BreadcrumbList","@id":"https:\/\/www.immobilienbusiness.ch\/de\/personalia\/2024-03-08\/allreal-holding-ag-neuer-leiter-arealentwicklung\/#breadcrumb","itemListElement":[{"@type":"ListItem","position":1,"name":"Home","item":"https:\/\/www.immobilienbusiness.ch\/"},{"@type":"ListItem","position":2,"name":"Allreal Holding AG: Neuer Leiter \u00adArealentwicklung"}]},{"@type":"WebSite","@id":"https:\/\/www.immobilienbusiness.ch\/#website","url":"https:\/\/www.immobilienbusiness.ch\/","name":"IMMOBILIER Business","description":"Magazine \u00e9conomique suisse ind\u00e9pendant ax\u00e9 sur l'immobilier, l'architecture et la construction ainsi que sur les investissements et le financement.","publisher":{"@id":"https:\/\/www.immobilienbusiness.ch\/#organization"},"potentialAction":[{"@type":"SearchAction","target":{"@type":"EntryPoint","urlTemplate":"https:\/\/www.immobilienbusiness.ch\/?s={search_term_string}"},"query-input":{"@type":"PropertyValueSpecification","valueRequired":true,"valueName":"search_term_string"}}],"inLanguage":"fr-FR"},{"@type":"Organization","@id":"https:\/\/www.immobilienbusiness.ch\/#organization","name":"IMMOBILIER Business","url":"https:\/\/www.immobilienbusiness.ch\/","logo":{"@type":"ImageObject","inLanguage":"fr-FR","@id":"https:\/\/www.immobilienbusiness.ch\/#\/schema\/logo\/image\/","url":"https:\/\/www.immobilienbusiness.ch\/wp-content\/uploads\/2021\/07\/logo_ib.png","contentUrl":"https:\/\/www.immobilienbusiness.ch\/wp-content\/uploads\/2021\/07\/logo_ib.png","width":800,"height":181,"caption":"IMMOBILIEN Business"},"image":{"@id":"https:\/\/www.immobilienbusiness.ch\/#\/schema\/logo\/image\/"},"sameAs":["https:\/\/www.facebook.com\/immobilienbusiness\/"]},{"@type":"Person","@id":"https:\/\/www.immobilienbusiness.ch\/#\/schema\/person\/aba8bea2db926aa0c24c08c43fe1fcd5","name":"Alexander Wachter","image":{"@type":"ImageObject","inLanguage":"fr-FR","@id":"https:\/\/secure.gravatar.com\/avatar\/1a09e471f5389b0e0a6416eac287e0927c7c97a7b77f9e787eba3af7aee281dd?s=96&d=mm&r=g","url":"https:\/\/secure.gravatar.com\/avatar\/1a09e471f5389b0e0a6416eac287e0927c7c97a7b77f9e787eba3af7aee281dd?s=96&d=mm&r=g","contentUrl":"https:\/\/secure.gravatar.com\/avatar\/1a09e471f5389b0e0a6416eac287e0927c7c97a7b77f9e787eba3af7aee281dd?s=96&d=mm&r=g","caption":"Alexander Wachter"},"url":"https:\/\/www.immobilienbusiness.ch\/fr\/author\/alexander-wachter\/"}]}},"_links":{"self":[{"href":"https:\/\/www.immobilienbusiness.ch\/fr\/wp-json\/wp\/v2\/posts\/56324","targetHints":{"allow":["GET"]}}],"collection":[{"href":"https:\/\/www.immobilienbusiness.ch\/fr\/wp-json\/wp\/v2\/posts"}],"about":[{"href":"https:\/\/www.immobilienbusiness.ch\/fr\/wp-json\/wp\/v2\/types\/post"}],"author":[{"embeddable":true,"href":"https:\/\/www.immobilienbusiness.ch\/fr\/wp-json\/wp\/v2\/users\/102"}],"replies":[{"embeddable":true,"href":"https:\/\/www.immobilienbusiness.ch\/fr\/wp-json\/wp\/v2\/comments?post=56324"}],"version-history":[{"count":2,"href":"https:\/\/www.immobilienbusiness.ch\/fr\/wp-json\/wp\/v2\/posts\/56324\/revisions"}],"predecessor-version":[{"id":56327,"href":"https:\/\/www.immobilienbusiness.ch\/fr\/wp-json\/wp\/v2\/posts\/56324\/revisions\/56327"}],"wp:featuredmedia":[{"embeddable":true,"href":"https:\/\/www.immobilienbusiness.ch\/fr\/wp-json\/wp\/v2\/media\/56325"}],"wp:attachment":[{"href":"https:\/\/www.immobilienbusiness.ch\/fr\/wp-json\/wp\/v2\/media?parent=56324"}],"wp:term":[{"taxonomy":"category","embeddable":true,"href":"https:\/\/www.immobilienbusiness.ch\/fr\/wp-json\/wp\/v2\/categories?post=56324"},{"taxonomy":"post_tag","embeddable":true,"href":"https:\/\/www.immobilienbusiness.ch\/fr\/wp-json\/wp\/v2\/tags?post=56324"}],"curies":[{"name":"wp","href":"https:\/\/api.w.org\/{rel}","templated":true}]}}