{"id":5631,"date":"2023-07-19T07:50:22","date_gmt":"2023-07-19T05:50:22","guid":{"rendered":"https:\/\/develop.immobilienbusiness.ch\/?p=5631"},"modified":"2024-08-21T14:08:33","modified_gmt":"2024-08-21T12:08:33","slug":"einsiedeln-sz-wohn-und-gewerbeueberbauung-am-bahnhof-geplant","status":"publish","type":"post","link":"https:\/\/www.immobilienbusiness.ch\/fr\/ib\/2023-07-19\/einsiedeln-sz-wohn-und-gewerbeueberbauung-am-bahnhof-geplant\/","title":{"rendered":"Einsiedeln (SZ) : Projet de construction de logements et de commerces \u00e0 la gare"},"content":{"rendered":"<div class=\"swpm-post-not-logged-in-msg\">Vous devez \u00eatre connect\u00e9 pour voir ce contenu. Veuillez consulter <a class=\"swpm-login-link\" href=\"https:\/\/www.immobilienbusiness.ch\/fr\/login\/?swpm_redirect_to=https%3A%2F%2Fwww.immobilienbusiness.ch%2Ffr%2Fwp-json%2Fwp%2Fv2%2Fposts%2F5631\">Connexion<\/a>. Vous n'\u00eates pas membre ? <a href=\"https:\/\/www.immobilienbusiness.ch\/fr\/registrieren\/\">Nous Rejoindre<\/a><\/div>","protected":false},"excerpt":{"rendered":"<p>A Einsiedeln (SZ), des logements et des bureaux doivent \u00eatre construits le long des voies de la gare. La participation pour la r\u00e9vision partielle du plan d'affectation communal n\u00e9cessaire \u00e0 cet effet a commenc\u00e9.<\/p>","protected":false},"author":102,"featured_media":0,"comment_status":"closed","ping_status":"closed","sticky":false,"template":"","format":"standard","meta":{"_acf_changed":false,"_yoast_wpseo_focuskw":"Einsiedeln","_yoast_wpseo_title":"","_yoast_wpseo_metadesc":"Stadt Einsiedeln plant Neubebauung des Bahnhofareals mit Wohnungen, B\u00fcros und Gewerbefl\u00e4chen. \u00d6ffentliche Mitwirkung m\u00f6glich.","_yoast_wpseo_linkdex":49,"pgc_sgb_lightbox_settings":"","footnotes":""},"categories":[1951],"tags":[2081,3079,1600,1643,1966,2109],"class_list":["post-5631","post","type-post","status-publish","format-standard","hentry","category-ib","tag-bueros","tag-einsiedeln","tag-projekt-in-planung","tag-retail","tag-sz","tag-wohnungen"],"acf":[],"yoast_head":"<!-- This site is optimized with the Yoast SEO plugin v27.4 - https:\/\/yoast.com\/product\/yoast-seo-wordpress\/ -->\n<title>Einsiedeln (SZ): Wohn- und Gewerbe\u00fcberbauung am Bahnhof geplant - IMMOBILIEN Business<\/title>\n<meta name=\"description\" content=\"Stadt Einsiedeln plant Neubebauung des Bahnhofareals mit Wohnungen, B\u00fcros und Gewerbefl\u00e4chen. \u00d6ffentliche Mitwirkung m\u00f6glich.\" \/>\n<meta name=\"robots\" content=\"index, follow, max-snippet:-1, max-image-preview:large, max-video-preview:-1\" \/>\n<link rel=\"canonical\" href=\"https:\/\/www.immobilienbusiness.ch\/fr\/ib\/2023-07-19\/einsiedeln-sz-wohn-und-gewerbeueberbauung-am-bahnhof-geplant\/\" \/>\n<meta property=\"og:locale\" content=\"fr_FR\" \/>\n<meta property=\"og:type\" content=\"article\" \/>\n<meta property=\"og:title\" content=\"Einsiedeln (SZ): Wohn- und Gewerbe\u00fcberbauung am Bahnhof geplant - IMMOBILIEN Business\" \/>\n<meta property=\"og:description\" content=\"Stadt Einsiedeln plant Neubebauung des Bahnhofareals mit Wohnungen, B\u00fcros und Gewerbefl\u00e4chen. \u00d6ffentliche Mitwirkung m\u00f6glich.\" \/>\n<meta property=\"og:url\" content=\"https:\/\/www.immobilienbusiness.ch\/fr\/ib\/2023-07-19\/einsiedeln-sz-wohn-und-gewerbeueberbauung-am-bahnhof-geplant\/\" \/>\n<meta property=\"og:site_name\" content=\"IMMOBILIEN Business\" \/>\n<meta property=\"article:publisher\" content=\"https:\/\/www.facebook.com\/immobilienbusiness\/\" \/>\n<meta property=\"article:published_time\" content=\"2023-07-19T05:50:22+00:00\" \/>\n<meta property=\"article:modified_time\" content=\"2024-08-21T12:08:33+00:00\" \/>\n<meta name=\"author\" content=\"Alexander Wachter\" \/>\n<meta name=\"twitter:card\" content=\"summary_large_image\" \/>\n<script type=\"application\/ld+json\" class=\"yoast-schema-graph\">{\"@context\":\"https:\\\/\\\/schema.org\",\"@graph\":[{\"@type\":\"Article\",\"@id\":\"https:\\\/\\\/www.immobilienbusiness.ch\\\/fr\\\/ib\\\/2023-07-19\\\/einsiedeln-sz-wohn-und-gewerbeueberbauung-am-bahnhof-geplant\\\/#article\",\"isPartOf\":{\"@id\":\"https:\\\/\\\/www.immobilienbusiness.ch\\\/fr\\\/ib\\\/2023-07-19\\\/einsiedeln-sz-wohn-und-gewerbeueberbauung-am-bahnhof-geplant\\\/\"},\"author\":{\"name\":\"Alexander Wachter\",\"@id\":\"https:\\\/\\\/www.immobilienbusiness.ch\\\/#\\\/schema\\\/person\\\/aba8bea2db926aa0c24c08c43fe1fcd5\"},\"headline\":\"Einsiedeln (SZ): Wohn- und Gewerbe\u00fcberbauung am Bahnhof geplant\",\"datePublished\":\"2023-07-19T05:50:22+00:00\",\"dateModified\":\"2024-08-21T12:08:33+00:00\",\"mainEntityOfPage\":{\"@id\":\"https:\\\/\\\/www.immobilienbusiness.ch\\\/fr\\\/ib\\\/2023-07-19\\\/einsiedeln-sz-wohn-und-gewerbeueberbauung-am-bahnhof-geplant\\\/\"},\"wordCount\":158,\"publisher\":{\"@id\":\"https:\\\/\\\/www.immobilienbusiness.ch\\\/#organization\"},\"keywords\":[\"B\u00fcros\",\"Einsiedeln\",\"Projekt in Planung\",\"Retail\",\"SZ\",\"Wohnungen\"],\"articleSection\":[\"IB+\"],\"inLanguage\":\"fr-FR\"},{\"@type\":\"WebPage\",\"@id\":\"https:\\\/\\\/www.immobilienbusiness.ch\\\/fr\\\/ib\\\/2023-07-19\\\/einsiedeln-sz-wohn-und-gewerbeueberbauung-am-bahnhof-geplant\\\/\",\"url\":\"https:\\\/\\\/www.immobilienbusiness.ch\\\/fr\\\/ib\\\/2023-07-19\\\/einsiedeln-sz-wohn-und-gewerbeueberbauung-am-bahnhof-geplant\\\/\",\"name\":\"Einsiedeln (SZ): Wohn- und Gewerbe\u00fcberbauung am Bahnhof geplant - IMMOBILIEN Business\",\"isPartOf\":{\"@id\":\"https:\\\/\\\/www.immobilienbusiness.ch\\\/#website\"},\"datePublished\":\"2023-07-19T05:50:22+00:00\",\"dateModified\":\"2024-08-21T12:08:33+00:00\",\"description\":\"Stadt Einsiedeln plant Neubebauung des Bahnhofareals mit Wohnungen, B\u00fcros und Gewerbefl\u00e4chen. \u00d6ffentliche Mitwirkung m\u00f6glich.\",\"breadcrumb\":{\"@id\":\"https:\\\/\\\/www.immobilienbusiness.ch\\\/fr\\\/ib\\\/2023-07-19\\\/einsiedeln-sz-wohn-und-gewerbeueberbauung-am-bahnhof-geplant\\\/#breadcrumb\"},\"inLanguage\":\"fr-FR\",\"potentialAction\":[{\"@type\":\"ReadAction\",\"target\":[\"https:\\\/\\\/www.immobilienbusiness.ch\\\/fr\\\/ib\\\/2023-07-19\\\/einsiedeln-sz-wohn-und-gewerbeueberbauung-am-bahnhof-geplant\\\/\"]}]},{\"@type\":\"BreadcrumbList\",\"@id\":\"https:\\\/\\\/www.immobilienbusiness.ch\\\/fr\\\/ib\\\/2023-07-19\\\/einsiedeln-sz-wohn-und-gewerbeueberbauung-am-bahnhof-geplant\\\/#breadcrumb\",\"itemListElement\":[{\"@type\":\"ListItem\",\"position\":1,\"name\":\"Home\",\"item\":\"https:\\\/\\\/www.immobilienbusiness.ch\\\/\"},{\"@type\":\"ListItem\",\"position\":2,\"name\":\"Einsiedeln (SZ): Wohn- und Gewerbe\u00fcberbauung am Bahnhof geplant\"}]},{\"@type\":\"WebSite\",\"@id\":\"https:\\\/\\\/www.immobilienbusiness.ch\\\/#website\",\"url\":\"https:\\\/\\\/www.immobilienbusiness.ch\\\/\",\"name\":\"IMMOBILIEN Business\",\"description\":\"Unabh\u00e4ngiges Schweizer Wirtschaftsmagazin mit Fokus auf Immobilien, Architektur- und Bau sowie Investment- und Finanzierung.\",\"publisher\":{\"@id\":\"https:\\\/\\\/www.immobilienbusiness.ch\\\/#organization\"},\"potentialAction\":[{\"@type\":\"SearchAction\",\"target\":{\"@type\":\"EntryPoint\",\"urlTemplate\":\"https:\\\/\\\/www.immobilienbusiness.ch\\\/?s={search_term_string}\"},\"query-input\":{\"@type\":\"PropertyValueSpecification\",\"valueRequired\":true,\"valueName\":\"search_term_string\"}}],\"inLanguage\":\"fr-FR\"},{\"@type\":\"Organization\",\"@id\":\"https:\\\/\\\/www.immobilienbusiness.ch\\\/#organization\",\"name\":\"IMMOBILIEN Business\",\"url\":\"https:\\\/\\\/www.immobilienbusiness.ch\\\/\",\"logo\":{\"@type\":\"ImageObject\",\"inLanguage\":\"fr-FR\",\"@id\":\"https:\\\/\\\/www.immobilienbusiness.ch\\\/#\\\/schema\\\/logo\\\/image\\\/\",\"url\":\"https:\\\/\\\/www.immobilienbusiness.ch\\\/wp-content\\\/uploads\\\/2021\\\/07\\\/logo_ib.png\",\"contentUrl\":\"https:\\\/\\\/www.immobilienbusiness.ch\\\/wp-content\\\/uploads\\\/2021\\\/07\\\/logo_ib.png\",\"width\":800,\"height\":181,\"caption\":\"IMMOBILIEN Business\"},\"image\":{\"@id\":\"https:\\\/\\\/www.immobilienbusiness.ch\\\/#\\\/schema\\\/logo\\\/image\\\/\"},\"sameAs\":[\"https:\\\/\\\/www.facebook.com\\\/immobilienbusiness\\\/\"]},{\"@type\":\"Person\",\"@id\":\"https:\\\/\\\/www.immobilienbusiness.ch\\\/#\\\/schema\\\/person\\\/aba8bea2db926aa0c24c08c43fe1fcd5\",\"name\":\"Alexander Wachter\",\"image\":{\"@type\":\"ImageObject\",\"inLanguage\":\"fr-FR\",\"@id\":\"https:\\\/\\\/secure.gravatar.com\\\/avatar\\\/1a09e471f5389b0e0a6416eac287e0927c7c97a7b77f9e787eba3af7aee281dd?s=96&d=mm&r=g\",\"url\":\"https:\\\/\\\/secure.gravatar.com\\\/avatar\\\/1a09e471f5389b0e0a6416eac287e0927c7c97a7b77f9e787eba3af7aee281dd?s=96&d=mm&r=g\",\"contentUrl\":\"https:\\\/\\\/secure.gravatar.com\\\/avatar\\\/1a09e471f5389b0e0a6416eac287e0927c7c97a7b77f9e787eba3af7aee281dd?s=96&d=mm&r=g\",\"caption\":\"Alexander Wachter\"},\"url\":\"https:\\\/\\\/www.immobilienbusiness.ch\\\/fr\\\/author\\\/alexander-wachter\\\/\"}]}<\/script>\n<!-- \/ Yoast SEO plugin. -->","yoast_head_json":{"title":"Einsiedeln (SZ): Wohn- und Gewerbe\u00fcberbauung am Bahnhof geplant - IMMOBILIEN Business","description":"Stadt Einsiedeln plant Neubebauung des Bahnhofareals mit Wohnungen, B\u00fcros und Gewerbefl\u00e4chen. \u00d6ffentliche Mitwirkung m\u00f6glich.","robots":{"index":"index","follow":"follow","max-snippet":"max-snippet:-1","max-image-preview":"max-image-preview:large","max-video-preview":"max-video-preview:-1"},"canonical":"https:\/\/www.immobilienbusiness.ch\/fr\/ib\/2023-07-19\/einsiedeln-sz-wohn-und-gewerbeueberbauung-am-bahnhof-geplant\/","og_locale":"fr_FR","og_type":"article","og_title":"Einsiedeln (SZ): Wohn- und Gewerbe\u00fcberbauung am Bahnhof geplant - IMMOBILIEN Business","og_description":"Stadt Einsiedeln plant Neubebauung des Bahnhofareals mit Wohnungen, B\u00fcros und Gewerbefl\u00e4chen. \u00d6ffentliche Mitwirkung m\u00f6glich.","og_url":"https:\/\/www.immobilienbusiness.ch\/fr\/ib\/2023-07-19\/einsiedeln-sz-wohn-und-gewerbeueberbauung-am-bahnhof-geplant\/","og_site_name":"IMMOBILIEN Business","article_publisher":"https:\/\/www.facebook.com\/immobilienbusiness\/","article_published_time":"2023-07-19T05:50:22+00:00","article_modified_time":"2024-08-21T12:08:33+00:00","author":"Alexander Wachter","twitter_card":"summary_large_image","schema":{"@context":"https:\/\/schema.org","@graph":[{"@type":"Article","@id":"https:\/\/www.immobilienbusiness.ch\/fr\/ib\/2023-07-19\/einsiedeln-sz-wohn-und-gewerbeueberbauung-am-bahnhof-geplant\/#article","isPartOf":{"@id":"https:\/\/www.immobilienbusiness.ch\/fr\/ib\/2023-07-19\/einsiedeln-sz-wohn-und-gewerbeueberbauung-am-bahnhof-geplant\/"},"author":{"name":"Alexander Wachter","@id":"https:\/\/www.immobilienbusiness.ch\/#\/schema\/person\/aba8bea2db926aa0c24c08c43fe1fcd5"},"headline":"Einsiedeln (SZ): Wohn- und Gewerbe\u00fcberbauung am Bahnhof geplant","datePublished":"2023-07-19T05:50:22+00:00","dateModified":"2024-08-21T12:08:33+00:00","mainEntityOfPage":{"@id":"https:\/\/www.immobilienbusiness.ch\/fr\/ib\/2023-07-19\/einsiedeln-sz-wohn-und-gewerbeueberbauung-am-bahnhof-geplant\/"},"wordCount":158,"publisher":{"@id":"https:\/\/www.immobilienbusiness.ch\/#organization"},"keywords":["B\u00fcros","Einsiedeln","Projekt in Planung","Retail","SZ","Wohnungen"],"articleSection":["IB+"],"inLanguage":"fr-FR"},{"@type":"WebPage","@id":"https:\/\/www.immobilienbusiness.ch\/fr\/ib\/2023-07-19\/einsiedeln-sz-wohn-und-gewerbeueberbauung-am-bahnhof-geplant\/","url":"https:\/\/www.immobilienbusiness.ch\/fr\/ib\/2023-07-19\/einsiedeln-sz-wohn-und-gewerbeueberbauung-am-bahnhof-geplant\/","name":"Einsiedeln (SZ): Wohn- und Gewerbe\u00fcberbauung am Bahnhof geplant - IMMOBILIEN Business","isPartOf":{"@id":"https:\/\/www.immobilienbusiness.ch\/#website"},"datePublished":"2023-07-19T05:50:22+00:00","dateModified":"2024-08-21T12:08:33+00:00","description":"Stadt Einsiedeln plant Neubebauung des Bahnhofareals mit Wohnungen, B\u00fcros und Gewerbefl\u00e4chen. \u00d6ffentliche Mitwirkung m\u00f6glich.","breadcrumb":{"@id":"https:\/\/www.immobilienbusiness.ch\/fr\/ib\/2023-07-19\/einsiedeln-sz-wohn-und-gewerbeueberbauung-am-bahnhof-geplant\/#breadcrumb"},"inLanguage":"fr-FR","potentialAction":[{"@type":"ReadAction","target":["https:\/\/www.immobilienbusiness.ch\/fr\/ib\/2023-07-19\/einsiedeln-sz-wohn-und-gewerbeueberbauung-am-bahnhof-geplant\/"]}]},{"@type":"BreadcrumbList","@id":"https:\/\/www.immobilienbusiness.ch\/fr\/ib\/2023-07-19\/einsiedeln-sz-wohn-und-gewerbeueberbauung-am-bahnhof-geplant\/#breadcrumb","itemListElement":[{"@type":"ListItem","position":1,"name":"Home","item":"https:\/\/www.immobilienbusiness.ch\/"},{"@type":"ListItem","position":2,"name":"Einsiedeln (SZ): Wohn- und Gewerbe\u00fcberbauung am Bahnhof geplant"}]},{"@type":"WebSite","@id":"https:\/\/www.immobilienbusiness.ch\/#website","url":"https:\/\/www.immobilienbusiness.ch\/","name":"IMMOBILIER Business","description":"Magazine \u00e9conomique suisse ind\u00e9pendant ax\u00e9 sur l'immobilier, l'architecture et la construction ainsi que sur les investissements et le financement.","publisher":{"@id":"https:\/\/www.immobilienbusiness.ch\/#organization"},"potentialAction":[{"@type":"SearchAction","target":{"@type":"EntryPoint","urlTemplate":"https:\/\/www.immobilienbusiness.ch\/?s={search_term_string}"},"query-input":{"@type":"PropertyValueSpecification","valueRequired":true,"valueName":"search_term_string"}}],"inLanguage":"fr-FR"},{"@type":"Organization","@id":"https:\/\/www.immobilienbusiness.ch\/#organization","name":"IMMOBILIER Business","url":"https:\/\/www.immobilienbusiness.ch\/","logo":{"@type":"ImageObject","inLanguage":"fr-FR","@id":"https:\/\/www.immobilienbusiness.ch\/#\/schema\/logo\/image\/","url":"https:\/\/www.immobilienbusiness.ch\/wp-content\/uploads\/2021\/07\/logo_ib.png","contentUrl":"https:\/\/www.immobilienbusiness.ch\/wp-content\/uploads\/2021\/07\/logo_ib.png","width":800,"height":181,"caption":"IMMOBILIEN Business"},"image":{"@id":"https:\/\/www.immobilienbusiness.ch\/#\/schema\/logo\/image\/"},"sameAs":["https:\/\/www.facebook.com\/immobilienbusiness\/"]},{"@type":"Person","@id":"https:\/\/www.immobilienbusiness.ch\/#\/schema\/person\/aba8bea2db926aa0c24c08c43fe1fcd5","name":"Alexander Wachter","image":{"@type":"ImageObject","inLanguage":"fr-FR","@id":"https:\/\/secure.gravatar.com\/avatar\/1a09e471f5389b0e0a6416eac287e0927c7c97a7b77f9e787eba3af7aee281dd?s=96&d=mm&r=g","url":"https:\/\/secure.gravatar.com\/avatar\/1a09e471f5389b0e0a6416eac287e0927c7c97a7b77f9e787eba3af7aee281dd?s=96&d=mm&r=g","contentUrl":"https:\/\/secure.gravatar.com\/avatar\/1a09e471f5389b0e0a6416eac287e0927c7c97a7b77f9e787eba3af7aee281dd?s=96&d=mm&r=g","caption":"Alexander Wachter"},"url":"https:\/\/www.immobilienbusiness.ch\/fr\/author\/alexander-wachter\/"}]}},"_links":{"self":[{"href":"https:\/\/www.immobilienbusiness.ch\/fr\/wp-json\/wp\/v2\/posts\/5631","targetHints":{"allow":["GET"]}}],"collection":[{"href":"https:\/\/www.immobilienbusiness.ch\/fr\/wp-json\/wp\/v2\/posts"}],"about":[{"href":"https:\/\/www.immobilienbusiness.ch\/fr\/wp-json\/wp\/v2\/types\/post"}],"author":[{"embeddable":true,"href":"https:\/\/www.immobilienbusiness.ch\/fr\/wp-json\/wp\/v2\/users\/102"}],"replies":[{"embeddable":true,"href":"https:\/\/www.immobilienbusiness.ch\/fr\/wp-json\/wp\/v2\/comments?post=5631"}],"version-history":[{"count":1,"href":"https:\/\/www.immobilienbusiness.ch\/fr\/wp-json\/wp\/v2\/posts\/5631\/revisions"}],"predecessor-version":[{"id":59128,"href":"https:\/\/www.immobilienbusiness.ch\/fr\/wp-json\/wp\/v2\/posts\/5631\/revisions\/59128"}],"wp:attachment":[{"href":"https:\/\/www.immobilienbusiness.ch\/fr\/wp-json\/wp\/v2\/media?parent=5631"}],"wp:term":[{"taxonomy":"category","embeddable":true,"href":"https:\/\/www.immobilienbusiness.ch\/fr\/wp-json\/wp\/v2\/categories?post=5631"},{"taxonomy":"post_tag","embeddable":true,"href":"https:\/\/www.immobilienbusiness.ch\/fr\/wp-json\/wp\/v2\/tags?post=5631"}],"curies":[{"name":"wp","href":"https:\/\/api.w.org\/{rel}","templated":true}]}}