{"id":56256,"date":"2024-03-05T08:13:11","date_gmt":"2024-03-05T07:13:11","guid":{"rendered":"https:\/\/www.immobilienbusiness.ch\/?p=56256"},"modified":"2024-03-05T08:13:11","modified_gmt":"2024-03-05T07:13:11","slug":"zuerich-grundsteinlegung-fuer-wohnhochhaus-alto","status":"publish","type":"post","link":"https:\/\/www.immobilienbusiness.ch\/fr\/ib\/2024-03-05\/zuerich-grundsteinlegung-fuer-wohnhochhaus-alto\/","title":{"rendered":"Zurich : pose de la premi\u00e8re pierre de la tour d'habitation \"Alto"},"content":{"rendered":"<div class=\"swpm-post-not-logged-in-msg\">Vous devez \u00eatre connect\u00e9 pour voir ce contenu. Veuillez consulter <a class=\"swpm-login-link\" href=\"https:\/\/www.immobilienbusiness.ch\/fr\/login\/?swpm_redirect_to=https%3A%2F%2Fwww.immobilienbusiness.ch%2Ffr%2Fwp-json%2Fwp%2Fv2%2Fposts%2F56256\">Connexion<\/a>. Vous n'\u00eates pas membre ? <a href=\"https:\/\/www.immobilienbusiness.ch\/fr\/registrieren\/\">Nous Rejoindre<\/a><\/div>","protected":false},"excerpt":{"rendered":"<p>Hiag veut poser des jalons avec la premi\u00e8re fa\u00e7ade d'immeuble photovolta\u00efque de Zurich. Pour la protection contre les incendies, deux \u00e9tages ont d\u00fb \u00eatre sp\u00e9cialement reproduits de mani\u00e8re r\u00e9aliste.<\/p>","protected":false},"author":102,"featured_media":42909,"comment_status":"closed","ping_status":"closed","sticky":false,"template":"","format":"standard","meta":{"_acf_changed":false,"_yoast_wpseo_focuskw":"Z\u00fcrich","_yoast_wpseo_title":"","_yoast_wpseo_metadesc":"Hiag will mit Z\u00fcrichs erster Photovoltaik-Hochhaus-Fassade Masst\u00e4be setzen. F\u00fcr den Brandschutz mussten eigens zwei Etagen detailgetreu nachgebaut werden.","_yoast_wpseo_linkdex":49,"pgc_sgb_lightbox_settings":"","footnotes":""},"categories":[1951,985],"tags":[1304,2100,1492,1515,1888],"class_list":["post-56256","post","type-post","status-publish","format-standard","has-post-thumbnail","hentry","category-ib","category-regionen","tag-hiag","tag-hrs","tag-mietwohnungen","tag-nachhaltigkeit","tag-zuerich"],"acf":[],"yoast_head":"<!-- This site is optimized with the Yoast SEO plugin v27.5 - https:\/\/yoast.com\/product\/yoast-seo-wordpress\/ -->\n<title>Z\u00fcrich: Grundsteinlegung f\u00fcr Wohnhochhaus \u00abAlto\u00bb - IMMOBILIEN Business<\/title>\n<meta name=\"description\" content=\"Hiag will mit Z\u00fcrichs erster Photovoltaik-Hochhaus-Fassade Masst\u00e4be setzen. F\u00fcr den Brandschutz mussten eigens zwei Etagen detailgetreu nachgebaut werden.\" \/>\n<meta name=\"robots\" content=\"index, follow, max-snippet:-1, max-image-preview:large, max-video-preview:-1\" \/>\n<link rel=\"canonical\" href=\"https:\/\/www.immobilienbusiness.ch\/fr\/ib\/2024-03-05\/zuerich-grundsteinlegung-fuer-wohnhochhaus-alto\/\" \/>\n<meta property=\"og:locale\" content=\"fr_FR\" \/>\n<meta property=\"og:type\" content=\"article\" \/>\n<meta property=\"og:title\" content=\"Z\u00fcrich: Grundsteinlegung f\u00fcr Wohnhochhaus \u00abAlto\u00bb - IMMOBILIEN Business\" \/>\n<meta property=\"og:description\" content=\"Hiag will mit Z\u00fcrichs erster Photovoltaik-Hochhaus-Fassade Masst\u00e4be setzen. F\u00fcr den Brandschutz mussten eigens zwei Etagen detailgetreu nachgebaut werden.\" \/>\n<meta property=\"og:url\" content=\"https:\/\/www.immobilienbusiness.ch\/fr\/ib\/2024-03-05\/zuerich-grundsteinlegung-fuer-wohnhochhaus-alto\/\" \/>\n<meta property=\"og:site_name\" content=\"IMMOBILIEN Business\" \/>\n<meta property=\"article:publisher\" content=\"https:\/\/www.facebook.com\/immobilienbusiness\/\" \/>\n<meta property=\"article:published_time\" content=\"2024-03-05T07:13:11+00:00\" \/>\n<meta property=\"og:image\" content=\"https:\/\/www.immobilienbusiness.ch\/wp-content\/uploads\/2022\/06\/hiag.jpg\" \/>\n\t<meta property=\"og:image:width\" content=\"1000\" \/>\n\t<meta property=\"og:image:height\" content=\"667\" \/>\n\t<meta property=\"og:image:type\" content=\"image\/jpeg\" \/>\n<meta name=\"author\" content=\"Alexander Wachter\" \/>\n<meta name=\"twitter:card\" content=\"summary_large_image\" \/>\n<script type=\"application\/ld+json\" class=\"yoast-schema-graph\">{\"@context\":\"https:\\\/\\\/schema.org\",\"@graph\":[{\"@type\":\"Article\",\"@id\":\"https:\\\/\\\/www.immobilienbusiness.ch\\\/fr\\\/ib\\\/2024-03-05\\\/zuerich-grundsteinlegung-fuer-wohnhochhaus-alto\\\/#article\",\"isPartOf\":{\"@id\":\"https:\\\/\\\/www.immobilienbusiness.ch\\\/fr\\\/ib\\\/2024-03-05\\\/zuerich-grundsteinlegung-fuer-wohnhochhaus-alto\\\/\"},\"author\":{\"name\":\"Alexander Wachter\",\"@id\":\"https:\\\/\\\/www.immobilienbusiness.ch\\\/#\\\/schema\\\/person\\\/aba8bea2db926aa0c24c08c43fe1fcd5\"},\"headline\":\"Z\u00fcrich: Grundsteinlegung f\u00fcr Wohnhochhaus \u00abAlto\u00bb\",\"datePublished\":\"2024-03-05T07:13:11+00:00\",\"mainEntityOfPage\":{\"@id\":\"https:\\\/\\\/www.immobilienbusiness.ch\\\/fr\\\/ib\\\/2024-03-05\\\/zuerich-grundsteinlegung-fuer-wohnhochhaus-alto\\\/\"},\"wordCount\":220,\"publisher\":{\"@id\":\"https:\\\/\\\/www.immobilienbusiness.ch\\\/#organization\"},\"image\":{\"@id\":\"https:\\\/\\\/www.immobilienbusiness.ch\\\/fr\\\/ib\\\/2024-03-05\\\/zuerich-grundsteinlegung-fuer-wohnhochhaus-alto\\\/#primaryimage\"},\"thumbnailUrl\":\"https:\\\/\\\/www.immobilienbusiness.ch\\\/wp-content\\\/uploads\\\/2022\\\/06\\\/hiag.jpg\",\"keywords\":[\"Hiag\",\"HRS\",\"Mietwohnungen\",\"Nachhaltigkeit\",\"Z\u00fcrich\"],\"articleSection\":[\"IB+\",\"REGIONEN\"],\"inLanguage\":\"fr-FR\"},{\"@type\":\"WebPage\",\"@id\":\"https:\\\/\\\/www.immobilienbusiness.ch\\\/fr\\\/ib\\\/2024-03-05\\\/zuerich-grundsteinlegung-fuer-wohnhochhaus-alto\\\/\",\"url\":\"https:\\\/\\\/www.immobilienbusiness.ch\\\/fr\\\/ib\\\/2024-03-05\\\/zuerich-grundsteinlegung-fuer-wohnhochhaus-alto\\\/\",\"name\":\"Z\u00fcrich: Grundsteinlegung f\u00fcr Wohnhochhaus \u00abAlto\u00bb - IMMOBILIEN Business\",\"isPartOf\":{\"@id\":\"https:\\\/\\\/www.immobilienbusiness.ch\\\/#website\"},\"primaryImageOfPage\":{\"@id\":\"https:\\\/\\\/www.immobilienbusiness.ch\\\/fr\\\/ib\\\/2024-03-05\\\/zuerich-grundsteinlegung-fuer-wohnhochhaus-alto\\\/#primaryimage\"},\"image\":{\"@id\":\"https:\\\/\\\/www.immobilienbusiness.ch\\\/fr\\\/ib\\\/2024-03-05\\\/zuerich-grundsteinlegung-fuer-wohnhochhaus-alto\\\/#primaryimage\"},\"thumbnailUrl\":\"https:\\\/\\\/www.immobilienbusiness.ch\\\/wp-content\\\/uploads\\\/2022\\\/06\\\/hiag.jpg\",\"datePublished\":\"2024-03-05T07:13:11+00:00\",\"description\":\"Hiag will mit Z\u00fcrichs erster Photovoltaik-Hochhaus-Fassade Masst\u00e4be setzen. F\u00fcr den Brandschutz mussten eigens zwei Etagen detailgetreu nachgebaut werden.\",\"breadcrumb\":{\"@id\":\"https:\\\/\\\/www.immobilienbusiness.ch\\\/fr\\\/ib\\\/2024-03-05\\\/zuerich-grundsteinlegung-fuer-wohnhochhaus-alto\\\/#breadcrumb\"},\"inLanguage\":\"fr-FR\",\"potentialAction\":[{\"@type\":\"ReadAction\",\"target\":[\"https:\\\/\\\/www.immobilienbusiness.ch\\\/fr\\\/ib\\\/2024-03-05\\\/zuerich-grundsteinlegung-fuer-wohnhochhaus-alto\\\/\"]}]},{\"@type\":\"ImageObject\",\"inLanguage\":\"fr-FR\",\"@id\":\"https:\\\/\\\/www.immobilienbusiness.ch\\\/fr\\\/ib\\\/2024-03-05\\\/zuerich-grundsteinlegung-fuer-wohnhochhaus-alto\\\/#primaryimage\",\"url\":\"https:\\\/\\\/www.immobilienbusiness.ch\\\/wp-content\\\/uploads\\\/2022\\\/06\\\/hiag.jpg\",\"contentUrl\":\"https:\\\/\\\/www.immobilienbusiness.ch\\\/wp-content\\\/uploads\\\/2022\\\/06\\\/hiag.jpg\",\"width\":1000,\"height\":667,\"caption\":\"Das Wohnhochhaus \u00abAlto\u00bb in Z\u00fcrich-Altstetten ist eines der grossen laufenden Projekte (Bild: \u00a9 Hiag)\"},{\"@type\":\"BreadcrumbList\",\"@id\":\"https:\\\/\\\/www.immobilienbusiness.ch\\\/fr\\\/ib\\\/2024-03-05\\\/zuerich-grundsteinlegung-fuer-wohnhochhaus-alto\\\/#breadcrumb\",\"itemListElement\":[{\"@type\":\"ListItem\",\"position\":1,\"name\":\"Home\",\"item\":\"https:\\\/\\\/www.immobilienbusiness.ch\\\/\"},{\"@type\":\"ListItem\",\"position\":2,\"name\":\"Z\u00fcrich: Grundsteinlegung f\u00fcr Wohnhochhaus \u00abAlto\u00bb\"}]},{\"@type\":\"WebSite\",\"@id\":\"https:\\\/\\\/www.immobilienbusiness.ch\\\/#website\",\"url\":\"https:\\\/\\\/www.immobilienbusiness.ch\\\/\",\"name\":\"IMMOBILIEN Business\",\"description\":\"Unabh\u00e4ngiges Schweizer Wirtschaftsmagazin mit Fokus auf Immobilien, Architektur- und Bau sowie Investment- und Finanzierung.\",\"publisher\":{\"@id\":\"https:\\\/\\\/www.immobilienbusiness.ch\\\/#organization\"},\"potentialAction\":[{\"@type\":\"SearchAction\",\"target\":{\"@type\":\"EntryPoint\",\"urlTemplate\":\"https:\\\/\\\/www.immobilienbusiness.ch\\\/?s={search_term_string}\"},\"query-input\":{\"@type\":\"PropertyValueSpecification\",\"valueRequired\":true,\"valueName\":\"search_term_string\"}}],\"inLanguage\":\"fr-FR\"},{\"@type\":\"Organization\",\"@id\":\"https:\\\/\\\/www.immobilienbusiness.ch\\\/#organization\",\"name\":\"IMMOBILIEN Business\",\"url\":\"https:\\\/\\\/www.immobilienbusiness.ch\\\/\",\"logo\":{\"@type\":\"ImageObject\",\"inLanguage\":\"fr-FR\",\"@id\":\"https:\\\/\\\/www.immobilienbusiness.ch\\\/#\\\/schema\\\/logo\\\/image\\\/\",\"url\":\"https:\\\/\\\/www.immobilienbusiness.ch\\\/wp-content\\\/uploads\\\/2021\\\/07\\\/logo_ib.png\",\"contentUrl\":\"https:\\\/\\\/www.immobilienbusiness.ch\\\/wp-content\\\/uploads\\\/2021\\\/07\\\/logo_ib.png\",\"width\":800,\"height\":181,\"caption\":\"IMMOBILIEN Business\"},\"image\":{\"@id\":\"https:\\\/\\\/www.immobilienbusiness.ch\\\/#\\\/schema\\\/logo\\\/image\\\/\"},\"sameAs\":[\"https:\\\/\\\/www.facebook.com\\\/immobilienbusiness\\\/\"]},{\"@type\":\"Person\",\"@id\":\"https:\\\/\\\/www.immobilienbusiness.ch\\\/#\\\/schema\\\/person\\\/aba8bea2db926aa0c24c08c43fe1fcd5\",\"name\":\"Alexander Wachter\",\"image\":{\"@type\":\"ImageObject\",\"inLanguage\":\"fr-FR\",\"@id\":\"https:\\\/\\\/secure.gravatar.com\\\/avatar\\\/1a09e471f5389b0e0a6416eac287e0927c7c97a7b77f9e787eba3af7aee281dd?s=96&d=mm&r=g\",\"url\":\"https:\\\/\\\/secure.gravatar.com\\\/avatar\\\/1a09e471f5389b0e0a6416eac287e0927c7c97a7b77f9e787eba3af7aee281dd?s=96&d=mm&r=g\",\"contentUrl\":\"https:\\\/\\\/secure.gravatar.com\\\/avatar\\\/1a09e471f5389b0e0a6416eac287e0927c7c97a7b77f9e787eba3af7aee281dd?s=96&d=mm&r=g\",\"caption\":\"Alexander Wachter\"},\"url\":\"https:\\\/\\\/www.immobilienbusiness.ch\\\/fr\\\/author\\\/alexander-wachter\\\/\"}]}<\/script>\n<!-- \/ Yoast SEO plugin. -->","yoast_head_json":{"title":"Zurich : pose de la premi\u00e8re pierre de la tour d'habitation \"Alto\" - IMMOBILIER Business","description":"Hiag veut poser des jalons avec la premi\u00e8re fa\u00e7ade de tour photovolta\u00efque de Zurich. Pour la protection contre les incendies, deux \u00e9tages ont d\u00fb \u00eatre sp\u00e9cialement reconstruits dans les moindres d\u00e9tails.","robots":{"index":"index","follow":"follow","max-snippet":"max-snippet:-1","max-image-preview":"max-image-preview:large","max-video-preview":"max-video-preview:-1"},"canonical":"https:\/\/www.immobilienbusiness.ch\/fr\/ib\/2024-03-05\/zuerich-grundsteinlegung-fuer-wohnhochhaus-alto\/","og_locale":"fr_FR","og_type":"article","og_title":"Z\u00fcrich: Grundsteinlegung f\u00fcr Wohnhochhaus \u00abAlto\u00bb - IMMOBILIEN Business","og_description":"Hiag will mit Z\u00fcrichs erster Photovoltaik-Hochhaus-Fassade Masst\u00e4be setzen. F\u00fcr den Brandschutz mussten eigens zwei Etagen detailgetreu nachgebaut werden.","og_url":"https:\/\/www.immobilienbusiness.ch\/fr\/ib\/2024-03-05\/zuerich-grundsteinlegung-fuer-wohnhochhaus-alto\/","og_site_name":"IMMOBILIEN Business","article_publisher":"https:\/\/www.facebook.com\/immobilienbusiness\/","article_published_time":"2024-03-05T07:13:11+00:00","og_image":[{"width":1000,"height":667,"url":"https:\/\/www.immobilienbusiness.ch\/wp-content\/uploads\/2022\/06\/hiag.jpg","type":"image\/jpeg"}],"author":"Alexander Wachter","twitter_card":"summary_large_image","schema":{"@context":"https:\/\/schema.org","@graph":[{"@type":"Article","@id":"https:\/\/www.immobilienbusiness.ch\/fr\/ib\/2024-03-05\/zuerich-grundsteinlegung-fuer-wohnhochhaus-alto\/#article","isPartOf":{"@id":"https:\/\/www.immobilienbusiness.ch\/fr\/ib\/2024-03-05\/zuerich-grundsteinlegung-fuer-wohnhochhaus-alto\/"},"author":{"name":"Alexander Wachter","@id":"https:\/\/www.immobilienbusiness.ch\/#\/schema\/person\/aba8bea2db926aa0c24c08c43fe1fcd5"},"headline":"Z\u00fcrich: Grundsteinlegung f\u00fcr Wohnhochhaus \u00abAlto\u00bb","datePublished":"2024-03-05T07:13:11+00:00","mainEntityOfPage":{"@id":"https:\/\/www.immobilienbusiness.ch\/fr\/ib\/2024-03-05\/zuerich-grundsteinlegung-fuer-wohnhochhaus-alto\/"},"wordCount":220,"publisher":{"@id":"https:\/\/www.immobilienbusiness.ch\/#organization"},"image":{"@id":"https:\/\/www.immobilienbusiness.ch\/fr\/ib\/2024-03-05\/zuerich-grundsteinlegung-fuer-wohnhochhaus-alto\/#primaryimage"},"thumbnailUrl":"https:\/\/www.immobilienbusiness.ch\/wp-content\/uploads\/2022\/06\/hiag.jpg","keywords":["Hiag","HRS","Mietwohnungen","Nachhaltigkeit","Z\u00fcrich"],"articleSection":["IB+","REGIONEN"],"inLanguage":"fr-FR"},{"@type":"WebPage","@id":"https:\/\/www.immobilienbusiness.ch\/fr\/ib\/2024-03-05\/zuerich-grundsteinlegung-fuer-wohnhochhaus-alto\/","url":"https:\/\/www.immobilienbusiness.ch\/fr\/ib\/2024-03-05\/zuerich-grundsteinlegung-fuer-wohnhochhaus-alto\/","name":"Zurich : pose de la premi\u00e8re pierre de la tour d'habitation \"Alto\" - IMMOBILIER Business","isPartOf":{"@id":"https:\/\/www.immobilienbusiness.ch\/#website"},"primaryImageOfPage":{"@id":"https:\/\/www.immobilienbusiness.ch\/fr\/ib\/2024-03-05\/zuerich-grundsteinlegung-fuer-wohnhochhaus-alto\/#primaryimage"},"image":{"@id":"https:\/\/www.immobilienbusiness.ch\/fr\/ib\/2024-03-05\/zuerich-grundsteinlegung-fuer-wohnhochhaus-alto\/#primaryimage"},"thumbnailUrl":"https:\/\/www.immobilienbusiness.ch\/wp-content\/uploads\/2022\/06\/hiag.jpg","datePublished":"2024-03-05T07:13:11+00:00","description":"Hiag veut poser des jalons avec la premi\u00e8re fa\u00e7ade de tour photovolta\u00efque de Zurich. Pour la protection contre les incendies, deux \u00e9tages ont d\u00fb \u00eatre sp\u00e9cialement reconstruits dans les moindres d\u00e9tails.","breadcrumb":{"@id":"https:\/\/www.immobilienbusiness.ch\/fr\/ib\/2024-03-05\/zuerich-grundsteinlegung-fuer-wohnhochhaus-alto\/#breadcrumb"},"inLanguage":"fr-FR","potentialAction":[{"@type":"ReadAction","target":["https:\/\/www.immobilienbusiness.ch\/fr\/ib\/2024-03-05\/zuerich-grundsteinlegung-fuer-wohnhochhaus-alto\/"]}]},{"@type":"ImageObject","inLanguage":"fr-FR","@id":"https:\/\/www.immobilienbusiness.ch\/fr\/ib\/2024-03-05\/zuerich-grundsteinlegung-fuer-wohnhochhaus-alto\/#primaryimage","url":"https:\/\/www.immobilienbusiness.ch\/wp-content\/uploads\/2022\/06\/hiag.jpg","contentUrl":"https:\/\/www.immobilienbusiness.ch\/wp-content\/uploads\/2022\/06\/hiag.jpg","width":1000,"height":667,"caption":"Das Wohnhochhaus \u00abAlto\u00bb in Z\u00fcrich-Altstetten ist eines der grossen laufenden Projekte (Bild: \u00a9 Hiag)"},{"@type":"BreadcrumbList","@id":"https:\/\/www.immobilienbusiness.ch\/fr\/ib\/2024-03-05\/zuerich-grundsteinlegung-fuer-wohnhochhaus-alto\/#breadcrumb","itemListElement":[{"@type":"ListItem","position":1,"name":"Home","item":"https:\/\/www.immobilienbusiness.ch\/"},{"@type":"ListItem","position":2,"name":"Z\u00fcrich: Grundsteinlegung f\u00fcr Wohnhochhaus \u00abAlto\u00bb"}]},{"@type":"WebSite","@id":"https:\/\/www.immobilienbusiness.ch\/#website","url":"https:\/\/www.immobilienbusiness.ch\/","name":"IMMOBILIER Business","description":"Magazine \u00e9conomique suisse ind\u00e9pendant ax\u00e9 sur l'immobilier, l'architecture et la construction ainsi que sur les investissements et le financement.","publisher":{"@id":"https:\/\/www.immobilienbusiness.ch\/#organization"},"potentialAction":[{"@type":"SearchAction","target":{"@type":"EntryPoint","urlTemplate":"https:\/\/www.immobilienbusiness.ch\/?s={search_term_string}"},"query-input":{"@type":"PropertyValueSpecification","valueRequired":true,"valueName":"search_term_string"}}],"inLanguage":"fr-FR"},{"@type":"Organization","@id":"https:\/\/www.immobilienbusiness.ch\/#organization","name":"IMMOBILIER Business","url":"https:\/\/www.immobilienbusiness.ch\/","logo":{"@type":"ImageObject","inLanguage":"fr-FR","@id":"https:\/\/www.immobilienbusiness.ch\/#\/schema\/logo\/image\/","url":"https:\/\/www.immobilienbusiness.ch\/wp-content\/uploads\/2021\/07\/logo_ib.png","contentUrl":"https:\/\/www.immobilienbusiness.ch\/wp-content\/uploads\/2021\/07\/logo_ib.png","width":800,"height":181,"caption":"IMMOBILIEN Business"},"image":{"@id":"https:\/\/www.immobilienbusiness.ch\/#\/schema\/logo\/image\/"},"sameAs":["https:\/\/www.facebook.com\/immobilienbusiness\/"]},{"@type":"Person","@id":"https:\/\/www.immobilienbusiness.ch\/#\/schema\/person\/aba8bea2db926aa0c24c08c43fe1fcd5","name":"Alexander Wachter","image":{"@type":"ImageObject","inLanguage":"fr-FR","@id":"https:\/\/secure.gravatar.com\/avatar\/1a09e471f5389b0e0a6416eac287e0927c7c97a7b77f9e787eba3af7aee281dd?s=96&d=mm&r=g","url":"https:\/\/secure.gravatar.com\/avatar\/1a09e471f5389b0e0a6416eac287e0927c7c97a7b77f9e787eba3af7aee281dd?s=96&d=mm&r=g","contentUrl":"https:\/\/secure.gravatar.com\/avatar\/1a09e471f5389b0e0a6416eac287e0927c7c97a7b77f9e787eba3af7aee281dd?s=96&d=mm&r=g","caption":"Alexander Wachter"},"url":"https:\/\/www.immobilienbusiness.ch\/fr\/author\/alexander-wachter\/"}]}},"_links":{"self":[{"href":"https:\/\/www.immobilienbusiness.ch\/fr\/wp-json\/wp\/v2\/posts\/56256","targetHints":{"allow":["GET"]}}],"collection":[{"href":"https:\/\/www.immobilienbusiness.ch\/fr\/wp-json\/wp\/v2\/posts"}],"about":[{"href":"https:\/\/www.immobilienbusiness.ch\/fr\/wp-json\/wp\/v2\/types\/post"}],"author":[{"embeddable":true,"href":"https:\/\/www.immobilienbusiness.ch\/fr\/wp-json\/wp\/v2\/users\/102"}],"replies":[{"embeddable":true,"href":"https:\/\/www.immobilienbusiness.ch\/fr\/wp-json\/wp\/v2\/comments?post=56256"}],"version-history":[{"count":1,"href":"https:\/\/www.immobilienbusiness.ch\/fr\/wp-json\/wp\/v2\/posts\/56256\/revisions"}],"predecessor-version":[{"id":56257,"href":"https:\/\/www.immobilienbusiness.ch\/fr\/wp-json\/wp\/v2\/posts\/56256\/revisions\/56257"}],"wp:featuredmedia":[{"embeddable":true,"href":"https:\/\/www.immobilienbusiness.ch\/fr\/wp-json\/wp\/v2\/media\/42909"}],"wp:attachment":[{"href":"https:\/\/www.immobilienbusiness.ch\/fr\/wp-json\/wp\/v2\/media?parent=56256"}],"wp:term":[{"taxonomy":"category","embeddable":true,"href":"https:\/\/www.immobilienbusiness.ch\/fr\/wp-json\/wp\/v2\/categories?post=56256"},{"taxonomy":"post_tag","embeddable":true,"href":"https:\/\/www.immobilienbusiness.ch\/fr\/wp-json\/wp\/v2\/tags?post=56256"}],"curies":[{"name":"wp","href":"https:\/\/api.w.org\/{rel}","templated":true}]}}