{"id":5614,"date":"2023-07-14T10:20:01","date_gmt":"2023-07-14T08:20:01","guid":{"rendered":"https:\/\/develop.immobilienbusiness.ch\/?p=5614"},"modified":"2024-08-21T14:15:25","modified_gmt":"2024-08-21T12:15:25","slug":"luzern-erste-etappe-des-libellenhof-soll-im-april-starten","status":"publish","type":"post","link":"https:\/\/www.immobilienbusiness.ch\/fr\/ib\/2023-07-14\/luzern-erste-etappe-des-libellenhof-soll-im-april-starten\/","title":{"rendered":"Lucerne : la premi\u00e8re \u00e9tape du \"Libellenhof\" doit d\u00e9marrer en avril"},"content":{"rendered":"<div class=\"swpm-post-not-logged-in-msg\">Vous devez \u00eatre connect\u00e9 pour voir ce contenu. Veuillez consulter <a class=\"swpm-login-link\" href=\"https:\/\/www.immobilienbusiness.ch\/fr\/login\/?swpm_redirect_to=https%3A%2F%2Fwww.immobilienbusiness.ch%2Ffr%2Fwp-json%2Fwp%2Fv2%2Fposts%2F5614\">Connexion<\/a>. Vous n'\u00eates pas membre ? <a href=\"https:\/\/www.immobilienbusiness.ch\/fr\/registrieren\/\">Nous Rejoindre<\/a><\/div>","protected":false},"excerpt":{"rendered":"<p>Alors que la coop\u00e9rative d'habitation est encore occup\u00e9e \u00e0 d\u00e9poser des recours pour l'une des \u00e9tapes de son projet de construction \"Libellenhof\", elle annonce la construction de l'autre \u00e9tape. Les pelleteuses devraient d\u00e9j\u00e0 commencer \u00e0 rouler au printemps.<\/p>","protected":false},"author":102,"featured_media":0,"comment_status":"closed","ping_status":"closed","sticky":false,"template":"","format":"standard","meta":{"_acf_changed":false,"_yoast_wpseo_focuskw":"Libellenhof","_yoast_wpseo_title":"","_yoast_wpseo_metadesc":"Die Wohnbaugenossenschaft Luzern informiert \u00fcber das Projekt \u00abLibellenhof\u00bb im Maihofquartier. Baubeginn f\u00fcr den Bereich \u00abGarten\u00bb ist April 2024.","_yoast_wpseo_linkdex":41,"pgc_sgb_lightbox_settings":"","footnotes":""},"categories":[1951],"tags":[1459,1492,1600,3075],"class_list":["post-5614","post","type-post","status-publish","format-standard","hentry","category-ib","tag-luzern","tag-mietwohnungen","tag-projekt-in-planung","tag-wohnbaugenossenschaft-luzern"],"acf":[],"yoast_head":"<!-- This site is optimized with the Yoast SEO plugin v27.4 - https:\/\/yoast.com\/product\/yoast-seo-wordpress\/ -->\n<title>Luzern: Erste Etappe des \u00abLibellenhof\u00bb soll im April starten - IMMOBILIEN Business<\/title>\n<meta name=\"description\" content=\"Die Wohnbaugenossenschaft Luzern informiert \u00fcber das Projekt \u00abLibellenhof\u00bb im Maihofquartier. Baubeginn f\u00fcr den Bereich \u00abGarten\u00bb ist April 2024.\" \/>\n<meta name=\"robots\" content=\"index, follow, max-snippet:-1, max-image-preview:large, max-video-preview:-1\" \/>\n<link rel=\"canonical\" href=\"https:\/\/www.immobilienbusiness.ch\/fr\/ib\/2023-07-14\/luzern-erste-etappe-des-libellenhof-soll-im-april-starten\/\" \/>\n<meta property=\"og:locale\" content=\"fr_FR\" \/>\n<meta property=\"og:type\" content=\"article\" \/>\n<meta property=\"og:title\" content=\"Luzern: Erste Etappe des \u00abLibellenhof\u00bb soll im April starten - IMMOBILIEN Business\" \/>\n<meta property=\"og:description\" content=\"Die Wohnbaugenossenschaft Luzern informiert \u00fcber das Projekt \u00abLibellenhof\u00bb im Maihofquartier. Baubeginn f\u00fcr den Bereich \u00abGarten\u00bb ist April 2024.\" \/>\n<meta property=\"og:url\" content=\"https:\/\/www.immobilienbusiness.ch\/fr\/ib\/2023-07-14\/luzern-erste-etappe-des-libellenhof-soll-im-april-starten\/\" \/>\n<meta property=\"og:site_name\" content=\"IMMOBILIEN Business\" \/>\n<meta property=\"article:publisher\" content=\"https:\/\/www.facebook.com\/immobilienbusiness\/\" \/>\n<meta property=\"article:published_time\" content=\"2023-07-14T08:20:01+00:00\" \/>\n<meta property=\"article:modified_time\" content=\"2024-08-21T12:15:25+00:00\" \/>\n<meta name=\"author\" content=\"Alexander Wachter\" \/>\n<meta name=\"twitter:card\" content=\"summary_large_image\" \/>\n<script type=\"application\/ld+json\" class=\"yoast-schema-graph\">{\"@context\":\"https:\\\/\\\/schema.org\",\"@graph\":[{\"@type\":\"Article\",\"@id\":\"https:\\\/\\\/www.immobilienbusiness.ch\\\/en\\\/ib\\\/2023-07-14\\\/luzern-erste-etappe-des-libellenhof-soll-im-april-starten\\\/#article\",\"isPartOf\":{\"@id\":\"https:\\\/\\\/www.immobilienbusiness.ch\\\/en\\\/ib\\\/2023-07-14\\\/luzern-erste-etappe-des-libellenhof-soll-im-april-starten\\\/\"},\"author\":{\"name\":\"Alexander Wachter\",\"@id\":\"https:\\\/\\\/www.immobilienbusiness.ch\\\/#\\\/schema\\\/person\\\/aba8bea2db926aa0c24c08c43fe1fcd5\"},\"headline\":\"Luzern: Erste Etappe des \u00abLibellenhof\u00bb soll im April starten\",\"datePublished\":\"2023-07-14T08:20:01+00:00\",\"dateModified\":\"2024-08-21T12:15:25+00:00\",\"mainEntityOfPage\":{\"@id\":\"https:\\\/\\\/www.immobilienbusiness.ch\\\/en\\\/ib\\\/2023-07-14\\\/luzern-erste-etappe-des-libellenhof-soll-im-april-starten\\\/\"},\"wordCount\":93,\"publisher\":{\"@id\":\"https:\\\/\\\/www.immobilienbusiness.ch\\\/#organization\"},\"keywords\":[\"Luzern\",\"Mietwohnungen\",\"Projekt in Planung\",\"Wohnbaugenossenschaft Luzern\"],\"articleSection\":[\"IB+\"],\"inLanguage\":\"fr-FR\"},{\"@type\":\"WebPage\",\"@id\":\"https:\\\/\\\/www.immobilienbusiness.ch\\\/en\\\/ib\\\/2023-07-14\\\/luzern-erste-etappe-des-libellenhof-soll-im-april-starten\\\/\",\"url\":\"https:\\\/\\\/www.immobilienbusiness.ch\\\/en\\\/ib\\\/2023-07-14\\\/luzern-erste-etappe-des-libellenhof-soll-im-april-starten\\\/\",\"name\":\"Luzern: Erste Etappe des \u00abLibellenhof\u00bb soll im April starten - IMMOBILIEN Business\",\"isPartOf\":{\"@id\":\"https:\\\/\\\/www.immobilienbusiness.ch\\\/#website\"},\"datePublished\":\"2023-07-14T08:20:01+00:00\",\"dateModified\":\"2024-08-21T12:15:25+00:00\",\"description\":\"Die Wohnbaugenossenschaft Luzern informiert \u00fcber das Projekt \u00abLibellenhof\u00bb im Maihofquartier. Baubeginn f\u00fcr den Bereich \u00abGarten\u00bb ist April 2024.\",\"breadcrumb\":{\"@id\":\"https:\\\/\\\/www.immobilienbusiness.ch\\\/en\\\/ib\\\/2023-07-14\\\/luzern-erste-etappe-des-libellenhof-soll-im-april-starten\\\/#breadcrumb\"},\"inLanguage\":\"fr-FR\",\"potentialAction\":[{\"@type\":\"ReadAction\",\"target\":[\"https:\\\/\\\/www.immobilienbusiness.ch\\\/en\\\/ib\\\/2023-07-14\\\/luzern-erste-etappe-des-libellenhof-soll-im-april-starten\\\/\"]}]},{\"@type\":\"BreadcrumbList\",\"@id\":\"https:\\\/\\\/www.immobilienbusiness.ch\\\/en\\\/ib\\\/2023-07-14\\\/luzern-erste-etappe-des-libellenhof-soll-im-april-starten\\\/#breadcrumb\",\"itemListElement\":[{\"@type\":\"ListItem\",\"position\":1,\"name\":\"Home\",\"item\":\"https:\\\/\\\/www.immobilienbusiness.ch\\\/\"},{\"@type\":\"ListItem\",\"position\":2,\"name\":\"Luzern: Erste Etappe des \u00abLibellenhof\u00bb soll im April starten\"}]},{\"@type\":\"WebSite\",\"@id\":\"https:\\\/\\\/www.immobilienbusiness.ch\\\/#website\",\"url\":\"https:\\\/\\\/www.immobilienbusiness.ch\\\/\",\"name\":\"IMMOBILIEN Business\",\"description\":\"Unabh\u00e4ngiges Schweizer Wirtschaftsmagazin mit Fokus auf Immobilien, Architektur- und Bau sowie Investment- und Finanzierung.\",\"publisher\":{\"@id\":\"https:\\\/\\\/www.immobilienbusiness.ch\\\/#organization\"},\"potentialAction\":[{\"@type\":\"SearchAction\",\"target\":{\"@type\":\"EntryPoint\",\"urlTemplate\":\"https:\\\/\\\/www.immobilienbusiness.ch\\\/?s={search_term_string}\"},\"query-input\":{\"@type\":\"PropertyValueSpecification\",\"valueRequired\":true,\"valueName\":\"search_term_string\"}}],\"inLanguage\":\"fr-FR\"},{\"@type\":\"Organization\",\"@id\":\"https:\\\/\\\/www.immobilienbusiness.ch\\\/#organization\",\"name\":\"IMMOBILIEN Business\",\"url\":\"https:\\\/\\\/www.immobilienbusiness.ch\\\/\",\"logo\":{\"@type\":\"ImageObject\",\"inLanguage\":\"fr-FR\",\"@id\":\"https:\\\/\\\/www.immobilienbusiness.ch\\\/#\\\/schema\\\/logo\\\/image\\\/\",\"url\":\"https:\\\/\\\/www.immobilienbusiness.ch\\\/wp-content\\\/uploads\\\/2021\\\/07\\\/logo_ib.png\",\"contentUrl\":\"https:\\\/\\\/www.immobilienbusiness.ch\\\/wp-content\\\/uploads\\\/2021\\\/07\\\/logo_ib.png\",\"width\":800,\"height\":181,\"caption\":\"IMMOBILIEN Business\"},\"image\":{\"@id\":\"https:\\\/\\\/www.immobilienbusiness.ch\\\/#\\\/schema\\\/logo\\\/image\\\/\"},\"sameAs\":[\"https:\\\/\\\/www.facebook.com\\\/immobilienbusiness\\\/\"]},{\"@type\":\"Person\",\"@id\":\"https:\\\/\\\/www.immobilienbusiness.ch\\\/#\\\/schema\\\/person\\\/aba8bea2db926aa0c24c08c43fe1fcd5\",\"name\":\"Alexander Wachter\",\"image\":{\"@type\":\"ImageObject\",\"inLanguage\":\"fr-FR\",\"@id\":\"https:\\\/\\\/secure.gravatar.com\\\/avatar\\\/1a09e471f5389b0e0a6416eac287e0927c7c97a7b77f9e787eba3af7aee281dd?s=96&d=mm&r=g\",\"url\":\"https:\\\/\\\/secure.gravatar.com\\\/avatar\\\/1a09e471f5389b0e0a6416eac287e0927c7c97a7b77f9e787eba3af7aee281dd?s=96&d=mm&r=g\",\"contentUrl\":\"https:\\\/\\\/secure.gravatar.com\\\/avatar\\\/1a09e471f5389b0e0a6416eac287e0927c7c97a7b77f9e787eba3af7aee281dd?s=96&d=mm&r=g\",\"caption\":\"Alexander Wachter\"},\"url\":\"https:\\\/\\\/www.immobilienbusiness.ch\\\/fr\\\/author\\\/alexander-wachter\\\/\"}]}<\/script>\n<!-- \/ Yoast SEO plugin. -->","yoast_head_json":{"title":"Luzern: Erste Etappe des \u00abLibellenhof\u00bb soll im April starten - IMMOBILIEN Business","description":"Die Wohnbaugenossenschaft Luzern informiert \u00fcber das Projekt \u00abLibellenhof\u00bb im Maihofquartier. Baubeginn f\u00fcr den Bereich \u00abGarten\u00bb ist April 2024.","robots":{"index":"index","follow":"follow","max-snippet":"max-snippet:-1","max-image-preview":"max-image-preview:large","max-video-preview":"max-video-preview:-1"},"canonical":"https:\/\/www.immobilienbusiness.ch\/fr\/ib\/2023-07-14\/luzern-erste-etappe-des-libellenhof-soll-im-april-starten\/","og_locale":"fr_FR","og_type":"article","og_title":"Luzern: Erste Etappe des \u00abLibellenhof\u00bb soll im April starten - IMMOBILIEN Business","og_description":"Die Wohnbaugenossenschaft Luzern informiert \u00fcber das Projekt \u00abLibellenhof\u00bb im Maihofquartier. Baubeginn f\u00fcr den Bereich \u00abGarten\u00bb ist April 2024.","og_url":"https:\/\/www.immobilienbusiness.ch\/fr\/ib\/2023-07-14\/luzern-erste-etappe-des-libellenhof-soll-im-april-starten\/","og_site_name":"IMMOBILIEN Business","article_publisher":"https:\/\/www.facebook.com\/immobilienbusiness\/","article_published_time":"2023-07-14T08:20:01+00:00","article_modified_time":"2024-08-21T12:15:25+00:00","author":"Alexander Wachter","twitter_card":"summary_large_image","schema":{"@context":"https:\/\/schema.org","@graph":[{"@type":"Article","@id":"https:\/\/www.immobilienbusiness.ch\/en\/ib\/2023-07-14\/luzern-erste-etappe-des-libellenhof-soll-im-april-starten\/#article","isPartOf":{"@id":"https:\/\/www.immobilienbusiness.ch\/en\/ib\/2023-07-14\/luzern-erste-etappe-des-libellenhof-soll-im-april-starten\/"},"author":{"name":"Alexander Wachter","@id":"https:\/\/www.immobilienbusiness.ch\/#\/schema\/person\/aba8bea2db926aa0c24c08c43fe1fcd5"},"headline":"Luzern: Erste Etappe des \u00abLibellenhof\u00bb soll im April starten","datePublished":"2023-07-14T08:20:01+00:00","dateModified":"2024-08-21T12:15:25+00:00","mainEntityOfPage":{"@id":"https:\/\/www.immobilienbusiness.ch\/en\/ib\/2023-07-14\/luzern-erste-etappe-des-libellenhof-soll-im-april-starten\/"},"wordCount":93,"publisher":{"@id":"https:\/\/www.immobilienbusiness.ch\/#organization"},"keywords":["Luzern","Mietwohnungen","Projekt in Planung","Wohnbaugenossenschaft Luzern"],"articleSection":["IB+"],"inLanguage":"fr-FR"},{"@type":"WebPage","@id":"https:\/\/www.immobilienbusiness.ch\/en\/ib\/2023-07-14\/luzern-erste-etappe-des-libellenhof-soll-im-april-starten\/","url":"https:\/\/www.immobilienbusiness.ch\/en\/ib\/2023-07-14\/luzern-erste-etappe-des-libellenhof-soll-im-april-starten\/","name":"Luzern: Erste Etappe des \u00abLibellenhof\u00bb soll im April starten - IMMOBILIEN Business","isPartOf":{"@id":"https:\/\/www.immobilienbusiness.ch\/#website"},"datePublished":"2023-07-14T08:20:01+00:00","dateModified":"2024-08-21T12:15:25+00:00","description":"Die Wohnbaugenossenschaft Luzern informiert \u00fcber das Projekt \u00abLibellenhof\u00bb im Maihofquartier. Baubeginn f\u00fcr den Bereich \u00abGarten\u00bb ist April 2024.","breadcrumb":{"@id":"https:\/\/www.immobilienbusiness.ch\/en\/ib\/2023-07-14\/luzern-erste-etappe-des-libellenhof-soll-im-april-starten\/#breadcrumb"},"inLanguage":"fr-FR","potentialAction":[{"@type":"ReadAction","target":["https:\/\/www.immobilienbusiness.ch\/en\/ib\/2023-07-14\/luzern-erste-etappe-des-libellenhof-soll-im-april-starten\/"]}]},{"@type":"BreadcrumbList","@id":"https:\/\/www.immobilienbusiness.ch\/en\/ib\/2023-07-14\/luzern-erste-etappe-des-libellenhof-soll-im-april-starten\/#breadcrumb","itemListElement":[{"@type":"ListItem","position":1,"name":"Home","item":"https:\/\/www.immobilienbusiness.ch\/"},{"@type":"ListItem","position":2,"name":"Luzern: Erste Etappe des \u00abLibellenhof\u00bb soll im April starten"}]},{"@type":"WebSite","@id":"https:\/\/www.immobilienbusiness.ch\/#website","url":"https:\/\/www.immobilienbusiness.ch\/","name":"IMMOBILIER Business","description":"Magazine \u00e9conomique suisse ind\u00e9pendant ax\u00e9 sur l'immobilier, l'architecture et la construction ainsi que sur les investissements et le financement.","publisher":{"@id":"https:\/\/www.immobilienbusiness.ch\/#organization"},"potentialAction":[{"@type":"SearchAction","target":{"@type":"EntryPoint","urlTemplate":"https:\/\/www.immobilienbusiness.ch\/?s={search_term_string}"},"query-input":{"@type":"PropertyValueSpecification","valueRequired":true,"valueName":"search_term_string"}}],"inLanguage":"fr-FR"},{"@type":"Organization","@id":"https:\/\/www.immobilienbusiness.ch\/#organization","name":"IMMOBILIER Business","url":"https:\/\/www.immobilienbusiness.ch\/","logo":{"@type":"ImageObject","inLanguage":"fr-FR","@id":"https:\/\/www.immobilienbusiness.ch\/#\/schema\/logo\/image\/","url":"https:\/\/www.immobilienbusiness.ch\/wp-content\/uploads\/2021\/07\/logo_ib.png","contentUrl":"https:\/\/www.immobilienbusiness.ch\/wp-content\/uploads\/2021\/07\/logo_ib.png","width":800,"height":181,"caption":"IMMOBILIEN Business"},"image":{"@id":"https:\/\/www.immobilienbusiness.ch\/#\/schema\/logo\/image\/"},"sameAs":["https:\/\/www.facebook.com\/immobilienbusiness\/"]},{"@type":"Person","@id":"https:\/\/www.immobilienbusiness.ch\/#\/schema\/person\/aba8bea2db926aa0c24c08c43fe1fcd5","name":"Alexander Wachter","image":{"@type":"ImageObject","inLanguage":"fr-FR","@id":"https:\/\/secure.gravatar.com\/avatar\/1a09e471f5389b0e0a6416eac287e0927c7c97a7b77f9e787eba3af7aee281dd?s=96&d=mm&r=g","url":"https:\/\/secure.gravatar.com\/avatar\/1a09e471f5389b0e0a6416eac287e0927c7c97a7b77f9e787eba3af7aee281dd?s=96&d=mm&r=g","contentUrl":"https:\/\/secure.gravatar.com\/avatar\/1a09e471f5389b0e0a6416eac287e0927c7c97a7b77f9e787eba3af7aee281dd?s=96&d=mm&r=g","caption":"Alexander Wachter"},"url":"https:\/\/www.immobilienbusiness.ch\/fr\/author\/alexander-wachter\/"}]}},"_links":{"self":[{"href":"https:\/\/www.immobilienbusiness.ch\/fr\/wp-json\/wp\/v2\/posts\/5614","targetHints":{"allow":["GET"]}}],"collection":[{"href":"https:\/\/www.immobilienbusiness.ch\/fr\/wp-json\/wp\/v2\/posts"}],"about":[{"href":"https:\/\/www.immobilienbusiness.ch\/fr\/wp-json\/wp\/v2\/types\/post"}],"author":[{"embeddable":true,"href":"https:\/\/www.immobilienbusiness.ch\/fr\/wp-json\/wp\/v2\/users\/102"}],"replies":[{"embeddable":true,"href":"https:\/\/www.immobilienbusiness.ch\/fr\/wp-json\/wp\/v2\/comments?post=5614"}],"version-history":[{"count":1,"href":"https:\/\/www.immobilienbusiness.ch\/fr\/wp-json\/wp\/v2\/posts\/5614\/revisions"}],"predecessor-version":[{"id":59136,"href":"https:\/\/www.immobilienbusiness.ch\/fr\/wp-json\/wp\/v2\/posts\/5614\/revisions\/59136"}],"wp:attachment":[{"href":"https:\/\/www.immobilienbusiness.ch\/fr\/wp-json\/wp\/v2\/media?parent=5614"}],"wp:term":[{"taxonomy":"category","embeddable":true,"href":"https:\/\/www.immobilienbusiness.ch\/fr\/wp-json\/wp\/v2\/categories?post=5614"},{"taxonomy":"post_tag","embeddable":true,"href":"https:\/\/www.immobilienbusiness.ch\/fr\/wp-json\/wp\/v2\/tags?post=5614"}],"curies":[{"name":"wp","href":"https:\/\/api.w.org\/{rel}","templated":true}]}}