{"id":55745,"date":"2024-02-01T08:56:43","date_gmt":"2024-02-01T07:56:43","guid":{"rendered":"https:\/\/www.immobilienbusiness.ch\/?p=55745"},"modified":"2024-02-01T08:56:43","modified_gmt":"2024-02-01T07:56:43","slug":"basel-neues-terminal-fuer-den-euro-airport","status":"publish","type":"post","link":"https:\/\/www.immobilienbusiness.ch\/fr\/regionen\/2024-02-01\/basel-neues-terminal-fuer-den-euro-airport\/","title":{"rendered":"B\u00e2le : nouveau terminal pour l'Euro-Airport"},"content":{"rendered":"<div>\n<figure id=\"attachment_55746\" aria-describedby=\"caption-attachment-55746\" style=\"width: 1400px\" class=\"wp-caption alignnone\"><a href=\"https:\/\/www.immobilienbusiness.ch\/wp-content\/uploads\/2024\/02\/Aeroport_de_Bale_001-scaled.jpg\"><img loading=\"lazy\" decoding=\"async\" class=\"wp-image-55746 size-full\" src=\"https:\/\/www.immobilienbusiness.ch\/wp-content\/uploads\/2024\/02\/Aeroport_de_Bale_001-scaled-e1706774127606.jpg\" alt=\"\" width=\"1400\" height=\"933\" srcset=\"https:\/\/www.immobilienbusiness.ch\/wp-content\/uploads\/2024\/02\/Aeroport_de_Bale_001-scaled-e1706774127606.jpg 1400w, https:\/\/www.immobilienbusiness.ch\/wp-content\/uploads\/2024\/02\/Aeroport_de_Bale_001-scaled-e1706774127606-300x200.jpg 300w, https:\/\/www.immobilienbusiness.ch\/wp-content\/uploads\/2024\/02\/Aeroport_de_Bale_001-scaled-e1706774127606-1024x682.jpg 1024w, https:\/\/www.immobilienbusiness.ch\/wp-content\/uploads\/2024\/02\/Aeroport_de_Bale_001-scaled-e1706774127606-768x512.jpg 768w, https:\/\/www.immobilienbusiness.ch\/wp-content\/uploads\/2024\/02\/Aeroport_de_Bale_001-scaled-e1706774127606-18x12.jpg 18w, https:\/\/www.immobilienbusiness.ch\/wp-content\/uploads\/2024\/02\/Aeroport_de_Bale_001-scaled-e1706774127606-375x250.jpg 375w, https:\/\/www.immobilienbusiness.ch\/wp-content\/uploads\/2024\/02\/Aeroport_de_Bale_001-scaled-e1706774127606-525x350.jpg 525w, https:\/\/www.immobilienbusiness.ch\/wp-content\/uploads\/2024\/02\/Aeroport_de_Bale_001-scaled-e1706774127606-1000x666.jpg 1000w\" sizes=\"auto, (max-width: 1400px) 100vw, 1400px\" \/><\/a><figcaption id=\"caption-attachment-55746\" class=\"wp-caption-text\">L'a\u00e9rogare de l'Euro-Airport Basel-Mulhouse-Freiburg (Image : Arnaud 25 - \u0152uvre personnelle, CC BY-SA 4.0, https:\/\/commons.wikimedia.org\/w\/index.php?curid=65008529)<\/figcaption><\/figure>\n<p class=\"x_MsoNormal\">L'extension du c\u00f4t\u00e9 dit \"terrestre\" du terminal, avec une surface utile suppl\u00e9mentaire de 14.000 m\u00b2, doit \u00e9liminer les goulets d'\u00e9tranglement actuels et rendre l'attente des passagers plus agr\u00e9able. Une nouvelle zone d'attente spacieuse est pr\u00e9vue dans la zone de contr\u00f4le des passeports, o\u00f9 l'espace est aujourd'hui relativement \u00e9troit, tandis que davantage d'offres gastronomiques et de possibilit\u00e9s de shopping sont pr\u00e9vues dans la zone des arriv\u00e9es. Les contr\u00f4les de s\u00e9curit\u00e9, aujourd'hui r\u00e9partis sur trois zones, seront regroup\u00e9s dans un nouveau b\u00e2timent afin d'am\u00e9liorer l'efficacit\u00e9 et la visibilit\u00e9. \"Cette extension est une \u00e9tape d\u00e9cisive pour am\u00e9liorer la qualit\u00e9 du service aux passagers. L'accent est mis sur l'am\u00e9lioration de la qualit\u00e9. En revanche, il n'est pas pr\u00e9vu d'ajouter des portes d'embarquement ou des places de stationnement pour avions\", explique Matthias Suhr, directeur de l'Euro-Airport.<\/p>\n<p class=\"x_MsoNormal\">Le d\u00e9but des travaux est pr\u00e9vu pour 2027 ; l'a\u00e9roport table sur une ouverture en 2030. L'Euro-Airport et la Chambre de commerce des deux B\u00e2le sont convaincus que le projet ne se contentera pas de moderniser l'a\u00e9roport, mais qu'il donnera \u00e9galement des impulsions consid\u00e9rables \u00e0 la r\u00e9gion de B\u00e2le - car il est bien connu que les investissements dans le d\u00e9veloppement des infrastructures favorisent g\u00e9n\u00e9ralement l'emploi local et offrent de nouvelles opportunit\u00e9s commerciales.<\/p>\n<p class=\"x_MsoNormal\">L'a\u00e9roport avait d\u00e9j\u00e0 annonc\u00e9 en 2019 un investissement important de plus de 250 millions de CHF, qui a \u00e9t\u00e9 annul\u00e9 suite \u00e0 la pand\u00e9mie. Afin de pouvoir r\u00e9agir de mani\u00e8re plus flexible \u00e0 l'\u00e9volution difficilement pr\u00e9visible du trafic passagers, le grand projet initial a entre-temps \u00e9t\u00e9 divis\u00e9 en sous-projets modulaires que l'on peut mettre en \u0153uvre ind\u00e9pendamment les uns des autres en fonction de l'\u00e9volution.<em> (M.ARR.)<\/em><\/p>\n<\/div>","protected":false},"excerpt":{"rendered":"<p>Avec un volume d'investissement de 85 millions de CHF, l'a\u00e9roport pr\u00e9voit un vaste projet de terminal. <\/p>","protected":false},"author":3,"featured_media":55746,"comment_status":"closed","ping_status":"closed","sticky":false,"template":"","format":"standard","meta":{"_acf_changed":false,"_yoast_wpseo_focuskw":"Basel","_yoast_wpseo_title":"","_yoast_wpseo_metadesc":"Mit einem Investitionsvolumen von 85 Mio. CHF plant der Flughafen ein umfangreiches Terminalprojekt.","_yoast_wpseo_linkdex":61,"pgc_sgb_lightbox_settings":"","footnotes":""},"categories":[985],"tags":[1069,1230,1600],"class_list":["post-55745","post","type-post","status-publish","format-standard","has-post-thumbnail","hentry","category-regionen","tag-basel","tag-flughafen","tag-projekt-in-planung"],"acf":[],"yoast_head":"<!-- This site is optimized with the Yoast SEO plugin v27.4 - https:\/\/yoast.com\/product\/yoast-seo-wordpress\/ -->\n<title>Basel: Neues Terminal f\u00fcr den Euro-Airport - IMMOBILIEN Business<\/title>\n<meta name=\"description\" content=\"Mit einem Investitionsvolumen von 85 Mio. CHF plant der Flughafen ein umfangreiches Terminalprojekt.\" \/>\n<meta name=\"robots\" content=\"index, follow, max-snippet:-1, max-image-preview:large, max-video-preview:-1\" \/>\n<link rel=\"canonical\" href=\"https:\/\/www.immobilienbusiness.ch\/fr\/regionen\/2024-02-01\/basel-neues-terminal-fuer-den-euro-airport\/\" \/>\n<meta property=\"og:locale\" content=\"fr_FR\" \/>\n<meta property=\"og:type\" content=\"article\" \/>\n<meta property=\"og:title\" content=\"Basel: Neues Terminal f\u00fcr den Euro-Airport - IMMOBILIEN Business\" \/>\n<meta property=\"og:description\" content=\"Mit einem Investitionsvolumen von 85 Mio. CHF plant der Flughafen ein umfangreiches Terminalprojekt.\" \/>\n<meta property=\"og:url\" content=\"https:\/\/www.immobilienbusiness.ch\/fr\/regionen\/2024-02-01\/basel-neues-terminal-fuer-den-euro-airport\/\" \/>\n<meta property=\"og:site_name\" content=\"IMMOBILIEN Business\" \/>\n<meta property=\"article:publisher\" content=\"https:\/\/www.facebook.com\/immobilienbusiness\/\" \/>\n<meta property=\"article:published_time\" content=\"2024-02-01T07:56:43+00:00\" \/>\n<meta property=\"og:image\" content=\"https:\/\/www.immobilienbusiness.ch\/wp-content\/uploads\/2024\/02\/Aeroport_de_Bale_001-scaled-e1706774127606.jpg\" \/>\n\t<meta property=\"og:image:width\" content=\"1400\" \/>\n\t<meta property=\"og:image:height\" content=\"933\" \/>\n\t<meta property=\"og:image:type\" content=\"image\/jpeg\" \/>\n<meta name=\"author\" content=\"anja.hall\" \/>\n<meta name=\"twitter:card\" content=\"summary_large_image\" \/>\n<script type=\"application\/ld+json\" class=\"yoast-schema-graph\">{\"@context\":\"https:\\\/\\\/schema.org\",\"@graph\":[{\"@type\":\"Article\",\"@id\":\"https:\\\/\\\/www.immobilienbusiness.ch\\\/en\\\/regionen\\\/2024-02-01\\\/basel-neues-terminal-fuer-den-euro-airport\\\/#article\",\"isPartOf\":{\"@id\":\"https:\\\/\\\/www.immobilienbusiness.ch\\\/en\\\/regionen\\\/2024-02-01\\\/basel-neues-terminal-fuer-den-euro-airport\\\/\"},\"author\":{\"name\":\"anja.hall\",\"@id\":\"https:\\\/\\\/www.immobilienbusiness.ch\\\/#\\\/schema\\\/person\\\/3fc036297b10b9f42d6db5ee932af8c8\"},\"headline\":\"Basel: Neues Terminal f\u00fcr den Euro-Airport\",\"datePublished\":\"2024-02-01T07:56:43+00:00\",\"mainEntityOfPage\":{\"@id\":\"https:\\\/\\\/www.immobilienbusiness.ch\\\/en\\\/regionen\\\/2024-02-01\\\/basel-neues-terminal-fuer-den-euro-airport\\\/\"},\"wordCount\":275,\"publisher\":{\"@id\":\"https:\\\/\\\/www.immobilienbusiness.ch\\\/#organization\"},\"image\":{\"@id\":\"https:\\\/\\\/www.immobilienbusiness.ch\\\/en\\\/regionen\\\/2024-02-01\\\/basel-neues-terminal-fuer-den-euro-airport\\\/#primaryimage\"},\"thumbnailUrl\":\"https:\\\/\\\/www.immobilienbusiness.ch\\\/wp-content\\\/uploads\\\/2024\\\/02\\\/Aeroport_de_Bale_001-scaled-e1706774127606.jpg\",\"keywords\":[\"Basel\",\"Flughafen\",\"Projekt in Planung\"],\"articleSection\":[\"REGIONEN\"],\"inLanguage\":\"fr-FR\"},{\"@type\":\"WebPage\",\"@id\":\"https:\\\/\\\/www.immobilienbusiness.ch\\\/en\\\/regionen\\\/2024-02-01\\\/basel-neues-terminal-fuer-den-euro-airport\\\/\",\"url\":\"https:\\\/\\\/www.immobilienbusiness.ch\\\/en\\\/regionen\\\/2024-02-01\\\/basel-neues-terminal-fuer-den-euro-airport\\\/\",\"name\":\"Basel: Neues Terminal f\u00fcr den Euro-Airport - IMMOBILIEN Business\",\"isPartOf\":{\"@id\":\"https:\\\/\\\/www.immobilienbusiness.ch\\\/#website\"},\"primaryImageOfPage\":{\"@id\":\"https:\\\/\\\/www.immobilienbusiness.ch\\\/en\\\/regionen\\\/2024-02-01\\\/basel-neues-terminal-fuer-den-euro-airport\\\/#primaryimage\"},\"image\":{\"@id\":\"https:\\\/\\\/www.immobilienbusiness.ch\\\/en\\\/regionen\\\/2024-02-01\\\/basel-neues-terminal-fuer-den-euro-airport\\\/#primaryimage\"},\"thumbnailUrl\":\"https:\\\/\\\/www.immobilienbusiness.ch\\\/wp-content\\\/uploads\\\/2024\\\/02\\\/Aeroport_de_Bale_001-scaled-e1706774127606.jpg\",\"datePublished\":\"2024-02-01T07:56:43+00:00\",\"description\":\"Mit einem Investitionsvolumen von 85 Mio. CHF plant der Flughafen ein umfangreiches Terminalprojekt.\",\"breadcrumb\":{\"@id\":\"https:\\\/\\\/www.immobilienbusiness.ch\\\/en\\\/regionen\\\/2024-02-01\\\/basel-neues-terminal-fuer-den-euro-airport\\\/#breadcrumb\"},\"inLanguage\":\"fr-FR\",\"potentialAction\":[{\"@type\":\"ReadAction\",\"target\":[\"https:\\\/\\\/www.immobilienbusiness.ch\\\/en\\\/regionen\\\/2024-02-01\\\/basel-neues-terminal-fuer-den-euro-airport\\\/\"]}]},{\"@type\":\"ImageObject\",\"inLanguage\":\"fr-FR\",\"@id\":\"https:\\\/\\\/www.immobilienbusiness.ch\\\/en\\\/regionen\\\/2024-02-01\\\/basel-neues-terminal-fuer-den-euro-airport\\\/#primaryimage\",\"url\":\"https:\\\/\\\/www.immobilienbusiness.ch\\\/wp-content\\\/uploads\\\/2024\\\/02\\\/Aeroport_de_Bale_001-scaled-e1706774127606.jpg\",\"contentUrl\":\"https:\\\/\\\/www.immobilienbusiness.ch\\\/wp-content\\\/uploads\\\/2024\\\/02\\\/Aeroport_de_Bale_001-scaled-e1706774127606.jpg\",\"width\":1400,\"height\":933,\"caption\":\"Bild: Arnaud 25 - Eigenes Werk, CC BY-SA 4.0, https:\\\/\\\/commons.wikimedia.org\\\/w\\\/index.php?curid=65008529\"},{\"@type\":\"BreadcrumbList\",\"@id\":\"https:\\\/\\\/www.immobilienbusiness.ch\\\/en\\\/regionen\\\/2024-02-01\\\/basel-neues-terminal-fuer-den-euro-airport\\\/#breadcrumb\",\"itemListElement\":[{\"@type\":\"ListItem\",\"position\":1,\"name\":\"Home\",\"item\":\"https:\\\/\\\/www.immobilienbusiness.ch\\\/\"},{\"@type\":\"ListItem\",\"position\":2,\"name\":\"Basel: Neues Terminal f\u00fcr den Euro-Airport\"}]},{\"@type\":\"WebSite\",\"@id\":\"https:\\\/\\\/www.immobilienbusiness.ch\\\/#website\",\"url\":\"https:\\\/\\\/www.immobilienbusiness.ch\\\/\",\"name\":\"IMMOBILIEN Business\",\"description\":\"Unabh\u00e4ngiges Schweizer Wirtschaftsmagazin mit Fokus auf Immobilien, Architektur- und Bau sowie Investment- und Finanzierung.\",\"publisher\":{\"@id\":\"https:\\\/\\\/www.immobilienbusiness.ch\\\/#organization\"},\"potentialAction\":[{\"@type\":\"SearchAction\",\"target\":{\"@type\":\"EntryPoint\",\"urlTemplate\":\"https:\\\/\\\/www.immobilienbusiness.ch\\\/?s={search_term_string}\"},\"query-input\":{\"@type\":\"PropertyValueSpecification\",\"valueRequired\":true,\"valueName\":\"search_term_string\"}}],\"inLanguage\":\"fr-FR\"},{\"@type\":\"Organization\",\"@id\":\"https:\\\/\\\/www.immobilienbusiness.ch\\\/#organization\",\"name\":\"IMMOBILIEN Business\",\"url\":\"https:\\\/\\\/www.immobilienbusiness.ch\\\/\",\"logo\":{\"@type\":\"ImageObject\",\"inLanguage\":\"fr-FR\",\"@id\":\"https:\\\/\\\/www.immobilienbusiness.ch\\\/#\\\/schema\\\/logo\\\/image\\\/\",\"url\":\"https:\\\/\\\/www.immobilienbusiness.ch\\\/wp-content\\\/uploads\\\/2021\\\/07\\\/logo_ib.png\",\"contentUrl\":\"https:\\\/\\\/www.immobilienbusiness.ch\\\/wp-content\\\/uploads\\\/2021\\\/07\\\/logo_ib.png\",\"width\":800,\"height\":181,\"caption\":\"IMMOBILIEN Business\"},\"image\":{\"@id\":\"https:\\\/\\\/www.immobilienbusiness.ch\\\/#\\\/schema\\\/logo\\\/image\\\/\"},\"sameAs\":[\"https:\\\/\\\/www.facebook.com\\\/immobilienbusiness\\\/\"]},{\"@type\":\"Person\",\"@id\":\"https:\\\/\\\/www.immobilienbusiness.ch\\\/#\\\/schema\\\/person\\\/3fc036297b10b9f42d6db5ee932af8c8\",\"name\":\"anja.hall\",\"image\":{\"@type\":\"ImageObject\",\"inLanguage\":\"fr-FR\",\"@id\":\"https:\\\/\\\/secure.gravatar.com\\\/avatar\\\/066b5a0d447013502c71a5782f4f3469f03cfe595cc2329fb94652fe47511bfb?s=96&d=mm&r=g\",\"url\":\"https:\\\/\\\/secure.gravatar.com\\\/avatar\\\/066b5a0d447013502c71a5782f4f3469f03cfe595cc2329fb94652fe47511bfb?s=96&d=mm&r=g\",\"contentUrl\":\"https:\\\/\\\/secure.gravatar.com\\\/avatar\\\/066b5a0d447013502c71a5782f4f3469f03cfe595cc2329fb94652fe47511bfb?s=96&d=mm&r=g\",\"caption\":\"anja.hall\"},\"url\":\"https:\\\/\\\/www.immobilienbusiness.ch\\\/fr\\\/author\\\/anja-hall\\\/\"}]}<\/script>\n<!-- \/ Yoast SEO plugin. -->","yoast_head_json":{"title":"Basel: Neues Terminal f\u00fcr den Euro-Airport - IMMOBILIEN Business","description":"Avec un volume d'investissement de 85 millions de CHF, l'a\u00e9roport pr\u00e9voit un vaste projet de terminal.","robots":{"index":"index","follow":"follow","max-snippet":"max-snippet:-1","max-image-preview":"max-image-preview:large","max-video-preview":"max-video-preview:-1"},"canonical":"https:\/\/www.immobilienbusiness.ch\/fr\/regionen\/2024-02-01\/basel-neues-terminal-fuer-den-euro-airport\/","og_locale":"fr_FR","og_type":"article","og_title":"Basel: Neues Terminal f\u00fcr den Euro-Airport - IMMOBILIEN Business","og_description":"Mit einem Investitionsvolumen von 85 Mio. CHF plant der Flughafen ein umfangreiches Terminalprojekt.","og_url":"https:\/\/www.immobilienbusiness.ch\/fr\/regionen\/2024-02-01\/basel-neues-terminal-fuer-den-euro-airport\/","og_site_name":"IMMOBILIEN Business","article_publisher":"https:\/\/www.facebook.com\/immobilienbusiness\/","article_published_time":"2024-02-01T07:56:43+00:00","og_image":[{"width":1400,"height":933,"url":"https:\/\/www.immobilienbusiness.ch\/wp-content\/uploads\/2024\/02\/Aeroport_de_Bale_001-scaled-e1706774127606.jpg","type":"image\/jpeg"}],"author":"anja.hall","twitter_card":"summary_large_image","schema":{"@context":"https:\/\/schema.org","@graph":[{"@type":"Article","@id":"https:\/\/www.immobilienbusiness.ch\/en\/regionen\/2024-02-01\/basel-neues-terminal-fuer-den-euro-airport\/#article","isPartOf":{"@id":"https:\/\/www.immobilienbusiness.ch\/en\/regionen\/2024-02-01\/basel-neues-terminal-fuer-den-euro-airport\/"},"author":{"name":"anja.hall","@id":"https:\/\/www.immobilienbusiness.ch\/#\/schema\/person\/3fc036297b10b9f42d6db5ee932af8c8"},"headline":"Basel: Neues Terminal f\u00fcr den Euro-Airport","datePublished":"2024-02-01T07:56:43+00:00","mainEntityOfPage":{"@id":"https:\/\/www.immobilienbusiness.ch\/en\/regionen\/2024-02-01\/basel-neues-terminal-fuer-den-euro-airport\/"},"wordCount":275,"publisher":{"@id":"https:\/\/www.immobilienbusiness.ch\/#organization"},"image":{"@id":"https:\/\/www.immobilienbusiness.ch\/en\/regionen\/2024-02-01\/basel-neues-terminal-fuer-den-euro-airport\/#primaryimage"},"thumbnailUrl":"https:\/\/www.immobilienbusiness.ch\/wp-content\/uploads\/2024\/02\/Aeroport_de_Bale_001-scaled-e1706774127606.jpg","keywords":["Basel","Flughafen","Projekt in Planung"],"articleSection":["REGIONEN"],"inLanguage":"fr-FR"},{"@type":"WebPage","@id":"https:\/\/www.immobilienbusiness.ch\/en\/regionen\/2024-02-01\/basel-neues-terminal-fuer-den-euro-airport\/","url":"https:\/\/www.immobilienbusiness.ch\/en\/regionen\/2024-02-01\/basel-neues-terminal-fuer-den-euro-airport\/","name":"Basel: Neues Terminal f\u00fcr den Euro-Airport - IMMOBILIEN Business","isPartOf":{"@id":"https:\/\/www.immobilienbusiness.ch\/#website"},"primaryImageOfPage":{"@id":"https:\/\/www.immobilienbusiness.ch\/en\/regionen\/2024-02-01\/basel-neues-terminal-fuer-den-euro-airport\/#primaryimage"},"image":{"@id":"https:\/\/www.immobilienbusiness.ch\/en\/regionen\/2024-02-01\/basel-neues-terminal-fuer-den-euro-airport\/#primaryimage"},"thumbnailUrl":"https:\/\/www.immobilienbusiness.ch\/wp-content\/uploads\/2024\/02\/Aeroport_de_Bale_001-scaled-e1706774127606.jpg","datePublished":"2024-02-01T07:56:43+00:00","description":"Avec un volume d'investissement de 85 millions de CHF, l'a\u00e9roport pr\u00e9voit un vaste projet de terminal.","breadcrumb":{"@id":"https:\/\/www.immobilienbusiness.ch\/en\/regionen\/2024-02-01\/basel-neues-terminal-fuer-den-euro-airport\/#breadcrumb"},"inLanguage":"fr-FR","potentialAction":[{"@type":"ReadAction","target":["https:\/\/www.immobilienbusiness.ch\/en\/regionen\/2024-02-01\/basel-neues-terminal-fuer-den-euro-airport\/"]}]},{"@type":"ImageObject","inLanguage":"fr-FR","@id":"https:\/\/www.immobilienbusiness.ch\/en\/regionen\/2024-02-01\/basel-neues-terminal-fuer-den-euro-airport\/#primaryimage","url":"https:\/\/www.immobilienbusiness.ch\/wp-content\/uploads\/2024\/02\/Aeroport_de_Bale_001-scaled-e1706774127606.jpg","contentUrl":"https:\/\/www.immobilienbusiness.ch\/wp-content\/uploads\/2024\/02\/Aeroport_de_Bale_001-scaled-e1706774127606.jpg","width":1400,"height":933,"caption":"Bild: Arnaud 25 - Eigenes Werk, CC BY-SA 4.0, https:\/\/commons.wikimedia.org\/w\/index.php?curid=65008529"},{"@type":"BreadcrumbList","@id":"https:\/\/www.immobilienbusiness.ch\/en\/regionen\/2024-02-01\/basel-neues-terminal-fuer-den-euro-airport\/#breadcrumb","itemListElement":[{"@type":"ListItem","position":1,"name":"Home","item":"https:\/\/www.immobilienbusiness.ch\/"},{"@type":"ListItem","position":2,"name":"Basel: Neues Terminal f\u00fcr den Euro-Airport"}]},{"@type":"WebSite","@id":"https:\/\/www.immobilienbusiness.ch\/#website","url":"https:\/\/www.immobilienbusiness.ch\/","name":"IMMOBILIER Business","description":"Magazine \u00e9conomique suisse ind\u00e9pendant ax\u00e9 sur l'immobilier, l'architecture et la construction ainsi que sur les investissements et le financement.","publisher":{"@id":"https:\/\/www.immobilienbusiness.ch\/#organization"},"potentialAction":[{"@type":"SearchAction","target":{"@type":"EntryPoint","urlTemplate":"https:\/\/www.immobilienbusiness.ch\/?s={search_term_string}"},"query-input":{"@type":"PropertyValueSpecification","valueRequired":true,"valueName":"search_term_string"}}],"inLanguage":"fr-FR"},{"@type":"Organization","@id":"https:\/\/www.immobilienbusiness.ch\/#organization","name":"IMMOBILIER Business","url":"https:\/\/www.immobilienbusiness.ch\/","logo":{"@type":"ImageObject","inLanguage":"fr-FR","@id":"https:\/\/www.immobilienbusiness.ch\/#\/schema\/logo\/image\/","url":"https:\/\/www.immobilienbusiness.ch\/wp-content\/uploads\/2021\/07\/logo_ib.png","contentUrl":"https:\/\/www.immobilienbusiness.ch\/wp-content\/uploads\/2021\/07\/logo_ib.png","width":800,"height":181,"caption":"IMMOBILIEN Business"},"image":{"@id":"https:\/\/www.immobilienbusiness.ch\/#\/schema\/logo\/image\/"},"sameAs":["https:\/\/www.facebook.com\/immobilienbusiness\/"]},{"@type":"Person","@id":"https:\/\/www.immobilienbusiness.ch\/#\/schema\/person\/3fc036297b10b9f42d6db5ee932af8c8","name":"anja.hall","image":{"@type":"ImageObject","inLanguage":"fr-FR","@id":"https:\/\/secure.gravatar.com\/avatar\/066b5a0d447013502c71a5782f4f3469f03cfe595cc2329fb94652fe47511bfb?s=96&d=mm&r=g","url":"https:\/\/secure.gravatar.com\/avatar\/066b5a0d447013502c71a5782f4f3469f03cfe595cc2329fb94652fe47511bfb?s=96&d=mm&r=g","contentUrl":"https:\/\/secure.gravatar.com\/avatar\/066b5a0d447013502c71a5782f4f3469f03cfe595cc2329fb94652fe47511bfb?s=96&d=mm&r=g","caption":"anja.hall"},"url":"https:\/\/www.immobilienbusiness.ch\/fr\/author\/anja-hall\/"}]}},"_links":{"self":[{"href":"https:\/\/www.immobilienbusiness.ch\/fr\/wp-json\/wp\/v2\/posts\/55745","targetHints":{"allow":["GET"]}}],"collection":[{"href":"https:\/\/www.immobilienbusiness.ch\/fr\/wp-json\/wp\/v2\/posts"}],"about":[{"href":"https:\/\/www.immobilienbusiness.ch\/fr\/wp-json\/wp\/v2\/types\/post"}],"author":[{"embeddable":true,"href":"https:\/\/www.immobilienbusiness.ch\/fr\/wp-json\/wp\/v2\/users\/3"}],"replies":[{"embeddable":true,"href":"https:\/\/www.immobilienbusiness.ch\/fr\/wp-json\/wp\/v2\/comments?post=55745"}],"version-history":[{"count":1,"href":"https:\/\/www.immobilienbusiness.ch\/fr\/wp-json\/wp\/v2\/posts\/55745\/revisions"}],"predecessor-version":[{"id":55747,"href":"https:\/\/www.immobilienbusiness.ch\/fr\/wp-json\/wp\/v2\/posts\/55745\/revisions\/55747"}],"wp:featuredmedia":[{"embeddable":true,"href":"https:\/\/www.immobilienbusiness.ch\/fr\/wp-json\/wp\/v2\/media\/55746"}],"wp:attachment":[{"href":"https:\/\/www.immobilienbusiness.ch\/fr\/wp-json\/wp\/v2\/media?parent=55745"}],"wp:term":[{"taxonomy":"category","embeddable":true,"href":"https:\/\/www.immobilienbusiness.ch\/fr\/wp-json\/wp\/v2\/categories?post=55745"},{"taxonomy":"post_tag","embeddable":true,"href":"https:\/\/www.immobilienbusiness.ch\/fr\/wp-json\/wp\/v2\/tags?post=55745"}],"curies":[{"name":"wp","href":"https:\/\/api.w.org\/{rel}","templated":true}]}}