{"id":55372,"date":"2024-01-11T08:26:06","date_gmt":"2024-01-11T07:26:06","guid":{"rendered":"https:\/\/www.immobilienbusiness.ch\/?p=55372"},"modified":"2024-01-11T08:27:42","modified_gmt":"2024-01-11T07:27:42","slug":"implenia-erhaelt-auftrag-in-der-lokstadt-und-partnert-mit-nest","status":"publish","type":"post","link":"https:\/\/www.immobilienbusiness.ch\/fr\/unternehmen\/2024-01-11\/implenia-erhaelt-auftrag-in-der-lokstadt-und-partnert-mit-nest\/","title":{"rendered":"Implenia obtient un nouveau contrat dans la ville de la locomotive et s'associe \u00e0 \"Nest\"."},"content":{"rendered":"<figure id=\"attachment_9040\" aria-describedby=\"caption-attachment-9040\" style=\"width: 1754px\" class=\"wp-caption alignnone\"><a href=\"https:\/\/www.immobilienbusiness.ch\/wp-content\/uploads\/2017\/09\/Abendlicher_Treffpunkt_am_Dialogplatz_beim_Habersack_Bildcredit_Implenia.jpg\"><img loading=\"lazy\" decoding=\"async\" class=\"size-full wp-image-9040\" src=\"https:\/\/www.immobilienbusiness.ch\/wp-content\/uploads\/2017\/09\/Abendlicher_Treffpunkt_am_Dialogplatz_beim_Habersack_Bildcredit_Implenia.jpg\" alt=\"\" width=\"1754\" height=\"1240\" srcset=\"https:\/\/www.immobilienbusiness.ch\/wp-content\/uploads\/2017\/09\/Abendlicher_Treffpunkt_am_Dialogplatz_beim_Habersack_Bildcredit_Implenia.jpg 1754w, https:\/\/www.immobilienbusiness.ch\/wp-content\/uploads\/2017\/09\/Abendlicher_Treffpunkt_am_Dialogplatz_beim_Habersack_Bildcredit_Implenia-300x212.jpg 300w, https:\/\/www.immobilienbusiness.ch\/wp-content\/uploads\/2017\/09\/Abendlicher_Treffpunkt_am_Dialogplatz_beim_Habersack_Bildcredit_Implenia-1024x724.jpg 1024w, https:\/\/www.immobilienbusiness.ch\/wp-content\/uploads\/2017\/09\/Abendlicher_Treffpunkt_am_Dialogplatz_beim_Habersack_Bildcredit_Implenia-768x543.jpg 768w, https:\/\/www.immobilienbusiness.ch\/wp-content\/uploads\/2017\/09\/Abendlicher_Treffpunkt_am_Dialogplatz_beim_Habersack_Bildcredit_Implenia-1536x1086.jpg 1536w, https:\/\/www.immobilienbusiness.ch\/wp-content\/uploads\/2017\/09\/Abendlicher_Treffpunkt_am_Dialogplatz_beim_Habersack_Bildcredit_Implenia-16x12.jpg 16w, https:\/\/www.immobilienbusiness.ch\/wp-content\/uploads\/2017\/09\/Abendlicher_Treffpunkt_am_Dialogplatz_beim_Habersack_Bildcredit_Implenia-248x175.jpg 248w, https:\/\/www.immobilienbusiness.ch\/wp-content\/uploads\/2017\/09\/Abendlicher_Treffpunkt_am_Dialogplatz_beim_Habersack_Bildcredit_Implenia-495x350.jpg 495w, https:\/\/www.immobilienbusiness.ch\/wp-content\/uploads\/2017\/09\/Abendlicher_Treffpunkt_am_Dialogplatz_beim_Habersack_Bildcredit_Implenia-1132x800.jpg 1132w, https:\/\/www.immobilienbusiness.ch\/wp-content\/uploads\/2017\/09\/Abendlicher_Treffpunkt_am_Dialogplatz_beim_Habersack_Bildcredit_Implenia-920x650.jpg 920w, https:\/\/www.immobilienbusiness.ch\/wp-content\/uploads\/2017\/09\/Abendlicher_Treffpunkt_am_Dialogplatz_beim_Habersack_Bildcredit_Implenia-1400x990.jpg 1400w\" sizes=\"auto, (max-width: 1754px) 100vw, 1754px\" \/><\/a><figcaption id=\"caption-attachment-9040\" class=\"wp-caption-text\">La place de dialogue dans le d\u00e9veloppement de la zone Lokstadt \u00e0 Winterthur (visualisation : Implenia)<\/figcaption><\/figure>\n<p>Apr\u00e8s avoir d\u00e9velopp\u00e9 et construit la tour Bigboy dans la Lokstadt de Winterthour, Implenia a remport\u00e9 un nouveau contrat. Le ma\u00eetre d'ouvrage Swica Organisation de Sant\u00e9 a \u00e9galement attribu\u00e9 \u00e0 Implenia le march\u00e9 de l'am\u00e9nagement des surfaces commerciales dans la Lokstadt, comme le communique l'entreprise. L'am\u00e9nagement des locataires est d\u00e9j\u00e0 en cours et devrait \u00eatre termin\u00e9 en juin.<\/p>\n<p>Le b\u00e2timent Bigboy mesure 50 m\u00e8tres de haut et comprend 125 appartements \u00e0 louer. Avec les b\u00e2timents Krokodil et Rocket, il forme un ensemble autour de la place centrale de dialogue de la Lokstadt.<\/p>\n<h3>Partenariat avec \"Nest<\/h3>\n<p>Implenia annonce \u00e9galement qu'elle devient partenaire de la plateforme de recherche et d'innovation \"Nest\" de l'Empa et qu'elle r\u00e9alise la nouvelle unit\u00e9 de construction \"Beyond Zero\". Dans cette unit\u00e9, il est pr\u00e9vu d'utiliser majoritairement des mat\u00e9riaux de construction \u00e0 \u00e9missions de CO2 r\u00e9duites et n\u00e9gatives, tels que des mat\u00e9riaux d'isolation thermique et du ciment qui fixent le CO2 de l'air, ou encore des briques de construction \u00e0 base d'argile qui ne doivent pas \u00eatre cuites.<\/p>\n<p>Implenia attend de cette collaboration des connaissances importantes pour une construction et une exploitation futures de b\u00e2timents et d'infrastructures r\u00e9duisant les \u00e9missions de CO2. \"Nous utiliserons ces connaissances pour le d\u00e9veloppement, la planification et la construction dans toutes les divisions d'Implenia, ainsi que pour la gestion par Wincasa ou pour le portefeuille immobilier durable d'Ina Invest\", d\u00e9clare Jens Vollmar, Head Division Buildings d'Implenia. <em>(ah)<\/em><\/p>","protected":false},"excerpt":{"rendered":"<p>L'entreprise se charge de l'am\u00e9nagement des surfaces commerciales pour les locataires dans la ville des locomotives. De plus, elle effectue des recherches sur les mat\u00e9riaux de construction \u00e0 faible \u00e9mission de CO2 avec l'Empa dans le cadre de la plateforme de recherche et d'innovation \"Nest\".<\/p>","protected":false},"author":3,"featured_media":9040,"comment_status":"closed","ping_status":"closed","sticky":false,"template":"","format":"standard","meta":{"_acf_changed":false,"_yoast_wpseo_focuskw":"Lokstadt","_yoast_wpseo_title":"","_yoast_wpseo_metadesc":"","_yoast_wpseo_linkdex":56,"pgc_sgb_lightbox_settings":"","footnotes":""},"categories":[988],"tags":[1359,1924,1514],"class_list":["post-55372","post","type-post","status-publish","format-standard","has-post-thumbnail","hentry","category-unternehmen","tag-implenia","tag-lokstadt","tag-nachhaltiges-bauen"],"acf":[],"yoast_head":"<!-- This site is optimized with the Yoast SEO plugin v27.4 - https:\/\/yoast.com\/product\/yoast-seo-wordpress\/ -->\n<title>Implenia erh\u00e4lt Folgeauftrag in der Lokstadt und partnert mit \u00abNest\u00bb - IMMOBILIEN Business<\/title>\n<meta name=\"robots\" content=\"index, follow, max-snippet:-1, max-image-preview:large, max-video-preview:-1\" \/>\n<link rel=\"canonical\" href=\"https:\/\/www.immobilienbusiness.ch\/fr\/unternehmen\/2024-01-11\/implenia-erhaelt-auftrag-in-der-lokstadt-und-partnert-mit-nest\/\" \/>\n<meta property=\"og:locale\" content=\"fr_FR\" \/>\n<meta property=\"og:type\" content=\"article\" \/>\n<meta property=\"og:title\" content=\"Implenia erh\u00e4lt Folgeauftrag in der Lokstadt und partnert mit \u00abNest\u00bb - IMMOBILIEN Business\" \/>\n<meta property=\"og:description\" content=\"Das Unternehmen \u00fcbernimmt den Mieterausbau der Gewerbefl\u00e4chen in der Lokstadt. Zudem forscht es mit der Empa in der Forschungs- und Innovationsplattform \u00abNest\u00bb an CO2-armen Baumaterialien.\" \/>\n<meta property=\"og:url\" content=\"https:\/\/www.immobilienbusiness.ch\/fr\/unternehmen\/2024-01-11\/implenia-erhaelt-auftrag-in-der-lokstadt-und-partnert-mit-nest\/\" \/>\n<meta property=\"og:site_name\" content=\"IMMOBILIEN Business\" \/>\n<meta property=\"article:publisher\" content=\"https:\/\/www.facebook.com\/immobilienbusiness\/\" \/>\n<meta property=\"article:published_time\" content=\"2024-01-11T07:26:06+00:00\" \/>\n<meta property=\"article:modified_time\" content=\"2024-01-11T07:27:42+00:00\" \/>\n<meta property=\"og:image\" content=\"https:\/\/www.immobilienbusiness.ch\/wp-content\/uploads\/2017\/09\/Abendlicher_Treffpunkt_am_Dialogplatz_beim_Habersack_Bildcredit_Implenia.jpg\" \/>\n\t<meta property=\"og:image:width\" content=\"1754\" \/>\n\t<meta property=\"og:image:height\" content=\"1240\" \/>\n\t<meta property=\"og:image:type\" content=\"image\/jpeg\" \/>\n<meta name=\"author\" content=\"anja.hall\" \/>\n<meta name=\"twitter:card\" content=\"summary_large_image\" \/>\n<script type=\"application\/ld+json\" class=\"yoast-schema-graph\">{\"@context\":\"https:\\\/\\\/schema.org\",\"@graph\":[{\"@type\":\"Article\",\"@id\":\"https:\\\/\\\/www.immobilienbusiness.ch\\\/fr\\\/unternehmen\\\/2024-01-11\\\/implenia-erhaelt-auftrag-in-der-lokstadt-und-partnert-mit-nest\\\/#article\",\"isPartOf\":{\"@id\":\"https:\\\/\\\/www.immobilienbusiness.ch\\\/fr\\\/unternehmen\\\/2024-01-11\\\/implenia-erhaelt-auftrag-in-der-lokstadt-und-partnert-mit-nest\\\/\"},\"author\":{\"name\":\"anja.hall\",\"@id\":\"https:\\\/\\\/www.immobilienbusiness.ch\\\/#\\\/schema\\\/person\\\/3fc036297b10b9f42d6db5ee932af8c8\"},\"headline\":\"Implenia erh\u00e4lt Folgeauftrag in der Lokstadt und partnert mit \u00abNest\u00bb\",\"datePublished\":\"2024-01-11T07:26:06+00:00\",\"dateModified\":\"2024-01-11T07:27:42+00:00\",\"mainEntityOfPage\":{\"@id\":\"https:\\\/\\\/www.immobilienbusiness.ch\\\/fr\\\/unternehmen\\\/2024-01-11\\\/implenia-erhaelt-auftrag-in-der-lokstadt-und-partnert-mit-nest\\\/\"},\"wordCount\":242,\"publisher\":{\"@id\":\"https:\\\/\\\/www.immobilienbusiness.ch\\\/#organization\"},\"image\":{\"@id\":\"https:\\\/\\\/www.immobilienbusiness.ch\\\/fr\\\/unternehmen\\\/2024-01-11\\\/implenia-erhaelt-auftrag-in-der-lokstadt-und-partnert-mit-nest\\\/#primaryimage\"},\"thumbnailUrl\":\"https:\\\/\\\/www.immobilienbusiness.ch\\\/wp-content\\\/uploads\\\/2017\\\/09\\\/Abendlicher_Treffpunkt_am_Dialogplatz_beim_Habersack_Bildcredit_Implenia.jpg\",\"keywords\":[\"Implenia\",\"Lokstadt\",\"Nachhaltiges Bauen\"],\"articleSection\":[\"UNTERNEHMEN\"],\"inLanguage\":\"fr-FR\"},{\"@type\":\"WebPage\",\"@id\":\"https:\\\/\\\/www.immobilienbusiness.ch\\\/fr\\\/unternehmen\\\/2024-01-11\\\/implenia-erhaelt-auftrag-in-der-lokstadt-und-partnert-mit-nest\\\/\",\"url\":\"https:\\\/\\\/www.immobilienbusiness.ch\\\/fr\\\/unternehmen\\\/2024-01-11\\\/implenia-erhaelt-auftrag-in-der-lokstadt-und-partnert-mit-nest\\\/\",\"name\":\"Implenia erh\u00e4lt Folgeauftrag in der Lokstadt und partnert mit \u00abNest\u00bb - IMMOBILIEN Business\",\"isPartOf\":{\"@id\":\"https:\\\/\\\/www.immobilienbusiness.ch\\\/#website\"},\"primaryImageOfPage\":{\"@id\":\"https:\\\/\\\/www.immobilienbusiness.ch\\\/fr\\\/unternehmen\\\/2024-01-11\\\/implenia-erhaelt-auftrag-in-der-lokstadt-und-partnert-mit-nest\\\/#primaryimage\"},\"image\":{\"@id\":\"https:\\\/\\\/www.immobilienbusiness.ch\\\/fr\\\/unternehmen\\\/2024-01-11\\\/implenia-erhaelt-auftrag-in-der-lokstadt-und-partnert-mit-nest\\\/#primaryimage\"},\"thumbnailUrl\":\"https:\\\/\\\/www.immobilienbusiness.ch\\\/wp-content\\\/uploads\\\/2017\\\/09\\\/Abendlicher_Treffpunkt_am_Dialogplatz_beim_Habersack_Bildcredit_Implenia.jpg\",\"datePublished\":\"2024-01-11T07:26:06+00:00\",\"dateModified\":\"2024-01-11T07:27:42+00:00\",\"breadcrumb\":{\"@id\":\"https:\\\/\\\/www.immobilienbusiness.ch\\\/fr\\\/unternehmen\\\/2024-01-11\\\/implenia-erhaelt-auftrag-in-der-lokstadt-und-partnert-mit-nest\\\/#breadcrumb\"},\"inLanguage\":\"fr-FR\",\"potentialAction\":[{\"@type\":\"ReadAction\",\"target\":[\"https:\\\/\\\/www.immobilienbusiness.ch\\\/fr\\\/unternehmen\\\/2024-01-11\\\/implenia-erhaelt-auftrag-in-der-lokstadt-und-partnert-mit-nest\\\/\"]}]},{\"@type\":\"ImageObject\",\"inLanguage\":\"fr-FR\",\"@id\":\"https:\\\/\\\/www.immobilienbusiness.ch\\\/fr\\\/unternehmen\\\/2024-01-11\\\/implenia-erhaelt-auftrag-in-der-lokstadt-und-partnert-mit-nest\\\/#primaryimage\",\"url\":\"https:\\\/\\\/www.immobilienbusiness.ch\\\/wp-content\\\/uploads\\\/2017\\\/09\\\/Abendlicher_Treffpunkt_am_Dialogplatz_beim_Habersack_Bildcredit_Implenia.jpg\",\"contentUrl\":\"https:\\\/\\\/www.immobilienbusiness.ch\\\/wp-content\\\/uploads\\\/2017\\\/09\\\/Abendlicher_Treffpunkt_am_Dialogplatz_beim_Habersack_Bildcredit_Implenia.jpg\",\"width\":1754,\"height\":1240,\"caption\":\"Der Dialogplatz bei der grossen, ehemaligen Fabrikationshalle Habersack, die vollst\u00e4ndig erhalten bleibt. (Visualisierung: Implenia)\"},{\"@type\":\"BreadcrumbList\",\"@id\":\"https:\\\/\\\/www.immobilienbusiness.ch\\\/fr\\\/unternehmen\\\/2024-01-11\\\/implenia-erhaelt-auftrag-in-der-lokstadt-und-partnert-mit-nest\\\/#breadcrumb\",\"itemListElement\":[{\"@type\":\"ListItem\",\"position\":1,\"name\":\"Home\",\"item\":\"https:\\\/\\\/www.immobilienbusiness.ch\\\/\"},{\"@type\":\"ListItem\",\"position\":2,\"name\":\"Implenia erh\u00e4lt Folgeauftrag in der Lokstadt und partnert mit \u00abNest\u00bb\"}]},{\"@type\":\"WebSite\",\"@id\":\"https:\\\/\\\/www.immobilienbusiness.ch\\\/#website\",\"url\":\"https:\\\/\\\/www.immobilienbusiness.ch\\\/\",\"name\":\"IMMOBILIEN Business\",\"description\":\"Unabh\u00e4ngiges Schweizer Wirtschaftsmagazin mit Fokus auf Immobilien, Architektur- und Bau sowie Investment- und Finanzierung.\",\"publisher\":{\"@id\":\"https:\\\/\\\/www.immobilienbusiness.ch\\\/#organization\"},\"potentialAction\":[{\"@type\":\"SearchAction\",\"target\":{\"@type\":\"EntryPoint\",\"urlTemplate\":\"https:\\\/\\\/www.immobilienbusiness.ch\\\/?s={search_term_string}\"},\"query-input\":{\"@type\":\"PropertyValueSpecification\",\"valueRequired\":true,\"valueName\":\"search_term_string\"}}],\"inLanguage\":\"fr-FR\"},{\"@type\":\"Organization\",\"@id\":\"https:\\\/\\\/www.immobilienbusiness.ch\\\/#organization\",\"name\":\"IMMOBILIEN Business\",\"url\":\"https:\\\/\\\/www.immobilienbusiness.ch\\\/\",\"logo\":{\"@type\":\"ImageObject\",\"inLanguage\":\"fr-FR\",\"@id\":\"https:\\\/\\\/www.immobilienbusiness.ch\\\/#\\\/schema\\\/logo\\\/image\\\/\",\"url\":\"https:\\\/\\\/www.immobilienbusiness.ch\\\/wp-content\\\/uploads\\\/2021\\\/07\\\/logo_ib.png\",\"contentUrl\":\"https:\\\/\\\/www.immobilienbusiness.ch\\\/wp-content\\\/uploads\\\/2021\\\/07\\\/logo_ib.png\",\"width\":800,\"height\":181,\"caption\":\"IMMOBILIEN Business\"},\"image\":{\"@id\":\"https:\\\/\\\/www.immobilienbusiness.ch\\\/#\\\/schema\\\/logo\\\/image\\\/\"},\"sameAs\":[\"https:\\\/\\\/www.facebook.com\\\/immobilienbusiness\\\/\"]},{\"@type\":\"Person\",\"@id\":\"https:\\\/\\\/www.immobilienbusiness.ch\\\/#\\\/schema\\\/person\\\/3fc036297b10b9f42d6db5ee932af8c8\",\"name\":\"anja.hall\",\"image\":{\"@type\":\"ImageObject\",\"inLanguage\":\"fr-FR\",\"@id\":\"https:\\\/\\\/secure.gravatar.com\\\/avatar\\\/066b5a0d447013502c71a5782f4f3469f03cfe595cc2329fb94652fe47511bfb?s=96&d=mm&r=g\",\"url\":\"https:\\\/\\\/secure.gravatar.com\\\/avatar\\\/066b5a0d447013502c71a5782f4f3469f03cfe595cc2329fb94652fe47511bfb?s=96&d=mm&r=g\",\"contentUrl\":\"https:\\\/\\\/secure.gravatar.com\\\/avatar\\\/066b5a0d447013502c71a5782f4f3469f03cfe595cc2329fb94652fe47511bfb?s=96&d=mm&r=g\",\"caption\":\"anja.hall\"},\"url\":\"https:\\\/\\\/www.immobilienbusiness.ch\\\/fr\\\/author\\\/anja-hall\\\/\"}]}<\/script>\n<!-- \/ Yoast SEO plugin. -->","yoast_head_json":{"title":"Implenia obtient un nouveau contrat \u00e0 Lokstadt et s'associe \u00e0 \"Nest\" - IMMOBILIEN Business","robots":{"index":"index","follow":"follow","max-snippet":"max-snippet:-1","max-image-preview":"max-image-preview:large","max-video-preview":"max-video-preview:-1"},"canonical":"https:\/\/www.immobilienbusiness.ch\/fr\/unternehmen\/2024-01-11\/implenia-erhaelt-auftrag-in-der-lokstadt-und-partnert-mit-nest\/","og_locale":"fr_FR","og_type":"article","og_title":"Implenia erh\u00e4lt Folgeauftrag in der Lokstadt und partnert mit \u00abNest\u00bb - IMMOBILIEN Business","og_description":"Das Unternehmen \u00fcbernimmt den Mieterausbau der Gewerbefl\u00e4chen in der Lokstadt. Zudem forscht es mit der Empa in der Forschungs- und Innovationsplattform \u00abNest\u00bb an CO2-armen Baumaterialien.","og_url":"https:\/\/www.immobilienbusiness.ch\/fr\/unternehmen\/2024-01-11\/implenia-erhaelt-auftrag-in-der-lokstadt-und-partnert-mit-nest\/","og_site_name":"IMMOBILIEN Business","article_publisher":"https:\/\/www.facebook.com\/immobilienbusiness\/","article_published_time":"2024-01-11T07:26:06+00:00","article_modified_time":"2024-01-11T07:27:42+00:00","og_image":[{"width":1754,"height":1240,"url":"https:\/\/www.immobilienbusiness.ch\/wp-content\/uploads\/2017\/09\/Abendlicher_Treffpunkt_am_Dialogplatz_beim_Habersack_Bildcredit_Implenia.jpg","type":"image\/jpeg"}],"author":"anja.hall","twitter_card":"summary_large_image","schema":{"@context":"https:\/\/schema.org","@graph":[{"@type":"Article","@id":"https:\/\/www.immobilienbusiness.ch\/fr\/unternehmen\/2024-01-11\/implenia-erhaelt-auftrag-in-der-lokstadt-und-partnert-mit-nest\/#article","isPartOf":{"@id":"https:\/\/www.immobilienbusiness.ch\/fr\/unternehmen\/2024-01-11\/implenia-erhaelt-auftrag-in-der-lokstadt-und-partnert-mit-nest\/"},"author":{"name":"anja.hall","@id":"https:\/\/www.immobilienbusiness.ch\/#\/schema\/person\/3fc036297b10b9f42d6db5ee932af8c8"},"headline":"Implenia erh\u00e4lt Folgeauftrag in der Lokstadt und partnert mit \u00abNest\u00bb","datePublished":"2024-01-11T07:26:06+00:00","dateModified":"2024-01-11T07:27:42+00:00","mainEntityOfPage":{"@id":"https:\/\/www.immobilienbusiness.ch\/fr\/unternehmen\/2024-01-11\/implenia-erhaelt-auftrag-in-der-lokstadt-und-partnert-mit-nest\/"},"wordCount":242,"publisher":{"@id":"https:\/\/www.immobilienbusiness.ch\/#organization"},"image":{"@id":"https:\/\/www.immobilienbusiness.ch\/fr\/unternehmen\/2024-01-11\/implenia-erhaelt-auftrag-in-der-lokstadt-und-partnert-mit-nest\/#primaryimage"},"thumbnailUrl":"https:\/\/www.immobilienbusiness.ch\/wp-content\/uploads\/2017\/09\/Abendlicher_Treffpunkt_am_Dialogplatz_beim_Habersack_Bildcredit_Implenia.jpg","keywords":["Implenia","Lokstadt","Nachhaltiges Bauen"],"articleSection":["UNTERNEHMEN"],"inLanguage":"fr-FR"},{"@type":"WebPage","@id":"https:\/\/www.immobilienbusiness.ch\/fr\/unternehmen\/2024-01-11\/implenia-erhaelt-auftrag-in-der-lokstadt-und-partnert-mit-nest\/","url":"https:\/\/www.immobilienbusiness.ch\/fr\/unternehmen\/2024-01-11\/implenia-erhaelt-auftrag-in-der-lokstadt-und-partnert-mit-nest\/","name":"Implenia obtient un nouveau contrat \u00e0 Lokstadt et s'associe \u00e0 \"Nest\" - IMMOBILIEN Business","isPartOf":{"@id":"https:\/\/www.immobilienbusiness.ch\/#website"},"primaryImageOfPage":{"@id":"https:\/\/www.immobilienbusiness.ch\/fr\/unternehmen\/2024-01-11\/implenia-erhaelt-auftrag-in-der-lokstadt-und-partnert-mit-nest\/#primaryimage"},"image":{"@id":"https:\/\/www.immobilienbusiness.ch\/fr\/unternehmen\/2024-01-11\/implenia-erhaelt-auftrag-in-der-lokstadt-und-partnert-mit-nest\/#primaryimage"},"thumbnailUrl":"https:\/\/www.immobilienbusiness.ch\/wp-content\/uploads\/2017\/09\/Abendlicher_Treffpunkt_am_Dialogplatz_beim_Habersack_Bildcredit_Implenia.jpg","datePublished":"2024-01-11T07:26:06+00:00","dateModified":"2024-01-11T07:27:42+00:00","breadcrumb":{"@id":"https:\/\/www.immobilienbusiness.ch\/fr\/unternehmen\/2024-01-11\/implenia-erhaelt-auftrag-in-der-lokstadt-und-partnert-mit-nest\/#breadcrumb"},"inLanguage":"fr-FR","potentialAction":[{"@type":"ReadAction","target":["https:\/\/www.immobilienbusiness.ch\/fr\/unternehmen\/2024-01-11\/implenia-erhaelt-auftrag-in-der-lokstadt-und-partnert-mit-nest\/"]}]},{"@type":"ImageObject","inLanguage":"fr-FR","@id":"https:\/\/www.immobilienbusiness.ch\/fr\/unternehmen\/2024-01-11\/implenia-erhaelt-auftrag-in-der-lokstadt-und-partnert-mit-nest\/#primaryimage","url":"https:\/\/www.immobilienbusiness.ch\/wp-content\/uploads\/2017\/09\/Abendlicher_Treffpunkt_am_Dialogplatz_beim_Habersack_Bildcredit_Implenia.jpg","contentUrl":"https:\/\/www.immobilienbusiness.ch\/wp-content\/uploads\/2017\/09\/Abendlicher_Treffpunkt_am_Dialogplatz_beim_Habersack_Bildcredit_Implenia.jpg","width":1754,"height":1240,"caption":"Der Dialogplatz bei der grossen, ehemaligen Fabrikationshalle Habersack, die vollst\u00e4ndig erhalten bleibt. (Visualisierung: Implenia)"},{"@type":"BreadcrumbList","@id":"https:\/\/www.immobilienbusiness.ch\/fr\/unternehmen\/2024-01-11\/implenia-erhaelt-auftrag-in-der-lokstadt-und-partnert-mit-nest\/#breadcrumb","itemListElement":[{"@type":"ListItem","position":1,"name":"Home","item":"https:\/\/www.immobilienbusiness.ch\/"},{"@type":"ListItem","position":2,"name":"Implenia erh\u00e4lt Folgeauftrag in der Lokstadt und partnert mit \u00abNest\u00bb"}]},{"@type":"WebSite","@id":"https:\/\/www.immobilienbusiness.ch\/#website","url":"https:\/\/www.immobilienbusiness.ch\/","name":"IMMOBILIER Business","description":"Magazine \u00e9conomique suisse ind\u00e9pendant ax\u00e9 sur l'immobilier, l'architecture et la construction ainsi que sur les investissements et le financement.","publisher":{"@id":"https:\/\/www.immobilienbusiness.ch\/#organization"},"potentialAction":[{"@type":"SearchAction","target":{"@type":"EntryPoint","urlTemplate":"https:\/\/www.immobilienbusiness.ch\/?s={search_term_string}"},"query-input":{"@type":"PropertyValueSpecification","valueRequired":true,"valueName":"search_term_string"}}],"inLanguage":"fr-FR"},{"@type":"Organization","@id":"https:\/\/www.immobilienbusiness.ch\/#organization","name":"IMMOBILIER Business","url":"https:\/\/www.immobilienbusiness.ch\/","logo":{"@type":"ImageObject","inLanguage":"fr-FR","@id":"https:\/\/www.immobilienbusiness.ch\/#\/schema\/logo\/image\/","url":"https:\/\/www.immobilienbusiness.ch\/wp-content\/uploads\/2021\/07\/logo_ib.png","contentUrl":"https:\/\/www.immobilienbusiness.ch\/wp-content\/uploads\/2021\/07\/logo_ib.png","width":800,"height":181,"caption":"IMMOBILIEN Business"},"image":{"@id":"https:\/\/www.immobilienbusiness.ch\/#\/schema\/logo\/image\/"},"sameAs":["https:\/\/www.facebook.com\/immobilienbusiness\/"]},{"@type":"Person","@id":"https:\/\/www.immobilienbusiness.ch\/#\/schema\/person\/3fc036297b10b9f42d6db5ee932af8c8","name":"anja.hall","image":{"@type":"ImageObject","inLanguage":"fr-FR","@id":"https:\/\/secure.gravatar.com\/avatar\/066b5a0d447013502c71a5782f4f3469f03cfe595cc2329fb94652fe47511bfb?s=96&d=mm&r=g","url":"https:\/\/secure.gravatar.com\/avatar\/066b5a0d447013502c71a5782f4f3469f03cfe595cc2329fb94652fe47511bfb?s=96&d=mm&r=g","contentUrl":"https:\/\/secure.gravatar.com\/avatar\/066b5a0d447013502c71a5782f4f3469f03cfe595cc2329fb94652fe47511bfb?s=96&d=mm&r=g","caption":"anja.hall"},"url":"https:\/\/www.immobilienbusiness.ch\/fr\/author\/anja-hall\/"}]}},"_links":{"self":[{"href":"https:\/\/www.immobilienbusiness.ch\/fr\/wp-json\/wp\/v2\/posts\/55372","targetHints":{"allow":["GET"]}}],"collection":[{"href":"https:\/\/www.immobilienbusiness.ch\/fr\/wp-json\/wp\/v2\/posts"}],"about":[{"href":"https:\/\/www.immobilienbusiness.ch\/fr\/wp-json\/wp\/v2\/types\/post"}],"author":[{"embeddable":true,"href":"https:\/\/www.immobilienbusiness.ch\/fr\/wp-json\/wp\/v2\/users\/3"}],"replies":[{"embeddable":true,"href":"https:\/\/www.immobilienbusiness.ch\/fr\/wp-json\/wp\/v2\/comments?post=55372"}],"version-history":[{"count":2,"href":"https:\/\/www.immobilienbusiness.ch\/fr\/wp-json\/wp\/v2\/posts\/55372\/revisions"}],"predecessor-version":[{"id":55374,"href":"https:\/\/www.immobilienbusiness.ch\/fr\/wp-json\/wp\/v2\/posts\/55372\/revisions\/55374"}],"wp:featuredmedia":[{"embeddable":true,"href":"https:\/\/www.immobilienbusiness.ch\/fr\/wp-json\/wp\/v2\/media\/9040"}],"wp:attachment":[{"href":"https:\/\/www.immobilienbusiness.ch\/fr\/wp-json\/wp\/v2\/media?parent=55372"}],"wp:term":[{"taxonomy":"category","embeddable":true,"href":"https:\/\/www.immobilienbusiness.ch\/fr\/wp-json\/wp\/v2\/categories?post=55372"},{"taxonomy":"post_tag","embeddable":true,"href":"https:\/\/www.immobilienbusiness.ch\/fr\/wp-json\/wp\/v2\/tags?post=55372"}],"curies":[{"name":"wp","href":"https:\/\/api.w.org\/{rel}","templated":true}]}}