{"id":54965,"date":"2023-12-14T08:20:51","date_gmt":"2023-12-14T07:20:51","guid":{"rendered":"https:\/\/www.immobilienbusiness.ch\/?p=54965"},"modified":"2023-12-14T09:18:02","modified_gmt":"2023-12-14T08:18:02","slug":"pratteln-gewerbeimmobilie-wechselt-die-hand","status":"publish","type":"post","link":"https:\/\/www.immobilienbusiness.ch\/fr\/regionen\/2023-12-14\/pratteln-gewerbeimmobilie-wechselt-die-hand\/","title":{"rendered":"La ville de Pratteln : L'immobilier commercial change de main"},"content":{"rendered":"<figure id=\"attachment_54966\" aria-describedby=\"caption-attachment-54966\" style=\"width: 1400px\" class=\"wp-caption alignnone\"><a href=\"https:\/\/www.immobilienbusiness.ch\/wp-content\/uploads\/2023\/12\/MM_SPGI_Pratteln-scaled.jpg\"><img loading=\"lazy\" decoding=\"async\" class=\"wp-image-54966 size-full\" src=\"https:\/\/www.immobilienbusiness.ch\/wp-content\/uploads\/2023\/12\/MM_SPGI_Pratteln-scaled-e1702539495786.jpg\" alt=\"\" width=\"1400\" height=\"933\" srcset=\"https:\/\/www.immobilienbusiness.ch\/wp-content\/uploads\/2023\/12\/MM_SPGI_Pratteln-scaled-e1702539495786.jpg 1400w, https:\/\/www.immobilienbusiness.ch\/wp-content\/uploads\/2023\/12\/MM_SPGI_Pratteln-scaled-e1702539495786-300x200.jpg 300w, https:\/\/www.immobilienbusiness.ch\/wp-content\/uploads\/2023\/12\/MM_SPGI_Pratteln-scaled-e1702539495786-1024x682.jpg 1024w, https:\/\/www.immobilienbusiness.ch\/wp-content\/uploads\/2023\/12\/MM_SPGI_Pratteln-scaled-e1702539495786-768x512.jpg 768w, https:\/\/www.immobilienbusiness.ch\/wp-content\/uploads\/2023\/12\/MM_SPGI_Pratteln-scaled-e1702539495786-18x12.jpg 18w, https:\/\/www.immobilienbusiness.ch\/wp-content\/uploads\/2023\/12\/MM_SPGI_Pratteln-scaled-e1702539495786-375x250.jpg 375w, https:\/\/www.immobilienbusiness.ch\/wp-content\/uploads\/2023\/12\/MM_SPGI_Pratteln-scaled-e1702539495786-525x350.jpg 525w, https:\/\/www.immobilienbusiness.ch\/wp-content\/uploads\/2023\/12\/MM_SPGI_Pratteln-scaled-e1702539495786-1000x666.jpg 1000w\" sizes=\"auto, (max-width: 1400px) 100vw, 1400px\" \/><\/a><figcaption id=\"caption-attachment-54966\" class=\"wp-caption-text\">L'immeuble d'entrep\u00f4ts et de bureaux de Pratteln a \u00e9t\u00e9 vendu (source : SPGI Zurich)<\/figcaption><\/figure>\n<p>Une entreprise familiale \u00e9trang\u00e8re a acquis un immeuble de bureaux et d'entrep\u00f4ts d'environ 4 500 m\u00b2 de surface utile \u00e0 Pratteln (BL). C'est ce qu'annonce le prestataire de services immobiliers SPGI Zurich, qui a vendu l'immeuble pour le compte de la propri\u00e9taire, une entreprise active dans le domaine des syst\u00e8mes de r\u00e9frig\u00e9ration. La vendeuse reste locataire sur le site.<\/p>\n<p>Selon SPGI Zurich, le site de Pratteln est un lieu important pour la logistique et le commerce de gros dans le nord-ouest de la Suisse en raison de sa proximit\u00e9 avec la fronti\u00e8re et de ses excellentes liaisons de transport. <em>(ah)<\/em><\/p>","protected":false},"excerpt":{"rendered":"<p>Dans le cadre d'un sale and lease-back, un immeuble de bureaux et d'entrep\u00f4ts \u00e0 Pratteln a trouv\u00e9 un nouveau propri\u00e9taire. SPGI Zurich a servi d'interm\u00e9diaire pour la transaction.<\/p>","protected":false},"author":3,"featured_media":54966,"comment_status":"closed","ping_status":"closed","sticky":false,"template":"","format":"standard","meta":{"_acf_changed":false,"_yoast_wpseo_focuskw":"Pratteln","_yoast_wpseo_title":"","_yoast_wpseo_metadesc":"Im Rahmen eines Sale-and-lease-back-Deals hat eine B\u00fcro- und Lagerliegenschaft in Pratteln eine neue Eigent\u00fcmerin gefunden.","_yoast_wpseo_linkdex":49,"pgc_sgb_lightbox_settings":"","footnotes":""},"categories":[985],"tags":[1271,1659,2016],"class_list":["post-54965","post","type-post","status-publish","format-standard","has-post-thumbnail","hentry","category-regionen","tag-gewerbeimmobilie","tag-sale-and-lease-back","tag-spgi-zurich"],"acf":[],"yoast_head":"<!-- This site is optimized with the Yoast SEO plugin v27.4 - https:\/\/yoast.com\/product\/yoast-seo-wordpress\/ -->\n<title>Pratteln: Gewerbeimmobilie wechselt die Hand - IMMOBILIEN Business<\/title>\n<meta name=\"description\" content=\"Im Rahmen eines Sale-and-lease-back-Deals hat eine B\u00fcro- und Lagerliegenschaft in Pratteln eine neue Eigent\u00fcmerin gefunden.\" \/>\n<meta name=\"robots\" content=\"index, follow, max-snippet:-1, max-image-preview:large, max-video-preview:-1\" \/>\n<link rel=\"canonical\" href=\"https:\/\/www.immobilienbusiness.ch\/fr\/regionen\/2023-12-14\/pratteln-gewerbeimmobilie-wechselt-die-hand\/\" \/>\n<meta property=\"og:locale\" content=\"fr_FR\" \/>\n<meta property=\"og:type\" content=\"article\" \/>\n<meta property=\"og:title\" content=\"Pratteln: Gewerbeimmobilie wechselt die Hand - IMMOBILIEN Business\" \/>\n<meta property=\"og:description\" content=\"Im Rahmen eines Sale-and-lease-back-Deals hat eine B\u00fcro- und Lagerliegenschaft in Pratteln eine neue Eigent\u00fcmerin gefunden.\" \/>\n<meta property=\"og:url\" content=\"https:\/\/www.immobilienbusiness.ch\/fr\/regionen\/2023-12-14\/pratteln-gewerbeimmobilie-wechselt-die-hand\/\" \/>\n<meta property=\"og:site_name\" content=\"IMMOBILIEN Business\" \/>\n<meta property=\"article:publisher\" content=\"https:\/\/www.facebook.com\/immobilienbusiness\/\" \/>\n<meta property=\"article:published_time\" content=\"2023-12-14T07:20:51+00:00\" \/>\n<meta property=\"article:modified_time\" content=\"2023-12-14T08:18:02+00:00\" \/>\n<meta property=\"og:image\" content=\"https:\/\/www.immobilienbusiness.ch\/wp-content\/uploads\/2023\/12\/MM_SPGI_Pratteln-scaled-e1702539495786.jpg\" \/>\n\t<meta property=\"og:image:width\" content=\"1400\" \/>\n\t<meta property=\"og:image:height\" content=\"933\" \/>\n\t<meta property=\"og:image:type\" content=\"image\/jpeg\" \/>\n<meta name=\"author\" content=\"anja.hall\" \/>\n<meta name=\"twitter:card\" content=\"summary_large_image\" \/>\n<script type=\"application\/ld+json\" class=\"yoast-schema-graph\">{\"@context\":\"https:\\\/\\\/schema.org\",\"@graph\":[{\"@type\":\"Article\",\"@id\":\"https:\\\/\\\/www.immobilienbusiness.ch\\\/de\\\/regionen\\\/2023-12-14\\\/pratteln-gewerbeimmobilie-wechselt-die-hand\\\/#article\",\"isPartOf\":{\"@id\":\"https:\\\/\\\/www.immobilienbusiness.ch\\\/de\\\/regionen\\\/2023-12-14\\\/pratteln-gewerbeimmobilie-wechselt-die-hand\\\/\"},\"author\":{\"name\":\"anja.hall\",\"@id\":\"https:\\\/\\\/www.immobilienbusiness.ch\\\/#\\\/schema\\\/person\\\/3fc036297b10b9f42d6db5ee932af8c8\"},\"headline\":\"Pratteln: Gewerbeimmobilie wechselt die Hand\",\"datePublished\":\"2023-12-14T07:20:51+00:00\",\"dateModified\":\"2023-12-14T08:18:02+00:00\",\"mainEntityOfPage\":{\"@id\":\"https:\\\/\\\/www.immobilienbusiness.ch\\\/de\\\/regionen\\\/2023-12-14\\\/pratteln-gewerbeimmobilie-wechselt-die-hand\\\/\"},\"wordCount\":108,\"publisher\":{\"@id\":\"https:\\\/\\\/www.immobilienbusiness.ch\\\/#organization\"},\"image\":{\"@id\":\"https:\\\/\\\/www.immobilienbusiness.ch\\\/de\\\/regionen\\\/2023-12-14\\\/pratteln-gewerbeimmobilie-wechselt-die-hand\\\/#primaryimage\"},\"thumbnailUrl\":\"https:\\\/\\\/www.immobilienbusiness.ch\\\/wp-content\\\/uploads\\\/2023\\\/12\\\/MM_SPGI_Pratteln-scaled-e1702539495786.jpg\",\"keywords\":[\"Gewerbeimmobilie\",\"Sale-and-lease-back\",\"SPGI Zurich\"],\"articleSection\":[\"REGIONEN\"],\"inLanguage\":\"fr-FR\"},{\"@type\":\"WebPage\",\"@id\":\"https:\\\/\\\/www.immobilienbusiness.ch\\\/de\\\/regionen\\\/2023-12-14\\\/pratteln-gewerbeimmobilie-wechselt-die-hand\\\/\",\"url\":\"https:\\\/\\\/www.immobilienbusiness.ch\\\/de\\\/regionen\\\/2023-12-14\\\/pratteln-gewerbeimmobilie-wechselt-die-hand\\\/\",\"name\":\"Pratteln: Gewerbeimmobilie wechselt die Hand - IMMOBILIEN Business\",\"isPartOf\":{\"@id\":\"https:\\\/\\\/www.immobilienbusiness.ch\\\/#website\"},\"primaryImageOfPage\":{\"@id\":\"https:\\\/\\\/www.immobilienbusiness.ch\\\/de\\\/regionen\\\/2023-12-14\\\/pratteln-gewerbeimmobilie-wechselt-die-hand\\\/#primaryimage\"},\"image\":{\"@id\":\"https:\\\/\\\/www.immobilienbusiness.ch\\\/de\\\/regionen\\\/2023-12-14\\\/pratteln-gewerbeimmobilie-wechselt-die-hand\\\/#primaryimage\"},\"thumbnailUrl\":\"https:\\\/\\\/www.immobilienbusiness.ch\\\/wp-content\\\/uploads\\\/2023\\\/12\\\/MM_SPGI_Pratteln-scaled-e1702539495786.jpg\",\"datePublished\":\"2023-12-14T07:20:51+00:00\",\"dateModified\":\"2023-12-14T08:18:02+00:00\",\"description\":\"Im Rahmen eines Sale-and-lease-back-Deals hat eine B\u00fcro- und Lagerliegenschaft in Pratteln eine neue Eigent\u00fcmerin gefunden.\",\"breadcrumb\":{\"@id\":\"https:\\\/\\\/www.immobilienbusiness.ch\\\/de\\\/regionen\\\/2023-12-14\\\/pratteln-gewerbeimmobilie-wechselt-die-hand\\\/#breadcrumb\"},\"inLanguage\":\"fr-FR\",\"potentialAction\":[{\"@type\":\"ReadAction\",\"target\":[\"https:\\\/\\\/www.immobilienbusiness.ch\\\/de\\\/regionen\\\/2023-12-14\\\/pratteln-gewerbeimmobilie-wechselt-die-hand\\\/\"]}]},{\"@type\":\"ImageObject\",\"inLanguage\":\"fr-FR\",\"@id\":\"https:\\\/\\\/www.immobilienbusiness.ch\\\/de\\\/regionen\\\/2023-12-14\\\/pratteln-gewerbeimmobilie-wechselt-die-hand\\\/#primaryimage\",\"url\":\"https:\\\/\\\/www.immobilienbusiness.ch\\\/wp-content\\\/uploads\\\/2023\\\/12\\\/MM_SPGI_Pratteln-scaled-e1702539495786.jpg\",\"contentUrl\":\"https:\\\/\\\/www.immobilienbusiness.ch\\\/wp-content\\\/uploads\\\/2023\\\/12\\\/MM_SPGI_Pratteln-scaled-e1702539495786.jpg\",\"width\":1400,\"height\":933,\"caption\":\"Die Lager- und B\u00fcroliegenschaft in Pratteln ist verkauft worden (Quelle: SPGI Zurich)\"},{\"@type\":\"BreadcrumbList\",\"@id\":\"https:\\\/\\\/www.immobilienbusiness.ch\\\/de\\\/regionen\\\/2023-12-14\\\/pratteln-gewerbeimmobilie-wechselt-die-hand\\\/#breadcrumb\",\"itemListElement\":[{\"@type\":\"ListItem\",\"position\":1,\"name\":\"Home\",\"item\":\"https:\\\/\\\/www.immobilienbusiness.ch\\\/\"},{\"@type\":\"ListItem\",\"position\":2,\"name\":\"Pratteln: Gewerbeimmobilie wechselt die Hand\"}]},{\"@type\":\"WebSite\",\"@id\":\"https:\\\/\\\/www.immobilienbusiness.ch\\\/#website\",\"url\":\"https:\\\/\\\/www.immobilienbusiness.ch\\\/\",\"name\":\"IMMOBILIEN Business\",\"description\":\"Unabh\u00e4ngiges Schweizer Wirtschaftsmagazin mit Fokus auf Immobilien, Architektur- und Bau sowie Investment- und Finanzierung.\",\"publisher\":{\"@id\":\"https:\\\/\\\/www.immobilienbusiness.ch\\\/#organization\"},\"potentialAction\":[{\"@type\":\"SearchAction\",\"target\":{\"@type\":\"EntryPoint\",\"urlTemplate\":\"https:\\\/\\\/www.immobilienbusiness.ch\\\/?s={search_term_string}\"},\"query-input\":{\"@type\":\"PropertyValueSpecification\",\"valueRequired\":true,\"valueName\":\"search_term_string\"}}],\"inLanguage\":\"fr-FR\"},{\"@type\":\"Organization\",\"@id\":\"https:\\\/\\\/www.immobilienbusiness.ch\\\/#organization\",\"name\":\"IMMOBILIEN Business\",\"url\":\"https:\\\/\\\/www.immobilienbusiness.ch\\\/\",\"logo\":{\"@type\":\"ImageObject\",\"inLanguage\":\"fr-FR\",\"@id\":\"https:\\\/\\\/www.immobilienbusiness.ch\\\/#\\\/schema\\\/logo\\\/image\\\/\",\"url\":\"https:\\\/\\\/www.immobilienbusiness.ch\\\/wp-content\\\/uploads\\\/2021\\\/07\\\/logo_ib.png\",\"contentUrl\":\"https:\\\/\\\/www.immobilienbusiness.ch\\\/wp-content\\\/uploads\\\/2021\\\/07\\\/logo_ib.png\",\"width\":800,\"height\":181,\"caption\":\"IMMOBILIEN Business\"},\"image\":{\"@id\":\"https:\\\/\\\/www.immobilienbusiness.ch\\\/#\\\/schema\\\/logo\\\/image\\\/\"},\"sameAs\":[\"https:\\\/\\\/www.facebook.com\\\/immobilienbusiness\\\/\"]},{\"@type\":\"Person\",\"@id\":\"https:\\\/\\\/www.immobilienbusiness.ch\\\/#\\\/schema\\\/person\\\/3fc036297b10b9f42d6db5ee932af8c8\",\"name\":\"anja.hall\",\"image\":{\"@type\":\"ImageObject\",\"inLanguage\":\"fr-FR\",\"@id\":\"https:\\\/\\\/secure.gravatar.com\\\/avatar\\\/066b5a0d447013502c71a5782f4f3469f03cfe595cc2329fb94652fe47511bfb?s=96&d=mm&r=g\",\"url\":\"https:\\\/\\\/secure.gravatar.com\\\/avatar\\\/066b5a0d447013502c71a5782f4f3469f03cfe595cc2329fb94652fe47511bfb?s=96&d=mm&r=g\",\"contentUrl\":\"https:\\\/\\\/secure.gravatar.com\\\/avatar\\\/066b5a0d447013502c71a5782f4f3469f03cfe595cc2329fb94652fe47511bfb?s=96&d=mm&r=g\",\"caption\":\"anja.hall\"},\"url\":\"https:\\\/\\\/www.immobilienbusiness.ch\\\/fr\\\/author\\\/anja-hall\\\/\"}]}<\/script>\n<!-- \/ Yoast SEO plugin. -->","yoast_head_json":{"title":"Pratteln, en Allemagne : L'immobilier commercial change de main - IMMOBILIER Business","description":"Dans le cadre d'un sale and lease-back, un immeuble de bureaux et d'entrep\u00f4ts \u00e0 Pratteln a trouv\u00e9 un nouveau propri\u00e9taire.","robots":{"index":"index","follow":"follow","max-snippet":"max-snippet:-1","max-image-preview":"max-image-preview:large","max-video-preview":"max-video-preview:-1"},"canonical":"https:\/\/www.immobilienbusiness.ch\/fr\/regionen\/2023-12-14\/pratteln-gewerbeimmobilie-wechselt-die-hand\/","og_locale":"fr_FR","og_type":"article","og_title":"Pratteln: Gewerbeimmobilie wechselt die Hand - IMMOBILIEN Business","og_description":"Im Rahmen eines Sale-and-lease-back-Deals hat eine B\u00fcro- und Lagerliegenschaft in Pratteln eine neue Eigent\u00fcmerin gefunden.","og_url":"https:\/\/www.immobilienbusiness.ch\/fr\/regionen\/2023-12-14\/pratteln-gewerbeimmobilie-wechselt-die-hand\/","og_site_name":"IMMOBILIEN Business","article_publisher":"https:\/\/www.facebook.com\/immobilienbusiness\/","article_published_time":"2023-12-14T07:20:51+00:00","article_modified_time":"2023-12-14T08:18:02+00:00","og_image":[{"width":1400,"height":933,"url":"https:\/\/www.immobilienbusiness.ch\/wp-content\/uploads\/2023\/12\/MM_SPGI_Pratteln-scaled-e1702539495786.jpg","type":"image\/jpeg"}],"author":"anja.hall","twitter_card":"summary_large_image","schema":{"@context":"https:\/\/schema.org","@graph":[{"@type":"Article","@id":"https:\/\/www.immobilienbusiness.ch\/de\/regionen\/2023-12-14\/pratteln-gewerbeimmobilie-wechselt-die-hand\/#article","isPartOf":{"@id":"https:\/\/www.immobilienbusiness.ch\/de\/regionen\/2023-12-14\/pratteln-gewerbeimmobilie-wechselt-die-hand\/"},"author":{"name":"anja.hall","@id":"https:\/\/www.immobilienbusiness.ch\/#\/schema\/person\/3fc036297b10b9f42d6db5ee932af8c8"},"headline":"Pratteln: Gewerbeimmobilie wechselt die Hand","datePublished":"2023-12-14T07:20:51+00:00","dateModified":"2023-12-14T08:18:02+00:00","mainEntityOfPage":{"@id":"https:\/\/www.immobilienbusiness.ch\/de\/regionen\/2023-12-14\/pratteln-gewerbeimmobilie-wechselt-die-hand\/"},"wordCount":108,"publisher":{"@id":"https:\/\/www.immobilienbusiness.ch\/#organization"},"image":{"@id":"https:\/\/www.immobilienbusiness.ch\/de\/regionen\/2023-12-14\/pratteln-gewerbeimmobilie-wechselt-die-hand\/#primaryimage"},"thumbnailUrl":"https:\/\/www.immobilienbusiness.ch\/wp-content\/uploads\/2023\/12\/MM_SPGI_Pratteln-scaled-e1702539495786.jpg","keywords":["Gewerbeimmobilie","Sale-and-lease-back","SPGI Zurich"],"articleSection":["REGIONEN"],"inLanguage":"fr-FR"},{"@type":"WebPage","@id":"https:\/\/www.immobilienbusiness.ch\/de\/regionen\/2023-12-14\/pratteln-gewerbeimmobilie-wechselt-die-hand\/","url":"https:\/\/www.immobilienbusiness.ch\/de\/regionen\/2023-12-14\/pratteln-gewerbeimmobilie-wechselt-die-hand\/","name":"Pratteln, en Allemagne : L'immobilier commercial change de main - IMMOBILIER Business","isPartOf":{"@id":"https:\/\/www.immobilienbusiness.ch\/#website"},"primaryImageOfPage":{"@id":"https:\/\/www.immobilienbusiness.ch\/de\/regionen\/2023-12-14\/pratteln-gewerbeimmobilie-wechselt-die-hand\/#primaryimage"},"image":{"@id":"https:\/\/www.immobilienbusiness.ch\/de\/regionen\/2023-12-14\/pratteln-gewerbeimmobilie-wechselt-die-hand\/#primaryimage"},"thumbnailUrl":"https:\/\/www.immobilienbusiness.ch\/wp-content\/uploads\/2023\/12\/MM_SPGI_Pratteln-scaled-e1702539495786.jpg","datePublished":"2023-12-14T07:20:51+00:00","dateModified":"2023-12-14T08:18:02+00:00","description":"Dans le cadre d'un sale and lease-back, un immeuble de bureaux et d'entrep\u00f4ts \u00e0 Pratteln a trouv\u00e9 un nouveau propri\u00e9taire.","breadcrumb":{"@id":"https:\/\/www.immobilienbusiness.ch\/de\/regionen\/2023-12-14\/pratteln-gewerbeimmobilie-wechselt-die-hand\/#breadcrumb"},"inLanguage":"fr-FR","potentialAction":[{"@type":"ReadAction","target":["https:\/\/www.immobilienbusiness.ch\/de\/regionen\/2023-12-14\/pratteln-gewerbeimmobilie-wechselt-die-hand\/"]}]},{"@type":"ImageObject","inLanguage":"fr-FR","@id":"https:\/\/www.immobilienbusiness.ch\/de\/regionen\/2023-12-14\/pratteln-gewerbeimmobilie-wechselt-die-hand\/#primaryimage","url":"https:\/\/www.immobilienbusiness.ch\/wp-content\/uploads\/2023\/12\/MM_SPGI_Pratteln-scaled-e1702539495786.jpg","contentUrl":"https:\/\/www.immobilienbusiness.ch\/wp-content\/uploads\/2023\/12\/MM_SPGI_Pratteln-scaled-e1702539495786.jpg","width":1400,"height":933,"caption":"Die Lager- und B\u00fcroliegenschaft in Pratteln ist verkauft worden (Quelle: SPGI Zurich)"},{"@type":"BreadcrumbList","@id":"https:\/\/www.immobilienbusiness.ch\/de\/regionen\/2023-12-14\/pratteln-gewerbeimmobilie-wechselt-die-hand\/#breadcrumb","itemListElement":[{"@type":"ListItem","position":1,"name":"Home","item":"https:\/\/www.immobilienbusiness.ch\/"},{"@type":"ListItem","position":2,"name":"Pratteln: Gewerbeimmobilie wechselt die Hand"}]},{"@type":"WebSite","@id":"https:\/\/www.immobilienbusiness.ch\/#website","url":"https:\/\/www.immobilienbusiness.ch\/","name":"IMMOBILIER Business","description":"Magazine \u00e9conomique suisse ind\u00e9pendant ax\u00e9 sur l'immobilier, l'architecture et la construction ainsi que sur les investissements et le financement.","publisher":{"@id":"https:\/\/www.immobilienbusiness.ch\/#organization"},"potentialAction":[{"@type":"SearchAction","target":{"@type":"EntryPoint","urlTemplate":"https:\/\/www.immobilienbusiness.ch\/?s={search_term_string}"},"query-input":{"@type":"PropertyValueSpecification","valueRequired":true,"valueName":"search_term_string"}}],"inLanguage":"fr-FR"},{"@type":"Organization","@id":"https:\/\/www.immobilienbusiness.ch\/#organization","name":"IMMOBILIER Business","url":"https:\/\/www.immobilienbusiness.ch\/","logo":{"@type":"ImageObject","inLanguage":"fr-FR","@id":"https:\/\/www.immobilienbusiness.ch\/#\/schema\/logo\/image\/","url":"https:\/\/www.immobilienbusiness.ch\/wp-content\/uploads\/2021\/07\/logo_ib.png","contentUrl":"https:\/\/www.immobilienbusiness.ch\/wp-content\/uploads\/2021\/07\/logo_ib.png","width":800,"height":181,"caption":"IMMOBILIEN Business"},"image":{"@id":"https:\/\/www.immobilienbusiness.ch\/#\/schema\/logo\/image\/"},"sameAs":["https:\/\/www.facebook.com\/immobilienbusiness\/"]},{"@type":"Person","@id":"https:\/\/www.immobilienbusiness.ch\/#\/schema\/person\/3fc036297b10b9f42d6db5ee932af8c8","name":"anja.hall","image":{"@type":"ImageObject","inLanguage":"fr-FR","@id":"https:\/\/secure.gravatar.com\/avatar\/066b5a0d447013502c71a5782f4f3469f03cfe595cc2329fb94652fe47511bfb?s=96&d=mm&r=g","url":"https:\/\/secure.gravatar.com\/avatar\/066b5a0d447013502c71a5782f4f3469f03cfe595cc2329fb94652fe47511bfb?s=96&d=mm&r=g","contentUrl":"https:\/\/secure.gravatar.com\/avatar\/066b5a0d447013502c71a5782f4f3469f03cfe595cc2329fb94652fe47511bfb?s=96&d=mm&r=g","caption":"anja.hall"},"url":"https:\/\/www.immobilienbusiness.ch\/fr\/author\/anja-hall\/"}]}},"_links":{"self":[{"href":"https:\/\/www.immobilienbusiness.ch\/fr\/wp-json\/wp\/v2\/posts\/54965","targetHints":{"allow":["GET"]}}],"collection":[{"href":"https:\/\/www.immobilienbusiness.ch\/fr\/wp-json\/wp\/v2\/posts"}],"about":[{"href":"https:\/\/www.immobilienbusiness.ch\/fr\/wp-json\/wp\/v2\/types\/post"}],"author":[{"embeddable":true,"href":"https:\/\/www.immobilienbusiness.ch\/fr\/wp-json\/wp\/v2\/users\/3"}],"replies":[{"embeddable":true,"href":"https:\/\/www.immobilienbusiness.ch\/fr\/wp-json\/wp\/v2\/comments?post=54965"}],"version-history":[{"count":2,"href":"https:\/\/www.immobilienbusiness.ch\/fr\/wp-json\/wp\/v2\/posts\/54965\/revisions"}],"predecessor-version":[{"id":54972,"href":"https:\/\/www.immobilienbusiness.ch\/fr\/wp-json\/wp\/v2\/posts\/54965\/revisions\/54972"}],"wp:featuredmedia":[{"embeddable":true,"href":"https:\/\/www.immobilienbusiness.ch\/fr\/wp-json\/wp\/v2\/media\/54966"}],"wp:attachment":[{"href":"https:\/\/www.immobilienbusiness.ch\/fr\/wp-json\/wp\/v2\/media?parent=54965"}],"wp:term":[{"taxonomy":"category","embeddable":true,"href":"https:\/\/www.immobilienbusiness.ch\/fr\/wp-json\/wp\/v2\/categories?post=54965"},{"taxonomy":"post_tag","embeddable":true,"href":"https:\/\/www.immobilienbusiness.ch\/fr\/wp-json\/wp\/v2\/tags?post=54965"}],"curies":[{"name":"wp","href":"https:\/\/api.w.org\/{rel}","templated":true}]}}