{"id":54778,"date":"2023-12-05T06:59:34","date_gmt":"2023-12-05T05:59:34","guid":{"rendered":"https:\/\/www.immobilienbusiness.ch\/?p=54778"},"modified":"2023-12-06T18:28:28","modified_gmt":"2023-12-06T17:28:28","slug":"avobis-verlaengert-zeichnungsfrist-bis-maerz","status":"publish","type":"post","link":"https:\/\/www.immobilienbusiness.ch\/fr\/unternehmen\/2023-12-05\/avobis-verlaengert-zeichnungsfrist-bis-maerz\/","title":{"rendered":"Avobis prolonge la p\u00e9riode de souscription jusqu'en mars"},"content":{"rendered":"<figure id=\"attachment_9957\" aria-describedby=\"caption-attachment-9957\" style=\"width: 680px\" class=\"wp-caption alignnone\"><a href=\"https:\/\/www.immobilienbusiness.ch\/wp-content\/uploads\/2017\/11\/IB-News-20171106-Kapitalerhoehung-Axa-Immovation-Commercial.jpg\"><img loading=\"lazy\" decoding=\"async\" class=\"size-full wp-image-9957\" src=\"https:\/\/www.immobilienbusiness.ch\/wp-content\/uploads\/2017\/11\/IB-News-20171106-Kapitalerhoehung-Axa-Immovation-Commercial.jpg\" alt=\"Kapitalerh\u00f6hung\" width=\"680\" height=\"453\" srcset=\"https:\/\/www.immobilienbusiness.ch\/wp-content\/uploads\/2017\/11\/IB-News-20171106-Kapitalerhoehung-Axa-Immovation-Commercial.jpg 680w, https:\/\/www.immobilienbusiness.ch\/wp-content\/uploads\/2017\/11\/IB-News-20171106-Kapitalerhoehung-Axa-Immovation-Commercial-300x200.jpg 300w, https:\/\/www.immobilienbusiness.ch\/wp-content\/uploads\/2017\/11\/IB-News-20171106-Kapitalerhoehung-Axa-Immovation-Commercial-16x12.jpg 16w, https:\/\/www.immobilienbusiness.ch\/wp-content\/uploads\/2017\/11\/IB-News-20171106-Kapitalerhoehung-Axa-Immovation-Commercial-263x175.jpg 263w, https:\/\/www.immobilienbusiness.ch\/wp-content\/uploads\/2017\/11\/IB-News-20171106-Kapitalerhoehung-Axa-Immovation-Commercial-525x350.jpg 525w\" sizes=\"auto, (max-width: 680px) 100vw, 680px\" \/><\/a><figcaption id=\"caption-attachment-9957\" class=\"wp-caption-text\">Avobis se donne plus de temps pour la premi\u00e8re \u00e9mission de son nouveau fonds (Image : Pixabay)<\/figcaption><\/figure>\n<p>Le calendrier de l'\u00e9mission initiale d'Avobis Swiss Residential Fund SICAV a \u00e9t\u00e9 consid\u00e9rablement repouss\u00e9. Comme le communique Avobis Invest AG, la p\u00e9riode de souscription, qui devait s'\u00e9tendre du 24 octobre au 30 novembre, a \u00e9t\u00e9 prolong\u00e9e jusqu'en mars 2024. \"De cette mani\u00e8re, les investisseurs qui souhaitent ajuster leur strat\u00e9gie de placement en 2024 et renforcer leur allocation dans le domaine de l'immobilier r\u00e9sidentiel peuvent \u00e9galement participer \u00e0 la premi\u00e8re \u00e9mission d'Avobis Swiss Residential Fund\", \u00e9crit Avobis dans un communiqu\u00e9.'<\/p>\n<p>L'\u00e9cho de la premi\u00e8re \u00e9mission est \"positif\" malgr\u00e9 le contexte de march\u00e9 difficile, poursuit Avobis. La situation actuelle offre des opportunit\u00e9s d'achat pour les emplacements et les objets pr\u00e9f\u00e9r\u00e9s du fonds. Comme le produit investit exclusivement dans des immeubles \u00e0 l'\u00e9tat neuf, la capacit\u00e9 de distribution est garantie et les risques de remise en \u00e9tat sont r\u00e9duits au minimum pour les cinq \u00e0 dix prochaines ann\u00e9es. \"Il n'y a pas d'entretien accumul\u00e9 et les objets r\u00e9pondent d\u00e9j\u00e0 aux exigences ESG n\u00e9cessaires\". En l'espace de cinq ans, un volume d'environ 500 millions de CHF devrait \u00eatre atteint. Le volume d'\u00e9mission est de 50 millions de CHF <a href=\"https:\/\/www.immobilienbusiness.ch\/fr\/residential\/2023-10-30\/avobis-zeichnungsfrist-fuer-neuen-wohnfonds-startet\/\" target=\"_blank\" rel=\"noopener\">(IB a rapport\u00e9)<\/a>. <em>(aw)<\/em><\/p>","protected":false},"excerpt":{"rendered":"<p>Au lieu de collecter son capital de d\u00e9part d'ici fin novembre, Avobis Swiss Residential Fund le fera d\u00e9sormais d'ici mars. L'\u00e9cho rencontr\u00e9 jusqu'\u00e0 pr\u00e9sent est toutefois positif, \u00e9crit Avobis Invest.<\/p>","protected":false},"author":102,"featured_media":9957,"comment_status":"closed","ping_status":"closed","sticky":false,"template":"","format":"standard","meta":{"_acf_changed":false,"_yoast_wpseo_focuskw":"Avobis","_yoast_wpseo_title":"","_yoast_wpseo_metadesc":"Statt bis Ende November sammelt der Avobis Swiss Residential Fund nun bis M\u00e4rz sein Startkapital ein. Die bisherige Resonanz sei aber positiv, schreibt Avobis Invest.","_yoast_wpseo_linkdex":44,"pgc_sgb_lightbox_settings":"","footnotes":""},"categories":[988],"tags":[1056,1190,1344],"class_list":["post-54778","post","type-post","status-publish","format-standard","has-post-thumbnail","hentry","category-unternehmen","tag-avobis","tag-emission","tag-immobilienfonds"],"acf":[],"yoast_head":"<!-- This site is optimized with the Yoast SEO plugin v27.5 - https:\/\/yoast.com\/product\/yoast-seo-wordpress\/ -->\n<title>Avobis verl\u00e4ngert Zeichnungsfrist bis M\u00e4rz - IMMOBILIEN Business<\/title>\n<meta name=\"description\" content=\"Statt bis Ende November sammelt der Avobis Swiss Residential Fund nun bis M\u00e4rz sein Startkapital ein. Die bisherige Resonanz sei aber positiv, schreibt Avobis Invest.\" \/>\n<meta name=\"robots\" content=\"index, follow, max-snippet:-1, max-image-preview:large, max-video-preview:-1\" \/>\n<link rel=\"canonical\" href=\"https:\/\/www.immobilienbusiness.ch\/fr\/unternehmen\/2023-12-05\/avobis-verlaengert-zeichnungsfrist-bis-maerz\/\" \/>\n<meta property=\"og:locale\" content=\"fr_FR\" \/>\n<meta property=\"og:type\" content=\"article\" \/>\n<meta property=\"og:title\" content=\"Avobis verl\u00e4ngert Zeichnungsfrist bis M\u00e4rz - IMMOBILIEN Business\" \/>\n<meta property=\"og:description\" content=\"Statt bis Ende November sammelt der Avobis Swiss Residential Fund nun bis M\u00e4rz sein Startkapital ein. Die bisherige Resonanz sei aber positiv, schreibt Avobis Invest.\" \/>\n<meta property=\"og:url\" content=\"https:\/\/www.immobilienbusiness.ch\/fr\/unternehmen\/2023-12-05\/avobis-verlaengert-zeichnungsfrist-bis-maerz\/\" \/>\n<meta property=\"og:site_name\" content=\"IMMOBILIEN Business\" \/>\n<meta property=\"article:publisher\" content=\"https:\/\/www.facebook.com\/immobilienbusiness\/\" \/>\n<meta property=\"article:published_time\" content=\"2023-12-05T05:59:34+00:00\" \/>\n<meta property=\"article:modified_time\" content=\"2023-12-06T17:28:28+00:00\" \/>\n<meta property=\"og:image\" content=\"https:\/\/www.immobilienbusiness.ch\/wp-content\/uploads\/2017\/11\/IB-News-20171106-Kapitalerhoehung-Axa-Immovation-Commercial.jpg\" \/>\n\t<meta property=\"og:image:width\" content=\"680\" \/>\n\t<meta property=\"og:image:height\" content=\"453\" \/>\n\t<meta property=\"og:image:type\" content=\"image\/jpeg\" \/>\n<meta name=\"author\" content=\"Alexander Wachter\" \/>\n<meta name=\"twitter:card\" content=\"summary_large_image\" \/>\n<script type=\"application\/ld+json\" class=\"yoast-schema-graph\">{\"@context\":\"https:\\\/\\\/schema.org\",\"@graph\":[{\"@type\":\"Article\",\"@id\":\"https:\\\/\\\/www.immobilienbusiness.ch\\\/en\\\/unternehmen\\\/2023-12-05\\\/avobis-verlaengert-zeichnungsfrist-bis-maerz\\\/#article\",\"isPartOf\":{\"@id\":\"https:\\\/\\\/www.immobilienbusiness.ch\\\/en\\\/unternehmen\\\/2023-12-05\\\/avobis-verlaengert-zeichnungsfrist-bis-maerz\\\/\"},\"author\":{\"name\":\"Alexander Wachter\",\"@id\":\"https:\\\/\\\/www.immobilienbusiness.ch\\\/#\\\/schema\\\/person\\\/aba8bea2db926aa0c24c08c43fe1fcd5\"},\"headline\":\"Avobis verl\u00e4ngert Zeichnungsfrist bis M\u00e4rz\",\"datePublished\":\"2023-12-05T05:59:34+00:00\",\"dateModified\":\"2023-12-06T17:28:28+00:00\",\"mainEntityOfPage\":{\"@id\":\"https:\\\/\\\/www.immobilienbusiness.ch\\\/en\\\/unternehmen\\\/2023-12-05\\\/avobis-verlaengert-zeichnungsfrist-bis-maerz\\\/\"},\"wordCount\":199,\"publisher\":{\"@id\":\"https:\\\/\\\/www.immobilienbusiness.ch\\\/#organization\"},\"image\":{\"@id\":\"https:\\\/\\\/www.immobilienbusiness.ch\\\/en\\\/unternehmen\\\/2023-12-05\\\/avobis-verlaengert-zeichnungsfrist-bis-maerz\\\/#primaryimage\"},\"thumbnailUrl\":\"https:\\\/\\\/www.immobilienbusiness.ch\\\/wp-content\\\/uploads\\\/2017\\\/11\\\/IB-News-20171106-Kapitalerhoehung-Axa-Immovation-Commercial.jpg\",\"keywords\":[\"Avobis\",\"Emission\",\"Immobilienfonds\"],\"articleSection\":[\"UNTERNEHMEN\"],\"inLanguage\":\"fr-FR\"},{\"@type\":\"WebPage\",\"@id\":\"https:\\\/\\\/www.immobilienbusiness.ch\\\/en\\\/unternehmen\\\/2023-12-05\\\/avobis-verlaengert-zeichnungsfrist-bis-maerz\\\/\",\"url\":\"https:\\\/\\\/www.immobilienbusiness.ch\\\/en\\\/unternehmen\\\/2023-12-05\\\/avobis-verlaengert-zeichnungsfrist-bis-maerz\\\/\",\"name\":\"Avobis verl\u00e4ngert Zeichnungsfrist bis M\u00e4rz - IMMOBILIEN Business\",\"isPartOf\":{\"@id\":\"https:\\\/\\\/www.immobilienbusiness.ch\\\/#website\"},\"primaryImageOfPage\":{\"@id\":\"https:\\\/\\\/www.immobilienbusiness.ch\\\/en\\\/unternehmen\\\/2023-12-05\\\/avobis-verlaengert-zeichnungsfrist-bis-maerz\\\/#primaryimage\"},\"image\":{\"@id\":\"https:\\\/\\\/www.immobilienbusiness.ch\\\/en\\\/unternehmen\\\/2023-12-05\\\/avobis-verlaengert-zeichnungsfrist-bis-maerz\\\/#primaryimage\"},\"thumbnailUrl\":\"https:\\\/\\\/www.immobilienbusiness.ch\\\/wp-content\\\/uploads\\\/2017\\\/11\\\/IB-News-20171106-Kapitalerhoehung-Axa-Immovation-Commercial.jpg\",\"datePublished\":\"2023-12-05T05:59:34+00:00\",\"dateModified\":\"2023-12-06T17:28:28+00:00\",\"description\":\"Statt bis Ende November sammelt der Avobis Swiss Residential Fund nun bis M\u00e4rz sein Startkapital ein. Die bisherige Resonanz sei aber positiv, schreibt Avobis Invest.\",\"breadcrumb\":{\"@id\":\"https:\\\/\\\/www.immobilienbusiness.ch\\\/en\\\/unternehmen\\\/2023-12-05\\\/avobis-verlaengert-zeichnungsfrist-bis-maerz\\\/#breadcrumb\"},\"inLanguage\":\"fr-FR\",\"potentialAction\":[{\"@type\":\"ReadAction\",\"target\":[\"https:\\\/\\\/www.immobilienbusiness.ch\\\/en\\\/unternehmen\\\/2023-12-05\\\/avobis-verlaengert-zeichnungsfrist-bis-maerz\\\/\"]}]},{\"@type\":\"ImageObject\",\"inLanguage\":\"fr-FR\",\"@id\":\"https:\\\/\\\/www.immobilienbusiness.ch\\\/en\\\/unternehmen\\\/2023-12-05\\\/avobis-verlaengert-zeichnungsfrist-bis-maerz\\\/#primaryimage\",\"url\":\"https:\\\/\\\/www.immobilienbusiness.ch\\\/wp-content\\\/uploads\\\/2017\\\/11\\\/IB-News-20171106-Kapitalerhoehung-Axa-Immovation-Commercial.jpg\",\"contentUrl\":\"https:\\\/\\\/www.immobilienbusiness.ch\\\/wp-content\\\/uploads\\\/2017\\\/11\\\/IB-News-20171106-Kapitalerhoehung-Axa-Immovation-Commercial.jpg\",\"width\":680,\"height\":453,\"caption\":\"Baloise sucht frisches Kapital f\u00fcr weiteres Wachstum des Swiss Property Fund (Bild: Pixabay)\"},{\"@type\":\"BreadcrumbList\",\"@id\":\"https:\\\/\\\/www.immobilienbusiness.ch\\\/en\\\/unternehmen\\\/2023-12-05\\\/avobis-verlaengert-zeichnungsfrist-bis-maerz\\\/#breadcrumb\",\"itemListElement\":[{\"@type\":\"ListItem\",\"position\":1,\"name\":\"Home\",\"item\":\"https:\\\/\\\/www.immobilienbusiness.ch\\\/\"},{\"@type\":\"ListItem\",\"position\":2,\"name\":\"Avobis verl\u00e4ngert Zeichnungsfrist bis M\u00e4rz\"}]},{\"@type\":\"WebSite\",\"@id\":\"https:\\\/\\\/www.immobilienbusiness.ch\\\/#website\",\"url\":\"https:\\\/\\\/www.immobilienbusiness.ch\\\/\",\"name\":\"IMMOBILIEN Business\",\"description\":\"Unabh\u00e4ngiges Schweizer Wirtschaftsmagazin mit Fokus auf Immobilien, Architektur- und Bau sowie Investment- und Finanzierung.\",\"publisher\":{\"@id\":\"https:\\\/\\\/www.immobilienbusiness.ch\\\/#organization\"},\"potentialAction\":[{\"@type\":\"SearchAction\",\"target\":{\"@type\":\"EntryPoint\",\"urlTemplate\":\"https:\\\/\\\/www.immobilienbusiness.ch\\\/?s={search_term_string}\"},\"query-input\":{\"@type\":\"PropertyValueSpecification\",\"valueRequired\":true,\"valueName\":\"search_term_string\"}}],\"inLanguage\":\"fr-FR\"},{\"@type\":\"Organization\",\"@id\":\"https:\\\/\\\/www.immobilienbusiness.ch\\\/#organization\",\"name\":\"IMMOBILIEN Business\",\"url\":\"https:\\\/\\\/www.immobilienbusiness.ch\\\/\",\"logo\":{\"@type\":\"ImageObject\",\"inLanguage\":\"fr-FR\",\"@id\":\"https:\\\/\\\/www.immobilienbusiness.ch\\\/#\\\/schema\\\/logo\\\/image\\\/\",\"url\":\"https:\\\/\\\/www.immobilienbusiness.ch\\\/wp-content\\\/uploads\\\/2021\\\/07\\\/logo_ib.png\",\"contentUrl\":\"https:\\\/\\\/www.immobilienbusiness.ch\\\/wp-content\\\/uploads\\\/2021\\\/07\\\/logo_ib.png\",\"width\":800,\"height\":181,\"caption\":\"IMMOBILIEN Business\"},\"image\":{\"@id\":\"https:\\\/\\\/www.immobilienbusiness.ch\\\/#\\\/schema\\\/logo\\\/image\\\/\"},\"sameAs\":[\"https:\\\/\\\/www.facebook.com\\\/immobilienbusiness\\\/\"]},{\"@type\":\"Person\",\"@id\":\"https:\\\/\\\/www.immobilienbusiness.ch\\\/#\\\/schema\\\/person\\\/aba8bea2db926aa0c24c08c43fe1fcd5\",\"name\":\"Alexander Wachter\",\"image\":{\"@type\":\"ImageObject\",\"inLanguage\":\"fr-FR\",\"@id\":\"https:\\\/\\\/secure.gravatar.com\\\/avatar\\\/1a09e471f5389b0e0a6416eac287e0927c7c97a7b77f9e787eba3af7aee281dd?s=96&d=mm&r=g\",\"url\":\"https:\\\/\\\/secure.gravatar.com\\\/avatar\\\/1a09e471f5389b0e0a6416eac287e0927c7c97a7b77f9e787eba3af7aee281dd?s=96&d=mm&r=g\",\"contentUrl\":\"https:\\\/\\\/secure.gravatar.com\\\/avatar\\\/1a09e471f5389b0e0a6416eac287e0927c7c97a7b77f9e787eba3af7aee281dd?s=96&d=mm&r=g\",\"caption\":\"Alexander Wachter\"},\"url\":\"https:\\\/\\\/www.immobilienbusiness.ch\\\/fr\\\/author\\\/alexander-wachter\\\/\"}]}<\/script>\n<!-- \/ Yoast SEO plugin. -->","yoast_head_json":{"title":"Avobis prolonge la p\u00e9riode de souscription jusqu'en mars - IMMOBILIER Business","description":"Au lieu de collecter son capital de d\u00e9part jusqu'\u00e0 fin novembre, l'Avobis Swiss Residential Fund le fera d\u00e9sormais jusqu'en mars. L'\u00e9cho rencontr\u00e9 jusqu'\u00e0 pr\u00e9sent est toutefois positif, \u00e9crit Avobis Invest.","robots":{"index":"index","follow":"follow","max-snippet":"max-snippet:-1","max-image-preview":"max-image-preview:large","max-video-preview":"max-video-preview:-1"},"canonical":"https:\/\/www.immobilienbusiness.ch\/fr\/unternehmen\/2023-12-05\/avobis-verlaengert-zeichnungsfrist-bis-maerz\/","og_locale":"fr_FR","og_type":"article","og_title":"Avobis verl\u00e4ngert Zeichnungsfrist bis M\u00e4rz - IMMOBILIEN Business","og_description":"Statt bis Ende November sammelt der Avobis Swiss Residential Fund nun bis M\u00e4rz sein Startkapital ein. Die bisherige Resonanz sei aber positiv, schreibt Avobis Invest.","og_url":"https:\/\/www.immobilienbusiness.ch\/fr\/unternehmen\/2023-12-05\/avobis-verlaengert-zeichnungsfrist-bis-maerz\/","og_site_name":"IMMOBILIEN Business","article_publisher":"https:\/\/www.facebook.com\/immobilienbusiness\/","article_published_time":"2023-12-05T05:59:34+00:00","article_modified_time":"2023-12-06T17:28:28+00:00","og_image":[{"width":680,"height":453,"url":"https:\/\/www.immobilienbusiness.ch\/wp-content\/uploads\/2017\/11\/IB-News-20171106-Kapitalerhoehung-Axa-Immovation-Commercial.jpg","type":"image\/jpeg"}],"author":"Alexander Wachter","twitter_card":"summary_large_image","schema":{"@context":"https:\/\/schema.org","@graph":[{"@type":"Article","@id":"https:\/\/www.immobilienbusiness.ch\/en\/unternehmen\/2023-12-05\/avobis-verlaengert-zeichnungsfrist-bis-maerz\/#article","isPartOf":{"@id":"https:\/\/www.immobilienbusiness.ch\/en\/unternehmen\/2023-12-05\/avobis-verlaengert-zeichnungsfrist-bis-maerz\/"},"author":{"name":"Alexander Wachter","@id":"https:\/\/www.immobilienbusiness.ch\/#\/schema\/person\/aba8bea2db926aa0c24c08c43fe1fcd5"},"headline":"Avobis verl\u00e4ngert Zeichnungsfrist bis M\u00e4rz","datePublished":"2023-12-05T05:59:34+00:00","dateModified":"2023-12-06T17:28:28+00:00","mainEntityOfPage":{"@id":"https:\/\/www.immobilienbusiness.ch\/en\/unternehmen\/2023-12-05\/avobis-verlaengert-zeichnungsfrist-bis-maerz\/"},"wordCount":199,"publisher":{"@id":"https:\/\/www.immobilienbusiness.ch\/#organization"},"image":{"@id":"https:\/\/www.immobilienbusiness.ch\/en\/unternehmen\/2023-12-05\/avobis-verlaengert-zeichnungsfrist-bis-maerz\/#primaryimage"},"thumbnailUrl":"https:\/\/www.immobilienbusiness.ch\/wp-content\/uploads\/2017\/11\/IB-News-20171106-Kapitalerhoehung-Axa-Immovation-Commercial.jpg","keywords":["Avobis","Emission","Immobilienfonds"],"articleSection":["UNTERNEHMEN"],"inLanguage":"fr-FR"},{"@type":"WebPage","@id":"https:\/\/www.immobilienbusiness.ch\/en\/unternehmen\/2023-12-05\/avobis-verlaengert-zeichnungsfrist-bis-maerz\/","url":"https:\/\/www.immobilienbusiness.ch\/en\/unternehmen\/2023-12-05\/avobis-verlaengert-zeichnungsfrist-bis-maerz\/","name":"Avobis prolonge la p\u00e9riode de souscription jusqu'en mars - IMMOBILIER Business","isPartOf":{"@id":"https:\/\/www.immobilienbusiness.ch\/#website"},"primaryImageOfPage":{"@id":"https:\/\/www.immobilienbusiness.ch\/en\/unternehmen\/2023-12-05\/avobis-verlaengert-zeichnungsfrist-bis-maerz\/#primaryimage"},"image":{"@id":"https:\/\/www.immobilienbusiness.ch\/en\/unternehmen\/2023-12-05\/avobis-verlaengert-zeichnungsfrist-bis-maerz\/#primaryimage"},"thumbnailUrl":"https:\/\/www.immobilienbusiness.ch\/wp-content\/uploads\/2017\/11\/IB-News-20171106-Kapitalerhoehung-Axa-Immovation-Commercial.jpg","datePublished":"2023-12-05T05:59:34+00:00","dateModified":"2023-12-06T17:28:28+00:00","description":"Au lieu de collecter son capital de d\u00e9part jusqu'\u00e0 fin novembre, l'Avobis Swiss Residential Fund le fera d\u00e9sormais jusqu'en mars. L'\u00e9cho rencontr\u00e9 jusqu'\u00e0 pr\u00e9sent est toutefois positif, \u00e9crit Avobis Invest.","breadcrumb":{"@id":"https:\/\/www.immobilienbusiness.ch\/en\/unternehmen\/2023-12-05\/avobis-verlaengert-zeichnungsfrist-bis-maerz\/#breadcrumb"},"inLanguage":"fr-FR","potentialAction":[{"@type":"ReadAction","target":["https:\/\/www.immobilienbusiness.ch\/en\/unternehmen\/2023-12-05\/avobis-verlaengert-zeichnungsfrist-bis-maerz\/"]}]},{"@type":"ImageObject","inLanguage":"fr-FR","@id":"https:\/\/www.immobilienbusiness.ch\/en\/unternehmen\/2023-12-05\/avobis-verlaengert-zeichnungsfrist-bis-maerz\/#primaryimage","url":"https:\/\/www.immobilienbusiness.ch\/wp-content\/uploads\/2017\/11\/IB-News-20171106-Kapitalerhoehung-Axa-Immovation-Commercial.jpg","contentUrl":"https:\/\/www.immobilienbusiness.ch\/wp-content\/uploads\/2017\/11\/IB-News-20171106-Kapitalerhoehung-Axa-Immovation-Commercial.jpg","width":680,"height":453,"caption":"Baloise sucht frisches Kapital f\u00fcr weiteres Wachstum des Swiss Property Fund (Bild: Pixabay)"},{"@type":"BreadcrumbList","@id":"https:\/\/www.immobilienbusiness.ch\/en\/unternehmen\/2023-12-05\/avobis-verlaengert-zeichnungsfrist-bis-maerz\/#breadcrumb","itemListElement":[{"@type":"ListItem","position":1,"name":"Home","item":"https:\/\/www.immobilienbusiness.ch\/"},{"@type":"ListItem","position":2,"name":"Avobis verl\u00e4ngert Zeichnungsfrist bis M\u00e4rz"}]},{"@type":"WebSite","@id":"https:\/\/www.immobilienbusiness.ch\/#website","url":"https:\/\/www.immobilienbusiness.ch\/","name":"IMMOBILIER Business","description":"Magazine \u00e9conomique suisse ind\u00e9pendant ax\u00e9 sur l'immobilier, l'architecture et la construction ainsi que sur les investissements et le financement.","publisher":{"@id":"https:\/\/www.immobilienbusiness.ch\/#organization"},"potentialAction":[{"@type":"SearchAction","target":{"@type":"EntryPoint","urlTemplate":"https:\/\/www.immobilienbusiness.ch\/?s={search_term_string}"},"query-input":{"@type":"PropertyValueSpecification","valueRequired":true,"valueName":"search_term_string"}}],"inLanguage":"fr-FR"},{"@type":"Organization","@id":"https:\/\/www.immobilienbusiness.ch\/#organization","name":"IMMOBILIER Business","url":"https:\/\/www.immobilienbusiness.ch\/","logo":{"@type":"ImageObject","inLanguage":"fr-FR","@id":"https:\/\/www.immobilienbusiness.ch\/#\/schema\/logo\/image\/","url":"https:\/\/www.immobilienbusiness.ch\/wp-content\/uploads\/2021\/07\/logo_ib.png","contentUrl":"https:\/\/www.immobilienbusiness.ch\/wp-content\/uploads\/2021\/07\/logo_ib.png","width":800,"height":181,"caption":"IMMOBILIEN Business"},"image":{"@id":"https:\/\/www.immobilienbusiness.ch\/#\/schema\/logo\/image\/"},"sameAs":["https:\/\/www.facebook.com\/immobilienbusiness\/"]},{"@type":"Person","@id":"https:\/\/www.immobilienbusiness.ch\/#\/schema\/person\/aba8bea2db926aa0c24c08c43fe1fcd5","name":"Alexander Wachter","image":{"@type":"ImageObject","inLanguage":"fr-FR","@id":"https:\/\/secure.gravatar.com\/avatar\/1a09e471f5389b0e0a6416eac287e0927c7c97a7b77f9e787eba3af7aee281dd?s=96&d=mm&r=g","url":"https:\/\/secure.gravatar.com\/avatar\/1a09e471f5389b0e0a6416eac287e0927c7c97a7b77f9e787eba3af7aee281dd?s=96&d=mm&r=g","contentUrl":"https:\/\/secure.gravatar.com\/avatar\/1a09e471f5389b0e0a6416eac287e0927c7c97a7b77f9e787eba3af7aee281dd?s=96&d=mm&r=g","caption":"Alexander Wachter"},"url":"https:\/\/www.immobilienbusiness.ch\/fr\/author\/alexander-wachter\/"}]}},"_links":{"self":[{"href":"https:\/\/www.immobilienbusiness.ch\/fr\/wp-json\/wp\/v2\/posts\/54778","targetHints":{"allow":["GET"]}}],"collection":[{"href":"https:\/\/www.immobilienbusiness.ch\/fr\/wp-json\/wp\/v2\/posts"}],"about":[{"href":"https:\/\/www.immobilienbusiness.ch\/fr\/wp-json\/wp\/v2\/types\/post"}],"author":[{"embeddable":true,"href":"https:\/\/www.immobilienbusiness.ch\/fr\/wp-json\/wp\/v2\/users\/102"}],"replies":[{"embeddable":true,"href":"https:\/\/www.immobilienbusiness.ch\/fr\/wp-json\/wp\/v2\/comments?post=54778"}],"version-history":[{"count":3,"href":"https:\/\/www.immobilienbusiness.ch\/fr\/wp-json\/wp\/v2\/posts\/54778\/revisions"}],"predecessor-version":[{"id":54832,"href":"https:\/\/www.immobilienbusiness.ch\/fr\/wp-json\/wp\/v2\/posts\/54778\/revisions\/54832"}],"wp:featuredmedia":[{"embeddable":true,"href":"https:\/\/www.immobilienbusiness.ch\/fr\/wp-json\/wp\/v2\/media\/9957"}],"wp:attachment":[{"href":"https:\/\/www.immobilienbusiness.ch\/fr\/wp-json\/wp\/v2\/media?parent=54778"}],"wp:term":[{"taxonomy":"category","embeddable":true,"href":"https:\/\/www.immobilienbusiness.ch\/fr\/wp-json\/wp\/v2\/categories?post=54778"},{"taxonomy":"post_tag","embeddable":true,"href":"https:\/\/www.immobilienbusiness.ch\/fr\/wp-json\/wp\/v2\/tags?post=54778"}],"curies":[{"name":"wp","href":"https:\/\/api.w.org\/{rel}","templated":true}]}}