{"id":54651,"date":"2023-11-29T08:47:38","date_gmt":"2023-11-29T07:47:38","guid":{"rendered":"https:\/\/www.immobilienbusiness.ch\/?p=54651"},"modified":"2023-11-29T08:47:38","modified_gmt":"2023-11-29T07:47:38","slug":"fundamenta-anlagestiftung-baut-portfolio-aus","status":"publish","type":"post","link":"https:\/\/www.immobilienbusiness.ch\/fr\/unternehmen\/2023-11-29\/fundamenta-anlagestiftung-baut-portfolio-aus\/","title":{"rendered":"La fondation de placement Fundamenta \u00e9largit son portefeuille"},"content":{"rendered":"<figure id=\"attachment_6077\" aria-describedby=\"caption-attachment-6077\" style=\"width: 1280px\" class=\"wp-caption alignnone\"><a href=\"https:\/\/www.immobilienbusiness.ch\/wp-content\/uploads\/2017\/01\/windows-1076116_1280.jpg\"><img loading=\"lazy\" decoding=\"async\" class=\"size-full wp-image-6077\" src=\"https:\/\/www.immobilienbusiness.ch\/wp-content\/uploads\/2017\/01\/windows-1076116_1280.jpg\" alt=\"\" width=\"1280\" height=\"1171\" srcset=\"https:\/\/www.immobilienbusiness.ch\/wp-content\/uploads\/2017\/01\/windows-1076116_1280.jpg 1280w, https:\/\/www.immobilienbusiness.ch\/wp-content\/uploads\/2017\/01\/windows-1076116_1280-300x274.jpg 300w, https:\/\/www.immobilienbusiness.ch\/wp-content\/uploads\/2017\/01\/windows-1076116_1280-1024x937.jpg 1024w, https:\/\/www.immobilienbusiness.ch\/wp-content\/uploads\/2017\/01\/windows-1076116_1280-768x703.jpg 768w, https:\/\/www.immobilienbusiness.ch\/wp-content\/uploads\/2017\/01\/windows-1076116_1280-13x12.jpg 13w, https:\/\/www.immobilienbusiness.ch\/wp-content\/uploads\/2017\/01\/windows-1076116_1280-191x175.jpg 191w, https:\/\/www.immobilienbusiness.ch\/wp-content\/uploads\/2017\/01\/windows-1076116_1280-383x350.jpg 383w, https:\/\/www.immobilienbusiness.ch\/wp-content\/uploads\/2017\/01\/windows-1076116_1280-874x800.jpg 874w, https:\/\/www.immobilienbusiness.ch\/wp-content\/uploads\/2017\/01\/windows-1076116_1280-920x842.jpg 920w\" sizes=\"auto, (max-width: 1280px) 100vw, 1280px\" \/><\/a><figcaption id=\"caption-attachment-6077\" class=\"wp-caption-text\">La fondation de placement de Fundamenta a achet\u00e9 plusieurs immeubles d'habitation (Image symbolique : Pixabay)<\/figcaption><\/figure>\n<p>Au cours de son quatri\u00e8me exercice, la Fundamenta Group Investment Foundation a acquis huit immeubles d'habitation, un immeuble commercial et un projet de d\u00e9veloppement. Le projet de d\u00e9veloppement de la Klosterfeldstrasse \u00e0 Muri (AG) a \u00e9t\u00e9 achev\u00e9 au printemps 2023. En outre, le transfert de propri\u00e9t\u00e9 au groupe de placement \"Swiss Real Estate\" a eu lieu en juin 2023 apr\u00e8s l'ach\u00e8vement du nouveau b\u00e2timent de la Kehlhofstrasse \u00e0 Frauenfeld. Par ailleurs, la fondation de placement annonce l'ach\u00e8vement des repositionnements \u00e0 la Nussbaumstrasse et \u00e0 la Weststrasse \u00e0 Zurich et l'int\u00e9gration des immeubles dans le portefeuille.<\/p>\n<p>Au 30 septembre, le portefeuille du groupe de placement \"Swiss Real Estate\" se composait de 39 immeubles existants - dont trois en cours de repositionnement - ainsi que d'un projet de d\u00e9veloppement. La valeur au bilan des 40 immeubles au total s'\u00e9l\u00e8ve \u00e0 730,6 millions de CHF \u00e0 la date de cl\u00f4ture du bilan. Cela repr\u00e9sente une croissance consid\u00e9rable par rapport \u00e0 l'ann\u00e9e pr\u00e9c\u00e9dente, o\u00f9 une valeur de 431,5 millions de CHF \u00e9tait inscrite au bilan. La valeur de march\u00e9 des immeubles a \u00e9t\u00e9 d\u00e9termin\u00e9e par W\u00fcest Partner sur la base d'un taux d'actualisation moyen r\u00e9el de 2,59% \u00e0 la date d'\u00e9valuation.  La d\u00e9valuation a \u00e9t\u00e9 faible, avec moins 0,1 million de CHF (ann\u00e9e pr\u00e9c\u00e9dente : +4,9 millions). \"L'ach\u00e8vement r\u00e9ussi des projets des diff\u00e9rents d\u00e9veloppements de nouvelles constructions et d'immeubles existants ainsi que la r\u00e9\u00e9valuation d'un d\u00e9veloppement achev\u00e9 l'ann\u00e9e pr\u00e9c\u00e9dente ont conduit \u00e0 une revalorisation globale qui a largement compens\u00e9 les corrections d'\u00e9valuation des autres immeubles dues au march\u00e9\", \u00e9crit Fundamenta dans un communiqu\u00e9.<\/p>\n<p>Les revenus locatifs nets ont augment\u00e9 de 56% pour atteindre 17,4 millions de CHF (ann\u00e9e pr\u00e9c\u00e9dente : 11,1 millions). Le taux de d\u00e9faillance des loyers s'\u00e9levait \u00e0 2,51% (ann\u00e9e pr\u00e9c\u00e9dente : 1,66%). A la date de cl\u00f4ture, cette valeur a \u00e9t\u00e9 ramen\u00e9e \u00e0 moins de 2%, est-il pr\u00e9cis\u00e9. Le taux d'endettement du groupe de placement \u00e9tait de 24,23% \u00e0 la fin de l'exercice. Le rendement des placements pour le quatri\u00e8me exercice s'\u00e9l\u00e8ve \u00e0 2,86% (4,75%). Cela \"refl\u00e8te la robustesse du portefeuille\", commente Fundamenta. <em>(aw)<\/em><\/p>","protected":false},"excerpt":{"rendered":"<p>Au cours de son quatri\u00e8me exercice, la fondation de placement de Fundamenta a augment\u00e9 la valeur du bilan du portefeuille de 431,5 millions \u00e0 730,6 millions de CHF.<\/p>","protected":false},"author":102,"featured_media":6077,"comment_status":"closed","ping_status":"closed","sticky":false,"template":"","format":"standard","meta":{"_acf_changed":false,"_yoast_wpseo_focuskw":"Fundamenta","_yoast_wpseo_title":"","_yoast_wpseo_metadesc":"Die Anlagestiftung von Fundamenta hat in ihrem vierten Gesch\u00e4ftsjahr den Bilanzwert des Portfolios von 431,5 Mio. auf 730,6 Mio. CHF gesteigert.","_yoast_wpseo_linkdex":67,"pgc_sgb_lightbox_settings":"","footnotes":""},"categories":[988],"tags":[1030,2341,1389],"class_list":["post-54651","post","type-post","status-publish","format-standard","has-post-thumbnail","hentry","category-unternehmen","tag-anlagestiftung","tag-fundamenta-group","tag-jahresergebnis"],"acf":[],"yoast_head":"<!-- This site is optimized with the Yoast SEO plugin v27.4 - https:\/\/yoast.com\/product\/yoast-seo-wordpress\/ -->\n<title>Fundamenta-Anlagestiftung baut Portfolio aus - IMMOBILIEN Business<\/title>\n<meta name=\"description\" content=\"Die Anlagestiftung von Fundamenta hat in ihrem vierten Gesch\u00e4ftsjahr den Bilanzwert des Portfolios von 431,5 Mio. auf 730,6 Mio. CHF gesteigert.\" \/>\n<meta name=\"robots\" content=\"index, follow, max-snippet:-1, max-image-preview:large, max-video-preview:-1\" \/>\n<link rel=\"canonical\" href=\"https:\/\/www.immobilienbusiness.ch\/fr\/unternehmen\/2023-11-29\/fundamenta-anlagestiftung-baut-portfolio-aus\/\" \/>\n<meta property=\"og:locale\" content=\"fr_FR\" \/>\n<meta property=\"og:type\" content=\"article\" \/>\n<meta property=\"og:title\" content=\"Fundamenta-Anlagestiftung baut Portfolio aus - IMMOBILIEN Business\" \/>\n<meta property=\"og:description\" content=\"Die Anlagestiftung von Fundamenta hat in ihrem vierten Gesch\u00e4ftsjahr den Bilanzwert des Portfolios von 431,5 Mio. auf 730,6 Mio. CHF gesteigert.\" \/>\n<meta property=\"og:url\" content=\"https:\/\/www.immobilienbusiness.ch\/fr\/unternehmen\/2023-11-29\/fundamenta-anlagestiftung-baut-portfolio-aus\/\" \/>\n<meta property=\"og:site_name\" content=\"IMMOBILIEN Business\" \/>\n<meta property=\"article:publisher\" content=\"https:\/\/www.facebook.com\/immobilienbusiness\/\" \/>\n<meta property=\"article:published_time\" content=\"2023-11-29T07:47:38+00:00\" \/>\n<meta property=\"og:image\" content=\"https:\/\/www.immobilienbusiness.ch\/wp-content\/uploads\/2017\/01\/windows-1076116_1280.jpg\" \/>\n\t<meta property=\"og:image:width\" content=\"1280\" \/>\n\t<meta property=\"og:image:height\" content=\"1171\" \/>\n\t<meta property=\"og:image:type\" content=\"image\/jpeg\" \/>\n<meta name=\"author\" content=\"Alexander Wachter\" \/>\n<meta name=\"twitter:card\" content=\"summary_large_image\" \/>\n<script type=\"application\/ld+json\" class=\"yoast-schema-graph\">{\"@context\":\"https:\\\/\\\/schema.org\",\"@graph\":[{\"@type\":\"Article\",\"@id\":\"https:\\\/\\\/www.immobilienbusiness.ch\\\/fr\\\/unternehmen\\\/2023-11-29\\\/fundamenta-anlagestiftung-baut-portfolio-aus\\\/#article\",\"isPartOf\":{\"@id\":\"https:\\\/\\\/www.immobilienbusiness.ch\\\/fr\\\/unternehmen\\\/2023-11-29\\\/fundamenta-anlagestiftung-baut-portfolio-aus\\\/\"},\"author\":{\"name\":\"Alexander Wachter\",\"@id\":\"https:\\\/\\\/www.immobilienbusiness.ch\\\/#\\\/schema\\\/person\\\/aba8bea2db926aa0c24c08c43fe1fcd5\"},\"headline\":\"Fundamenta-Anlagestiftung baut Portfolio aus\",\"datePublished\":\"2023-11-29T07:47:38+00:00\",\"mainEntityOfPage\":{\"@id\":\"https:\\\/\\\/www.immobilienbusiness.ch\\\/fr\\\/unternehmen\\\/2023-11-29\\\/fundamenta-anlagestiftung-baut-portfolio-aus\\\/\"},\"wordCount\":277,\"publisher\":{\"@id\":\"https:\\\/\\\/www.immobilienbusiness.ch\\\/#organization\"},\"image\":{\"@id\":\"https:\\\/\\\/www.immobilienbusiness.ch\\\/fr\\\/unternehmen\\\/2023-11-29\\\/fundamenta-anlagestiftung-baut-portfolio-aus\\\/#primaryimage\"},\"thumbnailUrl\":\"https:\\\/\\\/www.immobilienbusiness.ch\\\/wp-content\\\/uploads\\\/2017\\\/01\\\/windows-1076116_1280.jpg\",\"keywords\":[\"Anlagestiftung\",\"Fundamenta Group\",\"Jahresergebnis\"],\"articleSection\":[\"UNTERNEHMEN\"],\"inLanguage\":\"fr-FR\"},{\"@type\":\"WebPage\",\"@id\":\"https:\\\/\\\/www.immobilienbusiness.ch\\\/fr\\\/unternehmen\\\/2023-11-29\\\/fundamenta-anlagestiftung-baut-portfolio-aus\\\/\",\"url\":\"https:\\\/\\\/www.immobilienbusiness.ch\\\/fr\\\/unternehmen\\\/2023-11-29\\\/fundamenta-anlagestiftung-baut-portfolio-aus\\\/\",\"name\":\"Fundamenta-Anlagestiftung baut Portfolio aus - IMMOBILIEN Business\",\"isPartOf\":{\"@id\":\"https:\\\/\\\/www.immobilienbusiness.ch\\\/#website\"},\"primaryImageOfPage\":{\"@id\":\"https:\\\/\\\/www.immobilienbusiness.ch\\\/fr\\\/unternehmen\\\/2023-11-29\\\/fundamenta-anlagestiftung-baut-portfolio-aus\\\/#primaryimage\"},\"image\":{\"@id\":\"https:\\\/\\\/www.immobilienbusiness.ch\\\/fr\\\/unternehmen\\\/2023-11-29\\\/fundamenta-anlagestiftung-baut-portfolio-aus\\\/#primaryimage\"},\"thumbnailUrl\":\"https:\\\/\\\/www.immobilienbusiness.ch\\\/wp-content\\\/uploads\\\/2017\\\/01\\\/windows-1076116_1280.jpg\",\"datePublished\":\"2023-11-29T07:47:38+00:00\",\"description\":\"Die Anlagestiftung von Fundamenta hat in ihrem vierten Gesch\u00e4ftsjahr den Bilanzwert des Portfolios von 431,5 Mio. auf 730,6 Mio. CHF gesteigert.\",\"breadcrumb\":{\"@id\":\"https:\\\/\\\/www.immobilienbusiness.ch\\\/fr\\\/unternehmen\\\/2023-11-29\\\/fundamenta-anlagestiftung-baut-portfolio-aus\\\/#breadcrumb\"},\"inLanguage\":\"fr-FR\",\"potentialAction\":[{\"@type\":\"ReadAction\",\"target\":[\"https:\\\/\\\/www.immobilienbusiness.ch\\\/fr\\\/unternehmen\\\/2023-11-29\\\/fundamenta-anlagestiftung-baut-portfolio-aus\\\/\"]}]},{\"@type\":\"ImageObject\",\"inLanguage\":\"fr-FR\",\"@id\":\"https:\\\/\\\/www.immobilienbusiness.ch\\\/fr\\\/unternehmen\\\/2023-11-29\\\/fundamenta-anlagestiftung-baut-portfolio-aus\\\/#primaryimage\",\"url\":\"https:\\\/\\\/www.immobilienbusiness.ch\\\/wp-content\\\/uploads\\\/2017\\\/01\\\/windows-1076116_1280.jpg\",\"contentUrl\":\"https:\\\/\\\/www.immobilienbusiness.ch\\\/wp-content\\\/uploads\\\/2017\\\/01\\\/windows-1076116_1280.jpg\",\"width\":1280,\"height\":1171,\"caption\":\"Ein auf Wohnimmobilien fokussiertes Teilverm\u00f6gen der Procimmo SICAV sucht frisches Kapital (Symbolbild: Pixabay)\"},{\"@type\":\"BreadcrumbList\",\"@id\":\"https:\\\/\\\/www.immobilienbusiness.ch\\\/fr\\\/unternehmen\\\/2023-11-29\\\/fundamenta-anlagestiftung-baut-portfolio-aus\\\/#breadcrumb\",\"itemListElement\":[{\"@type\":\"ListItem\",\"position\":1,\"name\":\"Home\",\"item\":\"https:\\\/\\\/www.immobilienbusiness.ch\\\/\"},{\"@type\":\"ListItem\",\"position\":2,\"name\":\"Fundamenta-Anlagestiftung baut Portfolio aus\"}]},{\"@type\":\"WebSite\",\"@id\":\"https:\\\/\\\/www.immobilienbusiness.ch\\\/#website\",\"url\":\"https:\\\/\\\/www.immobilienbusiness.ch\\\/\",\"name\":\"IMMOBILIEN Business\",\"description\":\"Unabh\u00e4ngiges Schweizer Wirtschaftsmagazin mit Fokus auf Immobilien, Architektur- und Bau sowie Investment- und Finanzierung.\",\"publisher\":{\"@id\":\"https:\\\/\\\/www.immobilienbusiness.ch\\\/#organization\"},\"potentialAction\":[{\"@type\":\"SearchAction\",\"target\":{\"@type\":\"EntryPoint\",\"urlTemplate\":\"https:\\\/\\\/www.immobilienbusiness.ch\\\/?s={search_term_string}\"},\"query-input\":{\"@type\":\"PropertyValueSpecification\",\"valueRequired\":true,\"valueName\":\"search_term_string\"}}],\"inLanguage\":\"fr-FR\"},{\"@type\":\"Organization\",\"@id\":\"https:\\\/\\\/www.immobilienbusiness.ch\\\/#organization\",\"name\":\"IMMOBILIEN Business\",\"url\":\"https:\\\/\\\/www.immobilienbusiness.ch\\\/\",\"logo\":{\"@type\":\"ImageObject\",\"inLanguage\":\"fr-FR\",\"@id\":\"https:\\\/\\\/www.immobilienbusiness.ch\\\/#\\\/schema\\\/logo\\\/image\\\/\",\"url\":\"https:\\\/\\\/www.immobilienbusiness.ch\\\/wp-content\\\/uploads\\\/2021\\\/07\\\/logo_ib.png\",\"contentUrl\":\"https:\\\/\\\/www.immobilienbusiness.ch\\\/wp-content\\\/uploads\\\/2021\\\/07\\\/logo_ib.png\",\"width\":800,\"height\":181,\"caption\":\"IMMOBILIEN Business\"},\"image\":{\"@id\":\"https:\\\/\\\/www.immobilienbusiness.ch\\\/#\\\/schema\\\/logo\\\/image\\\/\"},\"sameAs\":[\"https:\\\/\\\/www.facebook.com\\\/immobilienbusiness\\\/\"]},{\"@type\":\"Person\",\"@id\":\"https:\\\/\\\/www.immobilienbusiness.ch\\\/#\\\/schema\\\/person\\\/aba8bea2db926aa0c24c08c43fe1fcd5\",\"name\":\"Alexander Wachter\",\"image\":{\"@type\":\"ImageObject\",\"inLanguage\":\"fr-FR\",\"@id\":\"https:\\\/\\\/secure.gravatar.com\\\/avatar\\\/1a09e471f5389b0e0a6416eac287e0927c7c97a7b77f9e787eba3af7aee281dd?s=96&d=mm&r=g\",\"url\":\"https:\\\/\\\/secure.gravatar.com\\\/avatar\\\/1a09e471f5389b0e0a6416eac287e0927c7c97a7b77f9e787eba3af7aee281dd?s=96&d=mm&r=g\",\"contentUrl\":\"https:\\\/\\\/secure.gravatar.com\\\/avatar\\\/1a09e471f5389b0e0a6416eac287e0927c7c97a7b77f9e787eba3af7aee281dd?s=96&d=mm&r=g\",\"caption\":\"Alexander Wachter\"},\"url\":\"https:\\\/\\\/www.immobilienbusiness.ch\\\/fr\\\/author\\\/alexander-wachter\\\/\"}]}<\/script>\n<!-- \/ Yoast SEO plugin. -->","yoast_head_json":{"title":"Fundamenta-Anlagestiftung baut Portfolio aus - IMMOBILIEN Business","description":"Au cours de son quatri\u00e8me exercice, la fondation de placement de Fundamenta a augment\u00e9 la valeur du bilan du portefeuille de 431,5 millions \u00e0 730,6 millions de CHF.","robots":{"index":"index","follow":"follow","max-snippet":"max-snippet:-1","max-image-preview":"max-image-preview:large","max-video-preview":"max-video-preview:-1"},"canonical":"https:\/\/www.immobilienbusiness.ch\/fr\/unternehmen\/2023-11-29\/fundamenta-anlagestiftung-baut-portfolio-aus\/","og_locale":"fr_FR","og_type":"article","og_title":"Fundamenta-Anlagestiftung baut Portfolio aus - IMMOBILIEN Business","og_description":"Die Anlagestiftung von Fundamenta hat in ihrem vierten Gesch\u00e4ftsjahr den Bilanzwert des Portfolios von 431,5 Mio. auf 730,6 Mio. CHF gesteigert.","og_url":"https:\/\/www.immobilienbusiness.ch\/fr\/unternehmen\/2023-11-29\/fundamenta-anlagestiftung-baut-portfolio-aus\/","og_site_name":"IMMOBILIEN Business","article_publisher":"https:\/\/www.facebook.com\/immobilienbusiness\/","article_published_time":"2023-11-29T07:47:38+00:00","og_image":[{"width":1280,"height":1171,"url":"https:\/\/www.immobilienbusiness.ch\/wp-content\/uploads\/2017\/01\/windows-1076116_1280.jpg","type":"image\/jpeg"}],"author":"Alexander Wachter","twitter_card":"summary_large_image","schema":{"@context":"https:\/\/schema.org","@graph":[{"@type":"Article","@id":"https:\/\/www.immobilienbusiness.ch\/fr\/unternehmen\/2023-11-29\/fundamenta-anlagestiftung-baut-portfolio-aus\/#article","isPartOf":{"@id":"https:\/\/www.immobilienbusiness.ch\/fr\/unternehmen\/2023-11-29\/fundamenta-anlagestiftung-baut-portfolio-aus\/"},"author":{"name":"Alexander Wachter","@id":"https:\/\/www.immobilienbusiness.ch\/#\/schema\/person\/aba8bea2db926aa0c24c08c43fe1fcd5"},"headline":"Fundamenta-Anlagestiftung baut Portfolio aus","datePublished":"2023-11-29T07:47:38+00:00","mainEntityOfPage":{"@id":"https:\/\/www.immobilienbusiness.ch\/fr\/unternehmen\/2023-11-29\/fundamenta-anlagestiftung-baut-portfolio-aus\/"},"wordCount":277,"publisher":{"@id":"https:\/\/www.immobilienbusiness.ch\/#organization"},"image":{"@id":"https:\/\/www.immobilienbusiness.ch\/fr\/unternehmen\/2023-11-29\/fundamenta-anlagestiftung-baut-portfolio-aus\/#primaryimage"},"thumbnailUrl":"https:\/\/www.immobilienbusiness.ch\/wp-content\/uploads\/2017\/01\/windows-1076116_1280.jpg","keywords":["Anlagestiftung","Fundamenta Group","Jahresergebnis"],"articleSection":["UNTERNEHMEN"],"inLanguage":"fr-FR"},{"@type":"WebPage","@id":"https:\/\/www.immobilienbusiness.ch\/fr\/unternehmen\/2023-11-29\/fundamenta-anlagestiftung-baut-portfolio-aus\/","url":"https:\/\/www.immobilienbusiness.ch\/fr\/unternehmen\/2023-11-29\/fundamenta-anlagestiftung-baut-portfolio-aus\/","name":"Fundamenta-Anlagestiftung baut Portfolio aus - IMMOBILIEN Business","isPartOf":{"@id":"https:\/\/www.immobilienbusiness.ch\/#website"},"primaryImageOfPage":{"@id":"https:\/\/www.immobilienbusiness.ch\/fr\/unternehmen\/2023-11-29\/fundamenta-anlagestiftung-baut-portfolio-aus\/#primaryimage"},"image":{"@id":"https:\/\/www.immobilienbusiness.ch\/fr\/unternehmen\/2023-11-29\/fundamenta-anlagestiftung-baut-portfolio-aus\/#primaryimage"},"thumbnailUrl":"https:\/\/www.immobilienbusiness.ch\/wp-content\/uploads\/2017\/01\/windows-1076116_1280.jpg","datePublished":"2023-11-29T07:47:38+00:00","description":"Au cours de son quatri\u00e8me exercice, la fondation de placement de Fundamenta a augment\u00e9 la valeur du bilan du portefeuille de 431,5 millions \u00e0 730,6 millions de CHF.","breadcrumb":{"@id":"https:\/\/www.immobilienbusiness.ch\/fr\/unternehmen\/2023-11-29\/fundamenta-anlagestiftung-baut-portfolio-aus\/#breadcrumb"},"inLanguage":"fr-FR","potentialAction":[{"@type":"ReadAction","target":["https:\/\/www.immobilienbusiness.ch\/fr\/unternehmen\/2023-11-29\/fundamenta-anlagestiftung-baut-portfolio-aus\/"]}]},{"@type":"ImageObject","inLanguage":"fr-FR","@id":"https:\/\/www.immobilienbusiness.ch\/fr\/unternehmen\/2023-11-29\/fundamenta-anlagestiftung-baut-portfolio-aus\/#primaryimage","url":"https:\/\/www.immobilienbusiness.ch\/wp-content\/uploads\/2017\/01\/windows-1076116_1280.jpg","contentUrl":"https:\/\/www.immobilienbusiness.ch\/wp-content\/uploads\/2017\/01\/windows-1076116_1280.jpg","width":1280,"height":1171,"caption":"Ein auf Wohnimmobilien fokussiertes Teilverm\u00f6gen der Procimmo SICAV sucht frisches Kapital (Symbolbild: Pixabay)"},{"@type":"BreadcrumbList","@id":"https:\/\/www.immobilienbusiness.ch\/fr\/unternehmen\/2023-11-29\/fundamenta-anlagestiftung-baut-portfolio-aus\/#breadcrumb","itemListElement":[{"@type":"ListItem","position":1,"name":"Home","item":"https:\/\/www.immobilienbusiness.ch\/"},{"@type":"ListItem","position":2,"name":"Fundamenta-Anlagestiftung baut Portfolio aus"}]},{"@type":"WebSite","@id":"https:\/\/www.immobilienbusiness.ch\/#website","url":"https:\/\/www.immobilienbusiness.ch\/","name":"IMMOBILIER Business","description":"Magazine \u00e9conomique suisse ind\u00e9pendant ax\u00e9 sur l'immobilier, l'architecture et la construction ainsi que sur les investissements et le financement.","publisher":{"@id":"https:\/\/www.immobilienbusiness.ch\/#organization"},"potentialAction":[{"@type":"SearchAction","target":{"@type":"EntryPoint","urlTemplate":"https:\/\/www.immobilienbusiness.ch\/?s={search_term_string}"},"query-input":{"@type":"PropertyValueSpecification","valueRequired":true,"valueName":"search_term_string"}}],"inLanguage":"fr-FR"},{"@type":"Organization","@id":"https:\/\/www.immobilienbusiness.ch\/#organization","name":"IMMOBILIER Business","url":"https:\/\/www.immobilienbusiness.ch\/","logo":{"@type":"ImageObject","inLanguage":"fr-FR","@id":"https:\/\/www.immobilienbusiness.ch\/#\/schema\/logo\/image\/","url":"https:\/\/www.immobilienbusiness.ch\/wp-content\/uploads\/2021\/07\/logo_ib.png","contentUrl":"https:\/\/www.immobilienbusiness.ch\/wp-content\/uploads\/2021\/07\/logo_ib.png","width":800,"height":181,"caption":"IMMOBILIEN Business"},"image":{"@id":"https:\/\/www.immobilienbusiness.ch\/#\/schema\/logo\/image\/"},"sameAs":["https:\/\/www.facebook.com\/immobilienbusiness\/"]},{"@type":"Person","@id":"https:\/\/www.immobilienbusiness.ch\/#\/schema\/person\/aba8bea2db926aa0c24c08c43fe1fcd5","name":"Alexander Wachter","image":{"@type":"ImageObject","inLanguage":"fr-FR","@id":"https:\/\/secure.gravatar.com\/avatar\/1a09e471f5389b0e0a6416eac287e0927c7c97a7b77f9e787eba3af7aee281dd?s=96&d=mm&r=g","url":"https:\/\/secure.gravatar.com\/avatar\/1a09e471f5389b0e0a6416eac287e0927c7c97a7b77f9e787eba3af7aee281dd?s=96&d=mm&r=g","contentUrl":"https:\/\/secure.gravatar.com\/avatar\/1a09e471f5389b0e0a6416eac287e0927c7c97a7b77f9e787eba3af7aee281dd?s=96&d=mm&r=g","caption":"Alexander Wachter"},"url":"https:\/\/www.immobilienbusiness.ch\/fr\/author\/alexander-wachter\/"}]}},"_links":{"self":[{"href":"https:\/\/www.immobilienbusiness.ch\/fr\/wp-json\/wp\/v2\/posts\/54651","targetHints":{"allow":["GET"]}}],"collection":[{"href":"https:\/\/www.immobilienbusiness.ch\/fr\/wp-json\/wp\/v2\/posts"}],"about":[{"href":"https:\/\/www.immobilienbusiness.ch\/fr\/wp-json\/wp\/v2\/types\/post"}],"author":[{"embeddable":true,"href":"https:\/\/www.immobilienbusiness.ch\/fr\/wp-json\/wp\/v2\/users\/102"}],"replies":[{"embeddable":true,"href":"https:\/\/www.immobilienbusiness.ch\/fr\/wp-json\/wp\/v2\/comments?post=54651"}],"version-history":[{"count":1,"href":"https:\/\/www.immobilienbusiness.ch\/fr\/wp-json\/wp\/v2\/posts\/54651\/revisions"}],"predecessor-version":[{"id":54652,"href":"https:\/\/www.immobilienbusiness.ch\/fr\/wp-json\/wp\/v2\/posts\/54651\/revisions\/54652"}],"wp:featuredmedia":[{"embeddable":true,"href":"https:\/\/www.immobilienbusiness.ch\/fr\/wp-json\/wp\/v2\/media\/6077"}],"wp:attachment":[{"href":"https:\/\/www.immobilienbusiness.ch\/fr\/wp-json\/wp\/v2\/media?parent=54651"}],"wp:term":[{"taxonomy":"category","embeddable":true,"href":"https:\/\/www.immobilienbusiness.ch\/fr\/wp-json\/wp\/v2\/categories?post=54651"},{"taxonomy":"post_tag","embeddable":true,"href":"https:\/\/www.immobilienbusiness.ch\/fr\/wp-json\/wp\/v2\/tags?post=54651"}],"curies":[{"name":"wp","href":"https:\/\/api.w.org\/{rel}","templated":true}]}}