{"id":54304,"date":"2023-11-09T08:50:10","date_gmt":"2023-11-09T07:50:10","guid":{"rendered":"https:\/\/www.immobilienbusiness.ch\/?p=54304"},"modified":"2023-11-09T08:50:10","modified_gmt":"2023-11-09T07:50:10","slug":"zuerich-stadt-kauft-wohnliegenschaft-im-hirslanden-quartier","status":"publish","type":"post","link":"https:\/\/www.immobilienbusiness.ch\/fr\/regionen\/2023-11-09\/zuerich-stadt-kauft-wohnliegenschaft-im-hirslanden-quartier\/","title":{"rendered":"Zurich : la ville ach\u00e8te un immeuble d'habitation dans le quartier Hirslanden"},"content":{"rendered":"<figure id=\"attachment_19010\" aria-describedby=\"caption-attachment-19010\" style=\"width: 1000px\" class=\"wp-caption alignnone\"><a href=\"https:\/\/www.immobilienbusiness.ch\/wp-content\/uploads\/2019\/10\/Depositphotos_10731136_m-2015.jpg\"><img loading=\"lazy\" decoding=\"async\" class=\"size-full wp-image-19010\" src=\"https:\/\/www.immobilienbusiness.ch\/wp-content\/uploads\/2019\/10\/Depositphotos_10731136_m-2015.jpg\" alt=\"\" width=\"1000\" height=\"667\" srcset=\"https:\/\/www.immobilienbusiness.ch\/wp-content\/uploads\/2019\/10\/Depositphotos_10731136_m-2015.jpg 1000w, https:\/\/www.immobilienbusiness.ch\/wp-content\/uploads\/2019\/10\/Depositphotos_10731136_m-2015-300x200.jpg 300w, https:\/\/www.immobilienbusiness.ch\/wp-content\/uploads\/2019\/10\/Depositphotos_10731136_m-2015-768x512.jpg 768w, https:\/\/www.immobilienbusiness.ch\/wp-content\/uploads\/2019\/10\/Depositphotos_10731136_m-2015-16x12.jpg 16w, https:\/\/www.immobilienbusiness.ch\/wp-content\/uploads\/2019\/10\/Depositphotos_10731136_m-2015-262x175.jpg 262w, https:\/\/www.immobilienbusiness.ch\/wp-content\/uploads\/2019\/10\/Depositphotos_10731136_m-2015-525x350.jpg 525w, https:\/\/www.immobilienbusiness.ch\/wp-content\/uploads\/2019\/10\/Depositphotos_10731136_m-2015-920x614.jpg 920w\" sizes=\"auto, (max-width: 1000px) 100vw, 1000px\" \/><\/a><figcaption id=\"caption-attachment-19010\" class=\"wp-caption-text\">La ville de Zurich acquiert un immeuble d'habitation pr\u00e8s de la Hegibachplatz (photo : Depositphotos)<\/figcaption><\/figure>\n<p>La ville de Zurich acquiert l'immeuble situ\u00e9 \u00e0 la Forchstrasse 114-120 pr\u00e8s de la Hegibachplatz dans le quartier de Hirslanden. Les quatre b\u00e2timents, comprenant au total 20 appartements, datent de 1914 et sont en bon \u00e9tat, indique la ville. Quelques r\u00e9novations cibl\u00e9es ont \u00e9t\u00e9 effectu\u00e9es ces derni\u00e8res ann\u00e9es, de sorte qu'une remise en \u00e9tat compl\u00e8te n'est pas n\u00e9cessaire pour le moment. Les appartements sont tous lou\u00e9s \u00e0 des prix raisonnables.<\/p>\n<p>La ville a obtenu l'adjudication d'achat apr\u00e8s une proc\u00e9dure d'appel d'offres publique en deux \u00e9tapes. Frais de transaction inclus, le prix d'achat s'\u00e9l\u00e8ve \u00e0 28,96 millions de CHF, \u00e9crit la ville dans un communiqu\u00e9.<\/p>\n<p>Le vendeur des biens immobiliers est la fondation Huber-Graf et Billeter-Graf, elle avait mandat\u00e9 en f\u00e9vrier dernier la soci\u00e9t\u00e9 Haupt Immobilien AG pour la vente, comme le rapportent les m\u00e9dias locaux. Les locataires concern\u00e9s avaient auparavant adress\u00e9 une p\u00e9tition au conseil municipal. Ils avaient craint que les maisons soient d\u00e9molies ou r\u00e9nov\u00e9es de mani\u00e8re luxueuse apr\u00e8s une vente. <em>(ah)<\/em><\/p>","protected":false},"excerpt":{"rendered":"<p>La ville a remport\u00e9 l'adjudication de quatre immeubles d'habitation lors d'une proc\u00e9dure d'appel d'offres. Le prix d'achat s'\u00e9l\u00e8ve \u00e0 pr\u00e8s de 29 millions de CHF.<\/p>","protected":false},"author":3,"featured_media":19010,"comment_status":"closed","ping_status":"closed","sticky":false,"template":"","format":"standard","meta":{"_acf_changed":false,"_yoast_wpseo_focuskw":"Hirslanden","_yoast_wpseo_title":"","_yoast_wpseo_metadesc":"","_yoast_wpseo_linkdex":44,"pgc_sgb_lightbox_settings":"","footnotes":""},"categories":[985],"tags":[1355,1863,1888],"class_list":["post-54304","post","type-post","status-publish","format-standard","has-post-thumbnail","hentry","category-regionen","tag-immobilienverkauf","tag-wohnimmobilien","tag-zuerich"],"acf":[],"yoast_head":"<!-- This site is optimized with the Yoast SEO plugin v27.4 - https:\/\/yoast.com\/product\/yoast-seo-wordpress\/ -->\n<title>Z\u00fcrich: Stadt kauft Wohnliegenschaft im Hirslanden-Quartier - IMMOBILIEN Business<\/title>\n<meta name=\"robots\" content=\"index, follow, max-snippet:-1, max-image-preview:large, max-video-preview:-1\" \/>\n<link rel=\"canonical\" href=\"https:\/\/www.immobilienbusiness.ch\/fr\/regionen\/2023-11-09\/zuerich-stadt-kauft-wohnliegenschaft-im-hirslanden-quartier\/\" \/>\n<meta property=\"og:locale\" content=\"fr_FR\" \/>\n<meta property=\"og:type\" content=\"article\" \/>\n<meta property=\"og:title\" content=\"Z\u00fcrich: Stadt kauft Wohnliegenschaft im Hirslanden-Quartier - IMMOBILIEN Business\" \/>\n<meta property=\"og:description\" content=\"Die Stadt hat bei einem Bieterverfahren den Zuschlag f\u00fcr vier Mehrfamilienh\u00e4user erhalten. Der Kaufpreis liegt bei knapp 29 Mio. CHF.\" \/>\n<meta property=\"og:url\" content=\"https:\/\/www.immobilienbusiness.ch\/fr\/regionen\/2023-11-09\/zuerich-stadt-kauft-wohnliegenschaft-im-hirslanden-quartier\/\" \/>\n<meta property=\"og:site_name\" content=\"IMMOBILIEN Business\" \/>\n<meta property=\"article:publisher\" content=\"https:\/\/www.facebook.com\/immobilienbusiness\/\" \/>\n<meta property=\"article:published_time\" content=\"2023-11-09T07:50:10+00:00\" \/>\n<meta property=\"og:image\" content=\"https:\/\/www.immobilienbusiness.ch\/wp-content\/uploads\/2019\/10\/Depositphotos_10731136_m-2015.jpg\" \/>\n\t<meta property=\"og:image:width\" content=\"1000\" \/>\n\t<meta property=\"og:image:height\" content=\"667\" \/>\n\t<meta property=\"og:image:type\" content=\"image\/jpeg\" \/>\n<meta name=\"author\" content=\"anja.hall\" \/>\n<meta name=\"twitter:card\" content=\"summary_large_image\" \/>\n<script type=\"application\/ld+json\" class=\"yoast-schema-graph\">{\"@context\":\"https:\\\/\\\/schema.org\",\"@graph\":[{\"@type\":\"Article\",\"@id\":\"https:\\\/\\\/www.immobilienbusiness.ch\\\/en\\\/regionen\\\/2023-11-09\\\/zuerich-stadt-kauft-wohnliegenschaft-im-hirslanden-quartier\\\/#article\",\"isPartOf\":{\"@id\":\"https:\\\/\\\/www.immobilienbusiness.ch\\\/en\\\/regionen\\\/2023-11-09\\\/zuerich-stadt-kauft-wohnliegenschaft-im-hirslanden-quartier\\\/\"},\"author\":{\"name\":\"anja.hall\",\"@id\":\"https:\\\/\\\/www.immobilienbusiness.ch\\\/#\\\/schema\\\/person\\\/3fc036297b10b9f42d6db5ee932af8c8\"},\"headline\":\"Z\u00fcrich: Stadt kauft Wohnliegenschaft im Hirslanden-Quartier\",\"datePublished\":\"2023-11-09T07:50:10+00:00\",\"mainEntityOfPage\":{\"@id\":\"https:\\\/\\\/www.immobilienbusiness.ch\\\/en\\\/regionen\\\/2023-11-09\\\/zuerich-stadt-kauft-wohnliegenschaft-im-hirslanden-quartier\\\/\"},\"wordCount\":172,\"publisher\":{\"@id\":\"https:\\\/\\\/www.immobilienbusiness.ch\\\/#organization\"},\"image\":{\"@id\":\"https:\\\/\\\/www.immobilienbusiness.ch\\\/en\\\/regionen\\\/2023-11-09\\\/zuerich-stadt-kauft-wohnliegenschaft-im-hirslanden-quartier\\\/#primaryimage\"},\"thumbnailUrl\":\"https:\\\/\\\/www.immobilienbusiness.ch\\\/wp-content\\\/uploads\\\/2019\\\/10\\\/Depositphotos_10731136_m-2015.jpg\",\"keywords\":[\"Immobilienverkauf\",\"Wohnimmobilien\",\"Z\u00fcrich\"],\"articleSection\":[\"REGIONEN\"],\"inLanguage\":\"fr-FR\"},{\"@type\":\"WebPage\",\"@id\":\"https:\\\/\\\/www.immobilienbusiness.ch\\\/en\\\/regionen\\\/2023-11-09\\\/zuerich-stadt-kauft-wohnliegenschaft-im-hirslanden-quartier\\\/\",\"url\":\"https:\\\/\\\/www.immobilienbusiness.ch\\\/en\\\/regionen\\\/2023-11-09\\\/zuerich-stadt-kauft-wohnliegenschaft-im-hirslanden-quartier\\\/\",\"name\":\"Z\u00fcrich: Stadt kauft Wohnliegenschaft im Hirslanden-Quartier - IMMOBILIEN Business\",\"isPartOf\":{\"@id\":\"https:\\\/\\\/www.immobilienbusiness.ch\\\/#website\"},\"primaryImageOfPage\":{\"@id\":\"https:\\\/\\\/www.immobilienbusiness.ch\\\/en\\\/regionen\\\/2023-11-09\\\/zuerich-stadt-kauft-wohnliegenschaft-im-hirslanden-quartier\\\/#primaryimage\"},\"image\":{\"@id\":\"https:\\\/\\\/www.immobilienbusiness.ch\\\/en\\\/regionen\\\/2023-11-09\\\/zuerich-stadt-kauft-wohnliegenschaft-im-hirslanden-quartier\\\/#primaryimage\"},\"thumbnailUrl\":\"https:\\\/\\\/www.immobilienbusiness.ch\\\/wp-content\\\/uploads\\\/2019\\\/10\\\/Depositphotos_10731136_m-2015.jpg\",\"datePublished\":\"2023-11-09T07:50:10+00:00\",\"breadcrumb\":{\"@id\":\"https:\\\/\\\/www.immobilienbusiness.ch\\\/en\\\/regionen\\\/2023-11-09\\\/zuerich-stadt-kauft-wohnliegenschaft-im-hirslanden-quartier\\\/#breadcrumb\"},\"inLanguage\":\"fr-FR\",\"potentialAction\":[{\"@type\":\"ReadAction\",\"target\":[\"https:\\\/\\\/www.immobilienbusiness.ch\\\/en\\\/regionen\\\/2023-11-09\\\/zuerich-stadt-kauft-wohnliegenschaft-im-hirslanden-quartier\\\/\"]}]},{\"@type\":\"ImageObject\",\"inLanguage\":\"fr-FR\",\"@id\":\"https:\\\/\\\/www.immobilienbusiness.ch\\\/en\\\/regionen\\\/2023-11-09\\\/zuerich-stadt-kauft-wohnliegenschaft-im-hirslanden-quartier\\\/#primaryimage\",\"url\":\"https:\\\/\\\/www.immobilienbusiness.ch\\\/wp-content\\\/uploads\\\/2019\\\/10\\\/Depositphotos_10731136_m-2015.jpg\",\"contentUrl\":\"https:\\\/\\\/www.immobilienbusiness.ch\\\/wp-content\\\/uploads\\\/2019\\\/10\\\/Depositphotos_10731136_m-2015.jpg\",\"width\":1000,\"height\":667,\"caption\":\"Investis hat eine bereits angek\u00fcndigte Gross-Transaktion nun finalisiert (Bild: Depositphotos)\"},{\"@type\":\"BreadcrumbList\",\"@id\":\"https:\\\/\\\/www.immobilienbusiness.ch\\\/en\\\/regionen\\\/2023-11-09\\\/zuerich-stadt-kauft-wohnliegenschaft-im-hirslanden-quartier\\\/#breadcrumb\",\"itemListElement\":[{\"@type\":\"ListItem\",\"position\":1,\"name\":\"Home\",\"item\":\"https:\\\/\\\/www.immobilienbusiness.ch\\\/\"},{\"@type\":\"ListItem\",\"position\":2,\"name\":\"Z\u00fcrich: Stadt kauft Wohnliegenschaft im Hirslanden-Quartier\"}]},{\"@type\":\"WebSite\",\"@id\":\"https:\\\/\\\/www.immobilienbusiness.ch\\\/#website\",\"url\":\"https:\\\/\\\/www.immobilienbusiness.ch\\\/\",\"name\":\"IMMOBILIEN Business\",\"description\":\"Unabh\u00e4ngiges Schweizer Wirtschaftsmagazin mit Fokus auf Immobilien, Architektur- und Bau sowie Investment- und Finanzierung.\",\"publisher\":{\"@id\":\"https:\\\/\\\/www.immobilienbusiness.ch\\\/#organization\"},\"potentialAction\":[{\"@type\":\"SearchAction\",\"target\":{\"@type\":\"EntryPoint\",\"urlTemplate\":\"https:\\\/\\\/www.immobilienbusiness.ch\\\/?s={search_term_string}\"},\"query-input\":{\"@type\":\"PropertyValueSpecification\",\"valueRequired\":true,\"valueName\":\"search_term_string\"}}],\"inLanguage\":\"fr-FR\"},{\"@type\":\"Organization\",\"@id\":\"https:\\\/\\\/www.immobilienbusiness.ch\\\/#organization\",\"name\":\"IMMOBILIEN Business\",\"url\":\"https:\\\/\\\/www.immobilienbusiness.ch\\\/\",\"logo\":{\"@type\":\"ImageObject\",\"inLanguage\":\"fr-FR\",\"@id\":\"https:\\\/\\\/www.immobilienbusiness.ch\\\/#\\\/schema\\\/logo\\\/image\\\/\",\"url\":\"https:\\\/\\\/www.immobilienbusiness.ch\\\/wp-content\\\/uploads\\\/2021\\\/07\\\/logo_ib.png\",\"contentUrl\":\"https:\\\/\\\/www.immobilienbusiness.ch\\\/wp-content\\\/uploads\\\/2021\\\/07\\\/logo_ib.png\",\"width\":800,\"height\":181,\"caption\":\"IMMOBILIEN Business\"},\"image\":{\"@id\":\"https:\\\/\\\/www.immobilienbusiness.ch\\\/#\\\/schema\\\/logo\\\/image\\\/\"},\"sameAs\":[\"https:\\\/\\\/www.facebook.com\\\/immobilienbusiness\\\/\"]},{\"@type\":\"Person\",\"@id\":\"https:\\\/\\\/www.immobilienbusiness.ch\\\/#\\\/schema\\\/person\\\/3fc036297b10b9f42d6db5ee932af8c8\",\"name\":\"anja.hall\",\"image\":{\"@type\":\"ImageObject\",\"inLanguage\":\"fr-FR\",\"@id\":\"https:\\\/\\\/secure.gravatar.com\\\/avatar\\\/066b5a0d447013502c71a5782f4f3469f03cfe595cc2329fb94652fe47511bfb?s=96&d=mm&r=g\",\"url\":\"https:\\\/\\\/secure.gravatar.com\\\/avatar\\\/066b5a0d447013502c71a5782f4f3469f03cfe595cc2329fb94652fe47511bfb?s=96&d=mm&r=g\",\"contentUrl\":\"https:\\\/\\\/secure.gravatar.com\\\/avatar\\\/066b5a0d447013502c71a5782f4f3469f03cfe595cc2329fb94652fe47511bfb?s=96&d=mm&r=g\",\"caption\":\"anja.hall\"},\"url\":\"https:\\\/\\\/www.immobilienbusiness.ch\\\/fr\\\/author\\\/anja-hall\\\/\"}]}<\/script>\n<!-- \/ Yoast SEO plugin. -->","yoast_head_json":{"title":"Z\u00fcrich: Stadt kauft Wohnliegenschaft im Hirslanden-Quartier - IMMOBILIEN Business","robots":{"index":"index","follow":"follow","max-snippet":"max-snippet:-1","max-image-preview":"max-image-preview:large","max-video-preview":"max-video-preview:-1"},"canonical":"https:\/\/www.immobilienbusiness.ch\/fr\/regionen\/2023-11-09\/zuerich-stadt-kauft-wohnliegenschaft-im-hirslanden-quartier\/","og_locale":"fr_FR","og_type":"article","og_title":"Z\u00fcrich: Stadt kauft Wohnliegenschaft im Hirslanden-Quartier - IMMOBILIEN Business","og_description":"Die Stadt hat bei einem Bieterverfahren den Zuschlag f\u00fcr vier Mehrfamilienh\u00e4user erhalten. Der Kaufpreis liegt bei knapp 29 Mio. CHF.","og_url":"https:\/\/www.immobilienbusiness.ch\/fr\/regionen\/2023-11-09\/zuerich-stadt-kauft-wohnliegenschaft-im-hirslanden-quartier\/","og_site_name":"IMMOBILIEN Business","article_publisher":"https:\/\/www.facebook.com\/immobilienbusiness\/","article_published_time":"2023-11-09T07:50:10+00:00","og_image":[{"width":1000,"height":667,"url":"https:\/\/www.immobilienbusiness.ch\/wp-content\/uploads\/2019\/10\/Depositphotos_10731136_m-2015.jpg","type":"image\/jpeg"}],"author":"anja.hall","twitter_card":"summary_large_image","schema":{"@context":"https:\/\/schema.org","@graph":[{"@type":"Article","@id":"https:\/\/www.immobilienbusiness.ch\/en\/regionen\/2023-11-09\/zuerich-stadt-kauft-wohnliegenschaft-im-hirslanden-quartier\/#article","isPartOf":{"@id":"https:\/\/www.immobilienbusiness.ch\/en\/regionen\/2023-11-09\/zuerich-stadt-kauft-wohnliegenschaft-im-hirslanden-quartier\/"},"author":{"name":"anja.hall","@id":"https:\/\/www.immobilienbusiness.ch\/#\/schema\/person\/3fc036297b10b9f42d6db5ee932af8c8"},"headline":"Z\u00fcrich: Stadt kauft Wohnliegenschaft im Hirslanden-Quartier","datePublished":"2023-11-09T07:50:10+00:00","mainEntityOfPage":{"@id":"https:\/\/www.immobilienbusiness.ch\/en\/regionen\/2023-11-09\/zuerich-stadt-kauft-wohnliegenschaft-im-hirslanden-quartier\/"},"wordCount":172,"publisher":{"@id":"https:\/\/www.immobilienbusiness.ch\/#organization"},"image":{"@id":"https:\/\/www.immobilienbusiness.ch\/en\/regionen\/2023-11-09\/zuerich-stadt-kauft-wohnliegenschaft-im-hirslanden-quartier\/#primaryimage"},"thumbnailUrl":"https:\/\/www.immobilienbusiness.ch\/wp-content\/uploads\/2019\/10\/Depositphotos_10731136_m-2015.jpg","keywords":["Immobilienverkauf","Wohnimmobilien","Z\u00fcrich"],"articleSection":["REGIONEN"],"inLanguage":"fr-FR"},{"@type":"WebPage","@id":"https:\/\/www.immobilienbusiness.ch\/en\/regionen\/2023-11-09\/zuerich-stadt-kauft-wohnliegenschaft-im-hirslanden-quartier\/","url":"https:\/\/www.immobilienbusiness.ch\/en\/regionen\/2023-11-09\/zuerich-stadt-kauft-wohnliegenschaft-im-hirslanden-quartier\/","name":"Z\u00fcrich: Stadt kauft Wohnliegenschaft im Hirslanden-Quartier - IMMOBILIEN Business","isPartOf":{"@id":"https:\/\/www.immobilienbusiness.ch\/#website"},"primaryImageOfPage":{"@id":"https:\/\/www.immobilienbusiness.ch\/en\/regionen\/2023-11-09\/zuerich-stadt-kauft-wohnliegenschaft-im-hirslanden-quartier\/#primaryimage"},"image":{"@id":"https:\/\/www.immobilienbusiness.ch\/en\/regionen\/2023-11-09\/zuerich-stadt-kauft-wohnliegenschaft-im-hirslanden-quartier\/#primaryimage"},"thumbnailUrl":"https:\/\/www.immobilienbusiness.ch\/wp-content\/uploads\/2019\/10\/Depositphotos_10731136_m-2015.jpg","datePublished":"2023-11-09T07:50:10+00:00","breadcrumb":{"@id":"https:\/\/www.immobilienbusiness.ch\/en\/regionen\/2023-11-09\/zuerich-stadt-kauft-wohnliegenschaft-im-hirslanden-quartier\/#breadcrumb"},"inLanguage":"fr-FR","potentialAction":[{"@type":"ReadAction","target":["https:\/\/www.immobilienbusiness.ch\/en\/regionen\/2023-11-09\/zuerich-stadt-kauft-wohnliegenschaft-im-hirslanden-quartier\/"]}]},{"@type":"ImageObject","inLanguage":"fr-FR","@id":"https:\/\/www.immobilienbusiness.ch\/en\/regionen\/2023-11-09\/zuerich-stadt-kauft-wohnliegenschaft-im-hirslanden-quartier\/#primaryimage","url":"https:\/\/www.immobilienbusiness.ch\/wp-content\/uploads\/2019\/10\/Depositphotos_10731136_m-2015.jpg","contentUrl":"https:\/\/www.immobilienbusiness.ch\/wp-content\/uploads\/2019\/10\/Depositphotos_10731136_m-2015.jpg","width":1000,"height":667,"caption":"Investis hat eine bereits angek\u00fcndigte Gross-Transaktion nun finalisiert (Bild: Depositphotos)"},{"@type":"BreadcrumbList","@id":"https:\/\/www.immobilienbusiness.ch\/en\/regionen\/2023-11-09\/zuerich-stadt-kauft-wohnliegenschaft-im-hirslanden-quartier\/#breadcrumb","itemListElement":[{"@type":"ListItem","position":1,"name":"Home","item":"https:\/\/www.immobilienbusiness.ch\/"},{"@type":"ListItem","position":2,"name":"Z\u00fcrich: Stadt kauft Wohnliegenschaft im Hirslanden-Quartier"}]},{"@type":"WebSite","@id":"https:\/\/www.immobilienbusiness.ch\/#website","url":"https:\/\/www.immobilienbusiness.ch\/","name":"IMMOBILIER Business","description":"Magazine \u00e9conomique suisse ind\u00e9pendant ax\u00e9 sur l'immobilier, l'architecture et la construction ainsi que sur les investissements et le financement.","publisher":{"@id":"https:\/\/www.immobilienbusiness.ch\/#organization"},"potentialAction":[{"@type":"SearchAction","target":{"@type":"EntryPoint","urlTemplate":"https:\/\/www.immobilienbusiness.ch\/?s={search_term_string}"},"query-input":{"@type":"PropertyValueSpecification","valueRequired":true,"valueName":"search_term_string"}}],"inLanguage":"fr-FR"},{"@type":"Organization","@id":"https:\/\/www.immobilienbusiness.ch\/#organization","name":"IMMOBILIER Business","url":"https:\/\/www.immobilienbusiness.ch\/","logo":{"@type":"ImageObject","inLanguage":"fr-FR","@id":"https:\/\/www.immobilienbusiness.ch\/#\/schema\/logo\/image\/","url":"https:\/\/www.immobilienbusiness.ch\/wp-content\/uploads\/2021\/07\/logo_ib.png","contentUrl":"https:\/\/www.immobilienbusiness.ch\/wp-content\/uploads\/2021\/07\/logo_ib.png","width":800,"height":181,"caption":"IMMOBILIEN Business"},"image":{"@id":"https:\/\/www.immobilienbusiness.ch\/#\/schema\/logo\/image\/"},"sameAs":["https:\/\/www.facebook.com\/immobilienbusiness\/"]},{"@type":"Person","@id":"https:\/\/www.immobilienbusiness.ch\/#\/schema\/person\/3fc036297b10b9f42d6db5ee932af8c8","name":"anja.hall","image":{"@type":"ImageObject","inLanguage":"fr-FR","@id":"https:\/\/secure.gravatar.com\/avatar\/066b5a0d447013502c71a5782f4f3469f03cfe595cc2329fb94652fe47511bfb?s=96&d=mm&r=g","url":"https:\/\/secure.gravatar.com\/avatar\/066b5a0d447013502c71a5782f4f3469f03cfe595cc2329fb94652fe47511bfb?s=96&d=mm&r=g","contentUrl":"https:\/\/secure.gravatar.com\/avatar\/066b5a0d447013502c71a5782f4f3469f03cfe595cc2329fb94652fe47511bfb?s=96&d=mm&r=g","caption":"anja.hall"},"url":"https:\/\/www.immobilienbusiness.ch\/fr\/author\/anja-hall\/"}]}},"_links":{"self":[{"href":"https:\/\/www.immobilienbusiness.ch\/fr\/wp-json\/wp\/v2\/posts\/54304","targetHints":{"allow":["GET"]}}],"collection":[{"href":"https:\/\/www.immobilienbusiness.ch\/fr\/wp-json\/wp\/v2\/posts"}],"about":[{"href":"https:\/\/www.immobilienbusiness.ch\/fr\/wp-json\/wp\/v2\/types\/post"}],"author":[{"embeddable":true,"href":"https:\/\/www.immobilienbusiness.ch\/fr\/wp-json\/wp\/v2\/users\/3"}],"replies":[{"embeddable":true,"href":"https:\/\/www.immobilienbusiness.ch\/fr\/wp-json\/wp\/v2\/comments?post=54304"}],"version-history":[{"count":1,"href":"https:\/\/www.immobilienbusiness.ch\/fr\/wp-json\/wp\/v2\/posts\/54304\/revisions"}],"predecessor-version":[{"id":54306,"href":"https:\/\/www.immobilienbusiness.ch\/fr\/wp-json\/wp\/v2\/posts\/54304\/revisions\/54306"}],"wp:featuredmedia":[{"embeddable":true,"href":"https:\/\/www.immobilienbusiness.ch\/fr\/wp-json\/wp\/v2\/media\/19010"}],"wp:attachment":[{"href":"https:\/\/www.immobilienbusiness.ch\/fr\/wp-json\/wp\/v2\/media?parent=54304"}],"wp:term":[{"taxonomy":"category","embeddable":true,"href":"https:\/\/www.immobilienbusiness.ch\/fr\/wp-json\/wp\/v2\/categories?post=54304"},{"taxonomy":"post_tag","embeddable":true,"href":"https:\/\/www.immobilienbusiness.ch\/fr\/wp-json\/wp\/v2\/tags?post=54304"}],"curies":[{"name":"wp","href":"https:\/\/api.w.org\/{rel}","templated":true}]}}