{"id":54206,"date":"2023-11-03T07:45:44","date_gmt":"2023-11-03T06:45:44","guid":{"rendered":"https:\/\/www.immobilienbusiness.ch\/?p=54206"},"modified":"2023-11-02T18:21:08","modified_gmt":"2023-11-02T17:21:08","slug":"jll-ernennt-neuen-head-markets-switzerland","status":"publish","type":"post","link":"https:\/\/www.immobilienbusiness.ch\/fr\/personalia\/2023-11-03\/jll-ernennt-neuen-head-markets-switzerland\/","title":{"rendered":"JLL nomme un nouveau responsable des march\u00e9s suisses"},"content":{"rendered":"<figure id=\"attachment_54208\" aria-describedby=\"caption-attachment-54208\" style=\"width: 3949px\" class=\"wp-caption alignnone\"><a href=\"https:\/\/www.immobilienbusiness.ch\/wp-content\/uploads\/2023\/11\/Anita-Bleiker-1.png\"><img loading=\"lazy\" decoding=\"async\" class=\"size-full wp-image-54208\" src=\"https:\/\/www.immobilienbusiness.ch\/wp-content\/uploads\/2023\/11\/Anita-Bleiker-1.png\" alt=\"\" width=\"3949\" height=\"2633\" srcset=\"https:\/\/www.immobilienbusiness.ch\/wp-content\/uploads\/2023\/11\/Anita-Bleiker-1.png 1200w, https:\/\/www.immobilienbusiness.ch\/wp-content\/uploads\/2023\/11\/Anita-Bleiker-1-300x200.png 300w, https:\/\/www.immobilienbusiness.ch\/wp-content\/uploads\/2023\/11\/Anita-Bleiker-1-1024x683.png 1024w, https:\/\/www.immobilienbusiness.ch\/wp-content\/uploads\/2023\/11\/Anita-Bleiker-1-768x512.png 768w, https:\/\/www.immobilienbusiness.ch\/wp-content\/uploads\/2023\/11\/Anita-Bleiker-1-1536x1024.png 1536w, https:\/\/www.immobilienbusiness.ch\/wp-content\/uploads\/2023\/11\/Anita-Bleiker-1-2048x1366.png 2048w, https:\/\/www.immobilienbusiness.ch\/wp-content\/uploads\/2023\/11\/Anita-Bleiker-1-18x12.png 18w, https:\/\/www.immobilienbusiness.ch\/wp-content\/uploads\/2023\/11\/Anita-Bleiker-1-375x250.png 375w, https:\/\/www.immobilienbusiness.ch\/wp-content\/uploads\/2023\/11\/Anita-Bleiker-1-525x350.png 525w, https:\/\/www.immobilienbusiness.ch\/wp-content\/uploads\/2023\/11\/Anita-Bleiker-1-1000x667.png 1000w\" sizes=\"auto, (max-width: 3949px) 100vw, 3949px\" \/><\/a><figcaption id=\"caption-attachment-54208\" class=\"wp-caption-text\">Anita Bleiker (source : JLL)<\/figcaption><\/figure>\n<p>Sophie Carliez, qui a travaill\u00e9 environ cinq ans pour JLL et qui \u00e9tait derni\u00e8rement responsable du secteur Markets pour la Suisse romande, a d\u00e9cid\u00e9 de relever un nouveau d\u00e9fi professionnel en dehors de l'entreprise, communique JLL. C'est pourquoi Anita Bleiker assume d\u00e8s \u00e0 pr\u00e9sent, en plus de son r\u00f4le actuel en Suisse al\u00e9manique, la responsabilit\u00e9 au niveau national des \u00e9quipes d'experts dans la repr\u00e9sentation des propri\u00e9taires et des locataires. \"Je suis tr\u00e8s heureux qu'avec Anita Bleiker, nous puissions confier davantage de responsabilit\u00e9s \u00e0 une dirigeante engag\u00e9e et exp\u00e9riment\u00e9e\", d\u00e9clare Jan Eckert, CEO Switzerland &amp; Capital Markets Lead DACH chez JLL. \"Ces derni\u00e8res ann\u00e9es, Anita Bleiker a d\u00e9velopp\u00e9 avec succ\u00e8s le secteur de la repr\u00e9sentation des propri\u00e9taires et des locataires en Suisse al\u00e9manique et elle le fera \u00e0 l'avenir pour toute la Suisse\". Par ailleurs, elle conserve son si\u00e8ge au sein de la direction de JLL Suisse, aux c\u00f4t\u00e9s de Jan Eckert, Gregor Strocka, Daniel Macht et Daniel Stocker.<\/p>\n<p>Bleiker travaille chez JLL depuis mai 2014 et dispose d'une longue exp\u00e9rience dans la commercialisation de surfaces commerciales et dans la repr\u00e9sentation de locataires.<\/p>\n<p>Oliva Siger (Vice President - Valuation &amp; Advisory) et Olivier Metzenthin (Vice President - Capital Markets) sont les nouveaux repr\u00e9sentants du bureau de JLL \u00e0 Gen\u00e8ve. Tous deux travaillent depuis plusieurs ann\u00e9es pour JLL en Suisse romande et sont coresponsables, outre leurs propres disciplines de conseil, des relations clients interd\u00e9partementales ainsi que de l'orientation strat\u00e9gique du bureau de Gen\u00e8ve. <em>(M.ARR.)<\/em><\/p>","protected":false},"excerpt":{"rendered":"<p>La soci\u00e9t\u00e9 de conseil en immobilier JLL a nomm\u00e9 Anita Bleiker Head Markets pour toute la Suisse.<\/p>","protected":false},"author":3,"featured_media":54208,"comment_status":"closed","ping_status":"closed","sticky":false,"template":"","format":"standard","meta":{"_acf_changed":false,"_yoast_wpseo_focuskw":"JLL","_yoast_wpseo_title":"","_yoast_wpseo_metadesc":"Das Immobilienberatungsunternehmen JLL hat Anita Bleiker zum Head Markets fu\u0308r die gesamte Schweiz ernannt.","_yoast_wpseo_linkdex":55,"pgc_sgb_lightbox_settings":"","footnotes":""},"categories":[1912],"tags":[1391,1563],"class_list":["post-54206","post","type-post","status-publish","format-standard","has-post-thumbnail","hentry","category-personalia","tag-jll","tag-personalia"],"acf":[],"yoast_head":"<!-- This site is optimized with the Yoast SEO plugin v27.4 - https:\/\/yoast.com\/product\/yoast-seo-wordpress\/ -->\n<title>JLL ernennt neuen Head Markets Switzerland - IMMOBILIEN Business<\/title>\n<meta name=\"description\" content=\"Das Immobilienberatungsunternehmen JLL hat Anita Bleiker zum Head Markets fu\u0308r die gesamte Schweiz ernannt.\" \/>\n<meta name=\"robots\" content=\"index, follow, max-snippet:-1, max-image-preview:large, max-video-preview:-1\" \/>\n<link rel=\"canonical\" href=\"https:\/\/www.immobilienbusiness.ch\/fr\/personalia\/2023-11-03\/jll-ernennt-neuen-head-markets-switzerland\/\" \/>\n<meta property=\"og:locale\" content=\"fr_FR\" \/>\n<meta property=\"og:type\" content=\"article\" \/>\n<meta property=\"og:title\" content=\"JLL ernennt neuen Head Markets Switzerland - IMMOBILIEN Business\" \/>\n<meta property=\"og:description\" content=\"Das Immobilienberatungsunternehmen JLL hat Anita Bleiker zum Head Markets fu\u0308r die gesamte Schweiz ernannt.\" \/>\n<meta property=\"og:url\" content=\"https:\/\/www.immobilienbusiness.ch\/fr\/personalia\/2023-11-03\/jll-ernennt-neuen-head-markets-switzerland\/\" \/>\n<meta property=\"og:site_name\" content=\"IMMOBILIEN Business\" \/>\n<meta property=\"article:publisher\" content=\"https:\/\/www.facebook.com\/immobilienbusiness\/\" \/>\n<meta property=\"article:published_time\" content=\"2023-11-03T06:45:44+00:00\" \/>\n<meta property=\"og:image\" content=\"https:\/\/www.immobilienbusiness.ch\/wp-content\/uploads\/2023\/11\/Anita-Bleiker-1.png\" \/>\n\t<meta property=\"og:image:width\" content=\"1200\" \/>\n\t<meta property=\"og:image:height\" content=\"800\" \/>\n\t<meta property=\"og:image:type\" content=\"image\/png\" \/>\n<meta name=\"author\" content=\"anja.hall\" \/>\n<meta name=\"twitter:card\" content=\"summary_large_image\" \/>\n<script type=\"application\/ld+json\" class=\"yoast-schema-graph\">{\"@context\":\"https:\\\/\\\/schema.org\",\"@graph\":[{\"@type\":\"Article\",\"@id\":\"https:\\\/\\\/www.immobilienbusiness.ch\\\/it\\\/personalia\\\/2023-11-03\\\/jll-ernennt-neuen-head-markets-switzerland\\\/#article\",\"isPartOf\":{\"@id\":\"https:\\\/\\\/www.immobilienbusiness.ch\\\/it\\\/personalia\\\/2023-11-03\\\/jll-ernennt-neuen-head-markets-switzerland\\\/\"},\"author\":{\"name\":\"anja.hall\",\"@id\":\"https:\\\/\\\/www.immobilienbusiness.ch\\\/#\\\/schema\\\/person\\\/3fc036297b10b9f42d6db5ee932af8c8\"},\"headline\":\"JLL ernennt neuen Head Markets Switzerland\",\"datePublished\":\"2023-11-03T06:45:44+00:00\",\"mainEntityOfPage\":{\"@id\":\"https:\\\/\\\/www.immobilienbusiness.ch\\\/it\\\/personalia\\\/2023-11-03\\\/jll-ernennt-neuen-head-markets-switzerland\\\/\"},\"wordCount\":261,\"publisher\":{\"@id\":\"https:\\\/\\\/www.immobilienbusiness.ch\\\/#organization\"},\"image\":{\"@id\":\"https:\\\/\\\/www.immobilienbusiness.ch\\\/it\\\/personalia\\\/2023-11-03\\\/jll-ernennt-neuen-head-markets-switzerland\\\/#primaryimage\"},\"thumbnailUrl\":\"https:\\\/\\\/www.immobilienbusiness.ch\\\/wp-content\\\/uploads\\\/2023\\\/11\\\/Anita-Bleiker-1.png\",\"keywords\":[\"JLL\",\"Personalia\"],\"articleSection\":[\"PERSONALIA\"],\"inLanguage\":\"fr-FR\"},{\"@type\":\"WebPage\",\"@id\":\"https:\\\/\\\/www.immobilienbusiness.ch\\\/it\\\/personalia\\\/2023-11-03\\\/jll-ernennt-neuen-head-markets-switzerland\\\/\",\"url\":\"https:\\\/\\\/www.immobilienbusiness.ch\\\/it\\\/personalia\\\/2023-11-03\\\/jll-ernennt-neuen-head-markets-switzerland\\\/\",\"name\":\"JLL ernennt neuen Head Markets Switzerland - IMMOBILIEN Business\",\"isPartOf\":{\"@id\":\"https:\\\/\\\/www.immobilienbusiness.ch\\\/#website\"},\"primaryImageOfPage\":{\"@id\":\"https:\\\/\\\/www.immobilienbusiness.ch\\\/it\\\/personalia\\\/2023-11-03\\\/jll-ernennt-neuen-head-markets-switzerland\\\/#primaryimage\"},\"image\":{\"@id\":\"https:\\\/\\\/www.immobilienbusiness.ch\\\/it\\\/personalia\\\/2023-11-03\\\/jll-ernennt-neuen-head-markets-switzerland\\\/#primaryimage\"},\"thumbnailUrl\":\"https:\\\/\\\/www.immobilienbusiness.ch\\\/wp-content\\\/uploads\\\/2023\\\/11\\\/Anita-Bleiker-1.png\",\"datePublished\":\"2023-11-03T06:45:44+00:00\",\"description\":\"Das Immobilienberatungsunternehmen JLL hat Anita Bleiker zum Head Markets fu\u0308r die gesamte Schweiz ernannt.\",\"breadcrumb\":{\"@id\":\"https:\\\/\\\/www.immobilienbusiness.ch\\\/it\\\/personalia\\\/2023-11-03\\\/jll-ernennt-neuen-head-markets-switzerland\\\/#breadcrumb\"},\"inLanguage\":\"fr-FR\",\"potentialAction\":[{\"@type\":\"ReadAction\",\"target\":[\"https:\\\/\\\/www.immobilienbusiness.ch\\\/it\\\/personalia\\\/2023-11-03\\\/jll-ernennt-neuen-head-markets-switzerland\\\/\"]}]},{\"@type\":\"ImageObject\",\"inLanguage\":\"fr-FR\",\"@id\":\"https:\\\/\\\/www.immobilienbusiness.ch\\\/it\\\/personalia\\\/2023-11-03\\\/jll-ernennt-neuen-head-markets-switzerland\\\/#primaryimage\",\"url\":\"https:\\\/\\\/www.immobilienbusiness.ch\\\/wp-content\\\/uploads\\\/2023\\\/11\\\/Anita-Bleiker-1.png\",\"contentUrl\":\"https:\\\/\\\/www.immobilienbusiness.ch\\\/wp-content\\\/uploads\\\/2023\\\/11\\\/Anita-Bleiker-1.png\",\"width\":1200,\"height\":800,\"caption\":\"Anita Bleiker (Quelle: JLL)\"},{\"@type\":\"BreadcrumbList\",\"@id\":\"https:\\\/\\\/www.immobilienbusiness.ch\\\/it\\\/personalia\\\/2023-11-03\\\/jll-ernennt-neuen-head-markets-switzerland\\\/#breadcrumb\",\"itemListElement\":[{\"@type\":\"ListItem\",\"position\":1,\"name\":\"Home\",\"item\":\"https:\\\/\\\/www.immobilienbusiness.ch\\\/\"},{\"@type\":\"ListItem\",\"position\":2,\"name\":\"JLL ernennt neuen Head Markets Switzerland\"}]},{\"@type\":\"WebSite\",\"@id\":\"https:\\\/\\\/www.immobilienbusiness.ch\\\/#website\",\"url\":\"https:\\\/\\\/www.immobilienbusiness.ch\\\/\",\"name\":\"IMMOBILIEN Business\",\"description\":\"Unabh\u00e4ngiges Schweizer Wirtschaftsmagazin mit Fokus auf Immobilien, Architektur- und Bau sowie Investment- und Finanzierung.\",\"publisher\":{\"@id\":\"https:\\\/\\\/www.immobilienbusiness.ch\\\/#organization\"},\"potentialAction\":[{\"@type\":\"SearchAction\",\"target\":{\"@type\":\"EntryPoint\",\"urlTemplate\":\"https:\\\/\\\/www.immobilienbusiness.ch\\\/?s={search_term_string}\"},\"query-input\":{\"@type\":\"PropertyValueSpecification\",\"valueRequired\":true,\"valueName\":\"search_term_string\"}}],\"inLanguage\":\"fr-FR\"},{\"@type\":\"Organization\",\"@id\":\"https:\\\/\\\/www.immobilienbusiness.ch\\\/#organization\",\"name\":\"IMMOBILIEN Business\",\"url\":\"https:\\\/\\\/www.immobilienbusiness.ch\\\/\",\"logo\":{\"@type\":\"ImageObject\",\"inLanguage\":\"fr-FR\",\"@id\":\"https:\\\/\\\/www.immobilienbusiness.ch\\\/#\\\/schema\\\/logo\\\/image\\\/\",\"url\":\"https:\\\/\\\/www.immobilienbusiness.ch\\\/wp-content\\\/uploads\\\/2021\\\/07\\\/logo_ib.png\",\"contentUrl\":\"https:\\\/\\\/www.immobilienbusiness.ch\\\/wp-content\\\/uploads\\\/2021\\\/07\\\/logo_ib.png\",\"width\":800,\"height\":181,\"caption\":\"IMMOBILIEN Business\"},\"image\":{\"@id\":\"https:\\\/\\\/www.immobilienbusiness.ch\\\/#\\\/schema\\\/logo\\\/image\\\/\"},\"sameAs\":[\"https:\\\/\\\/www.facebook.com\\\/immobilienbusiness\\\/\"]},{\"@type\":\"Person\",\"@id\":\"https:\\\/\\\/www.immobilienbusiness.ch\\\/#\\\/schema\\\/person\\\/3fc036297b10b9f42d6db5ee932af8c8\",\"name\":\"anja.hall\",\"image\":{\"@type\":\"ImageObject\",\"inLanguage\":\"fr-FR\",\"@id\":\"https:\\\/\\\/secure.gravatar.com\\\/avatar\\\/066b5a0d447013502c71a5782f4f3469f03cfe595cc2329fb94652fe47511bfb?s=96&d=mm&r=g\",\"url\":\"https:\\\/\\\/secure.gravatar.com\\\/avatar\\\/066b5a0d447013502c71a5782f4f3469f03cfe595cc2329fb94652fe47511bfb?s=96&d=mm&r=g\",\"contentUrl\":\"https:\\\/\\\/secure.gravatar.com\\\/avatar\\\/066b5a0d447013502c71a5782f4f3469f03cfe595cc2329fb94652fe47511bfb?s=96&d=mm&r=g\",\"caption\":\"anja.hall\"},\"url\":\"https:\\\/\\\/www.immobilienbusiness.ch\\\/fr\\\/author\\\/anja-hall\\\/\"}]}<\/script>\n<!-- \/ Yoast SEO plugin. -->","yoast_head_json":{"title":"JLL nomme un nouveau responsable des march\u00e9s suisses - IMMOBILIER Business","description":"La soci\u00e9t\u00e9 de conseil en immobilier JLL a nomm\u00e9 Anita Bleiker Head Markets pour toute la Suisse.","robots":{"index":"index","follow":"follow","max-snippet":"max-snippet:-1","max-image-preview":"max-image-preview:large","max-video-preview":"max-video-preview:-1"},"canonical":"https:\/\/www.immobilienbusiness.ch\/fr\/personalia\/2023-11-03\/jll-ernennt-neuen-head-markets-switzerland\/","og_locale":"fr_FR","og_type":"article","og_title":"JLL ernennt neuen Head Markets Switzerland - IMMOBILIEN Business","og_description":"Das Immobilienberatungsunternehmen JLL hat Anita Bleiker zum Head Markets fu\u0308r die gesamte Schweiz ernannt.","og_url":"https:\/\/www.immobilienbusiness.ch\/fr\/personalia\/2023-11-03\/jll-ernennt-neuen-head-markets-switzerland\/","og_site_name":"IMMOBILIEN Business","article_publisher":"https:\/\/www.facebook.com\/immobilienbusiness\/","article_published_time":"2023-11-03T06:45:44+00:00","og_image":[{"width":1200,"height":800,"url":"https:\/\/www.immobilienbusiness.ch\/wp-content\/uploads\/2023\/11\/Anita-Bleiker-1.png","type":"image\/png"}],"author":"anja.hall","twitter_card":"summary_large_image","schema":{"@context":"https:\/\/schema.org","@graph":[{"@type":"Article","@id":"https:\/\/www.immobilienbusiness.ch\/it\/personalia\/2023-11-03\/jll-ernennt-neuen-head-markets-switzerland\/#article","isPartOf":{"@id":"https:\/\/www.immobilienbusiness.ch\/it\/personalia\/2023-11-03\/jll-ernennt-neuen-head-markets-switzerland\/"},"author":{"name":"anja.hall","@id":"https:\/\/www.immobilienbusiness.ch\/#\/schema\/person\/3fc036297b10b9f42d6db5ee932af8c8"},"headline":"JLL ernennt neuen Head Markets Switzerland","datePublished":"2023-11-03T06:45:44+00:00","mainEntityOfPage":{"@id":"https:\/\/www.immobilienbusiness.ch\/it\/personalia\/2023-11-03\/jll-ernennt-neuen-head-markets-switzerland\/"},"wordCount":261,"publisher":{"@id":"https:\/\/www.immobilienbusiness.ch\/#organization"},"image":{"@id":"https:\/\/www.immobilienbusiness.ch\/it\/personalia\/2023-11-03\/jll-ernennt-neuen-head-markets-switzerland\/#primaryimage"},"thumbnailUrl":"https:\/\/www.immobilienbusiness.ch\/wp-content\/uploads\/2023\/11\/Anita-Bleiker-1.png","keywords":["JLL","Personalia"],"articleSection":["PERSONALIA"],"inLanguage":"fr-FR"},{"@type":"WebPage","@id":"https:\/\/www.immobilienbusiness.ch\/it\/personalia\/2023-11-03\/jll-ernennt-neuen-head-markets-switzerland\/","url":"https:\/\/www.immobilienbusiness.ch\/it\/personalia\/2023-11-03\/jll-ernennt-neuen-head-markets-switzerland\/","name":"JLL nomme un nouveau responsable des march\u00e9s suisses - IMMOBILIER Business","isPartOf":{"@id":"https:\/\/www.immobilienbusiness.ch\/#website"},"primaryImageOfPage":{"@id":"https:\/\/www.immobilienbusiness.ch\/it\/personalia\/2023-11-03\/jll-ernennt-neuen-head-markets-switzerland\/#primaryimage"},"image":{"@id":"https:\/\/www.immobilienbusiness.ch\/it\/personalia\/2023-11-03\/jll-ernennt-neuen-head-markets-switzerland\/#primaryimage"},"thumbnailUrl":"https:\/\/www.immobilienbusiness.ch\/wp-content\/uploads\/2023\/11\/Anita-Bleiker-1.png","datePublished":"2023-11-03T06:45:44+00:00","description":"La soci\u00e9t\u00e9 de conseil en immobilier JLL a nomm\u00e9 Anita Bleiker Head Markets pour toute la Suisse.","breadcrumb":{"@id":"https:\/\/www.immobilienbusiness.ch\/it\/personalia\/2023-11-03\/jll-ernennt-neuen-head-markets-switzerland\/#breadcrumb"},"inLanguage":"fr-FR","potentialAction":[{"@type":"ReadAction","target":["https:\/\/www.immobilienbusiness.ch\/it\/personalia\/2023-11-03\/jll-ernennt-neuen-head-markets-switzerland\/"]}]},{"@type":"ImageObject","inLanguage":"fr-FR","@id":"https:\/\/www.immobilienbusiness.ch\/it\/personalia\/2023-11-03\/jll-ernennt-neuen-head-markets-switzerland\/#primaryimage","url":"https:\/\/www.immobilienbusiness.ch\/wp-content\/uploads\/2023\/11\/Anita-Bleiker-1.png","contentUrl":"https:\/\/www.immobilienbusiness.ch\/wp-content\/uploads\/2023\/11\/Anita-Bleiker-1.png","width":1200,"height":800,"caption":"Anita Bleiker (Quelle: JLL)"},{"@type":"BreadcrumbList","@id":"https:\/\/www.immobilienbusiness.ch\/it\/personalia\/2023-11-03\/jll-ernennt-neuen-head-markets-switzerland\/#breadcrumb","itemListElement":[{"@type":"ListItem","position":1,"name":"Home","item":"https:\/\/www.immobilienbusiness.ch\/"},{"@type":"ListItem","position":2,"name":"JLL ernennt neuen Head Markets Switzerland"}]},{"@type":"WebSite","@id":"https:\/\/www.immobilienbusiness.ch\/#website","url":"https:\/\/www.immobilienbusiness.ch\/","name":"IMMOBILIER Business","description":"Magazine \u00e9conomique suisse ind\u00e9pendant ax\u00e9 sur l'immobilier, l'architecture et la construction ainsi que sur les investissements et le financement.","publisher":{"@id":"https:\/\/www.immobilienbusiness.ch\/#organization"},"potentialAction":[{"@type":"SearchAction","target":{"@type":"EntryPoint","urlTemplate":"https:\/\/www.immobilienbusiness.ch\/?s={search_term_string}"},"query-input":{"@type":"PropertyValueSpecification","valueRequired":true,"valueName":"search_term_string"}}],"inLanguage":"fr-FR"},{"@type":"Organization","@id":"https:\/\/www.immobilienbusiness.ch\/#organization","name":"IMMOBILIER Business","url":"https:\/\/www.immobilienbusiness.ch\/","logo":{"@type":"ImageObject","inLanguage":"fr-FR","@id":"https:\/\/www.immobilienbusiness.ch\/#\/schema\/logo\/image\/","url":"https:\/\/www.immobilienbusiness.ch\/wp-content\/uploads\/2021\/07\/logo_ib.png","contentUrl":"https:\/\/www.immobilienbusiness.ch\/wp-content\/uploads\/2021\/07\/logo_ib.png","width":800,"height":181,"caption":"IMMOBILIEN Business"},"image":{"@id":"https:\/\/www.immobilienbusiness.ch\/#\/schema\/logo\/image\/"},"sameAs":["https:\/\/www.facebook.com\/immobilienbusiness\/"]},{"@type":"Person","@id":"https:\/\/www.immobilienbusiness.ch\/#\/schema\/person\/3fc036297b10b9f42d6db5ee932af8c8","name":"anja.hall","image":{"@type":"ImageObject","inLanguage":"fr-FR","@id":"https:\/\/secure.gravatar.com\/avatar\/066b5a0d447013502c71a5782f4f3469f03cfe595cc2329fb94652fe47511bfb?s=96&d=mm&r=g","url":"https:\/\/secure.gravatar.com\/avatar\/066b5a0d447013502c71a5782f4f3469f03cfe595cc2329fb94652fe47511bfb?s=96&d=mm&r=g","contentUrl":"https:\/\/secure.gravatar.com\/avatar\/066b5a0d447013502c71a5782f4f3469f03cfe595cc2329fb94652fe47511bfb?s=96&d=mm&r=g","caption":"anja.hall"},"url":"https:\/\/www.immobilienbusiness.ch\/fr\/author\/anja-hall\/"}]}},"_links":{"self":[{"href":"https:\/\/www.immobilienbusiness.ch\/fr\/wp-json\/wp\/v2\/posts\/54206","targetHints":{"allow":["GET"]}}],"collection":[{"href":"https:\/\/www.immobilienbusiness.ch\/fr\/wp-json\/wp\/v2\/posts"}],"about":[{"href":"https:\/\/www.immobilienbusiness.ch\/fr\/wp-json\/wp\/v2\/types\/post"}],"author":[{"embeddable":true,"href":"https:\/\/www.immobilienbusiness.ch\/fr\/wp-json\/wp\/v2\/users\/3"}],"replies":[{"embeddable":true,"href":"https:\/\/www.immobilienbusiness.ch\/fr\/wp-json\/wp\/v2\/comments?post=54206"}],"version-history":[{"count":1,"href":"https:\/\/www.immobilienbusiness.ch\/fr\/wp-json\/wp\/v2\/posts\/54206\/revisions"}],"predecessor-version":[{"id":54209,"href":"https:\/\/www.immobilienbusiness.ch\/fr\/wp-json\/wp\/v2\/posts\/54206\/revisions\/54209"}],"wp:featuredmedia":[{"embeddable":true,"href":"https:\/\/www.immobilienbusiness.ch\/fr\/wp-json\/wp\/v2\/media\/54208"}],"wp:attachment":[{"href":"https:\/\/www.immobilienbusiness.ch\/fr\/wp-json\/wp\/v2\/media?parent=54206"}],"wp:term":[{"taxonomy":"category","embeddable":true,"href":"https:\/\/www.immobilienbusiness.ch\/fr\/wp-json\/wp\/v2\/categories?post=54206"},{"taxonomy":"post_tag","embeddable":true,"href":"https:\/\/www.immobilienbusiness.ch\/fr\/wp-json\/wp\/v2\/tags?post=54206"}],"curies":[{"name":"wp","href":"https:\/\/api.w.org\/{rel}","templated":true}]}}