{"id":542,"date":"2016-11-18T09:20:45","date_gmt":"2016-11-18T08:20:45","guid":{"rendered":"http:\/\/dev.immobilienbusiness.ch\/?p=542"},"modified":"2016-11-18T09:20:45","modified_gmt":"2016-11-18T08:20:45","slug":"basel-freitag-eroeffnet-store","status":"publish","type":"post","link":"https:\/\/www.immobilienbusiness.ch\/fr\/retail\/2016-11-18\/basel-freitag-eroeffnet-store\/","title":{"rendered":"B\u00e2le : FREITAG ouvre un magasin"},"content":{"rendered":"<figure id=\"attachment_5096\" aria-describedby=\"caption-attachment-5096\" style=\"width: 680px\" class=\"wp-caption alignnone\"><img loading=\"lazy\" decoding=\"async\" class=\"size-medium wp-image-5096\" src=\"https:\/\/immobilienbusiness.ch\/wp-content\/uploads\/2016\/11\/Basel-FREITAG-er\u00f6ffnet-Store-immobilien-business-2.jpg\" alt=\"\" width=\"680\" height=\"481\" \/><figcaption id=\"caption-attachment-5096\" class=\"wp-caption-text\">Le magasin FREITAG \u00e0 B\u00e2le (photo : Mathias Stich)<\/figcaption><\/figure>\n<p>Le magasin de la Gr\u00fcnpfahlgasse s'\u00e9tend sur 85 m\u00e8tres carr\u00e9s et le concept a \u00e9t\u00e9 d\u00e9velopp\u00e9 en collaboration avec spillmann echsle architekten. On a voulu reprendre l'id\u00e9e de \"communaut\u00e9 et de collaboration\" et c'est pourquoi on a amen\u00e9 des postes de travail de l'usine de Zurich-Oerlikon dans le magasin, fait savoir FREITAG. Les places doivent \u00eatre mises librement \u00e0 la disposition de tous les visiteurs.<\/p>\n<p>FREITAG exploite ses propres magasins en majorit\u00e9 en Suisse, il en existe trois autres en Allemagne et en Autriche. L'entreprise exploite \u00e9galement quatre magasins au total dans les m\u00e9tropoles asiatiques de Tokyo, Bangkok et Taipei. (ah)<\/p>","protected":false},"excerpt":{"rendered":"<p>Le 18 novembre, la manufacture de sacs zurichoise FREITAG ouvrira son douzi\u00e8me magasin en propre au Kaffeehaus Mitte \u00e0 B\u00e2le. Particularit\u00e9 : des postes d'\u00e9criture et de travail librement disponibles, avec lesquels on veut abolir la fronti\u00e8re entre magasin et caf\u00e9.<\/p>","protected":false},"author":1,"featured_media":5096,"comment_status":"open","ping_status":"open","sticky":false,"template":"","format":"standard","meta":{"_acf_changed":false,"_yoast_wpseo_focuskw":"FREITAG","_yoast_wpseo_title":"","_yoast_wpseo_metadesc":"Die Z\u00fcrcher Taschenmanufaktur FREITAG er\u00f6ffnet im Kaffeehaus Mitte in Basel ihr zw\u00f6lftes eigenes Gesch\u00e4ft mit frei verf\u00fcgbaren Schreib- und Arbeitspl\u00e4tzen.","_yoast_wpseo_linkdex":56,"pgc_sgb_lightbox_settings":"","footnotes":""},"categories":[987],"tags":[1069,1643],"class_list":["post-542","post","type-post","status-publish","format-standard","has-post-thumbnail","hentry","category-retail","tag-basel","tag-retail"],"acf":[],"yoast_head":"<!-- This site is optimized with the Yoast SEO plugin v27.5 - https:\/\/yoast.com\/product\/yoast-seo-wordpress\/ -->\n<title>Basel: FREITAG er\u00f6ffnet Store - IMMOBILIEN Business<\/title>\n<meta name=\"description\" content=\"Die Z\u00fcrcher Taschenmanufaktur FREITAG er\u00f6ffnet im Kaffeehaus Mitte in Basel ihr zw\u00f6lftes eigenes Gesch\u00e4ft mit frei verf\u00fcgbaren Schreib- und Arbeitspl\u00e4tzen.\" \/>\n<meta name=\"robots\" content=\"index, follow, max-snippet:-1, max-image-preview:large, max-video-preview:-1\" \/>\n<link rel=\"canonical\" href=\"https:\/\/www.immobilienbusiness.ch\/fr\/retail\/2016-11-18\/basel-freitag-eroeffnet-store\/\" \/>\n<meta property=\"og:locale\" content=\"fr_FR\" \/>\n<meta property=\"og:type\" content=\"article\" \/>\n<meta property=\"og:title\" content=\"Basel: FREITAG er\u00f6ffnet Store\" \/>\n<meta property=\"og:description\" content=\"Am 18. November er\u00f6ffnet die Z\u00fcrcher Taschenmanufaktur FREITAG im Kaffeehaus Mitte in Basel ihr zw\u00f6lftes eigenes Gesch\u00e4ft. Besonderheit sind frei verf\u00fcgbare Schreib- und Arbeitspl\u00e4tze, mit denen man die Grenze zwischen Store und Caf\u00e9 aufheben will.\" \/>\n<meta property=\"og:url\" content=\"https:\/\/www.immobilienbusiness.ch\/fr\/retail\/2016-11-18\/basel-freitag-eroeffnet-store\/\" \/>\n<meta property=\"og:site_name\" content=\"IMMOBILIEN Business\" \/>\n<meta property=\"article:publisher\" content=\"https:\/\/www.facebook.com\/immobilienbusiness\/\" \/>\n<meta property=\"article:published_time\" content=\"2016-11-18T08:20:45+00:00\" \/>\n<meta name=\"author\" content=\"Redaktion\" \/>\n<meta name=\"twitter:card\" content=\"summary_large_image\" \/>\n<meta name=\"twitter:image\" content=\"https:\/\/www.immobilienbusiness.ch\/wp-content\/uploads\/2016\/11\/Basel-FREITAG-eroeffnet-Store-immobilien-business-2.jpg\" \/>\n<script type=\"application\/ld+json\" class=\"yoast-schema-graph\">{\"@context\":\"https:\\\/\\\/schema.org\",\"@graph\":[{\"@type\":\"Article\",\"@id\":\"https:\\\/\\\/www.immobilienbusiness.ch\\\/retail\\\/2016-11-18\\\/basel-freitag-eroeffnet-store\\\/#article\",\"isPartOf\":{\"@id\":\"https:\\\/\\\/www.immobilienbusiness.ch\\\/retail\\\/2016-11-18\\\/basel-freitag-eroeffnet-store\\\/\"},\"author\":{\"name\":\"Redaktion\",\"@id\":\"https:\\\/\\\/www.immobilienbusiness.ch\\\/#\\\/schema\\\/person\\\/aa2bace6c5c5aad60102004a50c4eb1c\"},\"headline\":\"Basel: FREITAG er\u00f6ffnet Store\",\"datePublished\":\"2016-11-18T08:20:45+00:00\",\"mainEntityOfPage\":{\"@id\":\"https:\\\/\\\/www.immobilienbusiness.ch\\\/retail\\\/2016-11-18\\\/basel-freitag-eroeffnet-store\\\/\"},\"wordCount\":106,\"commentCount\":0,\"publisher\":{\"@id\":\"https:\\\/\\\/www.immobilienbusiness.ch\\\/#organization\"},\"image\":{\"@id\":\"https:\\\/\\\/www.immobilienbusiness.ch\\\/retail\\\/2016-11-18\\\/basel-freitag-eroeffnet-store\\\/#primaryimage\"},\"thumbnailUrl\":\"https:\\\/\\\/www.immobilienbusiness.ch\\\/wp-content\\\/uploads\\\/2016\\\/11\\\/Basel-FREITAG-eroeffnet-Store-immobilien-business-2.jpg\",\"keywords\":[\"Basel\",\"Retail\"],\"articleSection\":[\"RETAIL\"],\"inLanguage\":\"fr-FR\"},{\"@type\":\"WebPage\",\"@id\":\"https:\\\/\\\/www.immobilienbusiness.ch\\\/retail\\\/2016-11-18\\\/basel-freitag-eroeffnet-store\\\/\",\"url\":\"https:\\\/\\\/www.immobilienbusiness.ch\\\/retail\\\/2016-11-18\\\/basel-freitag-eroeffnet-store\\\/\",\"name\":\"Basel: FREITAG er\u00f6ffnet Store - IMMOBILIEN Business\",\"isPartOf\":{\"@id\":\"https:\\\/\\\/www.immobilienbusiness.ch\\\/#website\"},\"primaryImageOfPage\":{\"@id\":\"https:\\\/\\\/www.immobilienbusiness.ch\\\/retail\\\/2016-11-18\\\/basel-freitag-eroeffnet-store\\\/#primaryimage\"},\"image\":{\"@id\":\"https:\\\/\\\/www.immobilienbusiness.ch\\\/retail\\\/2016-11-18\\\/basel-freitag-eroeffnet-store\\\/#primaryimage\"},\"thumbnailUrl\":\"https:\\\/\\\/www.immobilienbusiness.ch\\\/wp-content\\\/uploads\\\/2016\\\/11\\\/Basel-FREITAG-eroeffnet-Store-immobilien-business-2.jpg\",\"datePublished\":\"2016-11-18T08:20:45+00:00\",\"description\":\"Die Z\u00fcrcher Taschenmanufaktur FREITAG er\u00f6ffnet im Kaffeehaus Mitte in Basel ihr zw\u00f6lftes eigenes Gesch\u00e4ft mit frei verf\u00fcgbaren Schreib- und Arbeitspl\u00e4tzen.\",\"breadcrumb\":{\"@id\":\"https:\\\/\\\/www.immobilienbusiness.ch\\\/retail\\\/2016-11-18\\\/basel-freitag-eroeffnet-store\\\/#breadcrumb\"},\"inLanguage\":\"fr-FR\",\"potentialAction\":[{\"@type\":\"ReadAction\",\"target\":[\"https:\\\/\\\/www.immobilienbusiness.ch\\\/retail\\\/2016-11-18\\\/basel-freitag-eroeffnet-store\\\/\"]}]},{\"@type\":\"ImageObject\",\"inLanguage\":\"fr-FR\",\"@id\":\"https:\\\/\\\/www.immobilienbusiness.ch\\\/retail\\\/2016-11-18\\\/basel-freitag-eroeffnet-store\\\/#primaryimage\",\"url\":\"https:\\\/\\\/www.immobilienbusiness.ch\\\/wp-content\\\/uploads\\\/2016\\\/11\\\/Basel-FREITAG-eroeffnet-Store-immobilien-business-2.jpg\",\"contentUrl\":\"https:\\\/\\\/www.immobilienbusiness.ch\\\/wp-content\\\/uploads\\\/2016\\\/11\\\/Basel-FREITAG-eroeffnet-Store-immobilien-business-2.jpg\",\"width\":2560,\"height\":1810,\"caption\":\"Der FREITAG-Store in Basel (Bild: Mathias Stich)\"},{\"@type\":\"BreadcrumbList\",\"@id\":\"https:\\\/\\\/www.immobilienbusiness.ch\\\/retail\\\/2016-11-18\\\/basel-freitag-eroeffnet-store\\\/#breadcrumb\",\"itemListElement\":[{\"@type\":\"ListItem\",\"position\":1,\"name\":\"Home\",\"item\":\"https:\\\/\\\/www.immobilienbusiness.ch\\\/\"},{\"@type\":\"ListItem\",\"position\":2,\"name\":\"Basel: FREITAG er\u00f6ffnet Store\"}]},{\"@type\":\"WebSite\",\"@id\":\"https:\\\/\\\/www.immobilienbusiness.ch\\\/#website\",\"url\":\"https:\\\/\\\/www.immobilienbusiness.ch\\\/\",\"name\":\"IMMOBILIEN Business\",\"description\":\"Unabh\u00e4ngiges Schweizer Wirtschaftsmagazin mit Fokus auf Immobilien, Architektur- und Bau sowie Investment- und Finanzierung.\",\"publisher\":{\"@id\":\"https:\\\/\\\/www.immobilienbusiness.ch\\\/#organization\"},\"potentialAction\":[{\"@type\":\"SearchAction\",\"target\":{\"@type\":\"EntryPoint\",\"urlTemplate\":\"https:\\\/\\\/www.immobilienbusiness.ch\\\/?s={search_term_string}\"},\"query-input\":{\"@type\":\"PropertyValueSpecification\",\"valueRequired\":true,\"valueName\":\"search_term_string\"}}],\"inLanguage\":\"fr-FR\"},{\"@type\":\"Organization\",\"@id\":\"https:\\\/\\\/www.immobilienbusiness.ch\\\/#organization\",\"name\":\"IMMOBILIEN Business\",\"url\":\"https:\\\/\\\/www.immobilienbusiness.ch\\\/\",\"logo\":{\"@type\":\"ImageObject\",\"inLanguage\":\"fr-FR\",\"@id\":\"https:\\\/\\\/www.immobilienbusiness.ch\\\/#\\\/schema\\\/logo\\\/image\\\/\",\"url\":\"https:\\\/\\\/www.immobilienbusiness.ch\\\/wp-content\\\/uploads\\\/2021\\\/07\\\/logo_ib.png\",\"contentUrl\":\"https:\\\/\\\/www.immobilienbusiness.ch\\\/wp-content\\\/uploads\\\/2021\\\/07\\\/logo_ib.png\",\"width\":800,\"height\":181,\"caption\":\"IMMOBILIEN Business\"},\"image\":{\"@id\":\"https:\\\/\\\/www.immobilienbusiness.ch\\\/#\\\/schema\\\/logo\\\/image\\\/\"},\"sameAs\":[\"https:\\\/\\\/www.facebook.com\\\/immobilienbusiness\\\/\"]},{\"@type\":\"Person\",\"@id\":\"https:\\\/\\\/www.immobilienbusiness.ch\\\/#\\\/schema\\\/person\\\/aa2bace6c5c5aad60102004a50c4eb1c\",\"name\":\"Redaktion\",\"image\":{\"@type\":\"ImageObject\",\"inLanguage\":\"fr-FR\",\"@id\":\"https:\\\/\\\/secure.gravatar.com\\\/avatar\\\/ae2f4d718e6c49043e314ce431e7e645d646302a24a5ef5a8bc8e3f5a032e319?s=96&d=mm&r=g\",\"url\":\"https:\\\/\\\/secure.gravatar.com\\\/avatar\\\/ae2f4d718e6c49043e314ce431e7e645d646302a24a5ef5a8bc8e3f5a032e319?s=96&d=mm&r=g\",\"contentUrl\":\"https:\\\/\\\/secure.gravatar.com\\\/avatar\\\/ae2f4d718e6c49043e314ce431e7e645d646302a24a5ef5a8bc8e3f5a032e319?s=96&d=mm&r=g\",\"caption\":\"Redaktion\"},\"sameAs\":[\"http:\\\/\\\/develop.organisator.galledia.ch\"],\"url\":\"https:\\\/\\\/www.immobilienbusiness.ch\\\/fr\\\/author\\\/admin\\\/\"}]}<\/script>\n<!-- \/ Yoast SEO plugin. -->","yoast_head_json":{"title":"B\u00e2le : FREITAG ouvre un magasin - IMMOBILIER Business","description":"La manufacture de sacs zurichoise FREITAG ouvre son douzi\u00e8me magasin en propre au Kaffeehaus Mitte \u00e0 B\u00e2le, avec des postes d'\u00e9criture et de travail librement disponibles.","robots":{"index":"index","follow":"follow","max-snippet":"max-snippet:-1","max-image-preview":"max-image-preview:large","max-video-preview":"max-video-preview:-1"},"canonical":"https:\/\/www.immobilienbusiness.ch\/fr\/retail\/2016-11-18\/basel-freitag-eroeffnet-store\/","og_locale":"fr_FR","og_type":"article","og_title":"Basel: FREITAG er\u00f6ffnet Store","og_description":"Am 18. November er\u00f6ffnet die Z\u00fcrcher Taschenmanufaktur FREITAG im Kaffeehaus Mitte in Basel ihr zw\u00f6lftes eigenes Gesch\u00e4ft. Besonderheit sind frei verf\u00fcgbare Schreib- und Arbeitspl\u00e4tze, mit denen man die Grenze zwischen Store und Caf\u00e9 aufheben will.","og_url":"https:\/\/www.immobilienbusiness.ch\/fr\/retail\/2016-11-18\/basel-freitag-eroeffnet-store\/","og_site_name":"IMMOBILIEN Business","article_publisher":"https:\/\/www.facebook.com\/immobilienbusiness\/","article_published_time":"2016-11-18T08:20:45+00:00","author":"Redaktion","twitter_card":"summary_large_image","twitter_image":"https:\/\/www.immobilienbusiness.ch\/wp-content\/uploads\/2016\/11\/Basel-FREITAG-eroeffnet-Store-immobilien-business-2.jpg","schema":{"@context":"https:\/\/schema.org","@graph":[{"@type":"Article","@id":"https:\/\/www.immobilienbusiness.ch\/retail\/2016-11-18\/basel-freitag-eroeffnet-store\/#article","isPartOf":{"@id":"https:\/\/www.immobilienbusiness.ch\/retail\/2016-11-18\/basel-freitag-eroeffnet-store\/"},"author":{"name":"Redaktion","@id":"https:\/\/www.immobilienbusiness.ch\/#\/schema\/person\/aa2bace6c5c5aad60102004a50c4eb1c"},"headline":"Basel: FREITAG er\u00f6ffnet Store","datePublished":"2016-11-18T08:20:45+00:00","mainEntityOfPage":{"@id":"https:\/\/www.immobilienbusiness.ch\/retail\/2016-11-18\/basel-freitag-eroeffnet-store\/"},"wordCount":106,"commentCount":0,"publisher":{"@id":"https:\/\/www.immobilienbusiness.ch\/#organization"},"image":{"@id":"https:\/\/www.immobilienbusiness.ch\/retail\/2016-11-18\/basel-freitag-eroeffnet-store\/#primaryimage"},"thumbnailUrl":"https:\/\/www.immobilienbusiness.ch\/wp-content\/uploads\/2016\/11\/Basel-FREITAG-eroeffnet-Store-immobilien-business-2.jpg","keywords":["Basel","Retail"],"articleSection":["RETAIL"],"inLanguage":"fr-FR"},{"@type":"WebPage","@id":"https:\/\/www.immobilienbusiness.ch\/retail\/2016-11-18\/basel-freitag-eroeffnet-store\/","url":"https:\/\/www.immobilienbusiness.ch\/retail\/2016-11-18\/basel-freitag-eroeffnet-store\/","name":"B\u00e2le : FREITAG ouvre un magasin - IMMOBILIER Business","isPartOf":{"@id":"https:\/\/www.immobilienbusiness.ch\/#website"},"primaryImageOfPage":{"@id":"https:\/\/www.immobilienbusiness.ch\/retail\/2016-11-18\/basel-freitag-eroeffnet-store\/#primaryimage"},"image":{"@id":"https:\/\/www.immobilienbusiness.ch\/retail\/2016-11-18\/basel-freitag-eroeffnet-store\/#primaryimage"},"thumbnailUrl":"https:\/\/www.immobilienbusiness.ch\/wp-content\/uploads\/2016\/11\/Basel-FREITAG-eroeffnet-Store-immobilien-business-2.jpg","datePublished":"2016-11-18T08:20:45+00:00","description":"La manufacture de sacs zurichoise FREITAG ouvre son douzi\u00e8me magasin en propre au Kaffeehaus Mitte \u00e0 B\u00e2le, avec des postes d'\u00e9criture et de travail librement disponibles.","breadcrumb":{"@id":"https:\/\/www.immobilienbusiness.ch\/retail\/2016-11-18\/basel-freitag-eroeffnet-store\/#breadcrumb"},"inLanguage":"fr-FR","potentialAction":[{"@type":"ReadAction","target":["https:\/\/www.immobilienbusiness.ch\/retail\/2016-11-18\/basel-freitag-eroeffnet-store\/"]}]},{"@type":"ImageObject","inLanguage":"fr-FR","@id":"https:\/\/www.immobilienbusiness.ch\/retail\/2016-11-18\/basel-freitag-eroeffnet-store\/#primaryimage","url":"https:\/\/www.immobilienbusiness.ch\/wp-content\/uploads\/2016\/11\/Basel-FREITAG-eroeffnet-Store-immobilien-business-2.jpg","contentUrl":"https:\/\/www.immobilienbusiness.ch\/wp-content\/uploads\/2016\/11\/Basel-FREITAG-eroeffnet-Store-immobilien-business-2.jpg","width":2560,"height":1810,"caption":"Der FREITAG-Store in Basel (Bild: Mathias Stich)"},{"@type":"BreadcrumbList","@id":"https:\/\/www.immobilienbusiness.ch\/retail\/2016-11-18\/basel-freitag-eroeffnet-store\/#breadcrumb","itemListElement":[{"@type":"ListItem","position":1,"name":"Home","item":"https:\/\/www.immobilienbusiness.ch\/"},{"@type":"ListItem","position":2,"name":"Basel: FREITAG er\u00f6ffnet Store"}]},{"@type":"WebSite","@id":"https:\/\/www.immobilienbusiness.ch\/#website","url":"https:\/\/www.immobilienbusiness.ch\/","name":"IMMOBILIER Business","description":"Magazine \u00e9conomique suisse ind\u00e9pendant ax\u00e9 sur l'immobilier, l'architecture et la construction ainsi que sur les investissements et le financement.","publisher":{"@id":"https:\/\/www.immobilienbusiness.ch\/#organization"},"potentialAction":[{"@type":"SearchAction","target":{"@type":"EntryPoint","urlTemplate":"https:\/\/www.immobilienbusiness.ch\/?s={search_term_string}"},"query-input":{"@type":"PropertyValueSpecification","valueRequired":true,"valueName":"search_term_string"}}],"inLanguage":"fr-FR"},{"@type":"Organization","@id":"https:\/\/www.immobilienbusiness.ch\/#organization","name":"IMMOBILIER Business","url":"https:\/\/www.immobilienbusiness.ch\/","logo":{"@type":"ImageObject","inLanguage":"fr-FR","@id":"https:\/\/www.immobilienbusiness.ch\/#\/schema\/logo\/image\/","url":"https:\/\/www.immobilienbusiness.ch\/wp-content\/uploads\/2021\/07\/logo_ib.png","contentUrl":"https:\/\/www.immobilienbusiness.ch\/wp-content\/uploads\/2021\/07\/logo_ib.png","width":800,"height":181,"caption":"IMMOBILIEN Business"},"image":{"@id":"https:\/\/www.immobilienbusiness.ch\/#\/schema\/logo\/image\/"},"sameAs":["https:\/\/www.facebook.com\/immobilienbusiness\/"]},{"@type":"Person","@id":"https:\/\/www.immobilienbusiness.ch\/#\/schema\/person\/aa2bace6c5c5aad60102004a50c4eb1c","name":"Editorial","image":{"@type":"ImageObject","inLanguage":"fr-FR","@id":"https:\/\/secure.gravatar.com\/avatar\/ae2f4d718e6c49043e314ce431e7e645d646302a24a5ef5a8bc8e3f5a032e319?s=96&d=mm&r=g","url":"https:\/\/secure.gravatar.com\/avatar\/ae2f4d718e6c49043e314ce431e7e645d646302a24a5ef5a8bc8e3f5a032e319?s=96&d=mm&r=g","contentUrl":"https:\/\/secure.gravatar.com\/avatar\/ae2f4d718e6c49043e314ce431e7e645d646302a24a5ef5a8bc8e3f5a032e319?s=96&d=mm&r=g","caption":"Redaktion"},"sameAs":["http:\/\/develop.organisator.galledia.ch"],"url":"https:\/\/www.immobilienbusiness.ch\/fr\/author\/admin\/"}]}},"_links":{"self":[{"href":"https:\/\/www.immobilienbusiness.ch\/fr\/wp-json\/wp\/v2\/posts\/542","targetHints":{"allow":["GET"]}}],"collection":[{"href":"https:\/\/www.immobilienbusiness.ch\/fr\/wp-json\/wp\/v2\/posts"}],"about":[{"href":"https:\/\/www.immobilienbusiness.ch\/fr\/wp-json\/wp\/v2\/types\/post"}],"author":[{"embeddable":true,"href":"https:\/\/www.immobilienbusiness.ch\/fr\/wp-json\/wp\/v2\/users\/1"}],"replies":[{"embeddable":true,"href":"https:\/\/www.immobilienbusiness.ch\/fr\/wp-json\/wp\/v2\/comments?post=542"}],"version-history":[{"count":0,"href":"https:\/\/www.immobilienbusiness.ch\/fr\/wp-json\/wp\/v2\/posts\/542\/revisions"}],"wp:featuredmedia":[{"embeddable":true,"href":"https:\/\/www.immobilienbusiness.ch\/fr\/wp-json\/wp\/v2\/media\/5096"}],"wp:attachment":[{"href":"https:\/\/www.immobilienbusiness.ch\/fr\/wp-json\/wp\/v2\/media?parent=542"}],"wp:term":[{"taxonomy":"category","embeddable":true,"href":"https:\/\/www.immobilienbusiness.ch\/fr\/wp-json\/wp\/v2\/categories?post=542"},{"taxonomy":"post_tag","embeddable":true,"href":"https:\/\/www.immobilienbusiness.ch\/fr\/wp-json\/wp\/v2\/tags?post=542"}],"curies":[{"name":"wp","href":"https:\/\/api.w.org\/{rel}","templated":true}]}}