{"id":54009,"date":"2023-10-25T05:00:52","date_gmt":"2023-10-25T03:00:52","guid":{"rendered":"https:\/\/www.immobilienbusiness.ch\/?p=54009"},"modified":"2023-10-26T09:41:05","modified_gmt":"2023-10-26T07:41:05","slug":"sfp-ast-swiss-real-estate-sammelt-kapital-fuer-zukaeufe-ein","status":"publish","type":"post","link":"https:\/\/www.immobilienbusiness.ch\/fr\/unternehmen\/2023-10-25\/sfp-ast-swiss-real-estate-sammelt-kapital-fuer-zukaeufe-ein\/","title":{"rendered":"SFP AST : Swiss Real Estate l\u00e8ve des fonds pour des acquisitions"},"content":{"rendered":"<figure id=\"attachment_9952\" aria-describedby=\"caption-attachment-9952\" style=\"width: 640px\" class=\"wp-caption alignnone\"><a href=\"https:\/\/www.immobilienbusiness.ch\/wp-content\/uploads\/2017\/11\/IB-News-20171106-Kapitalerhoehung-Swisscanto-Commercial.jpg\"><img loading=\"lazy\" decoding=\"async\" class=\"size-full wp-image-9952\" src=\"https:\/\/www.immobilienbusiness.ch\/wp-content\/uploads\/2017\/11\/IB-News-20171106-Kapitalerhoehung-Swisscanto-Commercial.jpg\" alt=\"\" width=\"640\" height=\"426\" srcset=\"https:\/\/www.immobilienbusiness.ch\/wp-content\/uploads\/2017\/11\/IB-News-20171106-Kapitalerhoehung-Swisscanto-Commercial.jpg 640w, https:\/\/www.immobilienbusiness.ch\/wp-content\/uploads\/2017\/11\/IB-News-20171106-Kapitalerhoehung-Swisscanto-Commercial-300x200.jpg 300w, https:\/\/www.immobilienbusiness.ch\/wp-content\/uploads\/2017\/11\/IB-News-20171106-Kapitalerhoehung-Swisscanto-Commercial-16x12.jpg 16w, https:\/\/www.immobilienbusiness.ch\/wp-content\/uploads\/2017\/11\/IB-News-20171106-Kapitalerhoehung-Swisscanto-Commercial-263x175.jpg 263w, https:\/\/www.immobilienbusiness.ch\/wp-content\/uploads\/2017\/11\/IB-News-20171106-Kapitalerhoehung-Swisscanto-Commercial-526x350.jpg 526w\" sizes=\"auto, (max-width: 640px) 100vw, 640px\" \/><\/a><figcaption id=\"caption-attachment-9952\" class=\"wp-caption-text\">SFP AST Swiss Real Estate cherche des capitaux frais pour son pipeline d'acquisitions bien rempli (Image : Pixabay)<\/figcaption><\/figure>\n<p>La SFP Fondation de placement proc\u00e8de \u00e0 une lev\u00e9e de fonds pour le groupe de placement SFP AST Swiss Real Estate \u00e0 partir du 30 octobre. Il est pr\u00e9vu d'\u00e9tendre le portefeuille avec des immeubles rattach\u00e9s pour un volume d'environ 85 millions de CHF. D'autres acquisitions doivent \u00eatre examin\u00e9es durant l'exercice en cours. Le portefeuille fra\u00eechement \u00e9valu\u00e9 s'\u00e9l\u00e8ve \u00e0 une valeur de march\u00e9 de 655,3 millions de CHF au 31 ao\u00fbt, r\u00e9partis sur 36 immeubles.<\/p>\n<h3>Acquisitions \u00e0 B\u00e2le, Dielsdorf, Troinex et Saint-Gall<\/h3>\n<p>Les nouveaux fonds doivent permettre de d\u00e9velopper une grande partie du pipeline connect\u00e9, compos\u00e9 de quatre immeubles. Un immeuble commercial \u00e0 B\u00e2le, sur la place du march\u00e9, a d\u00e9j\u00e0 \u00e9t\u00e9 authentifi\u00e9 et int\u00e9gr\u00e9 au portefeuille. Un immeuble d'habitation \u00e0 Dielsdorf est en cours d'ach\u00e8vement et sera int\u00e9gr\u00e9 dans le groupe de placement au plus tard en janvier 2024. Le d\u00e9veloppement \u00e0 Saint-Gall est en cours d'examen exclusif et le d\u00e9but de la construction est pr\u00e9vu pour le printemps 2024.<\/p>\n<h3>\"Des opportunit\u00e9s d'acquisition passionnantes\"<\/h3>\n<p>\"Le march\u00e9 offre des possibilit\u00e9s d'acquisition exceptionnellement int\u00e9ressantes\", \u00e9crit la SFP dans un communiqu\u00e9. Le groupe de placement examine actuellement plusieurs objets dans diff\u00e9rentes r\u00e9gions, d'une valeur de march\u00e9 sup\u00e9rieure \u00e0 120 millions de CHF, qui pourraient encore \u00eatre int\u00e9gr\u00e9s au portefeuille au quatri\u00e8me trimestre. \"En fonction du volume des souscriptions, d'autres biens immobiliers devraient \u00eatre acquis au cours de l'exercice en cours\", pr\u00e9cise le communiqu\u00e9.<\/p>\n<p>Les investisseurs existants et les nouveaux investisseurs qui, selon la l\u00e9gislation suisse ainsi que les statuts de la SFP Fondation de placement, peuvent investir dans des fondations de placement exon\u00e9r\u00e9es d'imp\u00f4ts, peuvent participer \u00e0 la lev\u00e9e de capital. L'augmentation de capital se termine le 10 novembre. <em>(aw)<\/em><\/p>","protected":false},"excerpt":{"rendered":"<p>Avec les moyens d'une augmentation de capital, le groupe de placement veut acqu\u00e9rir des immeubles rattach\u00e9s pour 85 millions, des achats pour jusqu'\u00e0 120 millions sont \u00e0 l'\u00e9tude.<\/p>","protected":false},"author":102,"featured_media":9952,"comment_status":"closed","ping_status":"closed","sticky":false,"template":"","format":"standard","meta":{"_acf_changed":false,"_yoast_wpseo_focuskw":"SFP","_yoast_wpseo_title":"","_yoast_wpseo_metadesc":"Mit den Mitteln einer Kapitalerh\u00f6hung will die Anlagegruppe angebundene Liegenschaften f\u00fcr 85 Millionen erwerben, K\u00e4ufe f\u00fcr bis zu 120 Millionen werden gepr\u00fcft.","_yoast_wpseo_linkdex":62,"pgc_sgb_lightbox_settings":"","footnotes":""},"categories":[988],"tags":[1028,1412,1588,2161],"class_list":["post-54009","post","type-post","status-publish","format-standard","has-post-thumbnail","hentry","category-unternehmen","tag-anlagegruppe","tag-kapitalerhoehung","tag-potentieller-kaeufer","tag-sfp-ast"],"acf":[],"yoast_head":"<!-- This site is optimized with the Yoast SEO plugin v27.5 - https:\/\/yoast.com\/product\/yoast-seo-wordpress\/ -->\n<title>SFP AST: Swiss Real Estate sammelt Kapital f\u00fcr Zuk\u00e4ufe ein - IMMOBILIEN Business<\/title>\n<meta name=\"description\" content=\"Mit den Mitteln einer Kapitalerh\u00f6hung will die Anlagegruppe angebundene Liegenschaften f\u00fcr 85 Millionen erwerben, K\u00e4ufe f\u00fcr bis zu 120 Millionen werden gepr\u00fcft.\" \/>\n<meta name=\"robots\" content=\"index, follow, max-snippet:-1, max-image-preview:large, max-video-preview:-1\" \/>\n<link rel=\"canonical\" href=\"https:\/\/www.immobilienbusiness.ch\/fr\/unternehmen\/2023-10-25\/sfp-ast-swiss-real-estate-sammelt-kapital-fuer-zukaeufe-ein\/\" \/>\n<meta property=\"og:locale\" content=\"fr_FR\" \/>\n<meta property=\"og:type\" content=\"article\" \/>\n<meta property=\"og:title\" content=\"SFP AST: Swiss Real Estate sammelt Kapital f\u00fcr Zuk\u00e4ufe ein - IMMOBILIEN Business\" \/>\n<meta property=\"og:description\" content=\"Mit den Mitteln einer Kapitalerh\u00f6hung will die Anlagegruppe angebundene Liegenschaften f\u00fcr 85 Millionen erwerben, K\u00e4ufe f\u00fcr bis zu 120 Millionen werden gepr\u00fcft.\" \/>\n<meta property=\"og:url\" content=\"https:\/\/www.immobilienbusiness.ch\/fr\/unternehmen\/2023-10-25\/sfp-ast-swiss-real-estate-sammelt-kapital-fuer-zukaeufe-ein\/\" \/>\n<meta property=\"og:site_name\" content=\"IMMOBILIEN Business\" \/>\n<meta property=\"article:publisher\" content=\"https:\/\/www.facebook.com\/immobilienbusiness\/\" \/>\n<meta property=\"article:published_time\" content=\"2023-10-25T03:00:52+00:00\" \/>\n<meta property=\"article:modified_time\" content=\"2023-10-26T07:41:05+00:00\" \/>\n<meta property=\"og:image\" content=\"https:\/\/www.immobilienbusiness.ch\/wp-content\/uploads\/2017\/11\/IB-News-20171106-Kapitalerhoehung-Swisscanto-Commercial.jpg\" \/>\n\t<meta property=\"og:image:width\" content=\"640\" \/>\n\t<meta property=\"og:image:height\" content=\"426\" \/>\n\t<meta property=\"og:image:type\" content=\"image\/jpeg\" \/>\n<meta name=\"author\" content=\"Alexander Wachter\" \/>\n<meta name=\"twitter:card\" content=\"summary_large_image\" \/>\n<script type=\"application\/ld+json\" class=\"yoast-schema-graph\">{\"@context\":\"https:\\\/\\\/schema.org\",\"@graph\":[{\"@type\":\"Article\",\"@id\":\"https:\\\/\\\/www.immobilienbusiness.ch\\\/it\\\/unternehmen\\\/2023-10-25\\\/sfp-ast-swiss-real-estate-sammelt-kapital-fuer-zukaeufe-ein\\\/#article\",\"isPartOf\":{\"@id\":\"https:\\\/\\\/www.immobilienbusiness.ch\\\/it\\\/unternehmen\\\/2023-10-25\\\/sfp-ast-swiss-real-estate-sammelt-kapital-fuer-zukaeufe-ein\\\/\"},\"author\":{\"name\":\"Alexander Wachter\",\"@id\":\"https:\\\/\\\/www.immobilienbusiness.ch\\\/#\\\/schema\\\/person\\\/aba8bea2db926aa0c24c08c43fe1fcd5\"},\"headline\":\"SFP AST: Swiss Real Estate sammelt Kapital f\u00fcr Zuk\u00e4ufe ein\",\"datePublished\":\"2023-10-25T03:00:52+00:00\",\"dateModified\":\"2023-10-26T07:41:05+00:00\",\"mainEntityOfPage\":{\"@id\":\"https:\\\/\\\/www.immobilienbusiness.ch\\\/it\\\/unternehmen\\\/2023-10-25\\\/sfp-ast-swiss-real-estate-sammelt-kapital-fuer-zukaeufe-ein\\\/\"},\"wordCount\":286,\"publisher\":{\"@id\":\"https:\\\/\\\/www.immobilienbusiness.ch\\\/#organization\"},\"image\":{\"@id\":\"https:\\\/\\\/www.immobilienbusiness.ch\\\/it\\\/unternehmen\\\/2023-10-25\\\/sfp-ast-swiss-real-estate-sammelt-kapital-fuer-zukaeufe-ein\\\/#primaryimage\"},\"thumbnailUrl\":\"https:\\\/\\\/www.immobilienbusiness.ch\\\/wp-content\\\/uploads\\\/2017\\\/11\\\/IB-News-20171106-Kapitalerhoehung-Swisscanto-Commercial.jpg\",\"keywords\":[\"Anlagegruppe\",\"Kapitalerh\u00f6hung\",\"potentieller K\u00e4ufer\",\"SFP AST\"],\"articleSection\":[\"UNTERNEHMEN\"],\"inLanguage\":\"fr-FR\"},{\"@type\":\"WebPage\",\"@id\":\"https:\\\/\\\/www.immobilienbusiness.ch\\\/it\\\/unternehmen\\\/2023-10-25\\\/sfp-ast-swiss-real-estate-sammelt-kapital-fuer-zukaeufe-ein\\\/\",\"url\":\"https:\\\/\\\/www.immobilienbusiness.ch\\\/it\\\/unternehmen\\\/2023-10-25\\\/sfp-ast-swiss-real-estate-sammelt-kapital-fuer-zukaeufe-ein\\\/\",\"name\":\"SFP AST: Swiss Real Estate sammelt Kapital f\u00fcr Zuk\u00e4ufe ein - IMMOBILIEN Business\",\"isPartOf\":{\"@id\":\"https:\\\/\\\/www.immobilienbusiness.ch\\\/#website\"},\"primaryImageOfPage\":{\"@id\":\"https:\\\/\\\/www.immobilienbusiness.ch\\\/it\\\/unternehmen\\\/2023-10-25\\\/sfp-ast-swiss-real-estate-sammelt-kapital-fuer-zukaeufe-ein\\\/#primaryimage\"},\"image\":{\"@id\":\"https:\\\/\\\/www.immobilienbusiness.ch\\\/it\\\/unternehmen\\\/2023-10-25\\\/sfp-ast-swiss-real-estate-sammelt-kapital-fuer-zukaeufe-ein\\\/#primaryimage\"},\"thumbnailUrl\":\"https:\\\/\\\/www.immobilienbusiness.ch\\\/wp-content\\\/uploads\\\/2017\\\/11\\\/IB-News-20171106-Kapitalerhoehung-Swisscanto-Commercial.jpg\",\"datePublished\":\"2023-10-25T03:00:52+00:00\",\"dateModified\":\"2023-10-26T07:41:05+00:00\",\"description\":\"Mit den Mitteln einer Kapitalerh\u00f6hung will die Anlagegruppe angebundene Liegenschaften f\u00fcr 85 Millionen erwerben, K\u00e4ufe f\u00fcr bis zu 120 Millionen werden gepr\u00fcft.\",\"breadcrumb\":{\"@id\":\"https:\\\/\\\/www.immobilienbusiness.ch\\\/it\\\/unternehmen\\\/2023-10-25\\\/sfp-ast-swiss-real-estate-sammelt-kapital-fuer-zukaeufe-ein\\\/#breadcrumb\"},\"inLanguage\":\"fr-FR\",\"potentialAction\":[{\"@type\":\"ReadAction\",\"target\":[\"https:\\\/\\\/www.immobilienbusiness.ch\\\/it\\\/unternehmen\\\/2023-10-25\\\/sfp-ast-swiss-real-estate-sammelt-kapital-fuer-zukaeufe-ein\\\/\"]}]},{\"@type\":\"ImageObject\",\"inLanguage\":\"fr-FR\",\"@id\":\"https:\\\/\\\/www.immobilienbusiness.ch\\\/it\\\/unternehmen\\\/2023-10-25\\\/sfp-ast-swiss-real-estate-sammelt-kapital-fuer-zukaeufe-ein\\\/#primaryimage\",\"url\":\"https:\\\/\\\/www.immobilienbusiness.ch\\\/wp-content\\\/uploads\\\/2017\\\/11\\\/IB-News-20171106-Kapitalerhoehung-Swisscanto-Commercial.jpg\",\"contentUrl\":\"https:\\\/\\\/www.immobilienbusiness.ch\\\/wp-content\\\/uploads\\\/2017\\\/11\\\/IB-News-20171106-Kapitalerhoehung-Swisscanto-Commercial.jpg\",\"width\":640,\"height\":426,\"caption\":\"Der Fonds plant seine n\u00e4chste Kapitalerh\u00f6hung (Bild: Pixabay)\"},{\"@type\":\"BreadcrumbList\",\"@id\":\"https:\\\/\\\/www.immobilienbusiness.ch\\\/it\\\/unternehmen\\\/2023-10-25\\\/sfp-ast-swiss-real-estate-sammelt-kapital-fuer-zukaeufe-ein\\\/#breadcrumb\",\"itemListElement\":[{\"@type\":\"ListItem\",\"position\":1,\"name\":\"Home\",\"item\":\"https:\\\/\\\/www.immobilienbusiness.ch\\\/\"},{\"@type\":\"ListItem\",\"position\":2,\"name\":\"SFP AST: Swiss Real Estate sammelt Kapital f\u00fcr Zuk\u00e4ufe ein\"}]},{\"@type\":\"WebSite\",\"@id\":\"https:\\\/\\\/www.immobilienbusiness.ch\\\/#website\",\"url\":\"https:\\\/\\\/www.immobilienbusiness.ch\\\/\",\"name\":\"IMMOBILIEN Business\",\"description\":\"Unabh\u00e4ngiges Schweizer Wirtschaftsmagazin mit Fokus auf Immobilien, Architektur- und Bau sowie Investment- und Finanzierung.\",\"publisher\":{\"@id\":\"https:\\\/\\\/www.immobilienbusiness.ch\\\/#organization\"},\"potentialAction\":[{\"@type\":\"SearchAction\",\"target\":{\"@type\":\"EntryPoint\",\"urlTemplate\":\"https:\\\/\\\/www.immobilienbusiness.ch\\\/?s={search_term_string}\"},\"query-input\":{\"@type\":\"PropertyValueSpecification\",\"valueRequired\":true,\"valueName\":\"search_term_string\"}}],\"inLanguage\":\"fr-FR\"},{\"@type\":\"Organization\",\"@id\":\"https:\\\/\\\/www.immobilienbusiness.ch\\\/#organization\",\"name\":\"IMMOBILIEN Business\",\"url\":\"https:\\\/\\\/www.immobilienbusiness.ch\\\/\",\"logo\":{\"@type\":\"ImageObject\",\"inLanguage\":\"fr-FR\",\"@id\":\"https:\\\/\\\/www.immobilienbusiness.ch\\\/#\\\/schema\\\/logo\\\/image\\\/\",\"url\":\"https:\\\/\\\/www.immobilienbusiness.ch\\\/wp-content\\\/uploads\\\/2021\\\/07\\\/logo_ib.png\",\"contentUrl\":\"https:\\\/\\\/www.immobilienbusiness.ch\\\/wp-content\\\/uploads\\\/2021\\\/07\\\/logo_ib.png\",\"width\":800,\"height\":181,\"caption\":\"IMMOBILIEN Business\"},\"image\":{\"@id\":\"https:\\\/\\\/www.immobilienbusiness.ch\\\/#\\\/schema\\\/logo\\\/image\\\/\"},\"sameAs\":[\"https:\\\/\\\/www.facebook.com\\\/immobilienbusiness\\\/\"]},{\"@type\":\"Person\",\"@id\":\"https:\\\/\\\/www.immobilienbusiness.ch\\\/#\\\/schema\\\/person\\\/aba8bea2db926aa0c24c08c43fe1fcd5\",\"name\":\"Alexander Wachter\",\"image\":{\"@type\":\"ImageObject\",\"inLanguage\":\"fr-FR\",\"@id\":\"https:\\\/\\\/secure.gravatar.com\\\/avatar\\\/1a09e471f5389b0e0a6416eac287e0927c7c97a7b77f9e787eba3af7aee281dd?s=96&d=mm&r=g\",\"url\":\"https:\\\/\\\/secure.gravatar.com\\\/avatar\\\/1a09e471f5389b0e0a6416eac287e0927c7c97a7b77f9e787eba3af7aee281dd?s=96&d=mm&r=g\",\"contentUrl\":\"https:\\\/\\\/secure.gravatar.com\\\/avatar\\\/1a09e471f5389b0e0a6416eac287e0927c7c97a7b77f9e787eba3af7aee281dd?s=96&d=mm&r=g\",\"caption\":\"Alexander Wachter\"},\"url\":\"https:\\\/\\\/www.immobilienbusiness.ch\\\/fr\\\/author\\\/alexander-wachter\\\/\"}]}<\/script>\n<!-- \/ Yoast SEO plugin. -->","yoast_head_json":{"title":"SFP AST : Swiss Real Estate l\u00e8ve des fonds pour des acquisitions - IMMOBILIER Business","description":"Avec les moyens d'une augmentation de capital, le groupe de placement veut acqu\u00e9rir des immeubles rattach\u00e9s pour 85 millions, des achats pour jusqu'\u00e0 120 millions sont \u00e0 l'\u00e9tude.","robots":{"index":"index","follow":"follow","max-snippet":"max-snippet:-1","max-image-preview":"max-image-preview:large","max-video-preview":"max-video-preview:-1"},"canonical":"https:\/\/www.immobilienbusiness.ch\/fr\/unternehmen\/2023-10-25\/sfp-ast-swiss-real-estate-sammelt-kapital-fuer-zukaeufe-ein\/","og_locale":"fr_FR","og_type":"article","og_title":"SFP AST: Swiss Real Estate sammelt Kapital f\u00fcr Zuk\u00e4ufe ein - IMMOBILIEN Business","og_description":"Mit den Mitteln einer Kapitalerh\u00f6hung will die Anlagegruppe angebundene Liegenschaften f\u00fcr 85 Millionen erwerben, K\u00e4ufe f\u00fcr bis zu 120 Millionen werden gepr\u00fcft.","og_url":"https:\/\/www.immobilienbusiness.ch\/fr\/unternehmen\/2023-10-25\/sfp-ast-swiss-real-estate-sammelt-kapital-fuer-zukaeufe-ein\/","og_site_name":"IMMOBILIEN Business","article_publisher":"https:\/\/www.facebook.com\/immobilienbusiness\/","article_published_time":"2023-10-25T03:00:52+00:00","article_modified_time":"2023-10-26T07:41:05+00:00","og_image":[{"width":640,"height":426,"url":"https:\/\/www.immobilienbusiness.ch\/wp-content\/uploads\/2017\/11\/IB-News-20171106-Kapitalerhoehung-Swisscanto-Commercial.jpg","type":"image\/jpeg"}],"author":"Alexander Wachter","twitter_card":"summary_large_image","schema":{"@context":"https:\/\/schema.org","@graph":[{"@type":"Article","@id":"https:\/\/www.immobilienbusiness.ch\/it\/unternehmen\/2023-10-25\/sfp-ast-swiss-real-estate-sammelt-kapital-fuer-zukaeufe-ein\/#article","isPartOf":{"@id":"https:\/\/www.immobilienbusiness.ch\/it\/unternehmen\/2023-10-25\/sfp-ast-swiss-real-estate-sammelt-kapital-fuer-zukaeufe-ein\/"},"author":{"name":"Alexander Wachter","@id":"https:\/\/www.immobilienbusiness.ch\/#\/schema\/person\/aba8bea2db926aa0c24c08c43fe1fcd5"},"headline":"SFP AST: Swiss Real Estate sammelt Kapital f\u00fcr Zuk\u00e4ufe ein","datePublished":"2023-10-25T03:00:52+00:00","dateModified":"2023-10-26T07:41:05+00:00","mainEntityOfPage":{"@id":"https:\/\/www.immobilienbusiness.ch\/it\/unternehmen\/2023-10-25\/sfp-ast-swiss-real-estate-sammelt-kapital-fuer-zukaeufe-ein\/"},"wordCount":286,"publisher":{"@id":"https:\/\/www.immobilienbusiness.ch\/#organization"},"image":{"@id":"https:\/\/www.immobilienbusiness.ch\/it\/unternehmen\/2023-10-25\/sfp-ast-swiss-real-estate-sammelt-kapital-fuer-zukaeufe-ein\/#primaryimage"},"thumbnailUrl":"https:\/\/www.immobilienbusiness.ch\/wp-content\/uploads\/2017\/11\/IB-News-20171106-Kapitalerhoehung-Swisscanto-Commercial.jpg","keywords":["Anlagegruppe","Kapitalerh\u00f6hung","potentieller K\u00e4ufer","SFP AST"],"articleSection":["UNTERNEHMEN"],"inLanguage":"fr-FR"},{"@type":"WebPage","@id":"https:\/\/www.immobilienbusiness.ch\/it\/unternehmen\/2023-10-25\/sfp-ast-swiss-real-estate-sammelt-kapital-fuer-zukaeufe-ein\/","url":"https:\/\/www.immobilienbusiness.ch\/it\/unternehmen\/2023-10-25\/sfp-ast-swiss-real-estate-sammelt-kapital-fuer-zukaeufe-ein\/","name":"SFP AST : Swiss Real Estate l\u00e8ve des fonds pour des acquisitions - IMMOBILIER Business","isPartOf":{"@id":"https:\/\/www.immobilienbusiness.ch\/#website"},"primaryImageOfPage":{"@id":"https:\/\/www.immobilienbusiness.ch\/it\/unternehmen\/2023-10-25\/sfp-ast-swiss-real-estate-sammelt-kapital-fuer-zukaeufe-ein\/#primaryimage"},"image":{"@id":"https:\/\/www.immobilienbusiness.ch\/it\/unternehmen\/2023-10-25\/sfp-ast-swiss-real-estate-sammelt-kapital-fuer-zukaeufe-ein\/#primaryimage"},"thumbnailUrl":"https:\/\/www.immobilienbusiness.ch\/wp-content\/uploads\/2017\/11\/IB-News-20171106-Kapitalerhoehung-Swisscanto-Commercial.jpg","datePublished":"2023-10-25T03:00:52+00:00","dateModified":"2023-10-26T07:41:05+00:00","description":"Avec les moyens d'une augmentation de capital, le groupe de placement veut acqu\u00e9rir des immeubles rattach\u00e9s pour 85 millions, des achats pour jusqu'\u00e0 120 millions sont \u00e0 l'\u00e9tude.","breadcrumb":{"@id":"https:\/\/www.immobilienbusiness.ch\/it\/unternehmen\/2023-10-25\/sfp-ast-swiss-real-estate-sammelt-kapital-fuer-zukaeufe-ein\/#breadcrumb"},"inLanguage":"fr-FR","potentialAction":[{"@type":"ReadAction","target":["https:\/\/www.immobilienbusiness.ch\/it\/unternehmen\/2023-10-25\/sfp-ast-swiss-real-estate-sammelt-kapital-fuer-zukaeufe-ein\/"]}]},{"@type":"ImageObject","inLanguage":"fr-FR","@id":"https:\/\/www.immobilienbusiness.ch\/it\/unternehmen\/2023-10-25\/sfp-ast-swiss-real-estate-sammelt-kapital-fuer-zukaeufe-ein\/#primaryimage","url":"https:\/\/www.immobilienbusiness.ch\/wp-content\/uploads\/2017\/11\/IB-News-20171106-Kapitalerhoehung-Swisscanto-Commercial.jpg","contentUrl":"https:\/\/www.immobilienbusiness.ch\/wp-content\/uploads\/2017\/11\/IB-News-20171106-Kapitalerhoehung-Swisscanto-Commercial.jpg","width":640,"height":426,"caption":"Der Fonds plant seine n\u00e4chste Kapitalerh\u00f6hung (Bild: Pixabay)"},{"@type":"BreadcrumbList","@id":"https:\/\/www.immobilienbusiness.ch\/it\/unternehmen\/2023-10-25\/sfp-ast-swiss-real-estate-sammelt-kapital-fuer-zukaeufe-ein\/#breadcrumb","itemListElement":[{"@type":"ListItem","position":1,"name":"Home","item":"https:\/\/www.immobilienbusiness.ch\/"},{"@type":"ListItem","position":2,"name":"SFP AST: Swiss Real Estate sammelt Kapital f\u00fcr Zuk\u00e4ufe ein"}]},{"@type":"WebSite","@id":"https:\/\/www.immobilienbusiness.ch\/#website","url":"https:\/\/www.immobilienbusiness.ch\/","name":"IMMOBILIER Business","description":"Magazine \u00e9conomique suisse ind\u00e9pendant ax\u00e9 sur l'immobilier, l'architecture et la construction ainsi que sur les investissements et le financement.","publisher":{"@id":"https:\/\/www.immobilienbusiness.ch\/#organization"},"potentialAction":[{"@type":"SearchAction","target":{"@type":"EntryPoint","urlTemplate":"https:\/\/www.immobilienbusiness.ch\/?s={search_term_string}"},"query-input":{"@type":"PropertyValueSpecification","valueRequired":true,"valueName":"search_term_string"}}],"inLanguage":"fr-FR"},{"@type":"Organization","@id":"https:\/\/www.immobilienbusiness.ch\/#organization","name":"IMMOBILIER Business","url":"https:\/\/www.immobilienbusiness.ch\/","logo":{"@type":"ImageObject","inLanguage":"fr-FR","@id":"https:\/\/www.immobilienbusiness.ch\/#\/schema\/logo\/image\/","url":"https:\/\/www.immobilienbusiness.ch\/wp-content\/uploads\/2021\/07\/logo_ib.png","contentUrl":"https:\/\/www.immobilienbusiness.ch\/wp-content\/uploads\/2021\/07\/logo_ib.png","width":800,"height":181,"caption":"IMMOBILIEN Business"},"image":{"@id":"https:\/\/www.immobilienbusiness.ch\/#\/schema\/logo\/image\/"},"sameAs":["https:\/\/www.facebook.com\/immobilienbusiness\/"]},{"@type":"Person","@id":"https:\/\/www.immobilienbusiness.ch\/#\/schema\/person\/aba8bea2db926aa0c24c08c43fe1fcd5","name":"Alexander Wachter","image":{"@type":"ImageObject","inLanguage":"fr-FR","@id":"https:\/\/secure.gravatar.com\/avatar\/1a09e471f5389b0e0a6416eac287e0927c7c97a7b77f9e787eba3af7aee281dd?s=96&d=mm&r=g","url":"https:\/\/secure.gravatar.com\/avatar\/1a09e471f5389b0e0a6416eac287e0927c7c97a7b77f9e787eba3af7aee281dd?s=96&d=mm&r=g","contentUrl":"https:\/\/secure.gravatar.com\/avatar\/1a09e471f5389b0e0a6416eac287e0927c7c97a7b77f9e787eba3af7aee281dd?s=96&d=mm&r=g","caption":"Alexander Wachter"},"url":"https:\/\/www.immobilienbusiness.ch\/fr\/author\/alexander-wachter\/"}]}},"_links":{"self":[{"href":"https:\/\/www.immobilienbusiness.ch\/fr\/wp-json\/wp\/v2\/posts\/54009","targetHints":{"allow":["GET"]}}],"collection":[{"href":"https:\/\/www.immobilienbusiness.ch\/fr\/wp-json\/wp\/v2\/posts"}],"about":[{"href":"https:\/\/www.immobilienbusiness.ch\/fr\/wp-json\/wp\/v2\/types\/post"}],"author":[{"embeddable":true,"href":"https:\/\/www.immobilienbusiness.ch\/fr\/wp-json\/wp\/v2\/users\/102"}],"replies":[{"embeddable":true,"href":"https:\/\/www.immobilienbusiness.ch\/fr\/wp-json\/wp\/v2\/comments?post=54009"}],"version-history":[{"count":3,"href":"https:\/\/www.immobilienbusiness.ch\/fr\/wp-json\/wp\/v2\/posts\/54009\/revisions"}],"predecessor-version":[{"id":54066,"href":"https:\/\/www.immobilienbusiness.ch\/fr\/wp-json\/wp\/v2\/posts\/54009\/revisions\/54066"}],"wp:featuredmedia":[{"embeddable":true,"href":"https:\/\/www.immobilienbusiness.ch\/fr\/wp-json\/wp\/v2\/media\/9952"}],"wp:attachment":[{"href":"https:\/\/www.immobilienbusiness.ch\/fr\/wp-json\/wp\/v2\/media?parent=54009"}],"wp:term":[{"taxonomy":"category","embeddable":true,"href":"https:\/\/www.immobilienbusiness.ch\/fr\/wp-json\/wp\/v2\/categories?post=54009"},{"taxonomy":"post_tag","embeddable":true,"href":"https:\/\/www.immobilienbusiness.ch\/fr\/wp-json\/wp\/v2\/tags?post=54009"}],"curies":[{"name":"wp","href":"https:\/\/api.w.org\/{rel}","templated":true}]}}