{"id":53990,"date":"2023-10-24T08:14:09","date_gmt":"2023-10-24T06:14:09","guid":{"rendered":"https:\/\/www.immobilienbusiness.ch\/?p=53990"},"modified":"2023-10-26T09:46:03","modified_gmt":"2023-10-26T07:46:03","slug":"dufour-investment-foundation-geht-mit-anlagegruppe-an-den-start","status":"publish","type":"post","link":"https:\/\/www.immobilienbusiness.ch\/fr\/unternehmen\/2023-10-24\/dufour-investment-foundation-geht-mit-anlagegruppe-an-den-start\/","title":{"rendered":"Dufour Investment Foundation lance un groupe de placement"},"content":{"rendered":"<figure id=\"attachment_53992\" aria-describedby=\"caption-attachment-53992\" style=\"width: 1070px\" class=\"wp-caption alignnone\"><a href=\"https:\/\/www.immobilienbusiness.ch\/wp-content\/uploads\/2023\/10\/Quantus.png\"><img loading=\"lazy\" decoding=\"async\" class=\"size-full wp-image-53992\" src=\"https:\/\/www.immobilienbusiness.ch\/wp-content\/uploads\/2023\/10\/Quantus.png\" alt=\"\" width=\"1070\" height=\"706\" srcset=\"https:\/\/www.immobilienbusiness.ch\/wp-content\/uploads\/2023\/10\/Quantus.png 1070w, https:\/\/www.immobilienbusiness.ch\/wp-content\/uploads\/2023\/10\/Quantus-300x198.png 300w, https:\/\/www.immobilienbusiness.ch\/wp-content\/uploads\/2023\/10\/Quantus-1024x676.png 1024w, https:\/\/www.immobilienbusiness.ch\/wp-content\/uploads\/2023\/10\/Quantus-768x507.png 768w, https:\/\/www.immobilienbusiness.ch\/wp-content\/uploads\/2023\/10\/Quantus-18x12.png 18w, https:\/\/www.immobilienbusiness.ch\/wp-content\/uploads\/2023\/10\/Quantus-375x247.png 375w, https:\/\/www.immobilienbusiness.ch\/wp-content\/uploads\/2023\/10\/Quantus-530x350.png 530w, https:\/\/www.immobilienbusiness.ch\/wp-content\/uploads\/2023\/10\/Quantus-1000x660.png 1000w\" sizes=\"auto, (max-width: 1070px) 100vw, 1070px\" \/><\/a><figcaption id=\"caption-attachment-53992\" class=\"wp-caption-text\">Roland V\u00f6gele, Susanne Horn, Patrick Fournier et Raoul Paglia (photo : zVg)<\/figcaption><\/figure>\n<p>Le conseil de fondation de la Dufour Investment Foundation s'est constitu\u00e9 lors de sa premi\u00e8re s\u00e9ance et a lanc\u00e9 en m\u00eame temps le groupe de placement \"MV Swiiterra\". Ce groupe de placement investit dans tous les fonds de l'indice immobilier Swiit en tenant compte de crit\u00e8res de durabilit\u00e9.<\/p>\n<p>Le groupe de placement offre aux investisseurs professionnels la possibilit\u00e9 d'investir de mani\u00e8re passive dans tous les fonds immobiliers suisses cot\u00e9s. Le rating de durabilit\u00e9 sp\u00e9cialement d\u00e9velopp\u00e9 pour les placements immobiliers indirects doit servir de base \u00e0 cet effet. \"MV Swiiterra est ainsi en mesure de refl\u00e9ter l'\u00e9volution de la durabilit\u00e9 des fonds immobiliers\", peut-on lire dans un communiqu\u00e9. La direction de la Dufour Investment Foundation sera assur\u00e9e par Quantus AG. La Banque Bonh\u00f4te &amp; Cie SA fait office de gestionnaire de portefeuille. L'administrateur et la banque d\u00e9positaire sont respectivement Caceis (Suisse) SA et Caceis Bank. MV Invest AG agit en tant que conseiller en investissement et en d\u00e9veloppement durable du groupe de placement.<\/p>\n<p>La Dufour Investment Foundation, dont le si\u00e8ge se trouve \u00e0 Zurich Seefeld, se consid\u00e8re comme une fondation de placement ouverte et ind\u00e9pendante et se pr\u00eate donc \u00e9galement \u00e0 l'apport d'immeubles d'institutions de pr\u00e9voyance existantes sous forme d'apports en nature, soulignent les responsables. La plateforme se pr\u00eate \u00e9galement au lancement de nouvelles strat\u00e9gies de placement ax\u00e9es sur l'immobilier.\u00a0 <em>(aw)<\/em><\/p>","protected":false},"excerpt":{"rendered":"<p>La nouvelle Dufour Investment Foundation lance le groupe de placement immobilier indirect \"MV Swiiterra\".<\/p>","protected":false},"author":102,"featured_media":53992,"comment_status":"closed","ping_status":"closed","sticky":false,"template":"","format":"standard","meta":{"_acf_changed":false,"_yoast_wpseo_focuskw":"Dufour","_yoast_wpseo_title":"","_yoast_wpseo_metadesc":"Die neu gegr\u00fcndete Dufour Investment Foundation lanciert die indirekte Immobilien-Anlagegruppe \u00abMV Swiiterra\u00bb.","_yoast_wpseo_linkdex":60,"pgc_sgb_lightbox_settings":"","footnotes":""},"categories":[988],"tags":[1030,3328,1513],"class_list":["post-53990","post","type-post","status-publish","format-standard","has-post-thumbnail","hentry","category-unternehmen","tag-anlagestiftung","tag-dufour-investment-foundation","tag-mv-invest"],"acf":[],"yoast_head":"<!-- This site is optimized with the Yoast SEO plugin v27.4 - https:\/\/yoast.com\/product\/yoast-seo-wordpress\/ -->\n<title>Dufour Investment Foundation geht mit Anlagegruppe an den Start - IMMOBILIEN Business<\/title>\n<meta name=\"description\" content=\"Die neu gegr\u00fcndete Dufour Investment Foundation lanciert die indirekte Immobilien-Anlagegruppe \u00abMV Swiiterra\u00bb.\" \/>\n<meta name=\"robots\" content=\"index, follow, max-snippet:-1, max-image-preview:large, max-video-preview:-1\" \/>\n<link rel=\"canonical\" href=\"https:\/\/www.immobilienbusiness.ch\/fr\/unternehmen\/2023-10-24\/dufour-investment-foundation-geht-mit-anlagegruppe-an-den-start\/\" \/>\n<meta property=\"og:locale\" content=\"fr_FR\" \/>\n<meta property=\"og:type\" content=\"article\" \/>\n<meta property=\"og:title\" content=\"Dufour Investment Foundation geht mit Anlagegruppe an den Start - IMMOBILIEN Business\" \/>\n<meta property=\"og:description\" content=\"Die neu gegr\u00fcndete Dufour Investment Foundation lanciert die indirekte Immobilien-Anlagegruppe \u00abMV Swiiterra\u00bb.\" \/>\n<meta property=\"og:url\" content=\"https:\/\/www.immobilienbusiness.ch\/fr\/unternehmen\/2023-10-24\/dufour-investment-foundation-geht-mit-anlagegruppe-an-den-start\/\" \/>\n<meta property=\"og:site_name\" content=\"IMMOBILIEN Business\" \/>\n<meta property=\"article:publisher\" content=\"https:\/\/www.facebook.com\/immobilienbusiness\/\" \/>\n<meta property=\"article:published_time\" content=\"2023-10-24T06:14:09+00:00\" \/>\n<meta property=\"article:modified_time\" content=\"2023-10-26T07:46:03+00:00\" \/>\n<meta property=\"og:image\" content=\"https:\/\/www.immobilienbusiness.ch\/wp-content\/uploads\/2023\/10\/Quantus.png\" \/>\n\t<meta property=\"og:image:width\" content=\"1070\" \/>\n\t<meta property=\"og:image:height\" content=\"706\" \/>\n\t<meta property=\"og:image:type\" content=\"image\/png\" \/>\n<meta name=\"author\" content=\"Alexander Wachter\" \/>\n<meta name=\"twitter:card\" content=\"summary_large_image\" \/>\n<script type=\"application\/ld+json\" class=\"yoast-schema-graph\">{\"@context\":\"https:\\\/\\\/schema.org\",\"@graph\":[{\"@type\":\"Article\",\"@id\":\"https:\\\/\\\/www.immobilienbusiness.ch\\\/en\\\/unternehmen\\\/2023-10-24\\\/dufour-investment-foundation-geht-mit-anlagegruppe-an-den-start\\\/#article\",\"isPartOf\":{\"@id\":\"https:\\\/\\\/www.immobilienbusiness.ch\\\/en\\\/unternehmen\\\/2023-10-24\\\/dufour-investment-foundation-geht-mit-anlagegruppe-an-den-start\\\/\"},\"author\":{\"name\":\"Alexander Wachter\",\"@id\":\"https:\\\/\\\/www.immobilienbusiness.ch\\\/#\\\/schema\\\/person\\\/aba8bea2db926aa0c24c08c43fe1fcd5\"},\"headline\":\"Dufour Investment Foundation geht mit Anlagegruppe an den Start\",\"datePublished\":\"2023-10-24T06:14:09+00:00\",\"dateModified\":\"2023-10-26T07:46:03+00:00\",\"mainEntityOfPage\":{\"@id\":\"https:\\\/\\\/www.immobilienbusiness.ch\\\/en\\\/unternehmen\\\/2023-10-24\\\/dufour-investment-foundation-geht-mit-anlagegruppe-an-den-start\\\/\"},\"wordCount\":206,\"publisher\":{\"@id\":\"https:\\\/\\\/www.immobilienbusiness.ch\\\/#organization\"},\"image\":{\"@id\":\"https:\\\/\\\/www.immobilienbusiness.ch\\\/en\\\/unternehmen\\\/2023-10-24\\\/dufour-investment-foundation-geht-mit-anlagegruppe-an-den-start\\\/#primaryimage\"},\"thumbnailUrl\":\"https:\\\/\\\/www.immobilienbusiness.ch\\\/wp-content\\\/uploads\\\/2023\\\/10\\\/Quantus.png\",\"keywords\":[\"Anlagestiftung\",\"Dufour Investment Foundation\",\"MV Invest\"],\"articleSection\":[\"UNTERNEHMEN\"],\"inLanguage\":\"fr-FR\"},{\"@type\":\"WebPage\",\"@id\":\"https:\\\/\\\/www.immobilienbusiness.ch\\\/en\\\/unternehmen\\\/2023-10-24\\\/dufour-investment-foundation-geht-mit-anlagegruppe-an-den-start\\\/\",\"url\":\"https:\\\/\\\/www.immobilienbusiness.ch\\\/en\\\/unternehmen\\\/2023-10-24\\\/dufour-investment-foundation-geht-mit-anlagegruppe-an-den-start\\\/\",\"name\":\"Dufour Investment Foundation geht mit Anlagegruppe an den Start - IMMOBILIEN Business\",\"isPartOf\":{\"@id\":\"https:\\\/\\\/www.immobilienbusiness.ch\\\/#website\"},\"primaryImageOfPage\":{\"@id\":\"https:\\\/\\\/www.immobilienbusiness.ch\\\/en\\\/unternehmen\\\/2023-10-24\\\/dufour-investment-foundation-geht-mit-anlagegruppe-an-den-start\\\/#primaryimage\"},\"image\":{\"@id\":\"https:\\\/\\\/www.immobilienbusiness.ch\\\/en\\\/unternehmen\\\/2023-10-24\\\/dufour-investment-foundation-geht-mit-anlagegruppe-an-den-start\\\/#primaryimage\"},\"thumbnailUrl\":\"https:\\\/\\\/www.immobilienbusiness.ch\\\/wp-content\\\/uploads\\\/2023\\\/10\\\/Quantus.png\",\"datePublished\":\"2023-10-24T06:14:09+00:00\",\"dateModified\":\"2023-10-26T07:46:03+00:00\",\"description\":\"Die neu gegr\u00fcndete Dufour Investment Foundation lanciert die indirekte Immobilien-Anlagegruppe \u00abMV Swiiterra\u00bb.\",\"breadcrumb\":{\"@id\":\"https:\\\/\\\/www.immobilienbusiness.ch\\\/en\\\/unternehmen\\\/2023-10-24\\\/dufour-investment-foundation-geht-mit-anlagegruppe-an-den-start\\\/#breadcrumb\"},\"inLanguage\":\"fr-FR\",\"potentialAction\":[{\"@type\":\"ReadAction\",\"target\":[\"https:\\\/\\\/www.immobilienbusiness.ch\\\/en\\\/unternehmen\\\/2023-10-24\\\/dufour-investment-foundation-geht-mit-anlagegruppe-an-den-start\\\/\"]}]},{\"@type\":\"ImageObject\",\"inLanguage\":\"fr-FR\",\"@id\":\"https:\\\/\\\/www.immobilienbusiness.ch\\\/en\\\/unternehmen\\\/2023-10-24\\\/dufour-investment-foundation-geht-mit-anlagegruppe-an-den-start\\\/#primaryimage\",\"url\":\"https:\\\/\\\/www.immobilienbusiness.ch\\\/wp-content\\\/uploads\\\/2023\\\/10\\\/Quantus.png\",\"contentUrl\":\"https:\\\/\\\/www.immobilienbusiness.ch\\\/wp-content\\\/uploads\\\/2023\\\/10\\\/Quantus.png\",\"width\":1070,\"height\":706},{\"@type\":\"BreadcrumbList\",\"@id\":\"https:\\\/\\\/www.immobilienbusiness.ch\\\/en\\\/unternehmen\\\/2023-10-24\\\/dufour-investment-foundation-geht-mit-anlagegruppe-an-den-start\\\/#breadcrumb\",\"itemListElement\":[{\"@type\":\"ListItem\",\"position\":1,\"name\":\"Home\",\"item\":\"https:\\\/\\\/www.immobilienbusiness.ch\\\/\"},{\"@type\":\"ListItem\",\"position\":2,\"name\":\"Dufour Investment Foundation geht mit Anlagegruppe an den Start\"}]},{\"@type\":\"WebSite\",\"@id\":\"https:\\\/\\\/www.immobilienbusiness.ch\\\/#website\",\"url\":\"https:\\\/\\\/www.immobilienbusiness.ch\\\/\",\"name\":\"IMMOBILIEN Business\",\"description\":\"Unabh\u00e4ngiges Schweizer Wirtschaftsmagazin mit Fokus auf Immobilien, Architektur- und Bau sowie Investment- und Finanzierung.\",\"publisher\":{\"@id\":\"https:\\\/\\\/www.immobilienbusiness.ch\\\/#organization\"},\"potentialAction\":[{\"@type\":\"SearchAction\",\"target\":{\"@type\":\"EntryPoint\",\"urlTemplate\":\"https:\\\/\\\/www.immobilienbusiness.ch\\\/?s={search_term_string}\"},\"query-input\":{\"@type\":\"PropertyValueSpecification\",\"valueRequired\":true,\"valueName\":\"search_term_string\"}}],\"inLanguage\":\"fr-FR\"},{\"@type\":\"Organization\",\"@id\":\"https:\\\/\\\/www.immobilienbusiness.ch\\\/#organization\",\"name\":\"IMMOBILIEN Business\",\"url\":\"https:\\\/\\\/www.immobilienbusiness.ch\\\/\",\"logo\":{\"@type\":\"ImageObject\",\"inLanguage\":\"fr-FR\",\"@id\":\"https:\\\/\\\/www.immobilienbusiness.ch\\\/#\\\/schema\\\/logo\\\/image\\\/\",\"url\":\"https:\\\/\\\/www.immobilienbusiness.ch\\\/wp-content\\\/uploads\\\/2021\\\/07\\\/logo_ib.png\",\"contentUrl\":\"https:\\\/\\\/www.immobilienbusiness.ch\\\/wp-content\\\/uploads\\\/2021\\\/07\\\/logo_ib.png\",\"width\":800,\"height\":181,\"caption\":\"IMMOBILIEN Business\"},\"image\":{\"@id\":\"https:\\\/\\\/www.immobilienbusiness.ch\\\/#\\\/schema\\\/logo\\\/image\\\/\"},\"sameAs\":[\"https:\\\/\\\/www.facebook.com\\\/immobilienbusiness\\\/\"]},{\"@type\":\"Person\",\"@id\":\"https:\\\/\\\/www.immobilienbusiness.ch\\\/#\\\/schema\\\/person\\\/aba8bea2db926aa0c24c08c43fe1fcd5\",\"name\":\"Alexander Wachter\",\"image\":{\"@type\":\"ImageObject\",\"inLanguage\":\"fr-FR\",\"@id\":\"https:\\\/\\\/secure.gravatar.com\\\/avatar\\\/1a09e471f5389b0e0a6416eac287e0927c7c97a7b77f9e787eba3af7aee281dd?s=96&d=mm&r=g\",\"url\":\"https:\\\/\\\/secure.gravatar.com\\\/avatar\\\/1a09e471f5389b0e0a6416eac287e0927c7c97a7b77f9e787eba3af7aee281dd?s=96&d=mm&r=g\",\"contentUrl\":\"https:\\\/\\\/secure.gravatar.com\\\/avatar\\\/1a09e471f5389b0e0a6416eac287e0927c7c97a7b77f9e787eba3af7aee281dd?s=96&d=mm&r=g\",\"caption\":\"Alexander Wachter\"},\"url\":\"https:\\\/\\\/www.immobilienbusiness.ch\\\/fr\\\/author\\\/alexander-wachter\\\/\"}]}<\/script>\n<!-- \/ Yoast SEO plugin. -->","yoast_head_json":{"title":"Dufour Investment Foundation geht mit Anlagegruppe an den Start - IMMOBILIEN Business","description":"La nouvelle Dufour Investment Foundation lance le groupe de placement immobilier indirect \"MV Swiiterra\".","robots":{"index":"index","follow":"follow","max-snippet":"max-snippet:-1","max-image-preview":"max-image-preview:large","max-video-preview":"max-video-preview:-1"},"canonical":"https:\/\/www.immobilienbusiness.ch\/fr\/unternehmen\/2023-10-24\/dufour-investment-foundation-geht-mit-anlagegruppe-an-den-start\/","og_locale":"fr_FR","og_type":"article","og_title":"Dufour Investment Foundation geht mit Anlagegruppe an den Start - IMMOBILIEN Business","og_description":"Die neu gegr\u00fcndete Dufour Investment Foundation lanciert die indirekte Immobilien-Anlagegruppe \u00abMV Swiiterra\u00bb.","og_url":"https:\/\/www.immobilienbusiness.ch\/fr\/unternehmen\/2023-10-24\/dufour-investment-foundation-geht-mit-anlagegruppe-an-den-start\/","og_site_name":"IMMOBILIEN Business","article_publisher":"https:\/\/www.facebook.com\/immobilienbusiness\/","article_published_time":"2023-10-24T06:14:09+00:00","article_modified_time":"2023-10-26T07:46:03+00:00","og_image":[{"width":1070,"height":706,"url":"https:\/\/www.immobilienbusiness.ch\/wp-content\/uploads\/2023\/10\/Quantus.png","type":"image\/png"}],"author":"Alexander Wachter","twitter_card":"summary_large_image","schema":{"@context":"https:\/\/schema.org","@graph":[{"@type":"Article","@id":"https:\/\/www.immobilienbusiness.ch\/en\/unternehmen\/2023-10-24\/dufour-investment-foundation-geht-mit-anlagegruppe-an-den-start\/#article","isPartOf":{"@id":"https:\/\/www.immobilienbusiness.ch\/en\/unternehmen\/2023-10-24\/dufour-investment-foundation-geht-mit-anlagegruppe-an-den-start\/"},"author":{"name":"Alexander Wachter","@id":"https:\/\/www.immobilienbusiness.ch\/#\/schema\/person\/aba8bea2db926aa0c24c08c43fe1fcd5"},"headline":"Dufour Investment Foundation geht mit Anlagegruppe an den Start","datePublished":"2023-10-24T06:14:09+00:00","dateModified":"2023-10-26T07:46:03+00:00","mainEntityOfPage":{"@id":"https:\/\/www.immobilienbusiness.ch\/en\/unternehmen\/2023-10-24\/dufour-investment-foundation-geht-mit-anlagegruppe-an-den-start\/"},"wordCount":206,"publisher":{"@id":"https:\/\/www.immobilienbusiness.ch\/#organization"},"image":{"@id":"https:\/\/www.immobilienbusiness.ch\/en\/unternehmen\/2023-10-24\/dufour-investment-foundation-geht-mit-anlagegruppe-an-den-start\/#primaryimage"},"thumbnailUrl":"https:\/\/www.immobilienbusiness.ch\/wp-content\/uploads\/2023\/10\/Quantus.png","keywords":["Anlagestiftung","Dufour Investment Foundation","MV Invest"],"articleSection":["UNTERNEHMEN"],"inLanguage":"fr-FR"},{"@type":"WebPage","@id":"https:\/\/www.immobilienbusiness.ch\/en\/unternehmen\/2023-10-24\/dufour-investment-foundation-geht-mit-anlagegruppe-an-den-start\/","url":"https:\/\/www.immobilienbusiness.ch\/en\/unternehmen\/2023-10-24\/dufour-investment-foundation-geht-mit-anlagegruppe-an-den-start\/","name":"Dufour Investment Foundation geht mit Anlagegruppe an den Start - IMMOBILIEN Business","isPartOf":{"@id":"https:\/\/www.immobilienbusiness.ch\/#website"},"primaryImageOfPage":{"@id":"https:\/\/www.immobilienbusiness.ch\/en\/unternehmen\/2023-10-24\/dufour-investment-foundation-geht-mit-anlagegruppe-an-den-start\/#primaryimage"},"image":{"@id":"https:\/\/www.immobilienbusiness.ch\/en\/unternehmen\/2023-10-24\/dufour-investment-foundation-geht-mit-anlagegruppe-an-den-start\/#primaryimage"},"thumbnailUrl":"https:\/\/www.immobilienbusiness.ch\/wp-content\/uploads\/2023\/10\/Quantus.png","datePublished":"2023-10-24T06:14:09+00:00","dateModified":"2023-10-26T07:46:03+00:00","description":"La nouvelle Dufour Investment Foundation lance le groupe de placement immobilier indirect \"MV Swiiterra\".","breadcrumb":{"@id":"https:\/\/www.immobilienbusiness.ch\/en\/unternehmen\/2023-10-24\/dufour-investment-foundation-geht-mit-anlagegruppe-an-den-start\/#breadcrumb"},"inLanguage":"fr-FR","potentialAction":[{"@type":"ReadAction","target":["https:\/\/www.immobilienbusiness.ch\/en\/unternehmen\/2023-10-24\/dufour-investment-foundation-geht-mit-anlagegruppe-an-den-start\/"]}]},{"@type":"ImageObject","inLanguage":"fr-FR","@id":"https:\/\/www.immobilienbusiness.ch\/en\/unternehmen\/2023-10-24\/dufour-investment-foundation-geht-mit-anlagegruppe-an-den-start\/#primaryimage","url":"https:\/\/www.immobilienbusiness.ch\/wp-content\/uploads\/2023\/10\/Quantus.png","contentUrl":"https:\/\/www.immobilienbusiness.ch\/wp-content\/uploads\/2023\/10\/Quantus.png","width":1070,"height":706},{"@type":"BreadcrumbList","@id":"https:\/\/www.immobilienbusiness.ch\/en\/unternehmen\/2023-10-24\/dufour-investment-foundation-geht-mit-anlagegruppe-an-den-start\/#breadcrumb","itemListElement":[{"@type":"ListItem","position":1,"name":"Home","item":"https:\/\/www.immobilienbusiness.ch\/"},{"@type":"ListItem","position":2,"name":"Dufour Investment Foundation geht mit Anlagegruppe an den Start"}]},{"@type":"WebSite","@id":"https:\/\/www.immobilienbusiness.ch\/#website","url":"https:\/\/www.immobilienbusiness.ch\/","name":"IMMOBILIER Business","description":"Magazine \u00e9conomique suisse ind\u00e9pendant ax\u00e9 sur l'immobilier, l'architecture et la construction ainsi que sur les investissements et le financement.","publisher":{"@id":"https:\/\/www.immobilienbusiness.ch\/#organization"},"potentialAction":[{"@type":"SearchAction","target":{"@type":"EntryPoint","urlTemplate":"https:\/\/www.immobilienbusiness.ch\/?s={search_term_string}"},"query-input":{"@type":"PropertyValueSpecification","valueRequired":true,"valueName":"search_term_string"}}],"inLanguage":"fr-FR"},{"@type":"Organization","@id":"https:\/\/www.immobilienbusiness.ch\/#organization","name":"IMMOBILIER Business","url":"https:\/\/www.immobilienbusiness.ch\/","logo":{"@type":"ImageObject","inLanguage":"fr-FR","@id":"https:\/\/www.immobilienbusiness.ch\/#\/schema\/logo\/image\/","url":"https:\/\/www.immobilienbusiness.ch\/wp-content\/uploads\/2021\/07\/logo_ib.png","contentUrl":"https:\/\/www.immobilienbusiness.ch\/wp-content\/uploads\/2021\/07\/logo_ib.png","width":800,"height":181,"caption":"IMMOBILIEN Business"},"image":{"@id":"https:\/\/www.immobilienbusiness.ch\/#\/schema\/logo\/image\/"},"sameAs":["https:\/\/www.facebook.com\/immobilienbusiness\/"]},{"@type":"Person","@id":"https:\/\/www.immobilienbusiness.ch\/#\/schema\/person\/aba8bea2db926aa0c24c08c43fe1fcd5","name":"Alexander Wachter","image":{"@type":"ImageObject","inLanguage":"fr-FR","@id":"https:\/\/secure.gravatar.com\/avatar\/1a09e471f5389b0e0a6416eac287e0927c7c97a7b77f9e787eba3af7aee281dd?s=96&d=mm&r=g","url":"https:\/\/secure.gravatar.com\/avatar\/1a09e471f5389b0e0a6416eac287e0927c7c97a7b77f9e787eba3af7aee281dd?s=96&d=mm&r=g","contentUrl":"https:\/\/secure.gravatar.com\/avatar\/1a09e471f5389b0e0a6416eac287e0927c7c97a7b77f9e787eba3af7aee281dd?s=96&d=mm&r=g","caption":"Alexander Wachter"},"url":"https:\/\/www.immobilienbusiness.ch\/fr\/author\/alexander-wachter\/"}]}},"_links":{"self":[{"href":"https:\/\/www.immobilienbusiness.ch\/fr\/wp-json\/wp\/v2\/posts\/53990","targetHints":{"allow":["GET"]}}],"collection":[{"href":"https:\/\/www.immobilienbusiness.ch\/fr\/wp-json\/wp\/v2\/posts"}],"about":[{"href":"https:\/\/www.immobilienbusiness.ch\/fr\/wp-json\/wp\/v2\/types\/post"}],"author":[{"embeddable":true,"href":"https:\/\/www.immobilienbusiness.ch\/fr\/wp-json\/wp\/v2\/users\/102"}],"replies":[{"embeddable":true,"href":"https:\/\/www.immobilienbusiness.ch\/fr\/wp-json\/wp\/v2\/comments?post=53990"}],"version-history":[{"count":7,"href":"https:\/\/www.immobilienbusiness.ch\/fr\/wp-json\/wp\/v2\/posts\/53990\/revisions"}],"predecessor-version":[{"id":54072,"href":"https:\/\/www.immobilienbusiness.ch\/fr\/wp-json\/wp\/v2\/posts\/53990\/revisions\/54072"}],"wp:featuredmedia":[{"embeddable":true,"href":"https:\/\/www.immobilienbusiness.ch\/fr\/wp-json\/wp\/v2\/media\/53992"}],"wp:attachment":[{"href":"https:\/\/www.immobilienbusiness.ch\/fr\/wp-json\/wp\/v2\/media?parent=53990"}],"wp:term":[{"taxonomy":"category","embeddable":true,"href":"https:\/\/www.immobilienbusiness.ch\/fr\/wp-json\/wp\/v2\/categories?post=53990"},{"taxonomy":"post_tag","embeddable":true,"href":"https:\/\/www.immobilienbusiness.ch\/fr\/wp-json\/wp\/v2\/tags?post=53990"}],"curies":[{"name":"wp","href":"https:\/\/api.w.org\/{rel}","templated":true}]}}