{"id":53946,"date":"2023-10-20T08:19:14","date_gmt":"2023-10-20T06:19:14","guid":{"rendered":"https:\/\/www.immobilienbusiness.ch\/?p=53946"},"modified":"2023-10-24T11:32:27","modified_gmt":"2023-10-24T09:32:27","slug":"vernier-deutsche-hospitality-eroeffnet-hotel-im-quartier-de-letang","status":"publish","type":"post","link":"https:\/\/www.immobilienbusiness.ch\/fr\/regionen\/2023-10-20\/vernier-deutsche-hospitality-eroeffnet-hotel-im-quartier-de-letang\/","title":{"rendered":"Vernier : Deutsche Hospitality ouvre un h\u00f4tel dans le Quartier de l'\u00c9tang"},"content":{"rendered":"<figure id=\"attachment_53947\" aria-describedby=\"caption-attachment-53947\" style=\"width: 1400px\" class=\"wp-caption alignnone\"><a href=\"https:\/\/www.immobilienbusiness.ch\/wp-content\/uploads\/2023\/10\/IntercityHotelGeneva_Rendering-4-scaled.jpg\"><img loading=\"lazy\" decoding=\"async\" class=\"size-full wp-image-53947\" src=\"https:\/\/www.immobilienbusiness.ch\/wp-content\/uploads\/2023\/10\/IntercityHotelGeneva_Rendering-4-scaled.jpg\" alt=\"\" width=\"1400\" height=\"934\" srcset=\"https:\/\/www.immobilienbusiness.ch\/wp-content\/uploads\/2023\/10\/IntercityHotelGeneva_Rendering-4-scaled.jpg 1200w, https:\/\/www.immobilienbusiness.ch\/wp-content\/uploads\/2023\/10\/IntercityHotelGeneva_Rendering-4-300x200.jpg 300w, https:\/\/www.immobilienbusiness.ch\/wp-content\/uploads\/2023\/10\/IntercityHotelGeneva_Rendering-4-1024x683.jpg 1024w, https:\/\/www.immobilienbusiness.ch\/wp-content\/uploads\/2023\/10\/IntercityHotelGeneva_Rendering-4-768x512.jpg 768w, https:\/\/www.immobilienbusiness.ch\/wp-content\/uploads\/2023\/10\/IntercityHotelGeneva_Rendering-4-1536x1025.jpg 1536w, https:\/\/www.immobilienbusiness.ch\/wp-content\/uploads\/2023\/10\/IntercityHotelGeneva_Rendering-4-2048x1367.jpg 2048w, https:\/\/www.immobilienbusiness.ch\/wp-content\/uploads\/2023\/10\/IntercityHotelGeneva_Rendering-4-18x12.jpg 18w, https:\/\/www.immobilienbusiness.ch\/wp-content\/uploads\/2023\/10\/IntercityHotelGeneva_Rendering-4-375x250.jpg 375w, https:\/\/www.immobilienbusiness.ch\/wp-content\/uploads\/2023\/10\/IntercityHotelGeneva_Rendering-4-525x350.jpg 525w, https:\/\/www.immobilienbusiness.ch\/wp-content\/uploads\/2023\/10\/IntercityHotelGeneva_Rendering-4-1000x667.jpg 1000w\" sizes=\"auto, (max-width: 1400px) 100vw, 1400px\" \/><\/a><figcaption id=\"caption-attachment-53947\" class=\"wp-caption-text\">Rendering du nouvel h\u00f4tel Intercity \u00e0 Vernier pr\u00e8s de Gen\u00e8ve (source : Deutsche Hospitality)<\/figcaption><\/figure>\n<p>Un h\u00f4tel de la marque Intercity a ouvert ses portes dans le Quartier de l'\u00c9tang \u00e0 Vernier, pr\u00e8s de Gen\u00e8ve. Comme l'indique la Deutsche Hospitality en tant qu'exploitante et preneuse de bail, l'\u00e9tablissement comprend 270 chambres, un espace de conf\u00e9rence avec cinq salles de r\u00e9union ainsi qu'un restaurant et un bar. S'y ajoute un espace bien-\u00eatre et fitness avec sauna et hammam. Le propri\u00e9taire du bien immobilier est PG Promotors.<\/p>\n<p>Comme le dit Josef Dolp, Chief Operating Officer et Guest Experience Officer chez Deutsche Hospitality, l'Intercity Hotel Geneva est le premier h\u00f4tel de l'entreprise en Suisse francophone ; d'autres suivront rapidement. \"La Suisse est un march\u00e9 important et Gen\u00e8ve un emplacement de choix pour nous afin de poursuivre la croissance de la marque Intercity Hotel\".<\/p>\n<p>Avec le Quartier de l'\u00c9tang, un ancien site industriel situ\u00e9 \u00e0 la p\u00e9riph\u00e9rie de Gen\u00e8ve, d'une superficie totale de onze hectares, a \u00e9t\u00e9 d\u00e9velopp\u00e9 selon des principes durables. Le quartier comprend 870 logements, des bureaux et des surfaces commerciales, plusieurs h\u00f4tels, une r\u00e9sidence pour \u00e9tudiants, un centre commercial, des restaurants et des espaces pour les activit\u00e9s de loisirs. <em>(ah)<\/em><\/p>","protected":false},"excerpt":{"rendered":"<p>Le nouvel h\u00f4tel Intercity est le premier h\u00f4tel de Deutsche Hospitality en Suisse romande. D'autres devraient suivre.<\/p>","protected":false},"author":3,"featured_media":53947,"comment_status":"closed","ping_status":"closed","sticky":false,"template":"","format":"standard","meta":{"_acf_changed":false,"_yoast_wpseo_focuskw":"Intercity","_yoast_wpseo_title":"","_yoast_wpseo_metadesc":"Das neue Intercity-Hotel ist das erste Hotel der Deutschen Hospitality in der franz\u00f6sischsprachigen Schweiz. Weitere sollen folgen.","_yoast_wpseo_linkdex":58,"pgc_sgb_lightbox_settings":"","footnotes":""},"categories":[985],"tags":[2091,1260,1313],"class_list":["post-53946","post","type-post","status-publish","format-standard","has-post-thumbnail","hentry","category-regionen","tag-eroeffnung","tag-genf","tag-hotel"],"acf":[],"yoast_head":"<!-- This site is optimized with the Yoast SEO plugin v27.4 - https:\/\/yoast.com\/product\/yoast-seo-wordpress\/ -->\n<title>Vernier: Deutsche Hospitality er\u00f6ffnet Hotel im Quartier de l\u2019\u00c9tang - IMMOBILIEN Business<\/title>\n<meta name=\"description\" content=\"Das neue Intercity-Hotel ist das erste Hotel der Deutschen Hospitality in der franz\u00f6sischsprachigen Schweiz. Weitere sollen folgen.\" \/>\n<meta name=\"robots\" content=\"index, follow, max-snippet:-1, max-image-preview:large, max-video-preview:-1\" \/>\n<link rel=\"canonical\" href=\"https:\/\/www.immobilienbusiness.ch\/fr\/regionen\/2023-10-20\/vernier-deutsche-hospitality-eroeffnet-hotel-im-quartier-de-letang\/\" \/>\n<meta property=\"og:locale\" content=\"fr_FR\" \/>\n<meta property=\"og:type\" content=\"article\" \/>\n<meta property=\"og:title\" content=\"Vernier: Deutsche Hospitality er\u00f6ffnet Hotel im Quartier de l\u2019\u00c9tang - IMMOBILIEN Business\" \/>\n<meta property=\"og:description\" content=\"Das neue Intercity-Hotel ist das erste Hotel der Deutschen Hospitality in der franz\u00f6sischsprachigen Schweiz. Weitere sollen folgen.\" \/>\n<meta property=\"og:url\" content=\"https:\/\/www.immobilienbusiness.ch\/fr\/regionen\/2023-10-20\/vernier-deutsche-hospitality-eroeffnet-hotel-im-quartier-de-letang\/\" \/>\n<meta property=\"og:site_name\" content=\"IMMOBILIEN Business\" \/>\n<meta property=\"article:publisher\" content=\"https:\/\/www.facebook.com\/immobilienbusiness\/\" \/>\n<meta property=\"article:published_time\" content=\"2023-10-20T06:19:14+00:00\" \/>\n<meta property=\"article:modified_time\" content=\"2023-10-24T09:32:27+00:00\" \/>\n<meta property=\"og:image\" content=\"https:\/\/www.immobilienbusiness.ch\/wp-content\/uploads\/2023\/10\/IntercityHotelGeneva_Rendering-4-scaled.jpg\" \/>\n\t<meta property=\"og:image:width\" content=\"1200\" \/>\n\t<meta property=\"og:image:height\" content=\"801\" \/>\n\t<meta property=\"og:image:type\" content=\"image\/jpeg\" \/>\n<meta name=\"author\" content=\"anja.hall\" \/>\n<meta name=\"twitter:card\" content=\"summary_large_image\" \/>\n<script type=\"application\/ld+json\" class=\"yoast-schema-graph\">{\"@context\":\"https:\\\/\\\/schema.org\",\"@graph\":[{\"@type\":\"Article\",\"@id\":\"https:\\\/\\\/www.immobilienbusiness.ch\\\/de\\\/regionen\\\/2023-10-20\\\/vernier-deutsche-hospitality-eroeffnet-hotel-im-quartier-de-letang\\\/#article\",\"isPartOf\":{\"@id\":\"https:\\\/\\\/www.immobilienbusiness.ch\\\/de\\\/regionen\\\/2023-10-20\\\/vernier-deutsche-hospitality-eroeffnet-hotel-im-quartier-de-letang\\\/\"},\"author\":{\"name\":\"anja.hall\",\"@id\":\"https:\\\/\\\/www.immobilienbusiness.ch\\\/#\\\/schema\\\/person\\\/3fc036297b10b9f42d6db5ee932af8c8\"},\"headline\":\"Vernier: Deutsche Hospitality er\u00f6ffnet Hotel im Quartier de l\u2019\u00c9tang\",\"datePublished\":\"2023-10-20T06:19:14+00:00\",\"dateModified\":\"2023-10-24T09:32:27+00:00\",\"mainEntityOfPage\":{\"@id\":\"https:\\\/\\\/www.immobilienbusiness.ch\\\/de\\\/regionen\\\/2023-10-20\\\/vernier-deutsche-hospitality-eroeffnet-hotel-im-quartier-de-letang\\\/\"},\"wordCount\":193,\"publisher\":{\"@id\":\"https:\\\/\\\/www.immobilienbusiness.ch\\\/#organization\"},\"image\":{\"@id\":\"https:\\\/\\\/www.immobilienbusiness.ch\\\/de\\\/regionen\\\/2023-10-20\\\/vernier-deutsche-hospitality-eroeffnet-hotel-im-quartier-de-letang\\\/#primaryimage\"},\"thumbnailUrl\":\"https:\\\/\\\/www.immobilienbusiness.ch\\\/wp-content\\\/uploads\\\/2023\\\/10\\\/IntercityHotelGeneva_Rendering-4-scaled.jpg\",\"keywords\":[\"Er\u00f6ffnung\",\"Genf\",\"Hotel\"],\"articleSection\":[\"REGIONEN\"],\"inLanguage\":\"fr-FR\"},{\"@type\":\"WebPage\",\"@id\":\"https:\\\/\\\/www.immobilienbusiness.ch\\\/de\\\/regionen\\\/2023-10-20\\\/vernier-deutsche-hospitality-eroeffnet-hotel-im-quartier-de-letang\\\/\",\"url\":\"https:\\\/\\\/www.immobilienbusiness.ch\\\/de\\\/regionen\\\/2023-10-20\\\/vernier-deutsche-hospitality-eroeffnet-hotel-im-quartier-de-letang\\\/\",\"name\":\"Vernier: Deutsche Hospitality er\u00f6ffnet Hotel im Quartier de l\u2019\u00c9tang - IMMOBILIEN Business\",\"isPartOf\":{\"@id\":\"https:\\\/\\\/www.immobilienbusiness.ch\\\/#website\"},\"primaryImageOfPage\":{\"@id\":\"https:\\\/\\\/www.immobilienbusiness.ch\\\/de\\\/regionen\\\/2023-10-20\\\/vernier-deutsche-hospitality-eroeffnet-hotel-im-quartier-de-letang\\\/#primaryimage\"},\"image\":{\"@id\":\"https:\\\/\\\/www.immobilienbusiness.ch\\\/de\\\/regionen\\\/2023-10-20\\\/vernier-deutsche-hospitality-eroeffnet-hotel-im-quartier-de-letang\\\/#primaryimage\"},\"thumbnailUrl\":\"https:\\\/\\\/www.immobilienbusiness.ch\\\/wp-content\\\/uploads\\\/2023\\\/10\\\/IntercityHotelGeneva_Rendering-4-scaled.jpg\",\"datePublished\":\"2023-10-20T06:19:14+00:00\",\"dateModified\":\"2023-10-24T09:32:27+00:00\",\"description\":\"Das neue Intercity-Hotel ist das erste Hotel der Deutschen Hospitality in der franz\u00f6sischsprachigen Schweiz. Weitere sollen folgen.\",\"breadcrumb\":{\"@id\":\"https:\\\/\\\/www.immobilienbusiness.ch\\\/de\\\/regionen\\\/2023-10-20\\\/vernier-deutsche-hospitality-eroeffnet-hotel-im-quartier-de-letang\\\/#breadcrumb\"},\"inLanguage\":\"fr-FR\",\"potentialAction\":[{\"@type\":\"ReadAction\",\"target\":[\"https:\\\/\\\/www.immobilienbusiness.ch\\\/de\\\/regionen\\\/2023-10-20\\\/vernier-deutsche-hospitality-eroeffnet-hotel-im-quartier-de-letang\\\/\"]}]},{\"@type\":\"ImageObject\",\"inLanguage\":\"fr-FR\",\"@id\":\"https:\\\/\\\/www.immobilienbusiness.ch\\\/de\\\/regionen\\\/2023-10-20\\\/vernier-deutsche-hospitality-eroeffnet-hotel-im-quartier-de-letang\\\/#primaryimage\",\"url\":\"https:\\\/\\\/www.immobilienbusiness.ch\\\/wp-content\\\/uploads\\\/2023\\\/10\\\/IntercityHotelGeneva_Rendering-4-scaled.jpg\",\"contentUrl\":\"https:\\\/\\\/www.immobilienbusiness.ch\\\/wp-content\\\/uploads\\\/2023\\\/10\\\/IntercityHotelGeneva_Rendering-4-scaled.jpg\",\"width\":1200,\"height\":801,\"caption\":\"Rendering des neuen Intercity Hotels in Vernier bei Genf (Quelle: Deutsche Hospitality)\"},{\"@type\":\"BreadcrumbList\",\"@id\":\"https:\\\/\\\/www.immobilienbusiness.ch\\\/de\\\/regionen\\\/2023-10-20\\\/vernier-deutsche-hospitality-eroeffnet-hotel-im-quartier-de-letang\\\/#breadcrumb\",\"itemListElement\":[{\"@type\":\"ListItem\",\"position\":1,\"name\":\"Home\",\"item\":\"https:\\\/\\\/www.immobilienbusiness.ch\\\/\"},{\"@type\":\"ListItem\",\"position\":2,\"name\":\"Vernier: Deutsche Hospitality er\u00f6ffnet Hotel im Quartier de l\u2019\u00c9tang\"}]},{\"@type\":\"WebSite\",\"@id\":\"https:\\\/\\\/www.immobilienbusiness.ch\\\/#website\",\"url\":\"https:\\\/\\\/www.immobilienbusiness.ch\\\/\",\"name\":\"IMMOBILIEN Business\",\"description\":\"Unabh\u00e4ngiges Schweizer Wirtschaftsmagazin mit Fokus auf Immobilien, Architektur- und Bau sowie Investment- und Finanzierung.\",\"publisher\":{\"@id\":\"https:\\\/\\\/www.immobilienbusiness.ch\\\/#organization\"},\"potentialAction\":[{\"@type\":\"SearchAction\",\"target\":{\"@type\":\"EntryPoint\",\"urlTemplate\":\"https:\\\/\\\/www.immobilienbusiness.ch\\\/?s={search_term_string}\"},\"query-input\":{\"@type\":\"PropertyValueSpecification\",\"valueRequired\":true,\"valueName\":\"search_term_string\"}}],\"inLanguage\":\"fr-FR\"},{\"@type\":\"Organization\",\"@id\":\"https:\\\/\\\/www.immobilienbusiness.ch\\\/#organization\",\"name\":\"IMMOBILIEN Business\",\"url\":\"https:\\\/\\\/www.immobilienbusiness.ch\\\/\",\"logo\":{\"@type\":\"ImageObject\",\"inLanguage\":\"fr-FR\",\"@id\":\"https:\\\/\\\/www.immobilienbusiness.ch\\\/#\\\/schema\\\/logo\\\/image\\\/\",\"url\":\"https:\\\/\\\/www.immobilienbusiness.ch\\\/wp-content\\\/uploads\\\/2021\\\/07\\\/logo_ib.png\",\"contentUrl\":\"https:\\\/\\\/www.immobilienbusiness.ch\\\/wp-content\\\/uploads\\\/2021\\\/07\\\/logo_ib.png\",\"width\":800,\"height\":181,\"caption\":\"IMMOBILIEN Business\"},\"image\":{\"@id\":\"https:\\\/\\\/www.immobilienbusiness.ch\\\/#\\\/schema\\\/logo\\\/image\\\/\"},\"sameAs\":[\"https:\\\/\\\/www.facebook.com\\\/immobilienbusiness\\\/\"]},{\"@type\":\"Person\",\"@id\":\"https:\\\/\\\/www.immobilienbusiness.ch\\\/#\\\/schema\\\/person\\\/3fc036297b10b9f42d6db5ee932af8c8\",\"name\":\"anja.hall\",\"image\":{\"@type\":\"ImageObject\",\"inLanguage\":\"fr-FR\",\"@id\":\"https:\\\/\\\/secure.gravatar.com\\\/avatar\\\/066b5a0d447013502c71a5782f4f3469f03cfe595cc2329fb94652fe47511bfb?s=96&d=mm&r=g\",\"url\":\"https:\\\/\\\/secure.gravatar.com\\\/avatar\\\/066b5a0d447013502c71a5782f4f3469f03cfe595cc2329fb94652fe47511bfb?s=96&d=mm&r=g\",\"contentUrl\":\"https:\\\/\\\/secure.gravatar.com\\\/avatar\\\/066b5a0d447013502c71a5782f4f3469f03cfe595cc2329fb94652fe47511bfb?s=96&d=mm&r=g\",\"caption\":\"anja.hall\"},\"url\":\"https:\\\/\\\/www.immobilienbusiness.ch\\\/fr\\\/author\\\/anja-hall\\\/\"}]}<\/script>\n<!-- \/ Yoast SEO plugin. -->","yoast_head_json":{"title":"Vernier: Deutsche Hospitality er\u00f6ffnet Hotel im Quartier de l\u2019\u00c9tang - IMMOBILIEN Business","description":"Le nouvel h\u00f4tel Intercity est le premier h\u00f4tel de Deutsche Hospitality en Suisse romande. D'autres devraient suivre.","robots":{"index":"index","follow":"follow","max-snippet":"max-snippet:-1","max-image-preview":"max-image-preview:large","max-video-preview":"max-video-preview:-1"},"canonical":"https:\/\/www.immobilienbusiness.ch\/fr\/regionen\/2023-10-20\/vernier-deutsche-hospitality-eroeffnet-hotel-im-quartier-de-letang\/","og_locale":"fr_FR","og_type":"article","og_title":"Vernier: Deutsche Hospitality er\u00f6ffnet Hotel im Quartier de l\u2019\u00c9tang - IMMOBILIEN Business","og_description":"Das neue Intercity-Hotel ist das erste Hotel der Deutschen Hospitality in der franz\u00f6sischsprachigen Schweiz. Weitere sollen folgen.","og_url":"https:\/\/www.immobilienbusiness.ch\/fr\/regionen\/2023-10-20\/vernier-deutsche-hospitality-eroeffnet-hotel-im-quartier-de-letang\/","og_site_name":"IMMOBILIEN Business","article_publisher":"https:\/\/www.facebook.com\/immobilienbusiness\/","article_published_time":"2023-10-20T06:19:14+00:00","article_modified_time":"2023-10-24T09:32:27+00:00","og_image":[{"width":1200,"height":801,"url":"https:\/\/www.immobilienbusiness.ch\/wp-content\/uploads\/2023\/10\/IntercityHotelGeneva_Rendering-4-scaled.jpg","type":"image\/jpeg"}],"author":"anja.hall","twitter_card":"summary_large_image","schema":{"@context":"https:\/\/schema.org","@graph":[{"@type":"Article","@id":"https:\/\/www.immobilienbusiness.ch\/de\/regionen\/2023-10-20\/vernier-deutsche-hospitality-eroeffnet-hotel-im-quartier-de-letang\/#article","isPartOf":{"@id":"https:\/\/www.immobilienbusiness.ch\/de\/regionen\/2023-10-20\/vernier-deutsche-hospitality-eroeffnet-hotel-im-quartier-de-letang\/"},"author":{"name":"anja.hall","@id":"https:\/\/www.immobilienbusiness.ch\/#\/schema\/person\/3fc036297b10b9f42d6db5ee932af8c8"},"headline":"Vernier: Deutsche Hospitality er\u00f6ffnet Hotel im Quartier de l\u2019\u00c9tang","datePublished":"2023-10-20T06:19:14+00:00","dateModified":"2023-10-24T09:32:27+00:00","mainEntityOfPage":{"@id":"https:\/\/www.immobilienbusiness.ch\/de\/regionen\/2023-10-20\/vernier-deutsche-hospitality-eroeffnet-hotel-im-quartier-de-letang\/"},"wordCount":193,"publisher":{"@id":"https:\/\/www.immobilienbusiness.ch\/#organization"},"image":{"@id":"https:\/\/www.immobilienbusiness.ch\/de\/regionen\/2023-10-20\/vernier-deutsche-hospitality-eroeffnet-hotel-im-quartier-de-letang\/#primaryimage"},"thumbnailUrl":"https:\/\/www.immobilienbusiness.ch\/wp-content\/uploads\/2023\/10\/IntercityHotelGeneva_Rendering-4-scaled.jpg","keywords":["Er\u00f6ffnung","Genf","Hotel"],"articleSection":["REGIONEN"],"inLanguage":"fr-FR"},{"@type":"WebPage","@id":"https:\/\/www.immobilienbusiness.ch\/de\/regionen\/2023-10-20\/vernier-deutsche-hospitality-eroeffnet-hotel-im-quartier-de-letang\/","url":"https:\/\/www.immobilienbusiness.ch\/de\/regionen\/2023-10-20\/vernier-deutsche-hospitality-eroeffnet-hotel-im-quartier-de-letang\/","name":"Vernier: Deutsche Hospitality er\u00f6ffnet Hotel im Quartier de l\u2019\u00c9tang - IMMOBILIEN Business","isPartOf":{"@id":"https:\/\/www.immobilienbusiness.ch\/#website"},"primaryImageOfPage":{"@id":"https:\/\/www.immobilienbusiness.ch\/de\/regionen\/2023-10-20\/vernier-deutsche-hospitality-eroeffnet-hotel-im-quartier-de-letang\/#primaryimage"},"image":{"@id":"https:\/\/www.immobilienbusiness.ch\/de\/regionen\/2023-10-20\/vernier-deutsche-hospitality-eroeffnet-hotel-im-quartier-de-letang\/#primaryimage"},"thumbnailUrl":"https:\/\/www.immobilienbusiness.ch\/wp-content\/uploads\/2023\/10\/IntercityHotelGeneva_Rendering-4-scaled.jpg","datePublished":"2023-10-20T06:19:14+00:00","dateModified":"2023-10-24T09:32:27+00:00","description":"Le nouvel h\u00f4tel Intercity est le premier h\u00f4tel de Deutsche Hospitality en Suisse romande. D'autres devraient suivre.","breadcrumb":{"@id":"https:\/\/www.immobilienbusiness.ch\/de\/regionen\/2023-10-20\/vernier-deutsche-hospitality-eroeffnet-hotel-im-quartier-de-letang\/#breadcrumb"},"inLanguage":"fr-FR","potentialAction":[{"@type":"ReadAction","target":["https:\/\/www.immobilienbusiness.ch\/de\/regionen\/2023-10-20\/vernier-deutsche-hospitality-eroeffnet-hotel-im-quartier-de-letang\/"]}]},{"@type":"ImageObject","inLanguage":"fr-FR","@id":"https:\/\/www.immobilienbusiness.ch\/de\/regionen\/2023-10-20\/vernier-deutsche-hospitality-eroeffnet-hotel-im-quartier-de-letang\/#primaryimage","url":"https:\/\/www.immobilienbusiness.ch\/wp-content\/uploads\/2023\/10\/IntercityHotelGeneva_Rendering-4-scaled.jpg","contentUrl":"https:\/\/www.immobilienbusiness.ch\/wp-content\/uploads\/2023\/10\/IntercityHotelGeneva_Rendering-4-scaled.jpg","width":1200,"height":801,"caption":"Rendering des neuen Intercity Hotels in Vernier bei Genf (Quelle: Deutsche Hospitality)"},{"@type":"BreadcrumbList","@id":"https:\/\/www.immobilienbusiness.ch\/de\/regionen\/2023-10-20\/vernier-deutsche-hospitality-eroeffnet-hotel-im-quartier-de-letang\/#breadcrumb","itemListElement":[{"@type":"ListItem","position":1,"name":"Home","item":"https:\/\/www.immobilienbusiness.ch\/"},{"@type":"ListItem","position":2,"name":"Vernier: Deutsche Hospitality er\u00f6ffnet Hotel im Quartier de l\u2019\u00c9tang"}]},{"@type":"WebSite","@id":"https:\/\/www.immobilienbusiness.ch\/#website","url":"https:\/\/www.immobilienbusiness.ch\/","name":"IMMOBILIER Business","description":"Magazine \u00e9conomique suisse ind\u00e9pendant ax\u00e9 sur l'immobilier, l'architecture et la construction ainsi que sur les investissements et le financement.","publisher":{"@id":"https:\/\/www.immobilienbusiness.ch\/#organization"},"potentialAction":[{"@type":"SearchAction","target":{"@type":"EntryPoint","urlTemplate":"https:\/\/www.immobilienbusiness.ch\/?s={search_term_string}"},"query-input":{"@type":"PropertyValueSpecification","valueRequired":true,"valueName":"search_term_string"}}],"inLanguage":"fr-FR"},{"@type":"Organization","@id":"https:\/\/www.immobilienbusiness.ch\/#organization","name":"IMMOBILIER Business","url":"https:\/\/www.immobilienbusiness.ch\/","logo":{"@type":"ImageObject","inLanguage":"fr-FR","@id":"https:\/\/www.immobilienbusiness.ch\/#\/schema\/logo\/image\/","url":"https:\/\/www.immobilienbusiness.ch\/wp-content\/uploads\/2021\/07\/logo_ib.png","contentUrl":"https:\/\/www.immobilienbusiness.ch\/wp-content\/uploads\/2021\/07\/logo_ib.png","width":800,"height":181,"caption":"IMMOBILIEN Business"},"image":{"@id":"https:\/\/www.immobilienbusiness.ch\/#\/schema\/logo\/image\/"},"sameAs":["https:\/\/www.facebook.com\/immobilienbusiness\/"]},{"@type":"Person","@id":"https:\/\/www.immobilienbusiness.ch\/#\/schema\/person\/3fc036297b10b9f42d6db5ee932af8c8","name":"anja.hall","image":{"@type":"ImageObject","inLanguage":"fr-FR","@id":"https:\/\/secure.gravatar.com\/avatar\/066b5a0d447013502c71a5782f4f3469f03cfe595cc2329fb94652fe47511bfb?s=96&d=mm&r=g","url":"https:\/\/secure.gravatar.com\/avatar\/066b5a0d447013502c71a5782f4f3469f03cfe595cc2329fb94652fe47511bfb?s=96&d=mm&r=g","contentUrl":"https:\/\/secure.gravatar.com\/avatar\/066b5a0d447013502c71a5782f4f3469f03cfe595cc2329fb94652fe47511bfb?s=96&d=mm&r=g","caption":"anja.hall"},"url":"https:\/\/www.immobilienbusiness.ch\/fr\/author\/anja-hall\/"}]}},"_links":{"self":[{"href":"https:\/\/www.immobilienbusiness.ch\/fr\/wp-json\/wp\/v2\/posts\/53946","targetHints":{"allow":["GET"]}}],"collection":[{"href":"https:\/\/www.immobilienbusiness.ch\/fr\/wp-json\/wp\/v2\/posts"}],"about":[{"href":"https:\/\/www.immobilienbusiness.ch\/fr\/wp-json\/wp\/v2\/types\/post"}],"author":[{"embeddable":true,"href":"https:\/\/www.immobilienbusiness.ch\/fr\/wp-json\/wp\/v2\/users\/3"}],"replies":[{"embeddable":true,"href":"https:\/\/www.immobilienbusiness.ch\/fr\/wp-json\/wp\/v2\/comments?post=53946"}],"version-history":[{"count":3,"href":"https:\/\/www.immobilienbusiness.ch\/fr\/wp-json\/wp\/v2\/posts\/53946\/revisions"}],"predecessor-version":[{"id":54037,"href":"https:\/\/www.immobilienbusiness.ch\/fr\/wp-json\/wp\/v2\/posts\/53946\/revisions\/54037"}],"wp:featuredmedia":[{"embeddable":true,"href":"https:\/\/www.immobilienbusiness.ch\/fr\/wp-json\/wp\/v2\/media\/53947"}],"wp:attachment":[{"href":"https:\/\/www.immobilienbusiness.ch\/fr\/wp-json\/wp\/v2\/media?parent=53946"}],"wp:term":[{"taxonomy":"category","embeddable":true,"href":"https:\/\/www.immobilienbusiness.ch\/fr\/wp-json\/wp\/v2\/categories?post=53946"},{"taxonomy":"post_tag","embeddable":true,"href":"https:\/\/www.immobilienbusiness.ch\/fr\/wp-json\/wp\/v2\/tags?post=53946"}],"curies":[{"name":"wp","href":"https:\/\/api.w.org\/{rel}","templated":true}]}}