{"id":53612,"date":"2023-09-29T15:42:43","date_gmt":"2023-09-29T13:42:43","guid":{"rendered":"https:\/\/www.immobilienbusiness.ch\/?p=53612"},"modified":"2023-12-04T15:43:18","modified_gmt":"2023-12-04T14:43:18","slug":"egnach-tg-gestaltungsplan-fuer-luxburgerfeld-wird-bald-aufgelegt","status":"publish","type":"post","link":"https:\/\/www.immobilienbusiness.ch\/fr\/ib\/2023-09-29\/egnach-tg-gestaltungsplan-fuer-luxburgerfeld-wird-bald-aufgelegt\/","title":{"rendered":"Egnach (TG) : Le plan d'am\u00e9nagement du Luxburgerfeld sera bient\u00f4t mis \u00e0 l'enqu\u00eate"},"content":{"rendered":"<div class=\"swpm-post-not-logged-in-msg\">Vous devez \u00eatre connect\u00e9 pour voir ce contenu. Veuillez consulter <a class=\"swpm-login-link\" href=\"https:\/\/www.immobilienbusiness.ch\/fr\/login\/?swpm_redirect_to=https%3A%2F%2Fwww.immobilienbusiness.ch%2Ffr%2Fwp-json%2Fwp%2Fv2%2Fposts%2F53612\">Connexion<\/a>. Vous n'\u00eates pas membre ? <a href=\"https:\/\/www.immobilienbusiness.ch\/fr\/registrieren\/\">Nous Rejoindre<\/a><\/div>","protected":false},"excerpt":{"rendered":"<p>La deuxi\u00e8me mise \u00e0 l'enqu\u00eate publique pour les 350 logements au total du Luxburgerfeld d'Egnach devrait commencer cet hiver. La soci\u00e9t\u00e9 Steiner AG estime que le projet est d\u00e9sormais sur les rails.<\/p>","protected":false},"author":102,"featured_media":53613,"comment_status":"closed","ping_status":"closed","sticky":false,"template":"","format":"standard","meta":{"_acf_changed":false,"_yoast_wpseo_focuskw":"Egnach","_yoast_wpseo_title":"","_yoast_wpseo_metadesc":"F\u00fcr die insgesamt 350 Wohungen im Egnacher Luxburgerfeld soll im Winter die zweite \u00f6ffentliche Auflage beginnen. Die Steiner AG sieht das Vorhaben nun auf Kurs.","_yoast_wpseo_linkdex":56,"pgc_sgb_lightbox_settings":"","footnotes":""},"categories":[1951],"tags":[2440,1600,1731,1997,2109],"class_list":["post-53612","post","type-post","status-publish","format-standard","has-post-thumbnail","hentry","category-ib","tag-egnach","tag-projekt-in-planung","tag-steiner-ag","tag-tg","tag-wohnungen"],"acf":[],"yoast_head":"<!-- This site is optimized with the Yoast SEO plugin v27.4 - https:\/\/yoast.com\/product\/yoast-seo-wordpress\/ -->\n<title>Egnach (TG): Gestaltungsplan f\u00fcr Luxburgerfeld wird bald aufgelegt - IMMOBILIEN Business<\/title>\n<meta name=\"description\" content=\"F\u00fcr die insgesamt 350 Wohungen im Egnacher Luxburgerfeld soll im Winter die zweite \u00f6ffentliche Auflage beginnen. Die Steiner AG sieht das Vorhaben nun auf Kurs.\" \/>\n<meta name=\"robots\" content=\"index, follow, max-snippet:-1, max-image-preview:large, max-video-preview:-1\" \/>\n<link rel=\"canonical\" href=\"https:\/\/www.immobilienbusiness.ch\/fr\/ib\/2023-09-29\/egnach-tg-gestaltungsplan-fuer-luxburgerfeld-wird-bald-aufgelegt\/\" \/>\n<meta property=\"og:locale\" content=\"fr_FR\" \/>\n<meta property=\"og:type\" content=\"article\" \/>\n<meta property=\"og:title\" content=\"Egnach (TG): Gestaltungsplan f\u00fcr Luxburgerfeld wird bald aufgelegt - IMMOBILIEN Business\" \/>\n<meta property=\"og:description\" content=\"F\u00fcr die insgesamt 350 Wohungen im Egnacher Luxburgerfeld soll im Winter die zweite \u00f6ffentliche Auflage beginnen. Die Steiner AG sieht das Vorhaben nun auf Kurs.\" \/>\n<meta property=\"og:url\" content=\"https:\/\/www.immobilienbusiness.ch\/fr\/ib\/2023-09-29\/egnach-tg-gestaltungsplan-fuer-luxburgerfeld-wird-bald-aufgelegt\/\" \/>\n<meta property=\"og:site_name\" content=\"IMMOBILIEN Business\" \/>\n<meta property=\"article:publisher\" content=\"https:\/\/www.facebook.com\/immobilienbusiness\/\" \/>\n<meta property=\"article:published_time\" content=\"2023-09-29T13:42:43+00:00\" \/>\n<meta property=\"article:modified_time\" content=\"2023-12-04T14:43:18+00:00\" \/>\n<meta property=\"og:image\" content=\"https:\/\/www.immobilienbusiness.ch\/wp-content\/uploads\/2023\/09\/Luxburger.png\" \/>\n\t<meta property=\"og:image:width\" content=\"976\" \/>\n\t<meta property=\"og:image:height\" content=\"426\" \/>\n\t<meta property=\"og:image:type\" content=\"image\/png\" \/>\n<meta name=\"author\" content=\"Alexander Wachter\" \/>\n<meta name=\"twitter:card\" content=\"summary_large_image\" \/>\n<script type=\"application\/ld+json\" class=\"yoast-schema-graph\">{\"@context\":\"https:\\\/\\\/schema.org\",\"@graph\":[{\"@type\":\"Article\",\"@id\":\"https:\\\/\\\/www.immobilienbusiness.ch\\\/de\\\/ib\\\/2023-09-29\\\/egnach-tg-gestaltungsplan-fuer-luxburgerfeld-wird-bald-aufgelegt\\\/#article\",\"isPartOf\":{\"@id\":\"https:\\\/\\\/www.immobilienbusiness.ch\\\/de\\\/ib\\\/2023-09-29\\\/egnach-tg-gestaltungsplan-fuer-luxburgerfeld-wird-bald-aufgelegt\\\/\"},\"author\":{\"name\":\"Alexander Wachter\",\"@id\":\"https:\\\/\\\/www.immobilienbusiness.ch\\\/#\\\/schema\\\/person\\\/aba8bea2db926aa0c24c08c43fe1fcd5\"},\"headline\":\"Egnach (TG): Gestaltungsplan f\u00fcr Luxburgerfeld wird bald aufgelegt\",\"datePublished\":\"2023-09-29T13:42:43+00:00\",\"dateModified\":\"2023-12-04T14:43:18+00:00\",\"mainEntityOfPage\":{\"@id\":\"https:\\\/\\\/www.immobilienbusiness.ch\\\/de\\\/ib\\\/2023-09-29\\\/egnach-tg-gestaltungsplan-fuer-luxburgerfeld-wird-bald-aufgelegt\\\/\"},\"wordCount\":229,\"publisher\":{\"@id\":\"https:\\\/\\\/www.immobilienbusiness.ch\\\/#organization\"},\"image\":{\"@id\":\"https:\\\/\\\/www.immobilienbusiness.ch\\\/de\\\/ib\\\/2023-09-29\\\/egnach-tg-gestaltungsplan-fuer-luxburgerfeld-wird-bald-aufgelegt\\\/#primaryimage\"},\"thumbnailUrl\":\"https:\\\/\\\/www.immobilienbusiness.ch\\\/wp-content\\\/uploads\\\/2023\\\/09\\\/Luxburger.png\",\"keywords\":[\"Egnach\",\"Projekt in Planung\",\"Steiner AG\",\"TG\",\"Wohnungen\"],\"articleSection\":[\"IB+\"],\"inLanguage\":\"fr-FR\"},{\"@type\":\"WebPage\",\"@id\":\"https:\\\/\\\/www.immobilienbusiness.ch\\\/de\\\/ib\\\/2023-09-29\\\/egnach-tg-gestaltungsplan-fuer-luxburgerfeld-wird-bald-aufgelegt\\\/\",\"url\":\"https:\\\/\\\/www.immobilienbusiness.ch\\\/de\\\/ib\\\/2023-09-29\\\/egnach-tg-gestaltungsplan-fuer-luxburgerfeld-wird-bald-aufgelegt\\\/\",\"name\":\"Egnach (TG): Gestaltungsplan f\u00fcr Luxburgerfeld wird bald aufgelegt - IMMOBILIEN Business\",\"isPartOf\":{\"@id\":\"https:\\\/\\\/www.immobilienbusiness.ch\\\/#website\"},\"primaryImageOfPage\":{\"@id\":\"https:\\\/\\\/www.immobilienbusiness.ch\\\/de\\\/ib\\\/2023-09-29\\\/egnach-tg-gestaltungsplan-fuer-luxburgerfeld-wird-bald-aufgelegt\\\/#primaryimage\"},\"image\":{\"@id\":\"https:\\\/\\\/www.immobilienbusiness.ch\\\/de\\\/ib\\\/2023-09-29\\\/egnach-tg-gestaltungsplan-fuer-luxburgerfeld-wird-bald-aufgelegt\\\/#primaryimage\"},\"thumbnailUrl\":\"https:\\\/\\\/www.immobilienbusiness.ch\\\/wp-content\\\/uploads\\\/2023\\\/09\\\/Luxburger.png\",\"datePublished\":\"2023-09-29T13:42:43+00:00\",\"dateModified\":\"2023-12-04T14:43:18+00:00\",\"description\":\"F\u00fcr die insgesamt 350 Wohungen im Egnacher Luxburgerfeld soll im Winter die zweite \u00f6ffentliche Auflage beginnen. Die Steiner AG sieht das Vorhaben nun auf Kurs.\",\"breadcrumb\":{\"@id\":\"https:\\\/\\\/www.immobilienbusiness.ch\\\/de\\\/ib\\\/2023-09-29\\\/egnach-tg-gestaltungsplan-fuer-luxburgerfeld-wird-bald-aufgelegt\\\/#breadcrumb\"},\"inLanguage\":\"fr-FR\",\"potentialAction\":[{\"@type\":\"ReadAction\",\"target\":[\"https:\\\/\\\/www.immobilienbusiness.ch\\\/de\\\/ib\\\/2023-09-29\\\/egnach-tg-gestaltungsplan-fuer-luxburgerfeld-wird-bald-aufgelegt\\\/\"]}]},{\"@type\":\"ImageObject\",\"inLanguage\":\"fr-FR\",\"@id\":\"https:\\\/\\\/www.immobilienbusiness.ch\\\/de\\\/ib\\\/2023-09-29\\\/egnach-tg-gestaltungsplan-fuer-luxburgerfeld-wird-bald-aufgelegt\\\/#primaryimage\",\"url\":\"https:\\\/\\\/www.immobilienbusiness.ch\\\/wp-content\\\/uploads\\\/2023\\\/09\\\/Luxburger.png\",\"contentUrl\":\"https:\\\/\\\/www.immobilienbusiness.ch\\\/wp-content\\\/uploads\\\/2023\\\/09\\\/Luxburger.png\",\"width\":976,\"height\":426,\"caption\":\"Das Projekt Luxburgerfeld (Visualisierung: Steiner AG)\"},{\"@type\":\"BreadcrumbList\",\"@id\":\"https:\\\/\\\/www.immobilienbusiness.ch\\\/de\\\/ib\\\/2023-09-29\\\/egnach-tg-gestaltungsplan-fuer-luxburgerfeld-wird-bald-aufgelegt\\\/#breadcrumb\",\"itemListElement\":[{\"@type\":\"ListItem\",\"position\":1,\"name\":\"Home\",\"item\":\"https:\\\/\\\/www.immobilienbusiness.ch\\\/\"},{\"@type\":\"ListItem\",\"position\":2,\"name\":\"Egnach (TG): Gestaltungsplan f\u00fcr Luxburgerfeld wird bald aufgelegt\"}]},{\"@type\":\"WebSite\",\"@id\":\"https:\\\/\\\/www.immobilienbusiness.ch\\\/#website\",\"url\":\"https:\\\/\\\/www.immobilienbusiness.ch\\\/\",\"name\":\"IMMOBILIEN Business\",\"description\":\"Unabh\u00e4ngiges Schweizer Wirtschaftsmagazin mit Fokus auf Immobilien, Architektur- und Bau sowie Investment- und Finanzierung.\",\"publisher\":{\"@id\":\"https:\\\/\\\/www.immobilienbusiness.ch\\\/#organization\"},\"potentialAction\":[{\"@type\":\"SearchAction\",\"target\":{\"@type\":\"EntryPoint\",\"urlTemplate\":\"https:\\\/\\\/www.immobilienbusiness.ch\\\/?s={search_term_string}\"},\"query-input\":{\"@type\":\"PropertyValueSpecification\",\"valueRequired\":true,\"valueName\":\"search_term_string\"}}],\"inLanguage\":\"fr-FR\"},{\"@type\":\"Organization\",\"@id\":\"https:\\\/\\\/www.immobilienbusiness.ch\\\/#organization\",\"name\":\"IMMOBILIEN Business\",\"url\":\"https:\\\/\\\/www.immobilienbusiness.ch\\\/\",\"logo\":{\"@type\":\"ImageObject\",\"inLanguage\":\"fr-FR\",\"@id\":\"https:\\\/\\\/www.immobilienbusiness.ch\\\/#\\\/schema\\\/logo\\\/image\\\/\",\"url\":\"https:\\\/\\\/www.immobilienbusiness.ch\\\/wp-content\\\/uploads\\\/2021\\\/07\\\/logo_ib.png\",\"contentUrl\":\"https:\\\/\\\/www.immobilienbusiness.ch\\\/wp-content\\\/uploads\\\/2021\\\/07\\\/logo_ib.png\",\"width\":800,\"height\":181,\"caption\":\"IMMOBILIEN Business\"},\"image\":{\"@id\":\"https:\\\/\\\/www.immobilienbusiness.ch\\\/#\\\/schema\\\/logo\\\/image\\\/\"},\"sameAs\":[\"https:\\\/\\\/www.facebook.com\\\/immobilienbusiness\\\/\"]},{\"@type\":\"Person\",\"@id\":\"https:\\\/\\\/www.immobilienbusiness.ch\\\/#\\\/schema\\\/person\\\/aba8bea2db926aa0c24c08c43fe1fcd5\",\"name\":\"Alexander Wachter\",\"image\":{\"@type\":\"ImageObject\",\"inLanguage\":\"fr-FR\",\"@id\":\"https:\\\/\\\/secure.gravatar.com\\\/avatar\\\/1a09e471f5389b0e0a6416eac287e0927c7c97a7b77f9e787eba3af7aee281dd?s=96&d=mm&r=g\",\"url\":\"https:\\\/\\\/secure.gravatar.com\\\/avatar\\\/1a09e471f5389b0e0a6416eac287e0927c7c97a7b77f9e787eba3af7aee281dd?s=96&d=mm&r=g\",\"contentUrl\":\"https:\\\/\\\/secure.gravatar.com\\\/avatar\\\/1a09e471f5389b0e0a6416eac287e0927c7c97a7b77f9e787eba3af7aee281dd?s=96&d=mm&r=g\",\"caption\":\"Alexander Wachter\"},\"url\":\"https:\\\/\\\/www.immobilienbusiness.ch\\\/fr\\\/author\\\/alexander-wachter\\\/\"}]}<\/script>\n<!-- \/ Yoast SEO plugin. -->","yoast_head_json":{"title":"Egnach (TG): Gestaltungsplan f\u00fcr Luxburgerfeld wird bald aufgelegt - IMMOBILIEN Business","description":"La deuxi\u00e8me mise \u00e0 l'enqu\u00eate publique pour les 350 logements au total du Luxburgerfeld d'Egnach devrait commencer cet hiver. La soci\u00e9t\u00e9 Steiner AG estime que le projet est d\u00e9sormais sur les rails.","robots":{"index":"index","follow":"follow","max-snippet":"max-snippet:-1","max-image-preview":"max-image-preview:large","max-video-preview":"max-video-preview:-1"},"canonical":"https:\/\/www.immobilienbusiness.ch\/fr\/ib\/2023-09-29\/egnach-tg-gestaltungsplan-fuer-luxburgerfeld-wird-bald-aufgelegt\/","og_locale":"fr_FR","og_type":"article","og_title":"Egnach (TG): Gestaltungsplan f\u00fcr Luxburgerfeld wird bald aufgelegt - IMMOBILIEN Business","og_description":"F\u00fcr die insgesamt 350 Wohungen im Egnacher Luxburgerfeld soll im Winter die zweite \u00f6ffentliche Auflage beginnen. Die Steiner AG sieht das Vorhaben nun auf Kurs.","og_url":"https:\/\/www.immobilienbusiness.ch\/fr\/ib\/2023-09-29\/egnach-tg-gestaltungsplan-fuer-luxburgerfeld-wird-bald-aufgelegt\/","og_site_name":"IMMOBILIEN Business","article_publisher":"https:\/\/www.facebook.com\/immobilienbusiness\/","article_published_time":"2023-09-29T13:42:43+00:00","article_modified_time":"2023-12-04T14:43:18+00:00","og_image":[{"width":976,"height":426,"url":"https:\/\/www.immobilienbusiness.ch\/wp-content\/uploads\/2023\/09\/Luxburger.png","type":"image\/png"}],"author":"Alexander Wachter","twitter_card":"summary_large_image","schema":{"@context":"https:\/\/schema.org","@graph":[{"@type":"Article","@id":"https:\/\/www.immobilienbusiness.ch\/de\/ib\/2023-09-29\/egnach-tg-gestaltungsplan-fuer-luxburgerfeld-wird-bald-aufgelegt\/#article","isPartOf":{"@id":"https:\/\/www.immobilienbusiness.ch\/de\/ib\/2023-09-29\/egnach-tg-gestaltungsplan-fuer-luxburgerfeld-wird-bald-aufgelegt\/"},"author":{"name":"Alexander Wachter","@id":"https:\/\/www.immobilienbusiness.ch\/#\/schema\/person\/aba8bea2db926aa0c24c08c43fe1fcd5"},"headline":"Egnach (TG): Gestaltungsplan f\u00fcr Luxburgerfeld wird bald aufgelegt","datePublished":"2023-09-29T13:42:43+00:00","dateModified":"2023-12-04T14:43:18+00:00","mainEntityOfPage":{"@id":"https:\/\/www.immobilienbusiness.ch\/de\/ib\/2023-09-29\/egnach-tg-gestaltungsplan-fuer-luxburgerfeld-wird-bald-aufgelegt\/"},"wordCount":229,"publisher":{"@id":"https:\/\/www.immobilienbusiness.ch\/#organization"},"image":{"@id":"https:\/\/www.immobilienbusiness.ch\/de\/ib\/2023-09-29\/egnach-tg-gestaltungsplan-fuer-luxburgerfeld-wird-bald-aufgelegt\/#primaryimage"},"thumbnailUrl":"https:\/\/www.immobilienbusiness.ch\/wp-content\/uploads\/2023\/09\/Luxburger.png","keywords":["Egnach","Projekt in Planung","Steiner AG","TG","Wohnungen"],"articleSection":["IB+"],"inLanguage":"fr-FR"},{"@type":"WebPage","@id":"https:\/\/www.immobilienbusiness.ch\/de\/ib\/2023-09-29\/egnach-tg-gestaltungsplan-fuer-luxburgerfeld-wird-bald-aufgelegt\/","url":"https:\/\/www.immobilienbusiness.ch\/de\/ib\/2023-09-29\/egnach-tg-gestaltungsplan-fuer-luxburgerfeld-wird-bald-aufgelegt\/","name":"Egnach (TG): Gestaltungsplan f\u00fcr Luxburgerfeld wird bald aufgelegt - IMMOBILIEN Business","isPartOf":{"@id":"https:\/\/www.immobilienbusiness.ch\/#website"},"primaryImageOfPage":{"@id":"https:\/\/www.immobilienbusiness.ch\/de\/ib\/2023-09-29\/egnach-tg-gestaltungsplan-fuer-luxburgerfeld-wird-bald-aufgelegt\/#primaryimage"},"image":{"@id":"https:\/\/www.immobilienbusiness.ch\/de\/ib\/2023-09-29\/egnach-tg-gestaltungsplan-fuer-luxburgerfeld-wird-bald-aufgelegt\/#primaryimage"},"thumbnailUrl":"https:\/\/www.immobilienbusiness.ch\/wp-content\/uploads\/2023\/09\/Luxburger.png","datePublished":"2023-09-29T13:42:43+00:00","dateModified":"2023-12-04T14:43:18+00:00","description":"La deuxi\u00e8me mise \u00e0 l'enqu\u00eate publique pour les 350 logements au total du Luxburgerfeld d'Egnach devrait commencer cet hiver. La soci\u00e9t\u00e9 Steiner AG estime que le projet est d\u00e9sormais sur les rails.","breadcrumb":{"@id":"https:\/\/www.immobilienbusiness.ch\/de\/ib\/2023-09-29\/egnach-tg-gestaltungsplan-fuer-luxburgerfeld-wird-bald-aufgelegt\/#breadcrumb"},"inLanguage":"fr-FR","potentialAction":[{"@type":"ReadAction","target":["https:\/\/www.immobilienbusiness.ch\/de\/ib\/2023-09-29\/egnach-tg-gestaltungsplan-fuer-luxburgerfeld-wird-bald-aufgelegt\/"]}]},{"@type":"ImageObject","inLanguage":"fr-FR","@id":"https:\/\/www.immobilienbusiness.ch\/de\/ib\/2023-09-29\/egnach-tg-gestaltungsplan-fuer-luxburgerfeld-wird-bald-aufgelegt\/#primaryimage","url":"https:\/\/www.immobilienbusiness.ch\/wp-content\/uploads\/2023\/09\/Luxburger.png","contentUrl":"https:\/\/www.immobilienbusiness.ch\/wp-content\/uploads\/2023\/09\/Luxburger.png","width":976,"height":426,"caption":"Das Projekt Luxburgerfeld (Visualisierung: Steiner AG)"},{"@type":"BreadcrumbList","@id":"https:\/\/www.immobilienbusiness.ch\/de\/ib\/2023-09-29\/egnach-tg-gestaltungsplan-fuer-luxburgerfeld-wird-bald-aufgelegt\/#breadcrumb","itemListElement":[{"@type":"ListItem","position":1,"name":"Home","item":"https:\/\/www.immobilienbusiness.ch\/"},{"@type":"ListItem","position":2,"name":"Egnach (TG): Gestaltungsplan f\u00fcr Luxburgerfeld wird bald aufgelegt"}]},{"@type":"WebSite","@id":"https:\/\/www.immobilienbusiness.ch\/#website","url":"https:\/\/www.immobilienbusiness.ch\/","name":"IMMOBILIER Business","description":"Magazine \u00e9conomique suisse ind\u00e9pendant ax\u00e9 sur l'immobilier, l'architecture et la construction ainsi que sur les investissements et le financement.","publisher":{"@id":"https:\/\/www.immobilienbusiness.ch\/#organization"},"potentialAction":[{"@type":"SearchAction","target":{"@type":"EntryPoint","urlTemplate":"https:\/\/www.immobilienbusiness.ch\/?s={search_term_string}"},"query-input":{"@type":"PropertyValueSpecification","valueRequired":true,"valueName":"search_term_string"}}],"inLanguage":"fr-FR"},{"@type":"Organization","@id":"https:\/\/www.immobilienbusiness.ch\/#organization","name":"IMMOBILIER Business","url":"https:\/\/www.immobilienbusiness.ch\/","logo":{"@type":"ImageObject","inLanguage":"fr-FR","@id":"https:\/\/www.immobilienbusiness.ch\/#\/schema\/logo\/image\/","url":"https:\/\/www.immobilienbusiness.ch\/wp-content\/uploads\/2021\/07\/logo_ib.png","contentUrl":"https:\/\/www.immobilienbusiness.ch\/wp-content\/uploads\/2021\/07\/logo_ib.png","width":800,"height":181,"caption":"IMMOBILIEN Business"},"image":{"@id":"https:\/\/www.immobilienbusiness.ch\/#\/schema\/logo\/image\/"},"sameAs":["https:\/\/www.facebook.com\/immobilienbusiness\/"]},{"@type":"Person","@id":"https:\/\/www.immobilienbusiness.ch\/#\/schema\/person\/aba8bea2db926aa0c24c08c43fe1fcd5","name":"Alexander Wachter","image":{"@type":"ImageObject","inLanguage":"fr-FR","@id":"https:\/\/secure.gravatar.com\/avatar\/1a09e471f5389b0e0a6416eac287e0927c7c97a7b77f9e787eba3af7aee281dd?s=96&d=mm&r=g","url":"https:\/\/secure.gravatar.com\/avatar\/1a09e471f5389b0e0a6416eac287e0927c7c97a7b77f9e787eba3af7aee281dd?s=96&d=mm&r=g","contentUrl":"https:\/\/secure.gravatar.com\/avatar\/1a09e471f5389b0e0a6416eac287e0927c7c97a7b77f9e787eba3af7aee281dd?s=96&d=mm&r=g","caption":"Alexander Wachter"},"url":"https:\/\/www.immobilienbusiness.ch\/fr\/author\/alexander-wachter\/"}]}},"_links":{"self":[{"href":"https:\/\/www.immobilienbusiness.ch\/fr\/wp-json\/wp\/v2\/posts\/53612","targetHints":{"allow":["GET"]}}],"collection":[{"href":"https:\/\/www.immobilienbusiness.ch\/fr\/wp-json\/wp\/v2\/posts"}],"about":[{"href":"https:\/\/www.immobilienbusiness.ch\/fr\/wp-json\/wp\/v2\/types\/post"}],"author":[{"embeddable":true,"href":"https:\/\/www.immobilienbusiness.ch\/fr\/wp-json\/wp\/v2\/users\/102"}],"replies":[{"embeddable":true,"href":"https:\/\/www.immobilienbusiness.ch\/fr\/wp-json\/wp\/v2\/comments?post=53612"}],"version-history":[{"count":1,"href":"https:\/\/www.immobilienbusiness.ch\/fr\/wp-json\/wp\/v2\/posts\/53612\/revisions"}],"predecessor-version":[{"id":53614,"href":"https:\/\/www.immobilienbusiness.ch\/fr\/wp-json\/wp\/v2\/posts\/53612\/revisions\/53614"}],"wp:featuredmedia":[{"embeddable":true,"href":"https:\/\/www.immobilienbusiness.ch\/fr\/wp-json\/wp\/v2\/media\/53613"}],"wp:attachment":[{"href":"https:\/\/www.immobilienbusiness.ch\/fr\/wp-json\/wp\/v2\/media?parent=53612"}],"wp:term":[{"taxonomy":"category","embeddable":true,"href":"https:\/\/www.immobilienbusiness.ch\/fr\/wp-json\/wp\/v2\/categories?post=53612"},{"taxonomy":"post_tag","embeddable":true,"href":"https:\/\/www.immobilienbusiness.ch\/fr\/wp-json\/wp\/v2\/tags?post=53612"}],"curies":[{"name":"wp","href":"https:\/\/api.w.org\/{rel}","templated":true}]}}