{"id":53593,"date":"2023-09-28T07:56:10","date_gmt":"2023-09-28T05:56:10","guid":{"rendered":"https:\/\/www.immobilienbusiness.ch\/?p=53593"},"modified":"2023-09-28T08:56:41","modified_gmt":"2023-09-28T06:56:41","slug":"raiffeisen-futura-immo-fonds-kapitalerhoehung-stark-unterzeichnet","status":"publish","type":"post","link":"https:\/\/www.immobilienbusiness.ch\/fr\/unternehmen\/2023-09-28\/raiffeisen-futura-immo-fonds-kapitalerhoehung-stark-unterzeichnet\/","title":{"rendered":"Raiffeisen Futura Immo Fonds : augmentation de capital fortement sign\u00e9e"},"content":{"rendered":"<figure id=\"attachment_9635\" aria-describedby=\"caption-attachment-9635\" style=\"width: 680px\" class=\"wp-caption alignnone\"><a href=\"https:\/\/www.immobilienbusiness.ch\/wp-content\/uploads\/2017\/10\/IB-News-20171019-Kapitalerhoehung-Swiss-Commercial-Properties-Fund-e1637933228234.jpg\"><img loading=\"lazy\" decoding=\"async\" class=\"size-full wp-image-9635\" src=\"https:\/\/www.immobilienbusiness.ch\/wp-content\/uploads\/2017\/10\/IB-News-20171019-Kapitalerhoehung-Swiss-Commercial-Properties-Fund-e1637933228234.jpg\" alt=\"GR Immobilien Schweiz\" width=\"680\" height=\"450\" srcset=\"https:\/\/www.immobilienbusiness.ch\/wp-content\/uploads\/2017\/10\/IB-News-20171019-Kapitalerhoehung-Swiss-Commercial-Properties-Fund-e1637933228234.jpg 680w, https:\/\/www.immobilienbusiness.ch\/wp-content\/uploads\/2017\/10\/IB-News-20171019-Kapitalerhoehung-Swiss-Commercial-Properties-Fund-e1637933228234-300x199.jpg 300w, https:\/\/www.immobilienbusiness.ch\/wp-content\/uploads\/2017\/10\/IB-News-20171019-Kapitalerhoehung-Swiss-Commercial-Properties-Fund-e1637933228234-16x12.jpg 16w, https:\/\/www.immobilienbusiness.ch\/wp-content\/uploads\/2017\/10\/IB-News-20171019-Kapitalerhoehung-Swiss-Commercial-Properties-Fund-e1637933228234-264x175.jpg 264w, https:\/\/www.immobilienbusiness.ch\/wp-content\/uploads\/2017\/10\/IB-News-20171019-Kapitalerhoehung-Swiss-Commercial-Properties-Fund-e1637933228234-529x350.jpg 529w\" sizes=\"auto, (max-width: 680px) 100vw, 680px\" \/><\/a><figcaption id=\"caption-attachment-9635\" class=\"wp-caption-text\">L'augmentation de capital de septembre 2023 a rapport\u00e9 19,7 millions de CHF au Raiffeisen Futura Immo Fonds (Image : Rangizzz - depositphotos)<\/figcaption><\/figure>\n<p>L'augmentation de capital pour le fonds Raiffeisen Futura Immo est termin\u00e9e. Comme le communique la direction du fonds Verit Investment Management, le fonds b\u00e9n\u00e9ficie de nouveaux moyens \u00e0 hauteur de 19,7 millions de CHF. 204.448 nouvelles parts ont \u00e9t\u00e9 \u00e9mises \u00e0 un prix de souscription de 96,33 CHF net par part. L'\u00e9mission a ainsi \u00e9t\u00e9 nettement souscrite : <a href=\"https:\/\/www.immobilienbusiness.ch\/fr\/unternehmen\/2023-09-07\/raiffeisen-futura-immo-fonds-sucht-frisches-geld\/\">Verit voulait \u00e9mettre jusqu'\u00e0 415.557 nouvelles parts de fonds, l'\u00e9mission aurait ainsi pu atteindre un volume d'environ 40 millions de CHF.<\/a><\/p>\n<p>Bernhard Kl\u00f6pfer, CEO de Verit Investment Management, est n\u00e9anmoins satisfait : \"L'augmentation de capital a en principe suscit\u00e9 l'int\u00e9r\u00eat des investisseurs existants et nous avons \u00e0 nouveau pu attirer de nouveaux investisseurs. Bien que l'augmentation de capital ait \u00e9t\u00e9 sign\u00e9e, nous sommes satisfaits du r\u00e9sultat, compte tenu de la situation difficile qui r\u00e8gne actuellement sur les march\u00e9s financiers\".<\/p>\n<p>Le produit de l'\u00e9mission doit permettre d'\u00e9largir le portefeuille immobilier et de d\u00e9velopper les immeubles existants. Actuellement, le Raiffeisen Futura Immo Fonds d\u00e9tient 33 biens immobiliers, l'accent \u00e9tant mis sur l'immobilier r\u00e9sidentiel. <em>(ah)<\/em><\/p>","protected":false},"excerpt":{"rendered":"<p>L'\u00e9mission n'a fait rentrer dans les caisses du Raiffeisen Futura Immo Fonds que la moiti\u00e9 de ce qu'il aurait pu obtenir. La direction du fonds est n\u00e9anmoins satisfaite.<\/p>","protected":false},"author":3,"featured_media":9635,"comment_status":"closed","ping_status":"closed","sticky":false,"template":"","format":"standard","meta":{"_acf_changed":false,"_yoast_wpseo_focuskw":"Futura","_yoast_wpseo_title":"","_yoast_wpseo_metadesc":"Die Emission hat dem Raiffeisen Futura Immo Fonds nur halb so viel Geld in die Kasse gesp\u00fclt wie m\u00f6glich gewesen w\u00e4re.","_yoast_wpseo_linkdex":57,"pgc_sgb_lightbox_settings":"","footnotes":""},"categories":[988],"tags":[1344,1412,2088],"class_list":["post-53593","post","type-post","status-publish","format-standard","has-post-thumbnail","hentry","category-unternehmen","tag-immobilienfonds","tag-kapitalerhoehung","tag-raiffeisen-futura"],"acf":[],"yoast_head":"<!-- This site is optimized with the Yoast SEO plugin v27.4 - https:\/\/yoast.com\/product\/yoast-seo-wordpress\/ -->\n<title>Raiffeisen Futura Immo Fonds: Kapitalerh\u00f6hung stark unterzeichnet - IMMOBILIEN Business<\/title>\n<meta name=\"description\" content=\"Die Emission hat dem Raiffeisen Futura Immo Fonds nur halb so viel Geld in die Kasse gesp\u00fclt wie m\u00f6glich gewesen w\u00e4re.\" \/>\n<meta name=\"robots\" content=\"index, follow, max-snippet:-1, max-image-preview:large, max-video-preview:-1\" \/>\n<link rel=\"canonical\" href=\"https:\/\/www.immobilienbusiness.ch\/fr\/unternehmen\/2023-09-28\/raiffeisen-futura-immo-fonds-kapitalerhoehung-stark-unterzeichnet\/\" \/>\n<meta property=\"og:locale\" content=\"fr_FR\" \/>\n<meta property=\"og:type\" content=\"article\" \/>\n<meta property=\"og:title\" content=\"Raiffeisen Futura Immo Fonds: Kapitalerh\u00f6hung stark unterzeichnet - IMMOBILIEN Business\" \/>\n<meta property=\"og:description\" content=\"Die Emission hat dem Raiffeisen Futura Immo Fonds nur halb so viel Geld in die Kasse gesp\u00fclt wie m\u00f6glich gewesen w\u00e4re.\" \/>\n<meta property=\"og:url\" content=\"https:\/\/www.immobilienbusiness.ch\/fr\/unternehmen\/2023-09-28\/raiffeisen-futura-immo-fonds-kapitalerhoehung-stark-unterzeichnet\/\" \/>\n<meta property=\"og:site_name\" content=\"IMMOBILIEN Business\" \/>\n<meta property=\"article:publisher\" content=\"https:\/\/www.facebook.com\/immobilienbusiness\/\" \/>\n<meta property=\"article:published_time\" content=\"2023-09-28T05:56:10+00:00\" \/>\n<meta property=\"article:modified_time\" content=\"2023-09-28T06:56:41+00:00\" \/>\n<meta property=\"og:image\" content=\"https:\/\/www.immobilienbusiness.ch\/wp-content\/uploads\/2017\/10\/IB-News-20171019-Kapitalerhoehung-Swiss-Commercial-Properties-Fund-e1637933228234.jpg\" \/>\n\t<meta property=\"og:image:width\" content=\"680\" \/>\n\t<meta property=\"og:image:height\" content=\"450\" \/>\n\t<meta property=\"og:image:type\" content=\"image\/jpeg\" \/>\n<meta name=\"author\" content=\"anja.hall\" \/>\n<meta name=\"twitter:card\" content=\"summary_large_image\" \/>\n<script type=\"application\/ld+json\" class=\"yoast-schema-graph\">{\"@context\":\"https:\\\/\\\/schema.org\",\"@graph\":[{\"@type\":\"Article\",\"@id\":\"https:\\\/\\\/www.immobilienbusiness.ch\\\/de\\\/unternehmen\\\/2023-09-28\\\/raiffeisen-futura-immo-fonds-kapitalerhoehung-stark-unterzeichnet\\\/#article\",\"isPartOf\":{\"@id\":\"https:\\\/\\\/www.immobilienbusiness.ch\\\/de\\\/unternehmen\\\/2023-09-28\\\/raiffeisen-futura-immo-fonds-kapitalerhoehung-stark-unterzeichnet\\\/\"},\"author\":{\"name\":\"anja.hall\",\"@id\":\"https:\\\/\\\/www.immobilienbusiness.ch\\\/#\\\/schema\\\/person\\\/3fc036297b10b9f42d6db5ee932af8c8\"},\"headline\":\"Raiffeisen Futura Immo Fonds: Kapitalerh\u00f6hung stark unterzeichnet\",\"datePublished\":\"2023-09-28T05:56:10+00:00\",\"dateModified\":\"2023-09-28T06:56:41+00:00\",\"mainEntityOfPage\":{\"@id\":\"https:\\\/\\\/www.immobilienbusiness.ch\\\/de\\\/unternehmen\\\/2023-09-28\\\/raiffeisen-futura-immo-fonds-kapitalerhoehung-stark-unterzeichnet\\\/\"},\"wordCount\":186,\"publisher\":{\"@id\":\"https:\\\/\\\/www.immobilienbusiness.ch\\\/#organization\"},\"image\":{\"@id\":\"https:\\\/\\\/www.immobilienbusiness.ch\\\/de\\\/unternehmen\\\/2023-09-28\\\/raiffeisen-futura-immo-fonds-kapitalerhoehung-stark-unterzeichnet\\\/#primaryimage\"},\"thumbnailUrl\":\"https:\\\/\\\/www.immobilienbusiness.ch\\\/wp-content\\\/uploads\\\/2017\\\/10\\\/IB-News-20171019-Kapitalerhoehung-Swiss-Commercial-Properties-Fund-e1637933228234.jpg\",\"keywords\":[\"Immobilienfonds\",\"Kapitalerh\u00f6hung\",\"Raiffeisen Futura\"],\"articleSection\":[\"UNTERNEHMEN\"],\"inLanguage\":\"fr-FR\"},{\"@type\":\"WebPage\",\"@id\":\"https:\\\/\\\/www.immobilienbusiness.ch\\\/de\\\/unternehmen\\\/2023-09-28\\\/raiffeisen-futura-immo-fonds-kapitalerhoehung-stark-unterzeichnet\\\/\",\"url\":\"https:\\\/\\\/www.immobilienbusiness.ch\\\/de\\\/unternehmen\\\/2023-09-28\\\/raiffeisen-futura-immo-fonds-kapitalerhoehung-stark-unterzeichnet\\\/\",\"name\":\"Raiffeisen Futura Immo Fonds: Kapitalerh\u00f6hung stark unterzeichnet - IMMOBILIEN Business\",\"isPartOf\":{\"@id\":\"https:\\\/\\\/www.immobilienbusiness.ch\\\/#website\"},\"primaryImageOfPage\":{\"@id\":\"https:\\\/\\\/www.immobilienbusiness.ch\\\/de\\\/unternehmen\\\/2023-09-28\\\/raiffeisen-futura-immo-fonds-kapitalerhoehung-stark-unterzeichnet\\\/#primaryimage\"},\"image\":{\"@id\":\"https:\\\/\\\/www.immobilienbusiness.ch\\\/de\\\/unternehmen\\\/2023-09-28\\\/raiffeisen-futura-immo-fonds-kapitalerhoehung-stark-unterzeichnet\\\/#primaryimage\"},\"thumbnailUrl\":\"https:\\\/\\\/www.immobilienbusiness.ch\\\/wp-content\\\/uploads\\\/2017\\\/10\\\/IB-News-20171019-Kapitalerhoehung-Swiss-Commercial-Properties-Fund-e1637933228234.jpg\",\"datePublished\":\"2023-09-28T05:56:10+00:00\",\"dateModified\":\"2023-09-28T06:56:41+00:00\",\"description\":\"Die Emission hat dem Raiffeisen Futura Immo Fonds nur halb so viel Geld in die Kasse gesp\u00fclt wie m\u00f6glich gewesen w\u00e4re.\",\"breadcrumb\":{\"@id\":\"https:\\\/\\\/www.immobilienbusiness.ch\\\/de\\\/unternehmen\\\/2023-09-28\\\/raiffeisen-futura-immo-fonds-kapitalerhoehung-stark-unterzeichnet\\\/#breadcrumb\"},\"inLanguage\":\"fr-FR\",\"potentialAction\":[{\"@type\":\"ReadAction\",\"target\":[\"https:\\\/\\\/www.immobilienbusiness.ch\\\/de\\\/unternehmen\\\/2023-09-28\\\/raiffeisen-futura-immo-fonds-kapitalerhoehung-stark-unterzeichnet\\\/\"]}]},{\"@type\":\"ImageObject\",\"inLanguage\":\"fr-FR\",\"@id\":\"https:\\\/\\\/www.immobilienbusiness.ch\\\/de\\\/unternehmen\\\/2023-09-28\\\/raiffeisen-futura-immo-fonds-kapitalerhoehung-stark-unterzeichnet\\\/#primaryimage\",\"url\":\"https:\\\/\\\/www.immobilienbusiness.ch\\\/wp-content\\\/uploads\\\/2017\\\/10\\\/IB-News-20171019-Kapitalerhoehung-Swiss-Commercial-Properties-Fund-e1637933228234.jpg\",\"contentUrl\":\"https:\\\/\\\/www.immobilienbusiness.ch\\\/wp-content\\\/uploads\\\/2017\\\/10\\\/IB-News-20171019-Kapitalerhoehung-Swiss-Commercial-Properties-Fund-e1637933228234.jpg\",\"width\":680,\"height\":450,\"caption\":\"Frisches Kapital (Bild: Rangizzz \u2013 depositphotos)\"},{\"@type\":\"BreadcrumbList\",\"@id\":\"https:\\\/\\\/www.immobilienbusiness.ch\\\/de\\\/unternehmen\\\/2023-09-28\\\/raiffeisen-futura-immo-fonds-kapitalerhoehung-stark-unterzeichnet\\\/#breadcrumb\",\"itemListElement\":[{\"@type\":\"ListItem\",\"position\":1,\"name\":\"Home\",\"item\":\"https:\\\/\\\/www.immobilienbusiness.ch\\\/\"},{\"@type\":\"ListItem\",\"position\":2,\"name\":\"Raiffeisen Futura Immo Fonds: Kapitalerh\u00f6hung stark unterzeichnet\"}]},{\"@type\":\"WebSite\",\"@id\":\"https:\\\/\\\/www.immobilienbusiness.ch\\\/#website\",\"url\":\"https:\\\/\\\/www.immobilienbusiness.ch\\\/\",\"name\":\"IMMOBILIEN Business\",\"description\":\"Unabh\u00e4ngiges Schweizer Wirtschaftsmagazin mit Fokus auf Immobilien, Architektur- und Bau sowie Investment- und Finanzierung.\",\"publisher\":{\"@id\":\"https:\\\/\\\/www.immobilienbusiness.ch\\\/#organization\"},\"potentialAction\":[{\"@type\":\"SearchAction\",\"target\":{\"@type\":\"EntryPoint\",\"urlTemplate\":\"https:\\\/\\\/www.immobilienbusiness.ch\\\/?s={search_term_string}\"},\"query-input\":{\"@type\":\"PropertyValueSpecification\",\"valueRequired\":true,\"valueName\":\"search_term_string\"}}],\"inLanguage\":\"fr-FR\"},{\"@type\":\"Organization\",\"@id\":\"https:\\\/\\\/www.immobilienbusiness.ch\\\/#organization\",\"name\":\"IMMOBILIEN Business\",\"url\":\"https:\\\/\\\/www.immobilienbusiness.ch\\\/\",\"logo\":{\"@type\":\"ImageObject\",\"inLanguage\":\"fr-FR\",\"@id\":\"https:\\\/\\\/www.immobilienbusiness.ch\\\/#\\\/schema\\\/logo\\\/image\\\/\",\"url\":\"https:\\\/\\\/www.immobilienbusiness.ch\\\/wp-content\\\/uploads\\\/2021\\\/07\\\/logo_ib.png\",\"contentUrl\":\"https:\\\/\\\/www.immobilienbusiness.ch\\\/wp-content\\\/uploads\\\/2021\\\/07\\\/logo_ib.png\",\"width\":800,\"height\":181,\"caption\":\"IMMOBILIEN Business\"},\"image\":{\"@id\":\"https:\\\/\\\/www.immobilienbusiness.ch\\\/#\\\/schema\\\/logo\\\/image\\\/\"},\"sameAs\":[\"https:\\\/\\\/www.facebook.com\\\/immobilienbusiness\\\/\"]},{\"@type\":\"Person\",\"@id\":\"https:\\\/\\\/www.immobilienbusiness.ch\\\/#\\\/schema\\\/person\\\/3fc036297b10b9f42d6db5ee932af8c8\",\"name\":\"anja.hall\",\"image\":{\"@type\":\"ImageObject\",\"inLanguage\":\"fr-FR\",\"@id\":\"https:\\\/\\\/secure.gravatar.com\\\/avatar\\\/066b5a0d447013502c71a5782f4f3469f03cfe595cc2329fb94652fe47511bfb?s=96&d=mm&r=g\",\"url\":\"https:\\\/\\\/secure.gravatar.com\\\/avatar\\\/066b5a0d447013502c71a5782f4f3469f03cfe595cc2329fb94652fe47511bfb?s=96&d=mm&r=g\",\"contentUrl\":\"https:\\\/\\\/secure.gravatar.com\\\/avatar\\\/066b5a0d447013502c71a5782f4f3469f03cfe595cc2329fb94652fe47511bfb?s=96&d=mm&r=g\",\"caption\":\"anja.hall\"},\"url\":\"https:\\\/\\\/www.immobilienbusiness.ch\\\/fr\\\/author\\\/anja-hall\\\/\"}]}<\/script>\n<!-- \/ Yoast SEO plugin. -->","yoast_head_json":{"title":"Raiffeisen Futura Immo Fonds: Kapitalerh\u00f6hung stark unterzeichnet - IMMOBILIEN Business","description":"Die Emission hat dem Raiffeisen Futura Immo Fonds nur halb so viel Geld in die Kasse gesp\u00fclt wie m\u00f6glich gewesen w\u00e4re.","robots":{"index":"index","follow":"follow","max-snippet":"max-snippet:-1","max-image-preview":"max-image-preview:large","max-video-preview":"max-video-preview:-1"},"canonical":"https:\/\/www.immobilienbusiness.ch\/fr\/unternehmen\/2023-09-28\/raiffeisen-futura-immo-fonds-kapitalerhoehung-stark-unterzeichnet\/","og_locale":"fr_FR","og_type":"article","og_title":"Raiffeisen Futura Immo Fonds: Kapitalerh\u00f6hung stark unterzeichnet - IMMOBILIEN Business","og_description":"Die Emission hat dem Raiffeisen Futura Immo Fonds nur halb so viel Geld in die Kasse gesp\u00fclt wie m\u00f6glich gewesen w\u00e4re.","og_url":"https:\/\/www.immobilienbusiness.ch\/fr\/unternehmen\/2023-09-28\/raiffeisen-futura-immo-fonds-kapitalerhoehung-stark-unterzeichnet\/","og_site_name":"IMMOBILIEN Business","article_publisher":"https:\/\/www.facebook.com\/immobilienbusiness\/","article_published_time":"2023-09-28T05:56:10+00:00","article_modified_time":"2023-09-28T06:56:41+00:00","og_image":[{"width":680,"height":450,"url":"https:\/\/www.immobilienbusiness.ch\/wp-content\/uploads\/2017\/10\/IB-News-20171019-Kapitalerhoehung-Swiss-Commercial-Properties-Fund-e1637933228234.jpg","type":"image\/jpeg"}],"author":"anja.hall","twitter_card":"summary_large_image","schema":{"@context":"https:\/\/schema.org","@graph":[{"@type":"Article","@id":"https:\/\/www.immobilienbusiness.ch\/de\/unternehmen\/2023-09-28\/raiffeisen-futura-immo-fonds-kapitalerhoehung-stark-unterzeichnet\/#article","isPartOf":{"@id":"https:\/\/www.immobilienbusiness.ch\/de\/unternehmen\/2023-09-28\/raiffeisen-futura-immo-fonds-kapitalerhoehung-stark-unterzeichnet\/"},"author":{"name":"anja.hall","@id":"https:\/\/www.immobilienbusiness.ch\/#\/schema\/person\/3fc036297b10b9f42d6db5ee932af8c8"},"headline":"Raiffeisen Futura Immo Fonds: Kapitalerh\u00f6hung stark unterzeichnet","datePublished":"2023-09-28T05:56:10+00:00","dateModified":"2023-09-28T06:56:41+00:00","mainEntityOfPage":{"@id":"https:\/\/www.immobilienbusiness.ch\/de\/unternehmen\/2023-09-28\/raiffeisen-futura-immo-fonds-kapitalerhoehung-stark-unterzeichnet\/"},"wordCount":186,"publisher":{"@id":"https:\/\/www.immobilienbusiness.ch\/#organization"},"image":{"@id":"https:\/\/www.immobilienbusiness.ch\/de\/unternehmen\/2023-09-28\/raiffeisen-futura-immo-fonds-kapitalerhoehung-stark-unterzeichnet\/#primaryimage"},"thumbnailUrl":"https:\/\/www.immobilienbusiness.ch\/wp-content\/uploads\/2017\/10\/IB-News-20171019-Kapitalerhoehung-Swiss-Commercial-Properties-Fund-e1637933228234.jpg","keywords":["Immobilienfonds","Kapitalerh\u00f6hung","Raiffeisen Futura"],"articleSection":["UNTERNEHMEN"],"inLanguage":"fr-FR"},{"@type":"WebPage","@id":"https:\/\/www.immobilienbusiness.ch\/de\/unternehmen\/2023-09-28\/raiffeisen-futura-immo-fonds-kapitalerhoehung-stark-unterzeichnet\/","url":"https:\/\/www.immobilienbusiness.ch\/de\/unternehmen\/2023-09-28\/raiffeisen-futura-immo-fonds-kapitalerhoehung-stark-unterzeichnet\/","name":"Raiffeisen Futura Immo Fonds: Kapitalerh\u00f6hung stark unterzeichnet - IMMOBILIEN Business","isPartOf":{"@id":"https:\/\/www.immobilienbusiness.ch\/#website"},"primaryImageOfPage":{"@id":"https:\/\/www.immobilienbusiness.ch\/de\/unternehmen\/2023-09-28\/raiffeisen-futura-immo-fonds-kapitalerhoehung-stark-unterzeichnet\/#primaryimage"},"image":{"@id":"https:\/\/www.immobilienbusiness.ch\/de\/unternehmen\/2023-09-28\/raiffeisen-futura-immo-fonds-kapitalerhoehung-stark-unterzeichnet\/#primaryimage"},"thumbnailUrl":"https:\/\/www.immobilienbusiness.ch\/wp-content\/uploads\/2017\/10\/IB-News-20171019-Kapitalerhoehung-Swiss-Commercial-Properties-Fund-e1637933228234.jpg","datePublished":"2023-09-28T05:56:10+00:00","dateModified":"2023-09-28T06:56:41+00:00","description":"Die Emission hat dem Raiffeisen Futura Immo Fonds nur halb so viel Geld in die Kasse gesp\u00fclt wie m\u00f6glich gewesen w\u00e4re.","breadcrumb":{"@id":"https:\/\/www.immobilienbusiness.ch\/de\/unternehmen\/2023-09-28\/raiffeisen-futura-immo-fonds-kapitalerhoehung-stark-unterzeichnet\/#breadcrumb"},"inLanguage":"fr-FR","potentialAction":[{"@type":"ReadAction","target":["https:\/\/www.immobilienbusiness.ch\/de\/unternehmen\/2023-09-28\/raiffeisen-futura-immo-fonds-kapitalerhoehung-stark-unterzeichnet\/"]}]},{"@type":"ImageObject","inLanguage":"fr-FR","@id":"https:\/\/www.immobilienbusiness.ch\/de\/unternehmen\/2023-09-28\/raiffeisen-futura-immo-fonds-kapitalerhoehung-stark-unterzeichnet\/#primaryimage","url":"https:\/\/www.immobilienbusiness.ch\/wp-content\/uploads\/2017\/10\/IB-News-20171019-Kapitalerhoehung-Swiss-Commercial-Properties-Fund-e1637933228234.jpg","contentUrl":"https:\/\/www.immobilienbusiness.ch\/wp-content\/uploads\/2017\/10\/IB-News-20171019-Kapitalerhoehung-Swiss-Commercial-Properties-Fund-e1637933228234.jpg","width":680,"height":450,"caption":"Frisches Kapital (Bild: Rangizzz \u2013 depositphotos)"},{"@type":"BreadcrumbList","@id":"https:\/\/www.immobilienbusiness.ch\/de\/unternehmen\/2023-09-28\/raiffeisen-futura-immo-fonds-kapitalerhoehung-stark-unterzeichnet\/#breadcrumb","itemListElement":[{"@type":"ListItem","position":1,"name":"Home","item":"https:\/\/www.immobilienbusiness.ch\/"},{"@type":"ListItem","position":2,"name":"Raiffeisen Futura Immo Fonds: Kapitalerh\u00f6hung stark unterzeichnet"}]},{"@type":"WebSite","@id":"https:\/\/www.immobilienbusiness.ch\/#website","url":"https:\/\/www.immobilienbusiness.ch\/","name":"IMMOBILIER Business","description":"Magazine \u00e9conomique suisse ind\u00e9pendant ax\u00e9 sur l'immobilier, l'architecture et la construction ainsi que sur les investissements et le financement.","publisher":{"@id":"https:\/\/www.immobilienbusiness.ch\/#organization"},"potentialAction":[{"@type":"SearchAction","target":{"@type":"EntryPoint","urlTemplate":"https:\/\/www.immobilienbusiness.ch\/?s={search_term_string}"},"query-input":{"@type":"PropertyValueSpecification","valueRequired":true,"valueName":"search_term_string"}}],"inLanguage":"fr-FR"},{"@type":"Organization","@id":"https:\/\/www.immobilienbusiness.ch\/#organization","name":"IMMOBILIER Business","url":"https:\/\/www.immobilienbusiness.ch\/","logo":{"@type":"ImageObject","inLanguage":"fr-FR","@id":"https:\/\/www.immobilienbusiness.ch\/#\/schema\/logo\/image\/","url":"https:\/\/www.immobilienbusiness.ch\/wp-content\/uploads\/2021\/07\/logo_ib.png","contentUrl":"https:\/\/www.immobilienbusiness.ch\/wp-content\/uploads\/2021\/07\/logo_ib.png","width":800,"height":181,"caption":"IMMOBILIEN Business"},"image":{"@id":"https:\/\/www.immobilienbusiness.ch\/#\/schema\/logo\/image\/"},"sameAs":["https:\/\/www.facebook.com\/immobilienbusiness\/"]},{"@type":"Person","@id":"https:\/\/www.immobilienbusiness.ch\/#\/schema\/person\/3fc036297b10b9f42d6db5ee932af8c8","name":"anja.hall","image":{"@type":"ImageObject","inLanguage":"fr-FR","@id":"https:\/\/secure.gravatar.com\/avatar\/066b5a0d447013502c71a5782f4f3469f03cfe595cc2329fb94652fe47511bfb?s=96&d=mm&r=g","url":"https:\/\/secure.gravatar.com\/avatar\/066b5a0d447013502c71a5782f4f3469f03cfe595cc2329fb94652fe47511bfb?s=96&d=mm&r=g","contentUrl":"https:\/\/secure.gravatar.com\/avatar\/066b5a0d447013502c71a5782f4f3469f03cfe595cc2329fb94652fe47511bfb?s=96&d=mm&r=g","caption":"anja.hall"},"url":"https:\/\/www.immobilienbusiness.ch\/fr\/author\/anja-hall\/"}]}},"_links":{"self":[{"href":"https:\/\/www.immobilienbusiness.ch\/fr\/wp-json\/wp\/v2\/posts\/53593","targetHints":{"allow":["GET"]}}],"collection":[{"href":"https:\/\/www.immobilienbusiness.ch\/fr\/wp-json\/wp\/v2\/posts"}],"about":[{"href":"https:\/\/www.immobilienbusiness.ch\/fr\/wp-json\/wp\/v2\/types\/post"}],"author":[{"embeddable":true,"href":"https:\/\/www.immobilienbusiness.ch\/fr\/wp-json\/wp\/v2\/users\/3"}],"replies":[{"embeddable":true,"href":"https:\/\/www.immobilienbusiness.ch\/fr\/wp-json\/wp\/v2\/comments?post=53593"}],"version-history":[{"count":2,"href":"https:\/\/www.immobilienbusiness.ch\/fr\/wp-json\/wp\/v2\/posts\/53593\/revisions"}],"predecessor-version":[{"id":53605,"href":"https:\/\/www.immobilienbusiness.ch\/fr\/wp-json\/wp\/v2\/posts\/53593\/revisions\/53605"}],"wp:featuredmedia":[{"embeddable":true,"href":"https:\/\/www.immobilienbusiness.ch\/fr\/wp-json\/wp\/v2\/media\/9635"}],"wp:attachment":[{"href":"https:\/\/www.immobilienbusiness.ch\/fr\/wp-json\/wp\/v2\/media?parent=53593"}],"wp:term":[{"taxonomy":"category","embeddable":true,"href":"https:\/\/www.immobilienbusiness.ch\/fr\/wp-json\/wp\/v2\/categories?post=53593"},{"taxonomy":"post_tag","embeddable":true,"href":"https:\/\/www.immobilienbusiness.ch\/fr\/wp-json\/wp\/v2\/tags?post=53593"}],"curies":[{"name":"wp","href":"https:\/\/api.w.org\/{rel}","templated":true}]}}