{"id":53537,"date":"2023-09-26T08:02:54","date_gmt":"2023-09-26T06:02:54","guid":{"rendered":"https:\/\/www.immobilienbusiness.ch\/?p=53537"},"modified":"2023-09-28T09:04:24","modified_gmt":"2023-09-28T07:04:24","slug":"bern-berner-kantonalbank-steigt-bei-viererfeld-aus","status":"publish","type":"post","link":"https:\/\/www.immobilienbusiness.ch\/fr\/regionen\/2023-09-26\/bern-berner-kantonalbank-steigt-bei-viererfeld-aus\/","title":{"rendered":"Berne : un investisseur se retire du projet \"Viererfeld"},"content":{"rendered":"<figure id=\"attachment_15518\" aria-describedby=\"caption-attachment-15518\" style=\"width: 1200px\" class=\"wp-caption alignnone\"><a href=\"https:\/\/www.immobilienbusiness.ch\/wp-content\/uploads\/2019\/01\/Viererfeld-e1687423958246.png\"><img loading=\"lazy\" decoding=\"async\" class=\"size-full wp-image-15518\" src=\"https:\/\/www.immobilienbusiness.ch\/wp-content\/uploads\/2019\/01\/Viererfeld-e1687423958246.png\" alt=\"\" width=\"1200\" height=\"752\" srcset=\"https:\/\/www.immobilienbusiness.ch\/wp-content\/uploads\/2019\/01\/Viererfeld-e1687423958246.png 1200w, https:\/\/www.immobilienbusiness.ch\/wp-content\/uploads\/2019\/01\/Viererfeld-e1687423958246-300x188.png 300w, https:\/\/www.immobilienbusiness.ch\/wp-content\/uploads\/2019\/01\/Viererfeld-e1687423958246-1024x641.png 1024w, https:\/\/www.immobilienbusiness.ch\/wp-content\/uploads\/2019\/01\/Viererfeld-e1687423958246-768x481.png 768w, https:\/\/www.immobilienbusiness.ch\/wp-content\/uploads\/2019\/01\/Viererfeld-e1687423958246-18x12.png 18w, https:\/\/www.immobilienbusiness.ch\/wp-content\/uploads\/2019\/01\/Viererfeld-e1687423958246-375x235.png 375w, https:\/\/www.immobilienbusiness.ch\/wp-content\/uploads\/2019\/01\/Viererfeld-e1687423958246-559x350.png 559w, https:\/\/www.immobilienbusiness.ch\/wp-content\/uploads\/2019\/01\/Viererfeld-e1687423958246-1000x626.png 1000w\" sizes=\"auto, (max-width: 1200px) 100vw, 1200px\" \/><\/a><figcaption id=\"caption-attachment-15518\" class=\"wp-caption-text\">Le projet de quartier est le plus grand projet de construction de logements dans la ville f\u00e9d\u00e9rale (Visualisation : Ville de Berne)<\/figcaption><\/figure>\n<p>La caisse de pension de la Banque cantonale bernoise (BEKB) s'est retir\u00e9e du projet \"Viererfeld\" \u00e0 Berne. La ville a confirm\u00e9 un article du \"Berner Zeitung\" \u00e0 ce sujet. L'investisseur aurait laiss\u00e9 passer l'option d'un terrain \u00e0 b\u00e2tir, dit-on. Dans une interview, le maire Alec von Graffenried a d\u00e9clar\u00e9 qu'il ne connaissait pas les raisons de ce retrait. Il ne croit cependant pas que cette d\u00e9cision puisse retarder le projet. Comme cela a \u00e9galement \u00e9t\u00e9 rendu public, il y a \u00e9galement eu des d\u00e9parts au sein de l'\u00e9quipe de d\u00e9veloppement du grand projet.<\/p>\n<p>La caisse de pension de la BEKB a \u00e9t\u00e9 l'un des premiers investisseurs priv\u00e9s \u00e0 participer au projet. <a href=\"https:\/\/www.immobilienbusiness.ch\/fr\/regionen\/2020-01-20\/bern-pensionskassen-und-mobiliar-investieren-im-viererfeld\/\">(IB a rapport\u00e9)<\/a>. Le nouveau quartier devrait un jour compter plus de 1.000 logements et \u00eatre le lieu de vie de 3.000 personnes. <em>(aw)<\/em><\/p>","protected":false},"excerpt":{"rendered":"<p>L'investisseur pour un terrain \u00e0 b\u00e2tir dans le quartier pr\u00e9vu sur le \"Viererfeld\" \u00e0 Berne a laiss\u00e9 passer son option. La ville ne s'attend toutefois pas \u00e0 ce que cela entra\u00eene des retards pour le projet.<\/p>","protected":false},"author":102,"featured_media":15518,"comment_status":"closed","ping_status":"closed","sticky":false,"template":"","format":"standard","meta":{"_acf_changed":false,"_yoast_wpseo_focuskw":"Viererfeld","_yoast_wpseo_title":"","_yoast_wpseo_metadesc":"Der Investor f\u00fcr ein Baufeld im geplanten Stadtteil auf dem \u00abViererfeld\u00bb in Bern hat seine Option verstreichen lassen. Die Stadt erwartet dadurch aber keine Verz\u00f6gerungen f\u00fcr das Projekt.","_yoast_wpseo_linkdex":48,"pgc_sgb_lightbox_settings":"","footnotes":""},"categories":[985],"tags":[1091,3271,1492,1600],"class_list":["post-53537","post","type-post","status-publish","format-standard","has-post-thumbnail","hentry","category-regionen","tag-bern","tag-berner-kantonalbank","tag-mietwohnungen","tag-projekt-in-planung"],"acf":[],"yoast_head":"<!-- This site is optimized with the Yoast SEO plugin v27.4 - https:\/\/yoast.com\/product\/yoast-seo-wordpress\/ -->\n<title>Bern: Ein Investor steigt beim \u00abViererfeld\u00bb aus - IMMOBILIEN Business<\/title>\n<meta name=\"description\" content=\"Der Investor f\u00fcr ein Baufeld im geplanten Stadtteil auf dem \u00abViererfeld\u00bb in Bern hat seine Option verstreichen lassen. Die Stadt erwartet dadurch aber keine Verz\u00f6gerungen f\u00fcr das Projekt.\" \/>\n<meta name=\"robots\" content=\"index, follow, max-snippet:-1, max-image-preview:large, max-video-preview:-1\" \/>\n<link rel=\"canonical\" href=\"https:\/\/www.immobilienbusiness.ch\/fr\/regionen\/2023-09-26\/bern-berner-kantonalbank-steigt-bei-viererfeld-aus\/\" \/>\n<meta property=\"og:locale\" content=\"fr_FR\" \/>\n<meta property=\"og:type\" content=\"article\" \/>\n<meta property=\"og:title\" content=\"Bern: Ein Investor steigt beim \u00abViererfeld\u00bb aus - IMMOBILIEN Business\" \/>\n<meta property=\"og:description\" content=\"Der Investor f\u00fcr ein Baufeld im geplanten Stadtteil auf dem \u00abViererfeld\u00bb in Bern hat seine Option verstreichen lassen. Die Stadt erwartet dadurch aber keine Verz\u00f6gerungen f\u00fcr das Projekt.\" \/>\n<meta property=\"og:url\" content=\"https:\/\/www.immobilienbusiness.ch\/fr\/regionen\/2023-09-26\/bern-berner-kantonalbank-steigt-bei-viererfeld-aus\/\" \/>\n<meta property=\"og:site_name\" content=\"IMMOBILIEN Business\" \/>\n<meta property=\"article:publisher\" content=\"https:\/\/www.facebook.com\/immobilienbusiness\/\" \/>\n<meta property=\"article:published_time\" content=\"2023-09-26T06:02:54+00:00\" \/>\n<meta property=\"article:modified_time\" content=\"2023-09-28T07:04:24+00:00\" \/>\n<meta property=\"og:image\" content=\"https:\/\/www.immobilienbusiness.ch\/wp-content\/uploads\/2019\/01\/Viererfeld-e1687423958246.png\" \/>\n\t<meta property=\"og:image:width\" content=\"1200\" \/>\n\t<meta property=\"og:image:height\" content=\"752\" \/>\n\t<meta property=\"og:image:type\" content=\"image\/png\" \/>\n<meta name=\"author\" content=\"Alexander Wachter\" \/>\n<meta name=\"twitter:card\" content=\"summary_large_image\" \/>\n<script type=\"application\/ld+json\" class=\"yoast-schema-graph\">{\"@context\":\"https:\\\/\\\/schema.org\",\"@graph\":[{\"@type\":\"Article\",\"@id\":\"https:\\\/\\\/www.immobilienbusiness.ch\\\/it\\\/regionen\\\/2023-09-26\\\/bern-berner-kantonalbank-steigt-bei-viererfeld-aus\\\/#article\",\"isPartOf\":{\"@id\":\"https:\\\/\\\/www.immobilienbusiness.ch\\\/it\\\/regionen\\\/2023-09-26\\\/bern-berner-kantonalbank-steigt-bei-viererfeld-aus\\\/\"},\"author\":{\"name\":\"Alexander Wachter\",\"@id\":\"https:\\\/\\\/www.immobilienbusiness.ch\\\/#\\\/schema\\\/person\\\/aba8bea2db926aa0c24c08c43fe1fcd5\"},\"headline\":\"Bern: Ein Investor steigt beim \u00abViererfeld\u00bb aus\",\"datePublished\":\"2023-09-26T06:02:54+00:00\",\"dateModified\":\"2023-09-28T07:04:24+00:00\",\"mainEntityOfPage\":{\"@id\":\"https:\\\/\\\/www.immobilienbusiness.ch\\\/it\\\/regionen\\\/2023-09-26\\\/bern-berner-kantonalbank-steigt-bei-viererfeld-aus\\\/\"},\"wordCount\":147,\"publisher\":{\"@id\":\"https:\\\/\\\/www.immobilienbusiness.ch\\\/#organization\"},\"image\":{\"@id\":\"https:\\\/\\\/www.immobilienbusiness.ch\\\/it\\\/regionen\\\/2023-09-26\\\/bern-berner-kantonalbank-steigt-bei-viererfeld-aus\\\/#primaryimage\"},\"thumbnailUrl\":\"https:\\\/\\\/www.immobilienbusiness.ch\\\/wp-content\\\/uploads\\\/2019\\\/01\\\/Viererfeld-e1687423958246.png\",\"keywords\":[\"Bern\",\"Berner Kantonalbank\",\"Mietwohnungen\",\"Projekt in Planung\"],\"articleSection\":[\"REGIONEN\"],\"inLanguage\":\"fr-FR\"},{\"@type\":\"WebPage\",\"@id\":\"https:\\\/\\\/www.immobilienbusiness.ch\\\/it\\\/regionen\\\/2023-09-26\\\/bern-berner-kantonalbank-steigt-bei-viererfeld-aus\\\/\",\"url\":\"https:\\\/\\\/www.immobilienbusiness.ch\\\/it\\\/regionen\\\/2023-09-26\\\/bern-berner-kantonalbank-steigt-bei-viererfeld-aus\\\/\",\"name\":\"Bern: Ein Investor steigt beim \u00abViererfeld\u00bb aus - IMMOBILIEN Business\",\"isPartOf\":{\"@id\":\"https:\\\/\\\/www.immobilienbusiness.ch\\\/#website\"},\"primaryImageOfPage\":{\"@id\":\"https:\\\/\\\/www.immobilienbusiness.ch\\\/it\\\/regionen\\\/2023-09-26\\\/bern-berner-kantonalbank-steigt-bei-viererfeld-aus\\\/#primaryimage\"},\"image\":{\"@id\":\"https:\\\/\\\/www.immobilienbusiness.ch\\\/it\\\/regionen\\\/2023-09-26\\\/bern-berner-kantonalbank-steigt-bei-viererfeld-aus\\\/#primaryimage\"},\"thumbnailUrl\":\"https:\\\/\\\/www.immobilienbusiness.ch\\\/wp-content\\\/uploads\\\/2019\\\/01\\\/Viererfeld-e1687423958246.png\",\"datePublished\":\"2023-09-26T06:02:54+00:00\",\"dateModified\":\"2023-09-28T07:04:24+00:00\",\"description\":\"Der Investor f\u00fcr ein Baufeld im geplanten Stadtteil auf dem \u00abViererfeld\u00bb in Bern hat seine Option verstreichen lassen. Die Stadt erwartet dadurch aber keine Verz\u00f6gerungen f\u00fcr das Projekt.\",\"breadcrumb\":{\"@id\":\"https:\\\/\\\/www.immobilienbusiness.ch\\\/it\\\/regionen\\\/2023-09-26\\\/bern-berner-kantonalbank-steigt-bei-viererfeld-aus\\\/#breadcrumb\"},\"inLanguage\":\"fr-FR\",\"potentialAction\":[{\"@type\":\"ReadAction\",\"target\":[\"https:\\\/\\\/www.immobilienbusiness.ch\\\/it\\\/regionen\\\/2023-09-26\\\/bern-berner-kantonalbank-steigt-bei-viererfeld-aus\\\/\"]}]},{\"@type\":\"ImageObject\",\"inLanguage\":\"fr-FR\",\"@id\":\"https:\\\/\\\/www.immobilienbusiness.ch\\\/it\\\/regionen\\\/2023-09-26\\\/bern-berner-kantonalbank-steigt-bei-viererfeld-aus\\\/#primaryimage\",\"url\":\"https:\\\/\\\/www.immobilienbusiness.ch\\\/wp-content\\\/uploads\\\/2019\\\/01\\\/Viererfeld-e1687423958246.png\",\"contentUrl\":\"https:\\\/\\\/www.immobilienbusiness.ch\\\/wp-content\\\/uploads\\\/2019\\\/01\\\/Viererfeld-e1687423958246.png\",\"width\":1200,\"height\":752,\"caption\":\"Auf dem Viererfeld in Bern soll in mehreren Etappen ein Stadtteil f\u00fcr tausende Menschen entstehen (Visualisierung: Stadt Bern)\"},{\"@type\":\"BreadcrumbList\",\"@id\":\"https:\\\/\\\/www.immobilienbusiness.ch\\\/it\\\/regionen\\\/2023-09-26\\\/bern-berner-kantonalbank-steigt-bei-viererfeld-aus\\\/#breadcrumb\",\"itemListElement\":[{\"@type\":\"ListItem\",\"position\":1,\"name\":\"Home\",\"item\":\"https:\\\/\\\/www.immobilienbusiness.ch\\\/\"},{\"@type\":\"ListItem\",\"position\":2,\"name\":\"Bern: Ein Investor steigt beim \u00abViererfeld\u00bb aus\"}]},{\"@type\":\"WebSite\",\"@id\":\"https:\\\/\\\/www.immobilienbusiness.ch\\\/#website\",\"url\":\"https:\\\/\\\/www.immobilienbusiness.ch\\\/\",\"name\":\"IMMOBILIEN Business\",\"description\":\"Unabh\u00e4ngiges Schweizer Wirtschaftsmagazin mit Fokus auf Immobilien, Architektur- und Bau sowie Investment- und Finanzierung.\",\"publisher\":{\"@id\":\"https:\\\/\\\/www.immobilienbusiness.ch\\\/#organization\"},\"potentialAction\":[{\"@type\":\"SearchAction\",\"target\":{\"@type\":\"EntryPoint\",\"urlTemplate\":\"https:\\\/\\\/www.immobilienbusiness.ch\\\/?s={search_term_string}\"},\"query-input\":{\"@type\":\"PropertyValueSpecification\",\"valueRequired\":true,\"valueName\":\"search_term_string\"}}],\"inLanguage\":\"fr-FR\"},{\"@type\":\"Organization\",\"@id\":\"https:\\\/\\\/www.immobilienbusiness.ch\\\/#organization\",\"name\":\"IMMOBILIEN Business\",\"url\":\"https:\\\/\\\/www.immobilienbusiness.ch\\\/\",\"logo\":{\"@type\":\"ImageObject\",\"inLanguage\":\"fr-FR\",\"@id\":\"https:\\\/\\\/www.immobilienbusiness.ch\\\/#\\\/schema\\\/logo\\\/image\\\/\",\"url\":\"https:\\\/\\\/www.immobilienbusiness.ch\\\/wp-content\\\/uploads\\\/2021\\\/07\\\/logo_ib.png\",\"contentUrl\":\"https:\\\/\\\/www.immobilienbusiness.ch\\\/wp-content\\\/uploads\\\/2021\\\/07\\\/logo_ib.png\",\"width\":800,\"height\":181,\"caption\":\"IMMOBILIEN Business\"},\"image\":{\"@id\":\"https:\\\/\\\/www.immobilienbusiness.ch\\\/#\\\/schema\\\/logo\\\/image\\\/\"},\"sameAs\":[\"https:\\\/\\\/www.facebook.com\\\/immobilienbusiness\\\/\"]},{\"@type\":\"Person\",\"@id\":\"https:\\\/\\\/www.immobilienbusiness.ch\\\/#\\\/schema\\\/person\\\/aba8bea2db926aa0c24c08c43fe1fcd5\",\"name\":\"Alexander Wachter\",\"image\":{\"@type\":\"ImageObject\",\"inLanguage\":\"fr-FR\",\"@id\":\"https:\\\/\\\/secure.gravatar.com\\\/avatar\\\/1a09e471f5389b0e0a6416eac287e0927c7c97a7b77f9e787eba3af7aee281dd?s=96&d=mm&r=g\",\"url\":\"https:\\\/\\\/secure.gravatar.com\\\/avatar\\\/1a09e471f5389b0e0a6416eac287e0927c7c97a7b77f9e787eba3af7aee281dd?s=96&d=mm&r=g\",\"contentUrl\":\"https:\\\/\\\/secure.gravatar.com\\\/avatar\\\/1a09e471f5389b0e0a6416eac287e0927c7c97a7b77f9e787eba3af7aee281dd?s=96&d=mm&r=g\",\"caption\":\"Alexander Wachter\"},\"url\":\"https:\\\/\\\/www.immobilienbusiness.ch\\\/fr\\\/author\\\/alexander-wachter\\\/\"}]}<\/script>\n<!-- \/ Yoast SEO plugin. -->","yoast_head_json":{"title":"Berne : un investisseur se retire du \u00abViererfeld\u00bb - IMMOBILIER Business","description":"L'investisseur pour un terrain \u00e0 b\u00e2tir dans le quartier pr\u00e9vu sur le \"Viererfeld\" \u00e0 Berne a laiss\u00e9 passer son option. La ville ne s'attend toutefois pas \u00e0 ce que cela entra\u00eene des retards pour le projet.","robots":{"index":"index","follow":"follow","max-snippet":"max-snippet:-1","max-image-preview":"max-image-preview:large","max-video-preview":"max-video-preview:-1"},"canonical":"https:\/\/www.immobilienbusiness.ch\/fr\/regionen\/2023-09-26\/bern-berner-kantonalbank-steigt-bei-viererfeld-aus\/","og_locale":"fr_FR","og_type":"article","og_title":"Bern: Ein Investor steigt beim \u00abViererfeld\u00bb aus - IMMOBILIEN Business","og_description":"Der Investor f\u00fcr ein Baufeld im geplanten Stadtteil auf dem \u00abViererfeld\u00bb in Bern hat seine Option verstreichen lassen. Die Stadt erwartet dadurch aber keine Verz\u00f6gerungen f\u00fcr das Projekt.","og_url":"https:\/\/www.immobilienbusiness.ch\/fr\/regionen\/2023-09-26\/bern-berner-kantonalbank-steigt-bei-viererfeld-aus\/","og_site_name":"IMMOBILIEN Business","article_publisher":"https:\/\/www.facebook.com\/immobilienbusiness\/","article_published_time":"2023-09-26T06:02:54+00:00","article_modified_time":"2023-09-28T07:04:24+00:00","og_image":[{"width":1200,"height":752,"url":"https:\/\/www.immobilienbusiness.ch\/wp-content\/uploads\/2019\/01\/Viererfeld-e1687423958246.png","type":"image\/png"}],"author":"Alexander Wachter","twitter_card":"summary_large_image","schema":{"@context":"https:\/\/schema.org","@graph":[{"@type":"Article","@id":"https:\/\/www.immobilienbusiness.ch\/it\/regionen\/2023-09-26\/bern-berner-kantonalbank-steigt-bei-viererfeld-aus\/#article","isPartOf":{"@id":"https:\/\/www.immobilienbusiness.ch\/it\/regionen\/2023-09-26\/bern-berner-kantonalbank-steigt-bei-viererfeld-aus\/"},"author":{"name":"Alexander Wachter","@id":"https:\/\/www.immobilienbusiness.ch\/#\/schema\/person\/aba8bea2db926aa0c24c08c43fe1fcd5"},"headline":"Bern: Ein Investor steigt beim \u00abViererfeld\u00bb aus","datePublished":"2023-09-26T06:02:54+00:00","dateModified":"2023-09-28T07:04:24+00:00","mainEntityOfPage":{"@id":"https:\/\/www.immobilienbusiness.ch\/it\/regionen\/2023-09-26\/bern-berner-kantonalbank-steigt-bei-viererfeld-aus\/"},"wordCount":147,"publisher":{"@id":"https:\/\/www.immobilienbusiness.ch\/#organization"},"image":{"@id":"https:\/\/www.immobilienbusiness.ch\/it\/regionen\/2023-09-26\/bern-berner-kantonalbank-steigt-bei-viererfeld-aus\/#primaryimage"},"thumbnailUrl":"https:\/\/www.immobilienbusiness.ch\/wp-content\/uploads\/2019\/01\/Viererfeld-e1687423958246.png","keywords":["Bern","Berner Kantonalbank","Mietwohnungen","Projekt in Planung"],"articleSection":["REGIONEN"],"inLanguage":"fr-FR"},{"@type":"WebPage","@id":"https:\/\/www.immobilienbusiness.ch\/it\/regionen\/2023-09-26\/bern-berner-kantonalbank-steigt-bei-viererfeld-aus\/","url":"https:\/\/www.immobilienbusiness.ch\/it\/regionen\/2023-09-26\/bern-berner-kantonalbank-steigt-bei-viererfeld-aus\/","name":"Berne : un investisseur se retire du \u00abViererfeld\u00bb - IMMOBILIER Business","isPartOf":{"@id":"https:\/\/www.immobilienbusiness.ch\/#website"},"primaryImageOfPage":{"@id":"https:\/\/www.immobilienbusiness.ch\/it\/regionen\/2023-09-26\/bern-berner-kantonalbank-steigt-bei-viererfeld-aus\/#primaryimage"},"image":{"@id":"https:\/\/www.immobilienbusiness.ch\/it\/regionen\/2023-09-26\/bern-berner-kantonalbank-steigt-bei-viererfeld-aus\/#primaryimage"},"thumbnailUrl":"https:\/\/www.immobilienbusiness.ch\/wp-content\/uploads\/2019\/01\/Viererfeld-e1687423958246.png","datePublished":"2023-09-26T06:02:54+00:00","dateModified":"2023-09-28T07:04:24+00:00","description":"L'investisseur pour un terrain \u00e0 b\u00e2tir dans le quartier pr\u00e9vu sur le \"Viererfeld\" \u00e0 Berne a laiss\u00e9 passer son option. La ville ne s'attend toutefois pas \u00e0 ce que cela entra\u00eene des retards pour le projet.","breadcrumb":{"@id":"https:\/\/www.immobilienbusiness.ch\/it\/regionen\/2023-09-26\/bern-berner-kantonalbank-steigt-bei-viererfeld-aus\/#breadcrumb"},"inLanguage":"fr-FR","potentialAction":[{"@type":"ReadAction","target":["https:\/\/www.immobilienbusiness.ch\/it\/regionen\/2023-09-26\/bern-berner-kantonalbank-steigt-bei-viererfeld-aus\/"]}]},{"@type":"ImageObject","inLanguage":"fr-FR","@id":"https:\/\/www.immobilienbusiness.ch\/it\/regionen\/2023-09-26\/bern-berner-kantonalbank-steigt-bei-viererfeld-aus\/#primaryimage","url":"https:\/\/www.immobilienbusiness.ch\/wp-content\/uploads\/2019\/01\/Viererfeld-e1687423958246.png","contentUrl":"https:\/\/www.immobilienbusiness.ch\/wp-content\/uploads\/2019\/01\/Viererfeld-e1687423958246.png","width":1200,"height":752,"caption":"Auf dem Viererfeld in Bern soll in mehreren Etappen ein Stadtteil f\u00fcr tausende Menschen entstehen (Visualisierung: Stadt Bern)"},{"@type":"BreadcrumbList","@id":"https:\/\/www.immobilienbusiness.ch\/it\/regionen\/2023-09-26\/bern-berner-kantonalbank-steigt-bei-viererfeld-aus\/#breadcrumb","itemListElement":[{"@type":"ListItem","position":1,"name":"Home","item":"https:\/\/www.immobilienbusiness.ch\/"},{"@type":"ListItem","position":2,"name":"Bern: Ein Investor steigt beim \u00abViererfeld\u00bb aus"}]},{"@type":"WebSite","@id":"https:\/\/www.immobilienbusiness.ch\/#website","url":"https:\/\/www.immobilienbusiness.ch\/","name":"IMMOBILIER Business","description":"Magazine \u00e9conomique suisse ind\u00e9pendant ax\u00e9 sur l'immobilier, l'architecture et la construction ainsi que sur les investissements et le financement.","publisher":{"@id":"https:\/\/www.immobilienbusiness.ch\/#organization"},"potentialAction":[{"@type":"SearchAction","target":{"@type":"EntryPoint","urlTemplate":"https:\/\/www.immobilienbusiness.ch\/?s={search_term_string}"},"query-input":{"@type":"PropertyValueSpecification","valueRequired":true,"valueName":"search_term_string"}}],"inLanguage":"fr-FR"},{"@type":"Organization","@id":"https:\/\/www.immobilienbusiness.ch\/#organization","name":"IMMOBILIER Business","url":"https:\/\/www.immobilienbusiness.ch\/","logo":{"@type":"ImageObject","inLanguage":"fr-FR","@id":"https:\/\/www.immobilienbusiness.ch\/#\/schema\/logo\/image\/","url":"https:\/\/www.immobilienbusiness.ch\/wp-content\/uploads\/2021\/07\/logo_ib.png","contentUrl":"https:\/\/www.immobilienbusiness.ch\/wp-content\/uploads\/2021\/07\/logo_ib.png","width":800,"height":181,"caption":"IMMOBILIEN Business"},"image":{"@id":"https:\/\/www.immobilienbusiness.ch\/#\/schema\/logo\/image\/"},"sameAs":["https:\/\/www.facebook.com\/immobilienbusiness\/"]},{"@type":"Person","@id":"https:\/\/www.immobilienbusiness.ch\/#\/schema\/person\/aba8bea2db926aa0c24c08c43fe1fcd5","name":"Alexander Wachter","image":{"@type":"ImageObject","inLanguage":"fr-FR","@id":"https:\/\/secure.gravatar.com\/avatar\/1a09e471f5389b0e0a6416eac287e0927c7c97a7b77f9e787eba3af7aee281dd?s=96&d=mm&r=g","url":"https:\/\/secure.gravatar.com\/avatar\/1a09e471f5389b0e0a6416eac287e0927c7c97a7b77f9e787eba3af7aee281dd?s=96&d=mm&r=g","contentUrl":"https:\/\/secure.gravatar.com\/avatar\/1a09e471f5389b0e0a6416eac287e0927c7c97a7b77f9e787eba3af7aee281dd?s=96&d=mm&r=g","caption":"Alexander Wachter"},"url":"https:\/\/www.immobilienbusiness.ch\/fr\/author\/alexander-wachter\/"}]}},"_links":{"self":[{"href":"https:\/\/www.immobilienbusiness.ch\/fr\/wp-json\/wp\/v2\/posts\/53537","targetHints":{"allow":["GET"]}}],"collection":[{"href":"https:\/\/www.immobilienbusiness.ch\/fr\/wp-json\/wp\/v2\/posts"}],"about":[{"href":"https:\/\/www.immobilienbusiness.ch\/fr\/wp-json\/wp\/v2\/types\/post"}],"author":[{"embeddable":true,"href":"https:\/\/www.immobilienbusiness.ch\/fr\/wp-json\/wp\/v2\/users\/102"}],"replies":[{"embeddable":true,"href":"https:\/\/www.immobilienbusiness.ch\/fr\/wp-json\/wp\/v2\/comments?post=53537"}],"version-history":[{"count":4,"href":"https:\/\/www.immobilienbusiness.ch\/fr\/wp-json\/wp\/v2\/posts\/53537\/revisions"}],"predecessor-version":[{"id":53611,"href":"https:\/\/www.immobilienbusiness.ch\/fr\/wp-json\/wp\/v2\/posts\/53537\/revisions\/53611"}],"wp:featuredmedia":[{"embeddable":true,"href":"https:\/\/www.immobilienbusiness.ch\/fr\/wp-json\/wp\/v2\/media\/15518"}],"wp:attachment":[{"href":"https:\/\/www.immobilienbusiness.ch\/fr\/wp-json\/wp\/v2\/media?parent=53537"}],"wp:term":[{"taxonomy":"category","embeddable":true,"href":"https:\/\/www.immobilienbusiness.ch\/fr\/wp-json\/wp\/v2\/categories?post=53537"},{"taxonomy":"post_tag","embeddable":true,"href":"https:\/\/www.immobilienbusiness.ch\/fr\/wp-json\/wp\/v2\/tags?post=53537"}],"curies":[{"name":"wp","href":"https:\/\/api.w.org\/{rel}","templated":true}]}}