{"id":53428,"date":"2023-09-20T06:55:27","date_gmt":"2023-09-20T04:55:27","guid":{"rendered":"https:\/\/www.immobilienbusiness.ch\/?p=53428"},"modified":"2023-09-20T09:48:28","modified_gmt":"2023-09-20T07:48:28","slug":"themis-real-estate-sicav-geht-an-den-start","status":"publish","type":"post","link":"https:\/\/www.immobilienbusiness.ch\/fr\/unternehmen\/2023-09-20\/themis-real-estate-sicav-geht-an-den-start\/","title":{"rendered":"Lancement de la SICAV Themis Real Estate"},"content":{"rendered":"<figure id=\"attachment_13983\" aria-describedby=\"caption-attachment-13983\" style=\"width: 1000px\" class=\"wp-caption alignnone\"><a href=\"https:\/\/www.immobilienbusiness.ch\/wp-content\/uploads\/2018\/09\/Depositphotos_12676032_m-2015.jpg\"><img loading=\"lazy\" decoding=\"async\" class=\"size-full wp-image-13983\" src=\"https:\/\/www.immobilienbusiness.ch\/wp-content\/uploads\/2018\/09\/Depositphotos_12676032_m-2015.jpg\" alt=\"\" width=\"1000\" height=\"580\" srcset=\"https:\/\/www.immobilienbusiness.ch\/wp-content\/uploads\/2018\/09\/Depositphotos_12676032_m-2015.jpg 1000w, https:\/\/www.immobilienbusiness.ch\/wp-content\/uploads\/2018\/09\/Depositphotos_12676032_m-2015-300x174.jpg 300w, https:\/\/www.immobilienbusiness.ch\/wp-content\/uploads\/2018\/09\/Depositphotos_12676032_m-2015-768x445.jpg 768w, https:\/\/www.immobilienbusiness.ch\/wp-content\/uploads\/2018\/09\/Depositphotos_12676032_m-2015-16x9.jpg 16w, https:\/\/www.immobilienbusiness.ch\/wp-content\/uploads\/2018\/09\/Depositphotos_12676032_m-2015-302x175.jpg 302w, https:\/\/www.immobilienbusiness.ch\/wp-content\/uploads\/2018\/09\/Depositphotos_12676032_m-2015-603x350.jpg 603w, https:\/\/www.immobilienbusiness.ch\/wp-content\/uploads\/2018\/09\/Depositphotos_12676032_m-2015-920x534.jpg 920w\" sizes=\"auto, (max-width: 1000px) 100vw, 1000px\" \/><\/a><figcaption id=\"caption-attachment-13983\" class=\"wp-caption-text\">Un nouvel acteur du fonds se lance (image : chromatika2 - depositphotos)<\/figcaption><\/figure>\n<p>La SICAV Themis Real Estate est lanc\u00e9e ces jours-ci. La p\u00e9riode de souscription pour ce placement collectif de droit suisse d\u00e9butera le 20 septembre, le volume cible \u00e9tant de 50 millions \u00e0 60 millions de CHF. La lib\u00e9ration devrait avoir lieu le 3 novembre. Le capital lev\u00e9 servira \u00e0 l'acquisition de neuf objets existants - majoritairement des immeubles d'habitation et situ\u00e9s en Suisse romande - d'une valeur d'environ 66,03 millions de CHF.<\/p>\n<p>Selon ses propres indications, le fonds veut atteindre un volume de 200 millions de CHF d'ici fin 2024 gr\u00e2ce \u00e0 des transactions hors march\u00e9, \u00e0 un traitement rapide des transactions et \u00e0 une s\u00e9lection opportuniste. Le v\u00e9hicule est g\u00e9r\u00e9 par Themis Capital SA, qui existe depuis ao\u00fbt 2020. Pour la premi\u00e8re fois, le gestionnaire a annonc\u00e9 d\u00e8s novembre 2020 des plans pour le lancement de la SICAV <a href=\"https:\/\/www.immobilienbusiness.ch\/fr\/ib\/2020-11-04\/themis-capital-neue-sicav-fur-wohnimmobilien-gegrundet\/\" target=\"_blank\" rel=\"noopener\">(IB a rapport\u00e9)<\/a>. <em>(aw)<\/em><\/p>","protected":false},"excerpt":{"rendered":"<p>La p\u00e9riode de souscription d\u00e9bute pour le fonds Themis Real Estate SICAV, sp\u00e9cialis\u00e9 dans l'immobilier r\u00e9sidentiel en Suisse romande. Neuf objets constituent le portefeuille de d\u00e9part.<\/p>","protected":false},"author":102,"featured_media":13983,"comment_status":"closed","ping_status":"closed","sticky":false,"template":"","format":"standard","meta":{"_acf_changed":false,"_yoast_wpseo_focuskw":"Themis","_yoast_wpseo_title":"","_yoast_wpseo_metadesc":"F\u00fcr den auf Westschweizer Wohnimmobilien spezialisierten Fonds Themis Real Estate SICAV beginnt die Zeichnungsfrist. Neun Objekte bilden das Startportfolio.","_yoast_wpseo_linkdex":58,"pgc_sgb_lightbox_settings":"","footnotes":""},"categories":[988],"tags":[1344,3250],"class_list":["post-53428","post","type-post","status-publish","format-standard","has-post-thumbnail","hentry","category-unternehmen","tag-immobilienfonds","tag-themis"],"acf":[],"yoast_head":"<!-- This site is optimized with the Yoast SEO plugin v27.5 - https:\/\/yoast.com\/product\/yoast-seo-wordpress\/ -->\n<title>Themis Real Estate SICAV geht an den Start - IMMOBILIEN Business<\/title>\n<meta name=\"description\" content=\"F\u00fcr den auf Westschweizer Wohnimmobilien spezialisierten Fonds Themis Real Estate SICAV beginnt die Zeichnungsfrist. Neun Objekte bilden das Startportfolio.\" \/>\n<meta name=\"robots\" content=\"index, follow, max-snippet:-1, max-image-preview:large, max-video-preview:-1\" \/>\n<link rel=\"canonical\" href=\"https:\/\/www.immobilienbusiness.ch\/fr\/unternehmen\/2023-09-20\/themis-real-estate-sicav-geht-an-den-start\/\" \/>\n<meta property=\"og:locale\" content=\"fr_FR\" \/>\n<meta property=\"og:type\" content=\"article\" \/>\n<meta property=\"og:title\" content=\"Themis Real Estate SICAV geht an den Start - IMMOBILIEN Business\" \/>\n<meta property=\"og:description\" content=\"F\u00fcr den auf Westschweizer Wohnimmobilien spezialisierten Fonds Themis Real Estate SICAV beginnt die Zeichnungsfrist. Neun Objekte bilden das Startportfolio.\" \/>\n<meta property=\"og:url\" content=\"https:\/\/www.immobilienbusiness.ch\/fr\/unternehmen\/2023-09-20\/themis-real-estate-sicav-geht-an-den-start\/\" \/>\n<meta property=\"og:site_name\" content=\"IMMOBILIEN Business\" \/>\n<meta property=\"article:publisher\" content=\"https:\/\/www.facebook.com\/immobilienbusiness\/\" \/>\n<meta property=\"article:published_time\" content=\"2023-09-20T04:55:27+00:00\" \/>\n<meta property=\"article:modified_time\" content=\"2023-09-20T07:48:28+00:00\" \/>\n<meta property=\"og:image\" content=\"https:\/\/www.immobilienbusiness.ch\/wp-content\/uploads\/2018\/09\/Depositphotos_12676032_m-2015.jpg\" \/>\n\t<meta property=\"og:image:width\" content=\"1000\" \/>\n\t<meta property=\"og:image:height\" content=\"580\" \/>\n\t<meta property=\"og:image:type\" content=\"image\/jpeg\" \/>\n<meta name=\"author\" content=\"Alexander Wachter\" \/>\n<meta name=\"twitter:card\" content=\"summary_large_image\" \/>\n<script type=\"application\/ld+json\" class=\"yoast-schema-graph\">{\"@context\":\"https:\\\/\\\/schema.org\",\"@graph\":[{\"@type\":\"Article\",\"@id\":\"https:\\\/\\\/www.immobilienbusiness.ch\\\/en\\\/unternehmen\\\/2023-09-20\\\/themis-real-estate-sicav-geht-an-den-start\\\/#article\",\"isPartOf\":{\"@id\":\"https:\\\/\\\/www.immobilienbusiness.ch\\\/en\\\/unternehmen\\\/2023-09-20\\\/themis-real-estate-sicav-geht-an-den-start\\\/\"},\"author\":{\"name\":\"Alexander Wachter\",\"@id\":\"https:\\\/\\\/www.immobilienbusiness.ch\\\/#\\\/schema\\\/person\\\/aba8bea2db926aa0c24c08c43fe1fcd5\"},\"headline\":\"Themis Real Estate SICAV geht an den Start\",\"datePublished\":\"2023-09-20T04:55:27+00:00\",\"dateModified\":\"2023-09-20T07:48:28+00:00\",\"mainEntityOfPage\":{\"@id\":\"https:\\\/\\\/www.immobilienbusiness.ch\\\/en\\\/unternehmen\\\/2023-09-20\\\/themis-real-estate-sicav-geht-an-den-start\\\/\"},\"wordCount\":141,\"publisher\":{\"@id\":\"https:\\\/\\\/www.immobilienbusiness.ch\\\/#organization\"},\"image\":{\"@id\":\"https:\\\/\\\/www.immobilienbusiness.ch\\\/en\\\/unternehmen\\\/2023-09-20\\\/themis-real-estate-sicav-geht-an-den-start\\\/#primaryimage\"},\"thumbnailUrl\":\"https:\\\/\\\/www.immobilienbusiness.ch\\\/wp-content\\\/uploads\\\/2018\\\/09\\\/Depositphotos_12676032_m-2015.jpg\",\"keywords\":[\"Immobilienfonds\",\"Themis\"],\"articleSection\":[\"UNTERNEHMEN\"],\"inLanguage\":\"fr-FR\"},{\"@type\":\"WebPage\",\"@id\":\"https:\\\/\\\/www.immobilienbusiness.ch\\\/en\\\/unternehmen\\\/2023-09-20\\\/themis-real-estate-sicav-geht-an-den-start\\\/\",\"url\":\"https:\\\/\\\/www.immobilienbusiness.ch\\\/en\\\/unternehmen\\\/2023-09-20\\\/themis-real-estate-sicav-geht-an-den-start\\\/\",\"name\":\"Themis Real Estate SICAV geht an den Start - IMMOBILIEN Business\",\"isPartOf\":{\"@id\":\"https:\\\/\\\/www.immobilienbusiness.ch\\\/#website\"},\"primaryImageOfPage\":{\"@id\":\"https:\\\/\\\/www.immobilienbusiness.ch\\\/en\\\/unternehmen\\\/2023-09-20\\\/themis-real-estate-sicav-geht-an-den-start\\\/#primaryimage\"},\"image\":{\"@id\":\"https:\\\/\\\/www.immobilienbusiness.ch\\\/en\\\/unternehmen\\\/2023-09-20\\\/themis-real-estate-sicav-geht-an-den-start\\\/#primaryimage\"},\"thumbnailUrl\":\"https:\\\/\\\/www.immobilienbusiness.ch\\\/wp-content\\\/uploads\\\/2018\\\/09\\\/Depositphotos_12676032_m-2015.jpg\",\"datePublished\":\"2023-09-20T04:55:27+00:00\",\"dateModified\":\"2023-09-20T07:48:28+00:00\",\"description\":\"F\u00fcr den auf Westschweizer Wohnimmobilien spezialisierten Fonds Themis Real Estate SICAV beginnt die Zeichnungsfrist. Neun Objekte bilden das Startportfolio.\",\"breadcrumb\":{\"@id\":\"https:\\\/\\\/www.immobilienbusiness.ch\\\/en\\\/unternehmen\\\/2023-09-20\\\/themis-real-estate-sicav-geht-an-den-start\\\/#breadcrumb\"},\"inLanguage\":\"fr-FR\",\"potentialAction\":[{\"@type\":\"ReadAction\",\"target\":[\"https:\\\/\\\/www.immobilienbusiness.ch\\\/en\\\/unternehmen\\\/2023-09-20\\\/themis-real-estate-sicav-geht-an-den-start\\\/\"]}]},{\"@type\":\"ImageObject\",\"inLanguage\":\"fr-FR\",\"@id\":\"https:\\\/\\\/www.immobilienbusiness.ch\\\/en\\\/unternehmen\\\/2023-09-20\\\/themis-real-estate-sicav-geht-an-den-start\\\/#primaryimage\",\"url\":\"https:\\\/\\\/www.immobilienbusiness.ch\\\/wp-content\\\/uploads\\\/2018\\\/09\\\/Depositphotos_12676032_m-2015.jpg\",\"contentUrl\":\"https:\\\/\\\/www.immobilienbusiness.ch\\\/wp-content\\\/uploads\\\/2018\\\/09\\\/Depositphotos_12676032_m-2015.jpg\",\"width\":1000,\"height\":580,\"caption\":\"Ein neuer Fonds-Akteur geht an den Start (Bild: chromatika2 - depositphotos)\"},{\"@type\":\"BreadcrumbList\",\"@id\":\"https:\\\/\\\/www.immobilienbusiness.ch\\\/en\\\/unternehmen\\\/2023-09-20\\\/themis-real-estate-sicav-geht-an-den-start\\\/#breadcrumb\",\"itemListElement\":[{\"@type\":\"ListItem\",\"position\":1,\"name\":\"Home\",\"item\":\"https:\\\/\\\/www.immobilienbusiness.ch\\\/\"},{\"@type\":\"ListItem\",\"position\":2,\"name\":\"Themis Real Estate SICAV geht an den Start\"}]},{\"@type\":\"WebSite\",\"@id\":\"https:\\\/\\\/www.immobilienbusiness.ch\\\/#website\",\"url\":\"https:\\\/\\\/www.immobilienbusiness.ch\\\/\",\"name\":\"IMMOBILIEN Business\",\"description\":\"Unabh\u00e4ngiges Schweizer Wirtschaftsmagazin mit Fokus auf Immobilien, Architektur- und Bau sowie Investment- und Finanzierung.\",\"publisher\":{\"@id\":\"https:\\\/\\\/www.immobilienbusiness.ch\\\/#organization\"},\"potentialAction\":[{\"@type\":\"SearchAction\",\"target\":{\"@type\":\"EntryPoint\",\"urlTemplate\":\"https:\\\/\\\/www.immobilienbusiness.ch\\\/?s={search_term_string}\"},\"query-input\":{\"@type\":\"PropertyValueSpecification\",\"valueRequired\":true,\"valueName\":\"search_term_string\"}}],\"inLanguage\":\"fr-FR\"},{\"@type\":\"Organization\",\"@id\":\"https:\\\/\\\/www.immobilienbusiness.ch\\\/#organization\",\"name\":\"IMMOBILIEN Business\",\"url\":\"https:\\\/\\\/www.immobilienbusiness.ch\\\/\",\"logo\":{\"@type\":\"ImageObject\",\"inLanguage\":\"fr-FR\",\"@id\":\"https:\\\/\\\/www.immobilienbusiness.ch\\\/#\\\/schema\\\/logo\\\/image\\\/\",\"url\":\"https:\\\/\\\/www.immobilienbusiness.ch\\\/wp-content\\\/uploads\\\/2021\\\/07\\\/logo_ib.png\",\"contentUrl\":\"https:\\\/\\\/www.immobilienbusiness.ch\\\/wp-content\\\/uploads\\\/2021\\\/07\\\/logo_ib.png\",\"width\":800,\"height\":181,\"caption\":\"IMMOBILIEN Business\"},\"image\":{\"@id\":\"https:\\\/\\\/www.immobilienbusiness.ch\\\/#\\\/schema\\\/logo\\\/image\\\/\"},\"sameAs\":[\"https:\\\/\\\/www.facebook.com\\\/immobilienbusiness\\\/\"]},{\"@type\":\"Person\",\"@id\":\"https:\\\/\\\/www.immobilienbusiness.ch\\\/#\\\/schema\\\/person\\\/aba8bea2db926aa0c24c08c43fe1fcd5\",\"name\":\"Alexander Wachter\",\"image\":{\"@type\":\"ImageObject\",\"inLanguage\":\"fr-FR\",\"@id\":\"https:\\\/\\\/secure.gravatar.com\\\/avatar\\\/1a09e471f5389b0e0a6416eac287e0927c7c97a7b77f9e787eba3af7aee281dd?s=96&d=mm&r=g\",\"url\":\"https:\\\/\\\/secure.gravatar.com\\\/avatar\\\/1a09e471f5389b0e0a6416eac287e0927c7c97a7b77f9e787eba3af7aee281dd?s=96&d=mm&r=g\",\"contentUrl\":\"https:\\\/\\\/secure.gravatar.com\\\/avatar\\\/1a09e471f5389b0e0a6416eac287e0927c7c97a7b77f9e787eba3af7aee281dd?s=96&d=mm&r=g\",\"caption\":\"Alexander Wachter\"},\"url\":\"https:\\\/\\\/www.immobilienbusiness.ch\\\/fr\\\/author\\\/alexander-wachter\\\/\"}]}<\/script>\n<!-- \/ Yoast SEO plugin. -->","yoast_head_json":{"title":"Themis Real Estate SICAV est lanc\u00e9e - IMMOBILIER Business","description":"La p\u00e9riode de souscription d\u00e9bute pour le fonds Themis Real Estate SICAV, sp\u00e9cialis\u00e9 dans l'immobilier r\u00e9sidentiel en Suisse romande. Neuf objets constituent le portefeuille de d\u00e9part.","robots":{"index":"index","follow":"follow","max-snippet":"max-snippet:-1","max-image-preview":"max-image-preview:large","max-video-preview":"max-video-preview:-1"},"canonical":"https:\/\/www.immobilienbusiness.ch\/fr\/unternehmen\/2023-09-20\/themis-real-estate-sicav-geht-an-den-start\/","og_locale":"fr_FR","og_type":"article","og_title":"Themis Real Estate SICAV geht an den Start - IMMOBILIEN Business","og_description":"F\u00fcr den auf Westschweizer Wohnimmobilien spezialisierten Fonds Themis Real Estate SICAV beginnt die Zeichnungsfrist. Neun Objekte bilden das Startportfolio.","og_url":"https:\/\/www.immobilienbusiness.ch\/fr\/unternehmen\/2023-09-20\/themis-real-estate-sicav-geht-an-den-start\/","og_site_name":"IMMOBILIEN Business","article_publisher":"https:\/\/www.facebook.com\/immobilienbusiness\/","article_published_time":"2023-09-20T04:55:27+00:00","article_modified_time":"2023-09-20T07:48:28+00:00","og_image":[{"width":1000,"height":580,"url":"https:\/\/www.immobilienbusiness.ch\/wp-content\/uploads\/2018\/09\/Depositphotos_12676032_m-2015.jpg","type":"image\/jpeg"}],"author":"Alexander Wachter","twitter_card":"summary_large_image","schema":{"@context":"https:\/\/schema.org","@graph":[{"@type":"Article","@id":"https:\/\/www.immobilienbusiness.ch\/en\/unternehmen\/2023-09-20\/themis-real-estate-sicav-geht-an-den-start\/#article","isPartOf":{"@id":"https:\/\/www.immobilienbusiness.ch\/en\/unternehmen\/2023-09-20\/themis-real-estate-sicav-geht-an-den-start\/"},"author":{"name":"Alexander Wachter","@id":"https:\/\/www.immobilienbusiness.ch\/#\/schema\/person\/aba8bea2db926aa0c24c08c43fe1fcd5"},"headline":"Themis Real Estate SICAV geht an den Start","datePublished":"2023-09-20T04:55:27+00:00","dateModified":"2023-09-20T07:48:28+00:00","mainEntityOfPage":{"@id":"https:\/\/www.immobilienbusiness.ch\/en\/unternehmen\/2023-09-20\/themis-real-estate-sicav-geht-an-den-start\/"},"wordCount":141,"publisher":{"@id":"https:\/\/www.immobilienbusiness.ch\/#organization"},"image":{"@id":"https:\/\/www.immobilienbusiness.ch\/en\/unternehmen\/2023-09-20\/themis-real-estate-sicav-geht-an-den-start\/#primaryimage"},"thumbnailUrl":"https:\/\/www.immobilienbusiness.ch\/wp-content\/uploads\/2018\/09\/Depositphotos_12676032_m-2015.jpg","keywords":["Immobilienfonds","Themis"],"articleSection":["UNTERNEHMEN"],"inLanguage":"fr-FR"},{"@type":"WebPage","@id":"https:\/\/www.immobilienbusiness.ch\/en\/unternehmen\/2023-09-20\/themis-real-estate-sicav-geht-an-den-start\/","url":"https:\/\/www.immobilienbusiness.ch\/en\/unternehmen\/2023-09-20\/themis-real-estate-sicav-geht-an-den-start\/","name":"Themis Real Estate SICAV est lanc\u00e9e - IMMOBILIER Business","isPartOf":{"@id":"https:\/\/www.immobilienbusiness.ch\/#website"},"primaryImageOfPage":{"@id":"https:\/\/www.immobilienbusiness.ch\/en\/unternehmen\/2023-09-20\/themis-real-estate-sicav-geht-an-den-start\/#primaryimage"},"image":{"@id":"https:\/\/www.immobilienbusiness.ch\/en\/unternehmen\/2023-09-20\/themis-real-estate-sicav-geht-an-den-start\/#primaryimage"},"thumbnailUrl":"https:\/\/www.immobilienbusiness.ch\/wp-content\/uploads\/2018\/09\/Depositphotos_12676032_m-2015.jpg","datePublished":"2023-09-20T04:55:27+00:00","dateModified":"2023-09-20T07:48:28+00:00","description":"La p\u00e9riode de souscription d\u00e9bute pour le fonds Themis Real Estate SICAV, sp\u00e9cialis\u00e9 dans l'immobilier r\u00e9sidentiel en Suisse romande. Neuf objets constituent le portefeuille de d\u00e9part.","breadcrumb":{"@id":"https:\/\/www.immobilienbusiness.ch\/en\/unternehmen\/2023-09-20\/themis-real-estate-sicav-geht-an-den-start\/#breadcrumb"},"inLanguage":"fr-FR","potentialAction":[{"@type":"ReadAction","target":["https:\/\/www.immobilienbusiness.ch\/en\/unternehmen\/2023-09-20\/themis-real-estate-sicav-geht-an-den-start\/"]}]},{"@type":"ImageObject","inLanguage":"fr-FR","@id":"https:\/\/www.immobilienbusiness.ch\/en\/unternehmen\/2023-09-20\/themis-real-estate-sicav-geht-an-den-start\/#primaryimage","url":"https:\/\/www.immobilienbusiness.ch\/wp-content\/uploads\/2018\/09\/Depositphotos_12676032_m-2015.jpg","contentUrl":"https:\/\/www.immobilienbusiness.ch\/wp-content\/uploads\/2018\/09\/Depositphotos_12676032_m-2015.jpg","width":1000,"height":580,"caption":"Ein neuer Fonds-Akteur geht an den Start (Bild: chromatika2 - depositphotos)"},{"@type":"BreadcrumbList","@id":"https:\/\/www.immobilienbusiness.ch\/en\/unternehmen\/2023-09-20\/themis-real-estate-sicav-geht-an-den-start\/#breadcrumb","itemListElement":[{"@type":"ListItem","position":1,"name":"Home","item":"https:\/\/www.immobilienbusiness.ch\/"},{"@type":"ListItem","position":2,"name":"Themis Real Estate SICAV geht an den Start"}]},{"@type":"WebSite","@id":"https:\/\/www.immobilienbusiness.ch\/#website","url":"https:\/\/www.immobilienbusiness.ch\/","name":"IMMOBILIER Business","description":"Magazine \u00e9conomique suisse ind\u00e9pendant ax\u00e9 sur l'immobilier, l'architecture et la construction ainsi que sur les investissements et le financement.","publisher":{"@id":"https:\/\/www.immobilienbusiness.ch\/#organization"},"potentialAction":[{"@type":"SearchAction","target":{"@type":"EntryPoint","urlTemplate":"https:\/\/www.immobilienbusiness.ch\/?s={search_term_string}"},"query-input":{"@type":"PropertyValueSpecification","valueRequired":true,"valueName":"search_term_string"}}],"inLanguage":"fr-FR"},{"@type":"Organization","@id":"https:\/\/www.immobilienbusiness.ch\/#organization","name":"IMMOBILIER Business","url":"https:\/\/www.immobilienbusiness.ch\/","logo":{"@type":"ImageObject","inLanguage":"fr-FR","@id":"https:\/\/www.immobilienbusiness.ch\/#\/schema\/logo\/image\/","url":"https:\/\/www.immobilienbusiness.ch\/wp-content\/uploads\/2021\/07\/logo_ib.png","contentUrl":"https:\/\/www.immobilienbusiness.ch\/wp-content\/uploads\/2021\/07\/logo_ib.png","width":800,"height":181,"caption":"IMMOBILIEN Business"},"image":{"@id":"https:\/\/www.immobilienbusiness.ch\/#\/schema\/logo\/image\/"},"sameAs":["https:\/\/www.facebook.com\/immobilienbusiness\/"]},{"@type":"Person","@id":"https:\/\/www.immobilienbusiness.ch\/#\/schema\/person\/aba8bea2db926aa0c24c08c43fe1fcd5","name":"Alexander Wachter","image":{"@type":"ImageObject","inLanguage":"fr-FR","@id":"https:\/\/secure.gravatar.com\/avatar\/1a09e471f5389b0e0a6416eac287e0927c7c97a7b77f9e787eba3af7aee281dd?s=96&d=mm&r=g","url":"https:\/\/secure.gravatar.com\/avatar\/1a09e471f5389b0e0a6416eac287e0927c7c97a7b77f9e787eba3af7aee281dd?s=96&d=mm&r=g","contentUrl":"https:\/\/secure.gravatar.com\/avatar\/1a09e471f5389b0e0a6416eac287e0927c7c97a7b77f9e787eba3af7aee281dd?s=96&d=mm&r=g","caption":"Alexander Wachter"},"url":"https:\/\/www.immobilienbusiness.ch\/fr\/author\/alexander-wachter\/"}]}},"_links":{"self":[{"href":"https:\/\/www.immobilienbusiness.ch\/fr\/wp-json\/wp\/v2\/posts\/53428","targetHints":{"allow":["GET"]}}],"collection":[{"href":"https:\/\/www.immobilienbusiness.ch\/fr\/wp-json\/wp\/v2\/posts"}],"about":[{"href":"https:\/\/www.immobilienbusiness.ch\/fr\/wp-json\/wp\/v2\/types\/post"}],"author":[{"embeddable":true,"href":"https:\/\/www.immobilienbusiness.ch\/fr\/wp-json\/wp\/v2\/users\/102"}],"replies":[{"embeddable":true,"href":"https:\/\/www.immobilienbusiness.ch\/fr\/wp-json\/wp\/v2\/comments?post=53428"}],"version-history":[{"count":2,"href":"https:\/\/www.immobilienbusiness.ch\/fr\/wp-json\/wp\/v2\/posts\/53428\/revisions"}],"predecessor-version":[{"id":53466,"href":"https:\/\/www.immobilienbusiness.ch\/fr\/wp-json\/wp\/v2\/posts\/53428\/revisions\/53466"}],"wp:featuredmedia":[{"embeddable":true,"href":"https:\/\/www.immobilienbusiness.ch\/fr\/wp-json\/wp\/v2\/media\/13983"}],"wp:attachment":[{"href":"https:\/\/www.immobilienbusiness.ch\/fr\/wp-json\/wp\/v2\/media?parent=53428"}],"wp:term":[{"taxonomy":"category","embeddable":true,"href":"https:\/\/www.immobilienbusiness.ch\/fr\/wp-json\/wp\/v2\/categories?post=53428"},{"taxonomy":"post_tag","embeddable":true,"href":"https:\/\/www.immobilienbusiness.ch\/fr\/wp-json\/wp\/v2\/tags?post=53428"}],"curies":[{"name":"wp","href":"https:\/\/api.w.org\/{rel}","templated":true}]}}