{"id":53232,"date":"2023-09-12T08:46:41","date_gmt":"2023-09-12T06:46:41","guid":{"rendered":"https:\/\/www.immobilienbusiness.ch\/?p=53232"},"modified":"2024-11-11T13:12:02","modified_gmt":"2024-11-11T12:12:02","slug":"preverenges-projekt-les-pres-du-chateau-faellt-kleiner-aus","status":"publish","type":"post","link":"https:\/\/www.immobilienbusiness.ch\/fr\/allgemein\/2023-09-12\/preverenges-projekt-les-pres-du-chateau-faellt-kleiner-aus\/","title":{"rendered":"Pr\u00e9verenges : le projet Les Pr\u00e9s du Ch\u00e2teau est plus modeste"},"content":{"rendered":"<figure id=\"attachment_53233\" aria-describedby=\"caption-attachment-53233\" style=\"width: 1200px\" class=\"wp-caption alignnone\"><a href=\"https:\/\/www.immobilienbusiness.ch\/wp-content\/uploads\/2023\/09\/POV_Sud-Est-traits-scaled.jpg\"><img loading=\"lazy\" decoding=\"async\" class=\"wp-image-53233 size-full\" src=\"https:\/\/www.immobilienbusiness.ch\/wp-content\/uploads\/2023\/09\/POV_Sud-Est-traits-scaled.jpg\" alt=\"Wohnprojekt Les Pr\u00e9s du Ch\u00e2teau\" width=\"1200\" height=\"794\" srcset=\"https:\/\/www.immobilienbusiness.ch\/wp-content\/uploads\/2023\/09\/POV_Sud-Est-traits-scaled.jpg 1200w, https:\/\/www.immobilienbusiness.ch\/wp-content\/uploads\/2023\/09\/POV_Sud-Est-traits-300x198.jpg 300w, https:\/\/www.immobilienbusiness.ch\/wp-content\/uploads\/2023\/09\/POV_Sud-Est-traits-1024x677.jpg 1024w, https:\/\/www.immobilienbusiness.ch\/wp-content\/uploads\/2023\/09\/POV_Sud-Est-traits-768x508.jpg 768w, https:\/\/www.immobilienbusiness.ch\/wp-content\/uploads\/2023\/09\/POV_Sud-Est-traits-1536x1016.jpg 1536w, https:\/\/www.immobilienbusiness.ch\/wp-content\/uploads\/2023\/09\/POV_Sud-Est-traits-2048x1355.jpg 2048w, https:\/\/www.immobilienbusiness.ch\/wp-content\/uploads\/2023\/09\/POV_Sud-Est-traits-18x12.jpg 18w, https:\/\/www.immobilienbusiness.ch\/wp-content\/uploads\/2023\/09\/POV_Sud-Est-traits-375x248.jpg 375w, https:\/\/www.immobilienbusiness.ch\/wp-content\/uploads\/2023\/09\/POV_Sud-Est-traits-529x350.jpg 529w, https:\/\/www.immobilienbusiness.ch\/wp-content\/uploads\/2023\/09\/POV_Sud-Est-traits-1000x662.jpg 1000w\" sizes=\"auto, (max-width: 1200px) 100vw, 1200px\" \/><\/a><figcaption id=\"caption-attachment-53233\" class=\"wp-caption-text\">Le nouveau quartier en bordure du village de Pr\u00e9verenges est plus petit que pr\u00e9vu initialement (source : zVg)<\/figcaption><\/figure>\n<p>Pr\u00e8s de dix ans apr\u00e8s le lancement des premi\u00e8res planifications, Ina Invest en tant que propri\u00e9taire, Implenia en tant que ma\u00eetre d'ouvrage et la commune de Pr\u00e9verenges (VD) ont pr\u00e9sent\u00e9 le plan d'am\u00e9nagement r\u00e9vis\u00e9 pour le projet d'habitation \"Les Pr\u00e9s du Ch\u00e2teau\".<\/p>\n<p>Sur le terrain du Grand Record, en bordure du village de Pr\u00e9verenges, un quartier comprenant des logements de qualit\u00e9, des surfaces pour des prestataires de services locaux et des espaces ext\u00e9rieurs doit voir le jour. Une douzaine de b\u00e2timents sont pr\u00e9vus, avec un total de 85 appartements, le m\u00e9lange allant de 2,5 \u00e0 5,5 pi\u00e8ces.<\/p>\n<p>Le premier projet, datant de 2014, avait \u00e9t\u00e9 rejet\u00e9 car il \u00e9tait consid\u00e9r\u00e9 comme trop dense, trop haut et pas assez int\u00e9gr\u00e9 \u00e0 l'environnement. Dans la r\u00e9vision, l'agencement des constructions pr\u00e9vues a maintenant \u00e9t\u00e9 modifi\u00e9, entre autres, et il a \u00e9t\u00e9 renonc\u00e9 \u00e0 un b\u00e2timent, ce qui, selon les parties concern\u00e9es, entra\u00eene une r\u00e9duction de la densit\u00e9 de 1,16 \u00e0 0,77.<\/p>\n<p>Le plan d'am\u00e9nagement est encore \u00e0 l'enqu\u00eate publique jusqu'\u00e0 fin septembre 2023, il pourrait \u00eatre approuv\u00e9 par le canton \u00e0 la mi-2024. La construction des premiers logements devrait commencer \u00e0 partir de 2026. (ah)<\/p>","protected":false},"excerpt":{"rendered":"<p>Pr\u00e8s de dix ans apr\u00e8s le lancement des premi\u00e8res planifications, Ina Invest et la commune de Pr\u00e9verenges (VD) ont pr\u00e9sent\u00e9 le plan d'am\u00e9nagement r\u00e9vis\u00e9 pour le projet r\u00e9sidentiel Les Pr\u00e9s du Ch\u00e2teau.<\/p>","protected":false},"author":3,"featured_media":0,"comment_status":"closed","ping_status":"closed","sticky":false,"template":"","format":"standard","meta":{"_acf_changed":false,"_yoast_wpseo_focuskw":"Wohnprojekt Les Pr\u00e9s du Ch\u00e2teau","_yoast_wpseo_title":"","_yoast_wpseo_metadesc":"Das Wohnprojekt \u00abLes Pr\u00e9s du Ch\u00e2teau\u00bb in Pr\u00e9verenges umfasst 85 Wohnungen und Fl\u00e4chen f\u00fcr lokale Dienstleister. Baubeginn ist f\u00fcr 2026 geplant.","_yoast_wpseo_linkdex":56,"pgc_sgb_lightbox_settings":"","footnotes":""},"categories":[1],"tags":[1073,4001,3999,4000,3998],"class_list":["post-53232","post","type-post","status-publish","format-standard","hentry","category-allgemein","tag-baubeginn","tag-bebauungsplan","tag-les-pres-du-chateau","tag-preverenges","tag-wohnprojekt"],"acf":[],"yoast_head":"<!-- This site is optimized with the Yoast SEO plugin v27.4 - https:\/\/yoast.com\/product\/yoast-seo-wordpress\/ -->\n<title>Pr\u00e9verenges: Projekt Les Pr\u00e9s du Ch\u00e2teau f\u00e4llt kleiner aus - IMMOBILIEN Business<\/title>\n<meta name=\"description\" content=\"Das Wohnprojekt \u00abLes Pr\u00e9s du Ch\u00e2teau\u00bb in Pr\u00e9verenges umfasst 85 Wohnungen und Fl\u00e4chen f\u00fcr lokale Dienstleister. Baubeginn ist f\u00fcr 2026 geplant.\" \/>\n<meta name=\"robots\" content=\"index, follow, max-snippet:-1, max-image-preview:large, max-video-preview:-1\" \/>\n<link rel=\"canonical\" href=\"https:\/\/www.immobilienbusiness.ch\/fr\/allgemein\/2023-09-12\/preverenges-projekt-les-pres-du-chateau-faellt-kleiner-aus\/\" \/>\n<meta property=\"og:locale\" content=\"fr_FR\" \/>\n<meta property=\"og:type\" content=\"article\" \/>\n<meta property=\"og:title\" content=\"Pr\u00e9verenges: Projekt Les Pr\u00e9s du Ch\u00e2teau f\u00e4llt kleiner aus - IMMOBILIEN Business\" \/>\n<meta property=\"og:description\" content=\"Das Wohnprojekt \u00abLes Pr\u00e9s du Ch\u00e2teau\u00bb in Pr\u00e9verenges umfasst 85 Wohnungen und Fl\u00e4chen f\u00fcr lokale Dienstleister. Baubeginn ist f\u00fcr 2026 geplant.\" \/>\n<meta property=\"og:url\" content=\"https:\/\/www.immobilienbusiness.ch\/fr\/allgemein\/2023-09-12\/preverenges-projekt-les-pres-du-chateau-faellt-kleiner-aus\/\" \/>\n<meta property=\"og:site_name\" content=\"IMMOBILIEN Business\" \/>\n<meta property=\"article:publisher\" content=\"https:\/\/www.facebook.com\/immobilienbusiness\/\" \/>\n<meta property=\"article:published_time\" content=\"2023-09-12T06:46:41+00:00\" \/>\n<meta property=\"article:modified_time\" content=\"2024-11-11T12:12:02+00:00\" \/>\n<meta property=\"og:image\" content=\"https:\/\/www.immobilienbusiness.ch\/wp-content\/uploads\/2023\/09\/POV_Sud-Est-traits-scaled.jpg\" \/>\n\t<meta property=\"og:image:width\" content=\"1200\" \/>\n\t<meta property=\"og:image:height\" content=\"794\" \/>\n\t<meta property=\"og:image:type\" content=\"image\/jpeg\" \/>\n<meta name=\"author\" content=\"anja.hall\" \/>\n<meta name=\"twitter:card\" content=\"summary_large_image\" \/>\n<script type=\"application\/ld+json\" class=\"yoast-schema-graph\">{\"@context\":\"https:\\\/\\\/schema.org\",\"@graph\":[{\"@type\":\"Article\",\"@id\":\"https:\\\/\\\/www.immobilienbusiness.ch\\\/en\\\/allgemein\\\/2023-09-12\\\/preverenges-projekt-les-pres-du-chateau-faellt-kleiner-aus\\\/#article\",\"isPartOf\":{\"@id\":\"https:\\\/\\\/www.immobilienbusiness.ch\\\/en\\\/allgemein\\\/2023-09-12\\\/preverenges-projekt-les-pres-du-chateau-faellt-kleiner-aus\\\/\"},\"author\":{\"name\":\"anja.hall\",\"@id\":\"https:\\\/\\\/www.immobilienbusiness.ch\\\/#\\\/schema\\\/person\\\/3fc036297b10b9f42d6db5ee932af8c8\"},\"headline\":\"Pr\u00e9verenges: Projekt Les Pr\u00e9s du Ch\u00e2teau f\u00e4llt kleiner aus\",\"datePublished\":\"2023-09-12T06:46:41+00:00\",\"dateModified\":\"2024-11-11T12:12:02+00:00\",\"mainEntityOfPage\":{\"@id\":\"https:\\\/\\\/www.immobilienbusiness.ch\\\/en\\\/allgemein\\\/2023-09-12\\\/preverenges-projekt-les-pres-du-chateau-faellt-kleiner-aus\\\/\"},\"wordCount\":209,\"publisher\":{\"@id\":\"https:\\\/\\\/www.immobilienbusiness.ch\\\/#organization\"},\"image\":{\"@id\":\"https:\\\/\\\/www.immobilienbusiness.ch\\\/en\\\/allgemein\\\/2023-09-12\\\/preverenges-projekt-les-pres-du-chateau-faellt-kleiner-aus\\\/#primaryimage\"},\"thumbnailUrl\":\"https:\\\/\\\/www.immobilienbusiness.ch\\\/wp-content\\\/uploads\\\/2023\\\/09\\\/POV_Sud-Est-traits-scaled.jpg\",\"keywords\":[\"Baubeginn\",\"Bebauungsplan\",\"Les Pr\u00e9s du Ch\u00e2teau\",\"Pr\u00e9verenges\",\"Wohnprojekt\"],\"articleSection\":[\"Allgemein\"],\"inLanguage\":\"fr-FR\"},{\"@type\":\"WebPage\",\"@id\":\"https:\\\/\\\/www.immobilienbusiness.ch\\\/en\\\/allgemein\\\/2023-09-12\\\/preverenges-projekt-les-pres-du-chateau-faellt-kleiner-aus\\\/\",\"url\":\"https:\\\/\\\/www.immobilienbusiness.ch\\\/en\\\/allgemein\\\/2023-09-12\\\/preverenges-projekt-les-pres-du-chateau-faellt-kleiner-aus\\\/\",\"name\":\"Pr\u00e9verenges: Projekt Les Pr\u00e9s du Ch\u00e2teau f\u00e4llt kleiner aus - IMMOBILIEN Business\",\"isPartOf\":{\"@id\":\"https:\\\/\\\/www.immobilienbusiness.ch\\\/#website\"},\"primaryImageOfPage\":{\"@id\":\"https:\\\/\\\/www.immobilienbusiness.ch\\\/en\\\/allgemein\\\/2023-09-12\\\/preverenges-projekt-les-pres-du-chateau-faellt-kleiner-aus\\\/#primaryimage\"},\"image\":{\"@id\":\"https:\\\/\\\/www.immobilienbusiness.ch\\\/en\\\/allgemein\\\/2023-09-12\\\/preverenges-projekt-les-pres-du-chateau-faellt-kleiner-aus\\\/#primaryimage\"},\"thumbnailUrl\":\"https:\\\/\\\/www.immobilienbusiness.ch\\\/wp-content\\\/uploads\\\/2023\\\/09\\\/POV_Sud-Est-traits-scaled.jpg\",\"datePublished\":\"2023-09-12T06:46:41+00:00\",\"dateModified\":\"2024-11-11T12:12:02+00:00\",\"description\":\"Das Wohnprojekt \u00abLes Pr\u00e9s du Ch\u00e2teau\u00bb in Pr\u00e9verenges umfasst 85 Wohnungen und Fl\u00e4chen f\u00fcr lokale Dienstleister. Baubeginn ist f\u00fcr 2026 geplant.\",\"breadcrumb\":{\"@id\":\"https:\\\/\\\/www.immobilienbusiness.ch\\\/en\\\/allgemein\\\/2023-09-12\\\/preverenges-projekt-les-pres-du-chateau-faellt-kleiner-aus\\\/#breadcrumb\"},\"inLanguage\":\"fr-FR\",\"potentialAction\":[{\"@type\":\"ReadAction\",\"target\":[\"https:\\\/\\\/www.immobilienbusiness.ch\\\/en\\\/allgemein\\\/2023-09-12\\\/preverenges-projekt-les-pres-du-chateau-faellt-kleiner-aus\\\/\"]}]},{\"@type\":\"ImageObject\",\"inLanguage\":\"fr-FR\",\"@id\":\"https:\\\/\\\/www.immobilienbusiness.ch\\\/en\\\/allgemein\\\/2023-09-12\\\/preverenges-projekt-les-pres-du-chateau-faellt-kleiner-aus\\\/#primaryimage\",\"url\":\"https:\\\/\\\/www.immobilienbusiness.ch\\\/wp-content\\\/uploads\\\/2023\\\/09\\\/POV_Sud-Est-traits-scaled.jpg\",\"contentUrl\":\"https:\\\/\\\/www.immobilienbusiness.ch\\\/wp-content\\\/uploads\\\/2023\\\/09\\\/POV_Sud-Est-traits-scaled.jpg\"},{\"@type\":\"BreadcrumbList\",\"@id\":\"https:\\\/\\\/www.immobilienbusiness.ch\\\/en\\\/allgemein\\\/2023-09-12\\\/preverenges-projekt-les-pres-du-chateau-faellt-kleiner-aus\\\/#breadcrumb\",\"itemListElement\":[{\"@type\":\"ListItem\",\"position\":1,\"name\":\"Home\",\"item\":\"https:\\\/\\\/www.immobilienbusiness.ch\\\/\"},{\"@type\":\"ListItem\",\"position\":2,\"name\":\"Pr\u00e9verenges: Projekt Les Pr\u00e9s du Ch\u00e2teau f\u00e4llt kleiner aus\"}]},{\"@type\":\"WebSite\",\"@id\":\"https:\\\/\\\/www.immobilienbusiness.ch\\\/#website\",\"url\":\"https:\\\/\\\/www.immobilienbusiness.ch\\\/\",\"name\":\"IMMOBILIEN Business\",\"description\":\"Unabh\u00e4ngiges Schweizer Wirtschaftsmagazin mit Fokus auf Immobilien, Architektur- und Bau sowie Investment- und Finanzierung.\",\"publisher\":{\"@id\":\"https:\\\/\\\/www.immobilienbusiness.ch\\\/#organization\"},\"potentialAction\":[{\"@type\":\"SearchAction\",\"target\":{\"@type\":\"EntryPoint\",\"urlTemplate\":\"https:\\\/\\\/www.immobilienbusiness.ch\\\/?s={search_term_string}\"},\"query-input\":{\"@type\":\"PropertyValueSpecification\",\"valueRequired\":true,\"valueName\":\"search_term_string\"}}],\"inLanguage\":\"fr-FR\"},{\"@type\":\"Organization\",\"@id\":\"https:\\\/\\\/www.immobilienbusiness.ch\\\/#organization\",\"name\":\"IMMOBILIEN Business\",\"url\":\"https:\\\/\\\/www.immobilienbusiness.ch\\\/\",\"logo\":{\"@type\":\"ImageObject\",\"inLanguage\":\"fr-FR\",\"@id\":\"https:\\\/\\\/www.immobilienbusiness.ch\\\/#\\\/schema\\\/logo\\\/image\\\/\",\"url\":\"https:\\\/\\\/www.immobilienbusiness.ch\\\/wp-content\\\/uploads\\\/2021\\\/07\\\/logo_ib.png\",\"contentUrl\":\"https:\\\/\\\/www.immobilienbusiness.ch\\\/wp-content\\\/uploads\\\/2021\\\/07\\\/logo_ib.png\",\"width\":800,\"height\":181,\"caption\":\"IMMOBILIEN Business\"},\"image\":{\"@id\":\"https:\\\/\\\/www.immobilienbusiness.ch\\\/#\\\/schema\\\/logo\\\/image\\\/\"},\"sameAs\":[\"https:\\\/\\\/www.facebook.com\\\/immobilienbusiness\\\/\"]},{\"@type\":\"Person\",\"@id\":\"https:\\\/\\\/www.immobilienbusiness.ch\\\/#\\\/schema\\\/person\\\/3fc036297b10b9f42d6db5ee932af8c8\",\"name\":\"anja.hall\",\"image\":{\"@type\":\"ImageObject\",\"inLanguage\":\"fr-FR\",\"@id\":\"https:\\\/\\\/secure.gravatar.com\\\/avatar\\\/066b5a0d447013502c71a5782f4f3469f03cfe595cc2329fb94652fe47511bfb?s=96&d=mm&r=g\",\"url\":\"https:\\\/\\\/secure.gravatar.com\\\/avatar\\\/066b5a0d447013502c71a5782f4f3469f03cfe595cc2329fb94652fe47511bfb?s=96&d=mm&r=g\",\"contentUrl\":\"https:\\\/\\\/secure.gravatar.com\\\/avatar\\\/066b5a0d447013502c71a5782f4f3469f03cfe595cc2329fb94652fe47511bfb?s=96&d=mm&r=g\",\"caption\":\"anja.hall\"},\"url\":\"https:\\\/\\\/www.immobilienbusiness.ch\\\/fr\\\/author\\\/anja-hall\\\/\"}]}<\/script>\n<!-- \/ Yoast SEO plugin. -->","yoast_head_json":{"title":"Pr\u00e9verenges: Projekt Les Pr\u00e9s du Ch\u00e2teau f\u00e4llt kleiner aus - IMMOBILIEN Business","description":"Das Wohnprojekt \u00abLes Pr\u00e9s du Ch\u00e2teau\u00bb in Pr\u00e9verenges umfasst 85 Wohnungen und Fl\u00e4chen f\u00fcr lokale Dienstleister. Baubeginn ist f\u00fcr 2026 geplant.","robots":{"index":"index","follow":"follow","max-snippet":"max-snippet:-1","max-image-preview":"max-image-preview:large","max-video-preview":"max-video-preview:-1"},"canonical":"https:\/\/www.immobilienbusiness.ch\/fr\/allgemein\/2023-09-12\/preverenges-projekt-les-pres-du-chateau-faellt-kleiner-aus\/","og_locale":"fr_FR","og_type":"article","og_title":"Pr\u00e9verenges: Projekt Les Pr\u00e9s du Ch\u00e2teau f\u00e4llt kleiner aus - IMMOBILIEN Business","og_description":"Das Wohnprojekt \u00abLes Pr\u00e9s du Ch\u00e2teau\u00bb in Pr\u00e9verenges umfasst 85 Wohnungen und Fl\u00e4chen f\u00fcr lokale Dienstleister. Baubeginn ist f\u00fcr 2026 geplant.","og_url":"https:\/\/www.immobilienbusiness.ch\/fr\/allgemein\/2023-09-12\/preverenges-projekt-les-pres-du-chateau-faellt-kleiner-aus\/","og_site_name":"IMMOBILIEN Business","article_publisher":"https:\/\/www.facebook.com\/immobilienbusiness\/","article_published_time":"2023-09-12T06:46:41+00:00","article_modified_time":"2024-11-11T12:12:02+00:00","og_image":[{"width":1200,"height":794,"url":"https:\/\/www.immobilienbusiness.ch\/wp-content\/uploads\/2023\/09\/POV_Sud-Est-traits-scaled.jpg","type":"image\/jpeg"}],"author":"anja.hall","twitter_card":"summary_large_image","schema":{"@context":"https:\/\/schema.org","@graph":[{"@type":"Article","@id":"https:\/\/www.immobilienbusiness.ch\/en\/allgemein\/2023-09-12\/preverenges-projekt-les-pres-du-chateau-faellt-kleiner-aus\/#article","isPartOf":{"@id":"https:\/\/www.immobilienbusiness.ch\/en\/allgemein\/2023-09-12\/preverenges-projekt-les-pres-du-chateau-faellt-kleiner-aus\/"},"author":{"name":"anja.hall","@id":"https:\/\/www.immobilienbusiness.ch\/#\/schema\/person\/3fc036297b10b9f42d6db5ee932af8c8"},"headline":"Pr\u00e9verenges: Projekt Les Pr\u00e9s du Ch\u00e2teau f\u00e4llt kleiner aus","datePublished":"2023-09-12T06:46:41+00:00","dateModified":"2024-11-11T12:12:02+00:00","mainEntityOfPage":{"@id":"https:\/\/www.immobilienbusiness.ch\/en\/allgemein\/2023-09-12\/preverenges-projekt-les-pres-du-chateau-faellt-kleiner-aus\/"},"wordCount":209,"publisher":{"@id":"https:\/\/www.immobilienbusiness.ch\/#organization"},"image":{"@id":"https:\/\/www.immobilienbusiness.ch\/en\/allgemein\/2023-09-12\/preverenges-projekt-les-pres-du-chateau-faellt-kleiner-aus\/#primaryimage"},"thumbnailUrl":"https:\/\/www.immobilienbusiness.ch\/wp-content\/uploads\/2023\/09\/POV_Sud-Est-traits-scaled.jpg","keywords":["Baubeginn","Bebauungsplan","Les Pr\u00e9s du Ch\u00e2teau","Pr\u00e9verenges","Wohnprojekt"],"articleSection":["Allgemein"],"inLanguage":"fr-FR"},{"@type":"WebPage","@id":"https:\/\/www.immobilienbusiness.ch\/en\/allgemein\/2023-09-12\/preverenges-projekt-les-pres-du-chateau-faellt-kleiner-aus\/","url":"https:\/\/www.immobilienbusiness.ch\/en\/allgemein\/2023-09-12\/preverenges-projekt-les-pres-du-chateau-faellt-kleiner-aus\/","name":"Pr\u00e9verenges: Projekt Les Pr\u00e9s du Ch\u00e2teau f\u00e4llt kleiner aus - IMMOBILIEN Business","isPartOf":{"@id":"https:\/\/www.immobilienbusiness.ch\/#website"},"primaryImageOfPage":{"@id":"https:\/\/www.immobilienbusiness.ch\/en\/allgemein\/2023-09-12\/preverenges-projekt-les-pres-du-chateau-faellt-kleiner-aus\/#primaryimage"},"image":{"@id":"https:\/\/www.immobilienbusiness.ch\/en\/allgemein\/2023-09-12\/preverenges-projekt-les-pres-du-chateau-faellt-kleiner-aus\/#primaryimage"},"thumbnailUrl":"https:\/\/www.immobilienbusiness.ch\/wp-content\/uploads\/2023\/09\/POV_Sud-Est-traits-scaled.jpg","datePublished":"2023-09-12T06:46:41+00:00","dateModified":"2024-11-11T12:12:02+00:00","description":"Das Wohnprojekt \u00abLes Pr\u00e9s du Ch\u00e2teau\u00bb in Pr\u00e9verenges umfasst 85 Wohnungen und Fl\u00e4chen f\u00fcr lokale Dienstleister. Baubeginn ist f\u00fcr 2026 geplant.","breadcrumb":{"@id":"https:\/\/www.immobilienbusiness.ch\/en\/allgemein\/2023-09-12\/preverenges-projekt-les-pres-du-chateau-faellt-kleiner-aus\/#breadcrumb"},"inLanguage":"fr-FR","potentialAction":[{"@type":"ReadAction","target":["https:\/\/www.immobilienbusiness.ch\/en\/allgemein\/2023-09-12\/preverenges-projekt-les-pres-du-chateau-faellt-kleiner-aus\/"]}]},{"@type":"ImageObject","inLanguage":"fr-FR","@id":"https:\/\/www.immobilienbusiness.ch\/en\/allgemein\/2023-09-12\/preverenges-projekt-les-pres-du-chateau-faellt-kleiner-aus\/#primaryimage","url":"https:\/\/www.immobilienbusiness.ch\/wp-content\/uploads\/2023\/09\/POV_Sud-Est-traits-scaled.jpg","contentUrl":"https:\/\/www.immobilienbusiness.ch\/wp-content\/uploads\/2023\/09\/POV_Sud-Est-traits-scaled.jpg"},{"@type":"BreadcrumbList","@id":"https:\/\/www.immobilienbusiness.ch\/en\/allgemein\/2023-09-12\/preverenges-projekt-les-pres-du-chateau-faellt-kleiner-aus\/#breadcrumb","itemListElement":[{"@type":"ListItem","position":1,"name":"Home","item":"https:\/\/www.immobilienbusiness.ch\/"},{"@type":"ListItem","position":2,"name":"Pr\u00e9verenges: Projekt Les Pr\u00e9s du Ch\u00e2teau f\u00e4llt kleiner aus"}]},{"@type":"WebSite","@id":"https:\/\/www.immobilienbusiness.ch\/#website","url":"https:\/\/www.immobilienbusiness.ch\/","name":"IMMOBILIER Business","description":"Magazine \u00e9conomique suisse ind\u00e9pendant ax\u00e9 sur l'immobilier, l'architecture et la construction ainsi que sur les investissements et le financement.","publisher":{"@id":"https:\/\/www.immobilienbusiness.ch\/#organization"},"potentialAction":[{"@type":"SearchAction","target":{"@type":"EntryPoint","urlTemplate":"https:\/\/www.immobilienbusiness.ch\/?s={search_term_string}"},"query-input":{"@type":"PropertyValueSpecification","valueRequired":true,"valueName":"search_term_string"}}],"inLanguage":"fr-FR"},{"@type":"Organization","@id":"https:\/\/www.immobilienbusiness.ch\/#organization","name":"IMMOBILIER Business","url":"https:\/\/www.immobilienbusiness.ch\/","logo":{"@type":"ImageObject","inLanguage":"fr-FR","@id":"https:\/\/www.immobilienbusiness.ch\/#\/schema\/logo\/image\/","url":"https:\/\/www.immobilienbusiness.ch\/wp-content\/uploads\/2021\/07\/logo_ib.png","contentUrl":"https:\/\/www.immobilienbusiness.ch\/wp-content\/uploads\/2021\/07\/logo_ib.png","width":800,"height":181,"caption":"IMMOBILIEN Business"},"image":{"@id":"https:\/\/www.immobilienbusiness.ch\/#\/schema\/logo\/image\/"},"sameAs":["https:\/\/www.facebook.com\/immobilienbusiness\/"]},{"@type":"Person","@id":"https:\/\/www.immobilienbusiness.ch\/#\/schema\/person\/3fc036297b10b9f42d6db5ee932af8c8","name":"anja.hall","image":{"@type":"ImageObject","inLanguage":"fr-FR","@id":"https:\/\/secure.gravatar.com\/avatar\/066b5a0d447013502c71a5782f4f3469f03cfe595cc2329fb94652fe47511bfb?s=96&d=mm&r=g","url":"https:\/\/secure.gravatar.com\/avatar\/066b5a0d447013502c71a5782f4f3469f03cfe595cc2329fb94652fe47511bfb?s=96&d=mm&r=g","contentUrl":"https:\/\/secure.gravatar.com\/avatar\/066b5a0d447013502c71a5782f4f3469f03cfe595cc2329fb94652fe47511bfb?s=96&d=mm&r=g","caption":"anja.hall"},"url":"https:\/\/www.immobilienbusiness.ch\/fr\/author\/anja-hall\/"}]}},"_links":{"self":[{"href":"https:\/\/www.immobilienbusiness.ch\/fr\/wp-json\/wp\/v2\/posts\/53232","targetHints":{"allow":["GET"]}}],"collection":[{"href":"https:\/\/www.immobilienbusiness.ch\/fr\/wp-json\/wp\/v2\/posts"}],"about":[{"href":"https:\/\/www.immobilienbusiness.ch\/fr\/wp-json\/wp\/v2\/types\/post"}],"author":[{"embeddable":true,"href":"https:\/\/www.immobilienbusiness.ch\/fr\/wp-json\/wp\/v2\/users\/3"}],"replies":[{"embeddable":true,"href":"https:\/\/www.immobilienbusiness.ch\/fr\/wp-json\/wp\/v2\/comments?post=53232"}],"version-history":[{"count":4,"href":"https:\/\/www.immobilienbusiness.ch\/fr\/wp-json\/wp\/v2\/posts\/53232\/revisions"}],"predecessor-version":[{"id":59005,"href":"https:\/\/www.immobilienbusiness.ch\/fr\/wp-json\/wp\/v2\/posts\/53232\/revisions\/59005"}],"wp:attachment":[{"href":"https:\/\/www.immobilienbusiness.ch\/fr\/wp-json\/wp\/v2\/media?parent=53232"}],"wp:term":[{"taxonomy":"category","embeddable":true,"href":"https:\/\/www.immobilienbusiness.ch\/fr\/wp-json\/wp\/v2\/categories?post=53232"},{"taxonomy":"post_tag","embeddable":true,"href":"https:\/\/www.immobilienbusiness.ch\/fr\/wp-json\/wp\/v2\/tags?post=53232"}],"curies":[{"name":"wp","href":"https:\/\/api.w.org\/{rel}","templated":true}]}}