{"id":53147,"date":"2023-09-05T08:45:22","date_gmt":"2023-09-05T06:45:22","guid":{"rendered":"https:\/\/www.immobilienbusiness.ch\/?p=53147"},"modified":"2023-09-06T12:25:11","modified_gmt":"2023-09-06T10:25:11","slug":"immofonds-gewinn-faellt-wegen-tieferer-bewertungsgewinne","status":"publish","type":"post","link":"https:\/\/www.immobilienbusiness.ch\/fr\/unternehmen\/2023-09-05\/immofonds-gewinn-faellt-wegen-tieferer-bewertungsgewinne\/","title":{"rendered":"Immofonds : le b\u00e9n\u00e9fice baisse en raison d'une r\u00e9\u00e9valuation plus faible"},"content":{"rendered":"<figure id=\"attachment_21746\" aria-describedby=\"caption-attachment-21746\" style=\"width: 1280px\" class=\"wp-caption alignnone\"><a href=\"https:\/\/www.immobilienbusiness.ch\/wp-content\/uploads\/2020\/07\/Wankdorf.jpg\"><img loading=\"lazy\" decoding=\"async\" class=\"size-full wp-image-21746\" src=\"https:\/\/www.immobilienbusiness.ch\/wp-content\/uploads\/2020\/07\/Wankdorf.jpg\" alt=\"\" width=\"1280\" height=\"853\" srcset=\"https:\/\/www.immobilienbusiness.ch\/wp-content\/uploads\/2020\/07\/Wankdorf.jpg 1280w, https:\/\/www.immobilienbusiness.ch\/wp-content\/uploads\/2020\/07\/Wankdorf-300x200.jpg 300w, https:\/\/www.immobilienbusiness.ch\/wp-content\/uploads\/2020\/07\/Wankdorf-1024x682.jpg 1024w, https:\/\/www.immobilienbusiness.ch\/wp-content\/uploads\/2020\/07\/Wankdorf-768x512.jpg 768w, https:\/\/www.immobilienbusiness.ch\/wp-content\/uploads\/2020\/07\/Wankdorf-16x12.jpg 16w, https:\/\/www.immobilienbusiness.ch\/wp-content\/uploads\/2020\/07\/Wankdorf-263x175.jpg 263w, https:\/\/www.immobilienbusiness.ch\/wp-content\/uploads\/2020\/07\/Wankdorf-525x350.jpg 525w, https:\/\/www.immobilienbusiness.ch\/wp-content\/uploads\/2020\/07\/Wankdorf-1200x800.jpg 1200w, https:\/\/www.immobilienbusiness.ch\/wp-content\/uploads\/2020\/07\/Wankdorf-920x613.jpg 920w\" sizes=\"auto, (max-width: 1280px) 100vw, 1280px\" \/><\/a><figcaption id=\"caption-attachment-21746\" class=\"wp-caption-text\">Le projet de construction Wankdorfcity 3 fait partie des grands projets du fonds (photo : Immofonds)<\/figcaption><\/figure>\n<p>Au cours de l'exercice 2022\/2023, l'Immofonds a augment\u00e9 ses revenus locatifs de 3,1% \u00e0 83,2 millions de CHF. La valeur de march\u00e9 des immeubles a augment\u00e9 de 9,3% pour atteindre 2,2 milliards de CHF. En revanche, les revenus nets ont diminu\u00e9 de 2,7% pour atteindre 47,5 millions de CHF. \"La bonne performance op\u00e9rationnelle permet une distribution inchang\u00e9e de 13,50 par part\", fait savoir la direction du fonds. \"Nous avons r\u00e9alis\u00e9 beaucoup de choses au cours d'une ann\u00e9e riche en \u00e9v\u00e9nements et obtenu un bon r\u00e9sultat op\u00e9rationnel\", d\u00e9clare Gabriela Theus, directrice d'Immofonds Asset Management AG. Mais les d\u00e9fis ont \u00e9galement augment\u00e9, ajoute Theus. Les hausses des taux d'int\u00e9r\u00eat p\u00e8sent sur les marges.<\/p>\n<p>L'augmentation des revenus locatifs est due non seulement \u00e0 l'expansion du portefeuille, mais aussi aux investissements dans des projets. Le taux de d\u00e9faillance des loyers a baiss\u00e9 de 2,5 \u00e0 2%.  Les charges immobili\u00e8res se sont situ\u00e9es juste au niveau de l'ann\u00e9e pr\u00e9c\u00e9dente. En raison de l'augmentation des co\u00fbts de financement et des frais de gestion du patrimoine, le revenu net a diminu\u00e9. L'exercice cl\u00f4tur\u00e9 a \u00e9galement connu des gains en capital non r\u00e9alis\u00e9s, qui ont toutefois diminu\u00e9 par rapport \u00e0 l'ann\u00e9e pr\u00e9c\u00e9dente, passant de 99,1 millions \u00e0 37,4 millions de CHF. En raison de la revalorisation plus faible, le r\u00e9sultat total a presque diminu\u00e9 de moiti\u00e9, passant de 151,6 millions \u00e0 87,1 millions de CHF.<\/p>\n<h3>\"Pipeline de d\u00e9veloppement bien rempli\"<\/h3>\n<p>A Gen\u00e8ve, un immeuble du centre comprenant des surfaces de vente et de bureaux ainsi que des appartements a \u00e9t\u00e9 achet\u00e9, de m\u00eame qu'un immeuble d'habitation dans le quartier de Champel. A Opfikon, l'Immofonds a arrondi un petit immeuble d'habitation avec surface commerciale qui se trouve dans le p\u00e9rim\u00e8tre du plan d'am\u00e9nagement priv\u00e9 \"Glatthof\". Le dernier ajout est un immeuble commercial acquis \u00e0 Zurich avec environ 8 600 m\u00b2 de bureaux et de surfaces commerciales et \"un potentiel d'extension consid\u00e9rable\". \"Notre pipeline de d\u00e9veloppement interne est bien rempli\", d\u00e9clare Theus. Le plus grand projet, Wankdorfcity 3 \u00e0 Berne, est entr\u00e9 dans sa phase de r\u00e9alisation avec le lancement de la construction d'un immeuble de services. <a href=\"https:\/\/www.immobilienbusiness.ch\/fr\/regionen\/2023-06-27\/bern-baustart-in-wankdorf-city-3\/\" target=\"_blank\" rel=\"noopener\">(IB a rapport\u00e9)<\/a>.<\/p>\n<h3>Performance positive<\/h3>\n<p>Le cours de bourse du fonds immobilier a augment\u00e9 de 3,8% au cours de l'exercice pour atteindre 540 CHF, alors que l'indice de r\u00e9f\u00e9rence SWIIP a recul\u00e9 de 3,4%. Les investisseurs ont r\u00e9alis\u00e9 une performance de 6,5% avec leurs parts. Pour l'exercice en cours, le fonds immobilier s'attend \u00e0 une \"croissance mod\u00e9r\u00e9e des revenus locatifs\". Dans l'ensemble, le fonds est \"solidement orient\u00e9\". <em>(aw)<\/em><\/p>","protected":false},"excerpt":{"rendered":"<p>Au cours de l'exercice \u00e9coul\u00e9, le fonds immobilier a revaloris\u00e9 ses biens immobiliers de 37,4 millions de CHF. Comme il y en avait eu nettement plus l'ann\u00e9e pr\u00e9c\u00e9dente, le r\u00e9sultat global est d\u00e9sormais plus faible.<\/p>","protected":false},"author":102,"featured_media":21746,"comment_status":"closed","ping_status":"closed","sticky":false,"template":"","format":"standard","meta":{"_acf_changed":false,"_yoast_wpseo_focuskw":"Immofonds","_yoast_wpseo_title":"","_yoast_wpseo_metadesc":"","_yoast_wpseo_linkdex":62,"pgc_sgb_lightbox_settings":"","footnotes":""},"categories":[988],"tags":[1344,1357,1389],"class_list":["post-53147","post","type-post","status-publish","format-standard","has-post-thumbnail","hentry","category-unternehmen","tag-immobilienfonds","tag-immofonds","tag-jahresergebnis"],"acf":[],"yoast_head":"<!-- This site is optimized with the Yoast SEO plugin v27.4 - https:\/\/yoast.com\/product\/yoast-seo-wordpress\/ -->\n<title>Immofonds: Gewinn f\u00e4llt wegen tieferer Aufwertung - IMMOBILIEN Business<\/title>\n<meta name=\"robots\" content=\"index, follow, max-snippet:-1, max-image-preview:large, max-video-preview:-1\" \/>\n<link rel=\"canonical\" href=\"https:\/\/www.immobilienbusiness.ch\/fr\/unternehmen\/2023-09-05\/immofonds-gewinn-faellt-wegen-tieferer-bewertungsgewinne\/\" \/>\n<meta property=\"og:locale\" content=\"fr_FR\" \/>\n<meta property=\"og:type\" content=\"article\" \/>\n<meta property=\"og:title\" content=\"Immofonds: Gewinn f\u00e4llt wegen tieferer Aufwertung - IMMOBILIEN Business\" \/>\n<meta property=\"og:description\" content=\"Der Immofonds hat im abgelaufenen Gesch\u00e4ftsjahr seine Immobilien um 37,4 Mio. CHF aufgewertet. Weil es im Vorjahr deutlich mehr war, f\u00e4llt der Gesamterfolg nun schmaler aus.\" \/>\n<meta property=\"og:url\" content=\"https:\/\/www.immobilienbusiness.ch\/fr\/unternehmen\/2023-09-05\/immofonds-gewinn-faellt-wegen-tieferer-bewertungsgewinne\/\" \/>\n<meta property=\"og:site_name\" content=\"IMMOBILIEN Business\" \/>\n<meta property=\"article:publisher\" content=\"https:\/\/www.facebook.com\/immobilienbusiness\/\" \/>\n<meta property=\"article:published_time\" content=\"2023-09-05T06:45:22+00:00\" \/>\n<meta property=\"article:modified_time\" content=\"2023-09-06T10:25:11+00:00\" \/>\n<meta property=\"og:image\" content=\"https:\/\/www.immobilienbusiness.ch\/wp-content\/uploads\/2020\/07\/Wankdorf.jpg\" \/>\n\t<meta property=\"og:image:width\" content=\"1280\" \/>\n\t<meta property=\"og:image:height\" content=\"853\" \/>\n\t<meta property=\"og:image:type\" content=\"image\/jpeg\" \/>\n<meta name=\"author\" content=\"Alexander Wachter\" \/>\n<meta name=\"twitter:card\" content=\"summary_large_image\" \/>\n<script type=\"application\/ld+json\" class=\"yoast-schema-graph\">{\"@context\":\"https:\\\/\\\/schema.org\",\"@graph\":[{\"@type\":\"Article\",\"@id\":\"https:\\\/\\\/www.immobilienbusiness.ch\\\/de\\\/unternehmen\\\/2023-09-05\\\/immofonds-gewinn-faellt-wegen-tieferer-bewertungsgewinne\\\/#article\",\"isPartOf\":{\"@id\":\"https:\\\/\\\/www.immobilienbusiness.ch\\\/de\\\/unternehmen\\\/2023-09-05\\\/immofonds-gewinn-faellt-wegen-tieferer-bewertungsgewinne\\\/\"},\"author\":{\"name\":\"Alexander Wachter\",\"@id\":\"https:\\\/\\\/www.immobilienbusiness.ch\\\/#\\\/schema\\\/person\\\/aba8bea2db926aa0c24c08c43fe1fcd5\"},\"headline\":\"Immofonds: Gewinn f\u00e4llt wegen tieferer Aufwertung\",\"datePublished\":\"2023-09-05T06:45:22+00:00\",\"dateModified\":\"2023-09-06T10:25:11+00:00\",\"mainEntityOfPage\":{\"@id\":\"https:\\\/\\\/www.immobilienbusiness.ch\\\/de\\\/unternehmen\\\/2023-09-05\\\/immofonds-gewinn-faellt-wegen-tieferer-bewertungsgewinne\\\/\"},\"wordCount\":352,\"publisher\":{\"@id\":\"https:\\\/\\\/www.immobilienbusiness.ch\\\/#organization\"},\"image\":{\"@id\":\"https:\\\/\\\/www.immobilienbusiness.ch\\\/de\\\/unternehmen\\\/2023-09-05\\\/immofonds-gewinn-faellt-wegen-tieferer-bewertungsgewinne\\\/#primaryimage\"},\"thumbnailUrl\":\"https:\\\/\\\/www.immobilienbusiness.ch\\\/wp-content\\\/uploads\\\/2020\\\/07\\\/Wankdorf.jpg\",\"keywords\":[\"Immobilienfonds\",\"Immofonds\",\"Jahresergebnis\"],\"articleSection\":[\"UNTERNEHMEN\"],\"inLanguage\":\"fr-FR\"},{\"@type\":\"WebPage\",\"@id\":\"https:\\\/\\\/www.immobilienbusiness.ch\\\/de\\\/unternehmen\\\/2023-09-05\\\/immofonds-gewinn-faellt-wegen-tieferer-bewertungsgewinne\\\/\",\"url\":\"https:\\\/\\\/www.immobilienbusiness.ch\\\/de\\\/unternehmen\\\/2023-09-05\\\/immofonds-gewinn-faellt-wegen-tieferer-bewertungsgewinne\\\/\",\"name\":\"Immofonds: Gewinn f\u00e4llt wegen tieferer Aufwertung - IMMOBILIEN Business\",\"isPartOf\":{\"@id\":\"https:\\\/\\\/www.immobilienbusiness.ch\\\/#website\"},\"primaryImageOfPage\":{\"@id\":\"https:\\\/\\\/www.immobilienbusiness.ch\\\/de\\\/unternehmen\\\/2023-09-05\\\/immofonds-gewinn-faellt-wegen-tieferer-bewertungsgewinne\\\/#primaryimage\"},\"image\":{\"@id\":\"https:\\\/\\\/www.immobilienbusiness.ch\\\/de\\\/unternehmen\\\/2023-09-05\\\/immofonds-gewinn-faellt-wegen-tieferer-bewertungsgewinne\\\/#primaryimage\"},\"thumbnailUrl\":\"https:\\\/\\\/www.immobilienbusiness.ch\\\/wp-content\\\/uploads\\\/2020\\\/07\\\/Wankdorf.jpg\",\"datePublished\":\"2023-09-05T06:45:22+00:00\",\"dateModified\":\"2023-09-06T10:25:11+00:00\",\"breadcrumb\":{\"@id\":\"https:\\\/\\\/www.immobilienbusiness.ch\\\/de\\\/unternehmen\\\/2023-09-05\\\/immofonds-gewinn-faellt-wegen-tieferer-bewertungsgewinne\\\/#breadcrumb\"},\"inLanguage\":\"fr-FR\",\"potentialAction\":[{\"@type\":\"ReadAction\",\"target\":[\"https:\\\/\\\/www.immobilienbusiness.ch\\\/de\\\/unternehmen\\\/2023-09-05\\\/immofonds-gewinn-faellt-wegen-tieferer-bewertungsgewinne\\\/\"]}]},{\"@type\":\"ImageObject\",\"inLanguage\":\"fr-FR\",\"@id\":\"https:\\\/\\\/www.immobilienbusiness.ch\\\/de\\\/unternehmen\\\/2023-09-05\\\/immofonds-gewinn-faellt-wegen-tieferer-bewertungsgewinne\\\/#primaryimage\",\"url\":\"https:\\\/\\\/www.immobilienbusiness.ch\\\/wp-content\\\/uploads\\\/2020\\\/07\\\/Wankdorf.jpg\",\"contentUrl\":\"https:\\\/\\\/www.immobilienbusiness.ch\\\/wp-content\\\/uploads\\\/2020\\\/07\\\/Wankdorf.jpg\",\"width\":1280,\"height\":853,\"caption\":\"Das Bauprojekt Wankdorfcity3 geh\u00f6rt zu den grossen Projekten des Fonds (Bild: Immofonds)\"},{\"@type\":\"BreadcrumbList\",\"@id\":\"https:\\\/\\\/www.immobilienbusiness.ch\\\/de\\\/unternehmen\\\/2023-09-05\\\/immofonds-gewinn-faellt-wegen-tieferer-bewertungsgewinne\\\/#breadcrumb\",\"itemListElement\":[{\"@type\":\"ListItem\",\"position\":1,\"name\":\"Home\",\"item\":\"https:\\\/\\\/www.immobilienbusiness.ch\\\/\"},{\"@type\":\"ListItem\",\"position\":2,\"name\":\"Immofonds: Gewinn f\u00e4llt wegen tieferer Aufwertung\"}]},{\"@type\":\"WebSite\",\"@id\":\"https:\\\/\\\/www.immobilienbusiness.ch\\\/#website\",\"url\":\"https:\\\/\\\/www.immobilienbusiness.ch\\\/\",\"name\":\"IMMOBILIEN Business\",\"description\":\"Unabh\u00e4ngiges Schweizer Wirtschaftsmagazin mit Fokus auf Immobilien, Architektur- und Bau sowie Investment- und Finanzierung.\",\"publisher\":{\"@id\":\"https:\\\/\\\/www.immobilienbusiness.ch\\\/#organization\"},\"potentialAction\":[{\"@type\":\"SearchAction\",\"target\":{\"@type\":\"EntryPoint\",\"urlTemplate\":\"https:\\\/\\\/www.immobilienbusiness.ch\\\/?s={search_term_string}\"},\"query-input\":{\"@type\":\"PropertyValueSpecification\",\"valueRequired\":true,\"valueName\":\"search_term_string\"}}],\"inLanguage\":\"fr-FR\"},{\"@type\":\"Organization\",\"@id\":\"https:\\\/\\\/www.immobilienbusiness.ch\\\/#organization\",\"name\":\"IMMOBILIEN Business\",\"url\":\"https:\\\/\\\/www.immobilienbusiness.ch\\\/\",\"logo\":{\"@type\":\"ImageObject\",\"inLanguage\":\"fr-FR\",\"@id\":\"https:\\\/\\\/www.immobilienbusiness.ch\\\/#\\\/schema\\\/logo\\\/image\\\/\",\"url\":\"https:\\\/\\\/www.immobilienbusiness.ch\\\/wp-content\\\/uploads\\\/2021\\\/07\\\/logo_ib.png\",\"contentUrl\":\"https:\\\/\\\/www.immobilienbusiness.ch\\\/wp-content\\\/uploads\\\/2021\\\/07\\\/logo_ib.png\",\"width\":800,\"height\":181,\"caption\":\"IMMOBILIEN Business\"},\"image\":{\"@id\":\"https:\\\/\\\/www.immobilienbusiness.ch\\\/#\\\/schema\\\/logo\\\/image\\\/\"},\"sameAs\":[\"https:\\\/\\\/www.facebook.com\\\/immobilienbusiness\\\/\"]},{\"@type\":\"Person\",\"@id\":\"https:\\\/\\\/www.immobilienbusiness.ch\\\/#\\\/schema\\\/person\\\/aba8bea2db926aa0c24c08c43fe1fcd5\",\"name\":\"Alexander Wachter\",\"image\":{\"@type\":\"ImageObject\",\"inLanguage\":\"fr-FR\",\"@id\":\"https:\\\/\\\/secure.gravatar.com\\\/avatar\\\/1a09e471f5389b0e0a6416eac287e0927c7c97a7b77f9e787eba3af7aee281dd?s=96&d=mm&r=g\",\"url\":\"https:\\\/\\\/secure.gravatar.com\\\/avatar\\\/1a09e471f5389b0e0a6416eac287e0927c7c97a7b77f9e787eba3af7aee281dd?s=96&d=mm&r=g\",\"contentUrl\":\"https:\\\/\\\/secure.gravatar.com\\\/avatar\\\/1a09e471f5389b0e0a6416eac287e0927c7c97a7b77f9e787eba3af7aee281dd?s=96&d=mm&r=g\",\"caption\":\"Alexander Wachter\"},\"url\":\"https:\\\/\\\/www.immobilienbusiness.ch\\\/fr\\\/author\\\/alexander-wachter\\\/\"}]}<\/script>\n<!-- \/ Yoast SEO plugin. -->","yoast_head_json":{"title":"Immofonds: Gewinn f\u00e4llt wegen tieferer Aufwertung - IMMOBILIEN Business","robots":{"index":"index","follow":"follow","max-snippet":"max-snippet:-1","max-image-preview":"max-image-preview:large","max-video-preview":"max-video-preview:-1"},"canonical":"https:\/\/www.immobilienbusiness.ch\/fr\/unternehmen\/2023-09-05\/immofonds-gewinn-faellt-wegen-tieferer-bewertungsgewinne\/","og_locale":"fr_FR","og_type":"article","og_title":"Immofonds: Gewinn f\u00e4llt wegen tieferer Aufwertung - IMMOBILIEN Business","og_description":"Der Immofonds hat im abgelaufenen Gesch\u00e4ftsjahr seine Immobilien um 37,4 Mio. CHF aufgewertet. Weil es im Vorjahr deutlich mehr war, f\u00e4llt der Gesamterfolg nun schmaler aus.","og_url":"https:\/\/www.immobilienbusiness.ch\/fr\/unternehmen\/2023-09-05\/immofonds-gewinn-faellt-wegen-tieferer-bewertungsgewinne\/","og_site_name":"IMMOBILIEN Business","article_publisher":"https:\/\/www.facebook.com\/immobilienbusiness\/","article_published_time":"2023-09-05T06:45:22+00:00","article_modified_time":"2023-09-06T10:25:11+00:00","og_image":[{"width":1280,"height":853,"url":"https:\/\/www.immobilienbusiness.ch\/wp-content\/uploads\/2020\/07\/Wankdorf.jpg","type":"image\/jpeg"}],"author":"Alexander Wachter","twitter_card":"summary_large_image","schema":{"@context":"https:\/\/schema.org","@graph":[{"@type":"Article","@id":"https:\/\/www.immobilienbusiness.ch\/de\/unternehmen\/2023-09-05\/immofonds-gewinn-faellt-wegen-tieferer-bewertungsgewinne\/#article","isPartOf":{"@id":"https:\/\/www.immobilienbusiness.ch\/de\/unternehmen\/2023-09-05\/immofonds-gewinn-faellt-wegen-tieferer-bewertungsgewinne\/"},"author":{"name":"Alexander Wachter","@id":"https:\/\/www.immobilienbusiness.ch\/#\/schema\/person\/aba8bea2db926aa0c24c08c43fe1fcd5"},"headline":"Immofonds: Gewinn f\u00e4llt wegen tieferer Aufwertung","datePublished":"2023-09-05T06:45:22+00:00","dateModified":"2023-09-06T10:25:11+00:00","mainEntityOfPage":{"@id":"https:\/\/www.immobilienbusiness.ch\/de\/unternehmen\/2023-09-05\/immofonds-gewinn-faellt-wegen-tieferer-bewertungsgewinne\/"},"wordCount":352,"publisher":{"@id":"https:\/\/www.immobilienbusiness.ch\/#organization"},"image":{"@id":"https:\/\/www.immobilienbusiness.ch\/de\/unternehmen\/2023-09-05\/immofonds-gewinn-faellt-wegen-tieferer-bewertungsgewinne\/#primaryimage"},"thumbnailUrl":"https:\/\/www.immobilienbusiness.ch\/wp-content\/uploads\/2020\/07\/Wankdorf.jpg","keywords":["Immobilienfonds","Immofonds","Jahresergebnis"],"articleSection":["UNTERNEHMEN"],"inLanguage":"fr-FR"},{"@type":"WebPage","@id":"https:\/\/www.immobilienbusiness.ch\/de\/unternehmen\/2023-09-05\/immofonds-gewinn-faellt-wegen-tieferer-bewertungsgewinne\/","url":"https:\/\/www.immobilienbusiness.ch\/de\/unternehmen\/2023-09-05\/immofonds-gewinn-faellt-wegen-tieferer-bewertungsgewinne\/","name":"Immofonds: Gewinn f\u00e4llt wegen tieferer Aufwertung - IMMOBILIEN Business","isPartOf":{"@id":"https:\/\/www.immobilienbusiness.ch\/#website"},"primaryImageOfPage":{"@id":"https:\/\/www.immobilienbusiness.ch\/de\/unternehmen\/2023-09-05\/immofonds-gewinn-faellt-wegen-tieferer-bewertungsgewinne\/#primaryimage"},"image":{"@id":"https:\/\/www.immobilienbusiness.ch\/de\/unternehmen\/2023-09-05\/immofonds-gewinn-faellt-wegen-tieferer-bewertungsgewinne\/#primaryimage"},"thumbnailUrl":"https:\/\/www.immobilienbusiness.ch\/wp-content\/uploads\/2020\/07\/Wankdorf.jpg","datePublished":"2023-09-05T06:45:22+00:00","dateModified":"2023-09-06T10:25:11+00:00","breadcrumb":{"@id":"https:\/\/www.immobilienbusiness.ch\/de\/unternehmen\/2023-09-05\/immofonds-gewinn-faellt-wegen-tieferer-bewertungsgewinne\/#breadcrumb"},"inLanguage":"fr-FR","potentialAction":[{"@type":"ReadAction","target":["https:\/\/www.immobilienbusiness.ch\/de\/unternehmen\/2023-09-05\/immofonds-gewinn-faellt-wegen-tieferer-bewertungsgewinne\/"]}]},{"@type":"ImageObject","inLanguage":"fr-FR","@id":"https:\/\/www.immobilienbusiness.ch\/de\/unternehmen\/2023-09-05\/immofonds-gewinn-faellt-wegen-tieferer-bewertungsgewinne\/#primaryimage","url":"https:\/\/www.immobilienbusiness.ch\/wp-content\/uploads\/2020\/07\/Wankdorf.jpg","contentUrl":"https:\/\/www.immobilienbusiness.ch\/wp-content\/uploads\/2020\/07\/Wankdorf.jpg","width":1280,"height":853,"caption":"Das Bauprojekt Wankdorfcity3 geh\u00f6rt zu den grossen Projekten des Fonds (Bild: Immofonds)"},{"@type":"BreadcrumbList","@id":"https:\/\/www.immobilienbusiness.ch\/de\/unternehmen\/2023-09-05\/immofonds-gewinn-faellt-wegen-tieferer-bewertungsgewinne\/#breadcrumb","itemListElement":[{"@type":"ListItem","position":1,"name":"Home","item":"https:\/\/www.immobilienbusiness.ch\/"},{"@type":"ListItem","position":2,"name":"Immofonds: Gewinn f\u00e4llt wegen tieferer Aufwertung"}]},{"@type":"WebSite","@id":"https:\/\/www.immobilienbusiness.ch\/#website","url":"https:\/\/www.immobilienbusiness.ch\/","name":"IMMOBILIER Business","description":"Magazine \u00e9conomique suisse ind\u00e9pendant ax\u00e9 sur l'immobilier, l'architecture et la construction ainsi que sur les investissements et le financement.","publisher":{"@id":"https:\/\/www.immobilienbusiness.ch\/#organization"},"potentialAction":[{"@type":"SearchAction","target":{"@type":"EntryPoint","urlTemplate":"https:\/\/www.immobilienbusiness.ch\/?s={search_term_string}"},"query-input":{"@type":"PropertyValueSpecification","valueRequired":true,"valueName":"search_term_string"}}],"inLanguage":"fr-FR"},{"@type":"Organization","@id":"https:\/\/www.immobilienbusiness.ch\/#organization","name":"IMMOBILIER Business","url":"https:\/\/www.immobilienbusiness.ch\/","logo":{"@type":"ImageObject","inLanguage":"fr-FR","@id":"https:\/\/www.immobilienbusiness.ch\/#\/schema\/logo\/image\/","url":"https:\/\/www.immobilienbusiness.ch\/wp-content\/uploads\/2021\/07\/logo_ib.png","contentUrl":"https:\/\/www.immobilienbusiness.ch\/wp-content\/uploads\/2021\/07\/logo_ib.png","width":800,"height":181,"caption":"IMMOBILIEN Business"},"image":{"@id":"https:\/\/www.immobilienbusiness.ch\/#\/schema\/logo\/image\/"},"sameAs":["https:\/\/www.facebook.com\/immobilienbusiness\/"]},{"@type":"Person","@id":"https:\/\/www.immobilienbusiness.ch\/#\/schema\/person\/aba8bea2db926aa0c24c08c43fe1fcd5","name":"Alexander Wachter","image":{"@type":"ImageObject","inLanguage":"fr-FR","@id":"https:\/\/secure.gravatar.com\/avatar\/1a09e471f5389b0e0a6416eac287e0927c7c97a7b77f9e787eba3af7aee281dd?s=96&d=mm&r=g","url":"https:\/\/secure.gravatar.com\/avatar\/1a09e471f5389b0e0a6416eac287e0927c7c97a7b77f9e787eba3af7aee281dd?s=96&d=mm&r=g","contentUrl":"https:\/\/secure.gravatar.com\/avatar\/1a09e471f5389b0e0a6416eac287e0927c7c97a7b77f9e787eba3af7aee281dd?s=96&d=mm&r=g","caption":"Alexander Wachter"},"url":"https:\/\/www.immobilienbusiness.ch\/fr\/author\/alexander-wachter\/"}]}},"_links":{"self":[{"href":"https:\/\/www.immobilienbusiness.ch\/fr\/wp-json\/wp\/v2\/posts\/53147","targetHints":{"allow":["GET"]}}],"collection":[{"href":"https:\/\/www.immobilienbusiness.ch\/fr\/wp-json\/wp\/v2\/posts"}],"about":[{"href":"https:\/\/www.immobilienbusiness.ch\/fr\/wp-json\/wp\/v2\/types\/post"}],"author":[{"embeddable":true,"href":"https:\/\/www.immobilienbusiness.ch\/fr\/wp-json\/wp\/v2\/users\/102"}],"replies":[{"embeddable":true,"href":"https:\/\/www.immobilienbusiness.ch\/fr\/wp-json\/wp\/v2\/comments?post=53147"}],"version-history":[{"count":4,"href":"https:\/\/www.immobilienbusiness.ch\/fr\/wp-json\/wp\/v2\/posts\/53147\/revisions"}],"predecessor-version":[{"id":53195,"href":"https:\/\/www.immobilienbusiness.ch\/fr\/wp-json\/wp\/v2\/posts\/53147\/revisions\/53195"}],"wp:featuredmedia":[{"embeddable":true,"href":"https:\/\/www.immobilienbusiness.ch\/fr\/wp-json\/wp\/v2\/media\/21746"}],"wp:attachment":[{"href":"https:\/\/www.immobilienbusiness.ch\/fr\/wp-json\/wp\/v2\/media?parent=53147"}],"wp:term":[{"taxonomy":"category","embeddable":true,"href":"https:\/\/www.immobilienbusiness.ch\/fr\/wp-json\/wp\/v2\/categories?post=53147"},{"taxonomy":"post_tag","embeddable":true,"href":"https:\/\/www.immobilienbusiness.ch\/fr\/wp-json\/wp\/v2\/tags?post=53147"}],"curies":[{"name":"wp","href":"https:\/\/api.w.org\/{rel}","templated":true}]}}