{"id":53136,"date":"2023-09-05T07:20:59","date_gmt":"2023-09-05T05:20:59","guid":{"rendered":"https:\/\/www.immobilienbusiness.ch\/?p=53136"},"modified":"2023-09-06T12:27:03","modified_gmt":"2023-09-06T10:27:03","slug":"place-b-self-storage-spezialist-mit-3-neuen-vr-mitgliedern","status":"publish","type":"post","link":"https:\/\/www.immobilienbusiness.ch\/fr\/personalia\/2023-09-05\/place-b-self-storage-spezialist-mit-3-neuen-vr-mitgliedern\/","title":{"rendered":"Place B : Le sp\u00e9cialiste du self-stockage compte 3 nouveaux membres au CA"},"content":{"rendered":"<figure id=\"attachment_53137\" aria-describedby=\"caption-attachment-53137\" style=\"width: 858px\" class=\"wp-caption alignnone\"><a href=\"https:\/\/www.immobilienbusiness.ch\/wp-content\/uploads\/2023\/09\/Terry-Fehlmann.png\"><img loading=\"lazy\" decoding=\"async\" class=\"size-full wp-image-53137\" src=\"https:\/\/www.immobilienbusiness.ch\/wp-content\/uploads\/2023\/09\/Terry-Fehlmann.png\" alt=\"\" width=\"858\" height=\"561\" srcset=\"https:\/\/www.immobilienbusiness.ch\/wp-content\/uploads\/2023\/09\/Terry-Fehlmann.png 858w, https:\/\/www.immobilienbusiness.ch\/wp-content\/uploads\/2023\/09\/Terry-Fehlmann-300x196.png 300w, https:\/\/www.immobilienbusiness.ch\/wp-content\/uploads\/2023\/09\/Terry-Fehlmann-768x502.png 768w, https:\/\/www.immobilienbusiness.ch\/wp-content\/uploads\/2023\/09\/Terry-Fehlmann-18x12.png 18w, https:\/\/www.immobilienbusiness.ch\/wp-content\/uploads\/2023\/09\/Terry-Fehlmann-375x245.png 375w, https:\/\/www.immobilienbusiness.ch\/wp-content\/uploads\/2023\/09\/Terry-Fehlmann-535x350.png 535w\" sizes=\"auto, (max-width: 858px) 100vw, 858px\" \/><\/a><figcaption id=\"caption-attachment-53137\" class=\"wp-caption-text\">Terry Fehlmann, le fondateur de Place B (photo : zVg)<\/figcaption><\/figure>\n<p>Terry Fehlmann, fondateur et ancien CEO de Place B AG, un fournisseur d'espaces de stockage en self-stockage, occupera le si\u00e8ge de pr\u00e9sident au sein du conseil d'administration. Apr\u00e8s plus de neuf ans de management, il transmettra le destin de plus de 40 sites \u00e0 Tobias Kaufmann, son collaborateur de longue date et actuel co-CEO. Fehlmann restera \u00e0 disposition en tant que conseiller, pr\u00e9cise le communiqu\u00e9. Par ailleurs, Renato Piffaretti vient renforcer le conseil d'administration. Il a \u00e9t\u00e9 Head Real Estate Switzerland chez Swiss Live Asset Managers de 2017 \u00e0 juillet 2022. L'expert en informatique Ramun Hofmann, CEO de 89grad and FabLab Berne, fait \u00e9galement son entr\u00e9e dans le comit\u00e9.<\/p>\n<h3>Jusqu'\u00e0 30 nouveaux sites pr\u00e9vus<\/h3>\n<p>Le conseil d'administration de Place B SA se compose d\u00e9sormais comme suit : Terry Fehlmann (pr\u00e9sident), Hugo Rohner (vice-pr\u00e9sident), Dominique Fehlmann, Bruno Frieden, Ramun Hofmann, Renato Piffaretti et Florian Rahmann. L'entreprise pr\u00e9voit d'ouvrir 20 \u00e0 30 sites suppl\u00e9mentaires au cours des deux prochaines ann\u00e9es. <em>(aw)<\/em><\/p>","protected":false},"excerpt":{"rendered":"<p>Le fondateur du fournisseur de self-stockage Place B entre au conseil d'administration. L'ancien Head Real Estate Switzerland de Swiss Live Asset Managers a \u00e9galement \u00e9t\u00e9 nomm\u00e9 au CA.<\/p>","protected":false},"author":102,"featured_media":53137,"comment_status":"closed","ping_status":"closed","sticky":false,"template":"","format":"standard","meta":{"_acf_changed":false,"_yoast_wpseo_focuskw":"Place B","_yoast_wpseo_title":"","_yoast_wpseo_metadesc":"Der Gr\u00fcnder des Self-Storage-Anbieters Place B wechselt in den Verwaltungsrat. Auch der ehemalige Head Real Estate Switzerland bei Swiss Live Asset Managers wurde in den VR berufen.","_yoast_wpseo_linkdex":60,"pgc_sgb_lightbox_settings":"","footnotes":""},"categories":[1912],"tags":[1451,1563,3220],"class_list":["post-53136","post","type-post","status-publish","format-standard","has-post-thumbnail","hentry","category-personalia","tag-logistik","tag-personalia","tag-place-b"],"acf":[],"yoast_head":"<!-- This site is optimized with the Yoast SEO plugin v27.4 - https:\/\/yoast.com\/product\/yoast-seo-wordpress\/ -->\n<title>Place B: Self-Storage-Spezialist mit 3 neuen VR-Mitgliedern - IMMOBILIEN Business<\/title>\n<meta name=\"description\" content=\"Der Gr\u00fcnder des Self-Storage-Anbieters Place B wechselt in den Verwaltungsrat. Auch der ehemalige Head Real Estate Switzerland bei Swiss Live Asset Managers wurde in den VR berufen.\" \/>\n<meta name=\"robots\" content=\"index, follow, max-snippet:-1, max-image-preview:large, max-video-preview:-1\" \/>\n<link rel=\"canonical\" href=\"https:\/\/www.immobilienbusiness.ch\/fr\/personalia\/2023-09-05\/place-b-self-storage-spezialist-mit-3-neuen-vr-mitgliedern\/\" \/>\n<meta property=\"og:locale\" content=\"fr_FR\" \/>\n<meta property=\"og:type\" content=\"article\" \/>\n<meta property=\"og:title\" content=\"Place B: Self-Storage-Spezialist mit 3 neuen VR-Mitgliedern - IMMOBILIEN Business\" \/>\n<meta property=\"og:description\" content=\"Der Gr\u00fcnder des Self-Storage-Anbieters Place B wechselt in den Verwaltungsrat. Auch der ehemalige Head Real Estate Switzerland bei Swiss Live Asset Managers wurde in den VR berufen.\" \/>\n<meta property=\"og:url\" content=\"https:\/\/www.immobilienbusiness.ch\/fr\/personalia\/2023-09-05\/place-b-self-storage-spezialist-mit-3-neuen-vr-mitgliedern\/\" \/>\n<meta property=\"og:site_name\" content=\"IMMOBILIEN Business\" \/>\n<meta property=\"article:publisher\" content=\"https:\/\/www.facebook.com\/immobilienbusiness\/\" \/>\n<meta property=\"article:published_time\" content=\"2023-09-05T05:20:59+00:00\" \/>\n<meta property=\"article:modified_time\" content=\"2023-09-06T10:27:03+00:00\" \/>\n<meta property=\"og:image\" content=\"https:\/\/www.immobilienbusiness.ch\/wp-content\/uploads\/2023\/09\/Terry-Fehlmann.png\" \/>\n\t<meta property=\"og:image:width\" content=\"858\" \/>\n\t<meta property=\"og:image:height\" content=\"561\" \/>\n\t<meta property=\"og:image:type\" content=\"image\/png\" \/>\n<meta name=\"author\" content=\"Alexander Wachter\" \/>\n<meta name=\"twitter:card\" content=\"summary_large_image\" \/>\n<script type=\"application\/ld+json\" class=\"yoast-schema-graph\">{\"@context\":\"https:\\\/\\\/schema.org\",\"@graph\":[{\"@type\":\"Article\",\"@id\":\"https:\\\/\\\/www.immobilienbusiness.ch\\\/fr\\\/personalia\\\/2023-09-05\\\/place-b-self-storage-spezialist-mit-3-neuen-vr-mitgliedern\\\/#article\",\"isPartOf\":{\"@id\":\"https:\\\/\\\/www.immobilienbusiness.ch\\\/fr\\\/personalia\\\/2023-09-05\\\/place-b-self-storage-spezialist-mit-3-neuen-vr-mitgliedern\\\/\"},\"author\":{\"name\":\"Alexander Wachter\",\"@id\":\"https:\\\/\\\/www.immobilienbusiness.ch\\\/#\\\/schema\\\/person\\\/aba8bea2db926aa0c24c08c43fe1fcd5\"},\"headline\":\"Place B: Self-Storage-Spezialist mit 3 neuen VR-Mitgliedern\",\"datePublished\":\"2023-09-05T05:20:59+00:00\",\"dateModified\":\"2023-09-06T10:27:03+00:00\",\"mainEntityOfPage\":{\"@id\":\"https:\\\/\\\/www.immobilienbusiness.ch\\\/fr\\\/personalia\\\/2023-09-05\\\/place-b-self-storage-spezialist-mit-3-neuen-vr-mitgliedern\\\/\"},\"wordCount\":173,\"publisher\":{\"@id\":\"https:\\\/\\\/www.immobilienbusiness.ch\\\/#organization\"},\"image\":{\"@id\":\"https:\\\/\\\/www.immobilienbusiness.ch\\\/fr\\\/personalia\\\/2023-09-05\\\/place-b-self-storage-spezialist-mit-3-neuen-vr-mitgliedern\\\/#primaryimage\"},\"thumbnailUrl\":\"https:\\\/\\\/www.immobilienbusiness.ch\\\/wp-content\\\/uploads\\\/2023\\\/09\\\/Terry-Fehlmann.png\",\"keywords\":[\"Logistik\",\"Personalia\",\"Place B\"],\"articleSection\":[\"PERSONALIA\"],\"inLanguage\":\"fr-FR\"},{\"@type\":\"WebPage\",\"@id\":\"https:\\\/\\\/www.immobilienbusiness.ch\\\/fr\\\/personalia\\\/2023-09-05\\\/place-b-self-storage-spezialist-mit-3-neuen-vr-mitgliedern\\\/\",\"url\":\"https:\\\/\\\/www.immobilienbusiness.ch\\\/fr\\\/personalia\\\/2023-09-05\\\/place-b-self-storage-spezialist-mit-3-neuen-vr-mitgliedern\\\/\",\"name\":\"Place B: Self-Storage-Spezialist mit 3 neuen VR-Mitgliedern - IMMOBILIEN Business\",\"isPartOf\":{\"@id\":\"https:\\\/\\\/www.immobilienbusiness.ch\\\/#website\"},\"primaryImageOfPage\":{\"@id\":\"https:\\\/\\\/www.immobilienbusiness.ch\\\/fr\\\/personalia\\\/2023-09-05\\\/place-b-self-storage-spezialist-mit-3-neuen-vr-mitgliedern\\\/#primaryimage\"},\"image\":{\"@id\":\"https:\\\/\\\/www.immobilienbusiness.ch\\\/fr\\\/personalia\\\/2023-09-05\\\/place-b-self-storage-spezialist-mit-3-neuen-vr-mitgliedern\\\/#primaryimage\"},\"thumbnailUrl\":\"https:\\\/\\\/www.immobilienbusiness.ch\\\/wp-content\\\/uploads\\\/2023\\\/09\\\/Terry-Fehlmann.png\",\"datePublished\":\"2023-09-05T05:20:59+00:00\",\"dateModified\":\"2023-09-06T10:27:03+00:00\",\"description\":\"Der Gr\u00fcnder des Self-Storage-Anbieters Place B wechselt in den Verwaltungsrat. Auch der ehemalige Head Real Estate Switzerland bei Swiss Live Asset Managers wurde in den VR berufen.\",\"breadcrumb\":{\"@id\":\"https:\\\/\\\/www.immobilienbusiness.ch\\\/fr\\\/personalia\\\/2023-09-05\\\/place-b-self-storage-spezialist-mit-3-neuen-vr-mitgliedern\\\/#breadcrumb\"},\"inLanguage\":\"fr-FR\",\"potentialAction\":[{\"@type\":\"ReadAction\",\"target\":[\"https:\\\/\\\/www.immobilienbusiness.ch\\\/fr\\\/personalia\\\/2023-09-05\\\/place-b-self-storage-spezialist-mit-3-neuen-vr-mitgliedern\\\/\"]}]},{\"@type\":\"ImageObject\",\"inLanguage\":\"fr-FR\",\"@id\":\"https:\\\/\\\/www.immobilienbusiness.ch\\\/fr\\\/personalia\\\/2023-09-05\\\/place-b-self-storage-spezialist-mit-3-neuen-vr-mitgliedern\\\/#primaryimage\",\"url\":\"https:\\\/\\\/www.immobilienbusiness.ch\\\/wp-content\\\/uploads\\\/2023\\\/09\\\/Terry-Fehlmann.png\",\"contentUrl\":\"https:\\\/\\\/www.immobilienbusiness.ch\\\/wp-content\\\/uploads\\\/2023\\\/09\\\/Terry-Fehlmann.png\",\"width\":858,\"height\":561,\"caption\":\"Terry Fehlmann, der Gr\u00fcnder von Place B (Bild: zVg)\"},{\"@type\":\"BreadcrumbList\",\"@id\":\"https:\\\/\\\/www.immobilienbusiness.ch\\\/fr\\\/personalia\\\/2023-09-05\\\/place-b-self-storage-spezialist-mit-3-neuen-vr-mitgliedern\\\/#breadcrumb\",\"itemListElement\":[{\"@type\":\"ListItem\",\"position\":1,\"name\":\"Home\",\"item\":\"https:\\\/\\\/www.immobilienbusiness.ch\\\/\"},{\"@type\":\"ListItem\",\"position\":2,\"name\":\"Place B: Self-Storage-Spezialist mit 3 neuen VR-Mitgliedern\"}]},{\"@type\":\"WebSite\",\"@id\":\"https:\\\/\\\/www.immobilienbusiness.ch\\\/#website\",\"url\":\"https:\\\/\\\/www.immobilienbusiness.ch\\\/\",\"name\":\"IMMOBILIEN Business\",\"description\":\"Unabh\u00e4ngiges Schweizer Wirtschaftsmagazin mit Fokus auf Immobilien, Architektur- und Bau sowie Investment- und Finanzierung.\",\"publisher\":{\"@id\":\"https:\\\/\\\/www.immobilienbusiness.ch\\\/#organization\"},\"potentialAction\":[{\"@type\":\"SearchAction\",\"target\":{\"@type\":\"EntryPoint\",\"urlTemplate\":\"https:\\\/\\\/www.immobilienbusiness.ch\\\/?s={search_term_string}\"},\"query-input\":{\"@type\":\"PropertyValueSpecification\",\"valueRequired\":true,\"valueName\":\"search_term_string\"}}],\"inLanguage\":\"fr-FR\"},{\"@type\":\"Organization\",\"@id\":\"https:\\\/\\\/www.immobilienbusiness.ch\\\/#organization\",\"name\":\"IMMOBILIEN Business\",\"url\":\"https:\\\/\\\/www.immobilienbusiness.ch\\\/\",\"logo\":{\"@type\":\"ImageObject\",\"inLanguage\":\"fr-FR\",\"@id\":\"https:\\\/\\\/www.immobilienbusiness.ch\\\/#\\\/schema\\\/logo\\\/image\\\/\",\"url\":\"https:\\\/\\\/www.immobilienbusiness.ch\\\/wp-content\\\/uploads\\\/2021\\\/07\\\/logo_ib.png\",\"contentUrl\":\"https:\\\/\\\/www.immobilienbusiness.ch\\\/wp-content\\\/uploads\\\/2021\\\/07\\\/logo_ib.png\",\"width\":800,\"height\":181,\"caption\":\"IMMOBILIEN Business\"},\"image\":{\"@id\":\"https:\\\/\\\/www.immobilienbusiness.ch\\\/#\\\/schema\\\/logo\\\/image\\\/\"},\"sameAs\":[\"https:\\\/\\\/www.facebook.com\\\/immobilienbusiness\\\/\"]},{\"@type\":\"Person\",\"@id\":\"https:\\\/\\\/www.immobilienbusiness.ch\\\/#\\\/schema\\\/person\\\/aba8bea2db926aa0c24c08c43fe1fcd5\",\"name\":\"Alexander Wachter\",\"image\":{\"@type\":\"ImageObject\",\"inLanguage\":\"fr-FR\",\"@id\":\"https:\\\/\\\/secure.gravatar.com\\\/avatar\\\/1a09e471f5389b0e0a6416eac287e0927c7c97a7b77f9e787eba3af7aee281dd?s=96&d=mm&r=g\",\"url\":\"https:\\\/\\\/secure.gravatar.com\\\/avatar\\\/1a09e471f5389b0e0a6416eac287e0927c7c97a7b77f9e787eba3af7aee281dd?s=96&d=mm&r=g\",\"contentUrl\":\"https:\\\/\\\/secure.gravatar.com\\\/avatar\\\/1a09e471f5389b0e0a6416eac287e0927c7c97a7b77f9e787eba3af7aee281dd?s=96&d=mm&r=g\",\"caption\":\"Alexander Wachter\"},\"url\":\"https:\\\/\\\/www.immobilienbusiness.ch\\\/fr\\\/author\\\/alexander-wachter\\\/\"}]}<\/script>\n<!-- \/ Yoast SEO plugin. -->","yoast_head_json":{"title":"Place B : Le sp\u00e9cialiste du self-stockage compte 3 nouveaux membres au CA - IMMOBILIER Business","description":"Le fondateur du fournisseur de self-stockage Place B entre au conseil d'administration. L'ancien Head Real Estate Switzerland de Swiss Live Asset Managers a \u00e9galement \u00e9t\u00e9 nomm\u00e9 au CA.","robots":{"index":"index","follow":"follow","max-snippet":"max-snippet:-1","max-image-preview":"max-image-preview:large","max-video-preview":"max-video-preview:-1"},"canonical":"https:\/\/www.immobilienbusiness.ch\/fr\/personalia\/2023-09-05\/place-b-self-storage-spezialist-mit-3-neuen-vr-mitgliedern\/","og_locale":"fr_FR","og_type":"article","og_title":"Place B: Self-Storage-Spezialist mit 3 neuen VR-Mitgliedern - IMMOBILIEN Business","og_description":"Der Gr\u00fcnder des Self-Storage-Anbieters Place B wechselt in den Verwaltungsrat. Auch der ehemalige Head Real Estate Switzerland bei Swiss Live Asset Managers wurde in den VR berufen.","og_url":"https:\/\/www.immobilienbusiness.ch\/fr\/personalia\/2023-09-05\/place-b-self-storage-spezialist-mit-3-neuen-vr-mitgliedern\/","og_site_name":"IMMOBILIEN Business","article_publisher":"https:\/\/www.facebook.com\/immobilienbusiness\/","article_published_time":"2023-09-05T05:20:59+00:00","article_modified_time":"2023-09-06T10:27:03+00:00","og_image":[{"width":858,"height":561,"url":"https:\/\/www.immobilienbusiness.ch\/wp-content\/uploads\/2023\/09\/Terry-Fehlmann.png","type":"image\/png"}],"author":"Alexander Wachter","twitter_card":"summary_large_image","schema":{"@context":"https:\/\/schema.org","@graph":[{"@type":"Article","@id":"https:\/\/www.immobilienbusiness.ch\/fr\/personalia\/2023-09-05\/place-b-self-storage-spezialist-mit-3-neuen-vr-mitgliedern\/#article","isPartOf":{"@id":"https:\/\/www.immobilienbusiness.ch\/fr\/personalia\/2023-09-05\/place-b-self-storage-spezialist-mit-3-neuen-vr-mitgliedern\/"},"author":{"name":"Alexander Wachter","@id":"https:\/\/www.immobilienbusiness.ch\/#\/schema\/person\/aba8bea2db926aa0c24c08c43fe1fcd5"},"headline":"Place B: Self-Storage-Spezialist mit 3 neuen VR-Mitgliedern","datePublished":"2023-09-05T05:20:59+00:00","dateModified":"2023-09-06T10:27:03+00:00","mainEntityOfPage":{"@id":"https:\/\/www.immobilienbusiness.ch\/fr\/personalia\/2023-09-05\/place-b-self-storage-spezialist-mit-3-neuen-vr-mitgliedern\/"},"wordCount":173,"publisher":{"@id":"https:\/\/www.immobilienbusiness.ch\/#organization"},"image":{"@id":"https:\/\/www.immobilienbusiness.ch\/fr\/personalia\/2023-09-05\/place-b-self-storage-spezialist-mit-3-neuen-vr-mitgliedern\/#primaryimage"},"thumbnailUrl":"https:\/\/www.immobilienbusiness.ch\/wp-content\/uploads\/2023\/09\/Terry-Fehlmann.png","keywords":["Logistik","Personalia","Place B"],"articleSection":["PERSONALIA"],"inLanguage":"fr-FR"},{"@type":"WebPage","@id":"https:\/\/www.immobilienbusiness.ch\/fr\/personalia\/2023-09-05\/place-b-self-storage-spezialist-mit-3-neuen-vr-mitgliedern\/","url":"https:\/\/www.immobilienbusiness.ch\/fr\/personalia\/2023-09-05\/place-b-self-storage-spezialist-mit-3-neuen-vr-mitgliedern\/","name":"Place B : Le sp\u00e9cialiste du self-stockage compte 3 nouveaux membres au CA - IMMOBILIER Business","isPartOf":{"@id":"https:\/\/www.immobilienbusiness.ch\/#website"},"primaryImageOfPage":{"@id":"https:\/\/www.immobilienbusiness.ch\/fr\/personalia\/2023-09-05\/place-b-self-storage-spezialist-mit-3-neuen-vr-mitgliedern\/#primaryimage"},"image":{"@id":"https:\/\/www.immobilienbusiness.ch\/fr\/personalia\/2023-09-05\/place-b-self-storage-spezialist-mit-3-neuen-vr-mitgliedern\/#primaryimage"},"thumbnailUrl":"https:\/\/www.immobilienbusiness.ch\/wp-content\/uploads\/2023\/09\/Terry-Fehlmann.png","datePublished":"2023-09-05T05:20:59+00:00","dateModified":"2023-09-06T10:27:03+00:00","description":"Le fondateur du fournisseur de self-stockage Place B entre au conseil d'administration. L'ancien Head Real Estate Switzerland de Swiss Live Asset Managers a \u00e9galement \u00e9t\u00e9 nomm\u00e9 au CA.","breadcrumb":{"@id":"https:\/\/www.immobilienbusiness.ch\/fr\/personalia\/2023-09-05\/place-b-self-storage-spezialist-mit-3-neuen-vr-mitgliedern\/#breadcrumb"},"inLanguage":"fr-FR","potentialAction":[{"@type":"ReadAction","target":["https:\/\/www.immobilienbusiness.ch\/fr\/personalia\/2023-09-05\/place-b-self-storage-spezialist-mit-3-neuen-vr-mitgliedern\/"]}]},{"@type":"ImageObject","inLanguage":"fr-FR","@id":"https:\/\/www.immobilienbusiness.ch\/fr\/personalia\/2023-09-05\/place-b-self-storage-spezialist-mit-3-neuen-vr-mitgliedern\/#primaryimage","url":"https:\/\/www.immobilienbusiness.ch\/wp-content\/uploads\/2023\/09\/Terry-Fehlmann.png","contentUrl":"https:\/\/www.immobilienbusiness.ch\/wp-content\/uploads\/2023\/09\/Terry-Fehlmann.png","width":858,"height":561,"caption":"Terry Fehlmann, der Gr\u00fcnder von Place B (Bild: zVg)"},{"@type":"BreadcrumbList","@id":"https:\/\/www.immobilienbusiness.ch\/fr\/personalia\/2023-09-05\/place-b-self-storage-spezialist-mit-3-neuen-vr-mitgliedern\/#breadcrumb","itemListElement":[{"@type":"ListItem","position":1,"name":"Home","item":"https:\/\/www.immobilienbusiness.ch\/"},{"@type":"ListItem","position":2,"name":"Place B: Self-Storage-Spezialist mit 3 neuen VR-Mitgliedern"}]},{"@type":"WebSite","@id":"https:\/\/www.immobilienbusiness.ch\/#website","url":"https:\/\/www.immobilienbusiness.ch\/","name":"IMMOBILIER Business","description":"Magazine \u00e9conomique suisse ind\u00e9pendant ax\u00e9 sur l'immobilier, l'architecture et la construction ainsi que sur les investissements et le financement.","publisher":{"@id":"https:\/\/www.immobilienbusiness.ch\/#organization"},"potentialAction":[{"@type":"SearchAction","target":{"@type":"EntryPoint","urlTemplate":"https:\/\/www.immobilienbusiness.ch\/?s={search_term_string}"},"query-input":{"@type":"PropertyValueSpecification","valueRequired":true,"valueName":"search_term_string"}}],"inLanguage":"fr-FR"},{"@type":"Organization","@id":"https:\/\/www.immobilienbusiness.ch\/#organization","name":"IMMOBILIER Business","url":"https:\/\/www.immobilienbusiness.ch\/","logo":{"@type":"ImageObject","inLanguage":"fr-FR","@id":"https:\/\/www.immobilienbusiness.ch\/#\/schema\/logo\/image\/","url":"https:\/\/www.immobilienbusiness.ch\/wp-content\/uploads\/2021\/07\/logo_ib.png","contentUrl":"https:\/\/www.immobilienbusiness.ch\/wp-content\/uploads\/2021\/07\/logo_ib.png","width":800,"height":181,"caption":"IMMOBILIEN Business"},"image":{"@id":"https:\/\/www.immobilienbusiness.ch\/#\/schema\/logo\/image\/"},"sameAs":["https:\/\/www.facebook.com\/immobilienbusiness\/"]},{"@type":"Person","@id":"https:\/\/www.immobilienbusiness.ch\/#\/schema\/person\/aba8bea2db926aa0c24c08c43fe1fcd5","name":"Alexander Wachter","image":{"@type":"ImageObject","inLanguage":"fr-FR","@id":"https:\/\/secure.gravatar.com\/avatar\/1a09e471f5389b0e0a6416eac287e0927c7c97a7b77f9e787eba3af7aee281dd?s=96&d=mm&r=g","url":"https:\/\/secure.gravatar.com\/avatar\/1a09e471f5389b0e0a6416eac287e0927c7c97a7b77f9e787eba3af7aee281dd?s=96&d=mm&r=g","contentUrl":"https:\/\/secure.gravatar.com\/avatar\/1a09e471f5389b0e0a6416eac287e0927c7c97a7b77f9e787eba3af7aee281dd?s=96&d=mm&r=g","caption":"Alexander Wachter"},"url":"https:\/\/www.immobilienbusiness.ch\/fr\/author\/alexander-wachter\/"}]}},"_links":{"self":[{"href":"https:\/\/www.immobilienbusiness.ch\/fr\/wp-json\/wp\/v2\/posts\/53136","targetHints":{"allow":["GET"]}}],"collection":[{"href":"https:\/\/www.immobilienbusiness.ch\/fr\/wp-json\/wp\/v2\/posts"}],"about":[{"href":"https:\/\/www.immobilienbusiness.ch\/fr\/wp-json\/wp\/v2\/types\/post"}],"author":[{"embeddable":true,"href":"https:\/\/www.immobilienbusiness.ch\/fr\/wp-json\/wp\/v2\/users\/102"}],"replies":[{"embeddable":true,"href":"https:\/\/www.immobilienbusiness.ch\/fr\/wp-json\/wp\/v2\/comments?post=53136"}],"version-history":[{"count":3,"href":"https:\/\/www.immobilienbusiness.ch\/fr\/wp-json\/wp\/v2\/posts\/53136\/revisions"}],"predecessor-version":[{"id":53197,"href":"https:\/\/www.immobilienbusiness.ch\/fr\/wp-json\/wp\/v2\/posts\/53136\/revisions\/53197"}],"wp:featuredmedia":[{"embeddable":true,"href":"https:\/\/www.immobilienbusiness.ch\/fr\/wp-json\/wp\/v2\/media\/53137"}],"wp:attachment":[{"href":"https:\/\/www.immobilienbusiness.ch\/fr\/wp-json\/wp\/v2\/media?parent=53136"}],"wp:term":[{"taxonomy":"category","embeddable":true,"href":"https:\/\/www.immobilienbusiness.ch\/fr\/wp-json\/wp\/v2\/categories?post=53136"},{"taxonomy":"post_tag","embeddable":true,"href":"https:\/\/www.immobilienbusiness.ch\/fr\/wp-json\/wp\/v2\/tags?post=53136"}],"curies":[{"name":"wp","href":"https:\/\/api.w.org\/{rel}","templated":true}]}}