{"id":52634,"date":"2023-04-12T10:24:16","date_gmt":"2023-04-12T08:24:16","guid":{"rendered":"https:\/\/develop.immobilienbusiness.ch\/?p=4895"},"modified":"2024-09-03T14:29:31","modified_gmt":"2024-09-03T12:29:31","slug":"luzern-kriens-kuenftiges-entwicklungsareal-soll-erst-zwischengenutzt-werden","status":"publish","type":"post","link":"https:\/\/www.immobilienbusiness.ch\/fr\/ib\/2023-04-12\/luzern-kriens-kuenftiges-entwicklungsareal-soll-erst-zwischengenutzt-werden\/","title":{"rendered":"Lucerne\/Kriens : la future zone de d\u00e9veloppement doit d'abord \u00eatre utilis\u00e9e de mani\u00e8re interm\u00e9diaire"},"content":{"rendered":"<div class=\"swpm-post-not-logged-in-msg\">Vous devez \u00eatre connect\u00e9 pour voir ce contenu. Veuillez consulter <a class=\"swpm-login-link\" href=\"https:\/\/www.immobilienbusiness.ch\/fr\/login\/?swpm_redirect_to=https%3A%2F%2Fwww.immobilienbusiness.ch%2Ffr%2Fwp-json%2Fwp%2Fv2%2Fposts%2F52634\">Connexion<\/a>. Vous n'\u00eates pas membre ? <a href=\"https:\/\/www.immobilienbusiness.ch\/fr\/registrieren\/\">Nous Rejoindre<\/a><\/div>","protected":false},"excerpt":{"rendered":"<p>Une partie de 6.000 m2 du site Hinterschlund, pr\u00e9vue pour accueillir un nouveau quartier urbain avec des logements et des emplois pour jusqu'\u00e0 15.000 personnes, sera utilis\u00e9e temporairement jusqu'\u00e0 l'\u00e9tablissement du concept d\u00e9finitif.<\/p>","protected":false},"author":102,"featured_media":0,"comment_status":"closed","ping_status":"closed","sticky":false,"template":"","format":"standard","meta":{"_acf_changed":false,"_yoast_wpseo_focuskw":"Zwischennutzung","_yoast_wpseo_title":"","_yoast_wpseo_metadesc":"Luzern schreibt das Areal Hinterschlund in Kriens zur Zwischennutzung aus. Gesucht: Konzepte f\u00fcr innovative Arbeitsnutzung. 6.100 qm verf\u00fcgbar.","_yoast_wpseo_linkdex":49,"pgc_sgb_lightbox_settings":"","footnotes":""},"categories":[1951],"tags":[2132,2320,1600,1973,2109],"class_list":["post-52634","post","type-post","status-publish","format-standard","hentry","category-ib","tag-gewerbe","tag-oeffentliche-hand","tag-projekt-in-planung","tag-verfugbares-grundstuck","tag-wohnungen"],"acf":[],"yoast_head":"<!-- This site is optimized with the Yoast SEO plugin v27.4 - https:\/\/yoast.com\/product\/yoast-seo-wordpress\/ -->\n<title>Luzern\/Kriens: K\u00fcnftiges Entwicklungsareal soll erst zwischengenutzt werden - IMMOBILIEN Business<\/title>\n<meta name=\"description\" content=\"Luzern schreibt das Areal Hinterschlund in Kriens zur Zwischennutzung aus. Gesucht: Konzepte f\u00fcr innovative Arbeitsnutzung. 6.100 qm verf\u00fcgbar.\" \/>\n<meta name=\"robots\" content=\"index, follow, max-snippet:-1, max-image-preview:large, max-video-preview:-1\" \/>\n<link rel=\"canonical\" href=\"https:\/\/www.immobilienbusiness.ch\/fr\/ib\/2023-04-12\/luzern-kriens-kuenftiges-entwicklungsareal-soll-erst-zwischengenutzt-werden\/\" \/>\n<meta property=\"og:locale\" content=\"fr_FR\" \/>\n<meta property=\"og:type\" content=\"article\" \/>\n<meta property=\"og:title\" content=\"Luzern\/Kriens: K\u00fcnftiges Entwicklungsareal soll erst zwischengenutzt werden - IMMOBILIEN Business\" \/>\n<meta property=\"og:description\" content=\"Luzern schreibt das Areal Hinterschlund in Kriens zur Zwischennutzung aus. Gesucht: Konzepte f\u00fcr innovative Arbeitsnutzung. 6.100 qm verf\u00fcgbar.\" \/>\n<meta property=\"og:url\" content=\"https:\/\/www.immobilienbusiness.ch\/fr\/ib\/2023-04-12\/luzern-kriens-kuenftiges-entwicklungsareal-soll-erst-zwischengenutzt-werden\/\" \/>\n<meta property=\"og:site_name\" content=\"IMMOBILIEN Business\" \/>\n<meta property=\"article:publisher\" content=\"https:\/\/www.facebook.com\/immobilienbusiness\/\" \/>\n<meta property=\"article:published_time\" content=\"2023-04-12T08:24:16+00:00\" \/>\n<meta property=\"article:modified_time\" content=\"2024-09-03T12:29:31+00:00\" \/>\n<meta name=\"author\" content=\"Alexander Wachter\" \/>\n<meta name=\"twitter:card\" content=\"summary_large_image\" \/>\n<script type=\"application\/ld+json\" class=\"yoast-schema-graph\">{\"@context\":\"https:\\\/\\\/schema.org\",\"@graph\":[{\"@type\":\"Article\",\"@id\":\"https:\\\/\\\/www.immobilienbusiness.ch\\\/en\\\/ib\\\/2023-04-12\\\/luzern-kriens-kuenftiges-entwicklungsareal-soll-erst-zwischengenutzt-werden\\\/#article\",\"isPartOf\":{\"@id\":\"https:\\\/\\\/www.immobilienbusiness.ch\\\/en\\\/ib\\\/2023-04-12\\\/luzern-kriens-kuenftiges-entwicklungsareal-soll-erst-zwischengenutzt-werden\\\/\"},\"author\":{\"name\":\"Alexander Wachter\",\"@id\":\"https:\\\/\\\/www.immobilienbusiness.ch\\\/#\\\/schema\\\/person\\\/aba8bea2db926aa0c24c08c43fe1fcd5\"},\"headline\":\"Luzern\\\/Kriens: K\u00fcnftiges Entwicklungsareal soll erst zwischengenutzt werden\",\"datePublished\":\"2023-04-12T08:24:16+00:00\",\"dateModified\":\"2024-09-03T12:29:31+00:00\",\"mainEntityOfPage\":{\"@id\":\"https:\\\/\\\/www.immobilienbusiness.ch\\\/en\\\/ib\\\/2023-04-12\\\/luzern-kriens-kuenftiges-entwicklungsareal-soll-erst-zwischengenutzt-werden\\\/\"},\"wordCount\":263,\"publisher\":{\"@id\":\"https:\\\/\\\/www.immobilienbusiness.ch\\\/#organization\"},\"keywords\":[\"Gewerbe\",\"\u00d6ffentliche Hand\",\"Projekt in Planung\",\"verf\u00fcgbares Grundst\u00fcck\",\"Wohnungen\"],\"articleSection\":[\"IB+\"],\"inLanguage\":\"fr-FR\"},{\"@type\":\"WebPage\",\"@id\":\"https:\\\/\\\/www.immobilienbusiness.ch\\\/en\\\/ib\\\/2023-04-12\\\/luzern-kriens-kuenftiges-entwicklungsareal-soll-erst-zwischengenutzt-werden\\\/\",\"url\":\"https:\\\/\\\/www.immobilienbusiness.ch\\\/en\\\/ib\\\/2023-04-12\\\/luzern-kriens-kuenftiges-entwicklungsareal-soll-erst-zwischengenutzt-werden\\\/\",\"name\":\"Luzern\\\/Kriens: K\u00fcnftiges Entwicklungsareal soll erst zwischengenutzt werden - IMMOBILIEN Business\",\"isPartOf\":{\"@id\":\"https:\\\/\\\/www.immobilienbusiness.ch\\\/#website\"},\"datePublished\":\"2023-04-12T08:24:16+00:00\",\"dateModified\":\"2024-09-03T12:29:31+00:00\",\"description\":\"Luzern schreibt das Areal Hinterschlund in Kriens zur Zwischennutzung aus. Gesucht: Konzepte f\u00fcr innovative Arbeitsnutzung. 6.100 qm verf\u00fcgbar.\",\"breadcrumb\":{\"@id\":\"https:\\\/\\\/www.immobilienbusiness.ch\\\/en\\\/ib\\\/2023-04-12\\\/luzern-kriens-kuenftiges-entwicklungsareal-soll-erst-zwischengenutzt-werden\\\/#breadcrumb\"},\"inLanguage\":\"fr-FR\",\"potentialAction\":[{\"@type\":\"ReadAction\",\"target\":[\"https:\\\/\\\/www.immobilienbusiness.ch\\\/en\\\/ib\\\/2023-04-12\\\/luzern-kriens-kuenftiges-entwicklungsareal-soll-erst-zwischengenutzt-werden\\\/\"]}]},{\"@type\":\"BreadcrumbList\",\"@id\":\"https:\\\/\\\/www.immobilienbusiness.ch\\\/en\\\/ib\\\/2023-04-12\\\/luzern-kriens-kuenftiges-entwicklungsareal-soll-erst-zwischengenutzt-werden\\\/#breadcrumb\",\"itemListElement\":[{\"@type\":\"ListItem\",\"position\":1,\"name\":\"Home\",\"item\":\"https:\\\/\\\/www.immobilienbusiness.ch\\\/\"},{\"@type\":\"ListItem\",\"position\":2,\"name\":\"Luzern\\\/Kriens: K\u00fcnftiges Entwicklungsareal soll erst zwischengenutzt werden\"}]},{\"@type\":\"WebSite\",\"@id\":\"https:\\\/\\\/www.immobilienbusiness.ch\\\/#website\",\"url\":\"https:\\\/\\\/www.immobilienbusiness.ch\\\/\",\"name\":\"IMMOBILIEN Business\",\"description\":\"Unabh\u00e4ngiges Schweizer Wirtschaftsmagazin mit Fokus auf Immobilien, Architektur- und Bau sowie Investment- und Finanzierung.\",\"publisher\":{\"@id\":\"https:\\\/\\\/www.immobilienbusiness.ch\\\/#organization\"},\"potentialAction\":[{\"@type\":\"SearchAction\",\"target\":{\"@type\":\"EntryPoint\",\"urlTemplate\":\"https:\\\/\\\/www.immobilienbusiness.ch\\\/?s={search_term_string}\"},\"query-input\":{\"@type\":\"PropertyValueSpecification\",\"valueRequired\":true,\"valueName\":\"search_term_string\"}}],\"inLanguage\":\"fr-FR\"},{\"@type\":\"Organization\",\"@id\":\"https:\\\/\\\/www.immobilienbusiness.ch\\\/#organization\",\"name\":\"IMMOBILIEN Business\",\"url\":\"https:\\\/\\\/www.immobilienbusiness.ch\\\/\",\"logo\":{\"@type\":\"ImageObject\",\"inLanguage\":\"fr-FR\",\"@id\":\"https:\\\/\\\/www.immobilienbusiness.ch\\\/#\\\/schema\\\/logo\\\/image\\\/\",\"url\":\"https:\\\/\\\/www.immobilienbusiness.ch\\\/wp-content\\\/uploads\\\/2021\\\/07\\\/logo_ib.png\",\"contentUrl\":\"https:\\\/\\\/www.immobilienbusiness.ch\\\/wp-content\\\/uploads\\\/2021\\\/07\\\/logo_ib.png\",\"width\":800,\"height\":181,\"caption\":\"IMMOBILIEN Business\"},\"image\":{\"@id\":\"https:\\\/\\\/www.immobilienbusiness.ch\\\/#\\\/schema\\\/logo\\\/image\\\/\"},\"sameAs\":[\"https:\\\/\\\/www.facebook.com\\\/immobilienbusiness\\\/\"]},{\"@type\":\"Person\",\"@id\":\"https:\\\/\\\/www.immobilienbusiness.ch\\\/#\\\/schema\\\/person\\\/aba8bea2db926aa0c24c08c43fe1fcd5\",\"name\":\"Alexander Wachter\",\"image\":{\"@type\":\"ImageObject\",\"inLanguage\":\"fr-FR\",\"@id\":\"https:\\\/\\\/secure.gravatar.com\\\/avatar\\\/1a09e471f5389b0e0a6416eac287e0927c7c97a7b77f9e787eba3af7aee281dd?s=96&d=mm&r=g\",\"url\":\"https:\\\/\\\/secure.gravatar.com\\\/avatar\\\/1a09e471f5389b0e0a6416eac287e0927c7c97a7b77f9e787eba3af7aee281dd?s=96&d=mm&r=g\",\"contentUrl\":\"https:\\\/\\\/secure.gravatar.com\\\/avatar\\\/1a09e471f5389b0e0a6416eac287e0927c7c97a7b77f9e787eba3af7aee281dd?s=96&d=mm&r=g\",\"caption\":\"Alexander Wachter\"},\"url\":\"https:\\\/\\\/www.immobilienbusiness.ch\\\/fr\\\/author\\\/alexander-wachter\\\/\"}]}<\/script>\n<!-- \/ Yoast SEO plugin. -->","yoast_head_json":{"title":"Lucerne\/Kriens : la future zone de d\u00e9veloppement doit d'abord \u00eatre utilis\u00e9e de mani\u00e8re interm\u00e9diaire - IMMOBILIEN Business","description":"Lucerne lance un appel d'offres pour l'utilisation temporaire du site Hinterschlund \u00e0 Kriens. Recherch\u00e9 : concepts pour une utilisation innovante du travail. 6 100 m\u00b2 disponibles.","robots":{"index":"index","follow":"follow","max-snippet":"max-snippet:-1","max-image-preview":"max-image-preview:large","max-video-preview":"max-video-preview:-1"},"canonical":"https:\/\/www.immobilienbusiness.ch\/fr\/ib\/2023-04-12\/luzern-kriens-kuenftiges-entwicklungsareal-soll-erst-zwischengenutzt-werden\/","og_locale":"fr_FR","og_type":"article","og_title":"Luzern\/Kriens: K\u00fcnftiges Entwicklungsareal soll erst zwischengenutzt werden - IMMOBILIEN Business","og_description":"Luzern schreibt das Areal Hinterschlund in Kriens zur Zwischennutzung aus. Gesucht: Konzepte f\u00fcr innovative Arbeitsnutzung. 6.100 qm verf\u00fcgbar.","og_url":"https:\/\/www.immobilienbusiness.ch\/fr\/ib\/2023-04-12\/luzern-kriens-kuenftiges-entwicklungsareal-soll-erst-zwischengenutzt-werden\/","og_site_name":"IMMOBILIEN Business","article_publisher":"https:\/\/www.facebook.com\/immobilienbusiness\/","article_published_time":"2023-04-12T08:24:16+00:00","article_modified_time":"2024-09-03T12:29:31+00:00","author":"Alexander Wachter","twitter_card":"summary_large_image","schema":{"@context":"https:\/\/schema.org","@graph":[{"@type":"Article","@id":"https:\/\/www.immobilienbusiness.ch\/en\/ib\/2023-04-12\/luzern-kriens-kuenftiges-entwicklungsareal-soll-erst-zwischengenutzt-werden\/#article","isPartOf":{"@id":"https:\/\/www.immobilienbusiness.ch\/en\/ib\/2023-04-12\/luzern-kriens-kuenftiges-entwicklungsareal-soll-erst-zwischengenutzt-werden\/"},"author":{"name":"Alexander Wachter","@id":"https:\/\/www.immobilienbusiness.ch\/#\/schema\/person\/aba8bea2db926aa0c24c08c43fe1fcd5"},"headline":"Luzern\/Kriens: K\u00fcnftiges Entwicklungsareal soll erst zwischengenutzt werden","datePublished":"2023-04-12T08:24:16+00:00","dateModified":"2024-09-03T12:29:31+00:00","mainEntityOfPage":{"@id":"https:\/\/www.immobilienbusiness.ch\/en\/ib\/2023-04-12\/luzern-kriens-kuenftiges-entwicklungsareal-soll-erst-zwischengenutzt-werden\/"},"wordCount":263,"publisher":{"@id":"https:\/\/www.immobilienbusiness.ch\/#organization"},"keywords":["Gewerbe","\u00d6ffentliche Hand","Projekt in Planung","verf\u00fcgbares Grundst\u00fcck","Wohnungen"],"articleSection":["IB+"],"inLanguage":"fr-FR"},{"@type":"WebPage","@id":"https:\/\/www.immobilienbusiness.ch\/en\/ib\/2023-04-12\/luzern-kriens-kuenftiges-entwicklungsareal-soll-erst-zwischengenutzt-werden\/","url":"https:\/\/www.immobilienbusiness.ch\/en\/ib\/2023-04-12\/luzern-kriens-kuenftiges-entwicklungsareal-soll-erst-zwischengenutzt-werden\/","name":"Lucerne\/Kriens : la future zone de d\u00e9veloppement doit d'abord \u00eatre utilis\u00e9e de mani\u00e8re interm\u00e9diaire - IMMOBILIEN Business","isPartOf":{"@id":"https:\/\/www.immobilienbusiness.ch\/#website"},"datePublished":"2023-04-12T08:24:16+00:00","dateModified":"2024-09-03T12:29:31+00:00","description":"Lucerne lance un appel d'offres pour l'utilisation temporaire du site Hinterschlund \u00e0 Kriens. Recherch\u00e9 : concepts pour une utilisation innovante du travail. 6 100 m\u00b2 disponibles.","breadcrumb":{"@id":"https:\/\/www.immobilienbusiness.ch\/en\/ib\/2023-04-12\/luzern-kriens-kuenftiges-entwicklungsareal-soll-erst-zwischengenutzt-werden\/#breadcrumb"},"inLanguage":"fr-FR","potentialAction":[{"@type":"ReadAction","target":["https:\/\/www.immobilienbusiness.ch\/en\/ib\/2023-04-12\/luzern-kriens-kuenftiges-entwicklungsareal-soll-erst-zwischengenutzt-werden\/"]}]},{"@type":"BreadcrumbList","@id":"https:\/\/www.immobilienbusiness.ch\/en\/ib\/2023-04-12\/luzern-kriens-kuenftiges-entwicklungsareal-soll-erst-zwischengenutzt-werden\/#breadcrumb","itemListElement":[{"@type":"ListItem","position":1,"name":"Home","item":"https:\/\/www.immobilienbusiness.ch\/"},{"@type":"ListItem","position":2,"name":"Luzern\/Kriens: K\u00fcnftiges Entwicklungsareal soll erst zwischengenutzt werden"}]},{"@type":"WebSite","@id":"https:\/\/www.immobilienbusiness.ch\/#website","url":"https:\/\/www.immobilienbusiness.ch\/","name":"IMMOBILIER Business","description":"Magazine \u00e9conomique suisse ind\u00e9pendant ax\u00e9 sur l'immobilier, l'architecture et la construction ainsi que sur les investissements et le financement.","publisher":{"@id":"https:\/\/www.immobilienbusiness.ch\/#organization"},"potentialAction":[{"@type":"SearchAction","target":{"@type":"EntryPoint","urlTemplate":"https:\/\/www.immobilienbusiness.ch\/?s={search_term_string}"},"query-input":{"@type":"PropertyValueSpecification","valueRequired":true,"valueName":"search_term_string"}}],"inLanguage":"fr-FR"},{"@type":"Organization","@id":"https:\/\/www.immobilienbusiness.ch\/#organization","name":"IMMOBILIER Business","url":"https:\/\/www.immobilienbusiness.ch\/","logo":{"@type":"ImageObject","inLanguage":"fr-FR","@id":"https:\/\/www.immobilienbusiness.ch\/#\/schema\/logo\/image\/","url":"https:\/\/www.immobilienbusiness.ch\/wp-content\/uploads\/2021\/07\/logo_ib.png","contentUrl":"https:\/\/www.immobilienbusiness.ch\/wp-content\/uploads\/2021\/07\/logo_ib.png","width":800,"height":181,"caption":"IMMOBILIEN Business"},"image":{"@id":"https:\/\/www.immobilienbusiness.ch\/#\/schema\/logo\/image\/"},"sameAs":["https:\/\/www.facebook.com\/immobilienbusiness\/"]},{"@type":"Person","@id":"https:\/\/www.immobilienbusiness.ch\/#\/schema\/person\/aba8bea2db926aa0c24c08c43fe1fcd5","name":"Alexander Wachter","image":{"@type":"ImageObject","inLanguage":"fr-FR","@id":"https:\/\/secure.gravatar.com\/avatar\/1a09e471f5389b0e0a6416eac287e0927c7c97a7b77f9e787eba3af7aee281dd?s=96&d=mm&r=g","url":"https:\/\/secure.gravatar.com\/avatar\/1a09e471f5389b0e0a6416eac287e0927c7c97a7b77f9e787eba3af7aee281dd?s=96&d=mm&r=g","contentUrl":"https:\/\/secure.gravatar.com\/avatar\/1a09e471f5389b0e0a6416eac287e0927c7c97a7b77f9e787eba3af7aee281dd?s=96&d=mm&r=g","caption":"Alexander Wachter"},"url":"https:\/\/www.immobilienbusiness.ch\/fr\/author\/alexander-wachter\/"}]}},"_links":{"self":[{"href":"https:\/\/www.immobilienbusiness.ch\/fr\/wp-json\/wp\/v2\/posts\/52634","targetHints":{"allow":["GET"]}}],"collection":[{"href":"https:\/\/www.immobilienbusiness.ch\/fr\/wp-json\/wp\/v2\/posts"}],"about":[{"href":"https:\/\/www.immobilienbusiness.ch\/fr\/wp-json\/wp\/v2\/types\/post"}],"author":[{"embeddable":true,"href":"https:\/\/www.immobilienbusiness.ch\/fr\/wp-json\/wp\/v2\/users\/102"}],"replies":[{"embeddable":true,"href":"https:\/\/www.immobilienbusiness.ch\/fr\/wp-json\/wp\/v2\/comments?post=52634"}],"version-history":[{"count":1,"href":"https:\/\/www.immobilienbusiness.ch\/fr\/wp-json\/wp\/v2\/posts\/52634\/revisions"}],"predecessor-version":[{"id":59633,"href":"https:\/\/www.immobilienbusiness.ch\/fr\/wp-json\/wp\/v2\/posts\/52634\/revisions\/59633"}],"wp:attachment":[{"href":"https:\/\/www.immobilienbusiness.ch\/fr\/wp-json\/wp\/v2\/media?parent=52634"}],"wp:term":[{"taxonomy":"category","embeddable":true,"href":"https:\/\/www.immobilienbusiness.ch\/fr\/wp-json\/wp\/v2\/categories?post=52634"},{"taxonomy":"post_tag","embeddable":true,"href":"https:\/\/www.immobilienbusiness.ch\/fr\/wp-json\/wp\/v2\/tags?post=52634"}],"curies":[{"name":"wp","href":"https:\/\/api.w.org\/{rel}","templated":true}]}}