{"id":52586,"date":"2023-03-15T21:13:14","date_gmt":"2023-03-15T20:13:14","guid":{"rendered":"https:\/\/develop.immobilienbusiness.ch\/?p=4709"},"modified":"2024-09-05T08:02:47","modified_gmt":"2024-09-05T06:02:47","slug":"basel-immobilien-schiedsgutachten-klaert-mietenstreit-um-bus-depot","status":"publish","type":"post","link":"https:\/\/www.immobilienbusiness.ch\/fr\/ib\/2023-03-15\/basel-immobilien-schiedsgutachten-klaert-mietenstreit-um-bus-depot\/","title":{"rendered":"B\u00e2le : une expertise immobili\u00e8re clarifie le litige sur le loyer du d\u00e9p\u00f4t de bus"},"content":{"rendered":"<div class=\"swpm-post-not-logged-in-msg\">Vous devez \u00eatre connect\u00e9 pour voir ce contenu. Veuillez consulter <a class=\"swpm-login-link\" href=\"https:\/\/www.immobilienbusiness.ch\/fr\/login\/?swpm_redirect_to=https%3A%2F%2Fwww.immobilienbusiness.ch%2Ffr%2Fwp-json%2Fwp%2Fv2%2Fposts%2F52586\">Connexion<\/a>. Vous n'\u00eates pas membre ? <a href=\"https:\/\/www.immobilienbusiness.ch\/fr\/registrieren\/\">Nous Rejoindre<\/a><\/div>","protected":false},"excerpt":{"rendered":"<p>Le rapport d'arbitrage d'un expert immobilier a d\u00e9termin\u00e9 un niveau plus bas pour le loyer que les transports publics doivent payer pour l'utilisation interm\u00e9diaire d'un hall d'exposition. Le b\u00e2timent doit faire place \u00e0 moyen terme \u00e0 un ensemble de logements.<\/p>","protected":false},"author":102,"featured_media":0,"comment_status":"closed","ping_status":"closed","sticky":false,"template":"","format":"standard","meta":{"_acf_changed":false,"_yoast_wpseo_focuskw":"Bus-Depot","_yoast_wpseo_title":"","_yoast_wpseo_metadesc":"Kanton Basel-Stadt, BVB und MCH Group einigen sich auf tiefere Miete f\u00fcr Bus-Depot in Messehalle 3: 727.480 CHF pro Jahr bis Ende 2025.","_yoast_wpseo_linkdex":46,"pgc_sgb_lightbox_settings":"","footnotes":""},"categories":[1951],"tags":[1069,2134,1600,1832,2109],"class_list":["post-52586","post","type-post","status-publish","format-standard","hentry","category-ib","tag-basel","tag-mch","tag-projekt-in-planung","tag-vermietung","tag-wohnungen"],"acf":[],"yoast_head":"<!-- This site is optimized with the Yoast SEO plugin v27.4 - https:\/\/yoast.com\/product\/yoast-seo-wordpress\/ -->\n<title>Basel: Immobilien-Schiedsgutachten kl\u00e4rt Mietenstreit um Bus-Depot - IMMOBILIEN Business<\/title>\n<meta name=\"description\" content=\"Kanton Basel-Stadt, BVB und MCH Group einigen sich auf tiefere Miete f\u00fcr Bus-Depot in Messehalle 3: 727.480 CHF pro Jahr bis Ende 2025.\" \/>\n<meta name=\"robots\" content=\"index, follow, max-snippet:-1, max-image-preview:large, max-video-preview:-1\" \/>\n<link rel=\"canonical\" href=\"https:\/\/www.immobilienbusiness.ch\/fr\/ib\/2023-03-15\/basel-immobilien-schiedsgutachten-klaert-mietenstreit-um-bus-depot\/\" \/>\n<meta property=\"og:locale\" content=\"fr_FR\" \/>\n<meta property=\"og:type\" content=\"article\" \/>\n<meta property=\"og:title\" content=\"Basel: Immobilien-Schiedsgutachten kl\u00e4rt Mietenstreit um Bus-Depot - IMMOBILIEN Business\" \/>\n<meta property=\"og:description\" content=\"Kanton Basel-Stadt, BVB und MCH Group einigen sich auf tiefere Miete f\u00fcr Bus-Depot in Messehalle 3: 727.480 CHF pro Jahr bis Ende 2025.\" \/>\n<meta property=\"og:url\" content=\"https:\/\/www.immobilienbusiness.ch\/fr\/ib\/2023-03-15\/basel-immobilien-schiedsgutachten-klaert-mietenstreit-um-bus-depot\/\" \/>\n<meta property=\"og:site_name\" content=\"IMMOBILIEN Business\" \/>\n<meta property=\"article:publisher\" content=\"https:\/\/www.facebook.com\/immobilienbusiness\/\" \/>\n<meta property=\"article:published_time\" content=\"2023-03-15T20:13:14+00:00\" \/>\n<meta property=\"article:modified_time\" content=\"2024-09-05T06:02:47+00:00\" \/>\n<meta name=\"author\" content=\"Alexander Wachter\" \/>\n<meta name=\"twitter:card\" content=\"summary_large_image\" \/>\n<script type=\"application\/ld+json\" class=\"yoast-schema-graph\">{\"@context\":\"https:\\\/\\\/schema.org\",\"@graph\":[{\"@type\":\"Article\",\"@id\":\"https:\\\/\\\/www.immobilienbusiness.ch\\\/en\\\/ib\\\/2023-03-15\\\/basel-immobilien-schiedsgutachten-klaert-mietenstreit-um-bus-depot\\\/#article\",\"isPartOf\":{\"@id\":\"https:\\\/\\\/www.immobilienbusiness.ch\\\/en\\\/ib\\\/2023-03-15\\\/basel-immobilien-schiedsgutachten-klaert-mietenstreit-um-bus-depot\\\/\"},\"author\":{\"name\":\"Alexander Wachter\",\"@id\":\"https:\\\/\\\/www.immobilienbusiness.ch\\\/#\\\/schema\\\/person\\\/aba8bea2db926aa0c24c08c43fe1fcd5\"},\"headline\":\"Basel: Immobilien-Schiedsgutachten kl\u00e4rt Mietenstreit um Bus-Depot\",\"datePublished\":\"2023-03-15T20:13:14+00:00\",\"dateModified\":\"2024-09-05T06:02:47+00:00\",\"mainEntityOfPage\":{\"@id\":\"https:\\\/\\\/www.immobilienbusiness.ch\\\/en\\\/ib\\\/2023-03-15\\\/basel-immobilien-schiedsgutachten-klaert-mietenstreit-um-bus-depot\\\/\"},\"wordCount\":195,\"publisher\":{\"@id\":\"https:\\\/\\\/www.immobilienbusiness.ch\\\/#organization\"},\"keywords\":[\"Basel\",\"MCH\",\"Projekt in Planung\",\"Vermietung\",\"Wohnungen\"],\"articleSection\":[\"IB+\"],\"inLanguage\":\"fr-FR\"},{\"@type\":\"WebPage\",\"@id\":\"https:\\\/\\\/www.immobilienbusiness.ch\\\/en\\\/ib\\\/2023-03-15\\\/basel-immobilien-schiedsgutachten-klaert-mietenstreit-um-bus-depot\\\/\",\"url\":\"https:\\\/\\\/www.immobilienbusiness.ch\\\/en\\\/ib\\\/2023-03-15\\\/basel-immobilien-schiedsgutachten-klaert-mietenstreit-um-bus-depot\\\/\",\"name\":\"Basel: Immobilien-Schiedsgutachten kl\u00e4rt Mietenstreit um Bus-Depot - IMMOBILIEN Business\",\"isPartOf\":{\"@id\":\"https:\\\/\\\/www.immobilienbusiness.ch\\\/#website\"},\"datePublished\":\"2023-03-15T20:13:14+00:00\",\"dateModified\":\"2024-09-05T06:02:47+00:00\",\"description\":\"Kanton Basel-Stadt, BVB und MCH Group einigen sich auf tiefere Miete f\u00fcr Bus-Depot in Messehalle 3: 727.480 CHF pro Jahr bis Ende 2025.\",\"breadcrumb\":{\"@id\":\"https:\\\/\\\/www.immobilienbusiness.ch\\\/en\\\/ib\\\/2023-03-15\\\/basel-immobilien-schiedsgutachten-klaert-mietenstreit-um-bus-depot\\\/#breadcrumb\"},\"inLanguage\":\"fr-FR\",\"potentialAction\":[{\"@type\":\"ReadAction\",\"target\":[\"https:\\\/\\\/www.immobilienbusiness.ch\\\/en\\\/ib\\\/2023-03-15\\\/basel-immobilien-schiedsgutachten-klaert-mietenstreit-um-bus-depot\\\/\"]}]},{\"@type\":\"BreadcrumbList\",\"@id\":\"https:\\\/\\\/www.immobilienbusiness.ch\\\/en\\\/ib\\\/2023-03-15\\\/basel-immobilien-schiedsgutachten-klaert-mietenstreit-um-bus-depot\\\/#breadcrumb\",\"itemListElement\":[{\"@type\":\"ListItem\",\"position\":1,\"name\":\"Home\",\"item\":\"https:\\\/\\\/www.immobilienbusiness.ch\\\/\"},{\"@type\":\"ListItem\",\"position\":2,\"name\":\"Basel: Immobilien-Schiedsgutachten kl\u00e4rt Mietenstreit um Bus-Depot\"}]},{\"@type\":\"WebSite\",\"@id\":\"https:\\\/\\\/www.immobilienbusiness.ch\\\/#website\",\"url\":\"https:\\\/\\\/www.immobilienbusiness.ch\\\/\",\"name\":\"IMMOBILIEN Business\",\"description\":\"Unabh\u00e4ngiges Schweizer Wirtschaftsmagazin mit Fokus auf Immobilien, Architektur- und Bau sowie Investment- und Finanzierung.\",\"publisher\":{\"@id\":\"https:\\\/\\\/www.immobilienbusiness.ch\\\/#organization\"},\"potentialAction\":[{\"@type\":\"SearchAction\",\"target\":{\"@type\":\"EntryPoint\",\"urlTemplate\":\"https:\\\/\\\/www.immobilienbusiness.ch\\\/?s={search_term_string}\"},\"query-input\":{\"@type\":\"PropertyValueSpecification\",\"valueRequired\":true,\"valueName\":\"search_term_string\"}}],\"inLanguage\":\"fr-FR\"},{\"@type\":\"Organization\",\"@id\":\"https:\\\/\\\/www.immobilienbusiness.ch\\\/#organization\",\"name\":\"IMMOBILIEN Business\",\"url\":\"https:\\\/\\\/www.immobilienbusiness.ch\\\/\",\"logo\":{\"@type\":\"ImageObject\",\"inLanguage\":\"fr-FR\",\"@id\":\"https:\\\/\\\/www.immobilienbusiness.ch\\\/#\\\/schema\\\/logo\\\/image\\\/\",\"url\":\"https:\\\/\\\/www.immobilienbusiness.ch\\\/wp-content\\\/uploads\\\/2021\\\/07\\\/logo_ib.png\",\"contentUrl\":\"https:\\\/\\\/www.immobilienbusiness.ch\\\/wp-content\\\/uploads\\\/2021\\\/07\\\/logo_ib.png\",\"width\":800,\"height\":181,\"caption\":\"IMMOBILIEN Business\"},\"image\":{\"@id\":\"https:\\\/\\\/www.immobilienbusiness.ch\\\/#\\\/schema\\\/logo\\\/image\\\/\"},\"sameAs\":[\"https:\\\/\\\/www.facebook.com\\\/immobilienbusiness\\\/\"]},{\"@type\":\"Person\",\"@id\":\"https:\\\/\\\/www.immobilienbusiness.ch\\\/#\\\/schema\\\/person\\\/aba8bea2db926aa0c24c08c43fe1fcd5\",\"name\":\"Alexander Wachter\",\"image\":{\"@type\":\"ImageObject\",\"inLanguage\":\"fr-FR\",\"@id\":\"https:\\\/\\\/secure.gravatar.com\\\/avatar\\\/1a09e471f5389b0e0a6416eac287e0927c7c97a7b77f9e787eba3af7aee281dd?s=96&d=mm&r=g\",\"url\":\"https:\\\/\\\/secure.gravatar.com\\\/avatar\\\/1a09e471f5389b0e0a6416eac287e0927c7c97a7b77f9e787eba3af7aee281dd?s=96&d=mm&r=g\",\"contentUrl\":\"https:\\\/\\\/secure.gravatar.com\\\/avatar\\\/1a09e471f5389b0e0a6416eac287e0927c7c97a7b77f9e787eba3af7aee281dd?s=96&d=mm&r=g\",\"caption\":\"Alexander Wachter\"},\"url\":\"https:\\\/\\\/www.immobilienbusiness.ch\\\/fr\\\/author\\\/alexander-wachter\\\/\"}]}<\/script>\n<!-- \/ Yoast SEO plugin. -->","yoast_head_json":{"title":"Basel: Immobilien-Schiedsgutachten kl\u00e4rt Mietenstreit um Bus-Depot - IMMOBILIEN Business","description":"Kanton Basel-Stadt, BVB und MCH Group einigen sich auf tiefere Miete f\u00fcr Bus-Depot in Messehalle 3: 727.480 CHF pro Jahr bis Ende 2025.","robots":{"index":"index","follow":"follow","max-snippet":"max-snippet:-1","max-image-preview":"max-image-preview:large","max-video-preview":"max-video-preview:-1"},"canonical":"https:\/\/www.immobilienbusiness.ch\/fr\/ib\/2023-03-15\/basel-immobilien-schiedsgutachten-klaert-mietenstreit-um-bus-depot\/","og_locale":"fr_FR","og_type":"article","og_title":"Basel: Immobilien-Schiedsgutachten kl\u00e4rt Mietenstreit um Bus-Depot - IMMOBILIEN Business","og_description":"Kanton Basel-Stadt, BVB und MCH Group einigen sich auf tiefere Miete f\u00fcr Bus-Depot in Messehalle 3: 727.480 CHF pro Jahr bis Ende 2025.","og_url":"https:\/\/www.immobilienbusiness.ch\/fr\/ib\/2023-03-15\/basel-immobilien-schiedsgutachten-klaert-mietenstreit-um-bus-depot\/","og_site_name":"IMMOBILIEN Business","article_publisher":"https:\/\/www.facebook.com\/immobilienbusiness\/","article_published_time":"2023-03-15T20:13:14+00:00","article_modified_time":"2024-09-05T06:02:47+00:00","author":"Alexander Wachter","twitter_card":"summary_large_image","schema":{"@context":"https:\/\/schema.org","@graph":[{"@type":"Article","@id":"https:\/\/www.immobilienbusiness.ch\/en\/ib\/2023-03-15\/basel-immobilien-schiedsgutachten-klaert-mietenstreit-um-bus-depot\/#article","isPartOf":{"@id":"https:\/\/www.immobilienbusiness.ch\/en\/ib\/2023-03-15\/basel-immobilien-schiedsgutachten-klaert-mietenstreit-um-bus-depot\/"},"author":{"name":"Alexander Wachter","@id":"https:\/\/www.immobilienbusiness.ch\/#\/schema\/person\/aba8bea2db926aa0c24c08c43fe1fcd5"},"headline":"Basel: Immobilien-Schiedsgutachten kl\u00e4rt Mietenstreit um Bus-Depot","datePublished":"2023-03-15T20:13:14+00:00","dateModified":"2024-09-05T06:02:47+00:00","mainEntityOfPage":{"@id":"https:\/\/www.immobilienbusiness.ch\/en\/ib\/2023-03-15\/basel-immobilien-schiedsgutachten-klaert-mietenstreit-um-bus-depot\/"},"wordCount":195,"publisher":{"@id":"https:\/\/www.immobilienbusiness.ch\/#organization"},"keywords":["Basel","MCH","Projekt in Planung","Vermietung","Wohnungen"],"articleSection":["IB+"],"inLanguage":"fr-FR"},{"@type":"WebPage","@id":"https:\/\/www.immobilienbusiness.ch\/en\/ib\/2023-03-15\/basel-immobilien-schiedsgutachten-klaert-mietenstreit-um-bus-depot\/","url":"https:\/\/www.immobilienbusiness.ch\/en\/ib\/2023-03-15\/basel-immobilien-schiedsgutachten-klaert-mietenstreit-um-bus-depot\/","name":"Basel: Immobilien-Schiedsgutachten kl\u00e4rt Mietenstreit um Bus-Depot - IMMOBILIEN Business","isPartOf":{"@id":"https:\/\/www.immobilienbusiness.ch\/#website"},"datePublished":"2023-03-15T20:13:14+00:00","dateModified":"2024-09-05T06:02:47+00:00","description":"Kanton Basel-Stadt, BVB und MCH Group einigen sich auf tiefere Miete f\u00fcr Bus-Depot in Messehalle 3: 727.480 CHF pro Jahr bis Ende 2025.","breadcrumb":{"@id":"https:\/\/www.immobilienbusiness.ch\/en\/ib\/2023-03-15\/basel-immobilien-schiedsgutachten-klaert-mietenstreit-um-bus-depot\/#breadcrumb"},"inLanguage":"fr-FR","potentialAction":[{"@type":"ReadAction","target":["https:\/\/www.immobilienbusiness.ch\/en\/ib\/2023-03-15\/basel-immobilien-schiedsgutachten-klaert-mietenstreit-um-bus-depot\/"]}]},{"@type":"BreadcrumbList","@id":"https:\/\/www.immobilienbusiness.ch\/en\/ib\/2023-03-15\/basel-immobilien-schiedsgutachten-klaert-mietenstreit-um-bus-depot\/#breadcrumb","itemListElement":[{"@type":"ListItem","position":1,"name":"Home","item":"https:\/\/www.immobilienbusiness.ch\/"},{"@type":"ListItem","position":2,"name":"Basel: Immobilien-Schiedsgutachten kl\u00e4rt Mietenstreit um Bus-Depot"}]},{"@type":"WebSite","@id":"https:\/\/www.immobilienbusiness.ch\/#website","url":"https:\/\/www.immobilienbusiness.ch\/","name":"IMMOBILIER Business","description":"Magazine \u00e9conomique suisse ind\u00e9pendant ax\u00e9 sur l'immobilier, l'architecture et la construction ainsi que sur les investissements et le financement.","publisher":{"@id":"https:\/\/www.immobilienbusiness.ch\/#organization"},"potentialAction":[{"@type":"SearchAction","target":{"@type":"EntryPoint","urlTemplate":"https:\/\/www.immobilienbusiness.ch\/?s={search_term_string}"},"query-input":{"@type":"PropertyValueSpecification","valueRequired":true,"valueName":"search_term_string"}}],"inLanguage":"fr-FR"},{"@type":"Organization","@id":"https:\/\/www.immobilienbusiness.ch\/#organization","name":"IMMOBILIER Business","url":"https:\/\/www.immobilienbusiness.ch\/","logo":{"@type":"ImageObject","inLanguage":"fr-FR","@id":"https:\/\/www.immobilienbusiness.ch\/#\/schema\/logo\/image\/","url":"https:\/\/www.immobilienbusiness.ch\/wp-content\/uploads\/2021\/07\/logo_ib.png","contentUrl":"https:\/\/www.immobilienbusiness.ch\/wp-content\/uploads\/2021\/07\/logo_ib.png","width":800,"height":181,"caption":"IMMOBILIEN Business"},"image":{"@id":"https:\/\/www.immobilienbusiness.ch\/#\/schema\/logo\/image\/"},"sameAs":["https:\/\/www.facebook.com\/immobilienbusiness\/"]},{"@type":"Person","@id":"https:\/\/www.immobilienbusiness.ch\/#\/schema\/person\/aba8bea2db926aa0c24c08c43fe1fcd5","name":"Alexander Wachter","image":{"@type":"ImageObject","inLanguage":"fr-FR","@id":"https:\/\/secure.gravatar.com\/avatar\/1a09e471f5389b0e0a6416eac287e0927c7c97a7b77f9e787eba3af7aee281dd?s=96&d=mm&r=g","url":"https:\/\/secure.gravatar.com\/avatar\/1a09e471f5389b0e0a6416eac287e0927c7c97a7b77f9e787eba3af7aee281dd?s=96&d=mm&r=g","contentUrl":"https:\/\/secure.gravatar.com\/avatar\/1a09e471f5389b0e0a6416eac287e0927c7c97a7b77f9e787eba3af7aee281dd?s=96&d=mm&r=g","caption":"Alexander Wachter"},"url":"https:\/\/www.immobilienbusiness.ch\/fr\/author\/alexander-wachter\/"}]}},"_links":{"self":[{"href":"https:\/\/www.immobilienbusiness.ch\/fr\/wp-json\/wp\/v2\/posts\/52586","targetHints":{"allow":["GET"]}}],"collection":[{"href":"https:\/\/www.immobilienbusiness.ch\/fr\/wp-json\/wp\/v2\/posts"}],"about":[{"href":"https:\/\/www.immobilienbusiness.ch\/fr\/wp-json\/wp\/v2\/types\/post"}],"author":[{"embeddable":true,"href":"https:\/\/www.immobilienbusiness.ch\/fr\/wp-json\/wp\/v2\/users\/102"}],"replies":[{"embeddable":true,"href":"https:\/\/www.immobilienbusiness.ch\/fr\/wp-json\/wp\/v2\/comments?post=52586"}],"version-history":[{"count":1,"href":"https:\/\/www.immobilienbusiness.ch\/fr\/wp-json\/wp\/v2\/posts\/52586\/revisions"}],"predecessor-version":[{"id":59751,"href":"https:\/\/www.immobilienbusiness.ch\/fr\/wp-json\/wp\/v2\/posts\/52586\/revisions\/59751"}],"wp:attachment":[{"href":"https:\/\/www.immobilienbusiness.ch\/fr\/wp-json\/wp\/v2\/media?parent=52586"}],"wp:term":[{"taxonomy":"category","embeddable":true,"href":"https:\/\/www.immobilienbusiness.ch\/fr\/wp-json\/wp\/v2\/categories?post=52586"},{"taxonomy":"post_tag","embeddable":true,"href":"https:\/\/www.immobilienbusiness.ch\/fr\/wp-json\/wp\/v2\/tags?post=52586"}],"curies":[{"name":"wp","href":"https:\/\/api.w.org\/{rel}","templated":true}]}}