{"id":5257,"date":"2016-12-14T16:15:50","date_gmt":"2016-12-14T15:15:50","guid":{"rendered":"https:\/\/immobilienbusiness.ch\/?p=5257"},"modified":"2016-12-14T16:15:50","modified_gmt":"2016-12-14T15:15:50","slug":"umnutzung-neues-ortsbild-fuer-mels","status":"publish","type":"post","link":"https:\/\/www.immobilienbusiness.ch\/fr\/allgemein\/2016-12-14\/umnutzung-neues-ortsbild-fuer-mels\/","title":{"rendered":"Conversion : Nouveau paysage urbain pour Mels"},"content":{"rendered":"<figure id=\"attachment_5258\" aria-describedby=\"caption-attachment-5258\" style=\"width: 680px\" class=\"wp-caption alignnone\"><img loading=\"lazy\" decoding=\"async\" class=\"size-medium wp-image-5258\" src=\"https:\/\/immobilienbusiness.ch\/wp-content\/uploads\/2016\/12\/Uptwon-Mels.png\" alt=\"\" width=\"680\" height=\"320\" srcset=\"https:\/\/www.immobilienbusiness.ch\/wp-content\/uploads\/2016\/12\/Uptwon-Mels.png 700w, https:\/\/www.immobilienbusiness.ch\/wp-content\/uploads\/2016\/12\/Uptwon-Mels-300x141.png 300w, https:\/\/www.immobilienbusiness.ch\/wp-content\/uploads\/2016\/12\/Uptwon-Mels-16x8.png 16w, https:\/\/www.immobilienbusiness.ch\/wp-content\/uploads\/2016\/12\/Uptwon-Mels-372x175.png 372w\" sizes=\"auto, (max-width: 680px) 100vw, 680px\" \/><figcaption id=\"caption-attachment-5258\" class=\"wp-caption-text\">Le site de la fabrique de textile Stoffels \u00e0 Mels va \u00eatre r\u00e9am\u00e9nag\u00e9 (photo : Uptown Mels)<\/figcaption><\/figure>\n<p>Dans le cadre de la r\u00e9affectation, le b\u00e2timent d'usine marquant du 19\u00e8me si\u00e8cle, situ\u00e9 sur le flanc de la colline avec vue sur la vall\u00e9e du Rhin, sera accompagn\u00e9 d'un nouveau b\u00e2timent r\u00e9guli\u00e8rement structur\u00e9 horizontalement et verticalement. Il comprendra 75 appartements de 2,5 \u00e0 5,5 pi\u00e8ces, des ateliers commerciaux au rez-de-chauss\u00e9e et un parking souterrain de deux \u00e9tages. La fin des travaux est pr\u00e9vue pour le printemps 2019.<\/p>\n<p>La demande de permis de construire comprend \u00e9galement la construction d'un funiculaire enti\u00e8rement automatique et l'am\u00e9nagement du parc de l'usine. Dans le parc, une piscine naturelle avec sauna, des barbecues et une aire de jeux pour enfants sont pr\u00e9vus autour de l'ancien r\u00e9servoir de diesel. La station sup\u00e9rieure du funiculaire se trouvera entre le nouveau b\u00e2timent et la centrale \u00e9lectrique. Celui-ci reliera \u00e0 l'avenir le site au centre du village de Mels. (ah)<\/p>","protected":false},"excerpt":{"rendered":"<p>La reconversion de l'ancienne usine textile Stoffel \u00e0 Mels (SG) prend de l'ampleur. Apr\u00e8s l'obtention du permis de construire pour la premi\u00e8re \u00e9tape il y a un bon mois, la demande de permis de construire pour la deuxi\u00e8me \u00e9tape du projet \"Uptown Mels\" vient d'\u00eatre d\u00e9pos\u00e9e. <\/p>","protected":false},"author":3,"featured_media":5258,"comment_status":"open","ping_status":"open","sticky":false,"template":"","format":"standard","meta":{"_acf_changed":false,"_yoast_wpseo_focuskw":"Mels Umnutzung Stoffel-Areal","_yoast_wpseo_title":"","_yoast_wpseo_metadesc":"Die Umnutzung der ehemaligen Textilfabrik Stoffel in Mels (SG) nimmt an Fahrt auf. Das Baugesuch f\u00fcr die zweite Etappe wurde jetzt eingereicht.","_yoast_wpseo_linkdex":46,"pgc_sgb_lightbox_settings":"","footnotes":""},"categories":[1,985],"tags":[1546,1601],"class_list":["post-5257","post","type-post","status-publish","format-standard","has-post-thumbnail","hentry","category-allgemein","category-regionen","tag-ost-schweiz","tag-projektentwicklung"],"acf":[],"yoast_head":"<!-- This site is optimized with the Yoast SEO plugin v27.4 - https:\/\/yoast.com\/product\/yoast-seo-wordpress\/ -->\n<title>Umnutzung: Neues Ortsbild f\u00fcr Mels - IMMOBILIEN Business<\/title>\n<meta name=\"description\" content=\"Die Umnutzung der ehemaligen Textilfabrik Stoffel in Mels (SG) nimmt an Fahrt auf. Das Baugesuch f\u00fcr die zweite Etappe wurde jetzt eingereicht.\" \/>\n<meta name=\"robots\" content=\"index, follow, max-snippet:-1, max-image-preview:large, max-video-preview:-1\" \/>\n<link rel=\"canonical\" href=\"https:\/\/www.immobilienbusiness.ch\/fr\/allgemein\/2016-12-14\/umnutzung-neues-ortsbild-fuer-mels\/\" \/>\n<meta property=\"og:locale\" content=\"fr_FR\" \/>\n<meta property=\"og:type\" content=\"article\" \/>\n<meta property=\"og:title\" content=\"Umnutzung: Neues Ortsbild f\u00fcr Mels\" \/>\n<meta property=\"og:description\" content=\"Die Umnutzung der ehemaligen Textilfabrik Stoffel in Mels (SG) nimmt an Fahrt auf. Nachdem vor einem guten Monat die Baubewilligung f\u00fcr die erste Etappe erteilt wurde, ist nun das Baugesuch f\u00fcr die zweite Etappe des Projekts \u00abUptown Mels\u00bb eingereicht worden.\" \/>\n<meta property=\"og:url\" content=\"https:\/\/www.immobilienbusiness.ch\/fr\/allgemein\/2016-12-14\/umnutzung-neues-ortsbild-fuer-mels\/\" \/>\n<meta property=\"og:site_name\" content=\"IMMOBILIEN Business\" \/>\n<meta property=\"article:publisher\" content=\"https:\/\/www.facebook.com\/immobilienbusiness\/\" \/>\n<meta property=\"article:published_time\" content=\"2016-12-14T15:15:50+00:00\" \/>\n<meta name=\"author\" content=\"anja.hall\" \/>\n<meta name=\"twitter:card\" content=\"summary_large_image\" \/>\n<meta name=\"twitter:title\" content=\"Umnutzung: Neues Ortsbild f\u00fcr Mels\" \/>\n<meta name=\"twitter:description\" content=\"Die Umnutzung der ehemaligen Textilfabrik Stoffel in Mels (SG) nimmt an Fahrt auf. Das Baugesuch f\u00fcr die zweite Etappe wurde jetzt eingereicht.\" \/>\n<meta name=\"twitter:image\" content=\"https:\/\/immobilienbusiness.ch\/wp-content\/uploads\/2016\/12\/Uptwon-Mels.png\" \/>\n<script type=\"application\/ld+json\" class=\"yoast-schema-graph\">{\"@context\":\"https:\\\/\\\/schema.org\",\"@graph\":[{\"@type\":\"Article\",\"@id\":\"https:\\\/\\\/www.immobilienbusiness.ch\\\/en\\\/allgemein\\\/2016-12-14\\\/umnutzung-neues-ortsbild-fuer-mels\\\/#article\",\"isPartOf\":{\"@id\":\"https:\\\/\\\/www.immobilienbusiness.ch\\\/en\\\/allgemein\\\/2016-12-14\\\/umnutzung-neues-ortsbild-fuer-mels\\\/\"},\"author\":{\"name\":\"anja.hall\",\"@id\":\"https:\\\/\\\/www.immobilienbusiness.ch\\\/#\\\/schema\\\/person\\\/3fc036297b10b9f42d6db5ee932af8c8\"},\"headline\":\"Umnutzung: Neues Ortsbild f\u00fcr Mels\",\"datePublished\":\"2016-12-14T15:15:50+00:00\",\"mainEntityOfPage\":{\"@id\":\"https:\\\/\\\/www.immobilienbusiness.ch\\\/en\\\/allgemein\\\/2016-12-14\\\/umnutzung-neues-ortsbild-fuer-mels\\\/\"},\"wordCount\":132,\"commentCount\":0,\"publisher\":{\"@id\":\"https:\\\/\\\/www.immobilienbusiness.ch\\\/#organization\"},\"image\":{\"@id\":\"https:\\\/\\\/www.immobilienbusiness.ch\\\/en\\\/allgemein\\\/2016-12-14\\\/umnutzung-neues-ortsbild-fuer-mels\\\/#primaryimage\"},\"thumbnailUrl\":\"https:\\\/\\\/www.immobilienbusiness.ch\\\/wp-content\\\/uploads\\\/2016\\\/12\\\/Uptwon-Mels.png\",\"keywords\":[\"Ost-Schweiz\",\"Projektentwicklung\"],\"articleSection\":[\"Allgemein\",\"REGIONEN\"],\"inLanguage\":\"fr-FR\"},{\"@type\":\"WebPage\",\"@id\":\"https:\\\/\\\/www.immobilienbusiness.ch\\\/en\\\/allgemein\\\/2016-12-14\\\/umnutzung-neues-ortsbild-fuer-mels\\\/\",\"url\":\"https:\\\/\\\/www.immobilienbusiness.ch\\\/en\\\/allgemein\\\/2016-12-14\\\/umnutzung-neues-ortsbild-fuer-mels\\\/\",\"name\":\"Umnutzung: Neues Ortsbild f\u00fcr Mels - IMMOBILIEN Business\",\"isPartOf\":{\"@id\":\"https:\\\/\\\/www.immobilienbusiness.ch\\\/#website\"},\"primaryImageOfPage\":{\"@id\":\"https:\\\/\\\/www.immobilienbusiness.ch\\\/en\\\/allgemein\\\/2016-12-14\\\/umnutzung-neues-ortsbild-fuer-mels\\\/#primaryimage\"},\"image\":{\"@id\":\"https:\\\/\\\/www.immobilienbusiness.ch\\\/en\\\/allgemein\\\/2016-12-14\\\/umnutzung-neues-ortsbild-fuer-mels\\\/#primaryimage\"},\"thumbnailUrl\":\"https:\\\/\\\/www.immobilienbusiness.ch\\\/wp-content\\\/uploads\\\/2016\\\/12\\\/Uptwon-Mels.png\",\"datePublished\":\"2016-12-14T15:15:50+00:00\",\"description\":\"Die Umnutzung der ehemaligen Textilfabrik Stoffel in Mels (SG) nimmt an Fahrt auf. Das Baugesuch f\u00fcr die zweite Etappe wurde jetzt eingereicht.\",\"breadcrumb\":{\"@id\":\"https:\\\/\\\/www.immobilienbusiness.ch\\\/en\\\/allgemein\\\/2016-12-14\\\/umnutzung-neues-ortsbild-fuer-mels\\\/#breadcrumb\"},\"inLanguage\":\"fr-FR\",\"potentialAction\":[{\"@type\":\"ReadAction\",\"target\":[\"https:\\\/\\\/www.immobilienbusiness.ch\\\/en\\\/allgemein\\\/2016-12-14\\\/umnutzung-neues-ortsbild-fuer-mels\\\/\"]}]},{\"@type\":\"ImageObject\",\"inLanguage\":\"fr-FR\",\"@id\":\"https:\\\/\\\/www.immobilienbusiness.ch\\\/en\\\/allgemein\\\/2016-12-14\\\/umnutzung-neues-ortsbild-fuer-mels\\\/#primaryimage\",\"url\":\"https:\\\/\\\/www.immobilienbusiness.ch\\\/wp-content\\\/uploads\\\/2016\\\/12\\\/Uptwon-Mels.png\",\"contentUrl\":\"https:\\\/\\\/www.immobilienbusiness.ch\\\/wp-content\\\/uploads\\\/2016\\\/12\\\/Uptwon-Mels.png\",\"width\":700,\"height\":329,\"caption\":\"Das Areal der Textilfabrik Stoffels in Mels wird umgestaltet (Bild: Uptown Mels)\"},{\"@type\":\"BreadcrumbList\",\"@id\":\"https:\\\/\\\/www.immobilienbusiness.ch\\\/en\\\/allgemein\\\/2016-12-14\\\/umnutzung-neues-ortsbild-fuer-mels\\\/#breadcrumb\",\"itemListElement\":[{\"@type\":\"ListItem\",\"position\":1,\"name\":\"Home\",\"item\":\"https:\\\/\\\/www.immobilienbusiness.ch\\\/\"},{\"@type\":\"ListItem\",\"position\":2,\"name\":\"Umnutzung: Neues Ortsbild f\u00fcr Mels\"}]},{\"@type\":\"WebSite\",\"@id\":\"https:\\\/\\\/www.immobilienbusiness.ch\\\/#website\",\"url\":\"https:\\\/\\\/www.immobilienbusiness.ch\\\/\",\"name\":\"IMMOBILIEN Business\",\"description\":\"Unabh\u00e4ngiges Schweizer Wirtschaftsmagazin mit Fokus auf Immobilien, Architektur- und Bau sowie Investment- und Finanzierung.\",\"publisher\":{\"@id\":\"https:\\\/\\\/www.immobilienbusiness.ch\\\/#organization\"},\"potentialAction\":[{\"@type\":\"SearchAction\",\"target\":{\"@type\":\"EntryPoint\",\"urlTemplate\":\"https:\\\/\\\/www.immobilienbusiness.ch\\\/?s={search_term_string}\"},\"query-input\":{\"@type\":\"PropertyValueSpecification\",\"valueRequired\":true,\"valueName\":\"search_term_string\"}}],\"inLanguage\":\"fr-FR\"},{\"@type\":\"Organization\",\"@id\":\"https:\\\/\\\/www.immobilienbusiness.ch\\\/#organization\",\"name\":\"IMMOBILIEN Business\",\"url\":\"https:\\\/\\\/www.immobilienbusiness.ch\\\/\",\"logo\":{\"@type\":\"ImageObject\",\"inLanguage\":\"fr-FR\",\"@id\":\"https:\\\/\\\/www.immobilienbusiness.ch\\\/#\\\/schema\\\/logo\\\/image\\\/\",\"url\":\"https:\\\/\\\/www.immobilienbusiness.ch\\\/wp-content\\\/uploads\\\/2021\\\/07\\\/logo_ib.png\",\"contentUrl\":\"https:\\\/\\\/www.immobilienbusiness.ch\\\/wp-content\\\/uploads\\\/2021\\\/07\\\/logo_ib.png\",\"width\":800,\"height\":181,\"caption\":\"IMMOBILIEN Business\"},\"image\":{\"@id\":\"https:\\\/\\\/www.immobilienbusiness.ch\\\/#\\\/schema\\\/logo\\\/image\\\/\"},\"sameAs\":[\"https:\\\/\\\/www.facebook.com\\\/immobilienbusiness\\\/\"]},{\"@type\":\"Person\",\"@id\":\"https:\\\/\\\/www.immobilienbusiness.ch\\\/#\\\/schema\\\/person\\\/3fc036297b10b9f42d6db5ee932af8c8\",\"name\":\"anja.hall\",\"image\":{\"@type\":\"ImageObject\",\"inLanguage\":\"fr-FR\",\"@id\":\"https:\\\/\\\/secure.gravatar.com\\\/avatar\\\/066b5a0d447013502c71a5782f4f3469f03cfe595cc2329fb94652fe47511bfb?s=96&d=mm&r=g\",\"url\":\"https:\\\/\\\/secure.gravatar.com\\\/avatar\\\/066b5a0d447013502c71a5782f4f3469f03cfe595cc2329fb94652fe47511bfb?s=96&d=mm&r=g\",\"contentUrl\":\"https:\\\/\\\/secure.gravatar.com\\\/avatar\\\/066b5a0d447013502c71a5782f4f3469f03cfe595cc2329fb94652fe47511bfb?s=96&d=mm&r=g\",\"caption\":\"anja.hall\"},\"url\":\"https:\\\/\\\/www.immobilienbusiness.ch\\\/fr\\\/author\\\/anja-hall\\\/\"}]}<\/script>\n<!-- \/ Yoast SEO plugin. -->","yoast_head_json":{"title":"Changement d'affectation : une nouvelle image pour Mels - IMMOBILIER Business","description":"La r\u00e9affectation de l'ancienne usine textile Stoffel \u00e0 Mels (SG) prend de l'ampleur. La demande de permis de construire pour la deuxi\u00e8me \u00e9tape vient d'\u00eatre d\u00e9pos\u00e9e.","robots":{"index":"index","follow":"follow","max-snippet":"max-snippet:-1","max-image-preview":"max-image-preview:large","max-video-preview":"max-video-preview:-1"},"canonical":"https:\/\/www.immobilienbusiness.ch\/fr\/allgemein\/2016-12-14\/umnutzung-neues-ortsbild-fuer-mels\/","og_locale":"fr_FR","og_type":"article","og_title":"Umnutzung: Neues Ortsbild f\u00fcr Mels","og_description":"Die Umnutzung der ehemaligen Textilfabrik Stoffel in Mels (SG) nimmt an Fahrt auf. Nachdem vor einem guten Monat die Baubewilligung f\u00fcr die erste Etappe erteilt wurde, ist nun das Baugesuch f\u00fcr die zweite Etappe des Projekts \u00abUptown Mels\u00bb eingereicht worden.","og_url":"https:\/\/www.immobilienbusiness.ch\/fr\/allgemein\/2016-12-14\/umnutzung-neues-ortsbild-fuer-mels\/","og_site_name":"IMMOBILIEN Business","article_publisher":"https:\/\/www.facebook.com\/immobilienbusiness\/","article_published_time":"2016-12-14T15:15:50+00:00","author":"anja.hall","twitter_card":"summary_large_image","twitter_title":"Umnutzung: Neues Ortsbild f\u00fcr Mels","twitter_description":"Die Umnutzung der ehemaligen Textilfabrik Stoffel in Mels (SG) nimmt an Fahrt auf. Das Baugesuch f\u00fcr die zweite Etappe wurde jetzt eingereicht.","twitter_image":"https:\/\/immobilienbusiness.ch\/wp-content\/uploads\/2016\/12\/Uptwon-Mels.png","schema":{"@context":"https:\/\/schema.org","@graph":[{"@type":"Article","@id":"https:\/\/www.immobilienbusiness.ch\/en\/allgemein\/2016-12-14\/umnutzung-neues-ortsbild-fuer-mels\/#article","isPartOf":{"@id":"https:\/\/www.immobilienbusiness.ch\/en\/allgemein\/2016-12-14\/umnutzung-neues-ortsbild-fuer-mels\/"},"author":{"name":"anja.hall","@id":"https:\/\/www.immobilienbusiness.ch\/#\/schema\/person\/3fc036297b10b9f42d6db5ee932af8c8"},"headline":"Umnutzung: Neues Ortsbild f\u00fcr Mels","datePublished":"2016-12-14T15:15:50+00:00","mainEntityOfPage":{"@id":"https:\/\/www.immobilienbusiness.ch\/en\/allgemein\/2016-12-14\/umnutzung-neues-ortsbild-fuer-mels\/"},"wordCount":132,"commentCount":0,"publisher":{"@id":"https:\/\/www.immobilienbusiness.ch\/#organization"},"image":{"@id":"https:\/\/www.immobilienbusiness.ch\/en\/allgemein\/2016-12-14\/umnutzung-neues-ortsbild-fuer-mels\/#primaryimage"},"thumbnailUrl":"https:\/\/www.immobilienbusiness.ch\/wp-content\/uploads\/2016\/12\/Uptwon-Mels.png","keywords":["Ost-Schweiz","Projektentwicklung"],"articleSection":["Allgemein","REGIONEN"],"inLanguage":"fr-FR"},{"@type":"WebPage","@id":"https:\/\/www.immobilienbusiness.ch\/en\/allgemein\/2016-12-14\/umnutzung-neues-ortsbild-fuer-mels\/","url":"https:\/\/www.immobilienbusiness.ch\/en\/allgemein\/2016-12-14\/umnutzung-neues-ortsbild-fuer-mels\/","name":"Changement d'affectation : une nouvelle image pour Mels - IMMOBILIER Business","isPartOf":{"@id":"https:\/\/www.immobilienbusiness.ch\/#website"},"primaryImageOfPage":{"@id":"https:\/\/www.immobilienbusiness.ch\/en\/allgemein\/2016-12-14\/umnutzung-neues-ortsbild-fuer-mels\/#primaryimage"},"image":{"@id":"https:\/\/www.immobilienbusiness.ch\/en\/allgemein\/2016-12-14\/umnutzung-neues-ortsbild-fuer-mels\/#primaryimage"},"thumbnailUrl":"https:\/\/www.immobilienbusiness.ch\/wp-content\/uploads\/2016\/12\/Uptwon-Mels.png","datePublished":"2016-12-14T15:15:50+00:00","description":"La r\u00e9affectation de l'ancienne usine textile Stoffel \u00e0 Mels (SG) prend de l'ampleur. La demande de permis de construire pour la deuxi\u00e8me \u00e9tape vient d'\u00eatre d\u00e9pos\u00e9e.","breadcrumb":{"@id":"https:\/\/www.immobilienbusiness.ch\/en\/allgemein\/2016-12-14\/umnutzung-neues-ortsbild-fuer-mels\/#breadcrumb"},"inLanguage":"fr-FR","potentialAction":[{"@type":"ReadAction","target":["https:\/\/www.immobilienbusiness.ch\/en\/allgemein\/2016-12-14\/umnutzung-neues-ortsbild-fuer-mels\/"]}]},{"@type":"ImageObject","inLanguage":"fr-FR","@id":"https:\/\/www.immobilienbusiness.ch\/en\/allgemein\/2016-12-14\/umnutzung-neues-ortsbild-fuer-mels\/#primaryimage","url":"https:\/\/www.immobilienbusiness.ch\/wp-content\/uploads\/2016\/12\/Uptwon-Mels.png","contentUrl":"https:\/\/www.immobilienbusiness.ch\/wp-content\/uploads\/2016\/12\/Uptwon-Mels.png","width":700,"height":329,"caption":"Das Areal der Textilfabrik Stoffels in Mels wird umgestaltet (Bild: Uptown Mels)"},{"@type":"BreadcrumbList","@id":"https:\/\/www.immobilienbusiness.ch\/en\/allgemein\/2016-12-14\/umnutzung-neues-ortsbild-fuer-mels\/#breadcrumb","itemListElement":[{"@type":"ListItem","position":1,"name":"Home","item":"https:\/\/www.immobilienbusiness.ch\/"},{"@type":"ListItem","position":2,"name":"Umnutzung: Neues Ortsbild f\u00fcr Mels"}]},{"@type":"WebSite","@id":"https:\/\/www.immobilienbusiness.ch\/#website","url":"https:\/\/www.immobilienbusiness.ch\/","name":"IMMOBILIER Business","description":"Magazine \u00e9conomique suisse ind\u00e9pendant ax\u00e9 sur l'immobilier, l'architecture et la construction ainsi que sur les investissements et le financement.","publisher":{"@id":"https:\/\/www.immobilienbusiness.ch\/#organization"},"potentialAction":[{"@type":"SearchAction","target":{"@type":"EntryPoint","urlTemplate":"https:\/\/www.immobilienbusiness.ch\/?s={search_term_string}"},"query-input":{"@type":"PropertyValueSpecification","valueRequired":true,"valueName":"search_term_string"}}],"inLanguage":"fr-FR"},{"@type":"Organization","@id":"https:\/\/www.immobilienbusiness.ch\/#organization","name":"IMMOBILIER Business","url":"https:\/\/www.immobilienbusiness.ch\/","logo":{"@type":"ImageObject","inLanguage":"fr-FR","@id":"https:\/\/www.immobilienbusiness.ch\/#\/schema\/logo\/image\/","url":"https:\/\/www.immobilienbusiness.ch\/wp-content\/uploads\/2021\/07\/logo_ib.png","contentUrl":"https:\/\/www.immobilienbusiness.ch\/wp-content\/uploads\/2021\/07\/logo_ib.png","width":800,"height":181,"caption":"IMMOBILIEN Business"},"image":{"@id":"https:\/\/www.immobilienbusiness.ch\/#\/schema\/logo\/image\/"},"sameAs":["https:\/\/www.facebook.com\/immobilienbusiness\/"]},{"@type":"Person","@id":"https:\/\/www.immobilienbusiness.ch\/#\/schema\/person\/3fc036297b10b9f42d6db5ee932af8c8","name":"anja.hall","image":{"@type":"ImageObject","inLanguage":"fr-FR","@id":"https:\/\/secure.gravatar.com\/avatar\/066b5a0d447013502c71a5782f4f3469f03cfe595cc2329fb94652fe47511bfb?s=96&d=mm&r=g","url":"https:\/\/secure.gravatar.com\/avatar\/066b5a0d447013502c71a5782f4f3469f03cfe595cc2329fb94652fe47511bfb?s=96&d=mm&r=g","contentUrl":"https:\/\/secure.gravatar.com\/avatar\/066b5a0d447013502c71a5782f4f3469f03cfe595cc2329fb94652fe47511bfb?s=96&d=mm&r=g","caption":"anja.hall"},"url":"https:\/\/www.immobilienbusiness.ch\/fr\/author\/anja-hall\/"}]}},"_links":{"self":[{"href":"https:\/\/www.immobilienbusiness.ch\/fr\/wp-json\/wp\/v2\/posts\/5257","targetHints":{"allow":["GET"]}}],"collection":[{"href":"https:\/\/www.immobilienbusiness.ch\/fr\/wp-json\/wp\/v2\/posts"}],"about":[{"href":"https:\/\/www.immobilienbusiness.ch\/fr\/wp-json\/wp\/v2\/types\/post"}],"author":[{"embeddable":true,"href":"https:\/\/www.immobilienbusiness.ch\/fr\/wp-json\/wp\/v2\/users\/3"}],"replies":[{"embeddable":true,"href":"https:\/\/www.immobilienbusiness.ch\/fr\/wp-json\/wp\/v2\/comments?post=5257"}],"version-history":[{"count":0,"href":"https:\/\/www.immobilienbusiness.ch\/fr\/wp-json\/wp\/v2\/posts\/5257\/revisions"}],"wp:featuredmedia":[{"embeddable":true,"href":"https:\/\/www.immobilienbusiness.ch\/fr\/wp-json\/wp\/v2\/media\/5258"}],"wp:attachment":[{"href":"https:\/\/www.immobilienbusiness.ch\/fr\/wp-json\/wp\/v2\/media?parent=5257"}],"wp:term":[{"taxonomy":"category","embeddable":true,"href":"https:\/\/www.immobilienbusiness.ch\/fr\/wp-json\/wp\/v2\/categories?post=5257"},{"taxonomy":"post_tag","embeddable":true,"href":"https:\/\/www.immobilienbusiness.ch\/fr\/wp-json\/wp\/v2\/tags?post=5257"}],"curies":[{"name":"wp","href":"https:\/\/api.w.org\/{rel}","templated":true}]}}