{"id":52267,"date":"2022-09-08T09:54:11","date_gmt":"2022-09-08T07:54:11","guid":{"rendered":"https:\/\/develop.immobilienbusiness.ch\/?p=3395"},"modified":"2024-09-13T11:20:27","modified_gmt":"2024-09-13T09:20:27","slug":"kanton-st-gallen-areal-in-bahnhofsnaehe-soll-mit-wohnen-gewerbe-und-bueros-bebaut-werden-foto","status":"publish","type":"post","link":"https:\/\/www.immobilienbusiness.ch\/fr\/ib\/2022-09-08\/kanton-st-gallen-areal-in-bahnhofsnaehe-soll-mit-wohnen-gewerbe-und-bueros-bebaut-werden-foto\/","title":{"rendered":"Canton de Saint-Gall : Le site \u00e0 proximit\u00e9 de la gare doit accueillir des logements, des commerces et des bureaux"},"content":{"rendered":"<div class=\"swpm-post-not-logged-in-msg\">Vous devez \u00eatre connect\u00e9 pour voir ce contenu. Veuillez consulter <a class=\"swpm-login-link\" href=\"https:\/\/www.immobilienbusiness.ch\/fr\/login\/?swpm_redirect_to=https%3A%2F%2Fwww.immobilienbusiness.ch%2Ffr%2Fwp-json%2Fwp%2Fv2%2Fposts%2F52267\">Connexion<\/a>. Vous n'\u00eates pas membre ? <a href=\"https:\/\/www.immobilienbusiness.ch\/fr\/registrieren\/\">Nous Rejoindre<\/a><\/div>","protected":false},"excerpt":{"rendered":"<p>Un nouveau quartier urbain doit voir le jour \u00e0 St. Margrethen (SG), \u00e0 proximit\u00e9 de la gare. Des logements, des bureaux et des surfaces commerciales sont pr\u00e9vus dans le cadre du projet \"Areal Alp\".<\/p>","protected":false},"author":102,"featured_media":0,"comment_status":"closed","ping_status":"closed","sticky":false,"template":"","format":"standard","meta":{"_acf_changed":false,"_yoast_wpseo_focuskw":"Areal","_yoast_wpseo_title":"","_yoast_wpseo_metadesc":"Die Stadt St. Margrethen plant das Grossprojekt \u201eAreal Alp\u201c mit gemischter Nutzung nahe dem Bahnhof. Geplante Fertigstellung: urbaner Platz und Schreinerkompetenzzentrum.","_yoast_wpseo_linkdex":42,"pgc_sgb_lightbox_settings":"","footnotes":""},"categories":[1951],"tags":[2081,1254,1405,1600,1643,1973,2109],"class_list":["post-52267","post","type-post","status-publish","format-standard","hentry","category-ib","tag-bueros","tag-gastronomie","tag-kanton-st-gallen","tag-projekt-in-planung","tag-retail","tag-verfugbares-grundstuck","tag-wohnungen"],"acf":[],"yoast_head":"<!-- This site is optimized with the Yoast SEO plugin v27.5 - https:\/\/yoast.com\/product\/yoast-seo-wordpress\/ -->\n<title>Kanton St. Gallen: Areal in Bahnhofsn\u00e4he soll mit Wohnen, Gewerbe und B\u00fcros bebaut werden - IMMOBILIEN Business<\/title>\n<meta name=\"description\" content=\"Die Stadt St. Margrethen plant das Grossprojekt \u201eAreal Alp\u201c mit gemischter Nutzung nahe dem Bahnhof. Geplante Fertigstellung: urbaner Platz und Schreinerkompetenzzentrum.\" \/>\n<meta name=\"robots\" content=\"index, follow, max-snippet:-1, max-image-preview:large, max-video-preview:-1\" \/>\n<link rel=\"canonical\" href=\"https:\/\/www.immobilienbusiness.ch\/fr\/ib\/2022-09-08\/kanton-st-gallen-areal-in-bahnhofsnaehe-soll-mit-wohnen-gewerbe-und-bueros-bebaut-werden-foto\/\" \/>\n<meta property=\"og:locale\" content=\"fr_FR\" \/>\n<meta property=\"og:type\" content=\"article\" \/>\n<meta property=\"og:title\" content=\"Kanton St. Gallen: Areal in Bahnhofsn\u00e4he soll mit Wohnen, Gewerbe und B\u00fcros bebaut werden - IMMOBILIEN Business\" \/>\n<meta property=\"og:description\" content=\"Die Stadt St. Margrethen plant das Grossprojekt \u201eAreal Alp\u201c mit gemischter Nutzung nahe dem Bahnhof. Geplante Fertigstellung: urbaner Platz und Schreinerkompetenzzentrum.\" \/>\n<meta property=\"og:url\" content=\"https:\/\/www.immobilienbusiness.ch\/fr\/ib\/2022-09-08\/kanton-st-gallen-areal-in-bahnhofsnaehe-soll-mit-wohnen-gewerbe-und-bueros-bebaut-werden-foto\/\" \/>\n<meta property=\"og:site_name\" content=\"IMMOBILIEN Business\" \/>\n<meta property=\"article:publisher\" content=\"https:\/\/www.facebook.com\/immobilienbusiness\/\" \/>\n<meta property=\"article:published_time\" content=\"2022-09-08T07:54:11+00:00\" \/>\n<meta property=\"article:modified_time\" content=\"2024-09-13T09:20:27+00:00\" \/>\n<meta name=\"author\" content=\"Alexander Wachter\" \/>\n<meta name=\"twitter:card\" content=\"summary_large_image\" \/>\n<script type=\"application\/ld+json\" class=\"yoast-schema-graph\">{\"@context\":\"https:\\\/\\\/schema.org\",\"@graph\":[{\"@type\":\"Article\",\"@id\":\"https:\\\/\\\/www.immobilienbusiness.ch\\\/ib\\\/2022-09-08\\\/kanton-st-gallen-areal-in-bahnhofsnaehe-soll-mit-wohnen-gewerbe-und-bueros-bebaut-werden-foto\\\/#article\",\"isPartOf\":{\"@id\":\"https:\\\/\\\/www.immobilienbusiness.ch\\\/ib\\\/2022-09-08\\\/kanton-st-gallen-areal-in-bahnhofsnaehe-soll-mit-wohnen-gewerbe-und-bueros-bebaut-werden-foto\\\/\"},\"author\":{\"name\":\"Alexander Wachter\",\"@id\":\"https:\\\/\\\/www.immobilienbusiness.ch\\\/#\\\/schema\\\/person\\\/aba8bea2db926aa0c24c08c43fe1fcd5\"},\"headline\":\"Kanton St. Gallen: Areal in Bahnhofsn\u00e4he soll mit Wohnen, Gewerbe und B\u00fcros bebaut werden\",\"datePublished\":\"2022-09-08T07:54:11+00:00\",\"dateModified\":\"2024-09-13T09:20:27+00:00\",\"mainEntityOfPage\":{\"@id\":\"https:\\\/\\\/www.immobilienbusiness.ch\\\/ib\\\/2022-09-08\\\/kanton-st-gallen-areal-in-bahnhofsnaehe-soll-mit-wohnen-gewerbe-und-bueros-bebaut-werden-foto\\\/\"},\"wordCount\":179,\"publisher\":{\"@id\":\"https:\\\/\\\/www.immobilienbusiness.ch\\\/#organization\"},\"keywords\":[\"B\u00fcros\",\"Gastronomie\",\"Kanton St. Gallen\",\"Projekt in Planung\",\"Retail\",\"verf\u00fcgbares Grundst\u00fcck\",\"Wohnungen\"],\"articleSection\":[\"IB+\"],\"inLanguage\":\"fr-FR\"},{\"@type\":\"WebPage\",\"@id\":\"https:\\\/\\\/www.immobilienbusiness.ch\\\/ib\\\/2022-09-08\\\/kanton-st-gallen-areal-in-bahnhofsnaehe-soll-mit-wohnen-gewerbe-und-bueros-bebaut-werden-foto\\\/\",\"url\":\"https:\\\/\\\/www.immobilienbusiness.ch\\\/ib\\\/2022-09-08\\\/kanton-st-gallen-areal-in-bahnhofsnaehe-soll-mit-wohnen-gewerbe-und-bueros-bebaut-werden-foto\\\/\",\"name\":\"Kanton St. Gallen: Areal in Bahnhofsn\u00e4he soll mit Wohnen, Gewerbe und B\u00fcros bebaut werden - IMMOBILIEN Business\",\"isPartOf\":{\"@id\":\"https:\\\/\\\/www.immobilienbusiness.ch\\\/#website\"},\"datePublished\":\"2022-09-08T07:54:11+00:00\",\"dateModified\":\"2024-09-13T09:20:27+00:00\",\"description\":\"Die Stadt St. Margrethen plant das Grossprojekt \u201eAreal Alp\u201c mit gemischter Nutzung nahe dem Bahnhof. Geplante Fertigstellung: urbaner Platz und Schreinerkompetenzzentrum.\",\"breadcrumb\":{\"@id\":\"https:\\\/\\\/www.immobilienbusiness.ch\\\/ib\\\/2022-09-08\\\/kanton-st-gallen-areal-in-bahnhofsnaehe-soll-mit-wohnen-gewerbe-und-bueros-bebaut-werden-foto\\\/#breadcrumb\"},\"inLanguage\":\"fr-FR\",\"potentialAction\":[{\"@type\":\"ReadAction\",\"target\":[\"https:\\\/\\\/www.immobilienbusiness.ch\\\/ib\\\/2022-09-08\\\/kanton-st-gallen-areal-in-bahnhofsnaehe-soll-mit-wohnen-gewerbe-und-bueros-bebaut-werden-foto\\\/\"]}]},{\"@type\":\"BreadcrumbList\",\"@id\":\"https:\\\/\\\/www.immobilienbusiness.ch\\\/ib\\\/2022-09-08\\\/kanton-st-gallen-areal-in-bahnhofsnaehe-soll-mit-wohnen-gewerbe-und-bueros-bebaut-werden-foto\\\/#breadcrumb\",\"itemListElement\":[{\"@type\":\"ListItem\",\"position\":1,\"name\":\"Home\",\"item\":\"https:\\\/\\\/www.immobilienbusiness.ch\\\/\"},{\"@type\":\"ListItem\",\"position\":2,\"name\":\"Kanton St. Gallen: Areal in Bahnhofsn\u00e4he soll mit Wohnen, Gewerbe und B\u00fcros bebaut werden\"}]},{\"@type\":\"WebSite\",\"@id\":\"https:\\\/\\\/www.immobilienbusiness.ch\\\/#website\",\"url\":\"https:\\\/\\\/www.immobilienbusiness.ch\\\/\",\"name\":\"IMMOBILIEN Business\",\"description\":\"Unabh\u00e4ngiges Schweizer Wirtschaftsmagazin mit Fokus auf Immobilien, Architektur- und Bau sowie Investment- und Finanzierung.\",\"publisher\":{\"@id\":\"https:\\\/\\\/www.immobilienbusiness.ch\\\/#organization\"},\"potentialAction\":[{\"@type\":\"SearchAction\",\"target\":{\"@type\":\"EntryPoint\",\"urlTemplate\":\"https:\\\/\\\/www.immobilienbusiness.ch\\\/?s={search_term_string}\"},\"query-input\":{\"@type\":\"PropertyValueSpecification\",\"valueRequired\":true,\"valueName\":\"search_term_string\"}}],\"inLanguage\":\"fr-FR\"},{\"@type\":\"Organization\",\"@id\":\"https:\\\/\\\/www.immobilienbusiness.ch\\\/#organization\",\"name\":\"IMMOBILIEN Business\",\"url\":\"https:\\\/\\\/www.immobilienbusiness.ch\\\/\",\"logo\":{\"@type\":\"ImageObject\",\"inLanguage\":\"fr-FR\",\"@id\":\"https:\\\/\\\/www.immobilienbusiness.ch\\\/#\\\/schema\\\/logo\\\/image\\\/\",\"url\":\"https:\\\/\\\/www.immobilienbusiness.ch\\\/wp-content\\\/uploads\\\/2021\\\/07\\\/logo_ib.png\",\"contentUrl\":\"https:\\\/\\\/www.immobilienbusiness.ch\\\/wp-content\\\/uploads\\\/2021\\\/07\\\/logo_ib.png\",\"width\":800,\"height\":181,\"caption\":\"IMMOBILIEN Business\"},\"image\":{\"@id\":\"https:\\\/\\\/www.immobilienbusiness.ch\\\/#\\\/schema\\\/logo\\\/image\\\/\"},\"sameAs\":[\"https:\\\/\\\/www.facebook.com\\\/immobilienbusiness\\\/\"]},{\"@type\":\"Person\",\"@id\":\"https:\\\/\\\/www.immobilienbusiness.ch\\\/#\\\/schema\\\/person\\\/aba8bea2db926aa0c24c08c43fe1fcd5\",\"name\":\"Alexander Wachter\",\"image\":{\"@type\":\"ImageObject\",\"inLanguage\":\"fr-FR\",\"@id\":\"https:\\\/\\\/secure.gravatar.com\\\/avatar\\\/1a09e471f5389b0e0a6416eac287e0927c7c97a7b77f9e787eba3af7aee281dd?s=96&d=mm&r=g\",\"url\":\"https:\\\/\\\/secure.gravatar.com\\\/avatar\\\/1a09e471f5389b0e0a6416eac287e0927c7c97a7b77f9e787eba3af7aee281dd?s=96&d=mm&r=g\",\"contentUrl\":\"https:\\\/\\\/secure.gravatar.com\\\/avatar\\\/1a09e471f5389b0e0a6416eac287e0927c7c97a7b77f9e787eba3af7aee281dd?s=96&d=mm&r=g\",\"caption\":\"Alexander Wachter\"},\"url\":\"https:\\\/\\\/www.immobilienbusiness.ch\\\/fr\\\/author\\\/alexander-wachter\\\/\"}]}<\/script>\n<!-- \/ Yoast SEO plugin. -->","yoast_head_json":{"title":"Kanton St. Gallen: Areal in Bahnhofsn\u00e4he soll mit Wohnen, Gewerbe und B\u00fcros bebaut werden - IMMOBILIEN Business","description":"Die Stadt St. Margrethen plant das Grossprojekt \u201eAreal Alp\u201c mit gemischter Nutzung nahe dem Bahnhof. Geplante Fertigstellung: urbaner Platz und Schreinerkompetenzzentrum.","robots":{"index":"index","follow":"follow","max-snippet":"max-snippet:-1","max-image-preview":"max-image-preview:large","max-video-preview":"max-video-preview:-1"},"canonical":"https:\/\/www.immobilienbusiness.ch\/fr\/ib\/2022-09-08\/kanton-st-gallen-areal-in-bahnhofsnaehe-soll-mit-wohnen-gewerbe-und-bueros-bebaut-werden-foto\/","og_locale":"fr_FR","og_type":"article","og_title":"Kanton St. Gallen: Areal in Bahnhofsn\u00e4he soll mit Wohnen, Gewerbe und B\u00fcros bebaut werden - IMMOBILIEN Business","og_description":"Die Stadt St. Margrethen plant das Grossprojekt \u201eAreal Alp\u201c mit gemischter Nutzung nahe dem Bahnhof. Geplante Fertigstellung: urbaner Platz und Schreinerkompetenzzentrum.","og_url":"https:\/\/www.immobilienbusiness.ch\/fr\/ib\/2022-09-08\/kanton-st-gallen-areal-in-bahnhofsnaehe-soll-mit-wohnen-gewerbe-und-bueros-bebaut-werden-foto\/","og_site_name":"IMMOBILIEN Business","article_publisher":"https:\/\/www.facebook.com\/immobilienbusiness\/","article_published_time":"2022-09-08T07:54:11+00:00","article_modified_time":"2024-09-13T09:20:27+00:00","author":"Alexander Wachter","twitter_card":"summary_large_image","schema":{"@context":"https:\/\/schema.org","@graph":[{"@type":"Article","@id":"https:\/\/www.immobilienbusiness.ch\/ib\/2022-09-08\/kanton-st-gallen-areal-in-bahnhofsnaehe-soll-mit-wohnen-gewerbe-und-bueros-bebaut-werden-foto\/#article","isPartOf":{"@id":"https:\/\/www.immobilienbusiness.ch\/ib\/2022-09-08\/kanton-st-gallen-areal-in-bahnhofsnaehe-soll-mit-wohnen-gewerbe-und-bueros-bebaut-werden-foto\/"},"author":{"name":"Alexander Wachter","@id":"https:\/\/www.immobilienbusiness.ch\/#\/schema\/person\/aba8bea2db926aa0c24c08c43fe1fcd5"},"headline":"Kanton St. Gallen: Areal in Bahnhofsn\u00e4he soll mit Wohnen, Gewerbe und B\u00fcros bebaut werden","datePublished":"2022-09-08T07:54:11+00:00","dateModified":"2024-09-13T09:20:27+00:00","mainEntityOfPage":{"@id":"https:\/\/www.immobilienbusiness.ch\/ib\/2022-09-08\/kanton-st-gallen-areal-in-bahnhofsnaehe-soll-mit-wohnen-gewerbe-und-bueros-bebaut-werden-foto\/"},"wordCount":179,"publisher":{"@id":"https:\/\/www.immobilienbusiness.ch\/#organization"},"keywords":["B\u00fcros","Gastronomie","Kanton St. Gallen","Projekt in Planung","Retail","verf\u00fcgbares Grundst\u00fcck","Wohnungen"],"articleSection":["IB+"],"inLanguage":"fr-FR"},{"@type":"WebPage","@id":"https:\/\/www.immobilienbusiness.ch\/ib\/2022-09-08\/kanton-st-gallen-areal-in-bahnhofsnaehe-soll-mit-wohnen-gewerbe-und-bueros-bebaut-werden-foto\/","url":"https:\/\/www.immobilienbusiness.ch\/ib\/2022-09-08\/kanton-st-gallen-areal-in-bahnhofsnaehe-soll-mit-wohnen-gewerbe-und-bueros-bebaut-werden-foto\/","name":"Kanton St. Gallen: Areal in Bahnhofsn\u00e4he soll mit Wohnen, Gewerbe und B\u00fcros bebaut werden - IMMOBILIEN Business","isPartOf":{"@id":"https:\/\/www.immobilienbusiness.ch\/#website"},"datePublished":"2022-09-08T07:54:11+00:00","dateModified":"2024-09-13T09:20:27+00:00","description":"Die Stadt St. Margrethen plant das Grossprojekt \u201eAreal Alp\u201c mit gemischter Nutzung nahe dem Bahnhof. Geplante Fertigstellung: urbaner Platz und Schreinerkompetenzzentrum.","breadcrumb":{"@id":"https:\/\/www.immobilienbusiness.ch\/ib\/2022-09-08\/kanton-st-gallen-areal-in-bahnhofsnaehe-soll-mit-wohnen-gewerbe-und-bueros-bebaut-werden-foto\/#breadcrumb"},"inLanguage":"fr-FR","potentialAction":[{"@type":"ReadAction","target":["https:\/\/www.immobilienbusiness.ch\/ib\/2022-09-08\/kanton-st-gallen-areal-in-bahnhofsnaehe-soll-mit-wohnen-gewerbe-und-bueros-bebaut-werden-foto\/"]}]},{"@type":"BreadcrumbList","@id":"https:\/\/www.immobilienbusiness.ch\/ib\/2022-09-08\/kanton-st-gallen-areal-in-bahnhofsnaehe-soll-mit-wohnen-gewerbe-und-bueros-bebaut-werden-foto\/#breadcrumb","itemListElement":[{"@type":"ListItem","position":1,"name":"Home","item":"https:\/\/www.immobilienbusiness.ch\/"},{"@type":"ListItem","position":2,"name":"Kanton St. Gallen: Areal in Bahnhofsn\u00e4he soll mit Wohnen, Gewerbe und B\u00fcros bebaut werden"}]},{"@type":"WebSite","@id":"https:\/\/www.immobilienbusiness.ch\/#website","url":"https:\/\/www.immobilienbusiness.ch\/","name":"IMMOBILIER Business","description":"Magazine \u00e9conomique suisse ind\u00e9pendant ax\u00e9 sur l'immobilier, l'architecture et la construction ainsi que sur les investissements et le financement.","publisher":{"@id":"https:\/\/www.immobilienbusiness.ch\/#organization"},"potentialAction":[{"@type":"SearchAction","target":{"@type":"EntryPoint","urlTemplate":"https:\/\/www.immobilienbusiness.ch\/?s={search_term_string}"},"query-input":{"@type":"PropertyValueSpecification","valueRequired":true,"valueName":"search_term_string"}}],"inLanguage":"fr-FR"},{"@type":"Organization","@id":"https:\/\/www.immobilienbusiness.ch\/#organization","name":"IMMOBILIER Business","url":"https:\/\/www.immobilienbusiness.ch\/","logo":{"@type":"ImageObject","inLanguage":"fr-FR","@id":"https:\/\/www.immobilienbusiness.ch\/#\/schema\/logo\/image\/","url":"https:\/\/www.immobilienbusiness.ch\/wp-content\/uploads\/2021\/07\/logo_ib.png","contentUrl":"https:\/\/www.immobilienbusiness.ch\/wp-content\/uploads\/2021\/07\/logo_ib.png","width":800,"height":181,"caption":"IMMOBILIEN Business"},"image":{"@id":"https:\/\/www.immobilienbusiness.ch\/#\/schema\/logo\/image\/"},"sameAs":["https:\/\/www.facebook.com\/immobilienbusiness\/"]},{"@type":"Person","@id":"https:\/\/www.immobilienbusiness.ch\/#\/schema\/person\/aba8bea2db926aa0c24c08c43fe1fcd5","name":"Alexander Wachter","image":{"@type":"ImageObject","inLanguage":"fr-FR","@id":"https:\/\/secure.gravatar.com\/avatar\/1a09e471f5389b0e0a6416eac287e0927c7c97a7b77f9e787eba3af7aee281dd?s=96&d=mm&r=g","url":"https:\/\/secure.gravatar.com\/avatar\/1a09e471f5389b0e0a6416eac287e0927c7c97a7b77f9e787eba3af7aee281dd?s=96&d=mm&r=g","contentUrl":"https:\/\/secure.gravatar.com\/avatar\/1a09e471f5389b0e0a6416eac287e0927c7c97a7b77f9e787eba3af7aee281dd?s=96&d=mm&r=g","caption":"Alexander Wachter"},"url":"https:\/\/www.immobilienbusiness.ch\/fr\/author\/alexander-wachter\/"}]}},"_links":{"self":[{"href":"https:\/\/www.immobilienbusiness.ch\/fr\/wp-json\/wp\/v2\/posts\/52267","targetHints":{"allow":["GET"]}}],"collection":[{"href":"https:\/\/www.immobilienbusiness.ch\/fr\/wp-json\/wp\/v2\/posts"}],"about":[{"href":"https:\/\/www.immobilienbusiness.ch\/fr\/wp-json\/wp\/v2\/types\/post"}],"author":[{"embeddable":true,"href":"https:\/\/www.immobilienbusiness.ch\/fr\/wp-json\/wp\/v2\/users\/102"}],"replies":[{"embeddable":true,"href":"https:\/\/www.immobilienbusiness.ch\/fr\/wp-json\/wp\/v2\/comments?post=52267"}],"version-history":[{"count":1,"href":"https:\/\/www.immobilienbusiness.ch\/fr\/wp-json\/wp\/v2\/posts\/52267\/revisions"}],"predecessor-version":[{"id":60490,"href":"https:\/\/www.immobilienbusiness.ch\/fr\/wp-json\/wp\/v2\/posts\/52267\/revisions\/60490"}],"wp:attachment":[{"href":"https:\/\/www.immobilienbusiness.ch\/fr\/wp-json\/wp\/v2\/media?parent=52267"}],"wp:term":[{"taxonomy":"category","embeddable":true,"href":"https:\/\/www.immobilienbusiness.ch\/fr\/wp-json\/wp\/v2\/categories?post=52267"},{"taxonomy":"post_tag","embeddable":true,"href":"https:\/\/www.immobilienbusiness.ch\/fr\/wp-json\/wp\/v2\/tags?post=52267"}],"curies":[{"name":"wp","href":"https:\/\/api.w.org\/{rel}","templated":true}]}}