{"id":52103,"date":"2023-08-15T12:36:25","date_gmt":"2023-08-15T10:36:25","guid":{"rendered":"https:\/\/www.immobilienbusiness.ch\/?p=52103"},"modified":"2023-08-16T22:39:18","modified_gmt":"2023-08-16T20:39:18","slug":"ina-invest-bewertungsergebnis-drueckt-halbjahresgewinn","status":"publish","type":"post","link":"https:\/\/www.immobilienbusiness.ch\/fr\/unternehmen\/2023-08-15\/ina-invest-bewertungsergebnis-drueckt-halbjahresgewinn\/","title":{"rendered":"Ina Invest : La valorisation p\u00e8se sur le b\u00e9n\u00e9fice semestriel"},"content":{"rendered":"<figure id=\"attachment_17271\" aria-describedby=\"caption-attachment-17271\" style=\"width: 1890px\" class=\"wp-caption alignnone\"><a href=\"https:\/\/www.immobilienbusiness.ch\/wp-content\/uploads\/2019\/06\/Areal_Zukunft.jpg\"><img loading=\"lazy\" decoding=\"async\" class=\"size-full wp-image-17271\" src=\"https:\/\/www.immobilienbusiness.ch\/wp-content\/uploads\/2019\/06\/Areal_Zukunft.jpg\" alt=\"\" width=\"1890\" height=\"1417\" srcset=\"https:\/\/www.immobilienbusiness.ch\/wp-content\/uploads\/2019\/06\/Areal_Zukunft.jpg 1890w, https:\/\/www.immobilienbusiness.ch\/wp-content\/uploads\/2019\/06\/Areal_Zukunft-300x225.jpg 300w, https:\/\/www.immobilienbusiness.ch\/wp-content\/uploads\/2019\/06\/Areal_Zukunft-1024x768.jpg 1024w, https:\/\/www.immobilienbusiness.ch\/wp-content\/uploads\/2019\/06\/Areal_Zukunft-768x576.jpg 768w, https:\/\/www.immobilienbusiness.ch\/wp-content\/uploads\/2019\/06\/Areal_Zukunft-1536x1152.jpg 1536w, https:\/\/www.immobilienbusiness.ch\/wp-content\/uploads\/2019\/06\/Areal_Zukunft-16x12.jpg 16w, https:\/\/www.immobilienbusiness.ch\/wp-content\/uploads\/2019\/06\/Areal_Zukunft-233x175.jpg 233w, https:\/\/www.immobilienbusiness.ch\/wp-content\/uploads\/2019\/06\/Areal_Zukunft-467x350.jpg 467w, https:\/\/www.immobilienbusiness.ch\/wp-content\/uploads\/2019\/06\/Areal_Zukunft-1067x800.jpg 1067w, https:\/\/www.immobilienbusiness.ch\/wp-content\/uploads\/2019\/06\/Areal_Zukunft-920x690.jpg 920w, https:\/\/www.immobilienbusiness.ch\/wp-content\/uploads\/2019\/06\/Areal_Zukunft-1400x1050.jpg 1400w, https:\/\/www.immobilienbusiness.ch\/wp-content\/uploads\/2019\/06\/Areal_Zukunft-1867x1400.jpg 1867w\" sizes=\"auto, (max-width: 1890px) 100vw, 1890px\" \/><\/a><figcaption id=\"caption-attachment-17271\" class=\"wp-caption-text\">Vue sur le site du projet Bredella \u00e0 Pratteln, l'un des projets cl\u00e9s d'Ina Invest (Visualisation : Bredella AG)<\/figcaption><\/figure>\n<p>Le r\u00e9sultat d'exploitation (EBIT) d'Ina Invest a recul\u00e9 de 12,0 millions \u00e0 4,2 millions de CHF par rapport \u00e0 la m\u00eame p\u00e9riode de l'ann\u00e9e pr\u00e9c\u00e9dente ; hors variations de la valeur du march\u00e9, la valeur s'est en revanche am\u00e9lior\u00e9e de 1,3 million \u00e0 3,4 millions de CHF. Le b\u00e9n\u00e9fice net est pass\u00e9 de 17,0 millions \u00e0 1,2 million de CHF. Alors que les revenus locatifs ont augment\u00e9 de 39% pour atteindre 7,9 millions de CHF, le r\u00e9sultat des variations de la valeur de march\u00e9 est pass\u00e9 de 10,7 \u00e0 0,8 million de CHF.<\/p>\n<p>L'augmentation des revenus locatifs provient principalement des projets achev\u00e9s Elefant et HolidayInn &amp; Suites. Les charges financi\u00e8res ont augment\u00e9 de 1,8 million de CHF pour atteindre 3,3 millions de CHF en raison de la hausse des int\u00e9r\u00eats et de l'augmentation des capitaux \u00e9trangers.<\/p>\n<p>La valeur du portefeuille immobilier d'Ina Invest a augment\u00e9 de 3,1% au cours des douze derniers mois pour atteindre 846 millions de CHF. Des variations positives de la valeur de march\u00e9 gr\u00e2ce \u00e0 l'avancement de projets cl\u00e9s tels que Bredella West \u00e0 Pratteln, Lokstadt \u00e0 Winterthour ou le projet Schaffhauserstrasse \u00e0 Zurich ont contribu\u00e9 \u00e0 ce r\u00e9sultat. Ina Invest souligne \u00e9galement la part \u00e9lev\u00e9e d'immeubles d'habitation (apr\u00e8s d\u00e9veloppement) de plus de 50%.<\/p>\n<p>Pour ses projets, Ina Invest communique en outre les mises \u00e0 jour suivantes :<\/p>\n<ul>\n<li>Le permis de construire pour le casino dans les halles de la Lokstadt \u00e0 Winterthour a \u00e9t\u00e9 accord\u00e9.<\/li>\n<li>Le plan de quartier ouest du projet Bredella a \u00e9t\u00e9 trait\u00e9 par le conseil municipal de Pratteln et a \u00e9t\u00e9 d\u00e9pos\u00e9 aupr\u00e8s du canton pour \u00eatre fix\u00e9. L'obtention de l'autorisation est pr\u00e9vue pour le premier semestre 2024.<\/li>\n<li>La demande de permis de construire pour le projet Rue du Valais \u00e0 Gen\u00e8ve a \u00e9t\u00e9 d\u00e9pos\u00e9e.<\/li>\n<li>Mais l'entreprise \u00e9voque aussi des retards, comme pour le projet Schaffhauserstrasse \u00e0 Zurich, o\u00f9 un recours est en suspens. La proc\u00e9dure de plan de quartier des projets de Pr\u00e9verenges (VD) et de Tivoli (NE) prendra \u00e9galement plus de temps en raison de recours.<\/li>\n<\/ul>\n<h3>R\u00e9duction des charges d'exploitation comme objectif pour H2<\/h3>\n<p>Au cours du second semestre, Ina Invest entend se concentrer sur le d\u00e9veloppement de ses projets et sur une nouvelle r\u00e9duction des charges d'exploitation. Par ailleurs, l'entreprise annonce que depuis la date de cl\u00f4ture du bilan, un engagement de prix d'achat diff\u00e9r\u00e9 li\u00e9 \u00e0 l'achat du groupe CERES a \u00e9t\u00e9 rembours\u00e9, ce qui entra\u00eenera un effet positif de 3 millions de CHF dans le compte de r\u00e9sultat au second semestre 2023. <em>(aw)<\/em><\/p>\n<p>&nbsp;<\/p>","protected":false},"excerpt":{"rendered":"<p>Le r\u00e9sultat d'exploitation d'Ina Invest a diminu\u00e9 de pr\u00e8s de deux tiers au premier semestre en raison des \u00e9valuations. Les revenus locatifs ont cependant augment\u00e9 de 39%.<\/p>","protected":false},"author":102,"featured_media":17271,"comment_status":"closed","ping_status":"closed","sticky":false,"template":"","format":"standard","meta":{"_acf_changed":false,"_yoast_wpseo_focuskw":"Ina Invest","_yoast_wpseo_title":"","_yoast_wpseo_metadesc":"Das Betriebsergebnis der Ina Invest schrumpfte im 1. Halbjahr wegen der Bewertungen um fast zwei Drittel. Die Mieteinnahmen stiegen aber um 39%.","_yoast_wpseo_linkdex":67,"pgc_sgb_lightbox_settings":"","footnotes":""},"categories":[988],"tags":[1360],"class_list":["post-52103","post","type-post","status-publish","format-standard","has-post-thumbnail","hentry","category-unternehmen","tag-ina-invest"],"acf":[],"yoast_head":"<!-- This site is optimized with the Yoast SEO plugin v27.5 - https:\/\/yoast.com\/product\/yoast-seo-wordpress\/ -->\n<title>Ina Invest: Bewertung dr\u00fcckt Halbjahresgewinn - IMMOBILIEN Business<\/title>\n<meta name=\"description\" content=\"Das Betriebsergebnis der Ina Invest schrumpfte im 1. Halbjahr wegen der Bewertungen um fast zwei Drittel. Die Mieteinnahmen stiegen aber um 39%.\" \/>\n<meta name=\"robots\" content=\"index, follow, max-snippet:-1, max-image-preview:large, max-video-preview:-1\" \/>\n<link rel=\"canonical\" href=\"https:\/\/www.immobilienbusiness.ch\/fr\/unternehmen\/2023-08-15\/ina-invest-bewertungsergebnis-drueckt-halbjahresgewinn\/\" \/>\n<meta property=\"og:locale\" content=\"fr_FR\" \/>\n<meta property=\"og:type\" content=\"article\" \/>\n<meta property=\"og:title\" content=\"Ina Invest: Bewertung dr\u00fcckt Halbjahresgewinn - IMMOBILIEN Business\" \/>\n<meta property=\"og:description\" content=\"Das Betriebsergebnis der Ina Invest schrumpfte im 1. Halbjahr wegen der Bewertungen um fast zwei Drittel. Die Mieteinnahmen stiegen aber um 39%.\" \/>\n<meta property=\"og:url\" content=\"https:\/\/www.immobilienbusiness.ch\/fr\/unternehmen\/2023-08-15\/ina-invest-bewertungsergebnis-drueckt-halbjahresgewinn\/\" \/>\n<meta property=\"og:site_name\" content=\"IMMOBILIEN Business\" \/>\n<meta property=\"article:publisher\" content=\"https:\/\/www.facebook.com\/immobilienbusiness\/\" \/>\n<meta property=\"article:published_time\" content=\"2023-08-15T10:36:25+00:00\" \/>\n<meta property=\"article:modified_time\" content=\"2023-08-16T20:39:18+00:00\" \/>\n<meta property=\"og:image\" content=\"https:\/\/www.immobilienbusiness.ch\/wp-content\/uploads\/2019\/06\/Areal_Zukunft-1024x768.jpg\" \/>\n\t<meta property=\"og:image:width\" content=\"1024\" \/>\n\t<meta property=\"og:image:height\" content=\"768\" \/>\n\t<meta property=\"og:image:type\" content=\"image\/jpeg\" \/>\n<meta name=\"author\" content=\"Alexander Wachter\" \/>\n<meta name=\"twitter:card\" content=\"summary_large_image\" \/>\n<script type=\"application\/ld+json\" class=\"yoast-schema-graph\">{\"@context\":\"https:\\\/\\\/schema.org\",\"@graph\":[{\"@type\":\"Article\",\"@id\":\"https:\\\/\\\/www.immobilienbusiness.ch\\\/en\\\/unternehmen\\\/2023-08-15\\\/ina-invest-bewertungsergebnis-drueckt-halbjahresgewinn\\\/#article\",\"isPartOf\":{\"@id\":\"https:\\\/\\\/www.immobilienbusiness.ch\\\/en\\\/unternehmen\\\/2023-08-15\\\/ina-invest-bewertungsergebnis-drueckt-halbjahresgewinn\\\/\"},\"author\":{\"name\":\"Alexander Wachter\",\"@id\":\"https:\\\/\\\/www.immobilienbusiness.ch\\\/#\\\/schema\\\/person\\\/aba8bea2db926aa0c24c08c43fe1fcd5\"},\"headline\":\"Ina Invest: Bewertung dr\u00fcckt Halbjahresgewinn\",\"datePublished\":\"2023-08-15T10:36:25+00:00\",\"dateModified\":\"2023-08-16T20:39:18+00:00\",\"mainEntityOfPage\":{\"@id\":\"https:\\\/\\\/www.immobilienbusiness.ch\\\/en\\\/unternehmen\\\/2023-08-15\\\/ina-invest-bewertungsergebnis-drueckt-halbjahresgewinn\\\/\"},\"wordCount\":360,\"publisher\":{\"@id\":\"https:\\\/\\\/www.immobilienbusiness.ch\\\/#organization\"},\"image\":{\"@id\":\"https:\\\/\\\/www.immobilienbusiness.ch\\\/en\\\/unternehmen\\\/2023-08-15\\\/ina-invest-bewertungsergebnis-drueckt-halbjahresgewinn\\\/#primaryimage\"},\"thumbnailUrl\":\"https:\\\/\\\/www.immobilienbusiness.ch\\\/wp-content\\\/uploads\\\/2019\\\/06\\\/Areal_Zukunft.jpg\",\"keywords\":[\"Ina Invest\"],\"articleSection\":[\"UNTERNEHMEN\"],\"inLanguage\":\"fr-FR\"},{\"@type\":\"WebPage\",\"@id\":\"https:\\\/\\\/www.immobilienbusiness.ch\\\/en\\\/unternehmen\\\/2023-08-15\\\/ina-invest-bewertungsergebnis-drueckt-halbjahresgewinn\\\/\",\"url\":\"https:\\\/\\\/www.immobilienbusiness.ch\\\/en\\\/unternehmen\\\/2023-08-15\\\/ina-invest-bewertungsergebnis-drueckt-halbjahresgewinn\\\/\",\"name\":\"Ina Invest: Bewertung dr\u00fcckt Halbjahresgewinn - IMMOBILIEN Business\",\"isPartOf\":{\"@id\":\"https:\\\/\\\/www.immobilienbusiness.ch\\\/#website\"},\"primaryImageOfPage\":{\"@id\":\"https:\\\/\\\/www.immobilienbusiness.ch\\\/en\\\/unternehmen\\\/2023-08-15\\\/ina-invest-bewertungsergebnis-drueckt-halbjahresgewinn\\\/#primaryimage\"},\"image\":{\"@id\":\"https:\\\/\\\/www.immobilienbusiness.ch\\\/en\\\/unternehmen\\\/2023-08-15\\\/ina-invest-bewertungsergebnis-drueckt-halbjahresgewinn\\\/#primaryimage\"},\"thumbnailUrl\":\"https:\\\/\\\/www.immobilienbusiness.ch\\\/wp-content\\\/uploads\\\/2019\\\/06\\\/Areal_Zukunft.jpg\",\"datePublished\":\"2023-08-15T10:36:25+00:00\",\"dateModified\":\"2023-08-16T20:39:18+00:00\",\"description\":\"Das Betriebsergebnis der Ina Invest schrumpfte im 1. Halbjahr wegen der Bewertungen um fast zwei Drittel. Die Mieteinnahmen stiegen aber um 39%.\",\"breadcrumb\":{\"@id\":\"https:\\\/\\\/www.immobilienbusiness.ch\\\/en\\\/unternehmen\\\/2023-08-15\\\/ina-invest-bewertungsergebnis-drueckt-halbjahresgewinn\\\/#breadcrumb\"},\"inLanguage\":\"fr-FR\",\"potentialAction\":[{\"@type\":\"ReadAction\",\"target\":[\"https:\\\/\\\/www.immobilienbusiness.ch\\\/en\\\/unternehmen\\\/2023-08-15\\\/ina-invest-bewertungsergebnis-drueckt-halbjahresgewinn\\\/\"]}]},{\"@type\":\"ImageObject\",\"inLanguage\":\"fr-FR\",\"@id\":\"https:\\\/\\\/www.immobilienbusiness.ch\\\/en\\\/unternehmen\\\/2023-08-15\\\/ina-invest-bewertungsergebnis-drueckt-halbjahresgewinn\\\/#primaryimage\",\"url\":\"https:\\\/\\\/www.immobilienbusiness.ch\\\/wp-content\\\/uploads\\\/2019\\\/06\\\/Areal_Zukunft.jpg\",\"contentUrl\":\"https:\\\/\\\/www.immobilienbusiness.ch\\\/wp-content\\\/uploads\\\/2019\\\/06\\\/Areal_Zukunft.jpg\",\"width\":1890,\"height\":1417,\"caption\":\"Blick auf das Bredella-Areal, f\u00fcr dessen westlichen Teil ein Quartierplan besteht (Visualisierung: Bredella AG)\"},{\"@type\":\"BreadcrumbList\",\"@id\":\"https:\\\/\\\/www.immobilienbusiness.ch\\\/en\\\/unternehmen\\\/2023-08-15\\\/ina-invest-bewertungsergebnis-drueckt-halbjahresgewinn\\\/#breadcrumb\",\"itemListElement\":[{\"@type\":\"ListItem\",\"position\":1,\"name\":\"Home\",\"item\":\"https:\\\/\\\/www.immobilienbusiness.ch\\\/\"},{\"@type\":\"ListItem\",\"position\":2,\"name\":\"Ina Invest: Bewertung dr\u00fcckt Halbjahresgewinn\"}]},{\"@type\":\"WebSite\",\"@id\":\"https:\\\/\\\/www.immobilienbusiness.ch\\\/#website\",\"url\":\"https:\\\/\\\/www.immobilienbusiness.ch\\\/\",\"name\":\"IMMOBILIEN Business\",\"description\":\"Unabh\u00e4ngiges Schweizer Wirtschaftsmagazin mit Fokus auf Immobilien, Architektur- und Bau sowie Investment- und Finanzierung.\",\"publisher\":{\"@id\":\"https:\\\/\\\/www.immobilienbusiness.ch\\\/#organization\"},\"potentialAction\":[{\"@type\":\"SearchAction\",\"target\":{\"@type\":\"EntryPoint\",\"urlTemplate\":\"https:\\\/\\\/www.immobilienbusiness.ch\\\/?s={search_term_string}\"},\"query-input\":{\"@type\":\"PropertyValueSpecification\",\"valueRequired\":true,\"valueName\":\"search_term_string\"}}],\"inLanguage\":\"fr-FR\"},{\"@type\":\"Organization\",\"@id\":\"https:\\\/\\\/www.immobilienbusiness.ch\\\/#organization\",\"name\":\"IMMOBILIEN Business\",\"url\":\"https:\\\/\\\/www.immobilienbusiness.ch\\\/\",\"logo\":{\"@type\":\"ImageObject\",\"inLanguage\":\"fr-FR\",\"@id\":\"https:\\\/\\\/www.immobilienbusiness.ch\\\/#\\\/schema\\\/logo\\\/image\\\/\",\"url\":\"https:\\\/\\\/www.immobilienbusiness.ch\\\/wp-content\\\/uploads\\\/2021\\\/07\\\/logo_ib.png\",\"contentUrl\":\"https:\\\/\\\/www.immobilienbusiness.ch\\\/wp-content\\\/uploads\\\/2021\\\/07\\\/logo_ib.png\",\"width\":800,\"height\":181,\"caption\":\"IMMOBILIEN Business\"},\"image\":{\"@id\":\"https:\\\/\\\/www.immobilienbusiness.ch\\\/#\\\/schema\\\/logo\\\/image\\\/\"},\"sameAs\":[\"https:\\\/\\\/www.facebook.com\\\/immobilienbusiness\\\/\"]},{\"@type\":\"Person\",\"@id\":\"https:\\\/\\\/www.immobilienbusiness.ch\\\/#\\\/schema\\\/person\\\/aba8bea2db926aa0c24c08c43fe1fcd5\",\"name\":\"Alexander Wachter\",\"image\":{\"@type\":\"ImageObject\",\"inLanguage\":\"fr-FR\",\"@id\":\"https:\\\/\\\/secure.gravatar.com\\\/avatar\\\/1a09e471f5389b0e0a6416eac287e0927c7c97a7b77f9e787eba3af7aee281dd?s=96&d=mm&r=g\",\"url\":\"https:\\\/\\\/secure.gravatar.com\\\/avatar\\\/1a09e471f5389b0e0a6416eac287e0927c7c97a7b77f9e787eba3af7aee281dd?s=96&d=mm&r=g\",\"contentUrl\":\"https:\\\/\\\/secure.gravatar.com\\\/avatar\\\/1a09e471f5389b0e0a6416eac287e0927c7c97a7b77f9e787eba3af7aee281dd?s=96&d=mm&r=g\",\"caption\":\"Alexander Wachter\"},\"url\":\"https:\\\/\\\/www.immobilienbusiness.ch\\\/fr\\\/author\\\/alexander-wachter\\\/\"}]}<\/script>\n<!-- \/ Yoast SEO plugin. -->","yoast_head_json":{"title":"Ina Invest: Bewertung dr\u00fcckt Halbjahresgewinn - IMMOBILIEN Business","description":"Le r\u00e9sultat d'exploitation d'Ina Invest a diminu\u00e9 de pr\u00e8s de deux tiers au premier semestre en raison des \u00e9valuations. Les revenus locatifs ont cependant augment\u00e9 de 39%.","robots":{"index":"index","follow":"follow","max-snippet":"max-snippet:-1","max-image-preview":"max-image-preview:large","max-video-preview":"max-video-preview:-1"},"canonical":"https:\/\/www.immobilienbusiness.ch\/fr\/unternehmen\/2023-08-15\/ina-invest-bewertungsergebnis-drueckt-halbjahresgewinn\/","og_locale":"fr_FR","og_type":"article","og_title":"Ina Invest: Bewertung dr\u00fcckt Halbjahresgewinn - IMMOBILIEN Business","og_description":"Das Betriebsergebnis der Ina Invest schrumpfte im 1. Halbjahr wegen der Bewertungen um fast zwei Drittel. Die Mieteinnahmen stiegen aber um 39%.","og_url":"https:\/\/www.immobilienbusiness.ch\/fr\/unternehmen\/2023-08-15\/ina-invest-bewertungsergebnis-drueckt-halbjahresgewinn\/","og_site_name":"IMMOBILIEN Business","article_publisher":"https:\/\/www.facebook.com\/immobilienbusiness\/","article_published_time":"2023-08-15T10:36:25+00:00","article_modified_time":"2023-08-16T20:39:18+00:00","og_image":[{"width":1024,"height":768,"url":"https:\/\/www.immobilienbusiness.ch\/wp-content\/uploads\/2019\/06\/Areal_Zukunft-1024x768.jpg","type":"image\/jpeg"}],"author":"Alexander Wachter","twitter_card":"summary_large_image","schema":{"@context":"https:\/\/schema.org","@graph":[{"@type":"Article","@id":"https:\/\/www.immobilienbusiness.ch\/en\/unternehmen\/2023-08-15\/ina-invest-bewertungsergebnis-drueckt-halbjahresgewinn\/#article","isPartOf":{"@id":"https:\/\/www.immobilienbusiness.ch\/en\/unternehmen\/2023-08-15\/ina-invest-bewertungsergebnis-drueckt-halbjahresgewinn\/"},"author":{"name":"Alexander Wachter","@id":"https:\/\/www.immobilienbusiness.ch\/#\/schema\/person\/aba8bea2db926aa0c24c08c43fe1fcd5"},"headline":"Ina Invest: Bewertung dr\u00fcckt Halbjahresgewinn","datePublished":"2023-08-15T10:36:25+00:00","dateModified":"2023-08-16T20:39:18+00:00","mainEntityOfPage":{"@id":"https:\/\/www.immobilienbusiness.ch\/en\/unternehmen\/2023-08-15\/ina-invest-bewertungsergebnis-drueckt-halbjahresgewinn\/"},"wordCount":360,"publisher":{"@id":"https:\/\/www.immobilienbusiness.ch\/#organization"},"image":{"@id":"https:\/\/www.immobilienbusiness.ch\/en\/unternehmen\/2023-08-15\/ina-invest-bewertungsergebnis-drueckt-halbjahresgewinn\/#primaryimage"},"thumbnailUrl":"https:\/\/www.immobilienbusiness.ch\/wp-content\/uploads\/2019\/06\/Areal_Zukunft.jpg","keywords":["Ina Invest"],"articleSection":["UNTERNEHMEN"],"inLanguage":"fr-FR"},{"@type":"WebPage","@id":"https:\/\/www.immobilienbusiness.ch\/en\/unternehmen\/2023-08-15\/ina-invest-bewertungsergebnis-drueckt-halbjahresgewinn\/","url":"https:\/\/www.immobilienbusiness.ch\/en\/unternehmen\/2023-08-15\/ina-invest-bewertungsergebnis-drueckt-halbjahresgewinn\/","name":"Ina Invest: Bewertung dr\u00fcckt Halbjahresgewinn - IMMOBILIEN Business","isPartOf":{"@id":"https:\/\/www.immobilienbusiness.ch\/#website"},"primaryImageOfPage":{"@id":"https:\/\/www.immobilienbusiness.ch\/en\/unternehmen\/2023-08-15\/ina-invest-bewertungsergebnis-drueckt-halbjahresgewinn\/#primaryimage"},"image":{"@id":"https:\/\/www.immobilienbusiness.ch\/en\/unternehmen\/2023-08-15\/ina-invest-bewertungsergebnis-drueckt-halbjahresgewinn\/#primaryimage"},"thumbnailUrl":"https:\/\/www.immobilienbusiness.ch\/wp-content\/uploads\/2019\/06\/Areal_Zukunft.jpg","datePublished":"2023-08-15T10:36:25+00:00","dateModified":"2023-08-16T20:39:18+00:00","description":"Le r\u00e9sultat d'exploitation d'Ina Invest a diminu\u00e9 de pr\u00e8s de deux tiers au premier semestre en raison des \u00e9valuations. Les revenus locatifs ont cependant augment\u00e9 de 39%.","breadcrumb":{"@id":"https:\/\/www.immobilienbusiness.ch\/en\/unternehmen\/2023-08-15\/ina-invest-bewertungsergebnis-drueckt-halbjahresgewinn\/#breadcrumb"},"inLanguage":"fr-FR","potentialAction":[{"@type":"ReadAction","target":["https:\/\/www.immobilienbusiness.ch\/en\/unternehmen\/2023-08-15\/ina-invest-bewertungsergebnis-drueckt-halbjahresgewinn\/"]}]},{"@type":"ImageObject","inLanguage":"fr-FR","@id":"https:\/\/www.immobilienbusiness.ch\/en\/unternehmen\/2023-08-15\/ina-invest-bewertungsergebnis-drueckt-halbjahresgewinn\/#primaryimage","url":"https:\/\/www.immobilienbusiness.ch\/wp-content\/uploads\/2019\/06\/Areal_Zukunft.jpg","contentUrl":"https:\/\/www.immobilienbusiness.ch\/wp-content\/uploads\/2019\/06\/Areal_Zukunft.jpg","width":1890,"height":1417,"caption":"Blick auf das Bredella-Areal, f\u00fcr dessen westlichen Teil ein Quartierplan besteht (Visualisierung: Bredella AG)"},{"@type":"BreadcrumbList","@id":"https:\/\/www.immobilienbusiness.ch\/en\/unternehmen\/2023-08-15\/ina-invest-bewertungsergebnis-drueckt-halbjahresgewinn\/#breadcrumb","itemListElement":[{"@type":"ListItem","position":1,"name":"Home","item":"https:\/\/www.immobilienbusiness.ch\/"},{"@type":"ListItem","position":2,"name":"Ina Invest: Bewertung dr\u00fcckt Halbjahresgewinn"}]},{"@type":"WebSite","@id":"https:\/\/www.immobilienbusiness.ch\/#website","url":"https:\/\/www.immobilienbusiness.ch\/","name":"IMMOBILIER Business","description":"Magazine \u00e9conomique suisse ind\u00e9pendant ax\u00e9 sur l'immobilier, l'architecture et la construction ainsi que sur les investissements et le financement.","publisher":{"@id":"https:\/\/www.immobilienbusiness.ch\/#organization"},"potentialAction":[{"@type":"SearchAction","target":{"@type":"EntryPoint","urlTemplate":"https:\/\/www.immobilienbusiness.ch\/?s={search_term_string}"},"query-input":{"@type":"PropertyValueSpecification","valueRequired":true,"valueName":"search_term_string"}}],"inLanguage":"fr-FR"},{"@type":"Organization","@id":"https:\/\/www.immobilienbusiness.ch\/#organization","name":"IMMOBILIER Business","url":"https:\/\/www.immobilienbusiness.ch\/","logo":{"@type":"ImageObject","inLanguage":"fr-FR","@id":"https:\/\/www.immobilienbusiness.ch\/#\/schema\/logo\/image\/","url":"https:\/\/www.immobilienbusiness.ch\/wp-content\/uploads\/2021\/07\/logo_ib.png","contentUrl":"https:\/\/www.immobilienbusiness.ch\/wp-content\/uploads\/2021\/07\/logo_ib.png","width":800,"height":181,"caption":"IMMOBILIEN Business"},"image":{"@id":"https:\/\/www.immobilienbusiness.ch\/#\/schema\/logo\/image\/"},"sameAs":["https:\/\/www.facebook.com\/immobilienbusiness\/"]},{"@type":"Person","@id":"https:\/\/www.immobilienbusiness.ch\/#\/schema\/person\/aba8bea2db926aa0c24c08c43fe1fcd5","name":"Alexander Wachter","image":{"@type":"ImageObject","inLanguage":"fr-FR","@id":"https:\/\/secure.gravatar.com\/avatar\/1a09e471f5389b0e0a6416eac287e0927c7c97a7b77f9e787eba3af7aee281dd?s=96&d=mm&r=g","url":"https:\/\/secure.gravatar.com\/avatar\/1a09e471f5389b0e0a6416eac287e0927c7c97a7b77f9e787eba3af7aee281dd?s=96&d=mm&r=g","contentUrl":"https:\/\/secure.gravatar.com\/avatar\/1a09e471f5389b0e0a6416eac287e0927c7c97a7b77f9e787eba3af7aee281dd?s=96&d=mm&r=g","caption":"Alexander Wachter"},"url":"https:\/\/www.immobilienbusiness.ch\/fr\/author\/alexander-wachter\/"}]}},"_links":{"self":[{"href":"https:\/\/www.immobilienbusiness.ch\/fr\/wp-json\/wp\/v2\/posts\/52103","targetHints":{"allow":["GET"]}}],"collection":[{"href":"https:\/\/www.immobilienbusiness.ch\/fr\/wp-json\/wp\/v2\/posts"}],"about":[{"href":"https:\/\/www.immobilienbusiness.ch\/fr\/wp-json\/wp\/v2\/types\/post"}],"author":[{"embeddable":true,"href":"https:\/\/www.immobilienbusiness.ch\/fr\/wp-json\/wp\/v2\/users\/102"}],"replies":[{"embeddable":true,"href":"https:\/\/www.immobilienbusiness.ch\/fr\/wp-json\/wp\/v2\/comments?post=52103"}],"version-history":[{"count":4,"href":"https:\/\/www.immobilienbusiness.ch\/fr\/wp-json\/wp\/v2\/posts\/52103\/revisions"}],"predecessor-version":[{"id":52767,"href":"https:\/\/www.immobilienbusiness.ch\/fr\/wp-json\/wp\/v2\/posts\/52103\/revisions\/52767"}],"wp:featuredmedia":[{"embeddable":true,"href":"https:\/\/www.immobilienbusiness.ch\/fr\/wp-json\/wp\/v2\/media\/17271"}],"wp:attachment":[{"href":"https:\/\/www.immobilienbusiness.ch\/fr\/wp-json\/wp\/v2\/media?parent=52103"}],"wp:term":[{"taxonomy":"category","embeddable":true,"href":"https:\/\/www.immobilienbusiness.ch\/fr\/wp-json\/wp\/v2\/categories?post=52103"},{"taxonomy":"post_tag","embeddable":true,"href":"https:\/\/www.immobilienbusiness.ch\/fr\/wp-json\/wp\/v2\/tags?post=52103"}],"curies":[{"name":"wp","href":"https:\/\/api.w.org\/{rel}","templated":true}]}}