{"id":520,"date":"2016-11-22T08:00:52","date_gmt":"2016-11-22T07:00:52","guid":{"rendered":"http:\/\/dev.immobilienbusiness.ch\/?p=520"},"modified":"2016-11-22T08:00:52","modified_gmt":"2016-11-22T07:00:52","slug":"savills-im-neuer-head-of-bd-fuer-die-dach-region","status":"publish","type":"post","link":"https:\/\/www.immobilienbusiness.ch\/fr\/allgemein\/2016-11-22\/savills-im-neuer-head-of-bd-fuer-die-dach-region\/","title":{"rendered":"Savills IM : nouveau chef de la division BD pour la r\u00e9gion DACH"},"content":{"rendered":"<figure id=\"attachment_5086\" aria-describedby=\"caption-attachment-5086\" style=\"width: 667px\" class=\"wp-caption alignnone\"><img loading=\"lazy\" decoding=\"async\" class=\"wp-image-5086 size-medium\" src=\"https:\/\/immobilienbusiness.ch\/wp-content\/uploads\/2016\/11\/Savills-IM-Neuer-Head-of-BD-f\u00fcr-die-DACH-Region-immobilien-business.jpg\" width=\"667\" height=\"1000\" \/><figcaption id=\"caption-attachment-5086\" class=\"wp-caption-text\">Rena K\u00f6pke, responsable de BD chez Savills IM (Photo : Savills IM)<\/figcaption><\/figure>\n<p>Rena Kn\u00f6pke travaille depuis plus de 16 ans dans la gestion d'investissements. Avant de rejoindre Savills IM, Kn\u00f6pke a travaill\u00e9 chez Corpus Sireo Real Estate en tant que Director National Institutions. Auparavant, elle a travaill\u00e9 pendant 15 ans pour Warburg - HIH Invest Real Estate et Henderson Global Investors \u00e0 Hambourg, Francfort et Londres, entre autres en tant que Director of Institutional Business et Head of Marketing, Client Services &amp; Distribution. Dans le cadre de ses diff\u00e9rentes activit\u00e9s, elle \u00e9tait responsable du suivi des investisseurs en portefeuille et des activit\u00e9s de marketing des entreprises et levait des capitaux pour des fonds et des projets.<\/p>\n<p>Kn\u00f6pke travaille depuis Hambourg et rend compte directement \u00e0 Justin O'Connor, Chief Executive Officer de Savills IM. Son objectif principal sera de d\u00e9velopper les relations avec les investisseurs institutionnels en Allemagne, en Autriche et en Suisse et de lever des capitaux pour de nouveaux fonds.<\/p>\n<p>Savills IM en Europe emploie actuellement plus de 250 personnes et g\u00e8re un patrimoine immobilier d'environ 14 milliards d'euros (15 milliards de CHF).  (ah)<\/p>","protected":false},"excerpt":{"rendered":"<p>Savills Investment Management (Savills IM) a nomm\u00e9 Rena Kn\u00f6pke au poste de responsable du d\u00e9veloppement commercial pour les pays germanophones en Europe.<\/p>","protected":false},"author":1,"featured_media":5086,"comment_status":"open","ping_status":"open","sticky":false,"template":"","format":"standard","meta":{"_acf_changed":false,"_yoast_wpseo_focuskw":"DACH-Region","_yoast_wpseo_title":"","_yoast_wpseo_metadesc":"Savills Investment Management (Savills IM) hat Rena Kn\u00f6pke zum Head of Business Development f\u00fcr die deutschsprachigen L\u00e4nder in Europa ernannt.","_yoast_wpseo_linkdex":50,"pgc_sgb_lightbox_settings":"","footnotes":""},"categories":[1],"tags":[1563,1564],"class_list":["post-520","post","type-post","status-publish","format-standard","has-post-thumbnail","hentry","category-allgemein","tag-personalia","tag-personalien"],"acf":[],"yoast_head":"<!-- This site is optimized with the Yoast SEO plugin v27.5 - https:\/\/yoast.com\/product\/yoast-seo-wordpress\/ -->\n<title>Savills IM: Neuer Head of BD f\u00fcr die DACH-Region - IMMOBILIEN Business<\/title>\n<meta name=\"description\" content=\"Savills Investment Management (Savills IM) hat Rena Kn\u00f6pke zum Head of Business Development f\u00fcr die deutschsprachigen L\u00e4nder in Europa ernannt.\" \/>\n<meta name=\"robots\" content=\"index, follow, max-snippet:-1, max-image-preview:large, max-video-preview:-1\" \/>\n<link rel=\"canonical\" href=\"https:\/\/www.immobilienbusiness.ch\/fr\/allgemein\/2016-11-22\/savills-im-neuer-head-of-bd-fuer-die-dach-region\/\" \/>\n<meta property=\"og:locale\" content=\"fr_FR\" \/>\n<meta property=\"og:type\" content=\"article\" \/>\n<meta property=\"og:title\" content=\"Savills IM: Neuer Head of BD f\u00fcr die DACH-Region\" \/>\n<meta property=\"og:description\" content=\"Savills Investment Management (Savills IM) hat Rena Kn\u00f6pke zum Head of Business Development f\u00fcr die deutschsprachigen L\u00e4nder in Europa ernannt.\" \/>\n<meta property=\"og:url\" content=\"https:\/\/www.immobilienbusiness.ch\/fr\/allgemein\/2016-11-22\/savills-im-neuer-head-of-bd-fuer-die-dach-region\/\" \/>\n<meta property=\"og:site_name\" content=\"IMMOBILIEN Business\" \/>\n<meta property=\"article:publisher\" content=\"https:\/\/www.facebook.com\/immobilienbusiness\/\" \/>\n<meta property=\"article:published_time\" content=\"2016-11-22T07:00:52+00:00\" \/>\n<meta name=\"author\" content=\"Redaktion\" \/>\n<meta name=\"twitter:card\" content=\"summary_large_image\" \/>\n<meta name=\"twitter:image\" content=\"https:\/\/www.immobilienbusiness.ch\/wp-content\/uploads\/2016\/11\/Savills-IM-Neuer-Head-of-BD-fuer-die-DACH-Region-immobilien-business.jpg\" \/>\n<script type=\"application\/ld+json\" class=\"yoast-schema-graph\">{\"@context\":\"https:\\\/\\\/schema.org\",\"@graph\":[{\"@type\":\"Article\",\"@id\":\"https:\\\/\\\/www.immobilienbusiness.ch\\\/allgemein\\\/2016-11-22\\\/savills-im-neuer-head-of-bd-fuer-die-dach-region\\\/#article\",\"isPartOf\":{\"@id\":\"https:\\\/\\\/www.immobilienbusiness.ch\\\/allgemein\\\/2016-11-22\\\/savills-im-neuer-head-of-bd-fuer-die-dach-region\\\/\"},\"author\":{\"name\":\"Redaktion\",\"@id\":\"https:\\\/\\\/www.immobilienbusiness.ch\\\/#\\\/schema\\\/person\\\/aa2bace6c5c5aad60102004a50c4eb1c\"},\"headline\":\"Savills IM: Neuer Head of BD f\u00fcr die DACH-Region\",\"datePublished\":\"2016-11-22T07:00:52+00:00\",\"mainEntityOfPage\":{\"@id\":\"https:\\\/\\\/www.immobilienbusiness.ch\\\/allgemein\\\/2016-11-22\\\/savills-im-neuer-head-of-bd-fuer-die-dach-region\\\/\"},\"wordCount\":185,\"commentCount\":0,\"publisher\":{\"@id\":\"https:\\\/\\\/www.immobilienbusiness.ch\\\/#organization\"},\"image\":{\"@id\":\"https:\\\/\\\/www.immobilienbusiness.ch\\\/allgemein\\\/2016-11-22\\\/savills-im-neuer-head-of-bd-fuer-die-dach-region\\\/#primaryimage\"},\"thumbnailUrl\":\"https:\\\/\\\/www.immobilienbusiness.ch\\\/wp-content\\\/uploads\\\/2016\\\/11\\\/Savills-IM-Neuer-Head-of-BD-fuer-die-DACH-Region-immobilien-business.jpg\",\"keywords\":[\"Personalia\",\"Personalien\"],\"articleSection\":[\"Allgemein\"],\"inLanguage\":\"fr-FR\"},{\"@type\":\"WebPage\",\"@id\":\"https:\\\/\\\/www.immobilienbusiness.ch\\\/allgemein\\\/2016-11-22\\\/savills-im-neuer-head-of-bd-fuer-die-dach-region\\\/\",\"url\":\"https:\\\/\\\/www.immobilienbusiness.ch\\\/allgemein\\\/2016-11-22\\\/savills-im-neuer-head-of-bd-fuer-die-dach-region\\\/\",\"name\":\"Savills IM: Neuer Head of BD f\u00fcr die DACH-Region - IMMOBILIEN Business\",\"isPartOf\":{\"@id\":\"https:\\\/\\\/www.immobilienbusiness.ch\\\/#website\"},\"primaryImageOfPage\":{\"@id\":\"https:\\\/\\\/www.immobilienbusiness.ch\\\/allgemein\\\/2016-11-22\\\/savills-im-neuer-head-of-bd-fuer-die-dach-region\\\/#primaryimage\"},\"image\":{\"@id\":\"https:\\\/\\\/www.immobilienbusiness.ch\\\/allgemein\\\/2016-11-22\\\/savills-im-neuer-head-of-bd-fuer-die-dach-region\\\/#primaryimage\"},\"thumbnailUrl\":\"https:\\\/\\\/www.immobilienbusiness.ch\\\/wp-content\\\/uploads\\\/2016\\\/11\\\/Savills-IM-Neuer-Head-of-BD-fuer-die-DACH-Region-immobilien-business.jpg\",\"datePublished\":\"2016-11-22T07:00:52+00:00\",\"description\":\"Savills Investment Management (Savills IM) hat Rena Kn\u00f6pke zum Head of Business Development f\u00fcr die deutschsprachigen L\u00e4nder in Europa ernannt.\",\"breadcrumb\":{\"@id\":\"https:\\\/\\\/www.immobilienbusiness.ch\\\/allgemein\\\/2016-11-22\\\/savills-im-neuer-head-of-bd-fuer-die-dach-region\\\/#breadcrumb\"},\"inLanguage\":\"fr-FR\",\"potentialAction\":[{\"@type\":\"ReadAction\",\"target\":[\"https:\\\/\\\/www.immobilienbusiness.ch\\\/allgemein\\\/2016-11-22\\\/savills-im-neuer-head-of-bd-fuer-die-dach-region\\\/\"]}]},{\"@type\":\"ImageObject\",\"inLanguage\":\"fr-FR\",\"@id\":\"https:\\\/\\\/www.immobilienbusiness.ch\\\/allgemein\\\/2016-11-22\\\/savills-im-neuer-head-of-bd-fuer-die-dach-region\\\/#primaryimage\",\"url\":\"https:\\\/\\\/www.immobilienbusiness.ch\\\/wp-content\\\/uploads\\\/2016\\\/11\\\/Savills-IM-Neuer-Head-of-BD-fuer-die-DACH-Region-immobilien-business.jpg\",\"contentUrl\":\"https:\\\/\\\/www.immobilienbusiness.ch\\\/wp-content\\\/uploads\\\/2016\\\/11\\\/Savills-IM-Neuer-Head-of-BD-fuer-die-DACH-Region-immobilien-business.jpg\",\"width\":709,\"height\":1063,\"caption\":\"Rena K\u00f6pke, Head of BD bei Savills IM (Foto: Savills IM)\"},{\"@type\":\"BreadcrumbList\",\"@id\":\"https:\\\/\\\/www.immobilienbusiness.ch\\\/allgemein\\\/2016-11-22\\\/savills-im-neuer-head-of-bd-fuer-die-dach-region\\\/#breadcrumb\",\"itemListElement\":[{\"@type\":\"ListItem\",\"position\":1,\"name\":\"Home\",\"item\":\"https:\\\/\\\/www.immobilienbusiness.ch\\\/\"},{\"@type\":\"ListItem\",\"position\":2,\"name\":\"Savills IM: Neuer Head of BD f\u00fcr die DACH-Region\"}]},{\"@type\":\"WebSite\",\"@id\":\"https:\\\/\\\/www.immobilienbusiness.ch\\\/#website\",\"url\":\"https:\\\/\\\/www.immobilienbusiness.ch\\\/\",\"name\":\"IMMOBILIEN Business\",\"description\":\"Unabh\u00e4ngiges Schweizer Wirtschaftsmagazin mit Fokus auf Immobilien, Architektur- und Bau sowie Investment- und Finanzierung.\",\"publisher\":{\"@id\":\"https:\\\/\\\/www.immobilienbusiness.ch\\\/#organization\"},\"potentialAction\":[{\"@type\":\"SearchAction\",\"target\":{\"@type\":\"EntryPoint\",\"urlTemplate\":\"https:\\\/\\\/www.immobilienbusiness.ch\\\/?s={search_term_string}\"},\"query-input\":{\"@type\":\"PropertyValueSpecification\",\"valueRequired\":true,\"valueName\":\"search_term_string\"}}],\"inLanguage\":\"fr-FR\"},{\"@type\":\"Organization\",\"@id\":\"https:\\\/\\\/www.immobilienbusiness.ch\\\/#organization\",\"name\":\"IMMOBILIEN Business\",\"url\":\"https:\\\/\\\/www.immobilienbusiness.ch\\\/\",\"logo\":{\"@type\":\"ImageObject\",\"inLanguage\":\"fr-FR\",\"@id\":\"https:\\\/\\\/www.immobilienbusiness.ch\\\/#\\\/schema\\\/logo\\\/image\\\/\",\"url\":\"https:\\\/\\\/www.immobilienbusiness.ch\\\/wp-content\\\/uploads\\\/2021\\\/07\\\/logo_ib.png\",\"contentUrl\":\"https:\\\/\\\/www.immobilienbusiness.ch\\\/wp-content\\\/uploads\\\/2021\\\/07\\\/logo_ib.png\",\"width\":800,\"height\":181,\"caption\":\"IMMOBILIEN Business\"},\"image\":{\"@id\":\"https:\\\/\\\/www.immobilienbusiness.ch\\\/#\\\/schema\\\/logo\\\/image\\\/\"},\"sameAs\":[\"https:\\\/\\\/www.facebook.com\\\/immobilienbusiness\\\/\"]},{\"@type\":\"Person\",\"@id\":\"https:\\\/\\\/www.immobilienbusiness.ch\\\/#\\\/schema\\\/person\\\/aa2bace6c5c5aad60102004a50c4eb1c\",\"name\":\"Redaktion\",\"image\":{\"@type\":\"ImageObject\",\"inLanguage\":\"fr-FR\",\"@id\":\"https:\\\/\\\/secure.gravatar.com\\\/avatar\\\/ae2f4d718e6c49043e314ce431e7e645d646302a24a5ef5a8bc8e3f5a032e319?s=96&d=mm&r=g\",\"url\":\"https:\\\/\\\/secure.gravatar.com\\\/avatar\\\/ae2f4d718e6c49043e314ce431e7e645d646302a24a5ef5a8bc8e3f5a032e319?s=96&d=mm&r=g\",\"contentUrl\":\"https:\\\/\\\/secure.gravatar.com\\\/avatar\\\/ae2f4d718e6c49043e314ce431e7e645d646302a24a5ef5a8bc8e3f5a032e319?s=96&d=mm&r=g\",\"caption\":\"Redaktion\"},\"sameAs\":[\"http:\\\/\\\/develop.organisator.galledia.ch\"],\"url\":\"https:\\\/\\\/www.immobilienbusiness.ch\\\/fr\\\/author\\\/admin\\\/\"}]}<\/script>\n<!-- \/ Yoast SEO plugin. -->","yoast_head_json":{"title":"Savills IM : nouveau responsable de la BD pour la r\u00e9gion DACH - IMMOBILIER Business","description":"Savills Investment Management (Savills IM) a nomm\u00e9 Rena Kn\u00f6pke au poste de responsable du d\u00e9veloppement commercial pour les pays germanophones en Europe.","robots":{"index":"index","follow":"follow","max-snippet":"max-snippet:-1","max-image-preview":"max-image-preview:large","max-video-preview":"max-video-preview:-1"},"canonical":"https:\/\/www.immobilienbusiness.ch\/fr\/allgemein\/2016-11-22\/savills-im-neuer-head-of-bd-fuer-die-dach-region\/","og_locale":"fr_FR","og_type":"article","og_title":"Savills IM: Neuer Head of BD f\u00fcr die DACH-Region","og_description":"Savills Investment Management (Savills IM) hat Rena Kn\u00f6pke zum Head of Business Development f\u00fcr die deutschsprachigen L\u00e4nder in Europa ernannt.","og_url":"https:\/\/www.immobilienbusiness.ch\/fr\/allgemein\/2016-11-22\/savills-im-neuer-head-of-bd-fuer-die-dach-region\/","og_site_name":"IMMOBILIEN Business","article_publisher":"https:\/\/www.facebook.com\/immobilienbusiness\/","article_published_time":"2016-11-22T07:00:52+00:00","author":"Redaktion","twitter_card":"summary_large_image","twitter_image":"https:\/\/www.immobilienbusiness.ch\/wp-content\/uploads\/2016\/11\/Savills-IM-Neuer-Head-of-BD-fuer-die-DACH-Region-immobilien-business.jpg","schema":{"@context":"https:\/\/schema.org","@graph":[{"@type":"Article","@id":"https:\/\/www.immobilienbusiness.ch\/allgemein\/2016-11-22\/savills-im-neuer-head-of-bd-fuer-die-dach-region\/#article","isPartOf":{"@id":"https:\/\/www.immobilienbusiness.ch\/allgemein\/2016-11-22\/savills-im-neuer-head-of-bd-fuer-die-dach-region\/"},"author":{"name":"Redaktion","@id":"https:\/\/www.immobilienbusiness.ch\/#\/schema\/person\/aa2bace6c5c5aad60102004a50c4eb1c"},"headline":"Savills IM: Neuer Head of BD f\u00fcr die DACH-Region","datePublished":"2016-11-22T07:00:52+00:00","mainEntityOfPage":{"@id":"https:\/\/www.immobilienbusiness.ch\/allgemein\/2016-11-22\/savills-im-neuer-head-of-bd-fuer-die-dach-region\/"},"wordCount":185,"commentCount":0,"publisher":{"@id":"https:\/\/www.immobilienbusiness.ch\/#organization"},"image":{"@id":"https:\/\/www.immobilienbusiness.ch\/allgemein\/2016-11-22\/savills-im-neuer-head-of-bd-fuer-die-dach-region\/#primaryimage"},"thumbnailUrl":"https:\/\/www.immobilienbusiness.ch\/wp-content\/uploads\/2016\/11\/Savills-IM-Neuer-Head-of-BD-fuer-die-DACH-Region-immobilien-business.jpg","keywords":["Personalia","Personalien"],"articleSection":["Allgemein"],"inLanguage":"fr-FR"},{"@type":"WebPage","@id":"https:\/\/www.immobilienbusiness.ch\/allgemein\/2016-11-22\/savills-im-neuer-head-of-bd-fuer-die-dach-region\/","url":"https:\/\/www.immobilienbusiness.ch\/allgemein\/2016-11-22\/savills-im-neuer-head-of-bd-fuer-die-dach-region\/","name":"Savills IM : nouveau responsable de la BD pour la r\u00e9gion DACH - IMMOBILIER Business","isPartOf":{"@id":"https:\/\/www.immobilienbusiness.ch\/#website"},"primaryImageOfPage":{"@id":"https:\/\/www.immobilienbusiness.ch\/allgemein\/2016-11-22\/savills-im-neuer-head-of-bd-fuer-die-dach-region\/#primaryimage"},"image":{"@id":"https:\/\/www.immobilienbusiness.ch\/allgemein\/2016-11-22\/savills-im-neuer-head-of-bd-fuer-die-dach-region\/#primaryimage"},"thumbnailUrl":"https:\/\/www.immobilienbusiness.ch\/wp-content\/uploads\/2016\/11\/Savills-IM-Neuer-Head-of-BD-fuer-die-DACH-Region-immobilien-business.jpg","datePublished":"2016-11-22T07:00:52+00:00","description":"Savills Investment Management (Savills IM) a nomm\u00e9 Rena Kn\u00f6pke au poste de responsable du d\u00e9veloppement commercial pour les pays germanophones en Europe.","breadcrumb":{"@id":"https:\/\/www.immobilienbusiness.ch\/allgemein\/2016-11-22\/savills-im-neuer-head-of-bd-fuer-die-dach-region\/#breadcrumb"},"inLanguage":"fr-FR","potentialAction":[{"@type":"ReadAction","target":["https:\/\/www.immobilienbusiness.ch\/allgemein\/2016-11-22\/savills-im-neuer-head-of-bd-fuer-die-dach-region\/"]}]},{"@type":"ImageObject","inLanguage":"fr-FR","@id":"https:\/\/www.immobilienbusiness.ch\/allgemein\/2016-11-22\/savills-im-neuer-head-of-bd-fuer-die-dach-region\/#primaryimage","url":"https:\/\/www.immobilienbusiness.ch\/wp-content\/uploads\/2016\/11\/Savills-IM-Neuer-Head-of-BD-fuer-die-DACH-Region-immobilien-business.jpg","contentUrl":"https:\/\/www.immobilienbusiness.ch\/wp-content\/uploads\/2016\/11\/Savills-IM-Neuer-Head-of-BD-fuer-die-DACH-Region-immobilien-business.jpg","width":709,"height":1063,"caption":"Rena K\u00f6pke, Head of BD bei Savills IM (Foto: Savills IM)"},{"@type":"BreadcrumbList","@id":"https:\/\/www.immobilienbusiness.ch\/allgemein\/2016-11-22\/savills-im-neuer-head-of-bd-fuer-die-dach-region\/#breadcrumb","itemListElement":[{"@type":"ListItem","position":1,"name":"Home","item":"https:\/\/www.immobilienbusiness.ch\/"},{"@type":"ListItem","position":2,"name":"Savills IM: Neuer Head of BD f\u00fcr die DACH-Region"}]},{"@type":"WebSite","@id":"https:\/\/www.immobilienbusiness.ch\/#website","url":"https:\/\/www.immobilienbusiness.ch\/","name":"IMMOBILIER Business","description":"Magazine \u00e9conomique suisse ind\u00e9pendant ax\u00e9 sur l'immobilier, l'architecture et la construction ainsi que sur les investissements et le financement.","publisher":{"@id":"https:\/\/www.immobilienbusiness.ch\/#organization"},"potentialAction":[{"@type":"SearchAction","target":{"@type":"EntryPoint","urlTemplate":"https:\/\/www.immobilienbusiness.ch\/?s={search_term_string}"},"query-input":{"@type":"PropertyValueSpecification","valueRequired":true,"valueName":"search_term_string"}}],"inLanguage":"fr-FR"},{"@type":"Organization","@id":"https:\/\/www.immobilienbusiness.ch\/#organization","name":"IMMOBILIER Business","url":"https:\/\/www.immobilienbusiness.ch\/","logo":{"@type":"ImageObject","inLanguage":"fr-FR","@id":"https:\/\/www.immobilienbusiness.ch\/#\/schema\/logo\/image\/","url":"https:\/\/www.immobilienbusiness.ch\/wp-content\/uploads\/2021\/07\/logo_ib.png","contentUrl":"https:\/\/www.immobilienbusiness.ch\/wp-content\/uploads\/2021\/07\/logo_ib.png","width":800,"height":181,"caption":"IMMOBILIEN Business"},"image":{"@id":"https:\/\/www.immobilienbusiness.ch\/#\/schema\/logo\/image\/"},"sameAs":["https:\/\/www.facebook.com\/immobilienbusiness\/"]},{"@type":"Person","@id":"https:\/\/www.immobilienbusiness.ch\/#\/schema\/person\/aa2bace6c5c5aad60102004a50c4eb1c","name":"Editorial","image":{"@type":"ImageObject","inLanguage":"fr-FR","@id":"https:\/\/secure.gravatar.com\/avatar\/ae2f4d718e6c49043e314ce431e7e645d646302a24a5ef5a8bc8e3f5a032e319?s=96&d=mm&r=g","url":"https:\/\/secure.gravatar.com\/avatar\/ae2f4d718e6c49043e314ce431e7e645d646302a24a5ef5a8bc8e3f5a032e319?s=96&d=mm&r=g","contentUrl":"https:\/\/secure.gravatar.com\/avatar\/ae2f4d718e6c49043e314ce431e7e645d646302a24a5ef5a8bc8e3f5a032e319?s=96&d=mm&r=g","caption":"Redaktion"},"sameAs":["http:\/\/develop.organisator.galledia.ch"],"url":"https:\/\/www.immobilienbusiness.ch\/fr\/author\/admin\/"}]}},"_links":{"self":[{"href":"https:\/\/www.immobilienbusiness.ch\/fr\/wp-json\/wp\/v2\/posts\/520","targetHints":{"allow":["GET"]}}],"collection":[{"href":"https:\/\/www.immobilienbusiness.ch\/fr\/wp-json\/wp\/v2\/posts"}],"about":[{"href":"https:\/\/www.immobilienbusiness.ch\/fr\/wp-json\/wp\/v2\/types\/post"}],"author":[{"embeddable":true,"href":"https:\/\/www.immobilienbusiness.ch\/fr\/wp-json\/wp\/v2\/users\/1"}],"replies":[{"embeddable":true,"href":"https:\/\/www.immobilienbusiness.ch\/fr\/wp-json\/wp\/v2\/comments?post=520"}],"version-history":[{"count":0,"href":"https:\/\/www.immobilienbusiness.ch\/fr\/wp-json\/wp\/v2\/posts\/520\/revisions"}],"wp:featuredmedia":[{"embeddable":true,"href":"https:\/\/www.immobilienbusiness.ch\/fr\/wp-json\/wp\/v2\/media\/5086"}],"wp:attachment":[{"href":"https:\/\/www.immobilienbusiness.ch\/fr\/wp-json\/wp\/v2\/media?parent=520"}],"wp:term":[{"taxonomy":"category","embeddable":true,"href":"https:\/\/www.immobilienbusiness.ch\/fr\/wp-json\/wp\/v2\/categories?post=520"},{"taxonomy":"post_tag","embeddable":true,"href":"https:\/\/www.immobilienbusiness.ch\/fr\/wp-json\/wp\/v2\/tags?post=520"}],"curies":[{"name":"wp","href":"https:\/\/api.w.org\/{rel}","templated":true}]}}