{"id":517,"date":"2016-11-22T08:34:11","date_gmt":"2016-11-22T07:34:11","guid":{"rendered":"http:\/\/dev.immobilienbusiness.ch\/?p=517"},"modified":"2016-11-22T08:34:11","modified_gmt":"2016-11-22T07:34:11","slug":"ubs-fonds-und-anlagegruppen-schliessen-geschaeftsjahr-erfolgreich-ab","status":"publish","type":"post","link":"https:\/\/www.immobilienbusiness.ch\/fr\/allgemein\/2016-11-22\/ubs-fonds-und-anlagegruppen-schliessen-geschaeftsjahr-erfolgreich-ab\/","title":{"rendered":"Les fonds et groupes de placement d'UBS cl\u00f4turent un exercice fructueux"},"content":{"rendered":"<figure id=\"attachment_5084\" aria-describedby=\"caption-attachment-5084\" style=\"width: 680px\" class=\"wp-caption alignnone\"><img loading=\"lazy\" decoding=\"async\" class=\"wp-image-5084 size-medium\" src=\"https:\/\/immobilienbusiness.ch\/wp-content\/uploads\/2016\/11\/UBS-Fonds-und-Anlagegruppen-schliessen-Gesch\u00e4ftsjahr-erfolgreich-ab-immobilien-business.jpg\" width=\"680\" height=\"510\" \/><figcaption id=\"caption-attachment-5084\" class=\"wp-caption-text\">R\u00e9sultats annuels de l'UBS Anfos et des groupes de placement AST-IS et AST-KIS (photo : Pixabay)<\/figcaption><\/figure>\n<p>Au cours de l'exercice cl\u00f4tur\u00e9, l'UBS (CH) Property Fund - Swiss Residential \"Anfos\" a augment\u00e9 la valeur de son portefeuille immobilier de 114 millions par rapport \u00e0 l'ann\u00e9e pr\u00e9c\u00e9dente, pour atteindre 2,326 milliards de CHF, en raison de projets de construction et de r\u00e9novation en cours ainsi que de revalorisations du parc immobilier. Le fonds a r\u00e9alis\u00e9 une performance de neuf pour cent. Le rendement des placements est de 5,5 pour cent. La distribution a cependant \u00e9t\u00e9 r\u00e9duite par rapport \u00e0 l'ann\u00e9e pr\u00e9c\u00e9dente, passant de 2,00 \u00e0 1,80 CHF\/part, \"afin de renforcer la croissance organique du fonds\", selon UBS.<\/p>\n<p>Le groupe de placement UBS AST Immobilier Suisse (AST-IS) a augment\u00e9 la valeur de son portefeuille d'environ onze pour cent au cours de l'exercice 2015\/2016 pour atteindre 1,92 milliard. Au 30 septembre 2016, le portefeuille se composait de 126 immeubles ; une nouvelle transaction d'apport en nature a notamment \u00e9t\u00e9 r\u00e9alis\u00e9e au cours de l'exercice avec une caisse de pension de Suisse romande pour un montant de 67 millions de CHF, ce qui a permis d'ajouter deux immeubles au portefeuille. La performance de l'UBS AST-IS a atteint 4,8 %.<\/p>\n<p>Le deuxi\u00e8me groupe de placement, l'UBS AST Immobilier commercial Suisse (AST-KIS), ax\u00e9 sur l'utilisation commerciale dans toute la Suisse, a \u00e9galement connu une \u00e9volution positive : La cl\u00f4ture des comptes au 30 septembre 2016 affiche une performance de 5,2 pour cent. A la date de r\u00e9f\u00e9rence, le portefeuille comprenait 38 immeubles d'une valeur de march\u00e9 d'environ 588 millions de CHF. Au cours de l'exercice 2015\/2016, deux r\u00e9ouvertures ont eu lieu, qui se sont conclues en novembre, respectivement en juin, avec des volumes d'\u00e9mission pr\u00e9vus de 50 millions, respectivement 75 millions de CHF, et des souscriptions multiples. (ah)<\/p>","protected":false},"excerpt":{"rendered":"<p>Le fonds UBS Anfos et les groupes de placement AST-IS et AST-KIS ont r\u00e9alis\u00e9 une performance comprise entre 4,8 et 9 % au cours de l'exercice 2015\/16, qui s'est achev\u00e9 le 30 septembre.<\/p>","protected":false},"author":1,"featured_media":5084,"comment_status":"open","ping_status":"open","sticky":false,"template":"","format":"standard","meta":{"_acf_changed":false,"_yoast_wpseo_focuskw":"UBS-Fonds","_yoast_wpseo_title":"","_yoast_wpseo_metadesc":"Der UBS-Fonds Anfos und die Anlagegruppen AST-IS und AST-KIS haben im Gesch\u00e4ftsjahr 2015\/16 eine Performance zwischen 4,8 und neun Prozent erzielt.","_yoast_wpseo_linkdex":71,"pgc_sgb_lightbox_settings":"","footnotes":""},"categories":[1],"tags":[1362],"class_list":["post-517","post","type-post","status-publish","format-standard","has-post-thumbnail","hentry","category-allgemein","tag-indirekte-immobilienanlagen"],"acf":[],"yoast_head":"<!-- This site is optimized with the Yoast SEO plugin v27.4 - https:\/\/yoast.com\/product\/yoast-seo-wordpress\/ -->\n<title>UBS-Fonds und Anlagegruppen schliessen Gesch\u00e4ftsjahr erfolgreich ab - IMMOBILIEN Business<\/title>\n<meta name=\"description\" content=\"Der UBS-Fonds Anfos und die Anlagegruppen AST-IS und AST-KIS haben im Gesch\u00e4ftsjahr 2015\/16 eine Performance zwischen 4,8 und neun Prozent erzielt.\" \/>\n<meta name=\"robots\" content=\"index, follow, max-snippet:-1, max-image-preview:large, max-video-preview:-1\" \/>\n<link rel=\"canonical\" href=\"https:\/\/www.immobilienbusiness.ch\/fr\/allgemein\/2016-11-22\/ubs-fonds-und-anlagegruppen-schliessen-geschaeftsjahr-erfolgreich-ab\/\" \/>\n<meta property=\"og:locale\" content=\"fr_FR\" \/>\n<meta property=\"og:type\" content=\"article\" \/>\n<meta property=\"og:title\" content=\"UBS-Fonds und Anlagegruppen schliessen Gesch\u00e4ftsjahr erfolgreich ab\" \/>\n<meta property=\"og:description\" content=\"Der UBS-Fonds Anfos und die Anlagegruppen AST-IS und AST-KIS haben im Gesch\u00e4ftsjahr 2015\/16, das am 30. September endete, eine Performance zwischen 4,8 und neun Prozent erzielt.\" \/>\n<meta property=\"og:url\" content=\"https:\/\/www.immobilienbusiness.ch\/fr\/allgemein\/2016-11-22\/ubs-fonds-und-anlagegruppen-schliessen-geschaeftsjahr-erfolgreich-ab\/\" \/>\n<meta property=\"og:site_name\" content=\"IMMOBILIEN Business\" \/>\n<meta property=\"article:publisher\" content=\"https:\/\/www.facebook.com\/immobilienbusiness\/\" \/>\n<meta property=\"article:published_time\" content=\"2016-11-22T07:34:11+00:00\" \/>\n<meta name=\"author\" content=\"Redaktion\" \/>\n<meta name=\"twitter:card\" content=\"summary_large_image\" \/>\n<meta name=\"twitter:image\" content=\"https:\/\/www.immobilienbusiness.ch\/wp-content\/uploads\/2016\/11\/UBS-Fonds-und-Anlagegruppen-schliessen-Geschaeftsjahr-erfolgreich-ab-immobilien-business.jpg\" \/>\n<script type=\"application\/ld+json\" class=\"yoast-schema-graph\">{\"@context\":\"https:\\\/\\\/schema.org\",\"@graph\":[{\"@type\":\"Article\",\"@id\":\"https:\\\/\\\/www.immobilienbusiness.ch\\\/allgemein\\\/2016-11-22\\\/ubs-fonds-und-anlagegruppen-schliessen-geschaeftsjahr-erfolgreich-ab\\\/#article\",\"isPartOf\":{\"@id\":\"https:\\\/\\\/www.immobilienbusiness.ch\\\/allgemein\\\/2016-11-22\\\/ubs-fonds-und-anlagegruppen-schliessen-geschaeftsjahr-erfolgreich-ab\\\/\"},\"author\":{\"name\":\"Redaktion\",\"@id\":\"https:\\\/\\\/www.immobilienbusiness.ch\\\/#\\\/schema\\\/person\\\/aa2bace6c5c5aad60102004a50c4eb1c\"},\"headline\":\"UBS-Fonds und Anlagegruppen schliessen Gesch\u00e4ftsjahr erfolgreich ab\",\"datePublished\":\"2016-11-22T07:34:11+00:00\",\"mainEntityOfPage\":{\"@id\":\"https:\\\/\\\/www.immobilienbusiness.ch\\\/allgemein\\\/2016-11-22\\\/ubs-fonds-und-anlagegruppen-schliessen-geschaeftsjahr-erfolgreich-ab\\\/\"},\"wordCount\":241,\"commentCount\":0,\"publisher\":{\"@id\":\"https:\\\/\\\/www.immobilienbusiness.ch\\\/#organization\"},\"image\":{\"@id\":\"https:\\\/\\\/www.immobilienbusiness.ch\\\/allgemein\\\/2016-11-22\\\/ubs-fonds-und-anlagegruppen-schliessen-geschaeftsjahr-erfolgreich-ab\\\/#primaryimage\"},\"thumbnailUrl\":\"https:\\\/\\\/www.immobilienbusiness.ch\\\/wp-content\\\/uploads\\\/2016\\\/11\\\/UBS-Fonds-und-Anlagegruppen-schliessen-Geschaeftsjahr-erfolgreich-ab-immobilien-business.jpg\",\"keywords\":[\"Indirekte Immobilienanlagen\"],\"articleSection\":[\"Allgemein\"],\"inLanguage\":\"fr-FR\"},{\"@type\":\"WebPage\",\"@id\":\"https:\\\/\\\/www.immobilienbusiness.ch\\\/allgemein\\\/2016-11-22\\\/ubs-fonds-und-anlagegruppen-schliessen-geschaeftsjahr-erfolgreich-ab\\\/\",\"url\":\"https:\\\/\\\/www.immobilienbusiness.ch\\\/allgemein\\\/2016-11-22\\\/ubs-fonds-und-anlagegruppen-schliessen-geschaeftsjahr-erfolgreich-ab\\\/\",\"name\":\"UBS-Fonds und Anlagegruppen schliessen Gesch\u00e4ftsjahr erfolgreich ab - IMMOBILIEN Business\",\"isPartOf\":{\"@id\":\"https:\\\/\\\/www.immobilienbusiness.ch\\\/#website\"},\"primaryImageOfPage\":{\"@id\":\"https:\\\/\\\/www.immobilienbusiness.ch\\\/allgemein\\\/2016-11-22\\\/ubs-fonds-und-anlagegruppen-schliessen-geschaeftsjahr-erfolgreich-ab\\\/#primaryimage\"},\"image\":{\"@id\":\"https:\\\/\\\/www.immobilienbusiness.ch\\\/allgemein\\\/2016-11-22\\\/ubs-fonds-und-anlagegruppen-schliessen-geschaeftsjahr-erfolgreich-ab\\\/#primaryimage\"},\"thumbnailUrl\":\"https:\\\/\\\/www.immobilienbusiness.ch\\\/wp-content\\\/uploads\\\/2016\\\/11\\\/UBS-Fonds-und-Anlagegruppen-schliessen-Geschaeftsjahr-erfolgreich-ab-immobilien-business.jpg\",\"datePublished\":\"2016-11-22T07:34:11+00:00\",\"description\":\"Der UBS-Fonds Anfos und die Anlagegruppen AST-IS und AST-KIS haben im Gesch\u00e4ftsjahr 2015\\\/16 eine Performance zwischen 4,8 und neun Prozent erzielt.\",\"breadcrumb\":{\"@id\":\"https:\\\/\\\/www.immobilienbusiness.ch\\\/allgemein\\\/2016-11-22\\\/ubs-fonds-und-anlagegruppen-schliessen-geschaeftsjahr-erfolgreich-ab\\\/#breadcrumb\"},\"inLanguage\":\"fr-FR\",\"potentialAction\":[{\"@type\":\"ReadAction\",\"target\":[\"https:\\\/\\\/www.immobilienbusiness.ch\\\/allgemein\\\/2016-11-22\\\/ubs-fonds-und-anlagegruppen-schliessen-geschaeftsjahr-erfolgreich-ab\\\/\"]}]},{\"@type\":\"ImageObject\",\"inLanguage\":\"fr-FR\",\"@id\":\"https:\\\/\\\/www.immobilienbusiness.ch\\\/allgemein\\\/2016-11-22\\\/ubs-fonds-und-anlagegruppen-schliessen-geschaeftsjahr-erfolgreich-ab\\\/#primaryimage\",\"url\":\"https:\\\/\\\/www.immobilienbusiness.ch\\\/wp-content\\\/uploads\\\/2016\\\/11\\\/UBS-Fonds-und-Anlagegruppen-schliessen-Geschaeftsjahr-erfolgreich-ab-immobilien-business.jpg\",\"contentUrl\":\"https:\\\/\\\/www.immobilienbusiness.ch\\\/wp-content\\\/uploads\\\/2016\\\/11\\\/UBS-Fonds-und-Anlagegruppen-schliessen-Geschaeftsjahr-erfolgreich-ab-immobilien-business.jpg\",\"width\":1280,\"height\":960,\"caption\":\"Ein Teilverm\u00f6gen des Real Estate SICAV von Procimmo sucht frisches Kapital (Foto: Pixabay)\"},{\"@type\":\"BreadcrumbList\",\"@id\":\"https:\\\/\\\/www.immobilienbusiness.ch\\\/allgemein\\\/2016-11-22\\\/ubs-fonds-und-anlagegruppen-schliessen-geschaeftsjahr-erfolgreich-ab\\\/#breadcrumb\",\"itemListElement\":[{\"@type\":\"ListItem\",\"position\":1,\"name\":\"Home\",\"item\":\"https:\\\/\\\/www.immobilienbusiness.ch\\\/\"},{\"@type\":\"ListItem\",\"position\":2,\"name\":\"UBS-Fonds und Anlagegruppen schliessen Gesch\u00e4ftsjahr erfolgreich ab\"}]},{\"@type\":\"WebSite\",\"@id\":\"https:\\\/\\\/www.immobilienbusiness.ch\\\/#website\",\"url\":\"https:\\\/\\\/www.immobilienbusiness.ch\\\/\",\"name\":\"IMMOBILIEN Business\",\"description\":\"Unabh\u00e4ngiges Schweizer Wirtschaftsmagazin mit Fokus auf Immobilien, Architektur- und Bau sowie Investment- und Finanzierung.\",\"publisher\":{\"@id\":\"https:\\\/\\\/www.immobilienbusiness.ch\\\/#organization\"},\"potentialAction\":[{\"@type\":\"SearchAction\",\"target\":{\"@type\":\"EntryPoint\",\"urlTemplate\":\"https:\\\/\\\/www.immobilienbusiness.ch\\\/?s={search_term_string}\"},\"query-input\":{\"@type\":\"PropertyValueSpecification\",\"valueRequired\":true,\"valueName\":\"search_term_string\"}}],\"inLanguage\":\"fr-FR\"},{\"@type\":\"Organization\",\"@id\":\"https:\\\/\\\/www.immobilienbusiness.ch\\\/#organization\",\"name\":\"IMMOBILIEN Business\",\"url\":\"https:\\\/\\\/www.immobilienbusiness.ch\\\/\",\"logo\":{\"@type\":\"ImageObject\",\"inLanguage\":\"fr-FR\",\"@id\":\"https:\\\/\\\/www.immobilienbusiness.ch\\\/#\\\/schema\\\/logo\\\/image\\\/\",\"url\":\"https:\\\/\\\/www.immobilienbusiness.ch\\\/wp-content\\\/uploads\\\/2021\\\/07\\\/logo_ib.png\",\"contentUrl\":\"https:\\\/\\\/www.immobilienbusiness.ch\\\/wp-content\\\/uploads\\\/2021\\\/07\\\/logo_ib.png\",\"width\":800,\"height\":181,\"caption\":\"IMMOBILIEN Business\"},\"image\":{\"@id\":\"https:\\\/\\\/www.immobilienbusiness.ch\\\/#\\\/schema\\\/logo\\\/image\\\/\"},\"sameAs\":[\"https:\\\/\\\/www.facebook.com\\\/immobilienbusiness\\\/\"]},{\"@type\":\"Person\",\"@id\":\"https:\\\/\\\/www.immobilienbusiness.ch\\\/#\\\/schema\\\/person\\\/aa2bace6c5c5aad60102004a50c4eb1c\",\"name\":\"Redaktion\",\"image\":{\"@type\":\"ImageObject\",\"inLanguage\":\"fr-FR\",\"@id\":\"https:\\\/\\\/secure.gravatar.com\\\/avatar\\\/ae2f4d718e6c49043e314ce431e7e645d646302a24a5ef5a8bc8e3f5a032e319?s=96&d=mm&r=g\",\"url\":\"https:\\\/\\\/secure.gravatar.com\\\/avatar\\\/ae2f4d718e6c49043e314ce431e7e645d646302a24a5ef5a8bc8e3f5a032e319?s=96&d=mm&r=g\",\"contentUrl\":\"https:\\\/\\\/secure.gravatar.com\\\/avatar\\\/ae2f4d718e6c49043e314ce431e7e645d646302a24a5ef5a8bc8e3f5a032e319?s=96&d=mm&r=g\",\"caption\":\"Redaktion\"},\"sameAs\":[\"http:\\\/\\\/develop.organisator.galledia.ch\"],\"url\":\"https:\\\/\\\/www.immobilienbusiness.ch\\\/fr\\\/author\\\/admin\\\/\"}]}<\/script>\n<!-- \/ Yoast SEO plugin. -->","yoast_head_json":{"title":"UBS-Fonds und Anlagegruppen schliessen Gesch\u00e4ftsjahr erfolgreich ab - IMMOBILIEN Business","description":"Der UBS-Fonds Anfos und die Anlagegruppen AST-IS und AST-KIS haben im Gesch\u00e4ftsjahr 2015\/16 eine Performance zwischen 4,8 und neun Prozent erzielt.","robots":{"index":"index","follow":"follow","max-snippet":"max-snippet:-1","max-image-preview":"max-image-preview:large","max-video-preview":"max-video-preview:-1"},"canonical":"https:\/\/www.immobilienbusiness.ch\/fr\/allgemein\/2016-11-22\/ubs-fonds-und-anlagegruppen-schliessen-geschaeftsjahr-erfolgreich-ab\/","og_locale":"fr_FR","og_type":"article","og_title":"UBS-Fonds und Anlagegruppen schliessen Gesch\u00e4ftsjahr erfolgreich ab","og_description":"Der UBS-Fonds Anfos und die Anlagegruppen AST-IS und AST-KIS haben im Gesch\u00e4ftsjahr 2015\/16, das am 30. September endete, eine Performance zwischen 4,8 und neun Prozent erzielt.","og_url":"https:\/\/www.immobilienbusiness.ch\/fr\/allgemein\/2016-11-22\/ubs-fonds-und-anlagegruppen-schliessen-geschaeftsjahr-erfolgreich-ab\/","og_site_name":"IMMOBILIEN Business","article_publisher":"https:\/\/www.facebook.com\/immobilienbusiness\/","article_published_time":"2016-11-22T07:34:11+00:00","author":"Redaktion","twitter_card":"summary_large_image","twitter_image":"https:\/\/www.immobilienbusiness.ch\/wp-content\/uploads\/2016\/11\/UBS-Fonds-und-Anlagegruppen-schliessen-Geschaeftsjahr-erfolgreich-ab-immobilien-business.jpg","schema":{"@context":"https:\/\/schema.org","@graph":[{"@type":"Article","@id":"https:\/\/www.immobilienbusiness.ch\/allgemein\/2016-11-22\/ubs-fonds-und-anlagegruppen-schliessen-geschaeftsjahr-erfolgreich-ab\/#article","isPartOf":{"@id":"https:\/\/www.immobilienbusiness.ch\/allgemein\/2016-11-22\/ubs-fonds-und-anlagegruppen-schliessen-geschaeftsjahr-erfolgreich-ab\/"},"author":{"name":"Redaktion","@id":"https:\/\/www.immobilienbusiness.ch\/#\/schema\/person\/aa2bace6c5c5aad60102004a50c4eb1c"},"headline":"UBS-Fonds und Anlagegruppen schliessen Gesch\u00e4ftsjahr erfolgreich ab","datePublished":"2016-11-22T07:34:11+00:00","mainEntityOfPage":{"@id":"https:\/\/www.immobilienbusiness.ch\/allgemein\/2016-11-22\/ubs-fonds-und-anlagegruppen-schliessen-geschaeftsjahr-erfolgreich-ab\/"},"wordCount":241,"commentCount":0,"publisher":{"@id":"https:\/\/www.immobilienbusiness.ch\/#organization"},"image":{"@id":"https:\/\/www.immobilienbusiness.ch\/allgemein\/2016-11-22\/ubs-fonds-und-anlagegruppen-schliessen-geschaeftsjahr-erfolgreich-ab\/#primaryimage"},"thumbnailUrl":"https:\/\/www.immobilienbusiness.ch\/wp-content\/uploads\/2016\/11\/UBS-Fonds-und-Anlagegruppen-schliessen-Geschaeftsjahr-erfolgreich-ab-immobilien-business.jpg","keywords":["Indirekte Immobilienanlagen"],"articleSection":["Allgemein"],"inLanguage":"fr-FR"},{"@type":"WebPage","@id":"https:\/\/www.immobilienbusiness.ch\/allgemein\/2016-11-22\/ubs-fonds-und-anlagegruppen-schliessen-geschaeftsjahr-erfolgreich-ab\/","url":"https:\/\/www.immobilienbusiness.ch\/allgemein\/2016-11-22\/ubs-fonds-und-anlagegruppen-schliessen-geschaeftsjahr-erfolgreich-ab\/","name":"UBS-Fonds und Anlagegruppen schliessen Gesch\u00e4ftsjahr erfolgreich ab - IMMOBILIEN Business","isPartOf":{"@id":"https:\/\/www.immobilienbusiness.ch\/#website"},"primaryImageOfPage":{"@id":"https:\/\/www.immobilienbusiness.ch\/allgemein\/2016-11-22\/ubs-fonds-und-anlagegruppen-schliessen-geschaeftsjahr-erfolgreich-ab\/#primaryimage"},"image":{"@id":"https:\/\/www.immobilienbusiness.ch\/allgemein\/2016-11-22\/ubs-fonds-und-anlagegruppen-schliessen-geschaeftsjahr-erfolgreich-ab\/#primaryimage"},"thumbnailUrl":"https:\/\/www.immobilienbusiness.ch\/wp-content\/uploads\/2016\/11\/UBS-Fonds-und-Anlagegruppen-schliessen-Geschaeftsjahr-erfolgreich-ab-immobilien-business.jpg","datePublished":"2016-11-22T07:34:11+00:00","description":"Der UBS-Fonds Anfos und die Anlagegruppen AST-IS und AST-KIS haben im Gesch\u00e4ftsjahr 2015\/16 eine Performance zwischen 4,8 und neun Prozent erzielt.","breadcrumb":{"@id":"https:\/\/www.immobilienbusiness.ch\/allgemein\/2016-11-22\/ubs-fonds-und-anlagegruppen-schliessen-geschaeftsjahr-erfolgreich-ab\/#breadcrumb"},"inLanguage":"fr-FR","potentialAction":[{"@type":"ReadAction","target":["https:\/\/www.immobilienbusiness.ch\/allgemein\/2016-11-22\/ubs-fonds-und-anlagegruppen-schliessen-geschaeftsjahr-erfolgreich-ab\/"]}]},{"@type":"ImageObject","inLanguage":"fr-FR","@id":"https:\/\/www.immobilienbusiness.ch\/allgemein\/2016-11-22\/ubs-fonds-und-anlagegruppen-schliessen-geschaeftsjahr-erfolgreich-ab\/#primaryimage","url":"https:\/\/www.immobilienbusiness.ch\/wp-content\/uploads\/2016\/11\/UBS-Fonds-und-Anlagegruppen-schliessen-Geschaeftsjahr-erfolgreich-ab-immobilien-business.jpg","contentUrl":"https:\/\/www.immobilienbusiness.ch\/wp-content\/uploads\/2016\/11\/UBS-Fonds-und-Anlagegruppen-schliessen-Geschaeftsjahr-erfolgreich-ab-immobilien-business.jpg","width":1280,"height":960,"caption":"Ein Teilverm\u00f6gen des Real Estate SICAV von Procimmo sucht frisches Kapital (Foto: Pixabay)"},{"@type":"BreadcrumbList","@id":"https:\/\/www.immobilienbusiness.ch\/allgemein\/2016-11-22\/ubs-fonds-und-anlagegruppen-schliessen-geschaeftsjahr-erfolgreich-ab\/#breadcrumb","itemListElement":[{"@type":"ListItem","position":1,"name":"Home","item":"https:\/\/www.immobilienbusiness.ch\/"},{"@type":"ListItem","position":2,"name":"UBS-Fonds und Anlagegruppen schliessen Gesch\u00e4ftsjahr erfolgreich ab"}]},{"@type":"WebSite","@id":"https:\/\/www.immobilienbusiness.ch\/#website","url":"https:\/\/www.immobilienbusiness.ch\/","name":"IMMOBILIER Business","description":"Magazine \u00e9conomique suisse ind\u00e9pendant ax\u00e9 sur l'immobilier, l'architecture et la construction ainsi que sur les investissements et le financement.","publisher":{"@id":"https:\/\/www.immobilienbusiness.ch\/#organization"},"potentialAction":[{"@type":"SearchAction","target":{"@type":"EntryPoint","urlTemplate":"https:\/\/www.immobilienbusiness.ch\/?s={search_term_string}"},"query-input":{"@type":"PropertyValueSpecification","valueRequired":true,"valueName":"search_term_string"}}],"inLanguage":"fr-FR"},{"@type":"Organization","@id":"https:\/\/www.immobilienbusiness.ch\/#organization","name":"IMMOBILIER Business","url":"https:\/\/www.immobilienbusiness.ch\/","logo":{"@type":"ImageObject","inLanguage":"fr-FR","@id":"https:\/\/www.immobilienbusiness.ch\/#\/schema\/logo\/image\/","url":"https:\/\/www.immobilienbusiness.ch\/wp-content\/uploads\/2021\/07\/logo_ib.png","contentUrl":"https:\/\/www.immobilienbusiness.ch\/wp-content\/uploads\/2021\/07\/logo_ib.png","width":800,"height":181,"caption":"IMMOBILIEN Business"},"image":{"@id":"https:\/\/www.immobilienbusiness.ch\/#\/schema\/logo\/image\/"},"sameAs":["https:\/\/www.facebook.com\/immobilienbusiness\/"]},{"@type":"Person","@id":"https:\/\/www.immobilienbusiness.ch\/#\/schema\/person\/aa2bace6c5c5aad60102004a50c4eb1c","name":"Editorial","image":{"@type":"ImageObject","inLanguage":"fr-FR","@id":"https:\/\/secure.gravatar.com\/avatar\/ae2f4d718e6c49043e314ce431e7e645d646302a24a5ef5a8bc8e3f5a032e319?s=96&d=mm&r=g","url":"https:\/\/secure.gravatar.com\/avatar\/ae2f4d718e6c49043e314ce431e7e645d646302a24a5ef5a8bc8e3f5a032e319?s=96&d=mm&r=g","contentUrl":"https:\/\/secure.gravatar.com\/avatar\/ae2f4d718e6c49043e314ce431e7e645d646302a24a5ef5a8bc8e3f5a032e319?s=96&d=mm&r=g","caption":"Redaktion"},"sameAs":["http:\/\/develop.organisator.galledia.ch"],"url":"https:\/\/www.immobilienbusiness.ch\/fr\/author\/admin\/"}]}},"_links":{"self":[{"href":"https:\/\/www.immobilienbusiness.ch\/fr\/wp-json\/wp\/v2\/posts\/517","targetHints":{"allow":["GET"]}}],"collection":[{"href":"https:\/\/www.immobilienbusiness.ch\/fr\/wp-json\/wp\/v2\/posts"}],"about":[{"href":"https:\/\/www.immobilienbusiness.ch\/fr\/wp-json\/wp\/v2\/types\/post"}],"author":[{"embeddable":true,"href":"https:\/\/www.immobilienbusiness.ch\/fr\/wp-json\/wp\/v2\/users\/1"}],"replies":[{"embeddable":true,"href":"https:\/\/www.immobilienbusiness.ch\/fr\/wp-json\/wp\/v2\/comments?post=517"}],"version-history":[{"count":0,"href":"https:\/\/www.immobilienbusiness.ch\/fr\/wp-json\/wp\/v2\/posts\/517\/revisions"}],"wp:featuredmedia":[{"embeddable":true,"href":"https:\/\/www.immobilienbusiness.ch\/fr\/wp-json\/wp\/v2\/media\/5084"}],"wp:attachment":[{"href":"https:\/\/www.immobilienbusiness.ch\/fr\/wp-json\/wp\/v2\/media?parent=517"}],"wp:term":[{"taxonomy":"category","embeddable":true,"href":"https:\/\/www.immobilienbusiness.ch\/fr\/wp-json\/wp\/v2\/categories?post=517"},{"taxonomy":"post_tag","embeddable":true,"href":"https:\/\/www.immobilienbusiness.ch\/fr\/wp-json\/wp\/v2\/tags?post=517"}],"curies":[{"name":"wp","href":"https:\/\/api.w.org\/{rel}","templated":true}]}}