{"id":51609,"date":"2023-08-08T08:21:57","date_gmt":"2023-08-08T06:21:57","guid":{"rendered":"https:\/\/www.immobilienbusiness.ch\/?p=51609"},"modified":"2023-08-08T08:21:57","modified_gmt":"2023-08-08T06:21:57","slug":"basel-migros-zieht-in-ersatzneubau-im-lehenmattquartier","status":"publish","type":"post","link":"https:\/\/www.immobilienbusiness.ch\/fr\/regionen\/2023-08-08\/basel-migros-zieht-in-ersatzneubau-im-lehenmattquartier\/","title":{"rendered":"B\u00e2le : Migros s'installe dans un nouveau b\u00e2timent de remplacement dans le quartier de Lehenmatt"},"content":{"rendered":"<figure id=\"attachment_51610\" aria-describedby=\"caption-attachment-51610\" style=\"width: 637px\" class=\"wp-caption alignnone\"><a href=\"https:\/\/www.immobilienbusiness.ch\/wp-content\/uploads\/2023\/08\/Migros-Lehenmattquartier.png\"><img loading=\"lazy\" decoding=\"async\" class=\"size-full wp-image-51610\" src=\"https:\/\/www.immobilienbusiness.ch\/wp-content\/uploads\/2023\/08\/Migros-Lehenmattquartier.png\" alt=\"\" width=\"637\" height=\"348\" srcset=\"https:\/\/www.immobilienbusiness.ch\/wp-content\/uploads\/2023\/08\/Migros-Lehenmattquartier.png 637w, https:\/\/www.immobilienbusiness.ch\/wp-content\/uploads\/2023\/08\/Migros-Lehenmattquartier-300x164.png 300w, https:\/\/www.immobilienbusiness.ch\/wp-content\/uploads\/2023\/08\/Migros-Lehenmattquartier-18x10.png 18w, https:\/\/www.immobilienbusiness.ch\/wp-content\/uploads\/2023\/08\/Migros-Lehenmattquartier-375x205.png 375w\" sizes=\"auto, (max-width: 637px) 100vw, 637px\" \/><\/a><figcaption id=\"caption-attachment-51610\" class=\"wp-caption-text\">Voici \u00e0 quoi ressemblera le nouveau b\u00e2timent avec des surfaces de commerce de d\u00e9tail dans le quartier de Lehenmatt (photo : zVg)<\/figcaption><\/figure>\n<p>Fin 2022, le supermarch\u00e9 Migros de 500 m\u00b2 situ\u00e9 au 260 de la Lehenmattstrasse a d\u00fb fermer. Fin 2024, il devrait revenir dans un nouveau b\u00e2timent d'une surface presque deux fois plus grande.<\/p>\n<p>Selon Intershop, le nouveau b\u00e2timent de remplacement constitue la prochaine \u00e9tape du d\u00e9veloppement du site apr\u00e8s l'ach\u00e8vement des annexes et des travaux de r\u00e9novation des tours d'habitation situ\u00e9es \u00e0 proximit\u00e9. La surface du terrain mesure 1.842 m\u00b2, la surface locative totale est de 1.370 m\u00b2, dont 1.018 m\u00b2 pour le commerce de d\u00e9tail, 120 m\u00b2 pour la gastronomie et les loisirs et 231 m\u00b2 pour l'artisanat. Intershop indique un loyer th\u00e9orique de 233.000 CHF. <em>(aw)<\/em><\/p>","protected":false},"excerpt":{"rendered":"<p>Migros loue des surfaces dans un nouveau b\u00e2timent de remplacement dans le quartier b\u00e2lois de Lehenmatt, construit par Intershop jusqu'\u00e0 fin 2024.<\/p>","protected":false},"author":102,"featured_media":51610,"comment_status":"closed","ping_status":"closed","sticky":false,"template":"","format":"standard","meta":{"_acf_changed":false,"_yoast_wpseo_focuskw":"Migros","_yoast_wpseo_title":"","_yoast_wpseo_metadesc":"Die Migros mietet Fl\u00e4chen in einem Ersatzneubau im Basler Lehenmattquartier, den die Intershop bis Ende 2024 erstellt.","_yoast_wpseo_linkdex":50,"pgc_sgb_lightbox_settings":"","footnotes":""},"categories":[985],"tags":[1377,1493,1643,1832],"class_list":["post-51609","post","type-post","status-publish","format-standard","has-post-thumbnail","hentry","category-regionen","tag-intershop","tag-migros","tag-retail","tag-vermietung"],"acf":[],"yoast_head":"<!-- This site is optimized with the Yoast SEO plugin v27.5 - https:\/\/yoast.com\/product\/yoast-seo-wordpress\/ -->\n<title>Basel: Migros zieht in Ersatzneubau im Lehenmattquartier - IMMOBILIEN Business<\/title>\n<meta name=\"description\" content=\"Die Migros mietet Fl\u00e4chen in einem Ersatzneubau im Basler Lehenmattquartier, den die Intershop bis Ende 2024 erstellt.\" \/>\n<meta name=\"robots\" content=\"index, follow, max-snippet:-1, max-image-preview:large, max-video-preview:-1\" \/>\n<link rel=\"canonical\" href=\"https:\/\/www.immobilienbusiness.ch\/fr\/regionen\/2023-08-08\/basel-migros-zieht-in-ersatzneubau-im-lehenmattquartier\/\" \/>\n<meta property=\"og:locale\" content=\"fr_FR\" \/>\n<meta property=\"og:type\" content=\"article\" \/>\n<meta property=\"og:title\" content=\"Basel: Migros zieht in Ersatzneubau im Lehenmattquartier - IMMOBILIEN Business\" \/>\n<meta property=\"og:description\" content=\"Die Migros mietet Fl\u00e4chen in einem Ersatzneubau im Basler Lehenmattquartier, den die Intershop bis Ende 2024 erstellt.\" \/>\n<meta property=\"og:url\" content=\"https:\/\/www.immobilienbusiness.ch\/fr\/regionen\/2023-08-08\/basel-migros-zieht-in-ersatzneubau-im-lehenmattquartier\/\" \/>\n<meta property=\"og:site_name\" content=\"IMMOBILIEN Business\" \/>\n<meta property=\"article:publisher\" content=\"https:\/\/www.facebook.com\/immobilienbusiness\/\" \/>\n<meta property=\"article:published_time\" content=\"2023-08-08T06:21:57+00:00\" \/>\n<meta property=\"og:image\" content=\"https:\/\/www.immobilienbusiness.ch\/wp-content\/uploads\/2023\/08\/Migros-Lehenmattquartier.png\" \/>\n\t<meta property=\"og:image:width\" content=\"637\" \/>\n\t<meta property=\"og:image:height\" content=\"348\" \/>\n\t<meta property=\"og:image:type\" content=\"image\/png\" \/>\n<meta name=\"author\" content=\"Alexander Wachter\" \/>\n<meta name=\"twitter:card\" content=\"summary_large_image\" \/>\n<script type=\"application\/ld+json\" class=\"yoast-schema-graph\">{\"@context\":\"https:\\\/\\\/schema.org\",\"@graph\":[{\"@type\":\"Article\",\"@id\":\"https:\\\/\\\/www.immobilienbusiness.ch\\\/fr\\\/regionen\\\/2023-08-08\\\/basel-migros-zieht-in-ersatzneubau-im-lehenmattquartier\\\/#article\",\"isPartOf\":{\"@id\":\"https:\\\/\\\/www.immobilienbusiness.ch\\\/fr\\\/regionen\\\/2023-08-08\\\/basel-migros-zieht-in-ersatzneubau-im-lehenmattquartier\\\/\"},\"author\":{\"name\":\"Alexander Wachter\",\"@id\":\"https:\\\/\\\/www.immobilienbusiness.ch\\\/#\\\/schema\\\/person\\\/aba8bea2db926aa0c24c08c43fe1fcd5\"},\"headline\":\"Basel: Migros zieht in Ersatzneubau im Lehenmattquartier\",\"datePublished\":\"2023-08-08T06:21:57+00:00\",\"mainEntityOfPage\":{\"@id\":\"https:\\\/\\\/www.immobilienbusiness.ch\\\/fr\\\/regionen\\\/2023-08-08\\\/basel-migros-zieht-in-ersatzneubau-im-lehenmattquartier\\\/\"},\"wordCount\":116,\"publisher\":{\"@id\":\"https:\\\/\\\/www.immobilienbusiness.ch\\\/#organization\"},\"image\":{\"@id\":\"https:\\\/\\\/www.immobilienbusiness.ch\\\/fr\\\/regionen\\\/2023-08-08\\\/basel-migros-zieht-in-ersatzneubau-im-lehenmattquartier\\\/#primaryimage\"},\"thumbnailUrl\":\"https:\\\/\\\/www.immobilienbusiness.ch\\\/wp-content\\\/uploads\\\/2023\\\/08\\\/Migros-Lehenmattquartier.png\",\"keywords\":[\"Intershop\",\"Migros\",\"Retail\",\"Vermietung\"],\"articleSection\":[\"REGIONEN\"],\"inLanguage\":\"fr-FR\"},{\"@type\":\"WebPage\",\"@id\":\"https:\\\/\\\/www.immobilienbusiness.ch\\\/fr\\\/regionen\\\/2023-08-08\\\/basel-migros-zieht-in-ersatzneubau-im-lehenmattquartier\\\/\",\"url\":\"https:\\\/\\\/www.immobilienbusiness.ch\\\/fr\\\/regionen\\\/2023-08-08\\\/basel-migros-zieht-in-ersatzneubau-im-lehenmattquartier\\\/\",\"name\":\"Basel: Migros zieht in Ersatzneubau im Lehenmattquartier - IMMOBILIEN Business\",\"isPartOf\":{\"@id\":\"https:\\\/\\\/www.immobilienbusiness.ch\\\/#website\"},\"primaryImageOfPage\":{\"@id\":\"https:\\\/\\\/www.immobilienbusiness.ch\\\/fr\\\/regionen\\\/2023-08-08\\\/basel-migros-zieht-in-ersatzneubau-im-lehenmattquartier\\\/#primaryimage\"},\"image\":{\"@id\":\"https:\\\/\\\/www.immobilienbusiness.ch\\\/fr\\\/regionen\\\/2023-08-08\\\/basel-migros-zieht-in-ersatzneubau-im-lehenmattquartier\\\/#primaryimage\"},\"thumbnailUrl\":\"https:\\\/\\\/www.immobilienbusiness.ch\\\/wp-content\\\/uploads\\\/2023\\\/08\\\/Migros-Lehenmattquartier.png\",\"datePublished\":\"2023-08-08T06:21:57+00:00\",\"description\":\"Die Migros mietet Fl\u00e4chen in einem Ersatzneubau im Basler Lehenmattquartier, den die Intershop bis Ende 2024 erstellt.\",\"breadcrumb\":{\"@id\":\"https:\\\/\\\/www.immobilienbusiness.ch\\\/fr\\\/regionen\\\/2023-08-08\\\/basel-migros-zieht-in-ersatzneubau-im-lehenmattquartier\\\/#breadcrumb\"},\"inLanguage\":\"fr-FR\",\"potentialAction\":[{\"@type\":\"ReadAction\",\"target\":[\"https:\\\/\\\/www.immobilienbusiness.ch\\\/fr\\\/regionen\\\/2023-08-08\\\/basel-migros-zieht-in-ersatzneubau-im-lehenmattquartier\\\/\"]}]},{\"@type\":\"ImageObject\",\"inLanguage\":\"fr-FR\",\"@id\":\"https:\\\/\\\/www.immobilienbusiness.ch\\\/fr\\\/regionen\\\/2023-08-08\\\/basel-migros-zieht-in-ersatzneubau-im-lehenmattquartier\\\/#primaryimage\",\"url\":\"https:\\\/\\\/www.immobilienbusiness.ch\\\/wp-content\\\/uploads\\\/2023\\\/08\\\/Migros-Lehenmattquartier.png\",\"contentUrl\":\"https:\\\/\\\/www.immobilienbusiness.ch\\\/wp-content\\\/uploads\\\/2023\\\/08\\\/Migros-Lehenmattquartier.png\",\"width\":637,\"height\":348,\"caption\":\"So soll der Neubau mit Detailhandelsfl\u00e4chen im Lehenmattquartier aussehen (Bild: zVg)\"},{\"@type\":\"BreadcrumbList\",\"@id\":\"https:\\\/\\\/www.immobilienbusiness.ch\\\/fr\\\/regionen\\\/2023-08-08\\\/basel-migros-zieht-in-ersatzneubau-im-lehenmattquartier\\\/#breadcrumb\",\"itemListElement\":[{\"@type\":\"ListItem\",\"position\":1,\"name\":\"Home\",\"item\":\"https:\\\/\\\/www.immobilienbusiness.ch\\\/\"},{\"@type\":\"ListItem\",\"position\":2,\"name\":\"Basel: Migros zieht in Ersatzneubau im Lehenmattquartier\"}]},{\"@type\":\"WebSite\",\"@id\":\"https:\\\/\\\/www.immobilienbusiness.ch\\\/#website\",\"url\":\"https:\\\/\\\/www.immobilienbusiness.ch\\\/\",\"name\":\"IMMOBILIEN Business\",\"description\":\"Unabh\u00e4ngiges Schweizer Wirtschaftsmagazin mit Fokus auf Immobilien, Architektur- und Bau sowie Investment- und Finanzierung.\",\"publisher\":{\"@id\":\"https:\\\/\\\/www.immobilienbusiness.ch\\\/#organization\"},\"potentialAction\":[{\"@type\":\"SearchAction\",\"target\":{\"@type\":\"EntryPoint\",\"urlTemplate\":\"https:\\\/\\\/www.immobilienbusiness.ch\\\/?s={search_term_string}\"},\"query-input\":{\"@type\":\"PropertyValueSpecification\",\"valueRequired\":true,\"valueName\":\"search_term_string\"}}],\"inLanguage\":\"fr-FR\"},{\"@type\":\"Organization\",\"@id\":\"https:\\\/\\\/www.immobilienbusiness.ch\\\/#organization\",\"name\":\"IMMOBILIEN Business\",\"url\":\"https:\\\/\\\/www.immobilienbusiness.ch\\\/\",\"logo\":{\"@type\":\"ImageObject\",\"inLanguage\":\"fr-FR\",\"@id\":\"https:\\\/\\\/www.immobilienbusiness.ch\\\/#\\\/schema\\\/logo\\\/image\\\/\",\"url\":\"https:\\\/\\\/www.immobilienbusiness.ch\\\/wp-content\\\/uploads\\\/2021\\\/07\\\/logo_ib.png\",\"contentUrl\":\"https:\\\/\\\/www.immobilienbusiness.ch\\\/wp-content\\\/uploads\\\/2021\\\/07\\\/logo_ib.png\",\"width\":800,\"height\":181,\"caption\":\"IMMOBILIEN Business\"},\"image\":{\"@id\":\"https:\\\/\\\/www.immobilienbusiness.ch\\\/#\\\/schema\\\/logo\\\/image\\\/\"},\"sameAs\":[\"https:\\\/\\\/www.facebook.com\\\/immobilienbusiness\\\/\"]},{\"@type\":\"Person\",\"@id\":\"https:\\\/\\\/www.immobilienbusiness.ch\\\/#\\\/schema\\\/person\\\/aba8bea2db926aa0c24c08c43fe1fcd5\",\"name\":\"Alexander Wachter\",\"image\":{\"@type\":\"ImageObject\",\"inLanguage\":\"fr-FR\",\"@id\":\"https:\\\/\\\/secure.gravatar.com\\\/avatar\\\/1a09e471f5389b0e0a6416eac287e0927c7c97a7b77f9e787eba3af7aee281dd?s=96&d=mm&r=g\",\"url\":\"https:\\\/\\\/secure.gravatar.com\\\/avatar\\\/1a09e471f5389b0e0a6416eac287e0927c7c97a7b77f9e787eba3af7aee281dd?s=96&d=mm&r=g\",\"contentUrl\":\"https:\\\/\\\/secure.gravatar.com\\\/avatar\\\/1a09e471f5389b0e0a6416eac287e0927c7c97a7b77f9e787eba3af7aee281dd?s=96&d=mm&r=g\",\"caption\":\"Alexander Wachter\"},\"url\":\"https:\\\/\\\/www.immobilienbusiness.ch\\\/fr\\\/author\\\/alexander-wachter\\\/\"}]}<\/script>\n<!-- \/ Yoast SEO plugin. -->","yoast_head_json":{"title":"Basel: Migros zieht in Ersatzneubau im Lehenmattquartier - IMMOBILIEN Business","description":"Migros loue des surfaces dans un nouveau b\u00e2timent de remplacement dans le quartier b\u00e2lois de Lehenmatt, construit par Intershop jusqu'\u00e0 fin 2024.","robots":{"index":"index","follow":"follow","max-snippet":"max-snippet:-1","max-image-preview":"max-image-preview:large","max-video-preview":"max-video-preview:-1"},"canonical":"https:\/\/www.immobilienbusiness.ch\/fr\/regionen\/2023-08-08\/basel-migros-zieht-in-ersatzneubau-im-lehenmattquartier\/","og_locale":"fr_FR","og_type":"article","og_title":"Basel: Migros zieht in Ersatzneubau im Lehenmattquartier - IMMOBILIEN Business","og_description":"Die Migros mietet Fl\u00e4chen in einem Ersatzneubau im Basler Lehenmattquartier, den die Intershop bis Ende 2024 erstellt.","og_url":"https:\/\/www.immobilienbusiness.ch\/fr\/regionen\/2023-08-08\/basel-migros-zieht-in-ersatzneubau-im-lehenmattquartier\/","og_site_name":"IMMOBILIEN Business","article_publisher":"https:\/\/www.facebook.com\/immobilienbusiness\/","article_published_time":"2023-08-08T06:21:57+00:00","og_image":[{"width":637,"height":348,"url":"https:\/\/www.immobilienbusiness.ch\/wp-content\/uploads\/2023\/08\/Migros-Lehenmattquartier.png","type":"image\/png"}],"author":"Alexander Wachter","twitter_card":"summary_large_image","schema":{"@context":"https:\/\/schema.org","@graph":[{"@type":"Article","@id":"https:\/\/www.immobilienbusiness.ch\/fr\/regionen\/2023-08-08\/basel-migros-zieht-in-ersatzneubau-im-lehenmattquartier\/#article","isPartOf":{"@id":"https:\/\/www.immobilienbusiness.ch\/fr\/regionen\/2023-08-08\/basel-migros-zieht-in-ersatzneubau-im-lehenmattquartier\/"},"author":{"name":"Alexander Wachter","@id":"https:\/\/www.immobilienbusiness.ch\/#\/schema\/person\/aba8bea2db926aa0c24c08c43fe1fcd5"},"headline":"Basel: Migros zieht in Ersatzneubau im Lehenmattquartier","datePublished":"2023-08-08T06:21:57+00:00","mainEntityOfPage":{"@id":"https:\/\/www.immobilienbusiness.ch\/fr\/regionen\/2023-08-08\/basel-migros-zieht-in-ersatzneubau-im-lehenmattquartier\/"},"wordCount":116,"publisher":{"@id":"https:\/\/www.immobilienbusiness.ch\/#organization"},"image":{"@id":"https:\/\/www.immobilienbusiness.ch\/fr\/regionen\/2023-08-08\/basel-migros-zieht-in-ersatzneubau-im-lehenmattquartier\/#primaryimage"},"thumbnailUrl":"https:\/\/www.immobilienbusiness.ch\/wp-content\/uploads\/2023\/08\/Migros-Lehenmattquartier.png","keywords":["Intershop","Migros","Retail","Vermietung"],"articleSection":["REGIONEN"],"inLanguage":"fr-FR"},{"@type":"WebPage","@id":"https:\/\/www.immobilienbusiness.ch\/fr\/regionen\/2023-08-08\/basel-migros-zieht-in-ersatzneubau-im-lehenmattquartier\/","url":"https:\/\/www.immobilienbusiness.ch\/fr\/regionen\/2023-08-08\/basel-migros-zieht-in-ersatzneubau-im-lehenmattquartier\/","name":"Basel: Migros zieht in Ersatzneubau im Lehenmattquartier - IMMOBILIEN Business","isPartOf":{"@id":"https:\/\/www.immobilienbusiness.ch\/#website"},"primaryImageOfPage":{"@id":"https:\/\/www.immobilienbusiness.ch\/fr\/regionen\/2023-08-08\/basel-migros-zieht-in-ersatzneubau-im-lehenmattquartier\/#primaryimage"},"image":{"@id":"https:\/\/www.immobilienbusiness.ch\/fr\/regionen\/2023-08-08\/basel-migros-zieht-in-ersatzneubau-im-lehenmattquartier\/#primaryimage"},"thumbnailUrl":"https:\/\/www.immobilienbusiness.ch\/wp-content\/uploads\/2023\/08\/Migros-Lehenmattquartier.png","datePublished":"2023-08-08T06:21:57+00:00","description":"Migros loue des surfaces dans un nouveau b\u00e2timent de remplacement dans le quartier b\u00e2lois de Lehenmatt, construit par Intershop jusqu'\u00e0 fin 2024.","breadcrumb":{"@id":"https:\/\/www.immobilienbusiness.ch\/fr\/regionen\/2023-08-08\/basel-migros-zieht-in-ersatzneubau-im-lehenmattquartier\/#breadcrumb"},"inLanguage":"fr-FR","potentialAction":[{"@type":"ReadAction","target":["https:\/\/www.immobilienbusiness.ch\/fr\/regionen\/2023-08-08\/basel-migros-zieht-in-ersatzneubau-im-lehenmattquartier\/"]}]},{"@type":"ImageObject","inLanguage":"fr-FR","@id":"https:\/\/www.immobilienbusiness.ch\/fr\/regionen\/2023-08-08\/basel-migros-zieht-in-ersatzneubau-im-lehenmattquartier\/#primaryimage","url":"https:\/\/www.immobilienbusiness.ch\/wp-content\/uploads\/2023\/08\/Migros-Lehenmattquartier.png","contentUrl":"https:\/\/www.immobilienbusiness.ch\/wp-content\/uploads\/2023\/08\/Migros-Lehenmattquartier.png","width":637,"height":348,"caption":"So soll der Neubau mit Detailhandelsfl\u00e4chen im Lehenmattquartier aussehen (Bild: zVg)"},{"@type":"BreadcrumbList","@id":"https:\/\/www.immobilienbusiness.ch\/fr\/regionen\/2023-08-08\/basel-migros-zieht-in-ersatzneubau-im-lehenmattquartier\/#breadcrumb","itemListElement":[{"@type":"ListItem","position":1,"name":"Home","item":"https:\/\/www.immobilienbusiness.ch\/"},{"@type":"ListItem","position":2,"name":"Basel: Migros zieht in Ersatzneubau im Lehenmattquartier"}]},{"@type":"WebSite","@id":"https:\/\/www.immobilienbusiness.ch\/#website","url":"https:\/\/www.immobilienbusiness.ch\/","name":"IMMOBILIER Business","description":"Magazine \u00e9conomique suisse ind\u00e9pendant ax\u00e9 sur l'immobilier, l'architecture et la construction ainsi que sur les investissements et le financement.","publisher":{"@id":"https:\/\/www.immobilienbusiness.ch\/#organization"},"potentialAction":[{"@type":"SearchAction","target":{"@type":"EntryPoint","urlTemplate":"https:\/\/www.immobilienbusiness.ch\/?s={search_term_string}"},"query-input":{"@type":"PropertyValueSpecification","valueRequired":true,"valueName":"search_term_string"}}],"inLanguage":"fr-FR"},{"@type":"Organization","@id":"https:\/\/www.immobilienbusiness.ch\/#organization","name":"IMMOBILIER Business","url":"https:\/\/www.immobilienbusiness.ch\/","logo":{"@type":"ImageObject","inLanguage":"fr-FR","@id":"https:\/\/www.immobilienbusiness.ch\/#\/schema\/logo\/image\/","url":"https:\/\/www.immobilienbusiness.ch\/wp-content\/uploads\/2021\/07\/logo_ib.png","contentUrl":"https:\/\/www.immobilienbusiness.ch\/wp-content\/uploads\/2021\/07\/logo_ib.png","width":800,"height":181,"caption":"IMMOBILIEN Business"},"image":{"@id":"https:\/\/www.immobilienbusiness.ch\/#\/schema\/logo\/image\/"},"sameAs":["https:\/\/www.facebook.com\/immobilienbusiness\/"]},{"@type":"Person","@id":"https:\/\/www.immobilienbusiness.ch\/#\/schema\/person\/aba8bea2db926aa0c24c08c43fe1fcd5","name":"Alexander Wachter","image":{"@type":"ImageObject","inLanguage":"fr-FR","@id":"https:\/\/secure.gravatar.com\/avatar\/1a09e471f5389b0e0a6416eac287e0927c7c97a7b77f9e787eba3af7aee281dd?s=96&d=mm&r=g","url":"https:\/\/secure.gravatar.com\/avatar\/1a09e471f5389b0e0a6416eac287e0927c7c97a7b77f9e787eba3af7aee281dd?s=96&d=mm&r=g","contentUrl":"https:\/\/secure.gravatar.com\/avatar\/1a09e471f5389b0e0a6416eac287e0927c7c97a7b77f9e787eba3af7aee281dd?s=96&d=mm&r=g","caption":"Alexander Wachter"},"url":"https:\/\/www.immobilienbusiness.ch\/fr\/author\/alexander-wachter\/"}]}},"_links":{"self":[{"href":"https:\/\/www.immobilienbusiness.ch\/fr\/wp-json\/wp\/v2\/posts\/51609","targetHints":{"allow":["GET"]}}],"collection":[{"href":"https:\/\/www.immobilienbusiness.ch\/fr\/wp-json\/wp\/v2\/posts"}],"about":[{"href":"https:\/\/www.immobilienbusiness.ch\/fr\/wp-json\/wp\/v2\/types\/post"}],"author":[{"embeddable":true,"href":"https:\/\/www.immobilienbusiness.ch\/fr\/wp-json\/wp\/v2\/users\/102"}],"replies":[{"embeddable":true,"href":"https:\/\/www.immobilienbusiness.ch\/fr\/wp-json\/wp\/v2\/comments?post=51609"}],"version-history":[{"count":1,"href":"https:\/\/www.immobilienbusiness.ch\/fr\/wp-json\/wp\/v2\/posts\/51609\/revisions"}],"predecessor-version":[{"id":51611,"href":"https:\/\/www.immobilienbusiness.ch\/fr\/wp-json\/wp\/v2\/posts\/51609\/revisions\/51611"}],"wp:featuredmedia":[{"embeddable":true,"href":"https:\/\/www.immobilienbusiness.ch\/fr\/wp-json\/wp\/v2\/media\/51610"}],"wp:attachment":[{"href":"https:\/\/www.immobilienbusiness.ch\/fr\/wp-json\/wp\/v2\/media?parent=51609"}],"wp:term":[{"taxonomy":"category","embeddable":true,"href":"https:\/\/www.immobilienbusiness.ch\/fr\/wp-json\/wp\/v2\/categories?post=51609"},{"taxonomy":"post_tag","embeddable":true,"href":"https:\/\/www.immobilienbusiness.ch\/fr\/wp-json\/wp\/v2\/tags?post=51609"}],"curies":[{"name":"wp","href":"https:\/\/api.w.org\/{rel}","templated":true}]}}