{"id":5159,"date":"2016-12-09T15:25:08","date_gmt":"2016-12-09T14:25:08","guid":{"rendered":"http:\/\/dev.immobilienbusiness.ch\/?p=5159"},"modified":"2016-12-09T15:25:08","modified_gmt":"2016-12-09T14:25:08","slug":"uli-award-fuer-zuercher-kalkbreite-2","status":"publish","type":"post","link":"https:\/\/www.immobilienbusiness.ch\/fr\/regionen\/2016-12-09\/uli-award-fuer-zuercher-kalkbreite-2\/","title":{"rendered":"Prix ULI pour la Kalkbreite de Zurich"},"content":{"rendered":"<figure id=\"attachment_5160\" aria-describedby=\"caption-attachment-5160\" style=\"width: 680px\" class=\"wp-caption alignnone\"><img loading=\"lazy\" decoding=\"async\" class=\"size-medium wp-image-5160\" src=\"https:\/\/immobilienbusiness.ch\/wp-content\/uploads\/2016\/12\/ULI-Award-f\u00fcr-Z\u00fcrcher-Kalkbreite-immobilien-business.jpg\" alt=\"\" width=\"680\" height=\"452\" \/><figcaption id=\"caption-attachment-5160\" class=\"wp-caption-text\">ULI-Award pour la \"Kalkbreite\" zurichoise (Photo : Micha L. Rieser, CC BY-SA 4.0, Wikimedia Commons)<\/figcaption><\/figure>\n<p>Avec son projet \"Kalkbreite\", la coop\u00e9rative a d\u00e9velopp\u00e9 \"un r\u00e9sultat urbanistique convaincant qui n'a pas seulement un impact positif sur son environnement, mais qui inclut \u00e9galement le voisinage dans l'ensemble du processus de planification ainsi que dans l'utilisation\", peut-on lire chez ULI.<\/p>\n<p>\"Le projet de la coop\u00e9rative Kalkbreite contient tout ce qu'un d\u00e9veloppement urbain moderne et orient\u00e9 vers l'avenir devrait avoir. Il est participatif au maximum et il est durable dans ses dimensions : Environnement, construction, social, infrastructure, \u00e9conomie et acceptation. Ainsi, ce projet urbain \u00e0 la base a r\u00e9ussi \u00e0 faire na\u00eetre un nouveau morceau de ville \u00e0 Zurich\", d\u00e9clare le laudateur Ulrich Sierau, maire de la ville de Dortmund et membre du ULI Germany Advisory Board.<\/p>\n<p>Avec son Leadership Award, ULI distingue des personnes et des projets qui se sont distingu\u00e9s par une action et une r\u00e9flexion orient\u00e9es vers l'avenir. Il s'agit notamment de d\u00e9veloppements novateurs dans l'espace urbain et de mises en \u0153uvre r\u00e9ussies dans le domaine de l'immobilier avec une valeur ajout\u00e9e pour la soci\u00e9t\u00e9.<\/p>\n<p>Dans la cat\u00e9gorie de l'immobilier, Christian Ulbrich, Global CEO &amp; President de Jones Lang LaSalle, a remport\u00e9 le prix. Dans le secteur public, Reiner Nagel, pr\u00e9sident du conseil d'administration de la Bundesstiftung Baukultur, a remport\u00e9 le prix. Dans la cat\u00e9gorie Young Leader, Loimi Brautmann, Nicolas Kremershof et Oliver Kremershof de l'Urban Media Project \u00e0 Offenbach am Main ont remport\u00e9 le prix. (ah)<\/p>","protected":false},"excerpt":{"rendered":"<p>L'Urban Land Institute Germany (ULI Germany) a r\u00e9compens\u00e9 pour la premi\u00e8re fois une coop\u00e9rative de construction suisse dans le cadre de ses Leadership Awards. La coop\u00e9rative Kalkbreite \u00e0 Zurich a re\u00e7u le prix dans la cat\u00e9gorie Building Healthy Places.<\/p>","protected":false},"author":1,"featured_media":5160,"comment_status":"open","ping_status":"open","sticky":false,"template":"","format":"standard","meta":{"_acf_changed":false,"_yoast_wpseo_focuskw":"ULI-Award","_yoast_wpseo_title":"","_yoast_wpseo_metadesc":"ULI-Award: erstmals wurde eine Schweizer Baugenossenschaft im Rahmen ihrer Leadership Awards f\u00fcr ihr Projekt \u00abKalkbreite\u00bb ausgezeichnet.","_yoast_wpseo_linkdex":86,"pgc_sgb_lightbox_settings":"","footnotes":""},"categories":[985],"tags":[1629,1888],"class_list":["post-5159","post","type-post","status-publish","format-standard","has-post-thumbnail","hentry","category-regionen","tag-regionen","tag-zuerich"],"acf":[],"yoast_head":"<!-- This site is optimized with the Yoast SEO plugin v27.4 - https:\/\/yoast.com\/product\/yoast-seo-wordpress\/ -->\n<title>ULI-Award f\u00fcr Z\u00fcrcher Kalkbreite - IMMOBILIEN Business<\/title>\n<meta name=\"description\" content=\"ULI-Award: erstmals wurde eine Schweizer Baugenossenschaft im Rahmen ihrer Leadership Awards f\u00fcr ihr Projekt \u00abKalkbreite\u00bb ausgezeichnet.\" \/>\n<meta name=\"robots\" content=\"index, follow, max-snippet:-1, max-image-preview:large, max-video-preview:-1\" \/>\n<link rel=\"canonical\" href=\"https:\/\/www.immobilienbusiness.ch\/fr\/regionen\/2016-12-09\/uli-award-fuer-zuercher-kalkbreite-2\/\" \/>\n<meta property=\"og:locale\" content=\"fr_FR\" \/>\n<meta property=\"og:type\" content=\"article\" \/>\n<meta property=\"og:title\" content=\"ULI-Award f\u00fcr Z\u00fcrcher Kalkbreite\" \/>\n<meta property=\"og:description\" content=\"Das Urban Land Institute Germany (ULI Germany) hat erstmals eine Schweizer Baugenossenschaft im Rahmen ihrer Leadership Awards ausgezeichnet. Die Genossenschaft Kalkbreite in Z\u00fcrich erhielt die Auszeichnung in der Kategorie Building Healthy Places.\" \/>\n<meta property=\"og:url\" content=\"https:\/\/www.immobilienbusiness.ch\/fr\/regionen\/2016-12-09\/uli-award-fuer-zuercher-kalkbreite-2\/\" \/>\n<meta property=\"og:site_name\" content=\"IMMOBILIEN Business\" \/>\n<meta property=\"article:publisher\" content=\"https:\/\/www.facebook.com\/immobilienbusiness\/\" \/>\n<meta property=\"article:published_time\" content=\"2016-12-09T14:25:08+00:00\" \/>\n<meta name=\"author\" content=\"Redaktion\" \/>\n<meta name=\"twitter:card\" content=\"summary_large_image\" \/>\n<meta name=\"twitter:image\" content=\"https:\/\/www.immobilienbusiness.ch\/wp-content\/uploads\/2016\/12\/ULI-Award-fuer-Zuercher-Kalkbreite-immobilien-business.jpg\" \/>\n<script type=\"application\/ld+json\" class=\"yoast-schema-graph\">{\"@context\":\"https:\\\/\\\/schema.org\",\"@graph\":[{\"@type\":\"Article\",\"@id\":\"https:\\\/\\\/www.immobilienbusiness.ch\\\/regionen\\\/2016-12-09\\\/uli-award-fuer-zuercher-kalkbreite-2\\\/#article\",\"isPartOf\":{\"@id\":\"https:\\\/\\\/www.immobilienbusiness.ch\\\/regionen\\\/2016-12-09\\\/uli-award-fuer-zuercher-kalkbreite-2\\\/\"},\"author\":{\"name\":\"Redaktion\",\"@id\":\"https:\\\/\\\/www.immobilienbusiness.ch\\\/#\\\/schema\\\/person\\\/aa2bace6c5c5aad60102004a50c4eb1c\"},\"headline\":\"ULI-Award f\u00fcr Z\u00fcrcher Kalkbreite\",\"datePublished\":\"2016-12-09T14:25:08+00:00\",\"mainEntityOfPage\":{\"@id\":\"https:\\\/\\\/www.immobilienbusiness.ch\\\/regionen\\\/2016-12-09\\\/uli-award-fuer-zuercher-kalkbreite-2\\\/\"},\"wordCount\":223,\"commentCount\":0,\"publisher\":{\"@id\":\"https:\\\/\\\/www.immobilienbusiness.ch\\\/#organization\"},\"image\":{\"@id\":\"https:\\\/\\\/www.immobilienbusiness.ch\\\/regionen\\\/2016-12-09\\\/uli-award-fuer-zuercher-kalkbreite-2\\\/#primaryimage\"},\"thumbnailUrl\":\"https:\\\/\\\/www.immobilienbusiness.ch\\\/wp-content\\\/uploads\\\/2016\\\/12\\\/ULI-Award-fuer-Zuercher-Kalkbreite-immobilien-business.jpg\",\"keywords\":[\"Regionen\",\"Z\u00fcrich\"],\"articleSection\":[\"REGIONEN\"],\"inLanguage\":\"fr-FR\"},{\"@type\":\"WebPage\",\"@id\":\"https:\\\/\\\/www.immobilienbusiness.ch\\\/regionen\\\/2016-12-09\\\/uli-award-fuer-zuercher-kalkbreite-2\\\/\",\"url\":\"https:\\\/\\\/www.immobilienbusiness.ch\\\/regionen\\\/2016-12-09\\\/uli-award-fuer-zuercher-kalkbreite-2\\\/\",\"name\":\"ULI-Award f\u00fcr Z\u00fcrcher Kalkbreite - IMMOBILIEN Business\",\"isPartOf\":{\"@id\":\"https:\\\/\\\/www.immobilienbusiness.ch\\\/#website\"},\"primaryImageOfPage\":{\"@id\":\"https:\\\/\\\/www.immobilienbusiness.ch\\\/regionen\\\/2016-12-09\\\/uli-award-fuer-zuercher-kalkbreite-2\\\/#primaryimage\"},\"image\":{\"@id\":\"https:\\\/\\\/www.immobilienbusiness.ch\\\/regionen\\\/2016-12-09\\\/uli-award-fuer-zuercher-kalkbreite-2\\\/#primaryimage\"},\"thumbnailUrl\":\"https:\\\/\\\/www.immobilienbusiness.ch\\\/wp-content\\\/uploads\\\/2016\\\/12\\\/ULI-Award-fuer-Zuercher-Kalkbreite-immobilien-business.jpg\",\"datePublished\":\"2016-12-09T14:25:08+00:00\",\"description\":\"ULI-Award: erstmals wurde eine Schweizer Baugenossenschaft im Rahmen ihrer Leadership Awards f\u00fcr ihr Projekt \u00abKalkbreite\u00bb ausgezeichnet.\",\"breadcrumb\":{\"@id\":\"https:\\\/\\\/www.immobilienbusiness.ch\\\/regionen\\\/2016-12-09\\\/uli-award-fuer-zuercher-kalkbreite-2\\\/#breadcrumb\"},\"inLanguage\":\"fr-FR\",\"potentialAction\":[{\"@type\":\"ReadAction\",\"target\":[\"https:\\\/\\\/www.immobilienbusiness.ch\\\/regionen\\\/2016-12-09\\\/uli-award-fuer-zuercher-kalkbreite-2\\\/\"]}]},{\"@type\":\"ImageObject\",\"inLanguage\":\"fr-FR\",\"@id\":\"https:\\\/\\\/www.immobilienbusiness.ch\\\/regionen\\\/2016-12-09\\\/uli-award-fuer-zuercher-kalkbreite-2\\\/#primaryimage\",\"url\":\"https:\\\/\\\/www.immobilienbusiness.ch\\\/wp-content\\\/uploads\\\/2016\\\/12\\\/ULI-Award-fuer-Zuercher-Kalkbreite-immobilien-business.jpg\",\"contentUrl\":\"https:\\\/\\\/www.immobilienbusiness.ch\\\/wp-content\\\/uploads\\\/2016\\\/12\\\/ULI-Award-fuer-Zuercher-Kalkbreite-immobilien-business.jpg\",\"width\":2560,\"height\":1700,\"caption\":\"ULI-Award f\u00fcr die Z\u00fcrcher \u00abKalkbreite\u00bb (Foto: Micha L. Rieser, CC BY-SA 4.0, Wikimedia Commons)\"},{\"@type\":\"BreadcrumbList\",\"@id\":\"https:\\\/\\\/www.immobilienbusiness.ch\\\/regionen\\\/2016-12-09\\\/uli-award-fuer-zuercher-kalkbreite-2\\\/#breadcrumb\",\"itemListElement\":[{\"@type\":\"ListItem\",\"position\":1,\"name\":\"Home\",\"item\":\"https:\\\/\\\/www.immobilienbusiness.ch\\\/\"},{\"@type\":\"ListItem\",\"position\":2,\"name\":\"ULI-Award f\u00fcr Z\u00fcrcher Kalkbreite\"}]},{\"@type\":\"WebSite\",\"@id\":\"https:\\\/\\\/www.immobilienbusiness.ch\\\/#website\",\"url\":\"https:\\\/\\\/www.immobilienbusiness.ch\\\/\",\"name\":\"IMMOBILIEN Business\",\"description\":\"Unabh\u00e4ngiges Schweizer Wirtschaftsmagazin mit Fokus auf Immobilien, Architektur- und Bau sowie Investment- und Finanzierung.\",\"publisher\":{\"@id\":\"https:\\\/\\\/www.immobilienbusiness.ch\\\/#organization\"},\"potentialAction\":[{\"@type\":\"SearchAction\",\"target\":{\"@type\":\"EntryPoint\",\"urlTemplate\":\"https:\\\/\\\/www.immobilienbusiness.ch\\\/?s={search_term_string}\"},\"query-input\":{\"@type\":\"PropertyValueSpecification\",\"valueRequired\":true,\"valueName\":\"search_term_string\"}}],\"inLanguage\":\"fr-FR\"},{\"@type\":\"Organization\",\"@id\":\"https:\\\/\\\/www.immobilienbusiness.ch\\\/#organization\",\"name\":\"IMMOBILIEN Business\",\"url\":\"https:\\\/\\\/www.immobilienbusiness.ch\\\/\",\"logo\":{\"@type\":\"ImageObject\",\"inLanguage\":\"fr-FR\",\"@id\":\"https:\\\/\\\/www.immobilienbusiness.ch\\\/#\\\/schema\\\/logo\\\/image\\\/\",\"url\":\"https:\\\/\\\/www.immobilienbusiness.ch\\\/wp-content\\\/uploads\\\/2021\\\/07\\\/logo_ib.png\",\"contentUrl\":\"https:\\\/\\\/www.immobilienbusiness.ch\\\/wp-content\\\/uploads\\\/2021\\\/07\\\/logo_ib.png\",\"width\":800,\"height\":181,\"caption\":\"IMMOBILIEN Business\"},\"image\":{\"@id\":\"https:\\\/\\\/www.immobilienbusiness.ch\\\/#\\\/schema\\\/logo\\\/image\\\/\"},\"sameAs\":[\"https:\\\/\\\/www.facebook.com\\\/immobilienbusiness\\\/\"]},{\"@type\":\"Person\",\"@id\":\"https:\\\/\\\/www.immobilienbusiness.ch\\\/#\\\/schema\\\/person\\\/aa2bace6c5c5aad60102004a50c4eb1c\",\"name\":\"Redaktion\",\"image\":{\"@type\":\"ImageObject\",\"inLanguage\":\"fr-FR\",\"@id\":\"https:\\\/\\\/secure.gravatar.com\\\/avatar\\\/ae2f4d718e6c49043e314ce431e7e645d646302a24a5ef5a8bc8e3f5a032e319?s=96&d=mm&r=g\",\"url\":\"https:\\\/\\\/secure.gravatar.com\\\/avatar\\\/ae2f4d718e6c49043e314ce431e7e645d646302a24a5ef5a8bc8e3f5a032e319?s=96&d=mm&r=g\",\"contentUrl\":\"https:\\\/\\\/secure.gravatar.com\\\/avatar\\\/ae2f4d718e6c49043e314ce431e7e645d646302a24a5ef5a8bc8e3f5a032e319?s=96&d=mm&r=g\",\"caption\":\"Redaktion\"},\"sameAs\":[\"http:\\\/\\\/develop.organisator.galledia.ch\"],\"url\":\"https:\\\/\\\/www.immobilienbusiness.ch\\\/fr\\\/author\\\/admin\\\/\"}]}<\/script>\n<!-- \/ Yoast SEO plugin. -->","yoast_head_json":{"title":"ULI-Award f\u00fcr Z\u00fcrcher Kalkbreite - IMMOBILIEN Business","description":"ULI-Award: erstmals wurde eine Schweizer Baugenossenschaft im Rahmen ihrer Leadership Awards f\u00fcr ihr Projekt \u00abKalkbreite\u00bb ausgezeichnet.","robots":{"index":"index","follow":"follow","max-snippet":"max-snippet:-1","max-image-preview":"max-image-preview:large","max-video-preview":"max-video-preview:-1"},"canonical":"https:\/\/www.immobilienbusiness.ch\/fr\/regionen\/2016-12-09\/uli-award-fuer-zuercher-kalkbreite-2\/","og_locale":"fr_FR","og_type":"article","og_title":"ULI-Award f\u00fcr Z\u00fcrcher Kalkbreite","og_description":"Das Urban Land Institute Germany (ULI Germany) hat erstmals eine Schweizer Baugenossenschaft im Rahmen ihrer Leadership Awards ausgezeichnet. Die Genossenschaft Kalkbreite in Z\u00fcrich erhielt die Auszeichnung in der Kategorie Building Healthy Places.","og_url":"https:\/\/www.immobilienbusiness.ch\/fr\/regionen\/2016-12-09\/uli-award-fuer-zuercher-kalkbreite-2\/","og_site_name":"IMMOBILIEN Business","article_publisher":"https:\/\/www.facebook.com\/immobilienbusiness\/","article_published_time":"2016-12-09T14:25:08+00:00","author":"Redaktion","twitter_card":"summary_large_image","twitter_image":"https:\/\/www.immobilienbusiness.ch\/wp-content\/uploads\/2016\/12\/ULI-Award-fuer-Zuercher-Kalkbreite-immobilien-business.jpg","schema":{"@context":"https:\/\/schema.org","@graph":[{"@type":"Article","@id":"https:\/\/www.immobilienbusiness.ch\/regionen\/2016-12-09\/uli-award-fuer-zuercher-kalkbreite-2\/#article","isPartOf":{"@id":"https:\/\/www.immobilienbusiness.ch\/regionen\/2016-12-09\/uli-award-fuer-zuercher-kalkbreite-2\/"},"author":{"name":"Redaktion","@id":"https:\/\/www.immobilienbusiness.ch\/#\/schema\/person\/aa2bace6c5c5aad60102004a50c4eb1c"},"headline":"ULI-Award f\u00fcr Z\u00fcrcher Kalkbreite","datePublished":"2016-12-09T14:25:08+00:00","mainEntityOfPage":{"@id":"https:\/\/www.immobilienbusiness.ch\/regionen\/2016-12-09\/uli-award-fuer-zuercher-kalkbreite-2\/"},"wordCount":223,"commentCount":0,"publisher":{"@id":"https:\/\/www.immobilienbusiness.ch\/#organization"},"image":{"@id":"https:\/\/www.immobilienbusiness.ch\/regionen\/2016-12-09\/uli-award-fuer-zuercher-kalkbreite-2\/#primaryimage"},"thumbnailUrl":"https:\/\/www.immobilienbusiness.ch\/wp-content\/uploads\/2016\/12\/ULI-Award-fuer-Zuercher-Kalkbreite-immobilien-business.jpg","keywords":["Regionen","Z\u00fcrich"],"articleSection":["REGIONEN"],"inLanguage":"fr-FR"},{"@type":"WebPage","@id":"https:\/\/www.immobilienbusiness.ch\/regionen\/2016-12-09\/uli-award-fuer-zuercher-kalkbreite-2\/","url":"https:\/\/www.immobilienbusiness.ch\/regionen\/2016-12-09\/uli-award-fuer-zuercher-kalkbreite-2\/","name":"ULI-Award f\u00fcr Z\u00fcrcher Kalkbreite - IMMOBILIEN Business","isPartOf":{"@id":"https:\/\/www.immobilienbusiness.ch\/#website"},"primaryImageOfPage":{"@id":"https:\/\/www.immobilienbusiness.ch\/regionen\/2016-12-09\/uli-award-fuer-zuercher-kalkbreite-2\/#primaryimage"},"image":{"@id":"https:\/\/www.immobilienbusiness.ch\/regionen\/2016-12-09\/uli-award-fuer-zuercher-kalkbreite-2\/#primaryimage"},"thumbnailUrl":"https:\/\/www.immobilienbusiness.ch\/wp-content\/uploads\/2016\/12\/ULI-Award-fuer-Zuercher-Kalkbreite-immobilien-business.jpg","datePublished":"2016-12-09T14:25:08+00:00","description":"ULI-Award: erstmals wurde eine Schweizer Baugenossenschaft im Rahmen ihrer Leadership Awards f\u00fcr ihr Projekt \u00abKalkbreite\u00bb ausgezeichnet.","breadcrumb":{"@id":"https:\/\/www.immobilienbusiness.ch\/regionen\/2016-12-09\/uli-award-fuer-zuercher-kalkbreite-2\/#breadcrumb"},"inLanguage":"fr-FR","potentialAction":[{"@type":"ReadAction","target":["https:\/\/www.immobilienbusiness.ch\/regionen\/2016-12-09\/uli-award-fuer-zuercher-kalkbreite-2\/"]}]},{"@type":"ImageObject","inLanguage":"fr-FR","@id":"https:\/\/www.immobilienbusiness.ch\/regionen\/2016-12-09\/uli-award-fuer-zuercher-kalkbreite-2\/#primaryimage","url":"https:\/\/www.immobilienbusiness.ch\/wp-content\/uploads\/2016\/12\/ULI-Award-fuer-Zuercher-Kalkbreite-immobilien-business.jpg","contentUrl":"https:\/\/www.immobilienbusiness.ch\/wp-content\/uploads\/2016\/12\/ULI-Award-fuer-Zuercher-Kalkbreite-immobilien-business.jpg","width":2560,"height":1700,"caption":"ULI-Award f\u00fcr die Z\u00fcrcher \u00abKalkbreite\u00bb (Foto: Micha L. Rieser, CC BY-SA 4.0, Wikimedia Commons)"},{"@type":"BreadcrumbList","@id":"https:\/\/www.immobilienbusiness.ch\/regionen\/2016-12-09\/uli-award-fuer-zuercher-kalkbreite-2\/#breadcrumb","itemListElement":[{"@type":"ListItem","position":1,"name":"Home","item":"https:\/\/www.immobilienbusiness.ch\/"},{"@type":"ListItem","position":2,"name":"ULI-Award f\u00fcr Z\u00fcrcher Kalkbreite"}]},{"@type":"WebSite","@id":"https:\/\/www.immobilienbusiness.ch\/#website","url":"https:\/\/www.immobilienbusiness.ch\/","name":"IMMOBILIER Business","description":"Magazine \u00e9conomique suisse ind\u00e9pendant ax\u00e9 sur l'immobilier, l'architecture et la construction ainsi que sur les investissements et le financement.","publisher":{"@id":"https:\/\/www.immobilienbusiness.ch\/#organization"},"potentialAction":[{"@type":"SearchAction","target":{"@type":"EntryPoint","urlTemplate":"https:\/\/www.immobilienbusiness.ch\/?s={search_term_string}"},"query-input":{"@type":"PropertyValueSpecification","valueRequired":true,"valueName":"search_term_string"}}],"inLanguage":"fr-FR"},{"@type":"Organization","@id":"https:\/\/www.immobilienbusiness.ch\/#organization","name":"IMMOBILIER Business","url":"https:\/\/www.immobilienbusiness.ch\/","logo":{"@type":"ImageObject","inLanguage":"fr-FR","@id":"https:\/\/www.immobilienbusiness.ch\/#\/schema\/logo\/image\/","url":"https:\/\/www.immobilienbusiness.ch\/wp-content\/uploads\/2021\/07\/logo_ib.png","contentUrl":"https:\/\/www.immobilienbusiness.ch\/wp-content\/uploads\/2021\/07\/logo_ib.png","width":800,"height":181,"caption":"IMMOBILIEN Business"},"image":{"@id":"https:\/\/www.immobilienbusiness.ch\/#\/schema\/logo\/image\/"},"sameAs":["https:\/\/www.facebook.com\/immobilienbusiness\/"]},{"@type":"Person","@id":"https:\/\/www.immobilienbusiness.ch\/#\/schema\/person\/aa2bace6c5c5aad60102004a50c4eb1c","name":"Editorial","image":{"@type":"ImageObject","inLanguage":"fr-FR","@id":"https:\/\/secure.gravatar.com\/avatar\/ae2f4d718e6c49043e314ce431e7e645d646302a24a5ef5a8bc8e3f5a032e319?s=96&d=mm&r=g","url":"https:\/\/secure.gravatar.com\/avatar\/ae2f4d718e6c49043e314ce431e7e645d646302a24a5ef5a8bc8e3f5a032e319?s=96&d=mm&r=g","contentUrl":"https:\/\/secure.gravatar.com\/avatar\/ae2f4d718e6c49043e314ce431e7e645d646302a24a5ef5a8bc8e3f5a032e319?s=96&d=mm&r=g","caption":"Redaktion"},"sameAs":["http:\/\/develop.organisator.galledia.ch"],"url":"https:\/\/www.immobilienbusiness.ch\/fr\/author\/admin\/"}]}},"_links":{"self":[{"href":"https:\/\/www.immobilienbusiness.ch\/fr\/wp-json\/wp\/v2\/posts\/5159","targetHints":{"allow":["GET"]}}],"collection":[{"href":"https:\/\/www.immobilienbusiness.ch\/fr\/wp-json\/wp\/v2\/posts"}],"about":[{"href":"https:\/\/www.immobilienbusiness.ch\/fr\/wp-json\/wp\/v2\/types\/post"}],"author":[{"embeddable":true,"href":"https:\/\/www.immobilienbusiness.ch\/fr\/wp-json\/wp\/v2\/users\/1"}],"replies":[{"embeddable":true,"href":"https:\/\/www.immobilienbusiness.ch\/fr\/wp-json\/wp\/v2\/comments?post=5159"}],"version-history":[{"count":0,"href":"https:\/\/www.immobilienbusiness.ch\/fr\/wp-json\/wp\/v2\/posts\/5159\/revisions"}],"wp:featuredmedia":[{"embeddable":true,"href":"https:\/\/www.immobilienbusiness.ch\/fr\/wp-json\/wp\/v2\/media\/5160"}],"wp:attachment":[{"href":"https:\/\/www.immobilienbusiness.ch\/fr\/wp-json\/wp\/v2\/media?parent=5159"}],"wp:term":[{"taxonomy":"category","embeddable":true,"href":"https:\/\/www.immobilienbusiness.ch\/fr\/wp-json\/wp\/v2\/categories?post=5159"},{"taxonomy":"post_tag","embeddable":true,"href":"https:\/\/www.immobilienbusiness.ch\/fr\/wp-json\/wp\/v2\/tags?post=5159"}],"curies":[{"name":"wp","href":"https:\/\/api.w.org\/{rel}","templated":true}]}}