{"id":50836,"date":"2023-07-21T08:17:26","date_gmt":"2023-07-21T06:17:26","guid":{"rendered":"https:\/\/www.immobilienbusiness.ch\/?p=50836"},"modified":"2023-07-26T19:19:40","modified_gmt":"2023-07-26T17:19:40","slug":"aubonne-projekt-demimo-ist-fertiggestellt","status":"publish","type":"post","link":"https:\/\/www.immobilienbusiness.ch\/fr\/regionen\/2023-07-21\/aubonne-projekt-demimo-ist-fertiggestellt\/","title":{"rendered":"Aubonne : le projet Demimo est termin\u00e9"},"content":{"rendered":"<figure id=\"attachment_12186\" aria-describedby=\"caption-attachment-12186\" style=\"width: 1000px\" class=\"wp-caption alignnone\"><a href=\"https:\/\/www.immobilienbusiness.ch\/wp-content\/uploads\/2018\/04\/Depositphotos_2662023_m-2015.jpg\"><img loading=\"lazy\" decoding=\"async\" class=\"size-full wp-image-12186\" src=\"https:\/\/www.immobilienbusiness.ch\/wp-content\/uploads\/2018\/04\/Depositphotos_2662023_m-2015.jpg\" alt=\"\" width=\"1000\" height=\"650\" srcset=\"https:\/\/www.immobilienbusiness.ch\/wp-content\/uploads\/2018\/04\/Depositphotos_2662023_m-2015.jpg 1000w, https:\/\/www.immobilienbusiness.ch\/wp-content\/uploads\/2018\/04\/Depositphotos_2662023_m-2015-300x195.jpg 300w, https:\/\/www.immobilienbusiness.ch\/wp-content\/uploads\/2018\/04\/Depositphotos_2662023_m-2015-768x499.jpg 768w, https:\/\/www.immobilienbusiness.ch\/wp-content\/uploads\/2018\/04\/Depositphotos_2662023_m-2015-16x10.jpg 16w, https:\/\/www.immobilienbusiness.ch\/wp-content\/uploads\/2018\/04\/Depositphotos_2662023_m-2015-269x175.jpg 269w, https:\/\/www.immobilienbusiness.ch\/wp-content\/uploads\/2018\/04\/Depositphotos_2662023_m-2015-538x350.jpg 538w, https:\/\/www.immobilienbusiness.ch\/wp-content\/uploads\/2018\/04\/Depositphotos_2662023_m-2015-920x598.jpg 920w\" sizes=\"auto, (max-width: 1000px) 100vw, 1000px\" \/><\/a><figcaption id=\"caption-attachment-12186\" class=\"wp-caption-text\">Losinger Marazzi a achev\u00e9 un b\u00e2timent multifonctionnel \u00e0 Aubonne (source : davincidig - depositphotos)<\/figcaption><\/figure>\n<p>Losinger Marazzi annonce l'ach\u00e8vement du projet Demimo, apr\u00e8s 16 mois de travaux. Un b\u00e2timent multifonctionnel a \u00e9t\u00e9 r\u00e9alis\u00e9 pour un investisseur avec lequel l'entreprise de construction indique avoir d\u00e9j\u00e0 r\u00e9alis\u00e9 la \"La C\u00f4te International School\" \u00e0 Aubonne et le \"Coll\u00e8ge Alpin Beau Soleil\" \u00e0 Villars-sur-Ollon (VD).<\/p>\n<p>L'objet couvre au total 4.000 m\u00b2, r\u00e9partis sur cinq niveaux. Il se compose de six appartements \u00e0 louer, de 600 m\u00b2 de bureaux et de surfaces commerciales, d'une aire d'arr\u00eat pour voitures, d'un centre de fitness et d'un centre de physioth\u00e9rapie avec bassin th\u00e9rapeutique. Le b\u00e2timent s'appellera d\u00e9sormais \"Arctium\". <em>(ah)<\/em><\/p>","protected":false},"excerpt":{"rendered":"<p>Losinger Marazzi a r\u00e9alis\u00e9 \u00e0 Aubonne dans le canton de Vaud, pour le compte d'un investisseur priv\u00e9, un immeuble \u00e0 usage mixte comprenant des logements et des surfaces commerciales ainsi qu'un centre de fitness et de physioth\u00e9rapie.<\/p>","protected":false},"author":3,"featured_media":12186,"comment_status":"closed","ping_status":"closed","sticky":false,"template":"","format":"standard","meta":{"_acf_changed":false,"_yoast_wpseo_focuskw":"Aubonne","_yoast_wpseo_title":"","_yoast_wpseo_metadesc":"Losinger Marazzi hat in Aubonne im Auftrag eines Privatinvestors eine gemischt genutzte Immobilie mit Wohn- und Gewerbefl\u00e4chen sowie Fitnessstudio und Physiotherapiezentrum realisiert.","_yoast_wpseo_linkdex":53,"pgc_sgb_lightbox_settings":"","footnotes":""},"categories":[985],"tags":[1219,1408,1454],"class_list":["post-50836","post","type-post","status-publish","format-standard","has-post-thumbnail","hentry","category-regionen","tag-fertigstellung","tag-kanton-waadt","tag-losinger-marazzi"],"acf":[],"yoast_head":"<!-- This site is optimized with the Yoast SEO plugin v27.4 - https:\/\/yoast.com\/product\/yoast-seo-wordpress\/ -->\n<title>Aubonne: Projekt Demimo ist fertiggestellt - IMMOBILIEN Business<\/title>\n<meta name=\"description\" content=\"Losinger Marazzi hat in Aubonne im Auftrag eines Privatinvestors eine gemischt genutzte Immobilie mit Wohn- und Gewerbefl\u00e4chen sowie Fitnessstudio und Physiotherapiezentrum realisiert.\" \/>\n<meta name=\"robots\" content=\"index, follow, max-snippet:-1, max-image-preview:large, max-video-preview:-1\" \/>\n<link rel=\"canonical\" href=\"https:\/\/www.immobilienbusiness.ch\/fr\/regionen\/2023-07-21\/aubonne-projekt-demimo-ist-fertiggestellt\/\" \/>\n<meta property=\"og:locale\" content=\"fr_FR\" \/>\n<meta property=\"og:type\" content=\"article\" \/>\n<meta property=\"og:title\" content=\"Aubonne: Projekt Demimo ist fertiggestellt - IMMOBILIEN Business\" \/>\n<meta property=\"og:description\" content=\"Losinger Marazzi hat in Aubonne im Auftrag eines Privatinvestors eine gemischt genutzte Immobilie mit Wohn- und Gewerbefl\u00e4chen sowie Fitnessstudio und Physiotherapiezentrum realisiert.\" \/>\n<meta property=\"og:url\" content=\"https:\/\/www.immobilienbusiness.ch\/fr\/regionen\/2023-07-21\/aubonne-projekt-demimo-ist-fertiggestellt\/\" \/>\n<meta property=\"og:site_name\" content=\"IMMOBILIEN Business\" \/>\n<meta property=\"article:publisher\" content=\"https:\/\/www.facebook.com\/immobilienbusiness\/\" \/>\n<meta property=\"article:published_time\" content=\"2023-07-21T06:17:26+00:00\" \/>\n<meta property=\"article:modified_time\" content=\"2023-07-26T17:19:40+00:00\" \/>\n<meta property=\"og:image\" content=\"https:\/\/www.immobilienbusiness.ch\/wp-content\/uploads\/2018\/04\/Depositphotos_2662023_m-2015.jpg\" \/>\n\t<meta property=\"og:image:width\" content=\"1000\" \/>\n\t<meta property=\"og:image:height\" content=\"650\" \/>\n\t<meta property=\"og:image:type\" content=\"image\/jpeg\" \/>\n<meta name=\"author\" content=\"anja.hall\" \/>\n<meta name=\"twitter:card\" content=\"summary_large_image\" \/>\n<meta name=\"twitter:image\" content=\"https:\/\/www.immobilienbusiness.ch\/wp-content\/uploads\/2018\/04\/Depositphotos_2662023_m-2015.jpg\" \/>\n<script type=\"application\/ld+json\" class=\"yoast-schema-graph\">{\"@context\":\"https:\\\/\\\/schema.org\",\"@graph\":[{\"@type\":\"Article\",\"@id\":\"https:\\\/\\\/www.immobilienbusiness.ch\\\/en\\\/regionen\\\/2023-07-21\\\/aubonne-projekt-demimo-ist-fertiggestellt\\\/#article\",\"isPartOf\":{\"@id\":\"https:\\\/\\\/www.immobilienbusiness.ch\\\/en\\\/regionen\\\/2023-07-21\\\/aubonne-projekt-demimo-ist-fertiggestellt\\\/\"},\"author\":{\"name\":\"anja.hall\",\"@id\":\"https:\\\/\\\/www.immobilienbusiness.ch\\\/#\\\/schema\\\/person\\\/3fc036297b10b9f42d6db5ee932af8c8\"},\"headline\":\"Aubonne: Projekt Demimo ist fertiggestellt\",\"datePublished\":\"2023-07-21T06:17:26+00:00\",\"dateModified\":\"2023-07-26T17:19:40+00:00\",\"mainEntityOfPage\":{\"@id\":\"https:\\\/\\\/www.immobilienbusiness.ch\\\/en\\\/regionen\\\/2023-07-21\\\/aubonne-projekt-demimo-ist-fertiggestellt\\\/\"},\"wordCount\":115,\"publisher\":{\"@id\":\"https:\\\/\\\/www.immobilienbusiness.ch\\\/#organization\"},\"image\":{\"@id\":\"https:\\\/\\\/www.immobilienbusiness.ch\\\/en\\\/regionen\\\/2023-07-21\\\/aubonne-projekt-demimo-ist-fertiggestellt\\\/#primaryimage\"},\"thumbnailUrl\":\"https:\\\/\\\/www.immobilienbusiness.ch\\\/wp-content\\\/uploads\\\/2018\\\/04\\\/Depositphotos_2662023_m-2015.jpg\",\"keywords\":[\"Fertigstellung\",\"Kanton Waadt\",\"Losinger Marazzi\"],\"articleSection\":[\"REGIONEN\"],\"inLanguage\":\"fr-FR\"},{\"@type\":\"WebPage\",\"@id\":\"https:\\\/\\\/www.immobilienbusiness.ch\\\/en\\\/regionen\\\/2023-07-21\\\/aubonne-projekt-demimo-ist-fertiggestellt\\\/\",\"url\":\"https:\\\/\\\/www.immobilienbusiness.ch\\\/en\\\/regionen\\\/2023-07-21\\\/aubonne-projekt-demimo-ist-fertiggestellt\\\/\",\"name\":\"Aubonne: Projekt Demimo ist fertiggestellt - IMMOBILIEN Business\",\"isPartOf\":{\"@id\":\"https:\\\/\\\/www.immobilienbusiness.ch\\\/#website\"},\"primaryImageOfPage\":{\"@id\":\"https:\\\/\\\/www.immobilienbusiness.ch\\\/en\\\/regionen\\\/2023-07-21\\\/aubonne-projekt-demimo-ist-fertiggestellt\\\/#primaryimage\"},\"image\":{\"@id\":\"https:\\\/\\\/www.immobilienbusiness.ch\\\/en\\\/regionen\\\/2023-07-21\\\/aubonne-projekt-demimo-ist-fertiggestellt\\\/#primaryimage\"},\"thumbnailUrl\":\"https:\\\/\\\/www.immobilienbusiness.ch\\\/wp-content\\\/uploads\\\/2018\\\/04\\\/Depositphotos_2662023_m-2015.jpg\",\"datePublished\":\"2023-07-21T06:17:26+00:00\",\"dateModified\":\"2023-07-26T17:19:40+00:00\",\"description\":\"Losinger Marazzi hat in Aubonne im Auftrag eines Privatinvestors eine gemischt genutzte Immobilie mit Wohn- und Gewerbefl\u00e4chen sowie Fitnessstudio und Physiotherapiezentrum realisiert.\",\"breadcrumb\":{\"@id\":\"https:\\\/\\\/www.immobilienbusiness.ch\\\/en\\\/regionen\\\/2023-07-21\\\/aubonne-projekt-demimo-ist-fertiggestellt\\\/#breadcrumb\"},\"inLanguage\":\"fr-FR\",\"potentialAction\":[{\"@type\":\"ReadAction\",\"target\":[\"https:\\\/\\\/www.immobilienbusiness.ch\\\/en\\\/regionen\\\/2023-07-21\\\/aubonne-projekt-demimo-ist-fertiggestellt\\\/\"]}]},{\"@type\":\"ImageObject\",\"inLanguage\":\"fr-FR\",\"@id\":\"https:\\\/\\\/www.immobilienbusiness.ch\\\/en\\\/regionen\\\/2023-07-21\\\/aubonne-projekt-demimo-ist-fertiggestellt\\\/#primaryimage\",\"url\":\"https:\\\/\\\/www.immobilienbusiness.ch\\\/wp-content\\\/uploads\\\/2018\\\/04\\\/Depositphotos_2662023_m-2015.jpg\",\"contentUrl\":\"https:\\\/\\\/www.immobilienbusiness.ch\\\/wp-content\\\/uploads\\\/2018\\\/04\\\/Depositphotos_2662023_m-2015.jpg\",\"width\":1000,\"height\":650,\"caption\":\"(Quelle: davincidig - depositphotos)\"},{\"@type\":\"BreadcrumbList\",\"@id\":\"https:\\\/\\\/www.immobilienbusiness.ch\\\/en\\\/regionen\\\/2023-07-21\\\/aubonne-projekt-demimo-ist-fertiggestellt\\\/#breadcrumb\",\"itemListElement\":[{\"@type\":\"ListItem\",\"position\":1,\"name\":\"Home\",\"item\":\"https:\\\/\\\/www.immobilienbusiness.ch\\\/\"},{\"@type\":\"ListItem\",\"position\":2,\"name\":\"Aubonne: Projekt Demimo ist fertiggestellt\"}]},{\"@type\":\"WebSite\",\"@id\":\"https:\\\/\\\/www.immobilienbusiness.ch\\\/#website\",\"url\":\"https:\\\/\\\/www.immobilienbusiness.ch\\\/\",\"name\":\"IMMOBILIEN Business\",\"description\":\"Unabh\u00e4ngiges Schweizer Wirtschaftsmagazin mit Fokus auf Immobilien, Architektur- und Bau sowie Investment- und Finanzierung.\",\"publisher\":{\"@id\":\"https:\\\/\\\/www.immobilienbusiness.ch\\\/#organization\"},\"potentialAction\":[{\"@type\":\"SearchAction\",\"target\":{\"@type\":\"EntryPoint\",\"urlTemplate\":\"https:\\\/\\\/www.immobilienbusiness.ch\\\/?s={search_term_string}\"},\"query-input\":{\"@type\":\"PropertyValueSpecification\",\"valueRequired\":true,\"valueName\":\"search_term_string\"}}],\"inLanguage\":\"fr-FR\"},{\"@type\":\"Organization\",\"@id\":\"https:\\\/\\\/www.immobilienbusiness.ch\\\/#organization\",\"name\":\"IMMOBILIEN Business\",\"url\":\"https:\\\/\\\/www.immobilienbusiness.ch\\\/\",\"logo\":{\"@type\":\"ImageObject\",\"inLanguage\":\"fr-FR\",\"@id\":\"https:\\\/\\\/www.immobilienbusiness.ch\\\/#\\\/schema\\\/logo\\\/image\\\/\",\"url\":\"https:\\\/\\\/www.immobilienbusiness.ch\\\/wp-content\\\/uploads\\\/2021\\\/07\\\/logo_ib.png\",\"contentUrl\":\"https:\\\/\\\/www.immobilienbusiness.ch\\\/wp-content\\\/uploads\\\/2021\\\/07\\\/logo_ib.png\",\"width\":800,\"height\":181,\"caption\":\"IMMOBILIEN Business\"},\"image\":{\"@id\":\"https:\\\/\\\/www.immobilienbusiness.ch\\\/#\\\/schema\\\/logo\\\/image\\\/\"},\"sameAs\":[\"https:\\\/\\\/www.facebook.com\\\/immobilienbusiness\\\/\"]},{\"@type\":\"Person\",\"@id\":\"https:\\\/\\\/www.immobilienbusiness.ch\\\/#\\\/schema\\\/person\\\/3fc036297b10b9f42d6db5ee932af8c8\",\"name\":\"anja.hall\",\"image\":{\"@type\":\"ImageObject\",\"inLanguage\":\"fr-FR\",\"@id\":\"https:\\\/\\\/secure.gravatar.com\\\/avatar\\\/066b5a0d447013502c71a5782f4f3469f03cfe595cc2329fb94652fe47511bfb?s=96&d=mm&r=g\",\"url\":\"https:\\\/\\\/secure.gravatar.com\\\/avatar\\\/066b5a0d447013502c71a5782f4f3469f03cfe595cc2329fb94652fe47511bfb?s=96&d=mm&r=g\",\"contentUrl\":\"https:\\\/\\\/secure.gravatar.com\\\/avatar\\\/066b5a0d447013502c71a5782f4f3469f03cfe595cc2329fb94652fe47511bfb?s=96&d=mm&r=g\",\"caption\":\"anja.hall\"},\"url\":\"https:\\\/\\\/www.immobilienbusiness.ch\\\/fr\\\/author\\\/anja-hall\\\/\"}]}<\/script>\n<!-- \/ Yoast SEO plugin. -->","yoast_head_json":{"title":"Aubonne : le projet Demimo est termin\u00e9 - IMMOBILIER Business","description":"Losinger Marazzi a r\u00e9alis\u00e9 \u00e0 Aubonne, pour le compte d'un investisseur priv\u00e9, un immeuble \u00e0 usage mixte comprenant des logements et des surfaces commerciales ainsi qu'un centre de fitness et de physioth\u00e9rapie.","robots":{"index":"index","follow":"follow","max-snippet":"max-snippet:-1","max-image-preview":"max-image-preview:large","max-video-preview":"max-video-preview:-1"},"canonical":"https:\/\/www.immobilienbusiness.ch\/fr\/regionen\/2023-07-21\/aubonne-projekt-demimo-ist-fertiggestellt\/","og_locale":"fr_FR","og_type":"article","og_title":"Aubonne: Projekt Demimo ist fertiggestellt - IMMOBILIEN Business","og_description":"Losinger Marazzi hat in Aubonne im Auftrag eines Privatinvestors eine gemischt genutzte Immobilie mit Wohn- und Gewerbefl\u00e4chen sowie Fitnessstudio und Physiotherapiezentrum realisiert.","og_url":"https:\/\/www.immobilienbusiness.ch\/fr\/regionen\/2023-07-21\/aubonne-projekt-demimo-ist-fertiggestellt\/","og_site_name":"IMMOBILIEN Business","article_publisher":"https:\/\/www.facebook.com\/immobilienbusiness\/","article_published_time":"2023-07-21T06:17:26+00:00","article_modified_time":"2023-07-26T17:19:40+00:00","og_image":[{"width":1000,"height":650,"url":"https:\/\/www.immobilienbusiness.ch\/wp-content\/uploads\/2018\/04\/Depositphotos_2662023_m-2015.jpg","type":"image\/jpeg"}],"author":"anja.hall","twitter_card":"summary_large_image","twitter_image":"https:\/\/www.immobilienbusiness.ch\/wp-content\/uploads\/2018\/04\/Depositphotos_2662023_m-2015.jpg","schema":{"@context":"https:\/\/schema.org","@graph":[{"@type":"Article","@id":"https:\/\/www.immobilienbusiness.ch\/en\/regionen\/2023-07-21\/aubonne-projekt-demimo-ist-fertiggestellt\/#article","isPartOf":{"@id":"https:\/\/www.immobilienbusiness.ch\/en\/regionen\/2023-07-21\/aubonne-projekt-demimo-ist-fertiggestellt\/"},"author":{"name":"anja.hall","@id":"https:\/\/www.immobilienbusiness.ch\/#\/schema\/person\/3fc036297b10b9f42d6db5ee932af8c8"},"headline":"Aubonne: Projekt Demimo ist fertiggestellt","datePublished":"2023-07-21T06:17:26+00:00","dateModified":"2023-07-26T17:19:40+00:00","mainEntityOfPage":{"@id":"https:\/\/www.immobilienbusiness.ch\/en\/regionen\/2023-07-21\/aubonne-projekt-demimo-ist-fertiggestellt\/"},"wordCount":115,"publisher":{"@id":"https:\/\/www.immobilienbusiness.ch\/#organization"},"image":{"@id":"https:\/\/www.immobilienbusiness.ch\/en\/regionen\/2023-07-21\/aubonne-projekt-demimo-ist-fertiggestellt\/#primaryimage"},"thumbnailUrl":"https:\/\/www.immobilienbusiness.ch\/wp-content\/uploads\/2018\/04\/Depositphotos_2662023_m-2015.jpg","keywords":["Fertigstellung","Kanton Waadt","Losinger Marazzi"],"articleSection":["REGIONEN"],"inLanguage":"fr-FR"},{"@type":"WebPage","@id":"https:\/\/www.immobilienbusiness.ch\/en\/regionen\/2023-07-21\/aubonne-projekt-demimo-ist-fertiggestellt\/","url":"https:\/\/www.immobilienbusiness.ch\/en\/regionen\/2023-07-21\/aubonne-projekt-demimo-ist-fertiggestellt\/","name":"Aubonne : le projet Demimo est termin\u00e9 - IMMOBILIER Business","isPartOf":{"@id":"https:\/\/www.immobilienbusiness.ch\/#website"},"primaryImageOfPage":{"@id":"https:\/\/www.immobilienbusiness.ch\/en\/regionen\/2023-07-21\/aubonne-projekt-demimo-ist-fertiggestellt\/#primaryimage"},"image":{"@id":"https:\/\/www.immobilienbusiness.ch\/en\/regionen\/2023-07-21\/aubonne-projekt-demimo-ist-fertiggestellt\/#primaryimage"},"thumbnailUrl":"https:\/\/www.immobilienbusiness.ch\/wp-content\/uploads\/2018\/04\/Depositphotos_2662023_m-2015.jpg","datePublished":"2023-07-21T06:17:26+00:00","dateModified":"2023-07-26T17:19:40+00:00","description":"Losinger Marazzi a r\u00e9alis\u00e9 \u00e0 Aubonne, pour le compte d'un investisseur priv\u00e9, un immeuble \u00e0 usage mixte comprenant des logements et des surfaces commerciales ainsi qu'un centre de fitness et de physioth\u00e9rapie.","breadcrumb":{"@id":"https:\/\/www.immobilienbusiness.ch\/en\/regionen\/2023-07-21\/aubonne-projekt-demimo-ist-fertiggestellt\/#breadcrumb"},"inLanguage":"fr-FR","potentialAction":[{"@type":"ReadAction","target":["https:\/\/www.immobilienbusiness.ch\/en\/regionen\/2023-07-21\/aubonne-projekt-demimo-ist-fertiggestellt\/"]}]},{"@type":"ImageObject","inLanguage":"fr-FR","@id":"https:\/\/www.immobilienbusiness.ch\/en\/regionen\/2023-07-21\/aubonne-projekt-demimo-ist-fertiggestellt\/#primaryimage","url":"https:\/\/www.immobilienbusiness.ch\/wp-content\/uploads\/2018\/04\/Depositphotos_2662023_m-2015.jpg","contentUrl":"https:\/\/www.immobilienbusiness.ch\/wp-content\/uploads\/2018\/04\/Depositphotos_2662023_m-2015.jpg","width":1000,"height":650,"caption":"(Quelle: davincidig - depositphotos)"},{"@type":"BreadcrumbList","@id":"https:\/\/www.immobilienbusiness.ch\/en\/regionen\/2023-07-21\/aubonne-projekt-demimo-ist-fertiggestellt\/#breadcrumb","itemListElement":[{"@type":"ListItem","position":1,"name":"Home","item":"https:\/\/www.immobilienbusiness.ch\/"},{"@type":"ListItem","position":2,"name":"Aubonne: Projekt Demimo ist fertiggestellt"}]},{"@type":"WebSite","@id":"https:\/\/www.immobilienbusiness.ch\/#website","url":"https:\/\/www.immobilienbusiness.ch\/","name":"IMMOBILIER Business","description":"Magazine \u00e9conomique suisse ind\u00e9pendant ax\u00e9 sur l'immobilier, l'architecture et la construction ainsi que sur les investissements et le financement.","publisher":{"@id":"https:\/\/www.immobilienbusiness.ch\/#organization"},"potentialAction":[{"@type":"SearchAction","target":{"@type":"EntryPoint","urlTemplate":"https:\/\/www.immobilienbusiness.ch\/?s={search_term_string}"},"query-input":{"@type":"PropertyValueSpecification","valueRequired":true,"valueName":"search_term_string"}}],"inLanguage":"fr-FR"},{"@type":"Organization","@id":"https:\/\/www.immobilienbusiness.ch\/#organization","name":"IMMOBILIER Business","url":"https:\/\/www.immobilienbusiness.ch\/","logo":{"@type":"ImageObject","inLanguage":"fr-FR","@id":"https:\/\/www.immobilienbusiness.ch\/#\/schema\/logo\/image\/","url":"https:\/\/www.immobilienbusiness.ch\/wp-content\/uploads\/2021\/07\/logo_ib.png","contentUrl":"https:\/\/www.immobilienbusiness.ch\/wp-content\/uploads\/2021\/07\/logo_ib.png","width":800,"height":181,"caption":"IMMOBILIEN Business"},"image":{"@id":"https:\/\/www.immobilienbusiness.ch\/#\/schema\/logo\/image\/"},"sameAs":["https:\/\/www.facebook.com\/immobilienbusiness\/"]},{"@type":"Person","@id":"https:\/\/www.immobilienbusiness.ch\/#\/schema\/person\/3fc036297b10b9f42d6db5ee932af8c8","name":"anja.hall","image":{"@type":"ImageObject","inLanguage":"fr-FR","@id":"https:\/\/secure.gravatar.com\/avatar\/066b5a0d447013502c71a5782f4f3469f03cfe595cc2329fb94652fe47511bfb?s=96&d=mm&r=g","url":"https:\/\/secure.gravatar.com\/avatar\/066b5a0d447013502c71a5782f4f3469f03cfe595cc2329fb94652fe47511bfb?s=96&d=mm&r=g","contentUrl":"https:\/\/secure.gravatar.com\/avatar\/066b5a0d447013502c71a5782f4f3469f03cfe595cc2329fb94652fe47511bfb?s=96&d=mm&r=g","caption":"anja.hall"},"url":"https:\/\/www.immobilienbusiness.ch\/fr\/author\/anja-hall\/"}]}},"_links":{"self":[{"href":"https:\/\/www.immobilienbusiness.ch\/fr\/wp-json\/wp\/v2\/posts\/50836","targetHints":{"allow":["GET"]}}],"collection":[{"href":"https:\/\/www.immobilienbusiness.ch\/fr\/wp-json\/wp\/v2\/posts"}],"about":[{"href":"https:\/\/www.immobilienbusiness.ch\/fr\/wp-json\/wp\/v2\/types\/post"}],"author":[{"embeddable":true,"href":"https:\/\/www.immobilienbusiness.ch\/fr\/wp-json\/wp\/v2\/users\/3"}],"replies":[{"embeddable":true,"href":"https:\/\/www.immobilienbusiness.ch\/fr\/wp-json\/wp\/v2\/comments?post=50836"}],"version-history":[{"count":2,"href":"https:\/\/www.immobilienbusiness.ch\/fr\/wp-json\/wp\/v2\/posts\/50836\/revisions"}],"predecessor-version":[{"id":50892,"href":"https:\/\/www.immobilienbusiness.ch\/fr\/wp-json\/wp\/v2\/posts\/50836\/revisions\/50892"}],"wp:featuredmedia":[{"embeddable":true,"href":"https:\/\/www.immobilienbusiness.ch\/fr\/wp-json\/wp\/v2\/media\/12186"}],"wp:attachment":[{"href":"https:\/\/www.immobilienbusiness.ch\/fr\/wp-json\/wp\/v2\/media?parent=50836"}],"wp:term":[{"taxonomy":"category","embeddable":true,"href":"https:\/\/www.immobilienbusiness.ch\/fr\/wp-json\/wp\/v2\/categories?post=50836"},{"taxonomy":"post_tag","embeddable":true,"href":"https:\/\/www.immobilienbusiness.ch\/fr\/wp-json\/wp\/v2\/tags?post=50836"}],"curies":[{"name":"wp","href":"https:\/\/api.w.org\/{rel}","templated":true}]}}