{"id":50716,"date":"2023-07-17T09:01:42","date_gmt":"2023-07-17T07:01:42","guid":{"rendered":"https:\/\/www.immobilienbusiness.ch\/?p=50716"},"modified":"2023-07-20T10:07:46","modified_gmt":"2023-07-20T08:07:46","slug":"regensdorf-pensimo-projekt-zwhatt-kommt-voran","status":"publish","type":"post","link":"https:\/\/www.immobilienbusiness.ch\/fr\/regionen\/2023-07-17\/regensdorf-pensimo-projekt-zwhatt-kommt-voran\/","title":{"rendered":"Regensdorf : le projet Zwhatt de Pensimo avance"},"content":{"rendered":"<figure id=\"attachment_50723\" aria-describedby=\"caption-attachment-50723\" style=\"width: 1039px\" class=\"wp-caption alignnone\"><a href=\"https:\/\/www.immobilienbusiness.ch\/wp-content\/uploads\/2023\/07\/Regensdorf-Pensimo-Projekt-Zwhatt-kommt-voran.jpg\"><img loading=\"lazy\" decoding=\"async\" class=\"wp-image-50723\" src=\"https:\/\/www.immobilienbusiness.ch\/wp-content\/uploads\/2023\/07\/Regensdorf-Pensimo-Projekt-Zwhatt-kommt-voran.jpg\" alt=\"Regensdorf Pensimo-Projekt Zwhatt kommt voran\" width=\"1039\" height=\"692\" srcset=\"https:\/\/www.immobilienbusiness.ch\/wp-content\/uploads\/2023\/07\/Regensdorf-Pensimo-Projekt-Zwhatt-kommt-voran.jpg 800w, https:\/\/www.immobilienbusiness.ch\/wp-content\/uploads\/2023\/07\/Regensdorf-Pensimo-Projekt-Zwhatt-kommt-voran-300x200.jpg 300w, https:\/\/www.immobilienbusiness.ch\/wp-content\/uploads\/2023\/07\/Regensdorf-Pensimo-Projekt-Zwhatt-kommt-voran-768x512.jpg 768w, https:\/\/www.immobilienbusiness.ch\/wp-content\/uploads\/2023\/07\/Regensdorf-Pensimo-Projekt-Zwhatt-kommt-voran-18x12.jpg 18w, https:\/\/www.immobilienbusiness.ch\/wp-content\/uploads\/2023\/07\/Regensdorf-Pensimo-Projekt-Zwhatt-kommt-voran-375x250.jpg 375w, https:\/\/www.immobilienbusiness.ch\/wp-content\/uploads\/2023\/07\/Regensdorf-Pensimo-Projekt-Zwhatt-kommt-voran-525x350.jpg 525w\" sizes=\"auto, (max-width: 1039px) 100vw, 1039px\" \/><\/a><figcaption id=\"caption-attachment-50723\" class=\"wp-caption-text\">Visualisation du lotissement Zwhatt \u00e0 Regensdorf (Copyright : Pensimo)<\/figcaption><\/figure>\n<p>Les travaux avancent sur le site Zwhatt de 36 000 m2 \u00e0 la gare de Regensdorf. Pensimo Management construit plusieurs nouveaux b\u00e2timents pour les fondations de placement Turidomus, Pensimo et Adimora, dont deux immeubles de 75 m\u00e8tres de haut et un b\u00e2timent commercial.<\/p>\n<p>Comme l'indique Pensimo, le premier immeuble d'habitation pr\u00eat \u00e0 \u00eatre occup\u00e9 sera le b\u00e2timent dit longitudinal, r\u00e9alis\u00e9 pour Adimora. Ce b\u00e2timent de huit \u00e9tages comprend 31 lofts en duplex d'une surface comprise entre 40 m\u00b2 et 93 m\u00b2. La livraison des unit\u00e9s est pr\u00e9vue pour le deuxi\u00e8me trimestre 2024.<\/p>\n<p>Entre-temps, les travaux de la tour H1 et du b\u00e2timent commercial sont \u00e9galement en cours. L'immeuble H1, qui comprend 156 appartements, devrait \u00eatre pr\u00eat \u00e0 la mi-2025 et appartient \u00e0 la fondation de placement Pensimo. Le b\u00e2timent commercial, construit pour la fondation de placement Tuidomus, devrait \u00eatre disponible au milieu de l'ann\u00e9e prochaine. Des travaux souterrains sont en cours pour la tour G de 165 logements et le b\u00e2timent transversal de 62 logements, qui appartiennent tous deux \u00e0 la fondation de placement Turldomus. <em>(ah)<\/em><\/p>","protected":false},"excerpt":{"rendered":"<p>Le gros \u0153uvre du premier b\u00e2timent du nouveau quartier de la gare de Regensdorf est termin\u00e9. <\/p>","protected":false},"author":3,"featured_media":50723,"comment_status":"closed","ping_status":"closed","sticky":false,"template":"","format":"standard","meta":{"_acf_changed":false,"_yoast_wpseo_focuskw":"Regensdorf Pensimo-Projekt","_yoast_wpseo_title":"","_yoast_wpseo_metadesc":"Der Rohbau des ersten Geb\u00e4udes im neuen Stadtquartier beim Bahnhof Regensdorf ist fertig.","_yoast_wpseo_linkdex":51,"pgc_sgb_lightbox_settings":"","footnotes":""},"categories":[985],"tags":[1560,2123,2122,1863],"class_list":["post-50716","post","type-post","status-publish","format-standard","has-post-thumbnail","hentry","category-regionen","tag-pensimo","tag-projekt-im-bau","tag-regensdorf","tag-wohnimmobilien"],"acf":[],"yoast_head":"<!-- This site is optimized with the Yoast SEO plugin v27.5 - https:\/\/yoast.com\/product\/yoast-seo-wordpress\/ -->\n<title>Regensdorf: Pensimo-Projekt Zwhatt kommt voran - IMMOBILIEN Business<\/title>\n<meta name=\"description\" content=\"Der Rohbau des ersten Geb\u00e4udes im neuen Stadtquartier beim Bahnhof Regensdorf ist fertig.\" \/>\n<meta name=\"robots\" content=\"index, follow, max-snippet:-1, max-image-preview:large, max-video-preview:-1\" \/>\n<link rel=\"canonical\" href=\"https:\/\/www.immobilienbusiness.ch\/fr\/regionen\/2023-07-17\/regensdorf-pensimo-projekt-zwhatt-kommt-voran\/\" \/>\n<meta property=\"og:locale\" content=\"fr_FR\" \/>\n<meta property=\"og:type\" content=\"article\" \/>\n<meta property=\"og:title\" content=\"Regensdorf: Pensimo-Projekt Zwhatt kommt voran - IMMOBILIEN Business\" \/>\n<meta property=\"og:description\" content=\"Der Rohbau des ersten Geb\u00e4udes im neuen Stadtquartier beim Bahnhof Regensdorf ist fertig.\" \/>\n<meta property=\"og:url\" content=\"https:\/\/www.immobilienbusiness.ch\/fr\/regionen\/2023-07-17\/regensdorf-pensimo-projekt-zwhatt-kommt-voran\/\" \/>\n<meta property=\"og:site_name\" content=\"IMMOBILIEN Business\" \/>\n<meta property=\"article:publisher\" content=\"https:\/\/www.facebook.com\/immobilienbusiness\/\" \/>\n<meta property=\"article:published_time\" content=\"2023-07-17T07:01:42+00:00\" \/>\n<meta property=\"article:modified_time\" content=\"2023-07-20T08:07:46+00:00\" \/>\n<meta property=\"og:image\" content=\"https:\/\/www.immobilienbusiness.ch\/wp-content\/uploads\/2023\/07\/Regensdorf-Pensimo-Projekt-Zwhatt-kommt-voran.jpg\" \/>\n\t<meta property=\"og:image:width\" content=\"800\" \/>\n\t<meta property=\"og:image:height\" content=\"533\" \/>\n\t<meta property=\"og:image:type\" content=\"image\/jpeg\" \/>\n<meta name=\"author\" content=\"anja.hall\" \/>\n<meta name=\"twitter:card\" content=\"summary_large_image\" \/>\n<script type=\"application\/ld+json\" class=\"yoast-schema-graph\">{\"@context\":\"https:\\\/\\\/schema.org\",\"@graph\":[{\"@type\":\"Article\",\"@id\":\"https:\\\/\\\/www.immobilienbusiness.ch\\\/fr\\\/regionen\\\/2023-07-17\\\/regensdorf-pensimo-projekt-zwhatt-kommt-voran\\\/#article\",\"isPartOf\":{\"@id\":\"https:\\\/\\\/www.immobilienbusiness.ch\\\/fr\\\/regionen\\\/2023-07-17\\\/regensdorf-pensimo-projekt-zwhatt-kommt-voran\\\/\"},\"author\":{\"name\":\"anja.hall\",\"@id\":\"https:\\\/\\\/www.immobilienbusiness.ch\\\/#\\\/schema\\\/person\\\/3fc036297b10b9f42d6db5ee932af8c8\"},\"headline\":\"Regensdorf: Pensimo-Projekt Zwhatt kommt voran\",\"datePublished\":\"2023-07-17T07:01:42+00:00\",\"dateModified\":\"2023-07-20T08:07:46+00:00\",\"mainEntityOfPage\":{\"@id\":\"https:\\\/\\\/www.immobilienbusiness.ch\\\/fr\\\/regionen\\\/2023-07-17\\\/regensdorf-pensimo-projekt-zwhatt-kommt-voran\\\/\"},\"wordCount\":165,\"publisher\":{\"@id\":\"https:\\\/\\\/www.immobilienbusiness.ch\\\/#organization\"},\"image\":{\"@id\":\"https:\\\/\\\/www.immobilienbusiness.ch\\\/fr\\\/regionen\\\/2023-07-17\\\/regensdorf-pensimo-projekt-zwhatt-kommt-voran\\\/#primaryimage\"},\"thumbnailUrl\":\"https:\\\/\\\/www.immobilienbusiness.ch\\\/wp-content\\\/uploads\\\/2023\\\/07\\\/Regensdorf-Pensimo-Projekt-Zwhatt-kommt-voran.jpg\",\"keywords\":[\"Pensimo\",\"Projekt im Bau\",\"Regensdorf\",\"Wohnimmobilien\"],\"articleSection\":[\"REGIONEN\"],\"inLanguage\":\"fr-FR\"},{\"@type\":\"WebPage\",\"@id\":\"https:\\\/\\\/www.immobilienbusiness.ch\\\/fr\\\/regionen\\\/2023-07-17\\\/regensdorf-pensimo-projekt-zwhatt-kommt-voran\\\/\",\"url\":\"https:\\\/\\\/www.immobilienbusiness.ch\\\/fr\\\/regionen\\\/2023-07-17\\\/regensdorf-pensimo-projekt-zwhatt-kommt-voran\\\/\",\"name\":\"Regensdorf: Pensimo-Projekt Zwhatt kommt voran - IMMOBILIEN Business\",\"isPartOf\":{\"@id\":\"https:\\\/\\\/www.immobilienbusiness.ch\\\/#website\"},\"primaryImageOfPage\":{\"@id\":\"https:\\\/\\\/www.immobilienbusiness.ch\\\/fr\\\/regionen\\\/2023-07-17\\\/regensdorf-pensimo-projekt-zwhatt-kommt-voran\\\/#primaryimage\"},\"image\":{\"@id\":\"https:\\\/\\\/www.immobilienbusiness.ch\\\/fr\\\/regionen\\\/2023-07-17\\\/regensdorf-pensimo-projekt-zwhatt-kommt-voran\\\/#primaryimage\"},\"thumbnailUrl\":\"https:\\\/\\\/www.immobilienbusiness.ch\\\/wp-content\\\/uploads\\\/2023\\\/07\\\/Regensdorf-Pensimo-Projekt-Zwhatt-kommt-voran.jpg\",\"datePublished\":\"2023-07-17T07:01:42+00:00\",\"dateModified\":\"2023-07-20T08:07:46+00:00\",\"description\":\"Der Rohbau des ersten Geb\u00e4udes im neuen Stadtquartier beim Bahnhof Regensdorf ist fertig.\",\"breadcrumb\":{\"@id\":\"https:\\\/\\\/www.immobilienbusiness.ch\\\/fr\\\/regionen\\\/2023-07-17\\\/regensdorf-pensimo-projekt-zwhatt-kommt-voran\\\/#breadcrumb\"},\"inLanguage\":\"fr-FR\",\"potentialAction\":[{\"@type\":\"ReadAction\",\"target\":[\"https:\\\/\\\/www.immobilienbusiness.ch\\\/fr\\\/regionen\\\/2023-07-17\\\/regensdorf-pensimo-projekt-zwhatt-kommt-voran\\\/\"]}]},{\"@type\":\"ImageObject\",\"inLanguage\":\"fr-FR\",\"@id\":\"https:\\\/\\\/www.immobilienbusiness.ch\\\/fr\\\/regionen\\\/2023-07-17\\\/regensdorf-pensimo-projekt-zwhatt-kommt-voran\\\/#primaryimage\",\"url\":\"https:\\\/\\\/www.immobilienbusiness.ch\\\/wp-content\\\/uploads\\\/2023\\\/07\\\/Regensdorf-Pensimo-Projekt-Zwhatt-kommt-voran.jpg\",\"contentUrl\":\"https:\\\/\\\/www.immobilienbusiness.ch\\\/wp-content\\\/uploads\\\/2023\\\/07\\\/Regensdorf-Pensimo-Projekt-Zwhatt-kommt-voran.jpg\",\"width\":800,\"height\":533,\"caption\":\"Visvolisiorvng dor \u00dcborbovvng Zwhott in Regensdorf (Copyright: Ponsimo)\"},{\"@type\":\"BreadcrumbList\",\"@id\":\"https:\\\/\\\/www.immobilienbusiness.ch\\\/fr\\\/regionen\\\/2023-07-17\\\/regensdorf-pensimo-projekt-zwhatt-kommt-voran\\\/#breadcrumb\",\"itemListElement\":[{\"@type\":\"ListItem\",\"position\":1,\"name\":\"Home\",\"item\":\"https:\\\/\\\/www.immobilienbusiness.ch\\\/\"},{\"@type\":\"ListItem\",\"position\":2,\"name\":\"Regensdorf: Pensimo-Projekt Zwhatt kommt voran\"}]},{\"@type\":\"WebSite\",\"@id\":\"https:\\\/\\\/www.immobilienbusiness.ch\\\/#website\",\"url\":\"https:\\\/\\\/www.immobilienbusiness.ch\\\/\",\"name\":\"IMMOBILIEN Business\",\"description\":\"Unabh\u00e4ngiges Schweizer Wirtschaftsmagazin mit Fokus auf Immobilien, Architektur- und Bau sowie Investment- und Finanzierung.\",\"publisher\":{\"@id\":\"https:\\\/\\\/www.immobilienbusiness.ch\\\/#organization\"},\"potentialAction\":[{\"@type\":\"SearchAction\",\"target\":{\"@type\":\"EntryPoint\",\"urlTemplate\":\"https:\\\/\\\/www.immobilienbusiness.ch\\\/?s={search_term_string}\"},\"query-input\":{\"@type\":\"PropertyValueSpecification\",\"valueRequired\":true,\"valueName\":\"search_term_string\"}}],\"inLanguage\":\"fr-FR\"},{\"@type\":\"Organization\",\"@id\":\"https:\\\/\\\/www.immobilienbusiness.ch\\\/#organization\",\"name\":\"IMMOBILIEN Business\",\"url\":\"https:\\\/\\\/www.immobilienbusiness.ch\\\/\",\"logo\":{\"@type\":\"ImageObject\",\"inLanguage\":\"fr-FR\",\"@id\":\"https:\\\/\\\/www.immobilienbusiness.ch\\\/#\\\/schema\\\/logo\\\/image\\\/\",\"url\":\"https:\\\/\\\/www.immobilienbusiness.ch\\\/wp-content\\\/uploads\\\/2021\\\/07\\\/logo_ib.png\",\"contentUrl\":\"https:\\\/\\\/www.immobilienbusiness.ch\\\/wp-content\\\/uploads\\\/2021\\\/07\\\/logo_ib.png\",\"width\":800,\"height\":181,\"caption\":\"IMMOBILIEN Business\"},\"image\":{\"@id\":\"https:\\\/\\\/www.immobilienbusiness.ch\\\/#\\\/schema\\\/logo\\\/image\\\/\"},\"sameAs\":[\"https:\\\/\\\/www.facebook.com\\\/immobilienbusiness\\\/\"]},{\"@type\":\"Person\",\"@id\":\"https:\\\/\\\/www.immobilienbusiness.ch\\\/#\\\/schema\\\/person\\\/3fc036297b10b9f42d6db5ee932af8c8\",\"name\":\"anja.hall\",\"image\":{\"@type\":\"ImageObject\",\"inLanguage\":\"fr-FR\",\"@id\":\"https:\\\/\\\/secure.gravatar.com\\\/avatar\\\/066b5a0d447013502c71a5782f4f3469f03cfe595cc2329fb94652fe47511bfb?s=96&d=mm&r=g\",\"url\":\"https:\\\/\\\/secure.gravatar.com\\\/avatar\\\/066b5a0d447013502c71a5782f4f3469f03cfe595cc2329fb94652fe47511bfb?s=96&d=mm&r=g\",\"contentUrl\":\"https:\\\/\\\/secure.gravatar.com\\\/avatar\\\/066b5a0d447013502c71a5782f4f3469f03cfe595cc2329fb94652fe47511bfb?s=96&d=mm&r=g\",\"caption\":\"anja.hall\"},\"url\":\"https:\\\/\\\/www.immobilienbusiness.ch\\\/fr\\\/author\\\/anja-hall\\\/\"}]}<\/script>\n<!-- \/ Yoast SEO plugin. -->","yoast_head_json":{"title":"Regensdorf: Pensimo-Projekt Zwhatt kommt voran - IMMOBILIEN Business","description":"Le gros \u0153uvre du premier b\u00e2timent du nouveau quartier de la gare de Regensdorf est termin\u00e9.","robots":{"index":"index","follow":"follow","max-snippet":"max-snippet:-1","max-image-preview":"max-image-preview:large","max-video-preview":"max-video-preview:-1"},"canonical":"https:\/\/www.immobilienbusiness.ch\/fr\/regionen\/2023-07-17\/regensdorf-pensimo-projekt-zwhatt-kommt-voran\/","og_locale":"fr_FR","og_type":"article","og_title":"Regensdorf: Pensimo-Projekt Zwhatt kommt voran - IMMOBILIEN Business","og_description":"Der Rohbau des ersten Geb\u00e4udes im neuen Stadtquartier beim Bahnhof Regensdorf ist fertig.","og_url":"https:\/\/www.immobilienbusiness.ch\/fr\/regionen\/2023-07-17\/regensdorf-pensimo-projekt-zwhatt-kommt-voran\/","og_site_name":"IMMOBILIEN Business","article_publisher":"https:\/\/www.facebook.com\/immobilienbusiness\/","article_published_time":"2023-07-17T07:01:42+00:00","article_modified_time":"2023-07-20T08:07:46+00:00","og_image":[{"width":800,"height":533,"url":"https:\/\/www.immobilienbusiness.ch\/wp-content\/uploads\/2023\/07\/Regensdorf-Pensimo-Projekt-Zwhatt-kommt-voran.jpg","type":"image\/jpeg"}],"author":"anja.hall","twitter_card":"summary_large_image","schema":{"@context":"https:\/\/schema.org","@graph":[{"@type":"Article","@id":"https:\/\/www.immobilienbusiness.ch\/fr\/regionen\/2023-07-17\/regensdorf-pensimo-projekt-zwhatt-kommt-voran\/#article","isPartOf":{"@id":"https:\/\/www.immobilienbusiness.ch\/fr\/regionen\/2023-07-17\/regensdorf-pensimo-projekt-zwhatt-kommt-voran\/"},"author":{"name":"anja.hall","@id":"https:\/\/www.immobilienbusiness.ch\/#\/schema\/person\/3fc036297b10b9f42d6db5ee932af8c8"},"headline":"Regensdorf: Pensimo-Projekt Zwhatt kommt voran","datePublished":"2023-07-17T07:01:42+00:00","dateModified":"2023-07-20T08:07:46+00:00","mainEntityOfPage":{"@id":"https:\/\/www.immobilienbusiness.ch\/fr\/regionen\/2023-07-17\/regensdorf-pensimo-projekt-zwhatt-kommt-voran\/"},"wordCount":165,"publisher":{"@id":"https:\/\/www.immobilienbusiness.ch\/#organization"},"image":{"@id":"https:\/\/www.immobilienbusiness.ch\/fr\/regionen\/2023-07-17\/regensdorf-pensimo-projekt-zwhatt-kommt-voran\/#primaryimage"},"thumbnailUrl":"https:\/\/www.immobilienbusiness.ch\/wp-content\/uploads\/2023\/07\/Regensdorf-Pensimo-Projekt-Zwhatt-kommt-voran.jpg","keywords":["Pensimo","Projekt im Bau","Regensdorf","Wohnimmobilien"],"articleSection":["REGIONEN"],"inLanguage":"fr-FR"},{"@type":"WebPage","@id":"https:\/\/www.immobilienbusiness.ch\/fr\/regionen\/2023-07-17\/regensdorf-pensimo-projekt-zwhatt-kommt-voran\/","url":"https:\/\/www.immobilienbusiness.ch\/fr\/regionen\/2023-07-17\/regensdorf-pensimo-projekt-zwhatt-kommt-voran\/","name":"Regensdorf: Pensimo-Projekt Zwhatt kommt voran - IMMOBILIEN Business","isPartOf":{"@id":"https:\/\/www.immobilienbusiness.ch\/#website"},"primaryImageOfPage":{"@id":"https:\/\/www.immobilienbusiness.ch\/fr\/regionen\/2023-07-17\/regensdorf-pensimo-projekt-zwhatt-kommt-voran\/#primaryimage"},"image":{"@id":"https:\/\/www.immobilienbusiness.ch\/fr\/regionen\/2023-07-17\/regensdorf-pensimo-projekt-zwhatt-kommt-voran\/#primaryimage"},"thumbnailUrl":"https:\/\/www.immobilienbusiness.ch\/wp-content\/uploads\/2023\/07\/Regensdorf-Pensimo-Projekt-Zwhatt-kommt-voran.jpg","datePublished":"2023-07-17T07:01:42+00:00","dateModified":"2023-07-20T08:07:46+00:00","description":"Le gros \u0153uvre du premier b\u00e2timent du nouveau quartier de la gare de Regensdorf est termin\u00e9.","breadcrumb":{"@id":"https:\/\/www.immobilienbusiness.ch\/fr\/regionen\/2023-07-17\/regensdorf-pensimo-projekt-zwhatt-kommt-voran\/#breadcrumb"},"inLanguage":"fr-FR","potentialAction":[{"@type":"ReadAction","target":["https:\/\/www.immobilienbusiness.ch\/fr\/regionen\/2023-07-17\/regensdorf-pensimo-projekt-zwhatt-kommt-voran\/"]}]},{"@type":"ImageObject","inLanguage":"fr-FR","@id":"https:\/\/www.immobilienbusiness.ch\/fr\/regionen\/2023-07-17\/regensdorf-pensimo-projekt-zwhatt-kommt-voran\/#primaryimage","url":"https:\/\/www.immobilienbusiness.ch\/wp-content\/uploads\/2023\/07\/Regensdorf-Pensimo-Projekt-Zwhatt-kommt-voran.jpg","contentUrl":"https:\/\/www.immobilienbusiness.ch\/wp-content\/uploads\/2023\/07\/Regensdorf-Pensimo-Projekt-Zwhatt-kommt-voran.jpg","width":800,"height":533,"caption":"Visvolisiorvng dor \u00dcborbovvng Zwhott in Regensdorf (Copyright: Ponsimo)"},{"@type":"BreadcrumbList","@id":"https:\/\/www.immobilienbusiness.ch\/fr\/regionen\/2023-07-17\/regensdorf-pensimo-projekt-zwhatt-kommt-voran\/#breadcrumb","itemListElement":[{"@type":"ListItem","position":1,"name":"Home","item":"https:\/\/www.immobilienbusiness.ch\/"},{"@type":"ListItem","position":2,"name":"Regensdorf: Pensimo-Projekt Zwhatt kommt voran"}]},{"@type":"WebSite","@id":"https:\/\/www.immobilienbusiness.ch\/#website","url":"https:\/\/www.immobilienbusiness.ch\/","name":"IMMOBILIER Business","description":"Magazine \u00e9conomique suisse ind\u00e9pendant ax\u00e9 sur l'immobilier, l'architecture et la construction ainsi que sur les investissements et le financement.","publisher":{"@id":"https:\/\/www.immobilienbusiness.ch\/#organization"},"potentialAction":[{"@type":"SearchAction","target":{"@type":"EntryPoint","urlTemplate":"https:\/\/www.immobilienbusiness.ch\/?s={search_term_string}"},"query-input":{"@type":"PropertyValueSpecification","valueRequired":true,"valueName":"search_term_string"}}],"inLanguage":"fr-FR"},{"@type":"Organization","@id":"https:\/\/www.immobilienbusiness.ch\/#organization","name":"IMMOBILIER Business","url":"https:\/\/www.immobilienbusiness.ch\/","logo":{"@type":"ImageObject","inLanguage":"fr-FR","@id":"https:\/\/www.immobilienbusiness.ch\/#\/schema\/logo\/image\/","url":"https:\/\/www.immobilienbusiness.ch\/wp-content\/uploads\/2021\/07\/logo_ib.png","contentUrl":"https:\/\/www.immobilienbusiness.ch\/wp-content\/uploads\/2021\/07\/logo_ib.png","width":800,"height":181,"caption":"IMMOBILIEN Business"},"image":{"@id":"https:\/\/www.immobilienbusiness.ch\/#\/schema\/logo\/image\/"},"sameAs":["https:\/\/www.facebook.com\/immobilienbusiness\/"]},{"@type":"Person","@id":"https:\/\/www.immobilienbusiness.ch\/#\/schema\/person\/3fc036297b10b9f42d6db5ee932af8c8","name":"anja.hall","image":{"@type":"ImageObject","inLanguage":"fr-FR","@id":"https:\/\/secure.gravatar.com\/avatar\/066b5a0d447013502c71a5782f4f3469f03cfe595cc2329fb94652fe47511bfb?s=96&d=mm&r=g","url":"https:\/\/secure.gravatar.com\/avatar\/066b5a0d447013502c71a5782f4f3469f03cfe595cc2329fb94652fe47511bfb?s=96&d=mm&r=g","contentUrl":"https:\/\/secure.gravatar.com\/avatar\/066b5a0d447013502c71a5782f4f3469f03cfe595cc2329fb94652fe47511bfb?s=96&d=mm&r=g","caption":"anja.hall"},"url":"https:\/\/www.immobilienbusiness.ch\/fr\/author\/anja-hall\/"}]}},"_links":{"self":[{"href":"https:\/\/www.immobilienbusiness.ch\/fr\/wp-json\/wp\/v2\/posts\/50716","targetHints":{"allow":["GET"]}}],"collection":[{"href":"https:\/\/www.immobilienbusiness.ch\/fr\/wp-json\/wp\/v2\/posts"}],"about":[{"href":"https:\/\/www.immobilienbusiness.ch\/fr\/wp-json\/wp\/v2\/types\/post"}],"author":[{"embeddable":true,"href":"https:\/\/www.immobilienbusiness.ch\/fr\/wp-json\/wp\/v2\/users\/3"}],"replies":[{"embeddable":true,"href":"https:\/\/www.immobilienbusiness.ch\/fr\/wp-json\/wp\/v2\/comments?post=50716"}],"version-history":[{"count":5,"href":"https:\/\/www.immobilienbusiness.ch\/fr\/wp-json\/wp\/v2\/posts\/50716\/revisions"}],"predecessor-version":[{"id":50800,"href":"https:\/\/www.immobilienbusiness.ch\/fr\/wp-json\/wp\/v2\/posts\/50716\/revisions\/50800"}],"wp:featuredmedia":[{"embeddable":true,"href":"https:\/\/www.immobilienbusiness.ch\/fr\/wp-json\/wp\/v2\/media\/50723"}],"wp:attachment":[{"href":"https:\/\/www.immobilienbusiness.ch\/fr\/wp-json\/wp\/v2\/media?parent=50716"}],"wp:term":[{"taxonomy":"category","embeddable":true,"href":"https:\/\/www.immobilienbusiness.ch\/fr\/wp-json\/wp\/v2\/categories?post=50716"},{"taxonomy":"post_tag","embeddable":true,"href":"https:\/\/www.immobilienbusiness.ch\/fr\/wp-json\/wp\/v2\/tags?post=50716"}],"curies":[{"name":"wp","href":"https:\/\/api.w.org\/{rel}","templated":true}]}}