{"id":501,"date":"2015-08-21T10:06:40","date_gmt":"2015-08-21T08:06:40","guid":{"rendered":"http:\/\/dev.immobilienbusiness.ch\/?p=501"},"modified":"2015-08-21T10:06:40","modified_gmt":"2015-08-21T08:06:40","slug":"orascom-in-den-schwarzen-zahlen","status":"publish","type":"post","link":"https:\/\/www.immobilienbusiness.ch\/fr\/unternehmen\/2015-08-21\/orascom-in-den-schwarzen-zahlen\/","title":{"rendered":"Orascom dans les chiffres noirs"},"content":{"rendered":"<figure id=\"attachment_4679\" aria-describedby=\"caption-attachment-4679\" style=\"width: 680px\" class=\"wp-caption alignnone\"><img loading=\"lazy\" decoding=\"async\" class=\"wp-image-4679 size-medium\" src=\"https:\/\/immobilienbusiness.ch\/wp-content\/uploads\/2015\/08\/Orascom-in-den-schwarzen-Zahlen-immobilien-business.jpg\" width=\"680\" height=\"335\" srcset=\"https:\/\/www.immobilienbusiness.ch\/wp-content\/uploads\/2015\/08\/Orascom-in-den-schwarzen-Zahlen-immobilien-business.jpg 800w, https:\/\/www.immobilienbusiness.ch\/wp-content\/uploads\/2015\/08\/Orascom-in-den-schwarzen-Zahlen-immobilien-business-300x148.jpg 300w, https:\/\/www.immobilienbusiness.ch\/wp-content\/uploads\/2015\/08\/Orascom-in-den-schwarzen-Zahlen-immobilien-business-768x378.jpg 768w, https:\/\/www.immobilienbusiness.ch\/wp-content\/uploads\/2015\/08\/Orascom-in-den-schwarzen-Zahlen-immobilien-business-16x8.jpg 16w, https:\/\/www.immobilienbusiness.ch\/wp-content\/uploads\/2015\/08\/Orascom-in-den-schwarzen-Zahlen-immobilien-business-355x175.jpg 355w, https:\/\/www.immobilienbusiness.ch\/wp-content\/uploads\/2015\/08\/Orascom-in-den-schwarzen-Zahlen-immobilien-business-711x350.jpg 711w\" sizes=\"auto, (max-width: 680px) 100vw, 680px\" \/><figcaption id=\"caption-attachment-4679\" class=\"wp-caption-text\">La destination Orascom d'El Gouna (Photo : Orascom Development Holding)<\/figcaption><\/figure>\n<p>Tous les secteurs d'activit\u00e9 ont contribu\u00e9 \u00e0 la croissance, indique Orascom. Conform\u00e9ment \u00e0 la strat\u00e9gie du groupe, ODH a vendu 100 pour cent de ses parts dans l'entreprise Golden Beach for Hotels, qui poss\u00e8de l'h\u00f4tel Marina Town Plaza en Jordanie, \u00e0 la Jordan Projects for Touristic Development pour 10,1 millions de CHF.<\/p>\n<p>Le taux d'occupation des h\u00f4tels a pu \u00eatre augment\u00e9 de 44 pour cent au premier semestre 2014 \u00e0 52 pour cent maintenant. Le chiffre d'affaires du segment h\u00f4telier a augment\u00e9 de 19,9 pour cent pour atteindre 58,5 millions de CHF.<\/p>\n<p>Dans le domaine de l'immobilier, le chiffre d'affaires a atteint 41,1 millions de CHF, contre 49,5 millions de CHF au premier semestre 2014. Les recettes issues des ventes immobili\u00e8res ont augment\u00e9 de 28,3 % et ont atteint 145 millions de CHF au premier semestre 2015.<\/p>\n<p>Au cours des troisi\u00e8me et quatri\u00e8me trimestres de cette ann\u00e9e, ODH pr\u00e9voit de consacrer un total de 50 millions de dollars US \u00e0 de nouveaux lancements \u00e0 El Gouna, notamment pour redynamiser les destinations de Makadi et de Fayoum.  Fin 2015 et d\u00e9but 2016, les h\u00f4tels Ancient Sands en cours de construction \u00e0 El Gouna, l'h\u00f4tel Byoum \u00e0 El Fayoum, l'h\u00f4tel Al Fanar \u00e0 Salalah et l'extension de l'h\u00f4tel The Cove aux \u00c9mirats arabes unis devraient ouvrir leurs portes. (ah)<\/p>","protected":false},"excerpt":{"rendered":"<p>Orascom Development Holding (ODH) a augment\u00e9 son chiffre d'affaires de 36,3% \u00e0 164,5 millions de CHF au premier semestre 2015. Le b\u00e9n\u00e9fice brut a tripl\u00e9 pour atteindre 49,8 millions de CHF. L'Ebitda ajust\u00e9 est pass\u00e9 de 10,7 \u00e0 49,9 millions de CHF. Le b\u00e9n\u00e9fice net apr\u00e8s minorit\u00e9s n'\u00e9tait toutefois que de quatre millions de CHF. Au cours de la m\u00eame p\u00e9riode de l'ann\u00e9e pr\u00e9c\u00e9dente, il s'\u00e9levait encore \u00e0 31,5 millions de CHF, mais il incluait alors des b\u00e9n\u00e9fices uniques li\u00e9s au r\u00e8glement d'un litige.<\/p>","protected":false},"author":1,"featured_media":4679,"comment_status":"open","ping_status":"open","sticky":false,"template":"","format":"standard","meta":{"_acf_changed":false,"_yoast_wpseo_focuskw":"Orascom Gewinn","_yoast_wpseo_title":"Orascom Gewinn: Positiver Trend im ersten Halbjahr","_yoast_wpseo_metadesc":"Neue Zahlen belegen den Erfolg von Orascom: Der Konzern steigert Umsatz und Belegungsraten in Hotels und Immobilien im ersten Halbjahr 2015.","_yoast_wpseo_linkdex":62,"pgc_sgb_lightbox_settings":"","footnotes":""},"categories":[988],"tags":[1317,1807],"class_list":["post-501","post","type-post","status-publish","format-standard","has-post-thumbnail","hentry","category-unternehmen","tag-hotels","tag-unternehmen"],"acf":[],"yoast_head":"<!-- This site is optimized with the Yoast SEO plugin v27.4 - https:\/\/yoast.com\/product\/yoast-seo-wordpress\/ -->\n<title>Orascom Gewinn: Positiver Trend im ersten Halbjahr<\/title>\n<meta name=\"description\" content=\"Neue Zahlen belegen den Erfolg von Orascom: Der Konzern steigert Umsatz und Belegungsraten in Hotels und Immobilien im ersten Halbjahr 2015.\" \/>\n<meta name=\"robots\" content=\"index, follow, max-snippet:-1, max-image-preview:large, max-video-preview:-1\" \/>\n<link rel=\"canonical\" href=\"https:\/\/www.immobilienbusiness.ch\/fr\/unternehmen\/2015-08-21\/orascom-in-den-schwarzen-zahlen\/\" \/>\n<meta property=\"og:locale\" content=\"fr_FR\" \/>\n<meta property=\"og:type\" content=\"article\" \/>\n<meta property=\"og:title\" content=\"Orascom in den schwarzen Zahlen\" \/>\n<meta property=\"og:description\" content=\"Die Orascom Development Holding (ODH) hat ihren Umsatz im ersten Halbjahr 2015 um 36,3 Prozent auf 164,5 Millionen CHF gesteigert. Der Bruttogewinn verdreifachte sich auf 49,8 Millionen CHF. Der bereinigte Ebitda stieg von 10,7 auf 49,9 Millionen CHF. Der Nettogewinn nach Minorit\u00e4ten lag allerdings nur bei vier Millionen CHF. Im Vorjahreszeitraum waren es noch 31,5 Millionen CHF, jedoch waren damals einmalige Gewinne aus der Beilegung eines Rechtsstreits eingeflossen.\" \/>\n<meta property=\"og:url\" content=\"https:\/\/www.immobilienbusiness.ch\/fr\/unternehmen\/2015-08-21\/orascom-in-den-schwarzen-zahlen\/\" \/>\n<meta property=\"og:site_name\" content=\"IMMOBILIEN Business\" \/>\n<meta property=\"article:publisher\" content=\"https:\/\/www.facebook.com\/immobilienbusiness\/\" \/>\n<meta property=\"article:published_time\" content=\"2015-08-21T08:06:40+00:00\" \/>\n<meta name=\"author\" content=\"Redaktion\" \/>\n<meta name=\"twitter:card\" content=\"summary_large_image\" \/>\n<meta name=\"twitter:image\" content=\"https:\/\/www.immobilienbusiness.ch\/wp-content\/uploads\/2015\/08\/Orascom-in-den-schwarzen-Zahlen-immobilien-business.jpg\" \/>\n<script type=\"application\/ld+json\" class=\"yoast-schema-graph\">{\"@context\":\"https:\\\/\\\/schema.org\",\"@graph\":[{\"@type\":\"Article\",\"@id\":\"https:\\\/\\\/www.immobilienbusiness.ch\\\/unternehmen\\\/2015-08-21\\\/orascom-in-den-schwarzen-zahlen\\\/#article\",\"isPartOf\":{\"@id\":\"https:\\\/\\\/www.immobilienbusiness.ch\\\/unternehmen\\\/2015-08-21\\\/orascom-in-den-schwarzen-zahlen\\\/\"},\"author\":{\"name\":\"Redaktion\",\"@id\":\"https:\\\/\\\/www.immobilienbusiness.ch\\\/#\\\/schema\\\/person\\\/aa2bace6c5c5aad60102004a50c4eb1c\"},\"headline\":\"Orascom in den schwarzen Zahlen\",\"datePublished\":\"2015-08-21T08:06:40+00:00\",\"mainEntityOfPage\":{\"@id\":\"https:\\\/\\\/www.immobilienbusiness.ch\\\/unternehmen\\\/2015-08-21\\\/orascom-in-den-schwarzen-zahlen\\\/\"},\"wordCount\":199,\"commentCount\":0,\"publisher\":{\"@id\":\"https:\\\/\\\/www.immobilienbusiness.ch\\\/#organization\"},\"image\":{\"@id\":\"https:\\\/\\\/www.immobilienbusiness.ch\\\/unternehmen\\\/2015-08-21\\\/orascom-in-den-schwarzen-zahlen\\\/#primaryimage\"},\"thumbnailUrl\":\"https:\\\/\\\/www.immobilienbusiness.ch\\\/wp-content\\\/uploads\\\/2015\\\/08\\\/Orascom-in-den-schwarzen-Zahlen-immobilien-business.jpg\",\"keywords\":[\"Hotels\",\"Unternehmen\"],\"articleSection\":[\"UNTERNEHMEN\"],\"inLanguage\":\"fr-FR\"},{\"@type\":\"WebPage\",\"@id\":\"https:\\\/\\\/www.immobilienbusiness.ch\\\/unternehmen\\\/2015-08-21\\\/orascom-in-den-schwarzen-zahlen\\\/\",\"url\":\"https:\\\/\\\/www.immobilienbusiness.ch\\\/unternehmen\\\/2015-08-21\\\/orascom-in-den-schwarzen-zahlen\\\/\",\"name\":\"Orascom Gewinn: Positiver Trend im ersten Halbjahr\",\"isPartOf\":{\"@id\":\"https:\\\/\\\/www.immobilienbusiness.ch\\\/#website\"},\"primaryImageOfPage\":{\"@id\":\"https:\\\/\\\/www.immobilienbusiness.ch\\\/unternehmen\\\/2015-08-21\\\/orascom-in-den-schwarzen-zahlen\\\/#primaryimage\"},\"image\":{\"@id\":\"https:\\\/\\\/www.immobilienbusiness.ch\\\/unternehmen\\\/2015-08-21\\\/orascom-in-den-schwarzen-zahlen\\\/#primaryimage\"},\"thumbnailUrl\":\"https:\\\/\\\/www.immobilienbusiness.ch\\\/wp-content\\\/uploads\\\/2015\\\/08\\\/Orascom-in-den-schwarzen-Zahlen-immobilien-business.jpg\",\"datePublished\":\"2015-08-21T08:06:40+00:00\",\"description\":\"Neue Zahlen belegen den Erfolg von Orascom: Der Konzern steigert Umsatz und Belegungsraten in Hotels und Immobilien im ersten Halbjahr 2015.\",\"breadcrumb\":{\"@id\":\"https:\\\/\\\/www.immobilienbusiness.ch\\\/unternehmen\\\/2015-08-21\\\/orascom-in-den-schwarzen-zahlen\\\/#breadcrumb\"},\"inLanguage\":\"fr-FR\",\"potentialAction\":[{\"@type\":\"ReadAction\",\"target\":[\"https:\\\/\\\/www.immobilienbusiness.ch\\\/unternehmen\\\/2015-08-21\\\/orascom-in-den-schwarzen-zahlen\\\/\"]}]},{\"@type\":\"ImageObject\",\"inLanguage\":\"fr-FR\",\"@id\":\"https:\\\/\\\/www.immobilienbusiness.ch\\\/unternehmen\\\/2015-08-21\\\/orascom-in-den-schwarzen-zahlen\\\/#primaryimage\",\"url\":\"https:\\\/\\\/www.immobilienbusiness.ch\\\/wp-content\\\/uploads\\\/2015\\\/08\\\/Orascom-in-den-schwarzen-Zahlen-immobilien-business.jpg\",\"contentUrl\":\"https:\\\/\\\/www.immobilienbusiness.ch\\\/wp-content\\\/uploads\\\/2015\\\/08\\\/Orascom-in-den-schwarzen-Zahlen-immobilien-business.jpg\",\"width\":800,\"height\":394,\"caption\":\"Die Orascom-Destination El Gouna (Foto: Orascom Development Holding)\"},{\"@type\":\"BreadcrumbList\",\"@id\":\"https:\\\/\\\/www.immobilienbusiness.ch\\\/unternehmen\\\/2015-08-21\\\/orascom-in-den-schwarzen-zahlen\\\/#breadcrumb\",\"itemListElement\":[{\"@type\":\"ListItem\",\"position\":1,\"name\":\"Home\",\"item\":\"https:\\\/\\\/www.immobilienbusiness.ch\\\/\"},{\"@type\":\"ListItem\",\"position\":2,\"name\":\"Orascom in den schwarzen Zahlen\"}]},{\"@type\":\"WebSite\",\"@id\":\"https:\\\/\\\/www.immobilienbusiness.ch\\\/#website\",\"url\":\"https:\\\/\\\/www.immobilienbusiness.ch\\\/\",\"name\":\"IMMOBILIEN Business\",\"description\":\"Unabh\u00e4ngiges Schweizer Wirtschaftsmagazin mit Fokus auf Immobilien, Architektur- und Bau sowie Investment- und Finanzierung.\",\"publisher\":{\"@id\":\"https:\\\/\\\/www.immobilienbusiness.ch\\\/#organization\"},\"potentialAction\":[{\"@type\":\"SearchAction\",\"target\":{\"@type\":\"EntryPoint\",\"urlTemplate\":\"https:\\\/\\\/www.immobilienbusiness.ch\\\/?s={search_term_string}\"},\"query-input\":{\"@type\":\"PropertyValueSpecification\",\"valueRequired\":true,\"valueName\":\"search_term_string\"}}],\"inLanguage\":\"fr-FR\"},{\"@type\":\"Organization\",\"@id\":\"https:\\\/\\\/www.immobilienbusiness.ch\\\/#organization\",\"name\":\"IMMOBILIEN Business\",\"url\":\"https:\\\/\\\/www.immobilienbusiness.ch\\\/\",\"logo\":{\"@type\":\"ImageObject\",\"inLanguage\":\"fr-FR\",\"@id\":\"https:\\\/\\\/www.immobilienbusiness.ch\\\/#\\\/schema\\\/logo\\\/image\\\/\",\"url\":\"https:\\\/\\\/www.immobilienbusiness.ch\\\/wp-content\\\/uploads\\\/2021\\\/07\\\/logo_ib.png\",\"contentUrl\":\"https:\\\/\\\/www.immobilienbusiness.ch\\\/wp-content\\\/uploads\\\/2021\\\/07\\\/logo_ib.png\",\"width\":800,\"height\":181,\"caption\":\"IMMOBILIEN Business\"},\"image\":{\"@id\":\"https:\\\/\\\/www.immobilienbusiness.ch\\\/#\\\/schema\\\/logo\\\/image\\\/\"},\"sameAs\":[\"https:\\\/\\\/www.facebook.com\\\/immobilienbusiness\\\/\"]},{\"@type\":\"Person\",\"@id\":\"https:\\\/\\\/www.immobilienbusiness.ch\\\/#\\\/schema\\\/person\\\/aa2bace6c5c5aad60102004a50c4eb1c\",\"name\":\"Redaktion\",\"image\":{\"@type\":\"ImageObject\",\"inLanguage\":\"fr-FR\",\"@id\":\"https:\\\/\\\/secure.gravatar.com\\\/avatar\\\/ae2f4d718e6c49043e314ce431e7e645d646302a24a5ef5a8bc8e3f5a032e319?s=96&d=mm&r=g\",\"url\":\"https:\\\/\\\/secure.gravatar.com\\\/avatar\\\/ae2f4d718e6c49043e314ce431e7e645d646302a24a5ef5a8bc8e3f5a032e319?s=96&d=mm&r=g\",\"contentUrl\":\"https:\\\/\\\/secure.gravatar.com\\\/avatar\\\/ae2f4d718e6c49043e314ce431e7e645d646302a24a5ef5a8bc8e3f5a032e319?s=96&d=mm&r=g\",\"caption\":\"Redaktion\"},\"sameAs\":[\"http:\\\/\\\/develop.organisator.galledia.ch\"],\"url\":\"https:\\\/\\\/www.immobilienbusiness.ch\\\/fr\\\/author\\\/admin\\\/\"}]}<\/script>\n<!-- \/ Yoast SEO plugin. -->","yoast_head_json":{"title":"Orascom Gewinn: Positiver Trend im ersten Halbjahr","description":"Neue Zahlen belegen den Erfolg von Orascom: Der Konzern steigert Umsatz und Belegungsraten in Hotels und Immobilien im ersten Halbjahr 2015.","robots":{"index":"index","follow":"follow","max-snippet":"max-snippet:-1","max-image-preview":"max-image-preview:large","max-video-preview":"max-video-preview:-1"},"canonical":"https:\/\/www.immobilienbusiness.ch\/fr\/unternehmen\/2015-08-21\/orascom-in-den-schwarzen-zahlen\/","og_locale":"fr_FR","og_type":"article","og_title":"Orascom in den schwarzen Zahlen","og_description":"Die Orascom Development Holding (ODH) hat ihren Umsatz im ersten Halbjahr 2015 um 36,3 Prozent auf 164,5 Millionen CHF gesteigert. Der Bruttogewinn verdreifachte sich auf 49,8 Millionen CHF. Der bereinigte Ebitda stieg von 10,7 auf 49,9 Millionen CHF. Der Nettogewinn nach Minorit\u00e4ten lag allerdings nur bei vier Millionen CHF. Im Vorjahreszeitraum waren es noch 31,5 Millionen CHF, jedoch waren damals einmalige Gewinne aus der Beilegung eines Rechtsstreits eingeflossen.","og_url":"https:\/\/www.immobilienbusiness.ch\/fr\/unternehmen\/2015-08-21\/orascom-in-den-schwarzen-zahlen\/","og_site_name":"IMMOBILIEN Business","article_publisher":"https:\/\/www.facebook.com\/immobilienbusiness\/","article_published_time":"2015-08-21T08:06:40+00:00","author":"Redaktion","twitter_card":"summary_large_image","twitter_image":"https:\/\/www.immobilienbusiness.ch\/wp-content\/uploads\/2015\/08\/Orascom-in-den-schwarzen-Zahlen-immobilien-business.jpg","schema":{"@context":"https:\/\/schema.org","@graph":[{"@type":"Article","@id":"https:\/\/www.immobilienbusiness.ch\/unternehmen\/2015-08-21\/orascom-in-den-schwarzen-zahlen\/#article","isPartOf":{"@id":"https:\/\/www.immobilienbusiness.ch\/unternehmen\/2015-08-21\/orascom-in-den-schwarzen-zahlen\/"},"author":{"name":"Redaktion","@id":"https:\/\/www.immobilienbusiness.ch\/#\/schema\/person\/aa2bace6c5c5aad60102004a50c4eb1c"},"headline":"Orascom in den schwarzen Zahlen","datePublished":"2015-08-21T08:06:40+00:00","mainEntityOfPage":{"@id":"https:\/\/www.immobilienbusiness.ch\/unternehmen\/2015-08-21\/orascom-in-den-schwarzen-zahlen\/"},"wordCount":199,"commentCount":0,"publisher":{"@id":"https:\/\/www.immobilienbusiness.ch\/#organization"},"image":{"@id":"https:\/\/www.immobilienbusiness.ch\/unternehmen\/2015-08-21\/orascom-in-den-schwarzen-zahlen\/#primaryimage"},"thumbnailUrl":"https:\/\/www.immobilienbusiness.ch\/wp-content\/uploads\/2015\/08\/Orascom-in-den-schwarzen-Zahlen-immobilien-business.jpg","keywords":["Hotels","Unternehmen"],"articleSection":["UNTERNEHMEN"],"inLanguage":"fr-FR"},{"@type":"WebPage","@id":"https:\/\/www.immobilienbusiness.ch\/unternehmen\/2015-08-21\/orascom-in-den-schwarzen-zahlen\/","url":"https:\/\/www.immobilienbusiness.ch\/unternehmen\/2015-08-21\/orascom-in-den-schwarzen-zahlen\/","name":"Orascom Gewinn: Positiver Trend im ersten Halbjahr","isPartOf":{"@id":"https:\/\/www.immobilienbusiness.ch\/#website"},"primaryImageOfPage":{"@id":"https:\/\/www.immobilienbusiness.ch\/unternehmen\/2015-08-21\/orascom-in-den-schwarzen-zahlen\/#primaryimage"},"image":{"@id":"https:\/\/www.immobilienbusiness.ch\/unternehmen\/2015-08-21\/orascom-in-den-schwarzen-zahlen\/#primaryimage"},"thumbnailUrl":"https:\/\/www.immobilienbusiness.ch\/wp-content\/uploads\/2015\/08\/Orascom-in-den-schwarzen-Zahlen-immobilien-business.jpg","datePublished":"2015-08-21T08:06:40+00:00","description":"Neue Zahlen belegen den Erfolg von Orascom: Der Konzern steigert Umsatz und Belegungsraten in Hotels und Immobilien im ersten Halbjahr 2015.","breadcrumb":{"@id":"https:\/\/www.immobilienbusiness.ch\/unternehmen\/2015-08-21\/orascom-in-den-schwarzen-zahlen\/#breadcrumb"},"inLanguage":"fr-FR","potentialAction":[{"@type":"ReadAction","target":["https:\/\/www.immobilienbusiness.ch\/unternehmen\/2015-08-21\/orascom-in-den-schwarzen-zahlen\/"]}]},{"@type":"ImageObject","inLanguage":"fr-FR","@id":"https:\/\/www.immobilienbusiness.ch\/unternehmen\/2015-08-21\/orascom-in-den-schwarzen-zahlen\/#primaryimage","url":"https:\/\/www.immobilienbusiness.ch\/wp-content\/uploads\/2015\/08\/Orascom-in-den-schwarzen-Zahlen-immobilien-business.jpg","contentUrl":"https:\/\/www.immobilienbusiness.ch\/wp-content\/uploads\/2015\/08\/Orascom-in-den-schwarzen-Zahlen-immobilien-business.jpg","width":800,"height":394,"caption":"Die Orascom-Destination El Gouna (Foto: Orascom Development Holding)"},{"@type":"BreadcrumbList","@id":"https:\/\/www.immobilienbusiness.ch\/unternehmen\/2015-08-21\/orascom-in-den-schwarzen-zahlen\/#breadcrumb","itemListElement":[{"@type":"ListItem","position":1,"name":"Home","item":"https:\/\/www.immobilienbusiness.ch\/"},{"@type":"ListItem","position":2,"name":"Orascom in den schwarzen Zahlen"}]},{"@type":"WebSite","@id":"https:\/\/www.immobilienbusiness.ch\/#website","url":"https:\/\/www.immobilienbusiness.ch\/","name":"IMMOBILIER Business","description":"Magazine \u00e9conomique suisse ind\u00e9pendant ax\u00e9 sur l'immobilier, l'architecture et la construction ainsi que sur les investissements et le financement.","publisher":{"@id":"https:\/\/www.immobilienbusiness.ch\/#organization"},"potentialAction":[{"@type":"SearchAction","target":{"@type":"EntryPoint","urlTemplate":"https:\/\/www.immobilienbusiness.ch\/?s={search_term_string}"},"query-input":{"@type":"PropertyValueSpecification","valueRequired":true,"valueName":"search_term_string"}}],"inLanguage":"fr-FR"},{"@type":"Organization","@id":"https:\/\/www.immobilienbusiness.ch\/#organization","name":"IMMOBILIER Business","url":"https:\/\/www.immobilienbusiness.ch\/","logo":{"@type":"ImageObject","inLanguage":"fr-FR","@id":"https:\/\/www.immobilienbusiness.ch\/#\/schema\/logo\/image\/","url":"https:\/\/www.immobilienbusiness.ch\/wp-content\/uploads\/2021\/07\/logo_ib.png","contentUrl":"https:\/\/www.immobilienbusiness.ch\/wp-content\/uploads\/2021\/07\/logo_ib.png","width":800,"height":181,"caption":"IMMOBILIEN Business"},"image":{"@id":"https:\/\/www.immobilienbusiness.ch\/#\/schema\/logo\/image\/"},"sameAs":["https:\/\/www.facebook.com\/immobilienbusiness\/"]},{"@type":"Person","@id":"https:\/\/www.immobilienbusiness.ch\/#\/schema\/person\/aa2bace6c5c5aad60102004a50c4eb1c","name":"Editorial","image":{"@type":"ImageObject","inLanguage":"fr-FR","@id":"https:\/\/secure.gravatar.com\/avatar\/ae2f4d718e6c49043e314ce431e7e645d646302a24a5ef5a8bc8e3f5a032e319?s=96&d=mm&r=g","url":"https:\/\/secure.gravatar.com\/avatar\/ae2f4d718e6c49043e314ce431e7e645d646302a24a5ef5a8bc8e3f5a032e319?s=96&d=mm&r=g","contentUrl":"https:\/\/secure.gravatar.com\/avatar\/ae2f4d718e6c49043e314ce431e7e645d646302a24a5ef5a8bc8e3f5a032e319?s=96&d=mm&r=g","caption":"Redaktion"},"sameAs":["http:\/\/develop.organisator.galledia.ch"],"url":"https:\/\/www.immobilienbusiness.ch\/fr\/author\/admin\/"}]}},"_links":{"self":[{"href":"https:\/\/www.immobilienbusiness.ch\/fr\/wp-json\/wp\/v2\/posts\/501","targetHints":{"allow":["GET"]}}],"collection":[{"href":"https:\/\/www.immobilienbusiness.ch\/fr\/wp-json\/wp\/v2\/posts"}],"about":[{"href":"https:\/\/www.immobilienbusiness.ch\/fr\/wp-json\/wp\/v2\/types\/post"}],"author":[{"embeddable":true,"href":"https:\/\/www.immobilienbusiness.ch\/fr\/wp-json\/wp\/v2\/users\/1"}],"replies":[{"embeddable":true,"href":"https:\/\/www.immobilienbusiness.ch\/fr\/wp-json\/wp\/v2\/comments?post=501"}],"version-history":[{"count":0,"href":"https:\/\/www.immobilienbusiness.ch\/fr\/wp-json\/wp\/v2\/posts\/501\/revisions"}],"wp:featuredmedia":[{"embeddable":true,"href":"https:\/\/www.immobilienbusiness.ch\/fr\/wp-json\/wp\/v2\/media\/4679"}],"wp:attachment":[{"href":"https:\/\/www.immobilienbusiness.ch\/fr\/wp-json\/wp\/v2\/media?parent=501"}],"wp:term":[{"taxonomy":"category","embeddable":true,"href":"https:\/\/www.immobilienbusiness.ch\/fr\/wp-json\/wp\/v2\/categories?post=501"},{"taxonomy":"post_tag","embeddable":true,"href":"https:\/\/www.immobilienbusiness.ch\/fr\/wp-json\/wp\/v2\/tags?post=501"}],"curies":[{"name":"wp","href":"https:\/\/api.w.org\/{rel}","templated":true}]}}