{"id":494,"date":"2016-11-23T08:35:39","date_gmt":"2016-11-23T07:35:39","guid":{"rendered":"http:\/\/dev.immobilienbusiness.ch\/?p=494"},"modified":"2016-11-23T08:35:39","modified_gmt":"2016-11-23T07:35:39","slug":"basel-car-terminal-fuer-fernbusse-geplant","status":"publish","type":"post","link":"https:\/\/www.immobilienbusiness.ch\/fr\/allgemein\/2016-11-23\/basel-car-terminal-fuer-fernbusse-geplant\/","title":{"rendered":"B\u00e2le : projet de terminal de voitures pour les bus longue distance"},"content":{"rendered":"<figure id=\"attachment_5074\" aria-describedby=\"caption-attachment-5074\" style=\"width: 680px\" class=\"wp-caption alignnone\"><img loading=\"lazy\" decoding=\"async\" class=\"wp-image-5074 size-medium\" src=\"https:\/\/immobilienbusiness.ch\/wp-content\/uploads\/2016\/11\/Basel-Car-Terminal-f\u00fcr-Fernbusse-geplant-immobilien-business.jpg\" width=\"680\" height=\"510\" \/><figcaption id=\"caption-attachment-5074\" class=\"wp-caption-text\">B\u00e2le doit se doter d'un car-terminal pour les bus longue distance (Photo : Christoph Radtke, CC BY 3.0, Wikimedia Commons)<\/figcaption><\/figure>\n<p>Selon le Conseil d'Etat, les trois sites existants de la Meret-Oppenheim-Strasse (c\u00f4t\u00e9 sud de la gare CFF), de la Schwarzwaldallee (gare badoise) et de la Gartenstrasse remplissent certes les exigences minimales d'un point d'arr\u00eat pour cars. L'infrastructure est toutefois insuffisante, car il manque des salles d'attente ou des installations sanitaires appropri\u00e9es, et le nombre de places d'arr\u00eat n'est pas non plus suffisant, explique le Conseil d'Etat dans un communiqu\u00e9.<\/p>\n<p>Afin d'am\u00e9liorer la situation le plus rapidement possible, il convient dans un premier temps d'optimiser \u00e0 court terme les sites existants \u00e0 la gare CFF et \u00e0 la gare badoise et de les compl\u00e9ter par des places d'arr\u00eat suppl\u00e9mentaires. Dans un deuxi\u00e8me temps, il s'agira de d\u00e9velopper \u00e0 moyen terme un site propre pour un car-terminal \u00e0 part enti\u00e8re.<\/p>\n<p>Le d\u00e9partement comp\u00e9tent en mati\u00e8re de construction et de transport veut entamer des discussions avec les propri\u00e9taires fonciers concern\u00e9s et lancer une \u00e9tude de faisabilit\u00e9 et d'opportunit\u00e9 approfondie pour un car-terminal sur des sites potentiels. Il s'agit notamment du site de Erdbeergraben dans le cadre du projet \"Nouveau parking\".<\/p>\n<p>Les sites potentiels auraient \u00e9t\u00e9 \u00e9valu\u00e9s dans le cadre d'une \u00e9tude que le canton de B\u00e2le-Ville a fait r\u00e9aliser en collaboration avec le groupe sp\u00e9cialis\u00e9 Car de la section nord-ouest de la Suisse de l'Association suisse des transports routiers (ASTAG). L'accent est mis sur une connexion optimale des cars de grandes lignes et des cars de tourisme avec les transports publics, notamment le train, mais aussi sur un acc\u00e8s aussi direct que possible depuis l'autoroute. Il est \"tr\u00e8s exigeant\" de trouver un site \u00e0 l'int\u00e9rieur de la ville qui r\u00e9ponde \u00e0 toutes les exigences, a d\u00e9clar\u00e9 le Conseil d'Etat. (ah)<\/p>\n<p>&nbsp;<\/p>","protected":false},"excerpt":{"rendered":"<p>B\u00e2le doit se doter de son propre car-terminal pour les bus longue distance, a d\u00e9cid\u00e9 le Conseil d'Etat.<\/p>","protected":false},"author":1,"featured_media":5074,"comment_status":"open","ping_status":"open","sticky":false,"template":"","format":"standard","meta":{"_acf_changed":false,"_yoast_wpseo_focuskw":"Car-Terminal","_yoast_wpseo_title":"","_yoast_wpseo_metadesc":"Basel soll ein eigenes Car-Terminal f\u00fcr Fernbusse erhalten, hat der Regierungsrat beschlossen.","_yoast_wpseo_linkdex":82,"pgc_sgb_lightbox_settings":"","footnotes":""},"categories":[1],"tags":[1069,1365],"class_list":["post-494","post","type-post","status-publish","format-standard","has-post-thumbnail","hentry","category-allgemein","tag-basel","tag-infrastruktur"],"acf":[],"yoast_head":"<!-- This site is optimized with the Yoast SEO plugin v27.4 - https:\/\/yoast.com\/product\/yoast-seo-wordpress\/ -->\n<title>Basel: Car-Terminal f\u00fcr Fernbusse geplant - IMMOBILIEN Business<\/title>\n<meta name=\"description\" content=\"Basel soll ein eigenes Car-Terminal f\u00fcr Fernbusse erhalten, hat der Regierungsrat beschlossen.\" \/>\n<meta name=\"robots\" content=\"index, follow, max-snippet:-1, max-image-preview:large, max-video-preview:-1\" \/>\n<link rel=\"canonical\" href=\"https:\/\/www.immobilienbusiness.ch\/fr\/allgemein\/2016-11-23\/basel-car-terminal-fuer-fernbusse-geplant\/\" \/>\n<meta property=\"og:locale\" content=\"fr_FR\" \/>\n<meta property=\"og:type\" content=\"article\" \/>\n<meta property=\"og:title\" content=\"Basel: Car-Terminal f\u00fcr Fernbusse geplant\" \/>\n<meta property=\"og:description\" content=\"Basel soll ein eigenes Car-Terminal f\u00fcr Fernbusse erhalten, hat der Regierungsrat beschlossen.\" \/>\n<meta property=\"og:url\" content=\"https:\/\/www.immobilienbusiness.ch\/fr\/allgemein\/2016-11-23\/basel-car-terminal-fuer-fernbusse-geplant\/\" \/>\n<meta property=\"og:site_name\" content=\"IMMOBILIEN Business\" \/>\n<meta property=\"article:publisher\" content=\"https:\/\/www.facebook.com\/immobilienbusiness\/\" \/>\n<meta property=\"article:published_time\" content=\"2016-11-23T07:35:39+00:00\" \/>\n<meta name=\"author\" content=\"Redaktion\" \/>\n<meta name=\"twitter:card\" content=\"summary_large_image\" \/>\n<meta name=\"twitter:image\" content=\"https:\/\/www.immobilienbusiness.ch\/wp-content\/uploads\/2016\/11\/Basel-Car-Terminal-fuer-Fernbusse-geplant-immobilien-business.jpg\" \/>\n<script type=\"application\/ld+json\" class=\"yoast-schema-graph\">{\"@context\":\"https:\\\/\\\/schema.org\",\"@graph\":[{\"@type\":\"Article\",\"@id\":\"https:\\\/\\\/www.immobilienbusiness.ch\\\/allgemein\\\/2016-11-23\\\/basel-car-terminal-fuer-fernbusse-geplant\\\/#article\",\"isPartOf\":{\"@id\":\"https:\\\/\\\/www.immobilienbusiness.ch\\\/allgemein\\\/2016-11-23\\\/basel-car-terminal-fuer-fernbusse-geplant\\\/\"},\"author\":{\"name\":\"Redaktion\",\"@id\":\"https:\\\/\\\/www.immobilienbusiness.ch\\\/#\\\/schema\\\/person\\\/aa2bace6c5c5aad60102004a50c4eb1c\"},\"headline\":\"Basel: Car-Terminal f\u00fcr Fernbusse geplant\",\"datePublished\":\"2016-11-23T07:35:39+00:00\",\"mainEntityOfPage\":{\"@id\":\"https:\\\/\\\/www.immobilienbusiness.ch\\\/allgemein\\\/2016-11-23\\\/basel-car-terminal-fuer-fernbusse-geplant\\\/\"},\"wordCount\":260,\"commentCount\":0,\"publisher\":{\"@id\":\"https:\\\/\\\/www.immobilienbusiness.ch\\\/#organization\"},\"image\":{\"@id\":\"https:\\\/\\\/www.immobilienbusiness.ch\\\/allgemein\\\/2016-11-23\\\/basel-car-terminal-fuer-fernbusse-geplant\\\/#primaryimage\"},\"thumbnailUrl\":\"https:\\\/\\\/www.immobilienbusiness.ch\\\/wp-content\\\/uploads\\\/2016\\\/11\\\/Basel-Car-Terminal-fuer-Fernbusse-geplant-immobilien-business.jpg\",\"keywords\":[\"Basel\",\"Infrastruktur\"],\"articleSection\":[\"Allgemein\"],\"inLanguage\":\"fr-FR\"},{\"@type\":\"WebPage\",\"@id\":\"https:\\\/\\\/www.immobilienbusiness.ch\\\/allgemein\\\/2016-11-23\\\/basel-car-terminal-fuer-fernbusse-geplant\\\/\",\"url\":\"https:\\\/\\\/www.immobilienbusiness.ch\\\/allgemein\\\/2016-11-23\\\/basel-car-terminal-fuer-fernbusse-geplant\\\/\",\"name\":\"Basel: Car-Terminal f\u00fcr Fernbusse geplant - IMMOBILIEN Business\",\"isPartOf\":{\"@id\":\"https:\\\/\\\/www.immobilienbusiness.ch\\\/#website\"},\"primaryImageOfPage\":{\"@id\":\"https:\\\/\\\/www.immobilienbusiness.ch\\\/allgemein\\\/2016-11-23\\\/basel-car-terminal-fuer-fernbusse-geplant\\\/#primaryimage\"},\"image\":{\"@id\":\"https:\\\/\\\/www.immobilienbusiness.ch\\\/allgemein\\\/2016-11-23\\\/basel-car-terminal-fuer-fernbusse-geplant\\\/#primaryimage\"},\"thumbnailUrl\":\"https:\\\/\\\/www.immobilienbusiness.ch\\\/wp-content\\\/uploads\\\/2016\\\/11\\\/Basel-Car-Terminal-fuer-Fernbusse-geplant-immobilien-business.jpg\",\"datePublished\":\"2016-11-23T07:35:39+00:00\",\"description\":\"Basel soll ein eigenes Car-Terminal f\u00fcr Fernbusse erhalten, hat der Regierungsrat beschlossen.\",\"breadcrumb\":{\"@id\":\"https:\\\/\\\/www.immobilienbusiness.ch\\\/allgemein\\\/2016-11-23\\\/basel-car-terminal-fuer-fernbusse-geplant\\\/#breadcrumb\"},\"inLanguage\":\"fr-FR\",\"potentialAction\":[{\"@type\":\"ReadAction\",\"target\":[\"https:\\\/\\\/www.immobilienbusiness.ch\\\/allgemein\\\/2016-11-23\\\/basel-car-terminal-fuer-fernbusse-geplant\\\/\"]}]},{\"@type\":\"ImageObject\",\"inLanguage\":\"fr-FR\",\"@id\":\"https:\\\/\\\/www.immobilienbusiness.ch\\\/allgemein\\\/2016-11-23\\\/basel-car-terminal-fuer-fernbusse-geplant\\\/#primaryimage\",\"url\":\"https:\\\/\\\/www.immobilienbusiness.ch\\\/wp-content\\\/uploads\\\/2016\\\/11\\\/Basel-Car-Terminal-fuer-Fernbusse-geplant-immobilien-business.jpg\",\"contentUrl\":\"https:\\\/\\\/www.immobilienbusiness.ch\\\/wp-content\\\/uploads\\\/2016\\\/11\\\/Basel-Car-Terminal-fuer-Fernbusse-geplant-immobilien-business.jpg\",\"width\":2048,\"height\":1536,\"caption\":\"Basel soll ein Car-Terminal f\u00fcr Fernbusse erhalten (Foto: Christoph Radtke, CC BY 3.0, Wikimedia Commons)\"},{\"@type\":\"BreadcrumbList\",\"@id\":\"https:\\\/\\\/www.immobilienbusiness.ch\\\/allgemein\\\/2016-11-23\\\/basel-car-terminal-fuer-fernbusse-geplant\\\/#breadcrumb\",\"itemListElement\":[{\"@type\":\"ListItem\",\"position\":1,\"name\":\"Home\",\"item\":\"https:\\\/\\\/www.immobilienbusiness.ch\\\/\"},{\"@type\":\"ListItem\",\"position\":2,\"name\":\"Basel: Car-Terminal f\u00fcr Fernbusse geplant\"}]},{\"@type\":\"WebSite\",\"@id\":\"https:\\\/\\\/www.immobilienbusiness.ch\\\/#website\",\"url\":\"https:\\\/\\\/www.immobilienbusiness.ch\\\/\",\"name\":\"IMMOBILIEN Business\",\"description\":\"Unabh\u00e4ngiges Schweizer Wirtschaftsmagazin mit Fokus auf Immobilien, Architektur- und Bau sowie Investment- und Finanzierung.\",\"publisher\":{\"@id\":\"https:\\\/\\\/www.immobilienbusiness.ch\\\/#organization\"},\"potentialAction\":[{\"@type\":\"SearchAction\",\"target\":{\"@type\":\"EntryPoint\",\"urlTemplate\":\"https:\\\/\\\/www.immobilienbusiness.ch\\\/?s={search_term_string}\"},\"query-input\":{\"@type\":\"PropertyValueSpecification\",\"valueRequired\":true,\"valueName\":\"search_term_string\"}}],\"inLanguage\":\"fr-FR\"},{\"@type\":\"Organization\",\"@id\":\"https:\\\/\\\/www.immobilienbusiness.ch\\\/#organization\",\"name\":\"IMMOBILIEN Business\",\"url\":\"https:\\\/\\\/www.immobilienbusiness.ch\\\/\",\"logo\":{\"@type\":\"ImageObject\",\"inLanguage\":\"fr-FR\",\"@id\":\"https:\\\/\\\/www.immobilienbusiness.ch\\\/#\\\/schema\\\/logo\\\/image\\\/\",\"url\":\"https:\\\/\\\/www.immobilienbusiness.ch\\\/wp-content\\\/uploads\\\/2021\\\/07\\\/logo_ib.png\",\"contentUrl\":\"https:\\\/\\\/www.immobilienbusiness.ch\\\/wp-content\\\/uploads\\\/2021\\\/07\\\/logo_ib.png\",\"width\":800,\"height\":181,\"caption\":\"IMMOBILIEN Business\"},\"image\":{\"@id\":\"https:\\\/\\\/www.immobilienbusiness.ch\\\/#\\\/schema\\\/logo\\\/image\\\/\"},\"sameAs\":[\"https:\\\/\\\/www.facebook.com\\\/immobilienbusiness\\\/\"]},{\"@type\":\"Person\",\"@id\":\"https:\\\/\\\/www.immobilienbusiness.ch\\\/#\\\/schema\\\/person\\\/aa2bace6c5c5aad60102004a50c4eb1c\",\"name\":\"Redaktion\",\"image\":{\"@type\":\"ImageObject\",\"inLanguage\":\"fr-FR\",\"@id\":\"https:\\\/\\\/secure.gravatar.com\\\/avatar\\\/ae2f4d718e6c49043e314ce431e7e645d646302a24a5ef5a8bc8e3f5a032e319?s=96&d=mm&r=g\",\"url\":\"https:\\\/\\\/secure.gravatar.com\\\/avatar\\\/ae2f4d718e6c49043e314ce431e7e645d646302a24a5ef5a8bc8e3f5a032e319?s=96&d=mm&r=g\",\"contentUrl\":\"https:\\\/\\\/secure.gravatar.com\\\/avatar\\\/ae2f4d718e6c49043e314ce431e7e645d646302a24a5ef5a8bc8e3f5a032e319?s=96&d=mm&r=g\",\"caption\":\"Redaktion\"},\"sameAs\":[\"http:\\\/\\\/develop.organisator.galledia.ch\"],\"url\":\"https:\\\/\\\/www.immobilienbusiness.ch\\\/fr\\\/author\\\/admin\\\/\"}]}<\/script>\n<!-- \/ Yoast SEO plugin. -->","yoast_head_json":{"title":"Basel: Car-Terminal f\u00fcr Fernbusse geplant - IMMOBILIEN Business","description":"B\u00e2le doit se doter de son propre car-terminal pour les bus longue distance, a d\u00e9cid\u00e9 le Conseil d'Etat.","robots":{"index":"index","follow":"follow","max-snippet":"max-snippet:-1","max-image-preview":"max-image-preview:large","max-video-preview":"max-video-preview:-1"},"canonical":"https:\/\/www.immobilienbusiness.ch\/fr\/allgemein\/2016-11-23\/basel-car-terminal-fuer-fernbusse-geplant\/","og_locale":"fr_FR","og_type":"article","og_title":"Basel: Car-Terminal f\u00fcr Fernbusse geplant","og_description":"Basel soll ein eigenes Car-Terminal f\u00fcr Fernbusse erhalten, hat der Regierungsrat beschlossen.","og_url":"https:\/\/www.immobilienbusiness.ch\/fr\/allgemein\/2016-11-23\/basel-car-terminal-fuer-fernbusse-geplant\/","og_site_name":"IMMOBILIEN Business","article_publisher":"https:\/\/www.facebook.com\/immobilienbusiness\/","article_published_time":"2016-11-23T07:35:39+00:00","author":"Redaktion","twitter_card":"summary_large_image","twitter_image":"https:\/\/www.immobilienbusiness.ch\/wp-content\/uploads\/2016\/11\/Basel-Car-Terminal-fuer-Fernbusse-geplant-immobilien-business.jpg","schema":{"@context":"https:\/\/schema.org","@graph":[{"@type":"Article","@id":"https:\/\/www.immobilienbusiness.ch\/allgemein\/2016-11-23\/basel-car-terminal-fuer-fernbusse-geplant\/#article","isPartOf":{"@id":"https:\/\/www.immobilienbusiness.ch\/allgemein\/2016-11-23\/basel-car-terminal-fuer-fernbusse-geplant\/"},"author":{"name":"Redaktion","@id":"https:\/\/www.immobilienbusiness.ch\/#\/schema\/person\/aa2bace6c5c5aad60102004a50c4eb1c"},"headline":"Basel: Car-Terminal f\u00fcr Fernbusse geplant","datePublished":"2016-11-23T07:35:39+00:00","mainEntityOfPage":{"@id":"https:\/\/www.immobilienbusiness.ch\/allgemein\/2016-11-23\/basel-car-terminal-fuer-fernbusse-geplant\/"},"wordCount":260,"commentCount":0,"publisher":{"@id":"https:\/\/www.immobilienbusiness.ch\/#organization"},"image":{"@id":"https:\/\/www.immobilienbusiness.ch\/allgemein\/2016-11-23\/basel-car-terminal-fuer-fernbusse-geplant\/#primaryimage"},"thumbnailUrl":"https:\/\/www.immobilienbusiness.ch\/wp-content\/uploads\/2016\/11\/Basel-Car-Terminal-fuer-Fernbusse-geplant-immobilien-business.jpg","keywords":["Basel","Infrastruktur"],"articleSection":["Allgemein"],"inLanguage":"fr-FR"},{"@type":"WebPage","@id":"https:\/\/www.immobilienbusiness.ch\/allgemein\/2016-11-23\/basel-car-terminal-fuer-fernbusse-geplant\/","url":"https:\/\/www.immobilienbusiness.ch\/allgemein\/2016-11-23\/basel-car-terminal-fuer-fernbusse-geplant\/","name":"Basel: Car-Terminal f\u00fcr Fernbusse geplant - IMMOBILIEN Business","isPartOf":{"@id":"https:\/\/www.immobilienbusiness.ch\/#website"},"primaryImageOfPage":{"@id":"https:\/\/www.immobilienbusiness.ch\/allgemein\/2016-11-23\/basel-car-terminal-fuer-fernbusse-geplant\/#primaryimage"},"image":{"@id":"https:\/\/www.immobilienbusiness.ch\/allgemein\/2016-11-23\/basel-car-terminal-fuer-fernbusse-geplant\/#primaryimage"},"thumbnailUrl":"https:\/\/www.immobilienbusiness.ch\/wp-content\/uploads\/2016\/11\/Basel-Car-Terminal-fuer-Fernbusse-geplant-immobilien-business.jpg","datePublished":"2016-11-23T07:35:39+00:00","description":"B\u00e2le doit se doter de son propre car-terminal pour les bus longue distance, a d\u00e9cid\u00e9 le Conseil d'Etat.","breadcrumb":{"@id":"https:\/\/www.immobilienbusiness.ch\/allgemein\/2016-11-23\/basel-car-terminal-fuer-fernbusse-geplant\/#breadcrumb"},"inLanguage":"fr-FR","potentialAction":[{"@type":"ReadAction","target":["https:\/\/www.immobilienbusiness.ch\/allgemein\/2016-11-23\/basel-car-terminal-fuer-fernbusse-geplant\/"]}]},{"@type":"ImageObject","inLanguage":"fr-FR","@id":"https:\/\/www.immobilienbusiness.ch\/allgemein\/2016-11-23\/basel-car-terminal-fuer-fernbusse-geplant\/#primaryimage","url":"https:\/\/www.immobilienbusiness.ch\/wp-content\/uploads\/2016\/11\/Basel-Car-Terminal-fuer-Fernbusse-geplant-immobilien-business.jpg","contentUrl":"https:\/\/www.immobilienbusiness.ch\/wp-content\/uploads\/2016\/11\/Basel-Car-Terminal-fuer-Fernbusse-geplant-immobilien-business.jpg","width":2048,"height":1536,"caption":"Basel soll ein Car-Terminal f\u00fcr Fernbusse erhalten (Foto: Christoph Radtke, CC BY 3.0, Wikimedia Commons)"},{"@type":"BreadcrumbList","@id":"https:\/\/www.immobilienbusiness.ch\/allgemein\/2016-11-23\/basel-car-terminal-fuer-fernbusse-geplant\/#breadcrumb","itemListElement":[{"@type":"ListItem","position":1,"name":"Home","item":"https:\/\/www.immobilienbusiness.ch\/"},{"@type":"ListItem","position":2,"name":"Basel: Car-Terminal f\u00fcr Fernbusse geplant"}]},{"@type":"WebSite","@id":"https:\/\/www.immobilienbusiness.ch\/#website","url":"https:\/\/www.immobilienbusiness.ch\/","name":"IMMOBILIER Business","description":"Magazine \u00e9conomique suisse ind\u00e9pendant ax\u00e9 sur l'immobilier, l'architecture et la construction ainsi que sur les investissements et le financement.","publisher":{"@id":"https:\/\/www.immobilienbusiness.ch\/#organization"},"potentialAction":[{"@type":"SearchAction","target":{"@type":"EntryPoint","urlTemplate":"https:\/\/www.immobilienbusiness.ch\/?s={search_term_string}"},"query-input":{"@type":"PropertyValueSpecification","valueRequired":true,"valueName":"search_term_string"}}],"inLanguage":"fr-FR"},{"@type":"Organization","@id":"https:\/\/www.immobilienbusiness.ch\/#organization","name":"IMMOBILIER Business","url":"https:\/\/www.immobilienbusiness.ch\/","logo":{"@type":"ImageObject","inLanguage":"fr-FR","@id":"https:\/\/www.immobilienbusiness.ch\/#\/schema\/logo\/image\/","url":"https:\/\/www.immobilienbusiness.ch\/wp-content\/uploads\/2021\/07\/logo_ib.png","contentUrl":"https:\/\/www.immobilienbusiness.ch\/wp-content\/uploads\/2021\/07\/logo_ib.png","width":800,"height":181,"caption":"IMMOBILIEN Business"},"image":{"@id":"https:\/\/www.immobilienbusiness.ch\/#\/schema\/logo\/image\/"},"sameAs":["https:\/\/www.facebook.com\/immobilienbusiness\/"]},{"@type":"Person","@id":"https:\/\/www.immobilienbusiness.ch\/#\/schema\/person\/aa2bace6c5c5aad60102004a50c4eb1c","name":"Editorial","image":{"@type":"ImageObject","inLanguage":"fr-FR","@id":"https:\/\/secure.gravatar.com\/avatar\/ae2f4d718e6c49043e314ce431e7e645d646302a24a5ef5a8bc8e3f5a032e319?s=96&d=mm&r=g","url":"https:\/\/secure.gravatar.com\/avatar\/ae2f4d718e6c49043e314ce431e7e645d646302a24a5ef5a8bc8e3f5a032e319?s=96&d=mm&r=g","contentUrl":"https:\/\/secure.gravatar.com\/avatar\/ae2f4d718e6c49043e314ce431e7e645d646302a24a5ef5a8bc8e3f5a032e319?s=96&d=mm&r=g","caption":"Redaktion"},"sameAs":["http:\/\/develop.organisator.galledia.ch"],"url":"https:\/\/www.immobilienbusiness.ch\/fr\/author\/admin\/"}]}},"_links":{"self":[{"href":"https:\/\/www.immobilienbusiness.ch\/fr\/wp-json\/wp\/v2\/posts\/494","targetHints":{"allow":["GET"]}}],"collection":[{"href":"https:\/\/www.immobilienbusiness.ch\/fr\/wp-json\/wp\/v2\/posts"}],"about":[{"href":"https:\/\/www.immobilienbusiness.ch\/fr\/wp-json\/wp\/v2\/types\/post"}],"author":[{"embeddable":true,"href":"https:\/\/www.immobilienbusiness.ch\/fr\/wp-json\/wp\/v2\/users\/1"}],"replies":[{"embeddable":true,"href":"https:\/\/www.immobilienbusiness.ch\/fr\/wp-json\/wp\/v2\/comments?post=494"}],"version-history":[{"count":0,"href":"https:\/\/www.immobilienbusiness.ch\/fr\/wp-json\/wp\/v2\/posts\/494\/revisions"}],"wp:featuredmedia":[{"embeddable":true,"href":"https:\/\/www.immobilienbusiness.ch\/fr\/wp-json\/wp\/v2\/media\/5074"}],"wp:attachment":[{"href":"https:\/\/www.immobilienbusiness.ch\/fr\/wp-json\/wp\/v2\/media?parent=494"}],"wp:term":[{"taxonomy":"category","embeddable":true,"href":"https:\/\/www.immobilienbusiness.ch\/fr\/wp-json\/wp\/v2\/categories?post=494"},{"taxonomy":"post_tag","embeddable":true,"href":"https:\/\/www.immobilienbusiness.ch\/fr\/wp-json\/wp\/v2\/tags?post=494"}],"curies":[{"name":"wp","href":"https:\/\/api.w.org\/{rel}","templated":true}]}}