{"id":492,"date":"2015-08-20T11:09:30","date_gmt":"2015-08-20T09:09:30","guid":{"rendered":"http:\/\/dev.immobilienbusiness.ch\/?p=492"},"modified":"2015-08-20T11:09:30","modified_gmt":"2015-08-20T09:09:30","slug":"comfort-will-schweiz-geschaeft-verstaerken","status":"publish","type":"post","link":"https:\/\/www.immobilienbusiness.ch\/fr\/allgemein\/2015-08-20\/comfort-will-schweiz-geschaeft-verstaerken\/","title":{"rendered":"Comfort veut renforcer ses activit\u00e9s en Suisse"},"content":{"rendered":"<figure id=\"attachment_4677\" aria-describedby=\"caption-attachment-4677\" style=\"width: 680px\" class=\"wp-caption alignnone\"><img loading=\"lazy\" decoding=\"async\" class=\"wp-image-4677 size-medium\" src=\"https:\/\/immobilienbusiness.ch\/wp-content\/uploads\/2015\/08\/Comfort-will-Schweiz-Gesch\u00e4ft-verst\u00e4rken-immobilien-business.png\" width=\"680\" height=\"814\" \/><figcaption id=\"caption-attachment-4677\" class=\"wp-caption-text\">Dieter Bulliger doit renforcer les activit\u00e9s de Comfort en Suisse et en Autriche (Photo : Comfort)<\/figcaption><\/figure>\n<p>Bullinger a d'abord \u00e9t\u00e9 promoteur \u00e9conomique \u00e0 Fribourg-en-Brisgau, dans le sud du pays, puis il a travaill\u00e9 pendant onze ans dans la gestion de projets ECE et, en tant que directeur du d\u00e9veloppement, il a \u00e9t\u00e9 responsable, outre de divers d\u00e9veloppements et restructurations de centres commerciaux en Allemagne, des premiers pas de l'ECE dans d'autres pays europ\u00e9ens.<\/p>\n<p>De 2001 \u00e0 2012, Bullinger a travaill\u00e9 pour les centres commerciaux de Spar Autriche sur leurs march\u00e9s \u00e9trangers, o\u00f9 il \u00e9tait \u00e9galement responsable des nouveaux d\u00e9veloppements de centres en Italie et de l'acquisition de contrats de gestion de centres en Hongrie. Apr\u00e8s la cr\u00e9ation de SES Spar European Shopping Centers GmbH, il y \u00e9tait notamment responsable de la gestion des actifs de tous les centres commerciaux Spar. (ah)<\/p>","protected":false},"excerpt":{"rendered":"<p>La soci\u00e9t\u00e9 Comfort Center Consulting GmbH, une filiale du groupe Comfort, veut d\u00e9velopper ses activit\u00e9s en Suisse et en Autriche. Pour ce faire, la soci\u00e9t\u00e9 sp\u00e9cialis\u00e9e dans l'immobilier de d\u00e9tail a recrut\u00e9 Dieter Bullinger (61 ans).<\/p>","protected":false},"author":1,"featured_media":4677,"comment_status":"open","ping_status":"open","sticky":false,"template":"","format":"standard","meta":{"_acf_changed":false,"_yoast_wpseo_focuskw":"Comfort Schweiz Gesch\u00e4ft","_yoast_wpseo_title":"Comfort: Schweiz-Gesch\u00e4ft gezielt verst\u00e4rken","_yoast_wpseo_metadesc":"Angesichts wachsender Marktchancen setzt Comfort auf den Ausbau seines Schweiz-Gesch\u00e4fts mit erfahrener F\u00fchrungskraft.","_yoast_wpseo_linkdex":70,"pgc_sgb_lightbox_settings":"","footnotes":""},"categories":[1],"tags":[1564],"class_list":["post-492","post","type-post","status-publish","format-standard","has-post-thumbnail","hentry","category-allgemein","tag-personalien"],"acf":[],"yoast_head":"<!-- This site is optimized with the Yoast SEO plugin v27.5 - https:\/\/yoast.com\/product\/yoast-seo-wordpress\/ -->\n<title>Comfort: Schweiz-Gesch\u00e4ft gezielt verst\u00e4rken<\/title>\n<meta name=\"description\" content=\"Angesichts wachsender Marktchancen setzt Comfort auf den Ausbau seines Schweiz-Gesch\u00e4fts mit erfahrener F\u00fchrungskraft.\" \/>\n<meta name=\"robots\" content=\"index, follow, max-snippet:-1, max-image-preview:large, max-video-preview:-1\" \/>\n<link rel=\"canonical\" href=\"https:\/\/www.immobilienbusiness.ch\/fr\/allgemein\/2015-08-20\/comfort-will-schweiz-geschaeft-verstaerken\/\" \/>\n<meta property=\"og:locale\" content=\"fr_FR\" \/>\n<meta property=\"og:type\" content=\"article\" \/>\n<meta property=\"og:title\" content=\"Comfort will Schweiz-Gesch\u00e4ft verst\u00e4rken\" \/>\n<meta property=\"og:description\" content=\"Die Comfort Center Consulting GmbH, eine Tochtergesellschaft der Comfort-Gruppe, will ihre Aktivit\u00e4ten in der Schweiz und \u00d6sterreich ausbauen. Dazu hat die auf Retail-Immobilien spezialisierte Gesellschaft Dieter Bullinger (61) gewonnen.\" \/>\n<meta property=\"og:url\" content=\"https:\/\/www.immobilienbusiness.ch\/fr\/allgemein\/2015-08-20\/comfort-will-schweiz-geschaeft-verstaerken\/\" \/>\n<meta property=\"og:site_name\" content=\"IMMOBILIEN Business\" \/>\n<meta property=\"article:publisher\" content=\"https:\/\/www.facebook.com\/immobilienbusiness\/\" \/>\n<meta property=\"article:published_time\" content=\"2015-08-20T09:09:30+00:00\" \/>\n<meta name=\"author\" content=\"Redaktion\" \/>\n<meta name=\"twitter:card\" content=\"summary_large_image\" \/>\n<meta name=\"twitter:image\" content=\"https:\/\/www.immobilienbusiness.ch\/wp-content\/uploads\/2015\/08\/Comfort-will-Schweiz-Geschaeft-verstaerken-immobilien-business.png\" \/>\n<script type=\"application\/ld+json\" class=\"yoast-schema-graph\">{\"@context\":\"https:\\\/\\\/schema.org\",\"@graph\":[{\"@type\":\"Article\",\"@id\":\"https:\\\/\\\/www.immobilienbusiness.ch\\\/allgemein\\\/2015-08-20\\\/comfort-will-schweiz-geschaeft-verstaerken\\\/#article\",\"isPartOf\":{\"@id\":\"https:\\\/\\\/www.immobilienbusiness.ch\\\/allgemein\\\/2015-08-20\\\/comfort-will-schweiz-geschaeft-verstaerken\\\/\"},\"author\":{\"name\":\"Redaktion\",\"@id\":\"https:\\\/\\\/www.immobilienbusiness.ch\\\/#\\\/schema\\\/person\\\/aa2bace6c5c5aad60102004a50c4eb1c\"},\"headline\":\"Comfort will Schweiz-Gesch\u00e4ft verst\u00e4rken\",\"datePublished\":\"2015-08-20T09:09:30+00:00\",\"mainEntityOfPage\":{\"@id\":\"https:\\\/\\\/www.immobilienbusiness.ch\\\/allgemein\\\/2015-08-20\\\/comfort-will-schweiz-geschaeft-verstaerken\\\/\"},\"wordCount\":128,\"commentCount\":0,\"publisher\":{\"@id\":\"https:\\\/\\\/www.immobilienbusiness.ch\\\/#organization\"},\"image\":{\"@id\":\"https:\\\/\\\/www.immobilienbusiness.ch\\\/allgemein\\\/2015-08-20\\\/comfort-will-schweiz-geschaeft-verstaerken\\\/#primaryimage\"},\"thumbnailUrl\":\"https:\\\/\\\/www.immobilienbusiness.ch\\\/wp-content\\\/uploads\\\/2015\\\/08\\\/Comfort-will-Schweiz-Geschaeft-verstaerken-immobilien-business.png\",\"keywords\":[\"Personalien\"],\"articleSection\":[\"Allgemein\"],\"inLanguage\":\"fr-FR\"},{\"@type\":\"WebPage\",\"@id\":\"https:\\\/\\\/www.immobilienbusiness.ch\\\/allgemein\\\/2015-08-20\\\/comfort-will-schweiz-geschaeft-verstaerken\\\/\",\"url\":\"https:\\\/\\\/www.immobilienbusiness.ch\\\/allgemein\\\/2015-08-20\\\/comfort-will-schweiz-geschaeft-verstaerken\\\/\",\"name\":\"Comfort: Schweiz-Gesch\u00e4ft gezielt verst\u00e4rken\",\"isPartOf\":{\"@id\":\"https:\\\/\\\/www.immobilienbusiness.ch\\\/#website\"},\"primaryImageOfPage\":{\"@id\":\"https:\\\/\\\/www.immobilienbusiness.ch\\\/allgemein\\\/2015-08-20\\\/comfort-will-schweiz-geschaeft-verstaerken\\\/#primaryimage\"},\"image\":{\"@id\":\"https:\\\/\\\/www.immobilienbusiness.ch\\\/allgemein\\\/2015-08-20\\\/comfort-will-schweiz-geschaeft-verstaerken\\\/#primaryimage\"},\"thumbnailUrl\":\"https:\\\/\\\/www.immobilienbusiness.ch\\\/wp-content\\\/uploads\\\/2015\\\/08\\\/Comfort-will-Schweiz-Geschaeft-verstaerken-immobilien-business.png\",\"datePublished\":\"2015-08-20T09:09:30+00:00\",\"description\":\"Angesichts wachsender Marktchancen setzt Comfort auf den Ausbau seines Schweiz-Gesch\u00e4fts mit erfahrener F\u00fchrungskraft.\",\"breadcrumb\":{\"@id\":\"https:\\\/\\\/www.immobilienbusiness.ch\\\/allgemein\\\/2015-08-20\\\/comfort-will-schweiz-geschaeft-verstaerken\\\/#breadcrumb\"},\"inLanguage\":\"fr-FR\",\"potentialAction\":[{\"@type\":\"ReadAction\",\"target\":[\"https:\\\/\\\/www.immobilienbusiness.ch\\\/allgemein\\\/2015-08-20\\\/comfort-will-schweiz-geschaeft-verstaerken\\\/\"]}]},{\"@type\":\"ImageObject\",\"inLanguage\":\"fr-FR\",\"@id\":\"https:\\\/\\\/www.immobilienbusiness.ch\\\/allgemein\\\/2015-08-20\\\/comfort-will-schweiz-geschaeft-verstaerken\\\/#primaryimage\",\"url\":\"https:\\\/\\\/www.immobilienbusiness.ch\\\/wp-content\\\/uploads\\\/2015\\\/08\\\/Comfort-will-Schweiz-Geschaeft-verstaerken-immobilien-business.png\",\"contentUrl\":\"https:\\\/\\\/www.immobilienbusiness.ch\\\/wp-content\\\/uploads\\\/2015\\\/08\\\/Comfort-will-Schweiz-Geschaeft-verstaerken-immobilien-business.png\",\"width\":825,\"height\":987,\"caption\":\"Dieter Bulliger soll das Schweiz- und \u00d6sterreich-Gesch\u00e4ft von Comfort st\u00e4rken (Foto: Comfort)\"},{\"@type\":\"BreadcrumbList\",\"@id\":\"https:\\\/\\\/www.immobilienbusiness.ch\\\/allgemein\\\/2015-08-20\\\/comfort-will-schweiz-geschaeft-verstaerken\\\/#breadcrumb\",\"itemListElement\":[{\"@type\":\"ListItem\",\"position\":1,\"name\":\"Home\",\"item\":\"https:\\\/\\\/www.immobilienbusiness.ch\\\/\"},{\"@type\":\"ListItem\",\"position\":2,\"name\":\"Comfort will Schweiz-Gesch\u00e4ft verst\u00e4rken\"}]},{\"@type\":\"WebSite\",\"@id\":\"https:\\\/\\\/www.immobilienbusiness.ch\\\/#website\",\"url\":\"https:\\\/\\\/www.immobilienbusiness.ch\\\/\",\"name\":\"IMMOBILIEN Business\",\"description\":\"Unabh\u00e4ngiges Schweizer Wirtschaftsmagazin mit Fokus auf Immobilien, Architektur- und Bau sowie Investment- und Finanzierung.\",\"publisher\":{\"@id\":\"https:\\\/\\\/www.immobilienbusiness.ch\\\/#organization\"},\"potentialAction\":[{\"@type\":\"SearchAction\",\"target\":{\"@type\":\"EntryPoint\",\"urlTemplate\":\"https:\\\/\\\/www.immobilienbusiness.ch\\\/?s={search_term_string}\"},\"query-input\":{\"@type\":\"PropertyValueSpecification\",\"valueRequired\":true,\"valueName\":\"search_term_string\"}}],\"inLanguage\":\"fr-FR\"},{\"@type\":\"Organization\",\"@id\":\"https:\\\/\\\/www.immobilienbusiness.ch\\\/#organization\",\"name\":\"IMMOBILIEN Business\",\"url\":\"https:\\\/\\\/www.immobilienbusiness.ch\\\/\",\"logo\":{\"@type\":\"ImageObject\",\"inLanguage\":\"fr-FR\",\"@id\":\"https:\\\/\\\/www.immobilienbusiness.ch\\\/#\\\/schema\\\/logo\\\/image\\\/\",\"url\":\"https:\\\/\\\/www.immobilienbusiness.ch\\\/wp-content\\\/uploads\\\/2021\\\/07\\\/logo_ib.png\",\"contentUrl\":\"https:\\\/\\\/www.immobilienbusiness.ch\\\/wp-content\\\/uploads\\\/2021\\\/07\\\/logo_ib.png\",\"width\":800,\"height\":181,\"caption\":\"IMMOBILIEN Business\"},\"image\":{\"@id\":\"https:\\\/\\\/www.immobilienbusiness.ch\\\/#\\\/schema\\\/logo\\\/image\\\/\"},\"sameAs\":[\"https:\\\/\\\/www.facebook.com\\\/immobilienbusiness\\\/\"]},{\"@type\":\"Person\",\"@id\":\"https:\\\/\\\/www.immobilienbusiness.ch\\\/#\\\/schema\\\/person\\\/aa2bace6c5c5aad60102004a50c4eb1c\",\"name\":\"Redaktion\",\"image\":{\"@type\":\"ImageObject\",\"inLanguage\":\"fr-FR\",\"@id\":\"https:\\\/\\\/secure.gravatar.com\\\/avatar\\\/ae2f4d718e6c49043e314ce431e7e645d646302a24a5ef5a8bc8e3f5a032e319?s=96&d=mm&r=g\",\"url\":\"https:\\\/\\\/secure.gravatar.com\\\/avatar\\\/ae2f4d718e6c49043e314ce431e7e645d646302a24a5ef5a8bc8e3f5a032e319?s=96&d=mm&r=g\",\"contentUrl\":\"https:\\\/\\\/secure.gravatar.com\\\/avatar\\\/ae2f4d718e6c49043e314ce431e7e645d646302a24a5ef5a8bc8e3f5a032e319?s=96&d=mm&r=g\",\"caption\":\"Redaktion\"},\"sameAs\":[\"http:\\\/\\\/develop.organisator.galledia.ch\"],\"url\":\"https:\\\/\\\/www.immobilienbusiness.ch\\\/fr\\\/author\\\/admin\\\/\"}]}<\/script>\n<!-- \/ Yoast SEO plugin. -->","yoast_head_json":{"title":"Comfort: Schweiz-Gesch\u00e4ft gezielt verst\u00e4rken","description":"Angesichts wachsender Marktchancen setzt Comfort auf den Ausbau seines Schweiz-Gesch\u00e4fts mit erfahrener F\u00fchrungskraft.","robots":{"index":"index","follow":"follow","max-snippet":"max-snippet:-1","max-image-preview":"max-image-preview:large","max-video-preview":"max-video-preview:-1"},"canonical":"https:\/\/www.immobilienbusiness.ch\/fr\/allgemein\/2015-08-20\/comfort-will-schweiz-geschaeft-verstaerken\/","og_locale":"fr_FR","og_type":"article","og_title":"Comfort will Schweiz-Gesch\u00e4ft verst\u00e4rken","og_description":"Die Comfort Center Consulting GmbH, eine Tochtergesellschaft der Comfort-Gruppe, will ihre Aktivit\u00e4ten in der Schweiz und \u00d6sterreich ausbauen. Dazu hat die auf Retail-Immobilien spezialisierte Gesellschaft Dieter Bullinger (61) gewonnen.","og_url":"https:\/\/www.immobilienbusiness.ch\/fr\/allgemein\/2015-08-20\/comfort-will-schweiz-geschaeft-verstaerken\/","og_site_name":"IMMOBILIEN Business","article_publisher":"https:\/\/www.facebook.com\/immobilienbusiness\/","article_published_time":"2015-08-20T09:09:30+00:00","author":"Redaktion","twitter_card":"summary_large_image","twitter_image":"https:\/\/www.immobilienbusiness.ch\/wp-content\/uploads\/2015\/08\/Comfort-will-Schweiz-Geschaeft-verstaerken-immobilien-business.png","schema":{"@context":"https:\/\/schema.org","@graph":[{"@type":"Article","@id":"https:\/\/www.immobilienbusiness.ch\/allgemein\/2015-08-20\/comfort-will-schweiz-geschaeft-verstaerken\/#article","isPartOf":{"@id":"https:\/\/www.immobilienbusiness.ch\/allgemein\/2015-08-20\/comfort-will-schweiz-geschaeft-verstaerken\/"},"author":{"name":"Redaktion","@id":"https:\/\/www.immobilienbusiness.ch\/#\/schema\/person\/aa2bace6c5c5aad60102004a50c4eb1c"},"headline":"Comfort will Schweiz-Gesch\u00e4ft verst\u00e4rken","datePublished":"2015-08-20T09:09:30+00:00","mainEntityOfPage":{"@id":"https:\/\/www.immobilienbusiness.ch\/allgemein\/2015-08-20\/comfort-will-schweiz-geschaeft-verstaerken\/"},"wordCount":128,"commentCount":0,"publisher":{"@id":"https:\/\/www.immobilienbusiness.ch\/#organization"},"image":{"@id":"https:\/\/www.immobilienbusiness.ch\/allgemein\/2015-08-20\/comfort-will-schweiz-geschaeft-verstaerken\/#primaryimage"},"thumbnailUrl":"https:\/\/www.immobilienbusiness.ch\/wp-content\/uploads\/2015\/08\/Comfort-will-Schweiz-Geschaeft-verstaerken-immobilien-business.png","keywords":["Personalien"],"articleSection":["Allgemein"],"inLanguage":"fr-FR"},{"@type":"WebPage","@id":"https:\/\/www.immobilienbusiness.ch\/allgemein\/2015-08-20\/comfort-will-schweiz-geschaeft-verstaerken\/","url":"https:\/\/www.immobilienbusiness.ch\/allgemein\/2015-08-20\/comfort-will-schweiz-geschaeft-verstaerken\/","name":"Comfort: Schweiz-Gesch\u00e4ft gezielt verst\u00e4rken","isPartOf":{"@id":"https:\/\/www.immobilienbusiness.ch\/#website"},"primaryImageOfPage":{"@id":"https:\/\/www.immobilienbusiness.ch\/allgemein\/2015-08-20\/comfort-will-schweiz-geschaeft-verstaerken\/#primaryimage"},"image":{"@id":"https:\/\/www.immobilienbusiness.ch\/allgemein\/2015-08-20\/comfort-will-schweiz-geschaeft-verstaerken\/#primaryimage"},"thumbnailUrl":"https:\/\/www.immobilienbusiness.ch\/wp-content\/uploads\/2015\/08\/Comfort-will-Schweiz-Geschaeft-verstaerken-immobilien-business.png","datePublished":"2015-08-20T09:09:30+00:00","description":"Angesichts wachsender Marktchancen setzt Comfort auf den Ausbau seines Schweiz-Gesch\u00e4fts mit erfahrener F\u00fchrungskraft.","breadcrumb":{"@id":"https:\/\/www.immobilienbusiness.ch\/allgemein\/2015-08-20\/comfort-will-schweiz-geschaeft-verstaerken\/#breadcrumb"},"inLanguage":"fr-FR","potentialAction":[{"@type":"ReadAction","target":["https:\/\/www.immobilienbusiness.ch\/allgemein\/2015-08-20\/comfort-will-schweiz-geschaeft-verstaerken\/"]}]},{"@type":"ImageObject","inLanguage":"fr-FR","@id":"https:\/\/www.immobilienbusiness.ch\/allgemein\/2015-08-20\/comfort-will-schweiz-geschaeft-verstaerken\/#primaryimage","url":"https:\/\/www.immobilienbusiness.ch\/wp-content\/uploads\/2015\/08\/Comfort-will-Schweiz-Geschaeft-verstaerken-immobilien-business.png","contentUrl":"https:\/\/www.immobilienbusiness.ch\/wp-content\/uploads\/2015\/08\/Comfort-will-Schweiz-Geschaeft-verstaerken-immobilien-business.png","width":825,"height":987,"caption":"Dieter Bulliger soll das Schweiz- und \u00d6sterreich-Gesch\u00e4ft von Comfort st\u00e4rken (Foto: Comfort)"},{"@type":"BreadcrumbList","@id":"https:\/\/www.immobilienbusiness.ch\/allgemein\/2015-08-20\/comfort-will-schweiz-geschaeft-verstaerken\/#breadcrumb","itemListElement":[{"@type":"ListItem","position":1,"name":"Home","item":"https:\/\/www.immobilienbusiness.ch\/"},{"@type":"ListItem","position":2,"name":"Comfort will Schweiz-Gesch\u00e4ft verst\u00e4rken"}]},{"@type":"WebSite","@id":"https:\/\/www.immobilienbusiness.ch\/#website","url":"https:\/\/www.immobilienbusiness.ch\/","name":"IMMOBILIER Business","description":"Magazine \u00e9conomique suisse ind\u00e9pendant ax\u00e9 sur l'immobilier, l'architecture et la construction ainsi que sur les investissements et le financement.","publisher":{"@id":"https:\/\/www.immobilienbusiness.ch\/#organization"},"potentialAction":[{"@type":"SearchAction","target":{"@type":"EntryPoint","urlTemplate":"https:\/\/www.immobilienbusiness.ch\/?s={search_term_string}"},"query-input":{"@type":"PropertyValueSpecification","valueRequired":true,"valueName":"search_term_string"}}],"inLanguage":"fr-FR"},{"@type":"Organization","@id":"https:\/\/www.immobilienbusiness.ch\/#organization","name":"IMMOBILIER Business","url":"https:\/\/www.immobilienbusiness.ch\/","logo":{"@type":"ImageObject","inLanguage":"fr-FR","@id":"https:\/\/www.immobilienbusiness.ch\/#\/schema\/logo\/image\/","url":"https:\/\/www.immobilienbusiness.ch\/wp-content\/uploads\/2021\/07\/logo_ib.png","contentUrl":"https:\/\/www.immobilienbusiness.ch\/wp-content\/uploads\/2021\/07\/logo_ib.png","width":800,"height":181,"caption":"IMMOBILIEN Business"},"image":{"@id":"https:\/\/www.immobilienbusiness.ch\/#\/schema\/logo\/image\/"},"sameAs":["https:\/\/www.facebook.com\/immobilienbusiness\/"]},{"@type":"Person","@id":"https:\/\/www.immobilienbusiness.ch\/#\/schema\/person\/aa2bace6c5c5aad60102004a50c4eb1c","name":"Editorial","image":{"@type":"ImageObject","inLanguage":"fr-FR","@id":"https:\/\/secure.gravatar.com\/avatar\/ae2f4d718e6c49043e314ce431e7e645d646302a24a5ef5a8bc8e3f5a032e319?s=96&d=mm&r=g","url":"https:\/\/secure.gravatar.com\/avatar\/ae2f4d718e6c49043e314ce431e7e645d646302a24a5ef5a8bc8e3f5a032e319?s=96&d=mm&r=g","contentUrl":"https:\/\/secure.gravatar.com\/avatar\/ae2f4d718e6c49043e314ce431e7e645d646302a24a5ef5a8bc8e3f5a032e319?s=96&d=mm&r=g","caption":"Redaktion"},"sameAs":["http:\/\/develop.organisator.galledia.ch"],"url":"https:\/\/www.immobilienbusiness.ch\/fr\/author\/admin\/"}]}},"_links":{"self":[{"href":"https:\/\/www.immobilienbusiness.ch\/fr\/wp-json\/wp\/v2\/posts\/492","targetHints":{"allow":["GET"]}}],"collection":[{"href":"https:\/\/www.immobilienbusiness.ch\/fr\/wp-json\/wp\/v2\/posts"}],"about":[{"href":"https:\/\/www.immobilienbusiness.ch\/fr\/wp-json\/wp\/v2\/types\/post"}],"author":[{"embeddable":true,"href":"https:\/\/www.immobilienbusiness.ch\/fr\/wp-json\/wp\/v2\/users\/1"}],"replies":[{"embeddable":true,"href":"https:\/\/www.immobilienbusiness.ch\/fr\/wp-json\/wp\/v2\/comments?post=492"}],"version-history":[{"count":0,"href":"https:\/\/www.immobilienbusiness.ch\/fr\/wp-json\/wp\/v2\/posts\/492\/revisions"}],"wp:featuredmedia":[{"embeddable":true,"href":"https:\/\/www.immobilienbusiness.ch\/fr\/wp-json\/wp\/v2\/media\/4677"}],"wp:attachment":[{"href":"https:\/\/www.immobilienbusiness.ch\/fr\/wp-json\/wp\/v2\/media?parent=492"}],"wp:term":[{"taxonomy":"category","embeddable":true,"href":"https:\/\/www.immobilienbusiness.ch\/fr\/wp-json\/wp\/v2\/categories?post=492"},{"taxonomy":"post_tag","embeddable":true,"href":"https:\/\/www.immobilienbusiness.ch\/fr\/wp-json\/wp\/v2\/tags?post=492"}],"curies":[{"name":"wp","href":"https:\/\/api.w.org\/{rel}","templated":true}]}}