{"id":4855,"date":"2023-04-05T21:28:35","date_gmt":"2023-04-05T19:28:35","guid":{"rendered":"https:\/\/develop.immobilienbusiness.ch\/?p=4855"},"modified":"2024-09-05T06:35:13","modified_gmt":"2024-09-05T04:35:13","slug":"vertina-anlagestiftung-kapitalerhoehung-soll-50-mio-chf-erloesen","status":"publish","type":"post","link":"https:\/\/www.immobilienbusiness.ch\/fr\/ib\/2023-04-05\/vertina-anlagestiftung-kapitalerhoehung-soll-50-mio-chf-erloesen\/","title":{"rendered":"Fondation de placement Vertina : une augmentation de capital devrait rapporter 50 millions de CHF"},"content":{"rendered":"<div class=\"swpm-post-not-logged-in-msg\">Vous devez \u00eatre connect\u00e9 pour voir ce contenu. Veuillez consulter <a class=\"swpm-login-link\" href=\"https:\/\/www.immobilienbusiness.ch\/fr\/login\/?swpm_redirect_to=https%3A%2F%2Fwww.immobilienbusiness.ch%2Ffr%2Fwp-json%2Fwp%2Fv2%2Fposts%2F4855\">Connexion<\/a>. Vous n'\u00eates pas membre ? <a href=\"https:\/\/www.immobilienbusiness.ch\/fr\/registrieren\/\">Nous Rejoindre<\/a><\/div>","protected":false},"excerpt":{"rendered":"<p>Le portefeuille du groupe de placement Vertina Wohnen doit cro\u00eetre de mani\u00e8re significative. Une augmentation de capital est pr\u00e9vue en mai. Actuellement, Vertina Wohnen d\u00e9tient six biens immobiliers d'une valeur de march\u00e9 de 60 millions de CHF.<\/p>","protected":false},"author":102,"featured_media":0,"comment_status":"closed","ping_status":"closed","sticky":false,"template":"","format":"standard","meta":{"_acf_changed":false,"_yoast_wpseo_focuskw":"Vertina","_yoast_wpseo_title":"","_yoast_wpseo_metadesc":"Vertina Anlagestiftung f\u00fchrt Kapitalaufnahme von 50 Mio. CHF f\u00fcr den Ausbau des Portfolios durch. Ziel: 117 Mio. CHF Marktwert.","_yoast_wpseo_linkdex":51,"pgc_sgb_lightbox_settings":"","footnotes":""},"categories":[1951],"tags":[1030,1492,1588,2786],"class_list":["post-4855","post","type-post","status-publish","format-standard","hentry","category-ib","tag-anlagestiftung","tag-mietwohnungen","tag-potentieller-kaeufer","tag-vertina"],"acf":[],"yoast_head":"<!-- This site is optimized with the Yoast SEO plugin v27.5 - https:\/\/yoast.com\/product\/yoast-seo-wordpress\/ -->\n<title>Vertina Anlagestiftung: Kapitalerh\u00f6hung soll 50 Mio CHF erl\u00f6sen - IMMOBILIEN Business<\/title>\n<meta name=\"description\" content=\"Vertina Anlagestiftung f\u00fchrt Kapitalaufnahme von 50 Mio. CHF f\u00fcr den Ausbau des Portfolios durch. Ziel: 117 Mio. CHF Marktwert.\" \/>\n<meta name=\"robots\" content=\"index, follow, max-snippet:-1, max-image-preview:large, max-video-preview:-1\" \/>\n<link rel=\"canonical\" href=\"https:\/\/www.immobilienbusiness.ch\/fr\/ib\/2023-04-05\/vertina-anlagestiftung-kapitalerhoehung-soll-50-mio-chf-erloesen\/\" \/>\n<meta property=\"og:locale\" content=\"fr_FR\" \/>\n<meta property=\"og:type\" content=\"article\" \/>\n<meta property=\"og:title\" content=\"Vertina Anlagestiftung: Kapitalerh\u00f6hung soll 50 Mio CHF erl\u00f6sen - IMMOBILIEN Business\" \/>\n<meta property=\"og:description\" content=\"Vertina Anlagestiftung f\u00fchrt Kapitalaufnahme von 50 Mio. CHF f\u00fcr den Ausbau des Portfolios durch. Ziel: 117 Mio. CHF Marktwert.\" \/>\n<meta property=\"og:url\" content=\"https:\/\/www.immobilienbusiness.ch\/fr\/ib\/2023-04-05\/vertina-anlagestiftung-kapitalerhoehung-soll-50-mio-chf-erloesen\/\" \/>\n<meta property=\"og:site_name\" content=\"IMMOBILIEN Business\" \/>\n<meta property=\"article:publisher\" content=\"https:\/\/www.facebook.com\/immobilienbusiness\/\" \/>\n<meta property=\"article:published_time\" content=\"2023-04-05T19:28:35+00:00\" \/>\n<meta property=\"article:modified_time\" content=\"2024-09-05T04:35:13+00:00\" \/>\n<meta name=\"author\" content=\"Alexander Wachter\" \/>\n<meta name=\"twitter:card\" content=\"summary_large_image\" \/>\n<script type=\"application\/ld+json\" class=\"yoast-schema-graph\">{\"@context\":\"https:\\\/\\\/schema.org\",\"@graph\":[{\"@type\":\"Article\",\"@id\":\"https:\\\/\\\/www.immobilienbusiness.ch\\\/ib\\\/2023-04-05\\\/vertina-anlagestiftung-kapitalerhoehung-soll-50-mio-chf-erloesen\\\/#article\",\"isPartOf\":{\"@id\":\"https:\\\/\\\/www.immobilienbusiness.ch\\\/ib\\\/2023-04-05\\\/vertina-anlagestiftung-kapitalerhoehung-soll-50-mio-chf-erloesen\\\/\"},\"author\":{\"name\":\"Alexander Wachter\",\"@id\":\"https:\\\/\\\/www.immobilienbusiness.ch\\\/#\\\/schema\\\/person\\\/aba8bea2db926aa0c24c08c43fe1fcd5\"},\"headline\":\"Vertina Anlagestiftung: Kapitalerh\u00f6hung soll 50 Mio CHF erl\u00f6sen\",\"datePublished\":\"2023-04-05T19:28:35+00:00\",\"dateModified\":\"2024-09-05T04:35:13+00:00\",\"mainEntityOfPage\":{\"@id\":\"https:\\\/\\\/www.immobilienbusiness.ch\\\/ib\\\/2023-04-05\\\/vertina-anlagestiftung-kapitalerhoehung-soll-50-mio-chf-erloesen\\\/\"},\"wordCount\":116,\"publisher\":{\"@id\":\"https:\\\/\\\/www.immobilienbusiness.ch\\\/#organization\"},\"keywords\":[\"Anlagestiftung\",\"Mietwohnungen\",\"potentieller K\u00e4ufer\",\"Vertina\"],\"articleSection\":[\"IB+\"],\"inLanguage\":\"fr-FR\"},{\"@type\":\"WebPage\",\"@id\":\"https:\\\/\\\/www.immobilienbusiness.ch\\\/ib\\\/2023-04-05\\\/vertina-anlagestiftung-kapitalerhoehung-soll-50-mio-chf-erloesen\\\/\",\"url\":\"https:\\\/\\\/www.immobilienbusiness.ch\\\/ib\\\/2023-04-05\\\/vertina-anlagestiftung-kapitalerhoehung-soll-50-mio-chf-erloesen\\\/\",\"name\":\"Vertina Anlagestiftung: Kapitalerh\u00f6hung soll 50 Mio CHF erl\u00f6sen - IMMOBILIEN Business\",\"isPartOf\":{\"@id\":\"https:\\\/\\\/www.immobilienbusiness.ch\\\/#website\"},\"datePublished\":\"2023-04-05T19:28:35+00:00\",\"dateModified\":\"2024-09-05T04:35:13+00:00\",\"description\":\"Vertina Anlagestiftung f\u00fchrt Kapitalaufnahme von 50 Mio. CHF f\u00fcr den Ausbau des Portfolios durch. Ziel: 117 Mio. CHF Marktwert.\",\"breadcrumb\":{\"@id\":\"https:\\\/\\\/www.immobilienbusiness.ch\\\/ib\\\/2023-04-05\\\/vertina-anlagestiftung-kapitalerhoehung-soll-50-mio-chf-erloesen\\\/#breadcrumb\"},\"inLanguage\":\"fr-FR\",\"potentialAction\":[{\"@type\":\"ReadAction\",\"target\":[\"https:\\\/\\\/www.immobilienbusiness.ch\\\/ib\\\/2023-04-05\\\/vertina-anlagestiftung-kapitalerhoehung-soll-50-mio-chf-erloesen\\\/\"]}]},{\"@type\":\"BreadcrumbList\",\"@id\":\"https:\\\/\\\/www.immobilienbusiness.ch\\\/ib\\\/2023-04-05\\\/vertina-anlagestiftung-kapitalerhoehung-soll-50-mio-chf-erloesen\\\/#breadcrumb\",\"itemListElement\":[{\"@type\":\"ListItem\",\"position\":1,\"name\":\"Home\",\"item\":\"https:\\\/\\\/www.immobilienbusiness.ch\\\/\"},{\"@type\":\"ListItem\",\"position\":2,\"name\":\"Vertina Anlagestiftung: Kapitalerh\u00f6hung soll 50 Mio CHF erl\u00f6sen\"}]},{\"@type\":\"WebSite\",\"@id\":\"https:\\\/\\\/www.immobilienbusiness.ch\\\/#website\",\"url\":\"https:\\\/\\\/www.immobilienbusiness.ch\\\/\",\"name\":\"IMMOBILIEN Business\",\"description\":\"Unabh\u00e4ngiges Schweizer Wirtschaftsmagazin mit Fokus auf Immobilien, Architektur- und Bau sowie Investment- und Finanzierung.\",\"publisher\":{\"@id\":\"https:\\\/\\\/www.immobilienbusiness.ch\\\/#organization\"},\"potentialAction\":[{\"@type\":\"SearchAction\",\"target\":{\"@type\":\"EntryPoint\",\"urlTemplate\":\"https:\\\/\\\/www.immobilienbusiness.ch\\\/?s={search_term_string}\"},\"query-input\":{\"@type\":\"PropertyValueSpecification\",\"valueRequired\":true,\"valueName\":\"search_term_string\"}}],\"inLanguage\":\"fr-FR\"},{\"@type\":\"Organization\",\"@id\":\"https:\\\/\\\/www.immobilienbusiness.ch\\\/#organization\",\"name\":\"IMMOBILIEN Business\",\"url\":\"https:\\\/\\\/www.immobilienbusiness.ch\\\/\",\"logo\":{\"@type\":\"ImageObject\",\"inLanguage\":\"fr-FR\",\"@id\":\"https:\\\/\\\/www.immobilienbusiness.ch\\\/#\\\/schema\\\/logo\\\/image\\\/\",\"url\":\"https:\\\/\\\/www.immobilienbusiness.ch\\\/wp-content\\\/uploads\\\/2021\\\/07\\\/logo_ib.png\",\"contentUrl\":\"https:\\\/\\\/www.immobilienbusiness.ch\\\/wp-content\\\/uploads\\\/2021\\\/07\\\/logo_ib.png\",\"width\":800,\"height\":181,\"caption\":\"IMMOBILIEN Business\"},\"image\":{\"@id\":\"https:\\\/\\\/www.immobilienbusiness.ch\\\/#\\\/schema\\\/logo\\\/image\\\/\"},\"sameAs\":[\"https:\\\/\\\/www.facebook.com\\\/immobilienbusiness\\\/\"]},{\"@type\":\"Person\",\"@id\":\"https:\\\/\\\/www.immobilienbusiness.ch\\\/#\\\/schema\\\/person\\\/aba8bea2db926aa0c24c08c43fe1fcd5\",\"name\":\"Alexander Wachter\",\"image\":{\"@type\":\"ImageObject\",\"inLanguage\":\"fr-FR\",\"@id\":\"https:\\\/\\\/secure.gravatar.com\\\/avatar\\\/1a09e471f5389b0e0a6416eac287e0927c7c97a7b77f9e787eba3af7aee281dd?s=96&d=mm&r=g\",\"url\":\"https:\\\/\\\/secure.gravatar.com\\\/avatar\\\/1a09e471f5389b0e0a6416eac287e0927c7c97a7b77f9e787eba3af7aee281dd?s=96&d=mm&r=g\",\"contentUrl\":\"https:\\\/\\\/secure.gravatar.com\\\/avatar\\\/1a09e471f5389b0e0a6416eac287e0927c7c97a7b77f9e787eba3af7aee281dd?s=96&d=mm&r=g\",\"caption\":\"Alexander Wachter\"},\"url\":\"https:\\\/\\\/www.immobilienbusiness.ch\\\/fr\\\/author\\\/alexander-wachter\\\/\"}]}<\/script>\n<!-- \/ Yoast SEO plugin. -->","yoast_head_json":{"title":"Vertina Anlagestiftung: Kapitalerh\u00f6hung soll 50 Mio CHF erl\u00f6sen - IMMOBILIEN Business","description":"Vertina Anlagestiftung f\u00fchrt Kapitalaufnahme von 50 Mio. CHF f\u00fcr den Ausbau des Portfolios durch. Ziel: 117 Mio. CHF Marktwert.","robots":{"index":"index","follow":"follow","max-snippet":"max-snippet:-1","max-image-preview":"max-image-preview:large","max-video-preview":"max-video-preview:-1"},"canonical":"https:\/\/www.immobilienbusiness.ch\/fr\/ib\/2023-04-05\/vertina-anlagestiftung-kapitalerhoehung-soll-50-mio-chf-erloesen\/","og_locale":"fr_FR","og_type":"article","og_title":"Vertina Anlagestiftung: Kapitalerh\u00f6hung soll 50 Mio CHF erl\u00f6sen - IMMOBILIEN Business","og_description":"Vertina Anlagestiftung f\u00fchrt Kapitalaufnahme von 50 Mio. CHF f\u00fcr den Ausbau des Portfolios durch. Ziel: 117 Mio. CHF Marktwert.","og_url":"https:\/\/www.immobilienbusiness.ch\/fr\/ib\/2023-04-05\/vertina-anlagestiftung-kapitalerhoehung-soll-50-mio-chf-erloesen\/","og_site_name":"IMMOBILIEN Business","article_publisher":"https:\/\/www.facebook.com\/immobilienbusiness\/","article_published_time":"2023-04-05T19:28:35+00:00","article_modified_time":"2024-09-05T04:35:13+00:00","author":"Alexander Wachter","twitter_card":"summary_large_image","schema":{"@context":"https:\/\/schema.org","@graph":[{"@type":"Article","@id":"https:\/\/www.immobilienbusiness.ch\/ib\/2023-04-05\/vertina-anlagestiftung-kapitalerhoehung-soll-50-mio-chf-erloesen\/#article","isPartOf":{"@id":"https:\/\/www.immobilienbusiness.ch\/ib\/2023-04-05\/vertina-anlagestiftung-kapitalerhoehung-soll-50-mio-chf-erloesen\/"},"author":{"name":"Alexander Wachter","@id":"https:\/\/www.immobilienbusiness.ch\/#\/schema\/person\/aba8bea2db926aa0c24c08c43fe1fcd5"},"headline":"Vertina Anlagestiftung: Kapitalerh\u00f6hung soll 50 Mio CHF erl\u00f6sen","datePublished":"2023-04-05T19:28:35+00:00","dateModified":"2024-09-05T04:35:13+00:00","mainEntityOfPage":{"@id":"https:\/\/www.immobilienbusiness.ch\/ib\/2023-04-05\/vertina-anlagestiftung-kapitalerhoehung-soll-50-mio-chf-erloesen\/"},"wordCount":116,"publisher":{"@id":"https:\/\/www.immobilienbusiness.ch\/#organization"},"keywords":["Anlagestiftung","Mietwohnungen","potentieller K\u00e4ufer","Vertina"],"articleSection":["IB+"],"inLanguage":"fr-FR"},{"@type":"WebPage","@id":"https:\/\/www.immobilienbusiness.ch\/ib\/2023-04-05\/vertina-anlagestiftung-kapitalerhoehung-soll-50-mio-chf-erloesen\/","url":"https:\/\/www.immobilienbusiness.ch\/ib\/2023-04-05\/vertina-anlagestiftung-kapitalerhoehung-soll-50-mio-chf-erloesen\/","name":"Vertina Anlagestiftung: Kapitalerh\u00f6hung soll 50 Mio CHF erl\u00f6sen - IMMOBILIEN Business","isPartOf":{"@id":"https:\/\/www.immobilienbusiness.ch\/#website"},"datePublished":"2023-04-05T19:28:35+00:00","dateModified":"2024-09-05T04:35:13+00:00","description":"Vertina Anlagestiftung f\u00fchrt Kapitalaufnahme von 50 Mio. CHF f\u00fcr den Ausbau des Portfolios durch. Ziel: 117 Mio. CHF Marktwert.","breadcrumb":{"@id":"https:\/\/www.immobilienbusiness.ch\/ib\/2023-04-05\/vertina-anlagestiftung-kapitalerhoehung-soll-50-mio-chf-erloesen\/#breadcrumb"},"inLanguage":"fr-FR","potentialAction":[{"@type":"ReadAction","target":["https:\/\/www.immobilienbusiness.ch\/ib\/2023-04-05\/vertina-anlagestiftung-kapitalerhoehung-soll-50-mio-chf-erloesen\/"]}]},{"@type":"BreadcrumbList","@id":"https:\/\/www.immobilienbusiness.ch\/ib\/2023-04-05\/vertina-anlagestiftung-kapitalerhoehung-soll-50-mio-chf-erloesen\/#breadcrumb","itemListElement":[{"@type":"ListItem","position":1,"name":"Home","item":"https:\/\/www.immobilienbusiness.ch\/"},{"@type":"ListItem","position":2,"name":"Vertina Anlagestiftung: Kapitalerh\u00f6hung soll 50 Mio CHF erl\u00f6sen"}]},{"@type":"WebSite","@id":"https:\/\/www.immobilienbusiness.ch\/#website","url":"https:\/\/www.immobilienbusiness.ch\/","name":"IMMOBILIER Business","description":"Magazine \u00e9conomique suisse ind\u00e9pendant ax\u00e9 sur l'immobilier, l'architecture et la construction ainsi que sur les investissements et le financement.","publisher":{"@id":"https:\/\/www.immobilienbusiness.ch\/#organization"},"potentialAction":[{"@type":"SearchAction","target":{"@type":"EntryPoint","urlTemplate":"https:\/\/www.immobilienbusiness.ch\/?s={search_term_string}"},"query-input":{"@type":"PropertyValueSpecification","valueRequired":true,"valueName":"search_term_string"}}],"inLanguage":"fr-FR"},{"@type":"Organization","@id":"https:\/\/www.immobilienbusiness.ch\/#organization","name":"IMMOBILIER Business","url":"https:\/\/www.immobilienbusiness.ch\/","logo":{"@type":"ImageObject","inLanguage":"fr-FR","@id":"https:\/\/www.immobilienbusiness.ch\/#\/schema\/logo\/image\/","url":"https:\/\/www.immobilienbusiness.ch\/wp-content\/uploads\/2021\/07\/logo_ib.png","contentUrl":"https:\/\/www.immobilienbusiness.ch\/wp-content\/uploads\/2021\/07\/logo_ib.png","width":800,"height":181,"caption":"IMMOBILIEN Business"},"image":{"@id":"https:\/\/www.immobilienbusiness.ch\/#\/schema\/logo\/image\/"},"sameAs":["https:\/\/www.facebook.com\/immobilienbusiness\/"]},{"@type":"Person","@id":"https:\/\/www.immobilienbusiness.ch\/#\/schema\/person\/aba8bea2db926aa0c24c08c43fe1fcd5","name":"Alexander Wachter","image":{"@type":"ImageObject","inLanguage":"fr-FR","@id":"https:\/\/secure.gravatar.com\/avatar\/1a09e471f5389b0e0a6416eac287e0927c7c97a7b77f9e787eba3af7aee281dd?s=96&d=mm&r=g","url":"https:\/\/secure.gravatar.com\/avatar\/1a09e471f5389b0e0a6416eac287e0927c7c97a7b77f9e787eba3af7aee281dd?s=96&d=mm&r=g","contentUrl":"https:\/\/secure.gravatar.com\/avatar\/1a09e471f5389b0e0a6416eac287e0927c7c97a7b77f9e787eba3af7aee281dd?s=96&d=mm&r=g","caption":"Alexander Wachter"},"url":"https:\/\/www.immobilienbusiness.ch\/fr\/author\/alexander-wachter\/"}]}},"_links":{"self":[{"href":"https:\/\/www.immobilienbusiness.ch\/fr\/wp-json\/wp\/v2\/posts\/4855","targetHints":{"allow":["GET"]}}],"collection":[{"href":"https:\/\/www.immobilienbusiness.ch\/fr\/wp-json\/wp\/v2\/posts"}],"about":[{"href":"https:\/\/www.immobilienbusiness.ch\/fr\/wp-json\/wp\/v2\/types\/post"}],"author":[{"embeddable":true,"href":"https:\/\/www.immobilienbusiness.ch\/fr\/wp-json\/wp\/v2\/users\/102"}],"replies":[{"embeddable":true,"href":"https:\/\/www.immobilienbusiness.ch\/fr\/wp-json\/wp\/v2\/comments?post=4855"}],"version-history":[{"count":1,"href":"https:\/\/www.immobilienbusiness.ch\/fr\/wp-json\/wp\/v2\/posts\/4855\/revisions"}],"predecessor-version":[{"id":59685,"href":"https:\/\/www.immobilienbusiness.ch\/fr\/wp-json\/wp\/v2\/posts\/4855\/revisions\/59685"}],"wp:attachment":[{"href":"https:\/\/www.immobilienbusiness.ch\/fr\/wp-json\/wp\/v2\/media?parent=4855"}],"wp:term":[{"taxonomy":"category","embeddable":true,"href":"https:\/\/www.immobilienbusiness.ch\/fr\/wp-json\/wp\/v2\/categories?post=4855"},{"taxonomy":"post_tag","embeddable":true,"href":"https:\/\/www.immobilienbusiness.ch\/fr\/wp-json\/wp\/v2\/tags?post=4855"}],"curies":[{"name":"wp","href":"https:\/\/api.w.org\/{rel}","templated":true}]}}