{"id":48501,"date":"2023-06-28T05:31:19","date_gmt":"2023-06-28T03:31:19","guid":{"rendered":"https:\/\/www.immobilienbusiness.ch\/?p=48501"},"modified":"2023-06-29T09:14:59","modified_gmt":"2023-06-29T07:14:59","slug":"ubs-europa-fonds-kauft-logistikimmobilie-in-deutschland","status":"publish","type":"post","link":"https:\/\/www.immobilienbusiness.ch\/fr\/unternehmen\/2023-06-28\/ubs-europa-fonds-kauft-logistikimmobilie-in-deutschland\/","title":{"rendered":"UBS : Un fonds europ\u00e9en ach\u00e8te un bien immobilier logistique en Allemagne"},"content":{"rendered":"<figure id=\"attachment_48502\" aria-describedby=\"caption-attachment-48502\" style=\"width: 564px\" class=\"wp-caption alignnone\"><a href=\"https:\/\/www.immobilienbusiness.ch\/wp-content\/uploads\/2023\/06\/Bensheim.png\"><img loading=\"lazy\" decoding=\"async\" class=\"size-full wp-image-48502\" src=\"https:\/\/www.immobilienbusiness.ch\/wp-content\/uploads\/2023\/06\/Bensheim.png\" alt=\"\" width=\"564\" height=\"373\" srcset=\"https:\/\/www.immobilienbusiness.ch\/wp-content\/uploads\/2023\/06\/Bensheim.png 564w, https:\/\/www.immobilienbusiness.ch\/wp-content\/uploads\/2023\/06\/Bensheim-300x198.png 300w, https:\/\/www.immobilienbusiness.ch\/wp-content\/uploads\/2023\/06\/Bensheim-18x12.png 18w, https:\/\/www.immobilienbusiness.ch\/wp-content\/uploads\/2023\/06\/Bensheim-375x248.png 375w, https:\/\/www.immobilienbusiness.ch\/wp-content\/uploads\/2023\/06\/Bensheim-529x350.png 529w\" sizes=\"auto, (max-width: 564px) 100vw, 564px\" \/><\/a><figcaption id=\"caption-attachment-48502\" class=\"wp-caption-text\">L'immeuble logistique acquis par le fonds UBS \u00e0 Bensheim\/Hesse (photo:Panattoni)<\/figcaption><\/figure>\n<p>Propri\u00e9taire du \"P<span lang=\"de-CH\">parc anattoni<\/span><span lang=\"de-CH\">\" \u00e0 Bensheim, dans le Land de Hesse, est d\u00e9sormais le <\/span>UBS (D) Euroinvest Immobilien, un fonds ouvert au public investissant dans toute l'Europe et destin\u00e9 aux investisseurs priv\u00e9s, qui met l'accent sur des objets core dans les m\u00e9tropoles europ\u00e9ennes. UBS g\u00e8re le fonds depuis Munich. La surface de l'immeuble se r\u00e9partit entre 9 300 m\u00b2 de halls, 570 m\u00b2 de bureaux et de locaux sociaux et 510 m\u00b2 de mezzanine.<\/p>\n<p>L'objet a \u00e9t\u00e9 d\u00e9velopp\u00e9 par le sp\u00e9cialiste de l'immobilier logistique Panattoni sur un terrain de 30.000 m\u00b2 dans la r\u00e9gion m\u00e9tropolitaine Rhin-Neckar. L'immeuble a \u00e9t\u00e9 inaugur\u00e9 \u00e0 la mi-mai. Le locataire est le prestataire de services pharmaceutiques MSK Pharmalogistic GmbH. L'immeuble est certifi\u00e9 selon le standard or DGNB, un label de durabilit\u00e9 de la Deutsche Gesellschaft f\u00fcr Nachhaltiges Bauen (Soci\u00e9t\u00e9 allemande pour la construction durable). <i>(aw)<\/i><\/p>","protected":false},"excerpt":{"rendered":"<p>Le d\u00e9veloppeur de projets Panattoni a remis un immeuble logistique dans la r\u00e9gion Rhin-Neckar en Allemagne \u00e0 un fonds de l'UBS.<\/p>","protected":false},"author":102,"featured_media":48502,"comment_status":"closed","ping_status":"closed","sticky":false,"template":"","format":"standard","meta":{"_acf_changed":false,"_yoast_wpseo_focuskw":"UBS","_yoast_wpseo_title":"","_yoast_wpseo_metadesc":"Der Logistikimmobilien-Projektentwickler Panattoni hat eine Logistikimmobilie in der Rhein-Neckar-Region in Deutschland an einen Fonds der UBS \u00fcbergeben.","_yoast_wpseo_linkdex":57,"pgc_sgb_lightbox_settings":"","footnotes":""},"categories":[988],"tags":[1052,1344,1451,1796,1830],"class_list":["post-48501","post","type-post","status-publish","format-standard","has-post-thumbnail","hentry","category-unternehmen","tag-ausland","tag-immobilienfonds","tag-logistik","tag-ubs","tag-verkauf"],"acf":[],"yoast_head":"<!-- This site is optimized with the Yoast SEO plugin v27.4 - https:\/\/yoast.com\/product\/yoast-seo-wordpress\/ -->\n<title>UBS: Europa-Fonds kauft Logistikimmobilie in Deutschland - IMMOBILIEN Business<\/title>\n<meta name=\"description\" content=\"Der Logistikimmobilien-Projektentwickler Panattoni hat eine Logistikimmobilie in der Rhein-Neckar-Region in Deutschland an einen Fonds der UBS \u00fcbergeben.\" \/>\n<meta name=\"robots\" content=\"index, follow, max-snippet:-1, max-image-preview:large, max-video-preview:-1\" \/>\n<link rel=\"canonical\" href=\"https:\/\/www.immobilienbusiness.ch\/fr\/unternehmen\/2023-06-28\/ubs-europa-fonds-kauft-logistikimmobilie-in-deutschland\/\" \/>\n<meta property=\"og:locale\" content=\"fr_FR\" \/>\n<meta property=\"og:type\" content=\"article\" \/>\n<meta property=\"og:title\" content=\"UBS: Europa-Fonds kauft Logistikimmobilie in Deutschland - IMMOBILIEN Business\" \/>\n<meta property=\"og:description\" content=\"Der Logistikimmobilien-Projektentwickler Panattoni hat eine Logistikimmobilie in der Rhein-Neckar-Region in Deutschland an einen Fonds der UBS \u00fcbergeben.\" \/>\n<meta property=\"og:url\" content=\"https:\/\/www.immobilienbusiness.ch\/fr\/unternehmen\/2023-06-28\/ubs-europa-fonds-kauft-logistikimmobilie-in-deutschland\/\" \/>\n<meta property=\"og:site_name\" content=\"IMMOBILIEN Business\" \/>\n<meta property=\"article:publisher\" content=\"https:\/\/www.facebook.com\/immobilienbusiness\/\" \/>\n<meta property=\"article:published_time\" content=\"2023-06-28T03:31:19+00:00\" \/>\n<meta property=\"article:modified_time\" content=\"2023-06-29T07:14:59+00:00\" \/>\n<meta property=\"og:image\" content=\"https:\/\/www.immobilienbusiness.ch\/wp-content\/uploads\/2023\/06\/Bensheim.png\" \/>\n\t<meta property=\"og:image:width\" content=\"564\" \/>\n\t<meta property=\"og:image:height\" content=\"373\" \/>\n\t<meta property=\"og:image:type\" content=\"image\/png\" \/>\n<meta name=\"author\" content=\"Alexander Wachter\" \/>\n<meta name=\"twitter:card\" content=\"summary_large_image\" \/>\n<script type=\"application\/ld+json\" class=\"yoast-schema-graph\">{\"@context\":\"https:\\\/\\\/schema.org\",\"@graph\":[{\"@type\":\"Article\",\"@id\":\"https:\\\/\\\/www.immobilienbusiness.ch\\\/en\\\/unternehmen\\\/2023-06-28\\\/ubs-europa-fonds-kauft-logistikimmobilie-in-deutschland\\\/#article\",\"isPartOf\":{\"@id\":\"https:\\\/\\\/www.immobilienbusiness.ch\\\/en\\\/unternehmen\\\/2023-06-28\\\/ubs-europa-fonds-kauft-logistikimmobilie-in-deutschland\\\/\"},\"author\":{\"name\":\"Alexander Wachter\",\"@id\":\"https:\\\/\\\/www.immobilienbusiness.ch\\\/#\\\/schema\\\/person\\\/aba8bea2db926aa0c24c08c43fe1fcd5\"},\"headline\":\"UBS: Europa-Fonds kauft Logistikimmobilie in Deutschland\",\"datePublished\":\"2023-06-28T03:31:19+00:00\",\"dateModified\":\"2023-06-29T07:14:59+00:00\",\"mainEntityOfPage\":{\"@id\":\"https:\\\/\\\/www.immobilienbusiness.ch\\\/en\\\/unternehmen\\\/2023-06-28\\\/ubs-europa-fonds-kauft-logistikimmobilie-in-deutschland\\\/\"},\"wordCount\":129,\"publisher\":{\"@id\":\"https:\\\/\\\/www.immobilienbusiness.ch\\\/#organization\"},\"image\":{\"@id\":\"https:\\\/\\\/www.immobilienbusiness.ch\\\/en\\\/unternehmen\\\/2023-06-28\\\/ubs-europa-fonds-kauft-logistikimmobilie-in-deutschland\\\/#primaryimage\"},\"thumbnailUrl\":\"https:\\\/\\\/www.immobilienbusiness.ch\\\/wp-content\\\/uploads\\\/2023\\\/06\\\/Bensheim.png\",\"keywords\":[\"Ausland\",\"Immobilienfonds\",\"Logistik\",\"UBS\",\"Verkauf\"],\"articleSection\":[\"UNTERNEHMEN\"],\"inLanguage\":\"fr-FR\"},{\"@type\":\"WebPage\",\"@id\":\"https:\\\/\\\/www.immobilienbusiness.ch\\\/en\\\/unternehmen\\\/2023-06-28\\\/ubs-europa-fonds-kauft-logistikimmobilie-in-deutschland\\\/\",\"url\":\"https:\\\/\\\/www.immobilienbusiness.ch\\\/en\\\/unternehmen\\\/2023-06-28\\\/ubs-europa-fonds-kauft-logistikimmobilie-in-deutschland\\\/\",\"name\":\"UBS: Europa-Fonds kauft Logistikimmobilie in Deutschland - IMMOBILIEN Business\",\"isPartOf\":{\"@id\":\"https:\\\/\\\/www.immobilienbusiness.ch\\\/#website\"},\"primaryImageOfPage\":{\"@id\":\"https:\\\/\\\/www.immobilienbusiness.ch\\\/en\\\/unternehmen\\\/2023-06-28\\\/ubs-europa-fonds-kauft-logistikimmobilie-in-deutschland\\\/#primaryimage\"},\"image\":{\"@id\":\"https:\\\/\\\/www.immobilienbusiness.ch\\\/en\\\/unternehmen\\\/2023-06-28\\\/ubs-europa-fonds-kauft-logistikimmobilie-in-deutschland\\\/#primaryimage\"},\"thumbnailUrl\":\"https:\\\/\\\/www.immobilienbusiness.ch\\\/wp-content\\\/uploads\\\/2023\\\/06\\\/Bensheim.png\",\"datePublished\":\"2023-06-28T03:31:19+00:00\",\"dateModified\":\"2023-06-29T07:14:59+00:00\",\"description\":\"Der Logistikimmobilien-Projektentwickler Panattoni hat eine Logistikimmobilie in der Rhein-Neckar-Region in Deutschland an einen Fonds der UBS \u00fcbergeben.\",\"breadcrumb\":{\"@id\":\"https:\\\/\\\/www.immobilienbusiness.ch\\\/en\\\/unternehmen\\\/2023-06-28\\\/ubs-europa-fonds-kauft-logistikimmobilie-in-deutschland\\\/#breadcrumb\"},\"inLanguage\":\"fr-FR\",\"potentialAction\":[{\"@type\":\"ReadAction\",\"target\":[\"https:\\\/\\\/www.immobilienbusiness.ch\\\/en\\\/unternehmen\\\/2023-06-28\\\/ubs-europa-fonds-kauft-logistikimmobilie-in-deutschland\\\/\"]}]},{\"@type\":\"ImageObject\",\"inLanguage\":\"fr-FR\",\"@id\":\"https:\\\/\\\/www.immobilienbusiness.ch\\\/en\\\/unternehmen\\\/2023-06-28\\\/ubs-europa-fonds-kauft-logistikimmobilie-in-deutschland\\\/#primaryimage\",\"url\":\"https:\\\/\\\/www.immobilienbusiness.ch\\\/wp-content\\\/uploads\\\/2023\\\/06\\\/Bensheim.png\",\"contentUrl\":\"https:\\\/\\\/www.immobilienbusiness.ch\\\/wp-content\\\/uploads\\\/2023\\\/06\\\/Bensheim.png\",\"width\":564,\"height\":373,\"caption\":\"Die vom UBS-Fonds erworbene Logistikimmobilie in Bensheim\\\/Hessen (Bild:Panattoni)\"},{\"@type\":\"BreadcrumbList\",\"@id\":\"https:\\\/\\\/www.immobilienbusiness.ch\\\/en\\\/unternehmen\\\/2023-06-28\\\/ubs-europa-fonds-kauft-logistikimmobilie-in-deutschland\\\/#breadcrumb\",\"itemListElement\":[{\"@type\":\"ListItem\",\"position\":1,\"name\":\"Home\",\"item\":\"https:\\\/\\\/www.immobilienbusiness.ch\\\/\"},{\"@type\":\"ListItem\",\"position\":2,\"name\":\"UBS: Europa-Fonds kauft Logistikimmobilie in Deutschland\"}]},{\"@type\":\"WebSite\",\"@id\":\"https:\\\/\\\/www.immobilienbusiness.ch\\\/#website\",\"url\":\"https:\\\/\\\/www.immobilienbusiness.ch\\\/\",\"name\":\"IMMOBILIEN Business\",\"description\":\"Unabh\u00e4ngiges Schweizer Wirtschaftsmagazin mit Fokus auf Immobilien, Architektur- und Bau sowie Investment- und Finanzierung.\",\"publisher\":{\"@id\":\"https:\\\/\\\/www.immobilienbusiness.ch\\\/#organization\"},\"potentialAction\":[{\"@type\":\"SearchAction\",\"target\":{\"@type\":\"EntryPoint\",\"urlTemplate\":\"https:\\\/\\\/www.immobilienbusiness.ch\\\/?s={search_term_string}\"},\"query-input\":{\"@type\":\"PropertyValueSpecification\",\"valueRequired\":true,\"valueName\":\"search_term_string\"}}],\"inLanguage\":\"fr-FR\"},{\"@type\":\"Organization\",\"@id\":\"https:\\\/\\\/www.immobilienbusiness.ch\\\/#organization\",\"name\":\"IMMOBILIEN Business\",\"url\":\"https:\\\/\\\/www.immobilienbusiness.ch\\\/\",\"logo\":{\"@type\":\"ImageObject\",\"inLanguage\":\"fr-FR\",\"@id\":\"https:\\\/\\\/www.immobilienbusiness.ch\\\/#\\\/schema\\\/logo\\\/image\\\/\",\"url\":\"https:\\\/\\\/www.immobilienbusiness.ch\\\/wp-content\\\/uploads\\\/2021\\\/07\\\/logo_ib.png\",\"contentUrl\":\"https:\\\/\\\/www.immobilienbusiness.ch\\\/wp-content\\\/uploads\\\/2021\\\/07\\\/logo_ib.png\",\"width\":800,\"height\":181,\"caption\":\"IMMOBILIEN Business\"},\"image\":{\"@id\":\"https:\\\/\\\/www.immobilienbusiness.ch\\\/#\\\/schema\\\/logo\\\/image\\\/\"},\"sameAs\":[\"https:\\\/\\\/www.facebook.com\\\/immobilienbusiness\\\/\"]},{\"@type\":\"Person\",\"@id\":\"https:\\\/\\\/www.immobilienbusiness.ch\\\/#\\\/schema\\\/person\\\/aba8bea2db926aa0c24c08c43fe1fcd5\",\"name\":\"Alexander Wachter\",\"image\":{\"@type\":\"ImageObject\",\"inLanguage\":\"fr-FR\",\"@id\":\"https:\\\/\\\/secure.gravatar.com\\\/avatar\\\/1a09e471f5389b0e0a6416eac287e0927c7c97a7b77f9e787eba3af7aee281dd?s=96&d=mm&r=g\",\"url\":\"https:\\\/\\\/secure.gravatar.com\\\/avatar\\\/1a09e471f5389b0e0a6416eac287e0927c7c97a7b77f9e787eba3af7aee281dd?s=96&d=mm&r=g\",\"contentUrl\":\"https:\\\/\\\/secure.gravatar.com\\\/avatar\\\/1a09e471f5389b0e0a6416eac287e0927c7c97a7b77f9e787eba3af7aee281dd?s=96&d=mm&r=g\",\"caption\":\"Alexander Wachter\"},\"url\":\"https:\\\/\\\/www.immobilienbusiness.ch\\\/fr\\\/author\\\/alexander-wachter\\\/\"}]}<\/script>\n<!-- \/ Yoast SEO plugin. -->","yoast_head_json":{"title":"UBS: Europa-Fonds kauft Logistikimmobilie in Deutschland - IMMOBILIEN Business","description":"Der Logistikimmobilien-Projektentwickler Panattoni hat eine Logistikimmobilie in der Rhein-Neckar-Region in Deutschland an einen Fonds der UBS \u00fcbergeben.","robots":{"index":"index","follow":"follow","max-snippet":"max-snippet:-1","max-image-preview":"max-image-preview:large","max-video-preview":"max-video-preview:-1"},"canonical":"https:\/\/www.immobilienbusiness.ch\/fr\/unternehmen\/2023-06-28\/ubs-europa-fonds-kauft-logistikimmobilie-in-deutschland\/","og_locale":"fr_FR","og_type":"article","og_title":"UBS: Europa-Fonds kauft Logistikimmobilie in Deutschland - IMMOBILIEN Business","og_description":"Der Logistikimmobilien-Projektentwickler Panattoni hat eine Logistikimmobilie in der Rhein-Neckar-Region in Deutschland an einen Fonds der UBS \u00fcbergeben.","og_url":"https:\/\/www.immobilienbusiness.ch\/fr\/unternehmen\/2023-06-28\/ubs-europa-fonds-kauft-logistikimmobilie-in-deutschland\/","og_site_name":"IMMOBILIEN Business","article_publisher":"https:\/\/www.facebook.com\/immobilienbusiness\/","article_published_time":"2023-06-28T03:31:19+00:00","article_modified_time":"2023-06-29T07:14:59+00:00","og_image":[{"width":564,"height":373,"url":"https:\/\/www.immobilienbusiness.ch\/wp-content\/uploads\/2023\/06\/Bensheim.png","type":"image\/png"}],"author":"Alexander Wachter","twitter_card":"summary_large_image","schema":{"@context":"https:\/\/schema.org","@graph":[{"@type":"Article","@id":"https:\/\/www.immobilienbusiness.ch\/en\/unternehmen\/2023-06-28\/ubs-europa-fonds-kauft-logistikimmobilie-in-deutschland\/#article","isPartOf":{"@id":"https:\/\/www.immobilienbusiness.ch\/en\/unternehmen\/2023-06-28\/ubs-europa-fonds-kauft-logistikimmobilie-in-deutschland\/"},"author":{"name":"Alexander Wachter","@id":"https:\/\/www.immobilienbusiness.ch\/#\/schema\/person\/aba8bea2db926aa0c24c08c43fe1fcd5"},"headline":"UBS: Europa-Fonds kauft Logistikimmobilie in Deutschland","datePublished":"2023-06-28T03:31:19+00:00","dateModified":"2023-06-29T07:14:59+00:00","mainEntityOfPage":{"@id":"https:\/\/www.immobilienbusiness.ch\/en\/unternehmen\/2023-06-28\/ubs-europa-fonds-kauft-logistikimmobilie-in-deutschland\/"},"wordCount":129,"publisher":{"@id":"https:\/\/www.immobilienbusiness.ch\/#organization"},"image":{"@id":"https:\/\/www.immobilienbusiness.ch\/en\/unternehmen\/2023-06-28\/ubs-europa-fonds-kauft-logistikimmobilie-in-deutschland\/#primaryimage"},"thumbnailUrl":"https:\/\/www.immobilienbusiness.ch\/wp-content\/uploads\/2023\/06\/Bensheim.png","keywords":["Ausland","Immobilienfonds","Logistik","UBS","Verkauf"],"articleSection":["UNTERNEHMEN"],"inLanguage":"fr-FR"},{"@type":"WebPage","@id":"https:\/\/www.immobilienbusiness.ch\/en\/unternehmen\/2023-06-28\/ubs-europa-fonds-kauft-logistikimmobilie-in-deutschland\/","url":"https:\/\/www.immobilienbusiness.ch\/en\/unternehmen\/2023-06-28\/ubs-europa-fonds-kauft-logistikimmobilie-in-deutschland\/","name":"UBS: Europa-Fonds kauft Logistikimmobilie in Deutschland - IMMOBILIEN Business","isPartOf":{"@id":"https:\/\/www.immobilienbusiness.ch\/#website"},"primaryImageOfPage":{"@id":"https:\/\/www.immobilienbusiness.ch\/en\/unternehmen\/2023-06-28\/ubs-europa-fonds-kauft-logistikimmobilie-in-deutschland\/#primaryimage"},"image":{"@id":"https:\/\/www.immobilienbusiness.ch\/en\/unternehmen\/2023-06-28\/ubs-europa-fonds-kauft-logistikimmobilie-in-deutschland\/#primaryimage"},"thumbnailUrl":"https:\/\/www.immobilienbusiness.ch\/wp-content\/uploads\/2023\/06\/Bensheim.png","datePublished":"2023-06-28T03:31:19+00:00","dateModified":"2023-06-29T07:14:59+00:00","description":"Der Logistikimmobilien-Projektentwickler Panattoni hat eine Logistikimmobilie in der Rhein-Neckar-Region in Deutschland an einen Fonds der UBS \u00fcbergeben.","breadcrumb":{"@id":"https:\/\/www.immobilienbusiness.ch\/en\/unternehmen\/2023-06-28\/ubs-europa-fonds-kauft-logistikimmobilie-in-deutschland\/#breadcrumb"},"inLanguage":"fr-FR","potentialAction":[{"@type":"ReadAction","target":["https:\/\/www.immobilienbusiness.ch\/en\/unternehmen\/2023-06-28\/ubs-europa-fonds-kauft-logistikimmobilie-in-deutschland\/"]}]},{"@type":"ImageObject","inLanguage":"fr-FR","@id":"https:\/\/www.immobilienbusiness.ch\/en\/unternehmen\/2023-06-28\/ubs-europa-fonds-kauft-logistikimmobilie-in-deutschland\/#primaryimage","url":"https:\/\/www.immobilienbusiness.ch\/wp-content\/uploads\/2023\/06\/Bensheim.png","contentUrl":"https:\/\/www.immobilienbusiness.ch\/wp-content\/uploads\/2023\/06\/Bensheim.png","width":564,"height":373,"caption":"Die vom UBS-Fonds erworbene Logistikimmobilie in Bensheim\/Hessen (Bild:Panattoni)"},{"@type":"BreadcrumbList","@id":"https:\/\/www.immobilienbusiness.ch\/en\/unternehmen\/2023-06-28\/ubs-europa-fonds-kauft-logistikimmobilie-in-deutschland\/#breadcrumb","itemListElement":[{"@type":"ListItem","position":1,"name":"Home","item":"https:\/\/www.immobilienbusiness.ch\/"},{"@type":"ListItem","position":2,"name":"UBS: Europa-Fonds kauft Logistikimmobilie in Deutschland"}]},{"@type":"WebSite","@id":"https:\/\/www.immobilienbusiness.ch\/#website","url":"https:\/\/www.immobilienbusiness.ch\/","name":"IMMOBILIER Business","description":"Magazine \u00e9conomique suisse ind\u00e9pendant ax\u00e9 sur l'immobilier, l'architecture et la construction ainsi que sur les investissements et le financement.","publisher":{"@id":"https:\/\/www.immobilienbusiness.ch\/#organization"},"potentialAction":[{"@type":"SearchAction","target":{"@type":"EntryPoint","urlTemplate":"https:\/\/www.immobilienbusiness.ch\/?s={search_term_string}"},"query-input":{"@type":"PropertyValueSpecification","valueRequired":true,"valueName":"search_term_string"}}],"inLanguage":"fr-FR"},{"@type":"Organization","@id":"https:\/\/www.immobilienbusiness.ch\/#organization","name":"IMMOBILIER Business","url":"https:\/\/www.immobilienbusiness.ch\/","logo":{"@type":"ImageObject","inLanguage":"fr-FR","@id":"https:\/\/www.immobilienbusiness.ch\/#\/schema\/logo\/image\/","url":"https:\/\/www.immobilienbusiness.ch\/wp-content\/uploads\/2021\/07\/logo_ib.png","contentUrl":"https:\/\/www.immobilienbusiness.ch\/wp-content\/uploads\/2021\/07\/logo_ib.png","width":800,"height":181,"caption":"IMMOBILIEN Business"},"image":{"@id":"https:\/\/www.immobilienbusiness.ch\/#\/schema\/logo\/image\/"},"sameAs":["https:\/\/www.facebook.com\/immobilienbusiness\/"]},{"@type":"Person","@id":"https:\/\/www.immobilienbusiness.ch\/#\/schema\/person\/aba8bea2db926aa0c24c08c43fe1fcd5","name":"Alexander Wachter","image":{"@type":"ImageObject","inLanguage":"fr-FR","@id":"https:\/\/secure.gravatar.com\/avatar\/1a09e471f5389b0e0a6416eac287e0927c7c97a7b77f9e787eba3af7aee281dd?s=96&d=mm&r=g","url":"https:\/\/secure.gravatar.com\/avatar\/1a09e471f5389b0e0a6416eac287e0927c7c97a7b77f9e787eba3af7aee281dd?s=96&d=mm&r=g","contentUrl":"https:\/\/secure.gravatar.com\/avatar\/1a09e471f5389b0e0a6416eac287e0927c7c97a7b77f9e787eba3af7aee281dd?s=96&d=mm&r=g","caption":"Alexander Wachter"},"url":"https:\/\/www.immobilienbusiness.ch\/fr\/author\/alexander-wachter\/"}]}},"_links":{"self":[{"href":"https:\/\/www.immobilienbusiness.ch\/fr\/wp-json\/wp\/v2\/posts\/48501","targetHints":{"allow":["GET"]}}],"collection":[{"href":"https:\/\/www.immobilienbusiness.ch\/fr\/wp-json\/wp\/v2\/posts"}],"about":[{"href":"https:\/\/www.immobilienbusiness.ch\/fr\/wp-json\/wp\/v2\/types\/post"}],"author":[{"embeddable":true,"href":"https:\/\/www.immobilienbusiness.ch\/fr\/wp-json\/wp\/v2\/users\/102"}],"replies":[{"embeddable":true,"href":"https:\/\/www.immobilienbusiness.ch\/fr\/wp-json\/wp\/v2\/comments?post=48501"}],"version-history":[{"count":3,"href":"https:\/\/www.immobilienbusiness.ch\/fr\/wp-json\/wp\/v2\/posts\/48501\/revisions"}],"predecessor-version":[{"id":48666,"href":"https:\/\/www.immobilienbusiness.ch\/fr\/wp-json\/wp\/v2\/posts\/48501\/revisions\/48666"}],"wp:featuredmedia":[{"embeddable":true,"href":"https:\/\/www.immobilienbusiness.ch\/fr\/wp-json\/wp\/v2\/media\/48502"}],"wp:attachment":[{"href":"https:\/\/www.immobilienbusiness.ch\/fr\/wp-json\/wp\/v2\/media?parent=48501"}],"wp:term":[{"taxonomy":"category","embeddable":true,"href":"https:\/\/www.immobilienbusiness.ch\/fr\/wp-json\/wp\/v2\/categories?post=48501"},{"taxonomy":"post_tag","embeddable":true,"href":"https:\/\/www.immobilienbusiness.ch\/fr\/wp-json\/wp\/v2\/tags?post=48501"}],"curies":[{"name":"wp","href":"https:\/\/api.w.org\/{rel}","templated":true}]}}