{"id":484,"date":"2015-08-20T10:37:54","date_gmt":"2015-08-20T08:37:54","guid":{"rendered":"http:\/\/dev.immobilienbusiness.ch\/?p=484"},"modified":"2015-08-20T10:37:54","modified_gmt":"2015-08-20T08:37:54","slug":"solothurn-stellt-weichen-fuer-grossprojekt-weitblick","status":"publish","type":"post","link":"https:\/\/www.immobilienbusiness.ch\/fr\/buero\/2015-08-20\/solothurn-stellt-weichen-fuer-grossprojekt-weitblick\/","title":{"rendered":"Soleure pose des jalons pour le grand projet \"Weitblick"},"content":{"rendered":"<figure id=\"attachment_4673\" aria-describedby=\"caption-attachment-4673\" style=\"width: 680px\" class=\"wp-caption alignnone\"><img loading=\"lazy\" decoding=\"async\" class=\"size-medium wp-image-4673\" src=\"https:\/\/immobilienbusiness.ch\/wp-content\/uploads\/2015\/08\/Solothurn-stellt-Weichen-f\u00fcr-Grossprojekt-Weitblick-immobilien-business.jpg\" alt=\"\u201ePanorama Solothurn City\u201c von G\u00fcrkan Seng\u00fcn - Eigenes Werk. Lizenziert unter Gemeinfrei \u00fcber Wikimedia Commons\" width=\"680\" height=\"151\" \/><figcaption id=\"caption-attachment-4673\" class=\"wp-caption-text\">\"Panorama Solothurn City\" par G\u00fcrkan Seng\u00fcn - Propre cr\u00e9ation. Licence dans le domaine public via Wikimedia Commons<\/figcaption><\/figure>\n<p>Le terrain est la propri\u00e9t\u00e9 de la ville de Soleure ; il doit \u00eatre construit en trois \u00e9tapes d'ici 2036. Au nord, un quartier r\u00e9sidentiel devrait voir le jour, tandis qu'au sud, ce sont surtout des bureaux et des commerces qui devraient s'installer. Un parc est pr\u00e9vu entre les deux parties.<\/p>\n<p>Dans le quartier \"Weitblick\", 1.300 personnes devraient habiter et 1.600 personnes travailler \u00e0 terme. Apr\u00e8s le vote du conseil municipal, la ville peut d\u00e9sormais viabiliser quatre des 13 terrains \u00e0 b\u00e2tir et commencer \u00e0 n\u00e9gocier avec les investisseurs. Si tout se passe bien, la construction pourra d\u00e9buter en 2018. (ah)<\/p>","protected":false},"excerpt":{"rendered":"<p>Dans l'ouest de Soleure, environ 125.000 m\u00b2 de terrain devraient \u00eatre construits au cours des 20 prochaines ann\u00e9es. Comme le rapporte la SRF, le conseil municipal a adopt\u00e9 \u00e0 l'unanimit\u00e9 le concept de d\u00e9veloppement correspondant il y a quelques jours.<\/p>","protected":false},"author":1,"featured_media":4673,"comment_status":"open","ping_status":"open","sticky":false,"template":"","format":"standard","meta":{"_acf_changed":false,"_yoast_wpseo_focuskw":"Grossprojekt Weitblick Solothurn","_yoast_wpseo_title":"Grossprojekt Weitblick Solothurn: Stadt plant grosse Entwicklung","_yoast_wpseo_metadesc":"Die Stadt Solothurn stellt Weichen f\u00fcr das Grossprojekt \u00abWeitblick\u00bb mit 1300 Wohnungen und 1600 Arbeitspl\u00e4tzen bis 2036. Fortschritte im Bauprozess.","_yoast_wpseo_linkdex":50,"pgc_sgb_lightbox_settings":"","footnotes":""},"categories":[983,986],"tags":[1118,1205,1639,1862],"class_list":["post-484","post","type-post","status-publish","format-standard","has-post-thumbnail","hentry","category-buero","category-residential","tag-buero","tag-espace-mittelland","tag-residential","tag-wohnen"],"acf":[],"yoast_head":"<!-- This site is optimized with the Yoast SEO plugin v27.4 - https:\/\/yoast.com\/product\/yoast-seo-wordpress\/ -->\n<title>Grossprojekt Weitblick Solothurn: Stadt plant grosse Entwicklung<\/title>\n<meta name=\"description\" content=\"Die Stadt Solothurn stellt Weichen f\u00fcr das Grossprojekt \u00abWeitblick\u00bb mit 1300 Wohnungen und 1600 Arbeitspl\u00e4tzen bis 2036. Fortschritte im Bauprozess.\" \/>\n<meta name=\"robots\" content=\"index, follow, max-snippet:-1, max-image-preview:large, max-video-preview:-1\" \/>\n<link rel=\"canonical\" href=\"https:\/\/www.immobilienbusiness.ch\/fr\/buero\/2015-08-20\/solothurn-stellt-weichen-fuer-grossprojekt-weitblick\/\" \/>\n<meta property=\"og:locale\" content=\"fr_FR\" \/>\n<meta property=\"og:type\" content=\"article\" \/>\n<meta property=\"og:title\" content=\"Solothurn stellt Weichen f\u00fcr Grossprojekt \u00abWeitblick\u00bb\" \/>\n<meta property=\"og:description\" content=\"Im Westen von Solothurn sollen in den kommenden 20 Jahren rund 125.000 qm Land \u00fcberbaut werden. Wie der SRF berichtet, hat der Gemeinderat das entsprechende Entwicklungskonzept vor wenigen Tagen einstimmig verabschiedet.\" \/>\n<meta property=\"og:url\" content=\"https:\/\/www.immobilienbusiness.ch\/fr\/buero\/2015-08-20\/solothurn-stellt-weichen-fuer-grossprojekt-weitblick\/\" \/>\n<meta property=\"og:site_name\" content=\"IMMOBILIEN Business\" \/>\n<meta property=\"article:publisher\" content=\"https:\/\/www.facebook.com\/immobilienbusiness\/\" \/>\n<meta property=\"article:published_time\" content=\"2015-08-20T08:37:54+00:00\" \/>\n<meta name=\"author\" content=\"Redaktion\" \/>\n<meta name=\"twitter:card\" content=\"summary_large_image\" \/>\n<meta name=\"twitter:image\" content=\"https:\/\/www.immobilienbusiness.ch\/wp-content\/uploads\/2015\/08\/Solothurn-stellt-Weichen-fuer-Grossprojekt-Weitblick-immobilien-business.jpg\" \/>\n<script type=\"application\/ld+json\" class=\"yoast-schema-graph\">{\"@context\":\"https:\\\/\\\/schema.org\",\"@graph\":[{\"@type\":\"Article\",\"@id\":\"https:\\\/\\\/www.immobilienbusiness.ch\\\/buero\\\/2015-08-20\\\/solothurn-stellt-weichen-fuer-grossprojekt-weitblick\\\/#article\",\"isPartOf\":{\"@id\":\"https:\\\/\\\/www.immobilienbusiness.ch\\\/buero\\\/2015-08-20\\\/solothurn-stellt-weichen-fuer-grossprojekt-weitblick\\\/\"},\"author\":{\"name\":\"Redaktion\",\"@id\":\"https:\\\/\\\/www.immobilienbusiness.ch\\\/#\\\/schema\\\/person\\\/aa2bace6c5c5aad60102004a50c4eb1c\"},\"headline\":\"Solothurn stellt Weichen f\u00fcr Grossprojekt \u00abWeitblick\u00bb\",\"datePublished\":\"2015-08-20T08:37:54+00:00\",\"mainEntityOfPage\":{\"@id\":\"https:\\\/\\\/www.immobilienbusiness.ch\\\/buero\\\/2015-08-20\\\/solothurn-stellt-weichen-fuer-grossprojekt-weitblick\\\/\"},\"wordCount\":113,\"commentCount\":0,\"publisher\":{\"@id\":\"https:\\\/\\\/www.immobilienbusiness.ch\\\/#organization\"},\"image\":{\"@id\":\"https:\\\/\\\/www.immobilienbusiness.ch\\\/buero\\\/2015-08-20\\\/solothurn-stellt-weichen-fuer-grossprojekt-weitblick\\\/#primaryimage\"},\"thumbnailUrl\":\"https:\\\/\\\/www.immobilienbusiness.ch\\\/wp-content\\\/uploads\\\/2015\\\/08\\\/Solothurn-stellt-Weichen-fuer-Grossprojekt-Weitblick-immobilien-business.jpg\",\"keywords\":[\"B\u00fcro\",\"Espace Mittelland\",\"Residential\",\"Wohnen\"],\"articleSection\":[\"B\u00dcRO\",\"RESIDENTIAL\"],\"inLanguage\":\"fr-FR\"},{\"@type\":\"WebPage\",\"@id\":\"https:\\\/\\\/www.immobilienbusiness.ch\\\/buero\\\/2015-08-20\\\/solothurn-stellt-weichen-fuer-grossprojekt-weitblick\\\/\",\"url\":\"https:\\\/\\\/www.immobilienbusiness.ch\\\/buero\\\/2015-08-20\\\/solothurn-stellt-weichen-fuer-grossprojekt-weitblick\\\/\",\"name\":\"Grossprojekt Weitblick Solothurn: Stadt plant grosse Entwicklung\",\"isPartOf\":{\"@id\":\"https:\\\/\\\/www.immobilienbusiness.ch\\\/#website\"},\"primaryImageOfPage\":{\"@id\":\"https:\\\/\\\/www.immobilienbusiness.ch\\\/buero\\\/2015-08-20\\\/solothurn-stellt-weichen-fuer-grossprojekt-weitblick\\\/#primaryimage\"},\"image\":{\"@id\":\"https:\\\/\\\/www.immobilienbusiness.ch\\\/buero\\\/2015-08-20\\\/solothurn-stellt-weichen-fuer-grossprojekt-weitblick\\\/#primaryimage\"},\"thumbnailUrl\":\"https:\\\/\\\/www.immobilienbusiness.ch\\\/wp-content\\\/uploads\\\/2015\\\/08\\\/Solothurn-stellt-Weichen-fuer-Grossprojekt-Weitblick-immobilien-business.jpg\",\"datePublished\":\"2015-08-20T08:37:54+00:00\",\"description\":\"Die Stadt Solothurn stellt Weichen f\u00fcr das Grossprojekt \u00abWeitblick\u00bb mit 1300 Wohnungen und 1600 Arbeitspl\u00e4tzen bis 2036. Fortschritte im Bauprozess.\",\"breadcrumb\":{\"@id\":\"https:\\\/\\\/www.immobilienbusiness.ch\\\/buero\\\/2015-08-20\\\/solothurn-stellt-weichen-fuer-grossprojekt-weitblick\\\/#breadcrumb\"},\"inLanguage\":\"fr-FR\",\"potentialAction\":[{\"@type\":\"ReadAction\",\"target\":[\"https:\\\/\\\/www.immobilienbusiness.ch\\\/buero\\\/2015-08-20\\\/solothurn-stellt-weichen-fuer-grossprojekt-weitblick\\\/\"]}]},{\"@type\":\"ImageObject\",\"inLanguage\":\"fr-FR\",\"@id\":\"https:\\\/\\\/www.immobilienbusiness.ch\\\/buero\\\/2015-08-20\\\/solothurn-stellt-weichen-fuer-grossprojekt-weitblick\\\/#primaryimage\",\"url\":\"https:\\\/\\\/www.immobilienbusiness.ch\\\/wp-content\\\/uploads\\\/2015\\\/08\\\/Solothurn-stellt-Weichen-fuer-Grossprojekt-Weitblick-immobilien-business.jpg\",\"contentUrl\":\"https:\\\/\\\/www.immobilienbusiness.ch\\\/wp-content\\\/uploads\\\/2015\\\/08\\\/Solothurn-stellt-Weichen-fuer-Grossprojekt-Weitblick-immobilien-business.jpg\",\"width\":2560,\"height\":570,\"caption\":\"\u201ePanorama Solothurn City\u201c von G\u00fcrkan Seng\u00fcn - Eigenes Werk. Lizenziert unter Gemeinfrei \u00fcber Wikimedia Commons\"},{\"@type\":\"BreadcrumbList\",\"@id\":\"https:\\\/\\\/www.immobilienbusiness.ch\\\/buero\\\/2015-08-20\\\/solothurn-stellt-weichen-fuer-grossprojekt-weitblick\\\/#breadcrumb\",\"itemListElement\":[{\"@type\":\"ListItem\",\"position\":1,\"name\":\"Home\",\"item\":\"https:\\\/\\\/www.immobilienbusiness.ch\\\/\"},{\"@type\":\"ListItem\",\"position\":2,\"name\":\"Solothurn stellt Weichen f\u00fcr Grossprojekt \u00abWeitblick\u00bb\"}]},{\"@type\":\"WebSite\",\"@id\":\"https:\\\/\\\/www.immobilienbusiness.ch\\\/#website\",\"url\":\"https:\\\/\\\/www.immobilienbusiness.ch\\\/\",\"name\":\"IMMOBILIEN Business\",\"description\":\"Unabh\u00e4ngiges Schweizer Wirtschaftsmagazin mit Fokus auf Immobilien, Architektur- und Bau sowie Investment- und Finanzierung.\",\"publisher\":{\"@id\":\"https:\\\/\\\/www.immobilienbusiness.ch\\\/#organization\"},\"potentialAction\":[{\"@type\":\"SearchAction\",\"target\":{\"@type\":\"EntryPoint\",\"urlTemplate\":\"https:\\\/\\\/www.immobilienbusiness.ch\\\/?s={search_term_string}\"},\"query-input\":{\"@type\":\"PropertyValueSpecification\",\"valueRequired\":true,\"valueName\":\"search_term_string\"}}],\"inLanguage\":\"fr-FR\"},{\"@type\":\"Organization\",\"@id\":\"https:\\\/\\\/www.immobilienbusiness.ch\\\/#organization\",\"name\":\"IMMOBILIEN Business\",\"url\":\"https:\\\/\\\/www.immobilienbusiness.ch\\\/\",\"logo\":{\"@type\":\"ImageObject\",\"inLanguage\":\"fr-FR\",\"@id\":\"https:\\\/\\\/www.immobilienbusiness.ch\\\/#\\\/schema\\\/logo\\\/image\\\/\",\"url\":\"https:\\\/\\\/www.immobilienbusiness.ch\\\/wp-content\\\/uploads\\\/2021\\\/07\\\/logo_ib.png\",\"contentUrl\":\"https:\\\/\\\/www.immobilienbusiness.ch\\\/wp-content\\\/uploads\\\/2021\\\/07\\\/logo_ib.png\",\"width\":800,\"height\":181,\"caption\":\"IMMOBILIEN Business\"},\"image\":{\"@id\":\"https:\\\/\\\/www.immobilienbusiness.ch\\\/#\\\/schema\\\/logo\\\/image\\\/\"},\"sameAs\":[\"https:\\\/\\\/www.facebook.com\\\/immobilienbusiness\\\/\"]},{\"@type\":\"Person\",\"@id\":\"https:\\\/\\\/www.immobilienbusiness.ch\\\/#\\\/schema\\\/person\\\/aa2bace6c5c5aad60102004a50c4eb1c\",\"name\":\"Redaktion\",\"image\":{\"@type\":\"ImageObject\",\"inLanguage\":\"fr-FR\",\"@id\":\"https:\\\/\\\/secure.gravatar.com\\\/avatar\\\/ae2f4d718e6c49043e314ce431e7e645d646302a24a5ef5a8bc8e3f5a032e319?s=96&d=mm&r=g\",\"url\":\"https:\\\/\\\/secure.gravatar.com\\\/avatar\\\/ae2f4d718e6c49043e314ce431e7e645d646302a24a5ef5a8bc8e3f5a032e319?s=96&d=mm&r=g\",\"contentUrl\":\"https:\\\/\\\/secure.gravatar.com\\\/avatar\\\/ae2f4d718e6c49043e314ce431e7e645d646302a24a5ef5a8bc8e3f5a032e319?s=96&d=mm&r=g\",\"caption\":\"Redaktion\"},\"sameAs\":[\"http:\\\/\\\/develop.organisator.galledia.ch\"],\"url\":\"https:\\\/\\\/www.immobilienbusiness.ch\\\/fr\\\/author\\\/admin\\\/\"}]}<\/script>\n<!-- \/ Yoast SEO plugin. -->","yoast_head_json":{"title":"Grossprojekt Weitblick Solothurn: Stadt plant grosse Entwicklung","description":"Die Stadt Solothurn stellt Weichen f\u00fcr das Grossprojekt \u00abWeitblick\u00bb mit 1300 Wohnungen und 1600 Arbeitspl\u00e4tzen bis 2036. Fortschritte im Bauprozess.","robots":{"index":"index","follow":"follow","max-snippet":"max-snippet:-1","max-image-preview":"max-image-preview:large","max-video-preview":"max-video-preview:-1"},"canonical":"https:\/\/www.immobilienbusiness.ch\/fr\/buero\/2015-08-20\/solothurn-stellt-weichen-fuer-grossprojekt-weitblick\/","og_locale":"fr_FR","og_type":"article","og_title":"Solothurn stellt Weichen f\u00fcr Grossprojekt \u00abWeitblick\u00bb","og_description":"Im Westen von Solothurn sollen in den kommenden 20 Jahren rund 125.000 qm Land \u00fcberbaut werden. Wie der SRF berichtet, hat der Gemeinderat das entsprechende Entwicklungskonzept vor wenigen Tagen einstimmig verabschiedet.","og_url":"https:\/\/www.immobilienbusiness.ch\/fr\/buero\/2015-08-20\/solothurn-stellt-weichen-fuer-grossprojekt-weitblick\/","og_site_name":"IMMOBILIEN Business","article_publisher":"https:\/\/www.facebook.com\/immobilienbusiness\/","article_published_time":"2015-08-20T08:37:54+00:00","author":"Redaktion","twitter_card":"summary_large_image","twitter_image":"https:\/\/www.immobilienbusiness.ch\/wp-content\/uploads\/2015\/08\/Solothurn-stellt-Weichen-fuer-Grossprojekt-Weitblick-immobilien-business.jpg","schema":{"@context":"https:\/\/schema.org","@graph":[{"@type":"Article","@id":"https:\/\/www.immobilienbusiness.ch\/buero\/2015-08-20\/solothurn-stellt-weichen-fuer-grossprojekt-weitblick\/#article","isPartOf":{"@id":"https:\/\/www.immobilienbusiness.ch\/buero\/2015-08-20\/solothurn-stellt-weichen-fuer-grossprojekt-weitblick\/"},"author":{"name":"Redaktion","@id":"https:\/\/www.immobilienbusiness.ch\/#\/schema\/person\/aa2bace6c5c5aad60102004a50c4eb1c"},"headline":"Solothurn stellt Weichen f\u00fcr Grossprojekt \u00abWeitblick\u00bb","datePublished":"2015-08-20T08:37:54+00:00","mainEntityOfPage":{"@id":"https:\/\/www.immobilienbusiness.ch\/buero\/2015-08-20\/solothurn-stellt-weichen-fuer-grossprojekt-weitblick\/"},"wordCount":113,"commentCount":0,"publisher":{"@id":"https:\/\/www.immobilienbusiness.ch\/#organization"},"image":{"@id":"https:\/\/www.immobilienbusiness.ch\/buero\/2015-08-20\/solothurn-stellt-weichen-fuer-grossprojekt-weitblick\/#primaryimage"},"thumbnailUrl":"https:\/\/www.immobilienbusiness.ch\/wp-content\/uploads\/2015\/08\/Solothurn-stellt-Weichen-fuer-Grossprojekt-Weitblick-immobilien-business.jpg","keywords":["B\u00fcro","Espace Mittelland","Residential","Wohnen"],"articleSection":["B\u00dcRO","RESIDENTIAL"],"inLanguage":"fr-FR"},{"@type":"WebPage","@id":"https:\/\/www.immobilienbusiness.ch\/buero\/2015-08-20\/solothurn-stellt-weichen-fuer-grossprojekt-weitblick\/","url":"https:\/\/www.immobilienbusiness.ch\/buero\/2015-08-20\/solothurn-stellt-weichen-fuer-grossprojekt-weitblick\/","name":"Grossprojekt Weitblick Solothurn: Stadt plant grosse Entwicklung","isPartOf":{"@id":"https:\/\/www.immobilienbusiness.ch\/#website"},"primaryImageOfPage":{"@id":"https:\/\/www.immobilienbusiness.ch\/buero\/2015-08-20\/solothurn-stellt-weichen-fuer-grossprojekt-weitblick\/#primaryimage"},"image":{"@id":"https:\/\/www.immobilienbusiness.ch\/buero\/2015-08-20\/solothurn-stellt-weichen-fuer-grossprojekt-weitblick\/#primaryimage"},"thumbnailUrl":"https:\/\/www.immobilienbusiness.ch\/wp-content\/uploads\/2015\/08\/Solothurn-stellt-Weichen-fuer-Grossprojekt-Weitblick-immobilien-business.jpg","datePublished":"2015-08-20T08:37:54+00:00","description":"Die Stadt Solothurn stellt Weichen f\u00fcr das Grossprojekt \u00abWeitblick\u00bb mit 1300 Wohnungen und 1600 Arbeitspl\u00e4tzen bis 2036. Fortschritte im Bauprozess.","breadcrumb":{"@id":"https:\/\/www.immobilienbusiness.ch\/buero\/2015-08-20\/solothurn-stellt-weichen-fuer-grossprojekt-weitblick\/#breadcrumb"},"inLanguage":"fr-FR","potentialAction":[{"@type":"ReadAction","target":["https:\/\/www.immobilienbusiness.ch\/buero\/2015-08-20\/solothurn-stellt-weichen-fuer-grossprojekt-weitblick\/"]}]},{"@type":"ImageObject","inLanguage":"fr-FR","@id":"https:\/\/www.immobilienbusiness.ch\/buero\/2015-08-20\/solothurn-stellt-weichen-fuer-grossprojekt-weitblick\/#primaryimage","url":"https:\/\/www.immobilienbusiness.ch\/wp-content\/uploads\/2015\/08\/Solothurn-stellt-Weichen-fuer-Grossprojekt-Weitblick-immobilien-business.jpg","contentUrl":"https:\/\/www.immobilienbusiness.ch\/wp-content\/uploads\/2015\/08\/Solothurn-stellt-Weichen-fuer-Grossprojekt-Weitblick-immobilien-business.jpg","width":2560,"height":570,"caption":"\u201ePanorama Solothurn City\u201c von G\u00fcrkan Seng\u00fcn - Eigenes Werk. Lizenziert unter Gemeinfrei \u00fcber Wikimedia Commons"},{"@type":"BreadcrumbList","@id":"https:\/\/www.immobilienbusiness.ch\/buero\/2015-08-20\/solothurn-stellt-weichen-fuer-grossprojekt-weitblick\/#breadcrumb","itemListElement":[{"@type":"ListItem","position":1,"name":"Home","item":"https:\/\/www.immobilienbusiness.ch\/"},{"@type":"ListItem","position":2,"name":"Solothurn stellt Weichen f\u00fcr Grossprojekt \u00abWeitblick\u00bb"}]},{"@type":"WebSite","@id":"https:\/\/www.immobilienbusiness.ch\/#website","url":"https:\/\/www.immobilienbusiness.ch\/","name":"IMMOBILIER Business","description":"Magazine \u00e9conomique suisse ind\u00e9pendant ax\u00e9 sur l'immobilier, l'architecture et la construction ainsi que sur les investissements et le financement.","publisher":{"@id":"https:\/\/www.immobilienbusiness.ch\/#organization"},"potentialAction":[{"@type":"SearchAction","target":{"@type":"EntryPoint","urlTemplate":"https:\/\/www.immobilienbusiness.ch\/?s={search_term_string}"},"query-input":{"@type":"PropertyValueSpecification","valueRequired":true,"valueName":"search_term_string"}}],"inLanguage":"fr-FR"},{"@type":"Organization","@id":"https:\/\/www.immobilienbusiness.ch\/#organization","name":"IMMOBILIER Business","url":"https:\/\/www.immobilienbusiness.ch\/","logo":{"@type":"ImageObject","inLanguage":"fr-FR","@id":"https:\/\/www.immobilienbusiness.ch\/#\/schema\/logo\/image\/","url":"https:\/\/www.immobilienbusiness.ch\/wp-content\/uploads\/2021\/07\/logo_ib.png","contentUrl":"https:\/\/www.immobilienbusiness.ch\/wp-content\/uploads\/2021\/07\/logo_ib.png","width":800,"height":181,"caption":"IMMOBILIEN Business"},"image":{"@id":"https:\/\/www.immobilienbusiness.ch\/#\/schema\/logo\/image\/"},"sameAs":["https:\/\/www.facebook.com\/immobilienbusiness\/"]},{"@type":"Person","@id":"https:\/\/www.immobilienbusiness.ch\/#\/schema\/person\/aa2bace6c5c5aad60102004a50c4eb1c","name":"Editorial","image":{"@type":"ImageObject","inLanguage":"fr-FR","@id":"https:\/\/secure.gravatar.com\/avatar\/ae2f4d718e6c49043e314ce431e7e645d646302a24a5ef5a8bc8e3f5a032e319?s=96&d=mm&r=g","url":"https:\/\/secure.gravatar.com\/avatar\/ae2f4d718e6c49043e314ce431e7e645d646302a24a5ef5a8bc8e3f5a032e319?s=96&d=mm&r=g","contentUrl":"https:\/\/secure.gravatar.com\/avatar\/ae2f4d718e6c49043e314ce431e7e645d646302a24a5ef5a8bc8e3f5a032e319?s=96&d=mm&r=g","caption":"Redaktion"},"sameAs":["http:\/\/develop.organisator.galledia.ch"],"url":"https:\/\/www.immobilienbusiness.ch\/fr\/author\/admin\/"}]}},"_links":{"self":[{"href":"https:\/\/www.immobilienbusiness.ch\/fr\/wp-json\/wp\/v2\/posts\/484","targetHints":{"allow":["GET"]}}],"collection":[{"href":"https:\/\/www.immobilienbusiness.ch\/fr\/wp-json\/wp\/v2\/posts"}],"about":[{"href":"https:\/\/www.immobilienbusiness.ch\/fr\/wp-json\/wp\/v2\/types\/post"}],"author":[{"embeddable":true,"href":"https:\/\/www.immobilienbusiness.ch\/fr\/wp-json\/wp\/v2\/users\/1"}],"replies":[{"embeddable":true,"href":"https:\/\/www.immobilienbusiness.ch\/fr\/wp-json\/wp\/v2\/comments?post=484"}],"version-history":[{"count":0,"href":"https:\/\/www.immobilienbusiness.ch\/fr\/wp-json\/wp\/v2\/posts\/484\/revisions"}],"wp:featuredmedia":[{"embeddable":true,"href":"https:\/\/www.immobilienbusiness.ch\/fr\/wp-json\/wp\/v2\/media\/4673"}],"wp:attachment":[{"href":"https:\/\/www.immobilienbusiness.ch\/fr\/wp-json\/wp\/v2\/media?parent=484"}],"wp:term":[{"taxonomy":"category","embeddable":true,"href":"https:\/\/www.immobilienbusiness.ch\/fr\/wp-json\/wp\/v2\/categories?post=484"},{"taxonomy":"post_tag","embeddable":true,"href":"https:\/\/www.immobilienbusiness.ch\/fr\/wp-json\/wp\/v2\/tags?post=484"}],"curies":[{"name":"wp","href":"https:\/\/api.w.org\/{rel}","templated":true}]}}