{"id":47445,"date":"2023-06-21T06:26:25","date_gmt":"2023-06-21T04:26:25","guid":{"rendered":"https:\/\/www.immobilienbusiness.ch\/?p=47445"},"modified":"2023-06-22T19:00:26","modified_gmt":"2023-06-22T17:00:26","slug":"electra-expansion-mit-schnell-ladestationen-in-die-schweiz","status":"publish","type":"post","link":"https:\/\/www.immobilienbusiness.ch\/fr\/unternehmen\/2023-06-21\/electra-expansion-mit-schnell-ladestationen-in-die-schweiz\/","title":{"rendered":"Electra : expansion en Suisse avec des stations de recharge rapide"},"content":{"rendered":"<figure id=\"attachment_47446\" aria-describedby=\"caption-attachment-47446\" style=\"width: 776px\" class=\"wp-caption alignnone\"><a href=\"https:\/\/www.immobilienbusiness.ch\/wp-content\/uploads\/2023\/06\/Elektra.png\"><img loading=\"lazy\" decoding=\"async\" class=\"wp-image-47446 size-full\" src=\"https:\/\/www.immobilienbusiness.ch\/wp-content\/uploads\/2023\/06\/Elektra.png\" alt=\"Electra\" width=\"776\" height=\"492\" srcset=\"https:\/\/www.immobilienbusiness.ch\/wp-content\/uploads\/2023\/06\/Elektra.png 776w, https:\/\/www.immobilienbusiness.ch\/wp-content\/uploads\/2023\/06\/Elektra-300x190.png 300w, https:\/\/www.immobilienbusiness.ch\/wp-content\/uploads\/2023\/06\/Elektra-768x487.png 768w, https:\/\/www.immobilienbusiness.ch\/wp-content\/uploads\/2023\/06\/Elektra-18x12.png 18w, https:\/\/www.immobilienbusiness.ch\/wp-content\/uploads\/2023\/06\/Elektra-375x238.png 375w, https:\/\/www.immobilienbusiness.ch\/wp-content\/uploads\/2023\/06\/Elektra-552x350.png 552w\" sizes=\"auto, (max-width: 776px) 100vw, 776px\" \/><\/a><figcaption id=\"caption-attachment-47446\" class=\"wp-caption-text\">Le march\u00e9 suisse des stations de recharge offre encore un grand potentiel, selon le sp\u00e9cialiste fran\u00e7ais Electra (photo : zVg)<\/figcaption><\/figure>\n<p>Selon les indications d'Electra, l'objectif est de mettre en service les premi\u00e8res stations apr\u00e8s les vacances d'\u00e9t\u00e9 et d'ouvrir 100 sites en Suisse et en Autriche d'ici 2026. Dans ces deux pays, le potentiel des infrastructures de recharge rapide n'est pas \u00e9puis\u00e9, fait savoir la startup fran\u00e7aise. Elle exploite d\u00e9j\u00e0 260 points de recharge et en installe actuellement plusieurs centaines dans les grandes zones urbaines, les autoroutes et les a\u00e9roports, selon ses propres informations.<\/p>\n<p>En Belgique, l'entreprise \u00e9quipe de bornes de recharge les parkings de grands groupes comme ceux du g\u00e9ant de l'h\u00f4tellerie Accor, des h\u00f4tels Louvre ou de Primonial REIM France. Pour financer son expansion, elle a lev\u00e9 175 millions d'euros au cours des deux derni\u00e8res ann\u00e9es et s\u00e9curis\u00e9 plusieurs centaines de millions d'euros. D'ici 2030, l'objectif est de proposer un r\u00e9seau de plus de 8.000 points de recharge rapide dans toute l'Europe. <i>(aw)<\/i><\/p>","protected":false},"excerpt":{"rendered":"<p>Electra, un sp\u00e9cialiste fran\u00e7ais de la recharge rapide de v\u00e9hicules \u00e9lectriques, veut \u00e9tendre son r\u00e9seau \u00e0 la Suisse et \u00e0 l'Autriche.<\/p>","protected":false},"author":102,"featured_media":47446,"comment_status":"closed","ping_status":"closed","sticky":false,"template":"","format":"standard","meta":{"_acf_changed":false,"_yoast_wpseo_focuskw":"Electra","_yoast_wpseo_title":"","_yoast_wpseo_metadesc":"Electra, der franz\u00f6sische Spezialist f\u00fcr das schnelle Aufladen von Elektrofahrzeugen, will nun sein Netz auf die Schweiz und \u00d6sterreich ausdehnen.","_yoast_wpseo_linkdex":60,"pgc_sgb_lightbox_settings":"","footnotes":""},"categories":[988],"tags":[2244,2245,1365],"class_list":["post-47445","post","type-post","status-publish","format-standard","has-post-thumbnail","hentry","category-unternehmen","tag-electra","tag-elektro-mobilitaet","tag-infrastruktur"],"acf":[],"yoast_head":"<!-- This site is optimized with the Yoast SEO plugin v27.4 - https:\/\/yoast.com\/product\/yoast-seo-wordpress\/ -->\n<title>Electra: Expansion mit Schnell-Ladestationen in die Schweiz - IMMOBILIEN Business<\/title>\n<meta name=\"description\" content=\"Electra, der franz\u00f6sische Spezialist f\u00fcr das schnelle Aufladen von Elektrofahrzeugen, will nun sein Netz auf die Schweiz und \u00d6sterreich ausdehnen.\" \/>\n<meta name=\"robots\" content=\"index, follow, max-snippet:-1, max-image-preview:large, max-video-preview:-1\" \/>\n<link rel=\"canonical\" href=\"https:\/\/www.immobilienbusiness.ch\/fr\/unternehmen\/2023-06-21\/electra-expansion-mit-schnell-ladestationen-in-die-schweiz\/\" \/>\n<meta property=\"og:locale\" content=\"fr_FR\" \/>\n<meta property=\"og:type\" content=\"article\" \/>\n<meta property=\"og:title\" content=\"Electra: Expansion mit Schnell-Ladestationen in die Schweiz - IMMOBILIEN Business\" \/>\n<meta property=\"og:description\" content=\"Electra, der franz\u00f6sische Spezialist f\u00fcr das schnelle Aufladen von Elektrofahrzeugen, will nun sein Netz auf die Schweiz und \u00d6sterreich ausdehnen.\" \/>\n<meta property=\"og:url\" content=\"https:\/\/www.immobilienbusiness.ch\/fr\/unternehmen\/2023-06-21\/electra-expansion-mit-schnell-ladestationen-in-die-schweiz\/\" \/>\n<meta property=\"og:site_name\" content=\"IMMOBILIEN Business\" \/>\n<meta property=\"article:publisher\" content=\"https:\/\/www.facebook.com\/immobilienbusiness\/\" \/>\n<meta property=\"article:published_time\" content=\"2023-06-21T04:26:25+00:00\" \/>\n<meta property=\"article:modified_time\" content=\"2023-06-22T17:00:26+00:00\" \/>\n<meta property=\"og:image\" content=\"https:\/\/www.immobilienbusiness.ch\/wp-content\/uploads\/2023\/06\/Elektra.png\" \/>\n\t<meta property=\"og:image:width\" content=\"776\" \/>\n\t<meta property=\"og:image:height\" content=\"492\" \/>\n\t<meta property=\"og:image:type\" content=\"image\/png\" \/>\n<meta name=\"author\" content=\"Alexander Wachter\" \/>\n<meta name=\"twitter:card\" content=\"summary_large_image\" \/>\n<script type=\"application\/ld+json\" class=\"yoast-schema-graph\">{\"@context\":\"https:\\\/\\\/schema.org\",\"@graph\":[{\"@type\":\"Article\",\"@id\":\"https:\\\/\\\/www.immobilienbusiness.ch\\\/fr\\\/unternehmen\\\/2023-06-21\\\/electra-expansion-mit-schnell-ladestationen-in-die-schweiz\\\/#article\",\"isPartOf\":{\"@id\":\"https:\\\/\\\/www.immobilienbusiness.ch\\\/fr\\\/unternehmen\\\/2023-06-21\\\/electra-expansion-mit-schnell-ladestationen-in-die-schweiz\\\/\"},\"author\":{\"name\":\"Alexander Wachter\",\"@id\":\"https:\\\/\\\/www.immobilienbusiness.ch\\\/#\\\/schema\\\/person\\\/aba8bea2db926aa0c24c08c43fe1fcd5\"},\"headline\":\"Electra: Expansion mit Schnell-Ladestationen in die Schweiz\",\"datePublished\":\"2023-06-21T04:26:25+00:00\",\"dateModified\":\"2023-06-22T17:00:26+00:00\",\"mainEntityOfPage\":{\"@id\":\"https:\\\/\\\/www.immobilienbusiness.ch\\\/fr\\\/unternehmen\\\/2023-06-21\\\/electra-expansion-mit-schnell-ladestationen-in-die-schweiz\\\/\"},\"wordCount\":162,\"publisher\":{\"@id\":\"https:\\\/\\\/www.immobilienbusiness.ch\\\/#organization\"},\"image\":{\"@id\":\"https:\\\/\\\/www.immobilienbusiness.ch\\\/fr\\\/unternehmen\\\/2023-06-21\\\/electra-expansion-mit-schnell-ladestationen-in-die-schweiz\\\/#primaryimage\"},\"thumbnailUrl\":\"https:\\\/\\\/www.immobilienbusiness.ch\\\/wp-content\\\/uploads\\\/2023\\\/06\\\/Elektra.png\",\"keywords\":[\"Electra\",\"Elektro-Mobilit\u00e4t\",\"Infrastruktur\"],\"articleSection\":[\"UNTERNEHMEN\"],\"inLanguage\":\"fr-FR\"},{\"@type\":\"WebPage\",\"@id\":\"https:\\\/\\\/www.immobilienbusiness.ch\\\/fr\\\/unternehmen\\\/2023-06-21\\\/electra-expansion-mit-schnell-ladestationen-in-die-schweiz\\\/\",\"url\":\"https:\\\/\\\/www.immobilienbusiness.ch\\\/fr\\\/unternehmen\\\/2023-06-21\\\/electra-expansion-mit-schnell-ladestationen-in-die-schweiz\\\/\",\"name\":\"Electra: Expansion mit Schnell-Ladestationen in die Schweiz - IMMOBILIEN Business\",\"isPartOf\":{\"@id\":\"https:\\\/\\\/www.immobilienbusiness.ch\\\/#website\"},\"primaryImageOfPage\":{\"@id\":\"https:\\\/\\\/www.immobilienbusiness.ch\\\/fr\\\/unternehmen\\\/2023-06-21\\\/electra-expansion-mit-schnell-ladestationen-in-die-schweiz\\\/#primaryimage\"},\"image\":{\"@id\":\"https:\\\/\\\/www.immobilienbusiness.ch\\\/fr\\\/unternehmen\\\/2023-06-21\\\/electra-expansion-mit-schnell-ladestationen-in-die-schweiz\\\/#primaryimage\"},\"thumbnailUrl\":\"https:\\\/\\\/www.immobilienbusiness.ch\\\/wp-content\\\/uploads\\\/2023\\\/06\\\/Elektra.png\",\"datePublished\":\"2023-06-21T04:26:25+00:00\",\"dateModified\":\"2023-06-22T17:00:26+00:00\",\"description\":\"Electra, der franz\u00f6sische Spezialist f\u00fcr das schnelle Aufladen von Elektrofahrzeugen, will nun sein Netz auf die Schweiz und \u00d6sterreich ausdehnen.\",\"breadcrumb\":{\"@id\":\"https:\\\/\\\/www.immobilienbusiness.ch\\\/fr\\\/unternehmen\\\/2023-06-21\\\/electra-expansion-mit-schnell-ladestationen-in-die-schweiz\\\/#breadcrumb\"},\"inLanguage\":\"fr-FR\",\"potentialAction\":[{\"@type\":\"ReadAction\",\"target\":[\"https:\\\/\\\/www.immobilienbusiness.ch\\\/fr\\\/unternehmen\\\/2023-06-21\\\/electra-expansion-mit-schnell-ladestationen-in-die-schweiz\\\/\"]}]},{\"@type\":\"ImageObject\",\"inLanguage\":\"fr-FR\",\"@id\":\"https:\\\/\\\/www.immobilienbusiness.ch\\\/fr\\\/unternehmen\\\/2023-06-21\\\/electra-expansion-mit-schnell-ladestationen-in-die-schweiz\\\/#primaryimage\",\"url\":\"https:\\\/\\\/www.immobilienbusiness.ch\\\/wp-content\\\/uploads\\\/2023\\\/06\\\/Elektra.png\",\"contentUrl\":\"https:\\\/\\\/www.immobilienbusiness.ch\\\/wp-content\\\/uploads\\\/2023\\\/06\\\/Elektra.png\",\"width\":776,\"height\":492,\"caption\":\"Der Schweizer Markt f\u00fcr Ladestationen bietet noch viel Potenzial, sagt der franz\u00f6sische Spezialist Electra (Bild: zVg)\"},{\"@type\":\"BreadcrumbList\",\"@id\":\"https:\\\/\\\/www.immobilienbusiness.ch\\\/fr\\\/unternehmen\\\/2023-06-21\\\/electra-expansion-mit-schnell-ladestationen-in-die-schweiz\\\/#breadcrumb\",\"itemListElement\":[{\"@type\":\"ListItem\",\"position\":1,\"name\":\"Home\",\"item\":\"https:\\\/\\\/www.immobilienbusiness.ch\\\/\"},{\"@type\":\"ListItem\",\"position\":2,\"name\":\"Electra: Expansion mit Schnell-Ladestationen in die Schweiz\"}]},{\"@type\":\"WebSite\",\"@id\":\"https:\\\/\\\/www.immobilienbusiness.ch\\\/#website\",\"url\":\"https:\\\/\\\/www.immobilienbusiness.ch\\\/\",\"name\":\"IMMOBILIEN Business\",\"description\":\"Unabh\u00e4ngiges Schweizer Wirtschaftsmagazin mit Fokus auf Immobilien, Architektur- und Bau sowie Investment- und Finanzierung.\",\"publisher\":{\"@id\":\"https:\\\/\\\/www.immobilienbusiness.ch\\\/#organization\"},\"potentialAction\":[{\"@type\":\"SearchAction\",\"target\":{\"@type\":\"EntryPoint\",\"urlTemplate\":\"https:\\\/\\\/www.immobilienbusiness.ch\\\/?s={search_term_string}\"},\"query-input\":{\"@type\":\"PropertyValueSpecification\",\"valueRequired\":true,\"valueName\":\"search_term_string\"}}],\"inLanguage\":\"fr-FR\"},{\"@type\":\"Organization\",\"@id\":\"https:\\\/\\\/www.immobilienbusiness.ch\\\/#organization\",\"name\":\"IMMOBILIEN Business\",\"url\":\"https:\\\/\\\/www.immobilienbusiness.ch\\\/\",\"logo\":{\"@type\":\"ImageObject\",\"inLanguage\":\"fr-FR\",\"@id\":\"https:\\\/\\\/www.immobilienbusiness.ch\\\/#\\\/schema\\\/logo\\\/image\\\/\",\"url\":\"https:\\\/\\\/www.immobilienbusiness.ch\\\/wp-content\\\/uploads\\\/2021\\\/07\\\/logo_ib.png\",\"contentUrl\":\"https:\\\/\\\/www.immobilienbusiness.ch\\\/wp-content\\\/uploads\\\/2021\\\/07\\\/logo_ib.png\",\"width\":800,\"height\":181,\"caption\":\"IMMOBILIEN Business\"},\"image\":{\"@id\":\"https:\\\/\\\/www.immobilienbusiness.ch\\\/#\\\/schema\\\/logo\\\/image\\\/\"},\"sameAs\":[\"https:\\\/\\\/www.facebook.com\\\/immobilienbusiness\\\/\"]},{\"@type\":\"Person\",\"@id\":\"https:\\\/\\\/www.immobilienbusiness.ch\\\/#\\\/schema\\\/person\\\/aba8bea2db926aa0c24c08c43fe1fcd5\",\"name\":\"Alexander Wachter\",\"image\":{\"@type\":\"ImageObject\",\"inLanguage\":\"fr-FR\",\"@id\":\"https:\\\/\\\/secure.gravatar.com\\\/avatar\\\/1a09e471f5389b0e0a6416eac287e0927c7c97a7b77f9e787eba3af7aee281dd?s=96&d=mm&r=g\",\"url\":\"https:\\\/\\\/secure.gravatar.com\\\/avatar\\\/1a09e471f5389b0e0a6416eac287e0927c7c97a7b77f9e787eba3af7aee281dd?s=96&d=mm&r=g\",\"contentUrl\":\"https:\\\/\\\/secure.gravatar.com\\\/avatar\\\/1a09e471f5389b0e0a6416eac287e0927c7c97a7b77f9e787eba3af7aee281dd?s=96&d=mm&r=g\",\"caption\":\"Alexander Wachter\"},\"url\":\"https:\\\/\\\/www.immobilienbusiness.ch\\\/fr\\\/author\\\/alexander-wachter\\\/\"}]}<\/script>\n<!-- \/ Yoast SEO plugin. -->","yoast_head_json":{"title":"Electra : expansion en Suisse avec des stations de recharge rapide - IMMOBILIER Business","description":"Electra, le sp\u00e9cialiste fran\u00e7ais de la recharge rapide des v\u00e9hicules \u00e9lectriques, souhaite d\u00e9sormais \u00e9tendre son r\u00e9seau \u00e0 la Suisse et \u00e0 l'Autriche.","robots":{"index":"index","follow":"follow","max-snippet":"max-snippet:-1","max-image-preview":"max-image-preview:large","max-video-preview":"max-video-preview:-1"},"canonical":"https:\/\/www.immobilienbusiness.ch\/fr\/unternehmen\/2023-06-21\/electra-expansion-mit-schnell-ladestationen-in-die-schweiz\/","og_locale":"fr_FR","og_type":"article","og_title":"Electra: Expansion mit Schnell-Ladestationen in die Schweiz - IMMOBILIEN Business","og_description":"Electra, der franz\u00f6sische Spezialist f\u00fcr das schnelle Aufladen von Elektrofahrzeugen, will nun sein Netz auf die Schweiz und \u00d6sterreich ausdehnen.","og_url":"https:\/\/www.immobilienbusiness.ch\/fr\/unternehmen\/2023-06-21\/electra-expansion-mit-schnell-ladestationen-in-die-schweiz\/","og_site_name":"IMMOBILIEN Business","article_publisher":"https:\/\/www.facebook.com\/immobilienbusiness\/","article_published_time":"2023-06-21T04:26:25+00:00","article_modified_time":"2023-06-22T17:00:26+00:00","og_image":[{"width":776,"height":492,"url":"https:\/\/www.immobilienbusiness.ch\/wp-content\/uploads\/2023\/06\/Elektra.png","type":"image\/png"}],"author":"Alexander Wachter","twitter_card":"summary_large_image","schema":{"@context":"https:\/\/schema.org","@graph":[{"@type":"Article","@id":"https:\/\/www.immobilienbusiness.ch\/fr\/unternehmen\/2023-06-21\/electra-expansion-mit-schnell-ladestationen-in-die-schweiz\/#article","isPartOf":{"@id":"https:\/\/www.immobilienbusiness.ch\/fr\/unternehmen\/2023-06-21\/electra-expansion-mit-schnell-ladestationen-in-die-schweiz\/"},"author":{"name":"Alexander Wachter","@id":"https:\/\/www.immobilienbusiness.ch\/#\/schema\/person\/aba8bea2db926aa0c24c08c43fe1fcd5"},"headline":"Electra: Expansion mit Schnell-Ladestationen in die Schweiz","datePublished":"2023-06-21T04:26:25+00:00","dateModified":"2023-06-22T17:00:26+00:00","mainEntityOfPage":{"@id":"https:\/\/www.immobilienbusiness.ch\/fr\/unternehmen\/2023-06-21\/electra-expansion-mit-schnell-ladestationen-in-die-schweiz\/"},"wordCount":162,"publisher":{"@id":"https:\/\/www.immobilienbusiness.ch\/#organization"},"image":{"@id":"https:\/\/www.immobilienbusiness.ch\/fr\/unternehmen\/2023-06-21\/electra-expansion-mit-schnell-ladestationen-in-die-schweiz\/#primaryimage"},"thumbnailUrl":"https:\/\/www.immobilienbusiness.ch\/wp-content\/uploads\/2023\/06\/Elektra.png","keywords":["Electra","Elektro-Mobilit\u00e4t","Infrastruktur"],"articleSection":["UNTERNEHMEN"],"inLanguage":"fr-FR"},{"@type":"WebPage","@id":"https:\/\/www.immobilienbusiness.ch\/fr\/unternehmen\/2023-06-21\/electra-expansion-mit-schnell-ladestationen-in-die-schweiz\/","url":"https:\/\/www.immobilienbusiness.ch\/fr\/unternehmen\/2023-06-21\/electra-expansion-mit-schnell-ladestationen-in-die-schweiz\/","name":"Electra : expansion en Suisse avec des stations de recharge rapide - IMMOBILIER Business","isPartOf":{"@id":"https:\/\/www.immobilienbusiness.ch\/#website"},"primaryImageOfPage":{"@id":"https:\/\/www.immobilienbusiness.ch\/fr\/unternehmen\/2023-06-21\/electra-expansion-mit-schnell-ladestationen-in-die-schweiz\/#primaryimage"},"image":{"@id":"https:\/\/www.immobilienbusiness.ch\/fr\/unternehmen\/2023-06-21\/electra-expansion-mit-schnell-ladestationen-in-die-schweiz\/#primaryimage"},"thumbnailUrl":"https:\/\/www.immobilienbusiness.ch\/wp-content\/uploads\/2023\/06\/Elektra.png","datePublished":"2023-06-21T04:26:25+00:00","dateModified":"2023-06-22T17:00:26+00:00","description":"Electra, le sp\u00e9cialiste fran\u00e7ais de la recharge rapide des v\u00e9hicules \u00e9lectriques, souhaite d\u00e9sormais \u00e9tendre son r\u00e9seau \u00e0 la Suisse et \u00e0 l'Autriche.","breadcrumb":{"@id":"https:\/\/www.immobilienbusiness.ch\/fr\/unternehmen\/2023-06-21\/electra-expansion-mit-schnell-ladestationen-in-die-schweiz\/#breadcrumb"},"inLanguage":"fr-FR","potentialAction":[{"@type":"ReadAction","target":["https:\/\/www.immobilienbusiness.ch\/fr\/unternehmen\/2023-06-21\/electra-expansion-mit-schnell-ladestationen-in-die-schweiz\/"]}]},{"@type":"ImageObject","inLanguage":"fr-FR","@id":"https:\/\/www.immobilienbusiness.ch\/fr\/unternehmen\/2023-06-21\/electra-expansion-mit-schnell-ladestationen-in-die-schweiz\/#primaryimage","url":"https:\/\/www.immobilienbusiness.ch\/wp-content\/uploads\/2023\/06\/Elektra.png","contentUrl":"https:\/\/www.immobilienbusiness.ch\/wp-content\/uploads\/2023\/06\/Elektra.png","width":776,"height":492,"caption":"Der Schweizer Markt f\u00fcr Ladestationen bietet noch viel Potenzial, sagt der franz\u00f6sische Spezialist Electra (Bild: zVg)"},{"@type":"BreadcrumbList","@id":"https:\/\/www.immobilienbusiness.ch\/fr\/unternehmen\/2023-06-21\/electra-expansion-mit-schnell-ladestationen-in-die-schweiz\/#breadcrumb","itemListElement":[{"@type":"ListItem","position":1,"name":"Home","item":"https:\/\/www.immobilienbusiness.ch\/"},{"@type":"ListItem","position":2,"name":"Electra: Expansion mit Schnell-Ladestationen in die Schweiz"}]},{"@type":"WebSite","@id":"https:\/\/www.immobilienbusiness.ch\/#website","url":"https:\/\/www.immobilienbusiness.ch\/","name":"IMMOBILIER Business","description":"Magazine \u00e9conomique suisse ind\u00e9pendant ax\u00e9 sur l'immobilier, l'architecture et la construction ainsi que sur les investissements et le financement.","publisher":{"@id":"https:\/\/www.immobilienbusiness.ch\/#organization"},"potentialAction":[{"@type":"SearchAction","target":{"@type":"EntryPoint","urlTemplate":"https:\/\/www.immobilienbusiness.ch\/?s={search_term_string}"},"query-input":{"@type":"PropertyValueSpecification","valueRequired":true,"valueName":"search_term_string"}}],"inLanguage":"fr-FR"},{"@type":"Organization","@id":"https:\/\/www.immobilienbusiness.ch\/#organization","name":"IMMOBILIER Business","url":"https:\/\/www.immobilienbusiness.ch\/","logo":{"@type":"ImageObject","inLanguage":"fr-FR","@id":"https:\/\/www.immobilienbusiness.ch\/#\/schema\/logo\/image\/","url":"https:\/\/www.immobilienbusiness.ch\/wp-content\/uploads\/2021\/07\/logo_ib.png","contentUrl":"https:\/\/www.immobilienbusiness.ch\/wp-content\/uploads\/2021\/07\/logo_ib.png","width":800,"height":181,"caption":"IMMOBILIEN Business"},"image":{"@id":"https:\/\/www.immobilienbusiness.ch\/#\/schema\/logo\/image\/"},"sameAs":["https:\/\/www.facebook.com\/immobilienbusiness\/"]},{"@type":"Person","@id":"https:\/\/www.immobilienbusiness.ch\/#\/schema\/person\/aba8bea2db926aa0c24c08c43fe1fcd5","name":"Alexander Wachter","image":{"@type":"ImageObject","inLanguage":"fr-FR","@id":"https:\/\/secure.gravatar.com\/avatar\/1a09e471f5389b0e0a6416eac287e0927c7c97a7b77f9e787eba3af7aee281dd?s=96&d=mm&r=g","url":"https:\/\/secure.gravatar.com\/avatar\/1a09e471f5389b0e0a6416eac287e0927c7c97a7b77f9e787eba3af7aee281dd?s=96&d=mm&r=g","contentUrl":"https:\/\/secure.gravatar.com\/avatar\/1a09e471f5389b0e0a6416eac287e0927c7c97a7b77f9e787eba3af7aee281dd?s=96&d=mm&r=g","caption":"Alexander Wachter"},"url":"https:\/\/www.immobilienbusiness.ch\/fr\/author\/alexander-wachter\/"}]}},"_links":{"self":[{"href":"https:\/\/www.immobilienbusiness.ch\/fr\/wp-json\/wp\/v2\/posts\/47445","targetHints":{"allow":["GET"]}}],"collection":[{"href":"https:\/\/www.immobilienbusiness.ch\/fr\/wp-json\/wp\/v2\/posts"}],"about":[{"href":"https:\/\/www.immobilienbusiness.ch\/fr\/wp-json\/wp\/v2\/types\/post"}],"author":[{"embeddable":true,"href":"https:\/\/www.immobilienbusiness.ch\/fr\/wp-json\/wp\/v2\/users\/102"}],"replies":[{"embeddable":true,"href":"https:\/\/www.immobilienbusiness.ch\/fr\/wp-json\/wp\/v2\/comments?post=47445"}],"version-history":[{"count":4,"href":"https:\/\/www.immobilienbusiness.ch\/fr\/wp-json\/wp\/v2\/posts\/47445\/revisions"}],"predecessor-version":[{"id":47642,"href":"https:\/\/www.immobilienbusiness.ch\/fr\/wp-json\/wp\/v2\/posts\/47445\/revisions\/47642"}],"wp:featuredmedia":[{"embeddable":true,"href":"https:\/\/www.immobilienbusiness.ch\/fr\/wp-json\/wp\/v2\/media\/47446"}],"wp:attachment":[{"href":"https:\/\/www.immobilienbusiness.ch\/fr\/wp-json\/wp\/v2\/media?parent=47445"}],"wp:term":[{"taxonomy":"category","embeddable":true,"href":"https:\/\/www.immobilienbusiness.ch\/fr\/wp-json\/wp\/v2\/categories?post=47445"},{"taxonomy":"post_tag","embeddable":true,"href":"https:\/\/www.immobilienbusiness.ch\/fr\/wp-json\/wp\/v2\/tags?post=47445"}],"curies":[{"name":"wp","href":"https:\/\/api.w.org\/{rel}","templated":true}]}}