{"id":47370,"date":"2023-06-14T08:44:31","date_gmt":"2023-06-14T06:44:31","guid":{"rendered":"https:\/\/www.immobilienbusiness.ch\/?p=47370"},"modified":"2023-06-22T18:49:06","modified_gmt":"2023-06-22T16:49:06","slug":"swiss-life-will-ausserboerslichen-handel-fuer-europa-fonds-einstellen","status":"publish","type":"post","link":"https:\/\/www.immobilienbusiness.ch\/fr\/unternehmen\/2023-06-14\/swiss-life-will-ausserboerslichen-handel-fuer-europa-fonds-einstellen\/","title":{"rendered":"Swiss Life veut mettre fin au n\u00e9goce hors bourse pour les fonds europ\u00e9ens"},"content":{"rendered":"<figure id=\"attachment_8281\" aria-describedby=\"caption-attachment-8281\" style=\"width: 624px\" class=\"wp-caption alignnone\"><a href=\"https:\/\/www.immobilienbusiness.ch\/wp-content\/uploads\/2017\/07\/Immobilien-Business-News-20170710-Dekotierung-Pax-Anlage-AG-c-Alexmit-\u2013-depositphotos.jpg\"><img loading=\"lazy\" decoding=\"async\" class=\"wp-image-8281 size-full\" src=\"https:\/\/www.immobilienbusiness.ch\/wp-content\/uploads\/2017\/07\/Immobilien-Business-News-20170710-Dekotierung-Pax-Anlage-AG-c-Alexmit-\u2013-depositphotos.jpg\" alt=\"Swiss Life\" width=\"624\" height=\"392\" srcset=\"https:\/\/www.immobilienbusiness.ch\/wp-content\/uploads\/2017\/07\/Immobilien-Business-News-20170710-Dekotierung-Pax-Anlage-AG-c-Alexmit-\u2013-depositphotos.jpg 624w, https:\/\/www.immobilienbusiness.ch\/wp-content\/uploads\/2017\/07\/Immobilien-Business-News-20170710-Dekotierung-Pax-Anlage-AG-c-Alexmit-\u2013-depositphotos-300x188.jpg 300w, https:\/\/www.immobilienbusiness.ch\/wp-content\/uploads\/2017\/07\/Immobilien-Business-News-20170710-Dekotierung-Pax-Anlage-AG-c-Alexmit-\u2013-depositphotos-16x10.jpg 16w, https:\/\/www.immobilienbusiness.ch\/wp-content\/uploads\/2017\/07\/Immobilien-Business-News-20170710-Dekotierung-Pax-Anlage-AG-c-Alexmit-\u2013-depositphotos-279x175.jpg 279w, https:\/\/www.immobilienbusiness.ch\/wp-content\/uploads\/2017\/07\/Immobilien-Business-News-20170710-Dekotierung-Pax-Anlage-AG-c-Alexmit-\u2013-depositphotos-557x350.jpg 557w\" sizes=\"auto, (max-width: 624px) 100vw, 624px\" \/><\/a><figcaption id=\"caption-attachment-8281\" class=\"wp-caption-text\">Swiss Life n'est pas satisfaite du n\u00e9goce hors bourse pour son fonds europ\u00e9en (Image : Alexmit - depositphotos)<\/figcaption><\/figure>\n<p>En avril, le fonds immobilier affichait un actif total d'environ 767 millions d'euros. Le portefeuille se compose de 20 immeubles de base de plusieurs types d'utilisation dans neuf pays. La fonction de teneur de march\u00e9 est exerc\u00e9e depuis le 1er ao\u00fbt 2022 par la Lienhardt &amp; Partner Privatbank Z\u00fcrich AG, indique Swiss Life. Celle-ci fixe les cours d'achat et de vente.<\/p>\n<p>Le n\u00e9goce hors bourse (\"OTC\") de parts de fonds \"n'a toutefois pas r\u00e9pondu aux attentes de la direction du fonds\", indique-t-elle dans un communiqu\u00e9. Sous r\u00e9serve de l'accord de la Finma, le n\u00e9goce OTC sera donc arr\u00eat\u00e9 au plus tard fin septembre 2023. <em>(aw)<\/em><\/p>","protected":false},"excerpt":{"rendered":"<p>Pour le fonds Swiss Life REF (CH) ESG European Properties, la direction du fonds pr\u00e9voit de passer \u00e0 un fonds bas\u00e9 sur la VNI. Cela aurait pour cons\u00e9quence l'arr\u00eat du n\u00e9goce hors bourse dans quelques mois.<\/p>","protected":false},"author":102,"featured_media":8281,"comment_status":"closed","ping_status":"closed","sticky":false,"template":"","format":"standard","meta":{"_acf_changed":false,"_yoast_wpseo_focuskw":"Swiss Life","_yoast_wpseo_title":"","_yoast_wpseo_metadesc":"F\u00fcr den Fonds Swiss Life REF (CH) ESG European Properties plant die Fondsleitung die Umstellung auf einen NAV-basierten Fonds. Dies h\u00e4tte zur Folge, dass der ausserb\u00f6rsliche Handels bis sp\u00e4testens Ende September 2023 gestoppt w\u00fcrde.","_yoast_wpseo_linkdex":45,"pgc_sgb_lightbox_settings":"","footnotes":""},"categories":[988],"tags":[1344,1756],"class_list":["post-47370","post","type-post","status-publish","format-standard","has-post-thumbnail","hentry","category-unternehmen","tag-immobilienfonds","tag-swiss-life"],"acf":[],"yoast_head":"<!-- This site is optimized with the Yoast SEO plugin v27.4 - https:\/\/yoast.com\/product\/yoast-seo-wordpress\/ -->\n<title>Swiss Life will ausserb\u00f6rslichen Handel f\u00fcr Europa-Fonds einstellen - IMMOBILIEN Business<\/title>\n<meta name=\"description\" content=\"F\u00fcr den Fonds Swiss Life REF (CH) ESG European Properties plant die Fondsleitung die Umstellung auf einen NAV-basierten Fonds. Dies h\u00e4tte zur Folge, dass der ausserb\u00f6rsliche Handels bis sp\u00e4testens Ende September 2023 gestoppt w\u00fcrde.\" \/>\n<meta name=\"robots\" content=\"index, follow, max-snippet:-1, max-image-preview:large, max-video-preview:-1\" \/>\n<link rel=\"canonical\" href=\"https:\/\/www.immobilienbusiness.ch\/fr\/unternehmen\/2023-06-14\/swiss-life-will-ausserboerslichen-handel-fuer-europa-fonds-einstellen\/\" \/>\n<meta property=\"og:locale\" content=\"fr_FR\" \/>\n<meta property=\"og:type\" content=\"article\" \/>\n<meta property=\"og:title\" content=\"Swiss Life will ausserb\u00f6rslichen Handel f\u00fcr Europa-Fonds einstellen - IMMOBILIEN Business\" \/>\n<meta property=\"og:description\" content=\"F\u00fcr den Fonds Swiss Life REF (CH) ESG European Properties plant die Fondsleitung die Umstellung auf einen NAV-basierten Fonds. Dies h\u00e4tte zur Folge, dass der ausserb\u00f6rsliche Handels bis sp\u00e4testens Ende September 2023 gestoppt w\u00fcrde.\" \/>\n<meta property=\"og:url\" content=\"https:\/\/www.immobilienbusiness.ch\/fr\/unternehmen\/2023-06-14\/swiss-life-will-ausserboerslichen-handel-fuer-europa-fonds-einstellen\/\" \/>\n<meta property=\"og:site_name\" content=\"IMMOBILIEN Business\" \/>\n<meta property=\"article:publisher\" content=\"https:\/\/www.facebook.com\/immobilienbusiness\/\" \/>\n<meta property=\"article:published_time\" content=\"2023-06-14T06:44:31+00:00\" \/>\n<meta property=\"article:modified_time\" content=\"2023-06-22T16:49:06+00:00\" \/>\n<meta property=\"og:image\" content=\"https:\/\/www.immobilienbusiness.ch\/wp-content\/uploads\/2017\/07\/Immobilien-Business-News-20170710-Dekotierung-Pax-Anlage-AG-c-Alexmit-\u2013-depositphotos.jpg\" \/>\n\t<meta property=\"og:image:width\" content=\"624\" \/>\n\t<meta property=\"og:image:height\" content=\"392\" \/>\n\t<meta property=\"og:image:type\" content=\"image\/jpeg\" \/>\n<meta name=\"author\" content=\"Alexander Wachter\" \/>\n<meta name=\"twitter:card\" content=\"summary_large_image\" \/>\n<script type=\"application\/ld+json\" class=\"yoast-schema-graph\">{\"@context\":\"https:\\\/\\\/schema.org\",\"@graph\":[{\"@type\":\"Article\",\"@id\":\"https:\\\/\\\/www.immobilienbusiness.ch\\\/fr\\\/unternehmen\\\/2023-06-14\\\/swiss-life-will-ausserboerslichen-handel-fuer-europa-fonds-einstellen\\\/#article\",\"isPartOf\":{\"@id\":\"https:\\\/\\\/www.immobilienbusiness.ch\\\/fr\\\/unternehmen\\\/2023-06-14\\\/swiss-life-will-ausserboerslichen-handel-fuer-europa-fonds-einstellen\\\/\"},\"author\":{\"name\":\"Alexander Wachter\",\"@id\":\"https:\\\/\\\/www.immobilienbusiness.ch\\\/#\\\/schema\\\/person\\\/aba8bea2db926aa0c24c08c43fe1fcd5\"},\"headline\":\"Swiss Life will ausserb\u00f6rslichen Handel f\u00fcr Europa-Fonds einstellen\",\"datePublished\":\"2023-06-14T06:44:31+00:00\",\"dateModified\":\"2023-06-22T16:49:06+00:00\",\"mainEntityOfPage\":{\"@id\":\"https:\\\/\\\/www.immobilienbusiness.ch\\\/fr\\\/unternehmen\\\/2023-06-14\\\/swiss-life-will-ausserboerslichen-handel-fuer-europa-fonds-einstellen\\\/\"},\"wordCount\":123,\"publisher\":{\"@id\":\"https:\\\/\\\/www.immobilienbusiness.ch\\\/#organization\"},\"image\":{\"@id\":\"https:\\\/\\\/www.immobilienbusiness.ch\\\/fr\\\/unternehmen\\\/2023-06-14\\\/swiss-life-will-ausserboerslichen-handel-fuer-europa-fonds-einstellen\\\/#primaryimage\"},\"thumbnailUrl\":\"https:\\\/\\\/www.immobilienbusiness.ch\\\/wp-content\\\/uploads\\\/2017\\\/07\\\/Immobilien-Business-News-20170710-Dekotierung-Pax-Anlage-AG-c-Alexmit-\u2013-depositphotos.jpg\",\"keywords\":[\"Immobilienfonds\",\"Swiss Life\"],\"articleSection\":[\"UNTERNEHMEN\"],\"inLanguage\":\"fr-FR\"},{\"@type\":\"WebPage\",\"@id\":\"https:\\\/\\\/www.immobilienbusiness.ch\\\/fr\\\/unternehmen\\\/2023-06-14\\\/swiss-life-will-ausserboerslichen-handel-fuer-europa-fonds-einstellen\\\/\",\"url\":\"https:\\\/\\\/www.immobilienbusiness.ch\\\/fr\\\/unternehmen\\\/2023-06-14\\\/swiss-life-will-ausserboerslichen-handel-fuer-europa-fonds-einstellen\\\/\",\"name\":\"Swiss Life will ausserb\u00f6rslichen Handel f\u00fcr Europa-Fonds einstellen - IMMOBILIEN Business\",\"isPartOf\":{\"@id\":\"https:\\\/\\\/www.immobilienbusiness.ch\\\/#website\"},\"primaryImageOfPage\":{\"@id\":\"https:\\\/\\\/www.immobilienbusiness.ch\\\/fr\\\/unternehmen\\\/2023-06-14\\\/swiss-life-will-ausserboerslichen-handel-fuer-europa-fonds-einstellen\\\/#primaryimage\"},\"image\":{\"@id\":\"https:\\\/\\\/www.immobilienbusiness.ch\\\/fr\\\/unternehmen\\\/2023-06-14\\\/swiss-life-will-ausserboerslichen-handel-fuer-europa-fonds-einstellen\\\/#primaryimage\"},\"thumbnailUrl\":\"https:\\\/\\\/www.immobilienbusiness.ch\\\/wp-content\\\/uploads\\\/2017\\\/07\\\/Immobilien-Business-News-20170710-Dekotierung-Pax-Anlage-AG-c-Alexmit-\u2013-depositphotos.jpg\",\"datePublished\":\"2023-06-14T06:44:31+00:00\",\"dateModified\":\"2023-06-22T16:49:06+00:00\",\"description\":\"F\u00fcr den Fonds Swiss Life REF (CH) ESG European Properties plant die Fondsleitung die Umstellung auf einen NAV-basierten Fonds. Dies h\u00e4tte zur Folge, dass der ausserb\u00f6rsliche Handels bis sp\u00e4testens Ende September 2023 gestoppt w\u00fcrde.\",\"breadcrumb\":{\"@id\":\"https:\\\/\\\/www.immobilienbusiness.ch\\\/fr\\\/unternehmen\\\/2023-06-14\\\/swiss-life-will-ausserboerslichen-handel-fuer-europa-fonds-einstellen\\\/#breadcrumb\"},\"inLanguage\":\"fr-FR\",\"potentialAction\":[{\"@type\":\"ReadAction\",\"target\":[\"https:\\\/\\\/www.immobilienbusiness.ch\\\/fr\\\/unternehmen\\\/2023-06-14\\\/swiss-life-will-ausserboerslichen-handel-fuer-europa-fonds-einstellen\\\/\"]}]},{\"@type\":\"ImageObject\",\"inLanguage\":\"fr-FR\",\"@id\":\"https:\\\/\\\/www.immobilienbusiness.ch\\\/fr\\\/unternehmen\\\/2023-06-14\\\/swiss-life-will-ausserboerslichen-handel-fuer-europa-fonds-einstellen\\\/#primaryimage\",\"url\":\"https:\\\/\\\/www.immobilienbusiness.ch\\\/wp-content\\\/uploads\\\/2017\\\/07\\\/Immobilien-Business-News-20170710-Dekotierung-Pax-Anlage-AG-c-Alexmit-\u2013-depositphotos.jpg\",\"contentUrl\":\"https:\\\/\\\/www.immobilienbusiness.ch\\\/wp-content\\\/uploads\\\/2017\\\/07\\\/Immobilien-Business-News-20170710-Dekotierung-Pax-Anlage-AG-c-Alexmit-\u2013-depositphotos.jpg\",\"width\":624,\"height\":392,\"caption\":\"Ecoreal hat ein Quartalsupdate f\u00fcr seine beiden Anlagegruppen vorgelegt (Bild: Alexmit \u2013 depositphotos)\"},{\"@type\":\"BreadcrumbList\",\"@id\":\"https:\\\/\\\/www.immobilienbusiness.ch\\\/fr\\\/unternehmen\\\/2023-06-14\\\/swiss-life-will-ausserboerslichen-handel-fuer-europa-fonds-einstellen\\\/#breadcrumb\",\"itemListElement\":[{\"@type\":\"ListItem\",\"position\":1,\"name\":\"Home\",\"item\":\"https:\\\/\\\/www.immobilienbusiness.ch\\\/\"},{\"@type\":\"ListItem\",\"position\":2,\"name\":\"Swiss Life will ausserb\u00f6rslichen Handel f\u00fcr Europa-Fonds einstellen\"}]},{\"@type\":\"WebSite\",\"@id\":\"https:\\\/\\\/www.immobilienbusiness.ch\\\/#website\",\"url\":\"https:\\\/\\\/www.immobilienbusiness.ch\\\/\",\"name\":\"IMMOBILIEN Business\",\"description\":\"Unabh\u00e4ngiges Schweizer Wirtschaftsmagazin mit Fokus auf Immobilien, Architektur- und Bau sowie Investment- und Finanzierung.\",\"publisher\":{\"@id\":\"https:\\\/\\\/www.immobilienbusiness.ch\\\/#organization\"},\"potentialAction\":[{\"@type\":\"SearchAction\",\"target\":{\"@type\":\"EntryPoint\",\"urlTemplate\":\"https:\\\/\\\/www.immobilienbusiness.ch\\\/?s={search_term_string}\"},\"query-input\":{\"@type\":\"PropertyValueSpecification\",\"valueRequired\":true,\"valueName\":\"search_term_string\"}}],\"inLanguage\":\"fr-FR\"},{\"@type\":\"Organization\",\"@id\":\"https:\\\/\\\/www.immobilienbusiness.ch\\\/#organization\",\"name\":\"IMMOBILIEN Business\",\"url\":\"https:\\\/\\\/www.immobilienbusiness.ch\\\/\",\"logo\":{\"@type\":\"ImageObject\",\"inLanguage\":\"fr-FR\",\"@id\":\"https:\\\/\\\/www.immobilienbusiness.ch\\\/#\\\/schema\\\/logo\\\/image\\\/\",\"url\":\"https:\\\/\\\/www.immobilienbusiness.ch\\\/wp-content\\\/uploads\\\/2021\\\/07\\\/logo_ib.png\",\"contentUrl\":\"https:\\\/\\\/www.immobilienbusiness.ch\\\/wp-content\\\/uploads\\\/2021\\\/07\\\/logo_ib.png\",\"width\":800,\"height\":181,\"caption\":\"IMMOBILIEN Business\"},\"image\":{\"@id\":\"https:\\\/\\\/www.immobilienbusiness.ch\\\/#\\\/schema\\\/logo\\\/image\\\/\"},\"sameAs\":[\"https:\\\/\\\/www.facebook.com\\\/immobilienbusiness\\\/\"]},{\"@type\":\"Person\",\"@id\":\"https:\\\/\\\/www.immobilienbusiness.ch\\\/#\\\/schema\\\/person\\\/aba8bea2db926aa0c24c08c43fe1fcd5\",\"name\":\"Alexander Wachter\",\"image\":{\"@type\":\"ImageObject\",\"inLanguage\":\"fr-FR\",\"@id\":\"https:\\\/\\\/secure.gravatar.com\\\/avatar\\\/1a09e471f5389b0e0a6416eac287e0927c7c97a7b77f9e787eba3af7aee281dd?s=96&d=mm&r=g\",\"url\":\"https:\\\/\\\/secure.gravatar.com\\\/avatar\\\/1a09e471f5389b0e0a6416eac287e0927c7c97a7b77f9e787eba3af7aee281dd?s=96&d=mm&r=g\",\"contentUrl\":\"https:\\\/\\\/secure.gravatar.com\\\/avatar\\\/1a09e471f5389b0e0a6416eac287e0927c7c97a7b77f9e787eba3af7aee281dd?s=96&d=mm&r=g\",\"caption\":\"Alexander Wachter\"},\"url\":\"https:\\\/\\\/www.immobilienbusiness.ch\\\/fr\\\/author\\\/alexander-wachter\\\/\"}]}<\/script>\n<!-- \/ Yoast SEO plugin. -->","yoast_head_json":{"title":"Swiss Life veut mettre fin au n\u00e9goce hors bourse pour les fonds europ\u00e9ens - IMMOBILIER Business","description":"Pour le fonds Swiss Life REF (CH) ESG European Properties, la direction du fonds pr\u00e9voit de passer \u00e0 un fonds bas\u00e9 sur la VNI. Cela aurait pour cons\u00e9quence l'arr\u00eat du n\u00e9goce hors bourse au plus tard fin septembre 2023.","robots":{"index":"index","follow":"follow","max-snippet":"max-snippet:-1","max-image-preview":"max-image-preview:large","max-video-preview":"max-video-preview:-1"},"canonical":"https:\/\/www.immobilienbusiness.ch\/fr\/unternehmen\/2023-06-14\/swiss-life-will-ausserboerslichen-handel-fuer-europa-fonds-einstellen\/","og_locale":"fr_FR","og_type":"article","og_title":"Swiss Life will ausserb\u00f6rslichen Handel f\u00fcr Europa-Fonds einstellen - IMMOBILIEN Business","og_description":"F\u00fcr den Fonds Swiss Life REF (CH) ESG European Properties plant die Fondsleitung die Umstellung auf einen NAV-basierten Fonds. Dies h\u00e4tte zur Folge, dass der ausserb\u00f6rsliche Handels bis sp\u00e4testens Ende September 2023 gestoppt w\u00fcrde.","og_url":"https:\/\/www.immobilienbusiness.ch\/fr\/unternehmen\/2023-06-14\/swiss-life-will-ausserboerslichen-handel-fuer-europa-fonds-einstellen\/","og_site_name":"IMMOBILIEN Business","article_publisher":"https:\/\/www.facebook.com\/immobilienbusiness\/","article_published_time":"2023-06-14T06:44:31+00:00","article_modified_time":"2023-06-22T16:49:06+00:00","og_image":[{"width":624,"height":392,"url":"https:\/\/www.immobilienbusiness.ch\/wp-content\/uploads\/2017\/07\/Immobilien-Business-News-20170710-Dekotierung-Pax-Anlage-AG-c-Alexmit-\u2013-depositphotos.jpg","type":"image\/jpeg"}],"author":"Alexander Wachter","twitter_card":"summary_large_image","schema":{"@context":"https:\/\/schema.org","@graph":[{"@type":"Article","@id":"https:\/\/www.immobilienbusiness.ch\/fr\/unternehmen\/2023-06-14\/swiss-life-will-ausserboerslichen-handel-fuer-europa-fonds-einstellen\/#article","isPartOf":{"@id":"https:\/\/www.immobilienbusiness.ch\/fr\/unternehmen\/2023-06-14\/swiss-life-will-ausserboerslichen-handel-fuer-europa-fonds-einstellen\/"},"author":{"name":"Alexander Wachter","@id":"https:\/\/www.immobilienbusiness.ch\/#\/schema\/person\/aba8bea2db926aa0c24c08c43fe1fcd5"},"headline":"Swiss Life will ausserb\u00f6rslichen Handel f\u00fcr Europa-Fonds einstellen","datePublished":"2023-06-14T06:44:31+00:00","dateModified":"2023-06-22T16:49:06+00:00","mainEntityOfPage":{"@id":"https:\/\/www.immobilienbusiness.ch\/fr\/unternehmen\/2023-06-14\/swiss-life-will-ausserboerslichen-handel-fuer-europa-fonds-einstellen\/"},"wordCount":123,"publisher":{"@id":"https:\/\/www.immobilienbusiness.ch\/#organization"},"image":{"@id":"https:\/\/www.immobilienbusiness.ch\/fr\/unternehmen\/2023-06-14\/swiss-life-will-ausserboerslichen-handel-fuer-europa-fonds-einstellen\/#primaryimage"},"thumbnailUrl":"https:\/\/www.immobilienbusiness.ch\/wp-content\/uploads\/2017\/07\/Immobilien-Business-News-20170710-Dekotierung-Pax-Anlage-AG-c-Alexmit-\u2013-depositphotos.jpg","keywords":["Immobilienfonds","Swiss Life"],"articleSection":["UNTERNEHMEN"],"inLanguage":"fr-FR"},{"@type":"WebPage","@id":"https:\/\/www.immobilienbusiness.ch\/fr\/unternehmen\/2023-06-14\/swiss-life-will-ausserboerslichen-handel-fuer-europa-fonds-einstellen\/","url":"https:\/\/www.immobilienbusiness.ch\/fr\/unternehmen\/2023-06-14\/swiss-life-will-ausserboerslichen-handel-fuer-europa-fonds-einstellen\/","name":"Swiss Life veut mettre fin au n\u00e9goce hors bourse pour les fonds europ\u00e9ens - IMMOBILIER Business","isPartOf":{"@id":"https:\/\/www.immobilienbusiness.ch\/#website"},"primaryImageOfPage":{"@id":"https:\/\/www.immobilienbusiness.ch\/fr\/unternehmen\/2023-06-14\/swiss-life-will-ausserboerslichen-handel-fuer-europa-fonds-einstellen\/#primaryimage"},"image":{"@id":"https:\/\/www.immobilienbusiness.ch\/fr\/unternehmen\/2023-06-14\/swiss-life-will-ausserboerslichen-handel-fuer-europa-fonds-einstellen\/#primaryimage"},"thumbnailUrl":"https:\/\/www.immobilienbusiness.ch\/wp-content\/uploads\/2017\/07\/Immobilien-Business-News-20170710-Dekotierung-Pax-Anlage-AG-c-Alexmit-\u2013-depositphotos.jpg","datePublished":"2023-06-14T06:44:31+00:00","dateModified":"2023-06-22T16:49:06+00:00","description":"Pour le fonds Swiss Life REF (CH) ESG European Properties, la direction du fonds pr\u00e9voit de passer \u00e0 un fonds bas\u00e9 sur la VNI. Cela aurait pour cons\u00e9quence l'arr\u00eat du n\u00e9goce hors bourse au plus tard fin septembre 2023.","breadcrumb":{"@id":"https:\/\/www.immobilienbusiness.ch\/fr\/unternehmen\/2023-06-14\/swiss-life-will-ausserboerslichen-handel-fuer-europa-fonds-einstellen\/#breadcrumb"},"inLanguage":"fr-FR","potentialAction":[{"@type":"ReadAction","target":["https:\/\/www.immobilienbusiness.ch\/fr\/unternehmen\/2023-06-14\/swiss-life-will-ausserboerslichen-handel-fuer-europa-fonds-einstellen\/"]}]},{"@type":"ImageObject","inLanguage":"fr-FR","@id":"https:\/\/www.immobilienbusiness.ch\/fr\/unternehmen\/2023-06-14\/swiss-life-will-ausserboerslichen-handel-fuer-europa-fonds-einstellen\/#primaryimage","url":"https:\/\/www.immobilienbusiness.ch\/wp-content\/uploads\/2017\/07\/Immobilien-Business-News-20170710-Dekotierung-Pax-Anlage-AG-c-Alexmit-\u2013-depositphotos.jpg","contentUrl":"https:\/\/www.immobilienbusiness.ch\/wp-content\/uploads\/2017\/07\/Immobilien-Business-News-20170710-Dekotierung-Pax-Anlage-AG-c-Alexmit-\u2013-depositphotos.jpg","width":624,"height":392,"caption":"Ecoreal hat ein Quartalsupdate f\u00fcr seine beiden Anlagegruppen vorgelegt (Bild: Alexmit \u2013 depositphotos)"},{"@type":"BreadcrumbList","@id":"https:\/\/www.immobilienbusiness.ch\/fr\/unternehmen\/2023-06-14\/swiss-life-will-ausserboerslichen-handel-fuer-europa-fonds-einstellen\/#breadcrumb","itemListElement":[{"@type":"ListItem","position":1,"name":"Home","item":"https:\/\/www.immobilienbusiness.ch\/"},{"@type":"ListItem","position":2,"name":"Swiss Life will ausserb\u00f6rslichen Handel f\u00fcr Europa-Fonds einstellen"}]},{"@type":"WebSite","@id":"https:\/\/www.immobilienbusiness.ch\/#website","url":"https:\/\/www.immobilienbusiness.ch\/","name":"IMMOBILIER Business","description":"Magazine \u00e9conomique suisse ind\u00e9pendant ax\u00e9 sur l'immobilier, l'architecture et la construction ainsi que sur les investissements et le financement.","publisher":{"@id":"https:\/\/www.immobilienbusiness.ch\/#organization"},"potentialAction":[{"@type":"SearchAction","target":{"@type":"EntryPoint","urlTemplate":"https:\/\/www.immobilienbusiness.ch\/?s={search_term_string}"},"query-input":{"@type":"PropertyValueSpecification","valueRequired":true,"valueName":"search_term_string"}}],"inLanguage":"fr-FR"},{"@type":"Organization","@id":"https:\/\/www.immobilienbusiness.ch\/#organization","name":"IMMOBILIER Business","url":"https:\/\/www.immobilienbusiness.ch\/","logo":{"@type":"ImageObject","inLanguage":"fr-FR","@id":"https:\/\/www.immobilienbusiness.ch\/#\/schema\/logo\/image\/","url":"https:\/\/www.immobilienbusiness.ch\/wp-content\/uploads\/2021\/07\/logo_ib.png","contentUrl":"https:\/\/www.immobilienbusiness.ch\/wp-content\/uploads\/2021\/07\/logo_ib.png","width":800,"height":181,"caption":"IMMOBILIEN Business"},"image":{"@id":"https:\/\/www.immobilienbusiness.ch\/#\/schema\/logo\/image\/"},"sameAs":["https:\/\/www.facebook.com\/immobilienbusiness\/"]},{"@type":"Person","@id":"https:\/\/www.immobilienbusiness.ch\/#\/schema\/person\/aba8bea2db926aa0c24c08c43fe1fcd5","name":"Alexander Wachter","image":{"@type":"ImageObject","inLanguage":"fr-FR","@id":"https:\/\/secure.gravatar.com\/avatar\/1a09e471f5389b0e0a6416eac287e0927c7c97a7b77f9e787eba3af7aee281dd?s=96&d=mm&r=g","url":"https:\/\/secure.gravatar.com\/avatar\/1a09e471f5389b0e0a6416eac287e0927c7c97a7b77f9e787eba3af7aee281dd?s=96&d=mm&r=g","contentUrl":"https:\/\/secure.gravatar.com\/avatar\/1a09e471f5389b0e0a6416eac287e0927c7c97a7b77f9e787eba3af7aee281dd?s=96&d=mm&r=g","caption":"Alexander Wachter"},"url":"https:\/\/www.immobilienbusiness.ch\/fr\/author\/alexander-wachter\/"}]}},"_links":{"self":[{"href":"https:\/\/www.immobilienbusiness.ch\/fr\/wp-json\/wp\/v2\/posts\/47370","targetHints":{"allow":["GET"]}}],"collection":[{"href":"https:\/\/www.immobilienbusiness.ch\/fr\/wp-json\/wp\/v2\/posts"}],"about":[{"href":"https:\/\/www.immobilienbusiness.ch\/fr\/wp-json\/wp\/v2\/types\/post"}],"author":[{"embeddable":true,"href":"https:\/\/www.immobilienbusiness.ch\/fr\/wp-json\/wp\/v2\/users\/102"}],"replies":[{"embeddable":true,"href":"https:\/\/www.immobilienbusiness.ch\/fr\/wp-json\/wp\/v2\/comments?post=47370"}],"version-history":[{"count":7,"href":"https:\/\/www.immobilienbusiness.ch\/fr\/wp-json\/wp\/v2\/posts\/47370\/revisions"}],"predecessor-version":[{"id":47663,"href":"https:\/\/www.immobilienbusiness.ch\/fr\/wp-json\/wp\/v2\/posts\/47370\/revisions\/47663"}],"wp:featuredmedia":[{"embeddable":true,"href":"https:\/\/www.immobilienbusiness.ch\/fr\/wp-json\/wp\/v2\/media\/8281"}],"wp:attachment":[{"href":"https:\/\/www.immobilienbusiness.ch\/fr\/wp-json\/wp\/v2\/media?parent=47370"}],"wp:term":[{"taxonomy":"category","embeddable":true,"href":"https:\/\/www.immobilienbusiness.ch\/fr\/wp-json\/wp\/v2\/categories?post=47370"},{"taxonomy":"post_tag","embeddable":true,"href":"https:\/\/www.immobilienbusiness.ch\/fr\/wp-json\/wp\/v2\/tags?post=47370"}],"curies":[{"name":"wp","href":"https:\/\/api.w.org\/{rel}","templated":true}]}}