{"id":47351,"date":"2023-06-13T05:24:29","date_gmt":"2023-06-13T03:24:29","guid":{"rendered":"https:\/\/www.immobilienbusiness.ch\/?p=47351"},"modified":"2023-06-22T18:51:06","modified_gmt":"2023-06-22T16:51:06","slug":"uzwil-technologiekonzern-eroeffnet-schulungszentrum","status":"publish","type":"post","link":"https:\/\/www.immobilienbusiness.ch\/fr\/regionen\/2023-06-13\/uzwil-technologiekonzern-eroeffnet-schulungszentrum\/","title":{"rendered":"Uzwil : un groupe technologique ouvre un \"Energy Center"},"content":{"rendered":"<figure id=\"attachment_47352\" aria-describedby=\"caption-attachment-47352\" style=\"width: 1200px\" class=\"wp-caption alignnone\"><a href=\"https:\/\/www.immobilienbusiness.ch\/wp-content\/uploads\/2023\/06\/Buehler-Energy-Center.png\"><img loading=\"lazy\" decoding=\"async\" class=\"wp-image-47352 size-full\" src=\"https:\/\/www.immobilienbusiness.ch\/wp-content\/uploads\/2023\/06\/Buehler-Energy-Center.png\" alt=\"Uzwil\" width=\"1200\" height=\"802\" srcset=\"https:\/\/www.immobilienbusiness.ch\/wp-content\/uploads\/2023\/06\/Buehler-Energy-Center.png 1200w, https:\/\/www.immobilienbusiness.ch\/wp-content\/uploads\/2023\/06\/Buehler-Energy-Center-300x201.png 300w, https:\/\/www.immobilienbusiness.ch\/wp-content\/uploads\/2023\/06\/Buehler-Energy-Center-1024x685.png 1024w, https:\/\/www.immobilienbusiness.ch\/wp-content\/uploads\/2023\/06\/Buehler-Energy-Center-768x513.png 768w, https:\/\/www.immobilienbusiness.ch\/wp-content\/uploads\/2023\/06\/Buehler-Energy-Center-18x12.png 18w, https:\/\/www.immobilienbusiness.ch\/wp-content\/uploads\/2023\/06\/Buehler-Energy-Center-375x251.png 375w, https:\/\/www.immobilienbusiness.ch\/wp-content\/uploads\/2023\/06\/Buehler-Energy-Center-524x350.png 524w, https:\/\/www.immobilienbusiness.ch\/wp-content\/uploads\/2023\/06\/Buehler-Energy-Center-1000x669.png 1000w\" sizes=\"auto, (max-width: 1200px) 100vw, 1200px\" \/><\/a><figcaption id=\"caption-attachment-47352\" class=\"wp-caption-text\">L'\"Energy Center\" \u00e0 Uzwil (photo : B\u00fchler)<\/figcaption><\/figure>\n<p>Le b\u00e2timent de 125 m de long et 19 m de large offre une surface totale de 5.000 m\u00b2 pour la formation, les soins de sant\u00e9 et la production. Le b\u00e2timent compl\u00e8te le campus d'entreprise du constructeur de machines, un leader mondial dans le domaine de la transformation des aliments. L'accent a \u00e9t\u00e9 mis sur la durabilit\u00e9 avec la r\u00e9utilisation du b\u00e9ton du b\u00e2timent pr\u00e9c\u00e9dent et l'utilisation de ciment \u00e0 faible \u00e9mission de CO2. En outre, la structure porteuse de la partie bureaux est r\u00e9alis\u00e9e en bois, comme l'explique Elvis Pidic, architecte et Head of Corporate Real Estate Management chez B\u00fchler.<\/p>\n<p>L'objectif de l'architecture serait d'aider les collaborateurs \u00e0 apprendre de mani\u00e8re autonome et \u00e0 \"se ressourcer\". Le b\u00e2timent doit \u00e9galement promouvoir la sant\u00e9 et la cr\u00e9ativit\u00e9 des collaborateurs : \"L'\u00e9nergie positive et le savoir sont des ressources d\u00e9cisives et constituent la base du bien-\u00eatre, de la performance et de la r\u00e9silience\", \u00e9crit l'entreprise dans un communiqu\u00e9. La construction a d\u00e9but\u00e9 en novembre 2021 et fait partie du \"B\u00fchler Innovation Campus\". <em>(aw)<\/em><\/p>","protected":false},"excerpt":{"rendered":"<p>\u00c0 Uzwil (SG), le groupe technologique suisse B\u00fchler a ouvert un centre de formation innovant, un \"Energy Center\", sur le campus de l'entreprise.<\/p>","protected":false},"author":102,"featured_media":47352,"comment_status":"closed","ping_status":"closed","sticky":false,"template":"","format":"standard","meta":{"_acf_changed":false,"_yoast_wpseo_focuskw":"Uzwil","_yoast_wpseo_title":"","_yoast_wpseo_metadesc":"In Uzwil (SG) hat der Schweizer Technologiekonzern B\u00fchler ein innovatives Schulungszentrum, ein \u00abEnergy Center\u00bb, auf dem Unternehmenscampus er\u00f6ffnet.","_yoast_wpseo_linkdex":52,"pgc_sgb_lightbox_settings":"","footnotes":""},"categories":[985],"tags":[1039,2237,2236],"class_list":["post-47351","post","type-post","status-publish","format-standard","has-post-thumbnail","hentry","category-regionen","tag-architektur","tag-corporate-real-estate","tag-uzwil"],"acf":[],"yoast_head":"<!-- This site is optimized with the Yoast SEO plugin v27.4 - https:\/\/yoast.com\/product\/yoast-seo-wordpress\/ -->\n<title>Uzwil: Technologiekonzern er\u00f6ffnet \u00abEnergy Center\u00bb - IMMOBILIEN Business<\/title>\n<meta name=\"description\" content=\"In Uzwil (SG) hat der Schweizer Technologiekonzern B\u00fchler ein innovatives Schulungszentrum, ein \u00abEnergy Center\u00bb, auf dem Unternehmenscampus er\u00f6ffnet.\" \/>\n<meta name=\"robots\" content=\"index, follow, max-snippet:-1, max-image-preview:large, max-video-preview:-1\" \/>\n<link rel=\"canonical\" href=\"https:\/\/www.immobilienbusiness.ch\/fr\/regionen\/2023-06-13\/uzwil-technologiekonzern-eroeffnet-schulungszentrum\/\" \/>\n<meta property=\"og:locale\" content=\"fr_FR\" \/>\n<meta property=\"og:type\" content=\"article\" \/>\n<meta property=\"og:title\" content=\"Uzwil: Technologiekonzern er\u00f6ffnet \u00abEnergy Center\u00bb - IMMOBILIEN Business\" \/>\n<meta property=\"og:description\" content=\"In Uzwil (SG) hat der Schweizer Technologiekonzern B\u00fchler ein innovatives Schulungszentrum, ein \u00abEnergy Center\u00bb, auf dem Unternehmenscampus er\u00f6ffnet.\" \/>\n<meta property=\"og:url\" content=\"https:\/\/www.immobilienbusiness.ch\/fr\/regionen\/2023-06-13\/uzwil-technologiekonzern-eroeffnet-schulungszentrum\/\" \/>\n<meta property=\"og:site_name\" content=\"IMMOBILIEN Business\" \/>\n<meta property=\"article:publisher\" content=\"https:\/\/www.facebook.com\/immobilienbusiness\/\" \/>\n<meta property=\"article:published_time\" content=\"2023-06-13T03:24:29+00:00\" \/>\n<meta property=\"article:modified_time\" content=\"2023-06-22T16:51:06+00:00\" \/>\n<meta property=\"og:image\" content=\"https:\/\/www.immobilienbusiness.ch\/wp-content\/uploads\/2023\/06\/Buehler-Energy-Center.png\" \/>\n\t<meta property=\"og:image:width\" content=\"1200\" \/>\n\t<meta property=\"og:image:height\" content=\"802\" \/>\n\t<meta property=\"og:image:type\" content=\"image\/png\" \/>\n<meta name=\"author\" content=\"Alexander Wachter\" \/>\n<meta name=\"twitter:card\" content=\"summary_large_image\" \/>\n<script type=\"application\/ld+json\" class=\"yoast-schema-graph\">{\"@context\":\"https:\\\/\\\/schema.org\",\"@graph\":[{\"@type\":\"Article\",\"@id\":\"https:\\\/\\\/www.immobilienbusiness.ch\\\/en\\\/regionen\\\/2023-06-13\\\/uzwil-technologiekonzern-eroeffnet-schulungszentrum\\\/#article\",\"isPartOf\":{\"@id\":\"https:\\\/\\\/www.immobilienbusiness.ch\\\/en\\\/regionen\\\/2023-06-13\\\/uzwil-technologiekonzern-eroeffnet-schulungszentrum\\\/\"},\"author\":{\"name\":\"Alexander Wachter\",\"@id\":\"https:\\\/\\\/www.immobilienbusiness.ch\\\/#\\\/schema\\\/person\\\/aba8bea2db926aa0c24c08c43fe1fcd5\"},\"headline\":\"Uzwil: Technologiekonzern er\u00f6ffnet \u00abEnergy Center\u00bb\",\"datePublished\":\"2023-06-13T03:24:29+00:00\",\"dateModified\":\"2023-06-22T16:51:06+00:00\",\"mainEntityOfPage\":{\"@id\":\"https:\\\/\\\/www.immobilienbusiness.ch\\\/en\\\/regionen\\\/2023-06-13\\\/uzwil-technologiekonzern-eroeffnet-schulungszentrum\\\/\"},\"wordCount\":168,\"publisher\":{\"@id\":\"https:\\\/\\\/www.immobilienbusiness.ch\\\/#organization\"},\"image\":{\"@id\":\"https:\\\/\\\/www.immobilienbusiness.ch\\\/en\\\/regionen\\\/2023-06-13\\\/uzwil-technologiekonzern-eroeffnet-schulungszentrum\\\/#primaryimage\"},\"thumbnailUrl\":\"https:\\\/\\\/www.immobilienbusiness.ch\\\/wp-content\\\/uploads\\\/2023\\\/06\\\/Buehler-Energy-Center.png\",\"keywords\":[\"Architektur\",\"Corporate Real Estate\",\"Uzwil\"],\"articleSection\":[\"REGIONEN\"],\"inLanguage\":\"fr-FR\"},{\"@type\":\"WebPage\",\"@id\":\"https:\\\/\\\/www.immobilienbusiness.ch\\\/en\\\/regionen\\\/2023-06-13\\\/uzwil-technologiekonzern-eroeffnet-schulungszentrum\\\/\",\"url\":\"https:\\\/\\\/www.immobilienbusiness.ch\\\/en\\\/regionen\\\/2023-06-13\\\/uzwil-technologiekonzern-eroeffnet-schulungszentrum\\\/\",\"name\":\"Uzwil: Technologiekonzern er\u00f6ffnet \u00abEnergy Center\u00bb - IMMOBILIEN Business\",\"isPartOf\":{\"@id\":\"https:\\\/\\\/www.immobilienbusiness.ch\\\/#website\"},\"primaryImageOfPage\":{\"@id\":\"https:\\\/\\\/www.immobilienbusiness.ch\\\/en\\\/regionen\\\/2023-06-13\\\/uzwil-technologiekonzern-eroeffnet-schulungszentrum\\\/#primaryimage\"},\"image\":{\"@id\":\"https:\\\/\\\/www.immobilienbusiness.ch\\\/en\\\/regionen\\\/2023-06-13\\\/uzwil-technologiekonzern-eroeffnet-schulungszentrum\\\/#primaryimage\"},\"thumbnailUrl\":\"https:\\\/\\\/www.immobilienbusiness.ch\\\/wp-content\\\/uploads\\\/2023\\\/06\\\/Buehler-Energy-Center.png\",\"datePublished\":\"2023-06-13T03:24:29+00:00\",\"dateModified\":\"2023-06-22T16:51:06+00:00\",\"description\":\"In Uzwil (SG) hat der Schweizer Technologiekonzern B\u00fchler ein innovatives Schulungszentrum, ein \u00abEnergy Center\u00bb, auf dem Unternehmenscampus er\u00f6ffnet.\",\"breadcrumb\":{\"@id\":\"https:\\\/\\\/www.immobilienbusiness.ch\\\/en\\\/regionen\\\/2023-06-13\\\/uzwil-technologiekonzern-eroeffnet-schulungszentrum\\\/#breadcrumb\"},\"inLanguage\":\"fr-FR\",\"potentialAction\":[{\"@type\":\"ReadAction\",\"target\":[\"https:\\\/\\\/www.immobilienbusiness.ch\\\/en\\\/regionen\\\/2023-06-13\\\/uzwil-technologiekonzern-eroeffnet-schulungszentrum\\\/\"]}]},{\"@type\":\"ImageObject\",\"inLanguage\":\"fr-FR\",\"@id\":\"https:\\\/\\\/www.immobilienbusiness.ch\\\/en\\\/regionen\\\/2023-06-13\\\/uzwil-technologiekonzern-eroeffnet-schulungszentrum\\\/#primaryimage\",\"url\":\"https:\\\/\\\/www.immobilienbusiness.ch\\\/wp-content\\\/uploads\\\/2023\\\/06\\\/Buehler-Energy-Center.png\",\"contentUrl\":\"https:\\\/\\\/www.immobilienbusiness.ch\\\/wp-content\\\/uploads\\\/2023\\\/06\\\/Buehler-Energy-Center.png\",\"width\":1200,\"height\":802,\"caption\":\"Das \u00abEnergy Center\u00bb in Uzwil (Bild: B\u00fchler)\"},{\"@type\":\"BreadcrumbList\",\"@id\":\"https:\\\/\\\/www.immobilienbusiness.ch\\\/en\\\/regionen\\\/2023-06-13\\\/uzwil-technologiekonzern-eroeffnet-schulungszentrum\\\/#breadcrumb\",\"itemListElement\":[{\"@type\":\"ListItem\",\"position\":1,\"name\":\"Home\",\"item\":\"https:\\\/\\\/www.immobilienbusiness.ch\\\/\"},{\"@type\":\"ListItem\",\"position\":2,\"name\":\"Uzwil: Technologiekonzern er\u00f6ffnet \u00abEnergy Center\u00bb\"}]},{\"@type\":\"WebSite\",\"@id\":\"https:\\\/\\\/www.immobilienbusiness.ch\\\/#website\",\"url\":\"https:\\\/\\\/www.immobilienbusiness.ch\\\/\",\"name\":\"IMMOBILIEN Business\",\"description\":\"Unabh\u00e4ngiges Schweizer Wirtschaftsmagazin mit Fokus auf Immobilien, Architektur- und Bau sowie Investment- und Finanzierung.\",\"publisher\":{\"@id\":\"https:\\\/\\\/www.immobilienbusiness.ch\\\/#organization\"},\"potentialAction\":[{\"@type\":\"SearchAction\",\"target\":{\"@type\":\"EntryPoint\",\"urlTemplate\":\"https:\\\/\\\/www.immobilienbusiness.ch\\\/?s={search_term_string}\"},\"query-input\":{\"@type\":\"PropertyValueSpecification\",\"valueRequired\":true,\"valueName\":\"search_term_string\"}}],\"inLanguage\":\"fr-FR\"},{\"@type\":\"Organization\",\"@id\":\"https:\\\/\\\/www.immobilienbusiness.ch\\\/#organization\",\"name\":\"IMMOBILIEN Business\",\"url\":\"https:\\\/\\\/www.immobilienbusiness.ch\\\/\",\"logo\":{\"@type\":\"ImageObject\",\"inLanguage\":\"fr-FR\",\"@id\":\"https:\\\/\\\/www.immobilienbusiness.ch\\\/#\\\/schema\\\/logo\\\/image\\\/\",\"url\":\"https:\\\/\\\/www.immobilienbusiness.ch\\\/wp-content\\\/uploads\\\/2021\\\/07\\\/logo_ib.png\",\"contentUrl\":\"https:\\\/\\\/www.immobilienbusiness.ch\\\/wp-content\\\/uploads\\\/2021\\\/07\\\/logo_ib.png\",\"width\":800,\"height\":181,\"caption\":\"IMMOBILIEN Business\"},\"image\":{\"@id\":\"https:\\\/\\\/www.immobilienbusiness.ch\\\/#\\\/schema\\\/logo\\\/image\\\/\"},\"sameAs\":[\"https:\\\/\\\/www.facebook.com\\\/immobilienbusiness\\\/\"]},{\"@type\":\"Person\",\"@id\":\"https:\\\/\\\/www.immobilienbusiness.ch\\\/#\\\/schema\\\/person\\\/aba8bea2db926aa0c24c08c43fe1fcd5\",\"name\":\"Alexander Wachter\",\"image\":{\"@type\":\"ImageObject\",\"inLanguage\":\"fr-FR\",\"@id\":\"https:\\\/\\\/secure.gravatar.com\\\/avatar\\\/1a09e471f5389b0e0a6416eac287e0927c7c97a7b77f9e787eba3af7aee281dd?s=96&d=mm&r=g\",\"url\":\"https:\\\/\\\/secure.gravatar.com\\\/avatar\\\/1a09e471f5389b0e0a6416eac287e0927c7c97a7b77f9e787eba3af7aee281dd?s=96&d=mm&r=g\",\"contentUrl\":\"https:\\\/\\\/secure.gravatar.com\\\/avatar\\\/1a09e471f5389b0e0a6416eac287e0927c7c97a7b77f9e787eba3af7aee281dd?s=96&d=mm&r=g\",\"caption\":\"Alexander Wachter\"},\"url\":\"https:\\\/\\\/www.immobilienbusiness.ch\\\/fr\\\/author\\\/alexander-wachter\\\/\"}]}<\/script>\n<!-- \/ Yoast SEO plugin. -->","yoast_head_json":{"title":"Uzwil: Technologiekonzern er\u00f6ffnet \u00abEnergy Center\u00bb - IMMOBILIEN Business","description":"\u00c0 Uzwil (SG), le groupe technologique suisse B\u00fchler a ouvert un centre de formation innovant, un \"Energy Center\", sur le campus de l'entreprise.","robots":{"index":"index","follow":"follow","max-snippet":"max-snippet:-1","max-image-preview":"max-image-preview:large","max-video-preview":"max-video-preview:-1"},"canonical":"https:\/\/www.immobilienbusiness.ch\/fr\/regionen\/2023-06-13\/uzwil-technologiekonzern-eroeffnet-schulungszentrum\/","og_locale":"fr_FR","og_type":"article","og_title":"Uzwil: Technologiekonzern er\u00f6ffnet \u00abEnergy Center\u00bb - IMMOBILIEN Business","og_description":"In Uzwil (SG) hat der Schweizer Technologiekonzern B\u00fchler ein innovatives Schulungszentrum, ein \u00abEnergy Center\u00bb, auf dem Unternehmenscampus er\u00f6ffnet.","og_url":"https:\/\/www.immobilienbusiness.ch\/fr\/regionen\/2023-06-13\/uzwil-technologiekonzern-eroeffnet-schulungszentrum\/","og_site_name":"IMMOBILIEN Business","article_publisher":"https:\/\/www.facebook.com\/immobilienbusiness\/","article_published_time":"2023-06-13T03:24:29+00:00","article_modified_time":"2023-06-22T16:51:06+00:00","og_image":[{"width":1200,"height":802,"url":"https:\/\/www.immobilienbusiness.ch\/wp-content\/uploads\/2023\/06\/Buehler-Energy-Center.png","type":"image\/png"}],"author":"Alexander Wachter","twitter_card":"summary_large_image","schema":{"@context":"https:\/\/schema.org","@graph":[{"@type":"Article","@id":"https:\/\/www.immobilienbusiness.ch\/en\/regionen\/2023-06-13\/uzwil-technologiekonzern-eroeffnet-schulungszentrum\/#article","isPartOf":{"@id":"https:\/\/www.immobilienbusiness.ch\/en\/regionen\/2023-06-13\/uzwil-technologiekonzern-eroeffnet-schulungszentrum\/"},"author":{"name":"Alexander Wachter","@id":"https:\/\/www.immobilienbusiness.ch\/#\/schema\/person\/aba8bea2db926aa0c24c08c43fe1fcd5"},"headline":"Uzwil: Technologiekonzern er\u00f6ffnet \u00abEnergy Center\u00bb","datePublished":"2023-06-13T03:24:29+00:00","dateModified":"2023-06-22T16:51:06+00:00","mainEntityOfPage":{"@id":"https:\/\/www.immobilienbusiness.ch\/en\/regionen\/2023-06-13\/uzwil-technologiekonzern-eroeffnet-schulungszentrum\/"},"wordCount":168,"publisher":{"@id":"https:\/\/www.immobilienbusiness.ch\/#organization"},"image":{"@id":"https:\/\/www.immobilienbusiness.ch\/en\/regionen\/2023-06-13\/uzwil-technologiekonzern-eroeffnet-schulungszentrum\/#primaryimage"},"thumbnailUrl":"https:\/\/www.immobilienbusiness.ch\/wp-content\/uploads\/2023\/06\/Buehler-Energy-Center.png","keywords":["Architektur","Corporate Real Estate","Uzwil"],"articleSection":["REGIONEN"],"inLanguage":"fr-FR"},{"@type":"WebPage","@id":"https:\/\/www.immobilienbusiness.ch\/en\/regionen\/2023-06-13\/uzwil-technologiekonzern-eroeffnet-schulungszentrum\/","url":"https:\/\/www.immobilienbusiness.ch\/en\/regionen\/2023-06-13\/uzwil-technologiekonzern-eroeffnet-schulungszentrum\/","name":"Uzwil: Technologiekonzern er\u00f6ffnet \u00abEnergy Center\u00bb - IMMOBILIEN Business","isPartOf":{"@id":"https:\/\/www.immobilienbusiness.ch\/#website"},"primaryImageOfPage":{"@id":"https:\/\/www.immobilienbusiness.ch\/en\/regionen\/2023-06-13\/uzwil-technologiekonzern-eroeffnet-schulungszentrum\/#primaryimage"},"image":{"@id":"https:\/\/www.immobilienbusiness.ch\/en\/regionen\/2023-06-13\/uzwil-technologiekonzern-eroeffnet-schulungszentrum\/#primaryimage"},"thumbnailUrl":"https:\/\/www.immobilienbusiness.ch\/wp-content\/uploads\/2023\/06\/Buehler-Energy-Center.png","datePublished":"2023-06-13T03:24:29+00:00","dateModified":"2023-06-22T16:51:06+00:00","description":"\u00c0 Uzwil (SG), le groupe technologique suisse B\u00fchler a ouvert un centre de formation innovant, un \"Energy Center\", sur le campus de l'entreprise.","breadcrumb":{"@id":"https:\/\/www.immobilienbusiness.ch\/en\/regionen\/2023-06-13\/uzwil-technologiekonzern-eroeffnet-schulungszentrum\/#breadcrumb"},"inLanguage":"fr-FR","potentialAction":[{"@type":"ReadAction","target":["https:\/\/www.immobilienbusiness.ch\/en\/regionen\/2023-06-13\/uzwil-technologiekonzern-eroeffnet-schulungszentrum\/"]}]},{"@type":"ImageObject","inLanguage":"fr-FR","@id":"https:\/\/www.immobilienbusiness.ch\/en\/regionen\/2023-06-13\/uzwil-technologiekonzern-eroeffnet-schulungszentrum\/#primaryimage","url":"https:\/\/www.immobilienbusiness.ch\/wp-content\/uploads\/2023\/06\/Buehler-Energy-Center.png","contentUrl":"https:\/\/www.immobilienbusiness.ch\/wp-content\/uploads\/2023\/06\/Buehler-Energy-Center.png","width":1200,"height":802,"caption":"Das \u00abEnergy Center\u00bb in Uzwil (Bild: B\u00fchler)"},{"@type":"BreadcrumbList","@id":"https:\/\/www.immobilienbusiness.ch\/en\/regionen\/2023-06-13\/uzwil-technologiekonzern-eroeffnet-schulungszentrum\/#breadcrumb","itemListElement":[{"@type":"ListItem","position":1,"name":"Home","item":"https:\/\/www.immobilienbusiness.ch\/"},{"@type":"ListItem","position":2,"name":"Uzwil: Technologiekonzern er\u00f6ffnet \u00abEnergy Center\u00bb"}]},{"@type":"WebSite","@id":"https:\/\/www.immobilienbusiness.ch\/#website","url":"https:\/\/www.immobilienbusiness.ch\/","name":"IMMOBILIER Business","description":"Magazine \u00e9conomique suisse ind\u00e9pendant ax\u00e9 sur l'immobilier, l'architecture et la construction ainsi que sur les investissements et le financement.","publisher":{"@id":"https:\/\/www.immobilienbusiness.ch\/#organization"},"potentialAction":[{"@type":"SearchAction","target":{"@type":"EntryPoint","urlTemplate":"https:\/\/www.immobilienbusiness.ch\/?s={search_term_string}"},"query-input":{"@type":"PropertyValueSpecification","valueRequired":true,"valueName":"search_term_string"}}],"inLanguage":"fr-FR"},{"@type":"Organization","@id":"https:\/\/www.immobilienbusiness.ch\/#organization","name":"IMMOBILIER Business","url":"https:\/\/www.immobilienbusiness.ch\/","logo":{"@type":"ImageObject","inLanguage":"fr-FR","@id":"https:\/\/www.immobilienbusiness.ch\/#\/schema\/logo\/image\/","url":"https:\/\/www.immobilienbusiness.ch\/wp-content\/uploads\/2021\/07\/logo_ib.png","contentUrl":"https:\/\/www.immobilienbusiness.ch\/wp-content\/uploads\/2021\/07\/logo_ib.png","width":800,"height":181,"caption":"IMMOBILIEN Business"},"image":{"@id":"https:\/\/www.immobilienbusiness.ch\/#\/schema\/logo\/image\/"},"sameAs":["https:\/\/www.facebook.com\/immobilienbusiness\/"]},{"@type":"Person","@id":"https:\/\/www.immobilienbusiness.ch\/#\/schema\/person\/aba8bea2db926aa0c24c08c43fe1fcd5","name":"Alexander Wachter","image":{"@type":"ImageObject","inLanguage":"fr-FR","@id":"https:\/\/secure.gravatar.com\/avatar\/1a09e471f5389b0e0a6416eac287e0927c7c97a7b77f9e787eba3af7aee281dd?s=96&d=mm&r=g","url":"https:\/\/secure.gravatar.com\/avatar\/1a09e471f5389b0e0a6416eac287e0927c7c97a7b77f9e787eba3af7aee281dd?s=96&d=mm&r=g","contentUrl":"https:\/\/secure.gravatar.com\/avatar\/1a09e471f5389b0e0a6416eac287e0927c7c97a7b77f9e787eba3af7aee281dd?s=96&d=mm&r=g","caption":"Alexander Wachter"},"url":"https:\/\/www.immobilienbusiness.ch\/fr\/author\/alexander-wachter\/"}]}},"_links":{"self":[{"href":"https:\/\/www.immobilienbusiness.ch\/fr\/wp-json\/wp\/v2\/posts\/47351","targetHints":{"allow":["GET"]}}],"collection":[{"href":"https:\/\/www.immobilienbusiness.ch\/fr\/wp-json\/wp\/v2\/posts"}],"about":[{"href":"https:\/\/www.immobilienbusiness.ch\/fr\/wp-json\/wp\/v2\/types\/post"}],"author":[{"embeddable":true,"href":"https:\/\/www.immobilienbusiness.ch\/fr\/wp-json\/wp\/v2\/users\/102"}],"replies":[{"embeddable":true,"href":"https:\/\/www.immobilienbusiness.ch\/fr\/wp-json\/wp\/v2\/comments?post=47351"}],"version-history":[{"count":8,"href":"https:\/\/www.immobilienbusiness.ch\/fr\/wp-json\/wp\/v2\/posts\/47351\/revisions"}],"predecessor-version":[{"id":47510,"href":"https:\/\/www.immobilienbusiness.ch\/fr\/wp-json\/wp\/v2\/posts\/47351\/revisions\/47510"}],"wp:featuredmedia":[{"embeddable":true,"href":"https:\/\/www.immobilienbusiness.ch\/fr\/wp-json\/wp\/v2\/media\/47352"}],"wp:attachment":[{"href":"https:\/\/www.immobilienbusiness.ch\/fr\/wp-json\/wp\/v2\/media?parent=47351"}],"wp:term":[{"taxonomy":"category","embeddable":true,"href":"https:\/\/www.immobilienbusiness.ch\/fr\/wp-json\/wp\/v2\/categories?post=47351"},{"taxonomy":"post_tag","embeddable":true,"href":"https:\/\/www.immobilienbusiness.ch\/fr\/wp-json\/wp\/v2\/tags?post=47351"}],"curies":[{"name":"wp","href":"https:\/\/api.w.org\/{rel}","templated":true}]}}