{"id":47334,"date":"2023-06-12T08:59:12","date_gmt":"2023-06-12T06:59:12","guid":{"rendered":"https:\/\/www.immobilienbusiness.ch\/?p=47334"},"modified":"2023-06-22T18:52:09","modified_gmt":"2023-06-22T16:52:09","slug":"procimmo-fonds-fusion-soll-im-vierten-quartal-stattfinden","status":"publish","type":"post","link":"https:\/\/www.immobilienbusiness.ch\/fr\/unternehmen\/2023-06-12\/procimmo-fonds-fusion-soll-im-vierten-quartal-stattfinden\/","title":{"rendered":"Procimmo : la fusion des fonds devrait avoir lieu au quatri\u00e8me trimestre"},"content":{"rendered":"<figure id=\"attachment_15182\" aria-describedby=\"caption-attachment-15182\" style=\"width: 999px\" class=\"wp-caption alignnone\"><a href=\"https:\/\/www.immobilienbusiness.ch\/wp-content\/uploads\/2018\/12\/Depositphotos_80147336_m-2015.jpg\"><img loading=\"lazy\" decoding=\"async\" class=\"wp-image-15182 size-full\" src=\"https:\/\/www.immobilienbusiness.ch\/wp-content\/uploads\/2018\/12\/Depositphotos_80147336_m-2015.jpg\" alt=\"Procimmo Real Estate SICAV Fusion\" width=\"999\" height=\"667\" srcset=\"https:\/\/www.immobilienbusiness.ch\/wp-content\/uploads\/2018\/12\/Depositphotos_80147336_m-2015.jpg 999w, https:\/\/www.immobilienbusiness.ch\/wp-content\/uploads\/2018\/12\/Depositphotos_80147336_m-2015-300x200.jpg 300w, https:\/\/www.immobilienbusiness.ch\/wp-content\/uploads\/2018\/12\/Depositphotos_80147336_m-2015-768x513.jpg 768w, https:\/\/www.immobilienbusiness.ch\/wp-content\/uploads\/2018\/12\/Depositphotos_80147336_m-2015-16x12.jpg 16w, https:\/\/www.immobilienbusiness.ch\/wp-content\/uploads\/2018\/12\/Depositphotos_80147336_m-2015-262x175.jpg 262w, https:\/\/www.immobilienbusiness.ch\/wp-content\/uploads\/2018\/12\/Depositphotos_80147336_m-2015-524x350.jpg 524w, https:\/\/www.immobilienbusiness.ch\/wp-content\/uploads\/2018\/12\/Depositphotos_80147336_m-2015-920x614.jpg 920w\" sizes=\"auto, (max-width: 999px) 100vw, 999px\" \/><\/a><figcaption id=\"caption-attachment-15182\" class=\"wp-caption-text\">Le calendrier de la fusion de Procimmo Swiss Commercial Fund II et Procimmo Real Estate SICAV est d\u00e9sormais fix\u00e9 (Image : stockasso - depositphotos)<\/figcaption><\/figure>\n<p>Apr\u00e8s que l'autorit\u00e9 de surveillance financi\u00e8re Finma a approuv\u00e9 le 16 mai la transformation du fonds Procimmo Swiss Commercial Fund II en un compartiment de Procimmo Real Estate SICAV, celle-ci a \u00e9t\u00e9 r\u00e9alis\u00e9e le 31 mai. Procimmo annonce maintenant les prochaines \u00e9tapes de la fusion des fonds :<\/p>\n<ul>\n<li>Une assembl\u00e9e g\u00e9n\u00e9rale extraordinaire de la SICAV est pr\u00e9vue entre mi-ao\u00fbt et fin ao\u00fbt. L'union des deux compartiments y sera vot\u00e9e. La Finma doit \u00e9galement approuver le regroupement.<\/li>\n<li>Une assembl\u00e9e g\u00e9n\u00e9rale ordinaire est pr\u00e9vue entre mi-octobre et fin octobre 2023, au cours de laquelle seront notamment vot\u00e9s le rapport annuel, les comptes annuels et la distribution des dividendes.<\/li>\n<li>Fin octobre, Procimmo pr\u00e9voit de retirer de la cote de la SIX Swiss Exchange le compartiment Swiss Commercial Fund II. Parall\u00e8lement, une cotation est pr\u00e9vue pour les nouvelles actions du compartiment Swiss Commercial Fund.<\/li>\n<li>Si toutes les autorisations n\u00e9cessaires sont accord\u00e9es, l'union pourra avoir lieu au quatri\u00e8me trimestre. Le premier rapport d'activit\u00e9 commun devrait \u00eatre publi\u00e9 au premier trimestre 2024. <em>(ah)<\/em><\/li>\n<\/ul>","protected":false},"excerpt":{"rendered":"<p>Procimmo annonce la suite du calendrier pour la fusion de Procimmo Swiss Commercial Fund II et Procimmo Real Estate SICAV.<\/p>","protected":false},"author":3,"featured_media":15182,"comment_status":"closed","ping_status":"closed","sticky":false,"template":"","format":"standard","meta":{"_acf_changed":false,"_yoast_wpseo_focuskw":"Procimmo Real Estate SICAV Fusion","_yoast_wpseo_title":"","_yoast_wpseo_metadesc":"Procimmo gibt den Zeitplan f\u00fcr die Vereinigung von Procimmo Swiss Commercial Fund II und Procimmo Real Estate SICAV bekannt.","_yoast_wpseo_linkdex":48,"pgc_sgb_lightbox_settings":"","footnotes":""},"categories":[988],"tags":[1344,1597],"class_list":["post-47334","post","type-post","status-publish","format-standard","has-post-thumbnail","hentry","category-unternehmen","tag-immobilienfonds","tag-procimmo"],"acf":[],"yoast_head":"<!-- This site is optimized with the Yoast SEO plugin v27.4 - https:\/\/yoast.com\/product\/yoast-seo-wordpress\/ -->\n<title>Procimmo: Fonds-Fusion soll im vierten Quartal stattfinden - IMMOBILIEN Business<\/title>\n<meta name=\"description\" content=\"Procimmo gibt den Zeitplan f\u00fcr die Vereinigung von Procimmo Swiss Commercial Fund II und Procimmo Real Estate SICAV bekannt.\" \/>\n<meta name=\"robots\" content=\"index, follow, max-snippet:-1, max-image-preview:large, max-video-preview:-1\" \/>\n<link rel=\"canonical\" href=\"https:\/\/www.immobilienbusiness.ch\/fr\/unternehmen\/2023-06-12\/procimmo-fonds-fusion-soll-im-vierten-quartal-stattfinden\/\" \/>\n<meta property=\"og:locale\" content=\"fr_FR\" \/>\n<meta property=\"og:type\" content=\"article\" \/>\n<meta property=\"og:title\" content=\"Procimmo: Fonds-Fusion soll im vierten Quartal stattfinden - IMMOBILIEN Business\" \/>\n<meta property=\"og:description\" content=\"Procimmo gibt den Zeitplan f\u00fcr die Vereinigung von Procimmo Swiss Commercial Fund II und Procimmo Real Estate SICAV bekannt.\" \/>\n<meta property=\"og:url\" content=\"https:\/\/www.immobilienbusiness.ch\/fr\/unternehmen\/2023-06-12\/procimmo-fonds-fusion-soll-im-vierten-quartal-stattfinden\/\" \/>\n<meta property=\"og:site_name\" content=\"IMMOBILIEN Business\" \/>\n<meta property=\"article:publisher\" content=\"https:\/\/www.facebook.com\/immobilienbusiness\/\" \/>\n<meta property=\"article:published_time\" content=\"2023-06-12T06:59:12+00:00\" \/>\n<meta property=\"article:modified_time\" content=\"2023-06-22T16:52:09+00:00\" \/>\n<meta property=\"og:image\" content=\"https:\/\/www.immobilienbusiness.ch\/wp-content\/uploads\/2018\/12\/Depositphotos_80147336_m-2015.jpg\" \/>\n\t<meta property=\"og:image:width\" content=\"999\" \/>\n\t<meta property=\"og:image:height\" content=\"667\" \/>\n\t<meta property=\"og:image:type\" content=\"image\/jpeg\" \/>\n<meta name=\"author\" content=\"anja.hall\" \/>\n<meta name=\"twitter:card\" content=\"summary_large_image\" \/>\n<meta name=\"twitter:image\" content=\"https:\/\/www.immobilienbusiness.ch\/wp-content\/uploads\/2018\/12\/Depositphotos_80147336_m-2015.jpg\" \/>\n<script type=\"application\/ld+json\" class=\"yoast-schema-graph\">{\"@context\":\"https:\\\/\\\/schema.org\",\"@graph\":[{\"@type\":\"Article\",\"@id\":\"https:\\\/\\\/www.immobilienbusiness.ch\\\/it\\\/unternehmen\\\/2023-06-12\\\/procimmo-fonds-fusion-soll-im-vierten-quartal-stattfinden\\\/#article\",\"isPartOf\":{\"@id\":\"https:\\\/\\\/www.immobilienbusiness.ch\\\/it\\\/unternehmen\\\/2023-06-12\\\/procimmo-fonds-fusion-soll-im-vierten-quartal-stattfinden\\\/\"},\"author\":{\"name\":\"anja.hall\",\"@id\":\"https:\\\/\\\/www.immobilienbusiness.ch\\\/#\\\/schema\\\/person\\\/3fc036297b10b9f42d6db5ee932af8c8\"},\"headline\":\"Procimmo: Fonds-Fusion soll im vierten Quartal stattfinden\",\"datePublished\":\"2023-06-12T06:59:12+00:00\",\"dateModified\":\"2023-06-22T16:52:09+00:00\",\"mainEntityOfPage\":{\"@id\":\"https:\\\/\\\/www.immobilienbusiness.ch\\\/it\\\/unternehmen\\\/2023-06-12\\\/procimmo-fonds-fusion-soll-im-vierten-quartal-stattfinden\\\/\"},\"wordCount\":194,\"publisher\":{\"@id\":\"https:\\\/\\\/www.immobilienbusiness.ch\\\/#organization\"},\"image\":{\"@id\":\"https:\\\/\\\/www.immobilienbusiness.ch\\\/it\\\/unternehmen\\\/2023-06-12\\\/procimmo-fonds-fusion-soll-im-vierten-quartal-stattfinden\\\/#primaryimage\"},\"thumbnailUrl\":\"https:\\\/\\\/www.immobilienbusiness.ch\\\/wp-content\\\/uploads\\\/2018\\\/12\\\/Depositphotos_80147336_m-2015.jpg\",\"keywords\":[\"Immobilienfonds\",\"Procimmo\"],\"articleSection\":[\"UNTERNEHMEN\"],\"inLanguage\":\"fr-FR\"},{\"@type\":\"WebPage\",\"@id\":\"https:\\\/\\\/www.immobilienbusiness.ch\\\/it\\\/unternehmen\\\/2023-06-12\\\/procimmo-fonds-fusion-soll-im-vierten-quartal-stattfinden\\\/\",\"url\":\"https:\\\/\\\/www.immobilienbusiness.ch\\\/it\\\/unternehmen\\\/2023-06-12\\\/procimmo-fonds-fusion-soll-im-vierten-quartal-stattfinden\\\/\",\"name\":\"Procimmo: Fonds-Fusion soll im vierten Quartal stattfinden - IMMOBILIEN Business\",\"isPartOf\":{\"@id\":\"https:\\\/\\\/www.immobilienbusiness.ch\\\/#website\"},\"primaryImageOfPage\":{\"@id\":\"https:\\\/\\\/www.immobilienbusiness.ch\\\/it\\\/unternehmen\\\/2023-06-12\\\/procimmo-fonds-fusion-soll-im-vierten-quartal-stattfinden\\\/#primaryimage\"},\"image\":{\"@id\":\"https:\\\/\\\/www.immobilienbusiness.ch\\\/it\\\/unternehmen\\\/2023-06-12\\\/procimmo-fonds-fusion-soll-im-vierten-quartal-stattfinden\\\/#primaryimage\"},\"thumbnailUrl\":\"https:\\\/\\\/www.immobilienbusiness.ch\\\/wp-content\\\/uploads\\\/2018\\\/12\\\/Depositphotos_80147336_m-2015.jpg\",\"datePublished\":\"2023-06-12T06:59:12+00:00\",\"dateModified\":\"2023-06-22T16:52:09+00:00\",\"description\":\"Procimmo gibt den Zeitplan f\u00fcr die Vereinigung von Procimmo Swiss Commercial Fund II und Procimmo Real Estate SICAV bekannt.\",\"breadcrumb\":{\"@id\":\"https:\\\/\\\/www.immobilienbusiness.ch\\\/it\\\/unternehmen\\\/2023-06-12\\\/procimmo-fonds-fusion-soll-im-vierten-quartal-stattfinden\\\/#breadcrumb\"},\"inLanguage\":\"fr-FR\",\"potentialAction\":[{\"@type\":\"ReadAction\",\"target\":[\"https:\\\/\\\/www.immobilienbusiness.ch\\\/it\\\/unternehmen\\\/2023-06-12\\\/procimmo-fonds-fusion-soll-im-vierten-quartal-stattfinden\\\/\"]}]},{\"@type\":\"ImageObject\",\"inLanguage\":\"fr-FR\",\"@id\":\"https:\\\/\\\/www.immobilienbusiness.ch\\\/it\\\/unternehmen\\\/2023-06-12\\\/procimmo-fonds-fusion-soll-im-vierten-quartal-stattfinden\\\/#primaryimage\",\"url\":\"https:\\\/\\\/www.immobilienbusiness.ch\\\/wp-content\\\/uploads\\\/2018\\\/12\\\/Depositphotos_80147336_m-2015.jpg\",\"contentUrl\":\"https:\\\/\\\/www.immobilienbusiness.ch\\\/wp-content\\\/uploads\\\/2018\\\/12\\\/Depositphotos_80147336_m-2015.jpg\",\"width\":999,\"height\":667,\"caption\":\"(Bild: stockasso - depositphotos)\"},{\"@type\":\"BreadcrumbList\",\"@id\":\"https:\\\/\\\/www.immobilienbusiness.ch\\\/it\\\/unternehmen\\\/2023-06-12\\\/procimmo-fonds-fusion-soll-im-vierten-quartal-stattfinden\\\/#breadcrumb\",\"itemListElement\":[{\"@type\":\"ListItem\",\"position\":1,\"name\":\"Home\",\"item\":\"https:\\\/\\\/www.immobilienbusiness.ch\\\/\"},{\"@type\":\"ListItem\",\"position\":2,\"name\":\"Procimmo: Fonds-Fusion soll im vierten Quartal stattfinden\"}]},{\"@type\":\"WebSite\",\"@id\":\"https:\\\/\\\/www.immobilienbusiness.ch\\\/#website\",\"url\":\"https:\\\/\\\/www.immobilienbusiness.ch\\\/\",\"name\":\"IMMOBILIEN Business\",\"description\":\"Unabh\u00e4ngiges Schweizer Wirtschaftsmagazin mit Fokus auf Immobilien, Architektur- und Bau sowie Investment- und Finanzierung.\",\"publisher\":{\"@id\":\"https:\\\/\\\/www.immobilienbusiness.ch\\\/#organization\"},\"potentialAction\":[{\"@type\":\"SearchAction\",\"target\":{\"@type\":\"EntryPoint\",\"urlTemplate\":\"https:\\\/\\\/www.immobilienbusiness.ch\\\/?s={search_term_string}\"},\"query-input\":{\"@type\":\"PropertyValueSpecification\",\"valueRequired\":true,\"valueName\":\"search_term_string\"}}],\"inLanguage\":\"fr-FR\"},{\"@type\":\"Organization\",\"@id\":\"https:\\\/\\\/www.immobilienbusiness.ch\\\/#organization\",\"name\":\"IMMOBILIEN Business\",\"url\":\"https:\\\/\\\/www.immobilienbusiness.ch\\\/\",\"logo\":{\"@type\":\"ImageObject\",\"inLanguage\":\"fr-FR\",\"@id\":\"https:\\\/\\\/www.immobilienbusiness.ch\\\/#\\\/schema\\\/logo\\\/image\\\/\",\"url\":\"https:\\\/\\\/www.immobilienbusiness.ch\\\/wp-content\\\/uploads\\\/2021\\\/07\\\/logo_ib.png\",\"contentUrl\":\"https:\\\/\\\/www.immobilienbusiness.ch\\\/wp-content\\\/uploads\\\/2021\\\/07\\\/logo_ib.png\",\"width\":800,\"height\":181,\"caption\":\"IMMOBILIEN Business\"},\"image\":{\"@id\":\"https:\\\/\\\/www.immobilienbusiness.ch\\\/#\\\/schema\\\/logo\\\/image\\\/\"},\"sameAs\":[\"https:\\\/\\\/www.facebook.com\\\/immobilienbusiness\\\/\"]},{\"@type\":\"Person\",\"@id\":\"https:\\\/\\\/www.immobilienbusiness.ch\\\/#\\\/schema\\\/person\\\/3fc036297b10b9f42d6db5ee932af8c8\",\"name\":\"anja.hall\",\"image\":{\"@type\":\"ImageObject\",\"inLanguage\":\"fr-FR\",\"@id\":\"https:\\\/\\\/secure.gravatar.com\\\/avatar\\\/066b5a0d447013502c71a5782f4f3469f03cfe595cc2329fb94652fe47511bfb?s=96&d=mm&r=g\",\"url\":\"https:\\\/\\\/secure.gravatar.com\\\/avatar\\\/066b5a0d447013502c71a5782f4f3469f03cfe595cc2329fb94652fe47511bfb?s=96&d=mm&r=g\",\"contentUrl\":\"https:\\\/\\\/secure.gravatar.com\\\/avatar\\\/066b5a0d447013502c71a5782f4f3469f03cfe595cc2329fb94652fe47511bfb?s=96&d=mm&r=g\",\"caption\":\"anja.hall\"},\"url\":\"https:\\\/\\\/www.immobilienbusiness.ch\\\/fr\\\/author\\\/anja-hall\\\/\"}]}<\/script>\n<!-- \/ Yoast SEO plugin. -->","yoast_head_json":{"title":"Procimmo : la fusion des fonds devrait avoir lieu au quatri\u00e8me trimestre - IMMOBILIER Business","description":"Procimmo annonce le calendrier de la fusion de Procimmo Swiss Commercial Fund II et de Procimmo Real Estate SICAV.","robots":{"index":"index","follow":"follow","max-snippet":"max-snippet:-1","max-image-preview":"max-image-preview:large","max-video-preview":"max-video-preview:-1"},"canonical":"https:\/\/www.immobilienbusiness.ch\/fr\/unternehmen\/2023-06-12\/procimmo-fonds-fusion-soll-im-vierten-quartal-stattfinden\/","og_locale":"fr_FR","og_type":"article","og_title":"Procimmo: Fonds-Fusion soll im vierten Quartal stattfinden - IMMOBILIEN Business","og_description":"Procimmo gibt den Zeitplan f\u00fcr die Vereinigung von Procimmo Swiss Commercial Fund II und Procimmo Real Estate SICAV bekannt.","og_url":"https:\/\/www.immobilienbusiness.ch\/fr\/unternehmen\/2023-06-12\/procimmo-fonds-fusion-soll-im-vierten-quartal-stattfinden\/","og_site_name":"IMMOBILIEN Business","article_publisher":"https:\/\/www.facebook.com\/immobilienbusiness\/","article_published_time":"2023-06-12T06:59:12+00:00","article_modified_time":"2023-06-22T16:52:09+00:00","og_image":[{"width":999,"height":667,"url":"https:\/\/www.immobilienbusiness.ch\/wp-content\/uploads\/2018\/12\/Depositphotos_80147336_m-2015.jpg","type":"image\/jpeg"}],"author":"anja.hall","twitter_card":"summary_large_image","twitter_image":"https:\/\/www.immobilienbusiness.ch\/wp-content\/uploads\/2018\/12\/Depositphotos_80147336_m-2015.jpg","schema":{"@context":"https:\/\/schema.org","@graph":[{"@type":"Article","@id":"https:\/\/www.immobilienbusiness.ch\/it\/unternehmen\/2023-06-12\/procimmo-fonds-fusion-soll-im-vierten-quartal-stattfinden\/#article","isPartOf":{"@id":"https:\/\/www.immobilienbusiness.ch\/it\/unternehmen\/2023-06-12\/procimmo-fonds-fusion-soll-im-vierten-quartal-stattfinden\/"},"author":{"name":"anja.hall","@id":"https:\/\/www.immobilienbusiness.ch\/#\/schema\/person\/3fc036297b10b9f42d6db5ee932af8c8"},"headline":"Procimmo: Fonds-Fusion soll im vierten Quartal stattfinden","datePublished":"2023-06-12T06:59:12+00:00","dateModified":"2023-06-22T16:52:09+00:00","mainEntityOfPage":{"@id":"https:\/\/www.immobilienbusiness.ch\/it\/unternehmen\/2023-06-12\/procimmo-fonds-fusion-soll-im-vierten-quartal-stattfinden\/"},"wordCount":194,"publisher":{"@id":"https:\/\/www.immobilienbusiness.ch\/#organization"},"image":{"@id":"https:\/\/www.immobilienbusiness.ch\/it\/unternehmen\/2023-06-12\/procimmo-fonds-fusion-soll-im-vierten-quartal-stattfinden\/#primaryimage"},"thumbnailUrl":"https:\/\/www.immobilienbusiness.ch\/wp-content\/uploads\/2018\/12\/Depositphotos_80147336_m-2015.jpg","keywords":["Immobilienfonds","Procimmo"],"articleSection":["UNTERNEHMEN"],"inLanguage":"fr-FR"},{"@type":"WebPage","@id":"https:\/\/www.immobilienbusiness.ch\/it\/unternehmen\/2023-06-12\/procimmo-fonds-fusion-soll-im-vierten-quartal-stattfinden\/","url":"https:\/\/www.immobilienbusiness.ch\/it\/unternehmen\/2023-06-12\/procimmo-fonds-fusion-soll-im-vierten-quartal-stattfinden\/","name":"Procimmo : la fusion des fonds devrait avoir lieu au quatri\u00e8me trimestre - IMMOBILIER Business","isPartOf":{"@id":"https:\/\/www.immobilienbusiness.ch\/#website"},"primaryImageOfPage":{"@id":"https:\/\/www.immobilienbusiness.ch\/it\/unternehmen\/2023-06-12\/procimmo-fonds-fusion-soll-im-vierten-quartal-stattfinden\/#primaryimage"},"image":{"@id":"https:\/\/www.immobilienbusiness.ch\/it\/unternehmen\/2023-06-12\/procimmo-fonds-fusion-soll-im-vierten-quartal-stattfinden\/#primaryimage"},"thumbnailUrl":"https:\/\/www.immobilienbusiness.ch\/wp-content\/uploads\/2018\/12\/Depositphotos_80147336_m-2015.jpg","datePublished":"2023-06-12T06:59:12+00:00","dateModified":"2023-06-22T16:52:09+00:00","description":"Procimmo annonce le calendrier de la fusion de Procimmo Swiss Commercial Fund II et de Procimmo Real Estate SICAV.","breadcrumb":{"@id":"https:\/\/www.immobilienbusiness.ch\/it\/unternehmen\/2023-06-12\/procimmo-fonds-fusion-soll-im-vierten-quartal-stattfinden\/#breadcrumb"},"inLanguage":"fr-FR","potentialAction":[{"@type":"ReadAction","target":["https:\/\/www.immobilienbusiness.ch\/it\/unternehmen\/2023-06-12\/procimmo-fonds-fusion-soll-im-vierten-quartal-stattfinden\/"]}]},{"@type":"ImageObject","inLanguage":"fr-FR","@id":"https:\/\/www.immobilienbusiness.ch\/it\/unternehmen\/2023-06-12\/procimmo-fonds-fusion-soll-im-vierten-quartal-stattfinden\/#primaryimage","url":"https:\/\/www.immobilienbusiness.ch\/wp-content\/uploads\/2018\/12\/Depositphotos_80147336_m-2015.jpg","contentUrl":"https:\/\/www.immobilienbusiness.ch\/wp-content\/uploads\/2018\/12\/Depositphotos_80147336_m-2015.jpg","width":999,"height":667,"caption":"(Bild: stockasso - depositphotos)"},{"@type":"BreadcrumbList","@id":"https:\/\/www.immobilienbusiness.ch\/it\/unternehmen\/2023-06-12\/procimmo-fonds-fusion-soll-im-vierten-quartal-stattfinden\/#breadcrumb","itemListElement":[{"@type":"ListItem","position":1,"name":"Home","item":"https:\/\/www.immobilienbusiness.ch\/"},{"@type":"ListItem","position":2,"name":"Procimmo: Fonds-Fusion soll im vierten Quartal stattfinden"}]},{"@type":"WebSite","@id":"https:\/\/www.immobilienbusiness.ch\/#website","url":"https:\/\/www.immobilienbusiness.ch\/","name":"IMMOBILIER Business","description":"Magazine \u00e9conomique suisse ind\u00e9pendant ax\u00e9 sur l'immobilier, l'architecture et la construction ainsi que sur les investissements et le financement.","publisher":{"@id":"https:\/\/www.immobilienbusiness.ch\/#organization"},"potentialAction":[{"@type":"SearchAction","target":{"@type":"EntryPoint","urlTemplate":"https:\/\/www.immobilienbusiness.ch\/?s={search_term_string}"},"query-input":{"@type":"PropertyValueSpecification","valueRequired":true,"valueName":"search_term_string"}}],"inLanguage":"fr-FR"},{"@type":"Organization","@id":"https:\/\/www.immobilienbusiness.ch\/#organization","name":"IMMOBILIER Business","url":"https:\/\/www.immobilienbusiness.ch\/","logo":{"@type":"ImageObject","inLanguage":"fr-FR","@id":"https:\/\/www.immobilienbusiness.ch\/#\/schema\/logo\/image\/","url":"https:\/\/www.immobilienbusiness.ch\/wp-content\/uploads\/2021\/07\/logo_ib.png","contentUrl":"https:\/\/www.immobilienbusiness.ch\/wp-content\/uploads\/2021\/07\/logo_ib.png","width":800,"height":181,"caption":"IMMOBILIEN Business"},"image":{"@id":"https:\/\/www.immobilienbusiness.ch\/#\/schema\/logo\/image\/"},"sameAs":["https:\/\/www.facebook.com\/immobilienbusiness\/"]},{"@type":"Person","@id":"https:\/\/www.immobilienbusiness.ch\/#\/schema\/person\/3fc036297b10b9f42d6db5ee932af8c8","name":"anja.hall","image":{"@type":"ImageObject","inLanguage":"fr-FR","@id":"https:\/\/secure.gravatar.com\/avatar\/066b5a0d447013502c71a5782f4f3469f03cfe595cc2329fb94652fe47511bfb?s=96&d=mm&r=g","url":"https:\/\/secure.gravatar.com\/avatar\/066b5a0d447013502c71a5782f4f3469f03cfe595cc2329fb94652fe47511bfb?s=96&d=mm&r=g","contentUrl":"https:\/\/secure.gravatar.com\/avatar\/066b5a0d447013502c71a5782f4f3469f03cfe595cc2329fb94652fe47511bfb?s=96&d=mm&r=g","caption":"anja.hall"},"url":"https:\/\/www.immobilienbusiness.ch\/fr\/author\/anja-hall\/"}]}},"_links":{"self":[{"href":"https:\/\/www.immobilienbusiness.ch\/fr\/wp-json\/wp\/v2\/posts\/47334","targetHints":{"allow":["GET"]}}],"collection":[{"href":"https:\/\/www.immobilienbusiness.ch\/fr\/wp-json\/wp\/v2\/posts"}],"about":[{"href":"https:\/\/www.immobilienbusiness.ch\/fr\/wp-json\/wp\/v2\/types\/post"}],"author":[{"embeddable":true,"href":"https:\/\/www.immobilienbusiness.ch\/fr\/wp-json\/wp\/v2\/users\/3"}],"replies":[{"embeddable":true,"href":"https:\/\/www.immobilienbusiness.ch\/fr\/wp-json\/wp\/v2\/comments?post=47334"}],"version-history":[{"count":4,"href":"https:\/\/www.immobilienbusiness.ch\/fr\/wp-json\/wp\/v2\/posts\/47334\/revisions"}],"predecessor-version":[{"id":47513,"href":"https:\/\/www.immobilienbusiness.ch\/fr\/wp-json\/wp\/v2\/posts\/47334\/revisions\/47513"}],"wp:featuredmedia":[{"embeddable":true,"href":"https:\/\/www.immobilienbusiness.ch\/fr\/wp-json\/wp\/v2\/media\/15182"}],"wp:attachment":[{"href":"https:\/\/www.immobilienbusiness.ch\/fr\/wp-json\/wp\/v2\/media?parent=47334"}],"wp:term":[{"taxonomy":"category","embeddable":true,"href":"https:\/\/www.immobilienbusiness.ch\/fr\/wp-json\/wp\/v2\/categories?post=47334"},{"taxonomy":"post_tag","embeddable":true,"href":"https:\/\/www.immobilienbusiness.ch\/fr\/wp-json\/wp\/v2\/tags?post=47334"}],"curies":[{"name":"wp","href":"https:\/\/api.w.org\/{rel}","templated":true}]}}