{"id":47306,"date":"2023-06-08T09:29:46","date_gmt":"2023-06-08T07:29:46","guid":{"rendered":"https:\/\/www.immobilienbusiness.ch\/?p=47306"},"modified":"2023-06-22T18:54:13","modified_gmt":"2023-06-22T16:54:13","slug":"seraina-invest-lanciert-neue-anlagegruppe-mit-esg-fokus","status":"publish","type":"post","link":"https:\/\/www.immobilienbusiness.ch\/fr\/unternehmen\/2023-06-08\/seraina-invest-lanciert-neue-anlagegruppe-mit-esg-fokus\/","title":{"rendered":"Seraina Invest lance un nouveau groupe de placement ax\u00e9 sur les crit\u00e8res ESG"},"content":{"rendered":"<figure id=\"attachment_8225\" aria-describedby=\"caption-attachment-8225\" style=\"width: 612px\" class=\"wp-caption alignnone\"><a href=\"https:\/\/www.immobilienbusiness.ch\/wp-content\/uploads\/2017\/07\/Immobilien-Business-News-20170704_Glasi-Quartier-Buelach_Visualisierung-Steiner-AG.png\"><img loading=\"lazy\" decoding=\"async\" class=\"wp-image-8225 size-full\" src=\"https:\/\/www.immobilienbusiness.ch\/wp-content\/uploads\/2017\/07\/Immobilien-Business-News-20170704_Glasi-Quartier-Buelach_Visualisierung-Steiner-AG.png\" alt=\"Sustainable Investment\" width=\"612\" height=\"430\" srcset=\"https:\/\/www.immobilienbusiness.ch\/wp-content\/uploads\/2017\/07\/Immobilien-Business-News-20170704_Glasi-Quartier-Buelach_Visualisierung-Steiner-AG.png 612w, https:\/\/www.immobilienbusiness.ch\/wp-content\/uploads\/2017\/07\/Immobilien-Business-News-20170704_Glasi-Quartier-Buelach_Visualisierung-Steiner-AG-300x211.png 300w, https:\/\/www.immobilienbusiness.ch\/wp-content\/uploads\/2017\/07\/Immobilien-Business-News-20170704_Glasi-Quartier-Buelach_Visualisierung-Steiner-AG-16x12.png 16w, https:\/\/www.immobilienbusiness.ch\/wp-content\/uploads\/2017\/07\/Immobilien-Business-News-20170704_Glasi-Quartier-Buelach_Visualisierung-Steiner-AG-249x175.png 249w, https:\/\/www.immobilienbusiness.ch\/wp-content\/uploads\/2017\/07\/Immobilien-Business-News-20170704_Glasi-Quartier-Buelach_Visualisierung-Steiner-AG-498x350.png 498w\" sizes=\"auto, (max-width: 612px) 100vw, 612px\" \/><\/a><figcaption id=\"caption-attachment-8225\" class=\"wp-caption-text\">Le quartier Glasi \u00e0 B\u00fclach Nord fera partie du portefeuille du nouveau groupe de placement (Visualisation : Steiner AG)<\/figcaption><\/figure>\n<p>Avec le nouveau groupe de placement SIF Living ESG, Seraina Invest lance un v\u00e9hicule de placement qui doit \"poser de nouveaux jalons pour les b\u00e2timents durables en Suisse\", comme l'\u00e9crit la fondation de placement dans un communiqu\u00e9.<\/p>\n<p>Le portefeuille de d\u00e9part est donc enti\u00e8rement approvisionn\u00e9 par des sources d'\u00e9nergie non fossiles et pr\u00e9sente un rating ESG de 4,5\/5 ainsi qu'un taux de vacance de 0,06 pour cent. Les immeubles locatifs achev\u00e9s proviennent du groupe de placement interne Swiss Development Residential et seront compl\u00e9t\u00e9s par des acquisitions dans les ann\u00e9es \u00e0 venir, selon les indications de Seraina Invest. Le portefeuille comprend \u00e9galement le quartier Glasi de 96 000 m\u00b2 \u00e0 B\u00fclach.<\/p>\n<p>\"La strat\u00e9gie qui sous-tend notre nouveau parc immobilier satisfait \u00e0 la fois les r\u00e9sidents, les investisseurs et l'environnement : pas de frais de r\u00e9novation \u00e0 court terme, des co\u00fbts d'exploitation faibles et des locations compl\u00e8tes d\u00e8s le premier jour\", explique le CEO Reto Niedermann. \"Toutes les futures exigences ESG sont d\u00e9j\u00e0 prises en compte dans les r\u00e9alisations, c'est pourquoi nous comptons sur une \u00e9volution positive de la valeur et sur des rendements stables \u00e0 long terme\". Selon le communiqu\u00e9, Seraina Invest veut atteindre un rendement cible \u00e0 long terme de 3,50% \u00e0 5,0% par an. <em>(ah)<\/em><\/p>","protected":false},"excerpt":{"rendered":"<p>La premi\u00e8re \u00e9mission pour le nouveau groupe de placement SIF Living ESG d\u00e9bute le 8 juin. L'objectif de rendement \u00e0 long terme est de 3,5% \u00e0 5,0%.<\/p>","protected":false},"author":3,"featured_media":8225,"comment_status":"closed","ping_status":"closed","sticky":false,"template":"","format":"standard","meta":{"_acf_changed":false,"_yoast_wpseo_focuskw":"Sustainable Investment","_yoast_wpseo_title":"","_yoast_wpseo_metadesc":"Die erste Emission f\u00fcr die neue Anlagegruppe SIF Living ESG startet am 8. Juni. Angepeilt wird eine langfristige Zielrendite von 3,5% bis 5,0%.","_yoast_wpseo_linkdex":41,"pgc_sgb_lightbox_settings":"","footnotes":""},"categories":[988],"tags":[1976,1515,2191],"class_list":["post-47306","post","type-post","status-publish","format-standard","has-post-thumbnail","hentry","category-unternehmen","tag-ast-und-anlagegruppen","tag-nachhaltigkeit","tag-seraina-invest"],"acf":[],"yoast_head":"<!-- This site is optimized with the Yoast SEO plugin v27.4 - https:\/\/yoast.com\/product\/yoast-seo-wordpress\/ -->\n<title>Seraina Invest lanciert neue Anlagegruppe mit ESG-Fokus - IMMOBILIEN Business<\/title>\n<meta name=\"description\" content=\"Die erste Emission f\u00fcr die neue Anlagegruppe SIF Living ESG startet am 8. Juni. Angepeilt wird eine langfristige Zielrendite von 3,5% bis 5,0%.\" \/>\n<meta name=\"robots\" content=\"index, follow, max-snippet:-1, max-image-preview:large, max-video-preview:-1\" \/>\n<link rel=\"canonical\" href=\"https:\/\/www.immobilienbusiness.ch\/fr\/unternehmen\/2023-06-08\/seraina-invest-lanciert-neue-anlagegruppe-mit-esg-fokus\/\" \/>\n<meta property=\"og:locale\" content=\"fr_FR\" \/>\n<meta property=\"og:type\" content=\"article\" \/>\n<meta property=\"og:title\" content=\"Seraina Invest lanciert neue Anlagegruppe mit ESG-Fokus - IMMOBILIEN Business\" \/>\n<meta property=\"og:description\" content=\"Die erste Emission f\u00fcr die neue Anlagegruppe SIF Living ESG startet am 8. Juni. Angepeilt wird eine langfristige Zielrendite von 3,5% bis 5,0%.\" \/>\n<meta property=\"og:url\" content=\"https:\/\/www.immobilienbusiness.ch\/fr\/unternehmen\/2023-06-08\/seraina-invest-lanciert-neue-anlagegruppe-mit-esg-fokus\/\" \/>\n<meta property=\"og:site_name\" content=\"IMMOBILIEN Business\" \/>\n<meta property=\"article:publisher\" content=\"https:\/\/www.facebook.com\/immobilienbusiness\/\" \/>\n<meta property=\"article:published_time\" content=\"2023-06-08T07:29:46+00:00\" \/>\n<meta property=\"article:modified_time\" content=\"2023-06-22T16:54:13+00:00\" \/>\n<meta property=\"og:image\" content=\"https:\/\/www.immobilienbusiness.ch\/wp-content\/uploads\/2017\/07\/Immobilien-Business-News-20170704_Glasi-Quartier-Buelach_Visualisierung-Steiner-AG.png\" \/>\n\t<meta property=\"og:image:width\" content=\"612\" \/>\n\t<meta property=\"og:image:height\" content=\"430\" \/>\n\t<meta property=\"og:image:type\" content=\"image\/png\" \/>\n<meta name=\"author\" content=\"anja.hall\" \/>\n<meta name=\"twitter:card\" content=\"summary_large_image\" \/>\n<meta name=\"twitter:image\" content=\"https:\/\/www.immobilienbusiness.ch\/wp-content\/uploads\/2017\/07\/Immobilien-Business-News-20170704_Glasi-Quartier-Buelach_Visualisierung-Steiner-AG.png\" \/>\n<script type=\"application\/ld+json\" class=\"yoast-schema-graph\">{\"@context\":\"https:\\\/\\\/schema.org\",\"@graph\":[{\"@type\":\"Article\",\"@id\":\"https:\\\/\\\/www.immobilienbusiness.ch\\\/de\\\/unternehmen\\\/2023-06-08\\\/seraina-invest-lanciert-neue-anlagegruppe-mit-esg-fokus\\\/#article\",\"isPartOf\":{\"@id\":\"https:\\\/\\\/www.immobilienbusiness.ch\\\/de\\\/unternehmen\\\/2023-06-08\\\/seraina-invest-lanciert-neue-anlagegruppe-mit-esg-fokus\\\/\"},\"author\":{\"name\":\"anja.hall\",\"@id\":\"https:\\\/\\\/www.immobilienbusiness.ch\\\/#\\\/schema\\\/person\\\/3fc036297b10b9f42d6db5ee932af8c8\"},\"headline\":\"Seraina Invest lanciert neue Anlagegruppe mit ESG-Fokus\",\"datePublished\":\"2023-06-08T07:29:46+00:00\",\"dateModified\":\"2023-06-22T16:54:13+00:00\",\"mainEntityOfPage\":{\"@id\":\"https:\\\/\\\/www.immobilienbusiness.ch\\\/de\\\/unternehmen\\\/2023-06-08\\\/seraina-invest-lanciert-neue-anlagegruppe-mit-esg-fokus\\\/\"},\"wordCount\":191,\"publisher\":{\"@id\":\"https:\\\/\\\/www.immobilienbusiness.ch\\\/#organization\"},\"image\":{\"@id\":\"https:\\\/\\\/www.immobilienbusiness.ch\\\/de\\\/unternehmen\\\/2023-06-08\\\/seraina-invest-lanciert-neue-anlagegruppe-mit-esg-fokus\\\/#primaryimage\"},\"thumbnailUrl\":\"https:\\\/\\\/www.immobilienbusiness.ch\\\/wp-content\\\/uploads\\\/2017\\\/07\\\/Immobilien-Business-News-20170704_Glasi-Quartier-Buelach_Visualisierung-Steiner-AG.png\",\"keywords\":[\"AST und Anlagegruppen\",\"Nachhaltigkeit\",\"Seraina Invest\"],\"articleSection\":[\"UNTERNEHMEN\"],\"inLanguage\":\"fr-FR\"},{\"@type\":\"WebPage\",\"@id\":\"https:\\\/\\\/www.immobilienbusiness.ch\\\/de\\\/unternehmen\\\/2023-06-08\\\/seraina-invest-lanciert-neue-anlagegruppe-mit-esg-fokus\\\/\",\"url\":\"https:\\\/\\\/www.immobilienbusiness.ch\\\/de\\\/unternehmen\\\/2023-06-08\\\/seraina-invest-lanciert-neue-anlagegruppe-mit-esg-fokus\\\/\",\"name\":\"Seraina Invest lanciert neue Anlagegruppe mit ESG-Fokus - IMMOBILIEN Business\",\"isPartOf\":{\"@id\":\"https:\\\/\\\/www.immobilienbusiness.ch\\\/#website\"},\"primaryImageOfPage\":{\"@id\":\"https:\\\/\\\/www.immobilienbusiness.ch\\\/de\\\/unternehmen\\\/2023-06-08\\\/seraina-invest-lanciert-neue-anlagegruppe-mit-esg-fokus\\\/#primaryimage\"},\"image\":{\"@id\":\"https:\\\/\\\/www.immobilienbusiness.ch\\\/de\\\/unternehmen\\\/2023-06-08\\\/seraina-invest-lanciert-neue-anlagegruppe-mit-esg-fokus\\\/#primaryimage\"},\"thumbnailUrl\":\"https:\\\/\\\/www.immobilienbusiness.ch\\\/wp-content\\\/uploads\\\/2017\\\/07\\\/Immobilien-Business-News-20170704_Glasi-Quartier-Buelach_Visualisierung-Steiner-AG.png\",\"datePublished\":\"2023-06-08T07:29:46+00:00\",\"dateModified\":\"2023-06-22T16:54:13+00:00\",\"description\":\"Die erste Emission f\u00fcr die neue Anlagegruppe SIF Living ESG startet am 8. Juni. Angepeilt wird eine langfristige Zielrendite von 3,5% bis 5,0%.\",\"breadcrumb\":{\"@id\":\"https:\\\/\\\/www.immobilienbusiness.ch\\\/de\\\/unternehmen\\\/2023-06-08\\\/seraina-invest-lanciert-neue-anlagegruppe-mit-esg-fokus\\\/#breadcrumb\"},\"inLanguage\":\"fr-FR\",\"potentialAction\":[{\"@type\":\"ReadAction\",\"target\":[\"https:\\\/\\\/www.immobilienbusiness.ch\\\/de\\\/unternehmen\\\/2023-06-08\\\/seraina-invest-lanciert-neue-anlagegruppe-mit-esg-fokus\\\/\"]}]},{\"@type\":\"ImageObject\",\"inLanguage\":\"fr-FR\",\"@id\":\"https:\\\/\\\/www.immobilienbusiness.ch\\\/de\\\/unternehmen\\\/2023-06-08\\\/seraina-invest-lanciert-neue-anlagegruppe-mit-esg-fokus\\\/#primaryimage\",\"url\":\"https:\\\/\\\/www.immobilienbusiness.ch\\\/wp-content\\\/uploads\\\/2017\\\/07\\\/Immobilien-Business-News-20170704_Glasi-Quartier-Buelach_Visualisierung-Steiner-AG.png\",\"contentUrl\":\"https:\\\/\\\/www.immobilienbusiness.ch\\\/wp-content\\\/uploads\\\/2017\\\/07\\\/Immobilien-Business-News-20170704_Glasi-Quartier-Buelach_Visualisierung-Steiner-AG.png\",\"width\":612,\"height\":430,\"caption\":\"Das Projekt \u00abGlasi-Quartier\u00bb in B\u00fclach Nord soll bis 2023 realisiert werden (Visualisierung: Steiner AG)\"},{\"@type\":\"BreadcrumbList\",\"@id\":\"https:\\\/\\\/www.immobilienbusiness.ch\\\/de\\\/unternehmen\\\/2023-06-08\\\/seraina-invest-lanciert-neue-anlagegruppe-mit-esg-fokus\\\/#breadcrumb\",\"itemListElement\":[{\"@type\":\"ListItem\",\"position\":1,\"name\":\"Home\",\"item\":\"https:\\\/\\\/www.immobilienbusiness.ch\\\/\"},{\"@type\":\"ListItem\",\"position\":2,\"name\":\"Seraina Invest lanciert neue Anlagegruppe mit ESG-Fokus\"}]},{\"@type\":\"WebSite\",\"@id\":\"https:\\\/\\\/www.immobilienbusiness.ch\\\/#website\",\"url\":\"https:\\\/\\\/www.immobilienbusiness.ch\\\/\",\"name\":\"IMMOBILIEN Business\",\"description\":\"Unabh\u00e4ngiges Schweizer Wirtschaftsmagazin mit Fokus auf Immobilien, Architektur- und Bau sowie Investment- und Finanzierung.\",\"publisher\":{\"@id\":\"https:\\\/\\\/www.immobilienbusiness.ch\\\/#organization\"},\"potentialAction\":[{\"@type\":\"SearchAction\",\"target\":{\"@type\":\"EntryPoint\",\"urlTemplate\":\"https:\\\/\\\/www.immobilienbusiness.ch\\\/?s={search_term_string}\"},\"query-input\":{\"@type\":\"PropertyValueSpecification\",\"valueRequired\":true,\"valueName\":\"search_term_string\"}}],\"inLanguage\":\"fr-FR\"},{\"@type\":\"Organization\",\"@id\":\"https:\\\/\\\/www.immobilienbusiness.ch\\\/#organization\",\"name\":\"IMMOBILIEN Business\",\"url\":\"https:\\\/\\\/www.immobilienbusiness.ch\\\/\",\"logo\":{\"@type\":\"ImageObject\",\"inLanguage\":\"fr-FR\",\"@id\":\"https:\\\/\\\/www.immobilienbusiness.ch\\\/#\\\/schema\\\/logo\\\/image\\\/\",\"url\":\"https:\\\/\\\/www.immobilienbusiness.ch\\\/wp-content\\\/uploads\\\/2021\\\/07\\\/logo_ib.png\",\"contentUrl\":\"https:\\\/\\\/www.immobilienbusiness.ch\\\/wp-content\\\/uploads\\\/2021\\\/07\\\/logo_ib.png\",\"width\":800,\"height\":181,\"caption\":\"IMMOBILIEN Business\"},\"image\":{\"@id\":\"https:\\\/\\\/www.immobilienbusiness.ch\\\/#\\\/schema\\\/logo\\\/image\\\/\"},\"sameAs\":[\"https:\\\/\\\/www.facebook.com\\\/immobilienbusiness\\\/\"]},{\"@type\":\"Person\",\"@id\":\"https:\\\/\\\/www.immobilienbusiness.ch\\\/#\\\/schema\\\/person\\\/3fc036297b10b9f42d6db5ee932af8c8\",\"name\":\"anja.hall\",\"image\":{\"@type\":\"ImageObject\",\"inLanguage\":\"fr-FR\",\"@id\":\"https:\\\/\\\/secure.gravatar.com\\\/avatar\\\/066b5a0d447013502c71a5782f4f3469f03cfe595cc2329fb94652fe47511bfb?s=96&d=mm&r=g\",\"url\":\"https:\\\/\\\/secure.gravatar.com\\\/avatar\\\/066b5a0d447013502c71a5782f4f3469f03cfe595cc2329fb94652fe47511bfb?s=96&d=mm&r=g\",\"contentUrl\":\"https:\\\/\\\/secure.gravatar.com\\\/avatar\\\/066b5a0d447013502c71a5782f4f3469f03cfe595cc2329fb94652fe47511bfb?s=96&d=mm&r=g\",\"caption\":\"anja.hall\"},\"url\":\"https:\\\/\\\/www.immobilienbusiness.ch\\\/fr\\\/author\\\/anja-hall\\\/\"}]}<\/script>\n<!-- \/ Yoast SEO plugin. -->","yoast_head_json":{"title":"Seraina Invest lance un nouveau groupe de placement ax\u00e9 sur les crit\u00e8res ESG - IMMOBILIER Business","description":"La premi\u00e8re \u00e9mission pour le nouveau groupe de placement SIF Living ESG d\u00e9bute le 8 juin. L'objectif de rendement \u00e0 long terme est de 3,5% \u00e0 5,0%.","robots":{"index":"index","follow":"follow","max-snippet":"max-snippet:-1","max-image-preview":"max-image-preview:large","max-video-preview":"max-video-preview:-1"},"canonical":"https:\/\/www.immobilienbusiness.ch\/fr\/unternehmen\/2023-06-08\/seraina-invest-lanciert-neue-anlagegruppe-mit-esg-fokus\/","og_locale":"fr_FR","og_type":"article","og_title":"Seraina Invest lanciert neue Anlagegruppe mit ESG-Fokus - IMMOBILIEN Business","og_description":"Die erste Emission f\u00fcr die neue Anlagegruppe SIF Living ESG startet am 8. Juni. Angepeilt wird eine langfristige Zielrendite von 3,5% bis 5,0%.","og_url":"https:\/\/www.immobilienbusiness.ch\/fr\/unternehmen\/2023-06-08\/seraina-invest-lanciert-neue-anlagegruppe-mit-esg-fokus\/","og_site_name":"IMMOBILIEN Business","article_publisher":"https:\/\/www.facebook.com\/immobilienbusiness\/","article_published_time":"2023-06-08T07:29:46+00:00","article_modified_time":"2023-06-22T16:54:13+00:00","og_image":[{"width":612,"height":430,"url":"https:\/\/www.immobilienbusiness.ch\/wp-content\/uploads\/2017\/07\/Immobilien-Business-News-20170704_Glasi-Quartier-Buelach_Visualisierung-Steiner-AG.png","type":"image\/png"}],"author":"anja.hall","twitter_card":"summary_large_image","twitter_image":"https:\/\/www.immobilienbusiness.ch\/wp-content\/uploads\/2017\/07\/Immobilien-Business-News-20170704_Glasi-Quartier-Buelach_Visualisierung-Steiner-AG.png","schema":{"@context":"https:\/\/schema.org","@graph":[{"@type":"Article","@id":"https:\/\/www.immobilienbusiness.ch\/de\/unternehmen\/2023-06-08\/seraina-invest-lanciert-neue-anlagegruppe-mit-esg-fokus\/#article","isPartOf":{"@id":"https:\/\/www.immobilienbusiness.ch\/de\/unternehmen\/2023-06-08\/seraina-invest-lanciert-neue-anlagegruppe-mit-esg-fokus\/"},"author":{"name":"anja.hall","@id":"https:\/\/www.immobilienbusiness.ch\/#\/schema\/person\/3fc036297b10b9f42d6db5ee932af8c8"},"headline":"Seraina Invest lanciert neue Anlagegruppe mit ESG-Fokus","datePublished":"2023-06-08T07:29:46+00:00","dateModified":"2023-06-22T16:54:13+00:00","mainEntityOfPage":{"@id":"https:\/\/www.immobilienbusiness.ch\/de\/unternehmen\/2023-06-08\/seraina-invest-lanciert-neue-anlagegruppe-mit-esg-fokus\/"},"wordCount":191,"publisher":{"@id":"https:\/\/www.immobilienbusiness.ch\/#organization"},"image":{"@id":"https:\/\/www.immobilienbusiness.ch\/de\/unternehmen\/2023-06-08\/seraina-invest-lanciert-neue-anlagegruppe-mit-esg-fokus\/#primaryimage"},"thumbnailUrl":"https:\/\/www.immobilienbusiness.ch\/wp-content\/uploads\/2017\/07\/Immobilien-Business-News-20170704_Glasi-Quartier-Buelach_Visualisierung-Steiner-AG.png","keywords":["AST und Anlagegruppen","Nachhaltigkeit","Seraina Invest"],"articleSection":["UNTERNEHMEN"],"inLanguage":"fr-FR"},{"@type":"WebPage","@id":"https:\/\/www.immobilienbusiness.ch\/de\/unternehmen\/2023-06-08\/seraina-invest-lanciert-neue-anlagegruppe-mit-esg-fokus\/","url":"https:\/\/www.immobilienbusiness.ch\/de\/unternehmen\/2023-06-08\/seraina-invest-lanciert-neue-anlagegruppe-mit-esg-fokus\/","name":"Seraina Invest lance un nouveau groupe de placement ax\u00e9 sur les crit\u00e8res ESG - IMMOBILIER Business","isPartOf":{"@id":"https:\/\/www.immobilienbusiness.ch\/#website"},"primaryImageOfPage":{"@id":"https:\/\/www.immobilienbusiness.ch\/de\/unternehmen\/2023-06-08\/seraina-invest-lanciert-neue-anlagegruppe-mit-esg-fokus\/#primaryimage"},"image":{"@id":"https:\/\/www.immobilienbusiness.ch\/de\/unternehmen\/2023-06-08\/seraina-invest-lanciert-neue-anlagegruppe-mit-esg-fokus\/#primaryimage"},"thumbnailUrl":"https:\/\/www.immobilienbusiness.ch\/wp-content\/uploads\/2017\/07\/Immobilien-Business-News-20170704_Glasi-Quartier-Buelach_Visualisierung-Steiner-AG.png","datePublished":"2023-06-08T07:29:46+00:00","dateModified":"2023-06-22T16:54:13+00:00","description":"La premi\u00e8re \u00e9mission pour le nouveau groupe de placement SIF Living ESG d\u00e9bute le 8 juin. L'objectif de rendement \u00e0 long terme est de 3,5% \u00e0 5,0%.","breadcrumb":{"@id":"https:\/\/www.immobilienbusiness.ch\/de\/unternehmen\/2023-06-08\/seraina-invest-lanciert-neue-anlagegruppe-mit-esg-fokus\/#breadcrumb"},"inLanguage":"fr-FR","potentialAction":[{"@type":"ReadAction","target":["https:\/\/www.immobilienbusiness.ch\/de\/unternehmen\/2023-06-08\/seraina-invest-lanciert-neue-anlagegruppe-mit-esg-fokus\/"]}]},{"@type":"ImageObject","inLanguage":"fr-FR","@id":"https:\/\/www.immobilienbusiness.ch\/de\/unternehmen\/2023-06-08\/seraina-invest-lanciert-neue-anlagegruppe-mit-esg-fokus\/#primaryimage","url":"https:\/\/www.immobilienbusiness.ch\/wp-content\/uploads\/2017\/07\/Immobilien-Business-News-20170704_Glasi-Quartier-Buelach_Visualisierung-Steiner-AG.png","contentUrl":"https:\/\/www.immobilienbusiness.ch\/wp-content\/uploads\/2017\/07\/Immobilien-Business-News-20170704_Glasi-Quartier-Buelach_Visualisierung-Steiner-AG.png","width":612,"height":430,"caption":"Das Projekt \u00abGlasi-Quartier\u00bb in B\u00fclach Nord soll bis 2023 realisiert werden (Visualisierung: Steiner AG)"},{"@type":"BreadcrumbList","@id":"https:\/\/www.immobilienbusiness.ch\/de\/unternehmen\/2023-06-08\/seraina-invest-lanciert-neue-anlagegruppe-mit-esg-fokus\/#breadcrumb","itemListElement":[{"@type":"ListItem","position":1,"name":"Home","item":"https:\/\/www.immobilienbusiness.ch\/"},{"@type":"ListItem","position":2,"name":"Seraina Invest lanciert neue Anlagegruppe mit ESG-Fokus"}]},{"@type":"WebSite","@id":"https:\/\/www.immobilienbusiness.ch\/#website","url":"https:\/\/www.immobilienbusiness.ch\/","name":"IMMOBILIER Business","description":"Magazine \u00e9conomique suisse ind\u00e9pendant ax\u00e9 sur l'immobilier, l'architecture et la construction ainsi que sur les investissements et le financement.","publisher":{"@id":"https:\/\/www.immobilienbusiness.ch\/#organization"},"potentialAction":[{"@type":"SearchAction","target":{"@type":"EntryPoint","urlTemplate":"https:\/\/www.immobilienbusiness.ch\/?s={search_term_string}"},"query-input":{"@type":"PropertyValueSpecification","valueRequired":true,"valueName":"search_term_string"}}],"inLanguage":"fr-FR"},{"@type":"Organization","@id":"https:\/\/www.immobilienbusiness.ch\/#organization","name":"IMMOBILIER Business","url":"https:\/\/www.immobilienbusiness.ch\/","logo":{"@type":"ImageObject","inLanguage":"fr-FR","@id":"https:\/\/www.immobilienbusiness.ch\/#\/schema\/logo\/image\/","url":"https:\/\/www.immobilienbusiness.ch\/wp-content\/uploads\/2021\/07\/logo_ib.png","contentUrl":"https:\/\/www.immobilienbusiness.ch\/wp-content\/uploads\/2021\/07\/logo_ib.png","width":800,"height":181,"caption":"IMMOBILIEN Business"},"image":{"@id":"https:\/\/www.immobilienbusiness.ch\/#\/schema\/logo\/image\/"},"sameAs":["https:\/\/www.facebook.com\/immobilienbusiness\/"]},{"@type":"Person","@id":"https:\/\/www.immobilienbusiness.ch\/#\/schema\/person\/3fc036297b10b9f42d6db5ee932af8c8","name":"anja.hall","image":{"@type":"ImageObject","inLanguage":"fr-FR","@id":"https:\/\/secure.gravatar.com\/avatar\/066b5a0d447013502c71a5782f4f3469f03cfe595cc2329fb94652fe47511bfb?s=96&d=mm&r=g","url":"https:\/\/secure.gravatar.com\/avatar\/066b5a0d447013502c71a5782f4f3469f03cfe595cc2329fb94652fe47511bfb?s=96&d=mm&r=g","contentUrl":"https:\/\/secure.gravatar.com\/avatar\/066b5a0d447013502c71a5782f4f3469f03cfe595cc2329fb94652fe47511bfb?s=96&d=mm&r=g","caption":"anja.hall"},"url":"https:\/\/www.immobilienbusiness.ch\/fr\/author\/anja-hall\/"}]}},"_links":{"self":[{"href":"https:\/\/www.immobilienbusiness.ch\/fr\/wp-json\/wp\/v2\/posts\/47306","targetHints":{"allow":["GET"]}}],"collection":[{"href":"https:\/\/www.immobilienbusiness.ch\/fr\/wp-json\/wp\/v2\/posts"}],"about":[{"href":"https:\/\/www.immobilienbusiness.ch\/fr\/wp-json\/wp\/v2\/types\/post"}],"author":[{"embeddable":true,"href":"https:\/\/www.immobilienbusiness.ch\/fr\/wp-json\/wp\/v2\/users\/3"}],"replies":[{"embeddable":true,"href":"https:\/\/www.immobilienbusiness.ch\/fr\/wp-json\/wp\/v2\/comments?post=47306"}],"version-history":[{"count":5,"href":"https:\/\/www.immobilienbusiness.ch\/fr\/wp-json\/wp\/v2\/posts\/47306\/revisions"}],"predecessor-version":[{"id":47522,"href":"https:\/\/www.immobilienbusiness.ch\/fr\/wp-json\/wp\/v2\/posts\/47306\/revisions\/47522"}],"wp:featuredmedia":[{"embeddable":true,"href":"https:\/\/www.immobilienbusiness.ch\/fr\/wp-json\/wp\/v2\/media\/8225"}],"wp:attachment":[{"href":"https:\/\/www.immobilienbusiness.ch\/fr\/wp-json\/wp\/v2\/media?parent=47306"}],"wp:term":[{"taxonomy":"category","embeddable":true,"href":"https:\/\/www.immobilienbusiness.ch\/fr\/wp-json\/wp\/v2\/categories?post=47306"},{"taxonomy":"post_tag","embeddable":true,"href":"https:\/\/www.immobilienbusiness.ch\/fr\/wp-json\/wp\/v2\/tags?post=47306"}],"curies":[{"name":"wp","href":"https:\/\/api.w.org\/{rel}","templated":true}]}}