{"id":47149,"date":"2023-05-26T07:30:23","date_gmt":"2023-05-26T05:30:23","guid":{"rendered":"https:\/\/www.immobilienbusiness.ch\/?p=47149"},"modified":"2023-06-22T16:42:54","modified_gmt":"2023-06-22T14:42:54","slug":"vebego-coo-giuseppe-santagada-wird-ceo-der-erne-gruppe","status":"publish","type":"post","link":"https:\/\/www.immobilienbusiness.ch\/fr\/personalia\/2023-05-26\/vebego-coo-giuseppe-santagada-wird-ceo-der-erne-gruppe\/","title":{"rendered":"Giuseppe Santagada, COO de Vebego, devient CEO du groupe Erne"},"content":{"rendered":"<figure id=\"attachment_47151\" aria-describedby=\"caption-attachment-47151\" style=\"width: 694px\" class=\"wp-caption alignnone\"><a href=\"https:\/\/www.immobilienbusiness.ch\/wp-content\/uploads\/2023\/05\/Santagada.png\"><img loading=\"lazy\" decoding=\"async\" class=\"wp-image-47151 size-full\" src=\"https:\/\/www.immobilienbusiness.ch\/wp-content\/uploads\/2023\/05\/Santagada.png\" alt=\"Erne Gruppe\" width=\"694\" height=\"543\" srcset=\"https:\/\/www.immobilienbusiness.ch\/wp-content\/uploads\/2023\/05\/Santagada.png 694w, https:\/\/www.immobilienbusiness.ch\/wp-content\/uploads\/2023\/05\/Santagada-300x235.png 300w, https:\/\/www.immobilienbusiness.ch\/wp-content\/uploads\/2023\/05\/Santagada-15x12.png 15w, https:\/\/www.immobilienbusiness.ch\/wp-content\/uploads\/2023\/05\/Santagada-375x293.png 375w, https:\/\/www.immobilienbusiness.ch\/wp-content\/uploads\/2023\/05\/Santagada-447x350.png 447w\" sizes=\"auto, (max-width: 694px) 100vw, 694px\" \/><\/a><figcaption id=\"caption-attachment-47151\" class=\"wp-caption-text\">Giuseppe Santagada (photo : groupe Erne)<\/figcaption><\/figure>\n<p>Chez Erne, Santagada remplace Wolfgang Schwarzenbacher, qui a dirig\u00e9 le destin de l'entreprise de Laufenburg ces quatre derni\u00e8res ann\u00e9es en tant que CEO. Il se retire \u00e0 la fin de l'ann\u00e9e pour se r\u00e9orienter professionnellement, communique le groupe Erne. Durant son \u00e8re, il a mis en place la direction du groupe et a fait avancer le d\u00e9veloppement vers une organisation orient\u00e9e vers l'avenir.<\/p>\n<p>Santagada (49 ans) occupe depuis 2020 le poste de Group COO au sein de la direction du Groupe Vebego B.V. Auparavant, il \u00e9tait CEO de Vebego Suisse Holding, qui se concentre sur le management immobilier et le facility management.<\/p>\n<p>Le groupe Erne est un groupe de construction suisse en mains familiales avec un chiffre d'affaires de 500 millions de CHF. Il emploie 1 200 personnes sur 22 sites. L'entreprise propose des services de construction et de g\u00e9nie civil, de transformation, de prestations globales, de construction en bois, de construction modulaire et par \u00e9l\u00e9ments ainsi que des mat\u00e9riaux de construction.  Le d\u00e9veloppement et la r\u00e9alisation de biens immobiliers font \u00e9galement partie de ses prestations. <em>(aw)<\/em><\/p>","protected":false},"excerpt":{"rendered":"<p>Giuseppe Santagada, Group COO et d\u00e9l\u00e9gu\u00e9 du conseil d'administration des activit\u00e9s de Vebego en Suisse, en Allemagne et en Autriche, reprendra le r\u00f4le de CEO du groupe Erne d\u00e9but 2024.<\/p>","protected":false},"author":102,"featured_media":47151,"comment_status":"closed","ping_status":"closed","sticky":false,"template":"","format":"standard","meta":{"_acf_changed":false,"_yoast_wpseo_focuskw":"Erne Gruppe","_yoast_wpseo_title":"","_yoast_wpseo_metadesc":"Giuseppe Santagada, Group COO und Delegierter des Verwaltungsrates der Vebego Aktivit\u00e4ten in der Schweiz, Deutschland und in \u00d6sterreich, \u00fcbernimmt Anfang 2024 die Rolle des CEO der Erne Gruppe.","_yoast_wpseo_linkdex":46,"pgc_sgb_lightbox_settings":"","footnotes":""},"categories":[1912],"tags":[2226,1563,1818],"class_list":["post-47149","post","type-post","status-publish","format-standard","has-post-thumbnail","hentry","category-personalia","tag-erne-gruppe","tag-personalia","tag-vebego"],"acf":[],"yoast_head":"<!-- This site is optimized with the Yoast SEO plugin v27.4 - https:\/\/yoast.com\/product\/yoast-seo-wordpress\/ -->\n<title>Vebego-COO Giuseppe Santagada wird CEO der Erne Gruppe - IMMOBILIEN Business<\/title>\n<meta name=\"description\" content=\"Giuseppe Santagada, Group COO und Delegierter des Verwaltungsrates der Vebego Aktivit\u00e4ten in der Schweiz, Deutschland und in \u00d6sterreich, \u00fcbernimmt Anfang 2024 die Rolle des CEO der Erne Gruppe.\" \/>\n<meta name=\"robots\" content=\"index, follow, max-snippet:-1, max-image-preview:large, max-video-preview:-1\" \/>\n<link rel=\"canonical\" href=\"https:\/\/www.immobilienbusiness.ch\/fr\/personalia\/2023-05-26\/vebego-coo-giuseppe-santagada-wird-ceo-der-erne-gruppe\/\" \/>\n<meta property=\"og:locale\" content=\"fr_FR\" \/>\n<meta property=\"og:type\" content=\"article\" \/>\n<meta property=\"og:title\" content=\"Vebego-COO Giuseppe Santagada wird CEO der Erne Gruppe - IMMOBILIEN Business\" \/>\n<meta property=\"og:description\" content=\"Giuseppe Santagada, Group COO und Delegierter des Verwaltungsrates der Vebego Aktivit\u00e4ten in der Schweiz, Deutschland und in \u00d6sterreich, \u00fcbernimmt Anfang 2024 die Rolle des CEO der Erne Gruppe.\" \/>\n<meta property=\"og:url\" content=\"https:\/\/www.immobilienbusiness.ch\/fr\/personalia\/2023-05-26\/vebego-coo-giuseppe-santagada-wird-ceo-der-erne-gruppe\/\" \/>\n<meta property=\"og:site_name\" content=\"IMMOBILIEN Business\" \/>\n<meta property=\"article:publisher\" content=\"https:\/\/www.facebook.com\/immobilienbusiness\/\" \/>\n<meta property=\"article:published_time\" content=\"2023-05-26T05:30:23+00:00\" \/>\n<meta property=\"article:modified_time\" content=\"2023-06-22T14:42:54+00:00\" \/>\n<meta property=\"og:image\" content=\"https:\/\/www.immobilienbusiness.ch\/wp-content\/uploads\/2023\/05\/Santagada.png\" \/>\n\t<meta property=\"og:image:width\" content=\"694\" \/>\n\t<meta property=\"og:image:height\" content=\"543\" \/>\n\t<meta property=\"og:image:type\" content=\"image\/png\" \/>\n<meta name=\"author\" content=\"Alexander Wachter\" \/>\n<meta name=\"twitter:card\" content=\"summary_large_image\" \/>\n<script type=\"application\/ld+json\" class=\"yoast-schema-graph\">{\"@context\":\"https:\\\/\\\/schema.org\",\"@graph\":[{\"@type\":\"Article\",\"@id\":\"https:\\\/\\\/www.immobilienbusiness.ch\\\/de\\\/personalia\\\/2023-05-26\\\/vebego-coo-giuseppe-santagada-wird-ceo-der-erne-gruppe\\\/#article\",\"isPartOf\":{\"@id\":\"https:\\\/\\\/www.immobilienbusiness.ch\\\/de\\\/personalia\\\/2023-05-26\\\/vebego-coo-giuseppe-santagada-wird-ceo-der-erne-gruppe\\\/\"},\"author\":{\"name\":\"Alexander Wachter\",\"@id\":\"https:\\\/\\\/www.immobilienbusiness.ch\\\/#\\\/schema\\\/person\\\/aba8bea2db926aa0c24c08c43fe1fcd5\"},\"headline\":\"Vebego-COO Giuseppe Santagada wird CEO der Erne Gruppe\",\"datePublished\":\"2023-05-26T05:30:23+00:00\",\"dateModified\":\"2023-06-22T14:42:54+00:00\",\"mainEntityOfPage\":{\"@id\":\"https:\\\/\\\/www.immobilienbusiness.ch\\\/de\\\/personalia\\\/2023-05-26\\\/vebego-coo-giuseppe-santagada-wird-ceo-der-erne-gruppe\\\/\"},\"wordCount\":149,\"publisher\":{\"@id\":\"https:\\\/\\\/www.immobilienbusiness.ch\\\/#organization\"},\"image\":{\"@id\":\"https:\\\/\\\/www.immobilienbusiness.ch\\\/de\\\/personalia\\\/2023-05-26\\\/vebego-coo-giuseppe-santagada-wird-ceo-der-erne-gruppe\\\/#primaryimage\"},\"thumbnailUrl\":\"https:\\\/\\\/www.immobilienbusiness.ch\\\/wp-content\\\/uploads\\\/2023\\\/05\\\/Santagada.png\",\"keywords\":[\"Erne Gruppe\",\"Personalia\",\"Vebego\"],\"articleSection\":[\"PERSONALIA\"],\"inLanguage\":\"fr-FR\"},{\"@type\":\"WebPage\",\"@id\":\"https:\\\/\\\/www.immobilienbusiness.ch\\\/de\\\/personalia\\\/2023-05-26\\\/vebego-coo-giuseppe-santagada-wird-ceo-der-erne-gruppe\\\/\",\"url\":\"https:\\\/\\\/www.immobilienbusiness.ch\\\/de\\\/personalia\\\/2023-05-26\\\/vebego-coo-giuseppe-santagada-wird-ceo-der-erne-gruppe\\\/\",\"name\":\"Vebego-COO Giuseppe Santagada wird CEO der Erne Gruppe - IMMOBILIEN Business\",\"isPartOf\":{\"@id\":\"https:\\\/\\\/www.immobilienbusiness.ch\\\/#website\"},\"primaryImageOfPage\":{\"@id\":\"https:\\\/\\\/www.immobilienbusiness.ch\\\/de\\\/personalia\\\/2023-05-26\\\/vebego-coo-giuseppe-santagada-wird-ceo-der-erne-gruppe\\\/#primaryimage\"},\"image\":{\"@id\":\"https:\\\/\\\/www.immobilienbusiness.ch\\\/de\\\/personalia\\\/2023-05-26\\\/vebego-coo-giuseppe-santagada-wird-ceo-der-erne-gruppe\\\/#primaryimage\"},\"thumbnailUrl\":\"https:\\\/\\\/www.immobilienbusiness.ch\\\/wp-content\\\/uploads\\\/2023\\\/05\\\/Santagada.png\",\"datePublished\":\"2023-05-26T05:30:23+00:00\",\"dateModified\":\"2023-06-22T14:42:54+00:00\",\"description\":\"Giuseppe Santagada, Group COO und Delegierter des Verwaltungsrates der Vebego Aktivit\u00e4ten in der Schweiz, Deutschland und in \u00d6sterreich, \u00fcbernimmt Anfang 2024 die Rolle des CEO der Erne Gruppe.\",\"breadcrumb\":{\"@id\":\"https:\\\/\\\/www.immobilienbusiness.ch\\\/de\\\/personalia\\\/2023-05-26\\\/vebego-coo-giuseppe-santagada-wird-ceo-der-erne-gruppe\\\/#breadcrumb\"},\"inLanguage\":\"fr-FR\",\"potentialAction\":[{\"@type\":\"ReadAction\",\"target\":[\"https:\\\/\\\/www.immobilienbusiness.ch\\\/de\\\/personalia\\\/2023-05-26\\\/vebego-coo-giuseppe-santagada-wird-ceo-der-erne-gruppe\\\/\"]}]},{\"@type\":\"ImageObject\",\"inLanguage\":\"fr-FR\",\"@id\":\"https:\\\/\\\/www.immobilienbusiness.ch\\\/de\\\/personalia\\\/2023-05-26\\\/vebego-coo-giuseppe-santagada-wird-ceo-der-erne-gruppe\\\/#primaryimage\",\"url\":\"https:\\\/\\\/www.immobilienbusiness.ch\\\/wp-content\\\/uploads\\\/2023\\\/05\\\/Santagada.png\",\"contentUrl\":\"https:\\\/\\\/www.immobilienbusiness.ch\\\/wp-content\\\/uploads\\\/2023\\\/05\\\/Santagada.png\",\"width\":694,\"height\":543,\"caption\":\"Giuseppe Santagada (Bild: Erne Gruppe)\"},{\"@type\":\"BreadcrumbList\",\"@id\":\"https:\\\/\\\/www.immobilienbusiness.ch\\\/de\\\/personalia\\\/2023-05-26\\\/vebego-coo-giuseppe-santagada-wird-ceo-der-erne-gruppe\\\/#breadcrumb\",\"itemListElement\":[{\"@type\":\"ListItem\",\"position\":1,\"name\":\"Home\",\"item\":\"https:\\\/\\\/www.immobilienbusiness.ch\\\/\"},{\"@type\":\"ListItem\",\"position\":2,\"name\":\"Vebego-COO Giuseppe Santagada wird CEO der Erne Gruppe\"}]},{\"@type\":\"WebSite\",\"@id\":\"https:\\\/\\\/www.immobilienbusiness.ch\\\/#website\",\"url\":\"https:\\\/\\\/www.immobilienbusiness.ch\\\/\",\"name\":\"IMMOBILIEN Business\",\"description\":\"Unabh\u00e4ngiges Schweizer Wirtschaftsmagazin mit Fokus auf Immobilien, Architektur- und Bau sowie Investment- und Finanzierung.\",\"publisher\":{\"@id\":\"https:\\\/\\\/www.immobilienbusiness.ch\\\/#organization\"},\"potentialAction\":[{\"@type\":\"SearchAction\",\"target\":{\"@type\":\"EntryPoint\",\"urlTemplate\":\"https:\\\/\\\/www.immobilienbusiness.ch\\\/?s={search_term_string}\"},\"query-input\":{\"@type\":\"PropertyValueSpecification\",\"valueRequired\":true,\"valueName\":\"search_term_string\"}}],\"inLanguage\":\"fr-FR\"},{\"@type\":\"Organization\",\"@id\":\"https:\\\/\\\/www.immobilienbusiness.ch\\\/#organization\",\"name\":\"IMMOBILIEN Business\",\"url\":\"https:\\\/\\\/www.immobilienbusiness.ch\\\/\",\"logo\":{\"@type\":\"ImageObject\",\"inLanguage\":\"fr-FR\",\"@id\":\"https:\\\/\\\/www.immobilienbusiness.ch\\\/#\\\/schema\\\/logo\\\/image\\\/\",\"url\":\"https:\\\/\\\/www.immobilienbusiness.ch\\\/wp-content\\\/uploads\\\/2021\\\/07\\\/logo_ib.png\",\"contentUrl\":\"https:\\\/\\\/www.immobilienbusiness.ch\\\/wp-content\\\/uploads\\\/2021\\\/07\\\/logo_ib.png\",\"width\":800,\"height\":181,\"caption\":\"IMMOBILIEN Business\"},\"image\":{\"@id\":\"https:\\\/\\\/www.immobilienbusiness.ch\\\/#\\\/schema\\\/logo\\\/image\\\/\"},\"sameAs\":[\"https:\\\/\\\/www.facebook.com\\\/immobilienbusiness\\\/\"]},{\"@type\":\"Person\",\"@id\":\"https:\\\/\\\/www.immobilienbusiness.ch\\\/#\\\/schema\\\/person\\\/aba8bea2db926aa0c24c08c43fe1fcd5\",\"name\":\"Alexander Wachter\",\"image\":{\"@type\":\"ImageObject\",\"inLanguage\":\"fr-FR\",\"@id\":\"https:\\\/\\\/secure.gravatar.com\\\/avatar\\\/1a09e471f5389b0e0a6416eac287e0927c7c97a7b77f9e787eba3af7aee281dd?s=96&d=mm&r=g\",\"url\":\"https:\\\/\\\/secure.gravatar.com\\\/avatar\\\/1a09e471f5389b0e0a6416eac287e0927c7c97a7b77f9e787eba3af7aee281dd?s=96&d=mm&r=g\",\"contentUrl\":\"https:\\\/\\\/secure.gravatar.com\\\/avatar\\\/1a09e471f5389b0e0a6416eac287e0927c7c97a7b77f9e787eba3af7aee281dd?s=96&d=mm&r=g\",\"caption\":\"Alexander Wachter\"},\"url\":\"https:\\\/\\\/www.immobilienbusiness.ch\\\/fr\\\/author\\\/alexander-wachter\\\/\"}]}<\/script>\n<!-- \/ Yoast SEO plugin. -->","yoast_head_json":{"title":"Vebego-COO Giuseppe Santagada wird CEO der Erne Gruppe - IMMOBILIEN Business","description":"Giuseppe Santagada, Group COO und Delegierter des Verwaltungsrates der Vebego Aktivit\u00e4ten in der Schweiz, Deutschland und in \u00d6sterreich, \u00fcbernimmt Anfang 2024 die Rolle des CEO der Erne Gruppe.","robots":{"index":"index","follow":"follow","max-snippet":"max-snippet:-1","max-image-preview":"max-image-preview:large","max-video-preview":"max-video-preview:-1"},"canonical":"https:\/\/www.immobilienbusiness.ch\/fr\/personalia\/2023-05-26\/vebego-coo-giuseppe-santagada-wird-ceo-der-erne-gruppe\/","og_locale":"fr_FR","og_type":"article","og_title":"Vebego-COO Giuseppe Santagada wird CEO der Erne Gruppe - IMMOBILIEN Business","og_description":"Giuseppe Santagada, Group COO und Delegierter des Verwaltungsrates der Vebego Aktivit\u00e4ten in der Schweiz, Deutschland und in \u00d6sterreich, \u00fcbernimmt Anfang 2024 die Rolle des CEO der Erne Gruppe.","og_url":"https:\/\/www.immobilienbusiness.ch\/fr\/personalia\/2023-05-26\/vebego-coo-giuseppe-santagada-wird-ceo-der-erne-gruppe\/","og_site_name":"IMMOBILIEN Business","article_publisher":"https:\/\/www.facebook.com\/immobilienbusiness\/","article_published_time":"2023-05-26T05:30:23+00:00","article_modified_time":"2023-06-22T14:42:54+00:00","og_image":[{"width":694,"height":543,"url":"https:\/\/www.immobilienbusiness.ch\/wp-content\/uploads\/2023\/05\/Santagada.png","type":"image\/png"}],"author":"Alexander Wachter","twitter_card":"summary_large_image","schema":{"@context":"https:\/\/schema.org","@graph":[{"@type":"Article","@id":"https:\/\/www.immobilienbusiness.ch\/de\/personalia\/2023-05-26\/vebego-coo-giuseppe-santagada-wird-ceo-der-erne-gruppe\/#article","isPartOf":{"@id":"https:\/\/www.immobilienbusiness.ch\/de\/personalia\/2023-05-26\/vebego-coo-giuseppe-santagada-wird-ceo-der-erne-gruppe\/"},"author":{"name":"Alexander Wachter","@id":"https:\/\/www.immobilienbusiness.ch\/#\/schema\/person\/aba8bea2db926aa0c24c08c43fe1fcd5"},"headline":"Vebego-COO Giuseppe Santagada wird CEO der Erne Gruppe","datePublished":"2023-05-26T05:30:23+00:00","dateModified":"2023-06-22T14:42:54+00:00","mainEntityOfPage":{"@id":"https:\/\/www.immobilienbusiness.ch\/de\/personalia\/2023-05-26\/vebego-coo-giuseppe-santagada-wird-ceo-der-erne-gruppe\/"},"wordCount":149,"publisher":{"@id":"https:\/\/www.immobilienbusiness.ch\/#organization"},"image":{"@id":"https:\/\/www.immobilienbusiness.ch\/de\/personalia\/2023-05-26\/vebego-coo-giuseppe-santagada-wird-ceo-der-erne-gruppe\/#primaryimage"},"thumbnailUrl":"https:\/\/www.immobilienbusiness.ch\/wp-content\/uploads\/2023\/05\/Santagada.png","keywords":["Erne Gruppe","Personalia","Vebego"],"articleSection":["PERSONALIA"],"inLanguage":"fr-FR"},{"@type":"WebPage","@id":"https:\/\/www.immobilienbusiness.ch\/de\/personalia\/2023-05-26\/vebego-coo-giuseppe-santagada-wird-ceo-der-erne-gruppe\/","url":"https:\/\/www.immobilienbusiness.ch\/de\/personalia\/2023-05-26\/vebego-coo-giuseppe-santagada-wird-ceo-der-erne-gruppe\/","name":"Vebego-COO Giuseppe Santagada wird CEO der Erne Gruppe - IMMOBILIEN Business","isPartOf":{"@id":"https:\/\/www.immobilienbusiness.ch\/#website"},"primaryImageOfPage":{"@id":"https:\/\/www.immobilienbusiness.ch\/de\/personalia\/2023-05-26\/vebego-coo-giuseppe-santagada-wird-ceo-der-erne-gruppe\/#primaryimage"},"image":{"@id":"https:\/\/www.immobilienbusiness.ch\/de\/personalia\/2023-05-26\/vebego-coo-giuseppe-santagada-wird-ceo-der-erne-gruppe\/#primaryimage"},"thumbnailUrl":"https:\/\/www.immobilienbusiness.ch\/wp-content\/uploads\/2023\/05\/Santagada.png","datePublished":"2023-05-26T05:30:23+00:00","dateModified":"2023-06-22T14:42:54+00:00","description":"Giuseppe Santagada, Group COO und Delegierter des Verwaltungsrates der Vebego Aktivit\u00e4ten in der Schweiz, Deutschland und in \u00d6sterreich, \u00fcbernimmt Anfang 2024 die Rolle des CEO der Erne Gruppe.","breadcrumb":{"@id":"https:\/\/www.immobilienbusiness.ch\/de\/personalia\/2023-05-26\/vebego-coo-giuseppe-santagada-wird-ceo-der-erne-gruppe\/#breadcrumb"},"inLanguage":"fr-FR","potentialAction":[{"@type":"ReadAction","target":["https:\/\/www.immobilienbusiness.ch\/de\/personalia\/2023-05-26\/vebego-coo-giuseppe-santagada-wird-ceo-der-erne-gruppe\/"]}]},{"@type":"ImageObject","inLanguage":"fr-FR","@id":"https:\/\/www.immobilienbusiness.ch\/de\/personalia\/2023-05-26\/vebego-coo-giuseppe-santagada-wird-ceo-der-erne-gruppe\/#primaryimage","url":"https:\/\/www.immobilienbusiness.ch\/wp-content\/uploads\/2023\/05\/Santagada.png","contentUrl":"https:\/\/www.immobilienbusiness.ch\/wp-content\/uploads\/2023\/05\/Santagada.png","width":694,"height":543,"caption":"Giuseppe Santagada (Bild: Erne Gruppe)"},{"@type":"BreadcrumbList","@id":"https:\/\/www.immobilienbusiness.ch\/de\/personalia\/2023-05-26\/vebego-coo-giuseppe-santagada-wird-ceo-der-erne-gruppe\/#breadcrumb","itemListElement":[{"@type":"ListItem","position":1,"name":"Home","item":"https:\/\/www.immobilienbusiness.ch\/"},{"@type":"ListItem","position":2,"name":"Vebego-COO Giuseppe Santagada wird CEO der Erne Gruppe"}]},{"@type":"WebSite","@id":"https:\/\/www.immobilienbusiness.ch\/#website","url":"https:\/\/www.immobilienbusiness.ch\/","name":"IMMOBILIER Business","description":"Magazine \u00e9conomique suisse ind\u00e9pendant ax\u00e9 sur l'immobilier, l'architecture et la construction ainsi que sur les investissements et le financement.","publisher":{"@id":"https:\/\/www.immobilienbusiness.ch\/#organization"},"potentialAction":[{"@type":"SearchAction","target":{"@type":"EntryPoint","urlTemplate":"https:\/\/www.immobilienbusiness.ch\/?s={search_term_string}"},"query-input":{"@type":"PropertyValueSpecification","valueRequired":true,"valueName":"search_term_string"}}],"inLanguage":"fr-FR"},{"@type":"Organization","@id":"https:\/\/www.immobilienbusiness.ch\/#organization","name":"IMMOBILIER Business","url":"https:\/\/www.immobilienbusiness.ch\/","logo":{"@type":"ImageObject","inLanguage":"fr-FR","@id":"https:\/\/www.immobilienbusiness.ch\/#\/schema\/logo\/image\/","url":"https:\/\/www.immobilienbusiness.ch\/wp-content\/uploads\/2021\/07\/logo_ib.png","contentUrl":"https:\/\/www.immobilienbusiness.ch\/wp-content\/uploads\/2021\/07\/logo_ib.png","width":800,"height":181,"caption":"IMMOBILIEN Business"},"image":{"@id":"https:\/\/www.immobilienbusiness.ch\/#\/schema\/logo\/image\/"},"sameAs":["https:\/\/www.facebook.com\/immobilienbusiness\/"]},{"@type":"Person","@id":"https:\/\/www.immobilienbusiness.ch\/#\/schema\/person\/aba8bea2db926aa0c24c08c43fe1fcd5","name":"Alexander Wachter","image":{"@type":"ImageObject","inLanguage":"fr-FR","@id":"https:\/\/secure.gravatar.com\/avatar\/1a09e471f5389b0e0a6416eac287e0927c7c97a7b77f9e787eba3af7aee281dd?s=96&d=mm&r=g","url":"https:\/\/secure.gravatar.com\/avatar\/1a09e471f5389b0e0a6416eac287e0927c7c97a7b77f9e787eba3af7aee281dd?s=96&d=mm&r=g","contentUrl":"https:\/\/secure.gravatar.com\/avatar\/1a09e471f5389b0e0a6416eac287e0927c7c97a7b77f9e787eba3af7aee281dd?s=96&d=mm&r=g","caption":"Alexander Wachter"},"url":"https:\/\/www.immobilienbusiness.ch\/fr\/author\/alexander-wachter\/"}]}},"_links":{"self":[{"href":"https:\/\/www.immobilienbusiness.ch\/fr\/wp-json\/wp\/v2\/posts\/47149","targetHints":{"allow":["GET"]}}],"collection":[{"href":"https:\/\/www.immobilienbusiness.ch\/fr\/wp-json\/wp\/v2\/posts"}],"about":[{"href":"https:\/\/www.immobilienbusiness.ch\/fr\/wp-json\/wp\/v2\/types\/post"}],"author":[{"embeddable":true,"href":"https:\/\/www.immobilienbusiness.ch\/fr\/wp-json\/wp\/v2\/users\/102"}],"replies":[{"embeddable":true,"href":"https:\/\/www.immobilienbusiness.ch\/fr\/wp-json\/wp\/v2\/comments?post=47149"}],"version-history":[{"count":5,"href":"https:\/\/www.immobilienbusiness.ch\/fr\/wp-json\/wp\/v2\/posts\/47149\/revisions"}],"predecessor-version":[{"id":47560,"href":"https:\/\/www.immobilienbusiness.ch\/fr\/wp-json\/wp\/v2\/posts\/47149\/revisions\/47560"}],"wp:featuredmedia":[{"embeddable":true,"href":"https:\/\/www.immobilienbusiness.ch\/fr\/wp-json\/wp\/v2\/media\/47151"}],"wp:attachment":[{"href":"https:\/\/www.immobilienbusiness.ch\/fr\/wp-json\/wp\/v2\/media?parent=47149"}],"wp:term":[{"taxonomy":"category","embeddable":true,"href":"https:\/\/www.immobilienbusiness.ch\/fr\/wp-json\/wp\/v2\/categories?post=47149"},{"taxonomy":"post_tag","embeddable":true,"href":"https:\/\/www.immobilienbusiness.ch\/fr\/wp-json\/wp\/v2\/tags?post=47149"}],"curies":[{"name":"wp","href":"https:\/\/api.w.org\/{rel}","templated":true}]}}